{"id":5427,"date":"2020-11-30T00:13:58","date_gmt":"2020-11-29T21:13:58","guid":{"rendered":"https:\/\/favorite-news.com\/pl\/byla-czlonkini-zarzadu-synergica-chce-jego-upadlosci-spolka-zawnioskowala-o-restrukturyzacje\/"},"modified":"2020-11-30T00:14:01","modified_gmt":"2020-11-29T21:14:01","slug":"byla-czlonkini-zarzadu-synergica-chce-jego-upadlosci-spolka-zawnioskowala-o-restrukturyzacje","status":"publish","type":"post","link":"https:\/\/favorite-news.com\/pl\/byla-czlonkini-zarzadu-synergica-chce-jego-upadlosci-spolka-zawnioskowala-o-restrukturyzacje\/","title":{"rendered":"By\u0142a cz\u0142onkini zarz\u0105du Synergica chce jego upad\u0142o\u015bci, sp\u00f3\u0142ka zawnioskowa\u0142a o restrukturyzacj\u0119"},"content":{"rendered":"<p>O wniosku Joanny Hutnik dotycz\u0105cym post\u0119powania upad\u0142o\u015bciowego Synergica poinformowa\u0142 notowany na gie\u0142dzie fundusz Larq, kt\u00f3ry poprzez sp\u00f3\u0142k\u0119 zale\u017cn\u0105 ma 100 proc. akcji tej firmy. Zaznaczy\u0142, \u017ce Hutnik jest wierzycielem Synergica.&#13;<br \/>\n&#13;<br \/>\nLarq stwierdzi\u0142, \u017ce \u201enie mo\u017ce zaj\u0105\u0107 stanowiska w przedmiocie spe\u0142nienia formalnych i merytorycznych przes\u0142anek, wymaganych w odniesieniu do wniosku tego wierzyciela o og\u0142oszenie upad\u0142o\u015bci, z uwagi na dotychczasowe nieotrzymanie jakiejkolwiek korespondencji s\u0105dowej w odno\u015bnym zakresie\u201d.&#13;<br \/>\n&#13;<br \/>\nJoanna Hutnik od wrze\u015bnia 2014 roku by\u0142a wiceprezesem Synergic, odesz\u0142a z firmy w sierpniu br., w zarz\u0105dzie zast\u0105pili j\u0105 Pawe\u0142 Or\u0142owski jako prezes oraz Wojciech Byj jako wiceprezes ds. finansowych.&#13;<br \/>\n&#13;<br \/>\nSynergic chce restrukturyzacji&#13;<br \/>\n&#13;<br \/>\nW komunikacie Larq podano, \u017ce Synergic chce, \u017ceby otwarto wobec niego post\u0119powanie restrukturyzacyjne. Pod koniec sierpnia sp\u00f3\u0142ka zawar\u0142a z doradc\u0105 restrukturyzacyjnym umow\u0119 o sprawowanie nadzoru nad przebiegiem post\u0119powania z osob\u0105 pe\u0142ni\u0105c\u0105 funkcj\u0119 nadzorcy uk\u0142adu oraz z\u0142o\u017cy\u0142a wniosek do Monitora S\u0105dowego i Gospodarczego o obwieszczenie otwarcia post\u0119powania restrukturyzacyjnego.&#13;<br \/>\n&#13;<br \/>\n&#13;<br \/>\n\t\t\t&#8211; Otwarcie post\u0119powania o zatwierdzenie uk\u0142adu nast\u0105pi w dniu dokonania obwieszczenia w MSiG &#8211; zaznaczono.&#13;<br \/>\n&#13;<br \/>\nNextbike ko\u0144czy wsp\u00f3\u0142prac\u0119 z Synergic&#13;<br \/>\n&#13;<br \/>\nNa pocz\u0105tku pa\u017adziernika Nextbike Polska, operator system\u00f3w rower\u00f3w miejskich przekaza\u0142 Synergicowi o\u015bwiadczenie, \u017ce nie zamierza kontynuowa\u0107 wsp\u00f3\u0142pracy w przysz\u0142ym roku. Nie uzasadni\u0142 tej decyzji.&#13;<br \/>\n&#13;<br \/>\nW czerwcu Nextbike zacz\u0105\u0142 przyspieszone post\u0119powanie uk\u0142adowe, w sierpniu do jego zarz\u0105du do\u0142\u0105czyli Tomasz Wojtkiewicz (jako prezes) i Konrad Kowalczuk.&#13;<br \/>\n&#13;<br \/>\nW drugim kwartale br. przychody Nextbike Polska zmala\u0142y rok do roku o 44 proc. do 15,17 mln z\u0142, a jego strata netto pog\u0142\u0119bi\u0142a si\u0119 z 2,54 do 6,35 mln z\u0142. Wyniki sp\u00f3\u0142ki pogorszy\u0142y si\u0119 m.in. wskutek zakazu korzystania z rower\u00f3w miejskich obowi\u0105zuj\u0105cego od 1 kwietnia do 5 maja. Na koniec czerwca Nextbike mia\u0142 20,6 tys. rower\u00f3w, o 3,3 tys. mniej ni\u017c rok wcze\u015bniej. W zesz\u0142ym kwartale 79 proc. jego wp\u0142yw\u00f3w pochodzi\u0142o z um\u00f3w z miastami, a 21 proc. ze \u017ar\u00f3de\u0142 prywatnych (g\u0142\u00f3wnie op\u0142at od wypo\u017cyczaj\u0105cych i reklam na rowerach), natomiast rok wcze\u015bniej by\u0142o to odpowiednio 81 i 19 proc.&#13;<br \/>\n&#13;<br \/>\nSynergic ze strat\u0105 i bez dw\u00f3ch trzecich wp\u0142yw\u00f3w&#13;<br \/>\n&#13;<br \/>\nWyniki finansowe firmy Synergic s\u0105 podawane w sprawozdaniach finansowych notowanego na gie\u0142dzie funduszu Larq. W trzech kwarta\u0142ach br. przychody sp\u00f3\u0142ki zmala\u0142y z 35,6 do 12 mln z\u0142, wynik EBITDA &#8211; z 6,4 mln z\u0142 zysku do 0,7 mln z\u0142 straty, natomiast wynik netto &#8211; z 4,4 mln z\u0142 zysku do 3,2 mln z\u0142 straty (bez uwzgl\u0119dnienia transakcji w ramach grupy kapita\u0142owej Larq).&#13;<br \/>\n&#13;<br \/>\nZ kolei zad\u0142u\u017cenie netto Synergic zwi\u0119kszy\u0142o si\u0119 z 5,5 do 5,9 mln z\u0142.&#13;<br \/>\n&#13;<br \/>\nCa\u0142a grupa Larq &#8211; do kt\u00f3rej nale\u017c\u0105 te\u017c udzia\u0142y Nextbike Polska (41,9 proc.), Brand24 (28,9 proc.), Youlead (56,9 proc.) i Triggo (1,5 proc.) &#8211; w trzech kwarta\u0142ach br. mia\u0142a 38,15 mln z\u0142 straty netto, wobec 19 mln z\u0142 straty rok wcze\u015bniej.&#13;<br \/>\n&#13;<br \/>\nPrzes\u0105dzi\u0142o o tym pog\u0142\u0119bienie si\u0119 z 19,81 do 45,93 mln z\u0142 straty ze zbycia i przeszacowania aktyw\u00f3w finansowych (wycenianych wg warto\u015bci godziwej przez wynik finansowy). Natomiast wynik ze zbycia aktyw\u00f3w finansowych poszed\u0142 w g\u00f3r\u0119 z 92,7 tys. z\u0142 straty do 117,1 tys. z\u0142 zysku, a koszty og\u00f3lnego zarz\u0105du zmniejszy\u0142y si\u0119 z 3,37 do 1,93 mln z\u0142.&#13;<br \/>\n                            &#13;<br \/>\n&#13;<br \/>\n                            &#13;<br \/>\n                            &#13;<br \/>\n                                                            &#13;<br \/>\n&#13;<br \/>\n                            &#13;<\/p>\n<p>\n<!--noindex--><br \/>\n<a href=\"https:\/\/www.wirtualnemedia.pl\/artykul\/synergic-wniosek-o-upadlosc-i-restrukturyzacja-koniec-wspolpracy-z-nextbike\" rel=\"nofollow\">Source link <\/a><br \/>\n<!--\/noindex--><\/p>\n","protected":false},"excerpt":{"rendered":"<p>O wniosku Joanny Hutnik dotycz\u0105cym post\u0119powania upad\u0142o\u015bciowego Synergica poinformowa\u0142 notowany na gie\u0142dzie fundusz Larq, kt\u00f3ry poprzez sp\u00f3\u0142k\u0119 zale\u017cn\u0105 ma 100 proc. akcji tej firmy. Zaznaczy\u0142, \u017ce Hutnik jest wierzycielem Synergica.&#13; &#13; Larq stwierdzi\u0142, \u017ce \u201enie mo\u017ce zaj\u0105\u0107 stanowiska w przedmiocie spe\u0142nienia formalnych i merytorycznych przes\u0142anek, wymaganych w odniesieniu do wniosku tego wierzyciela o og\u0142oszenie upad\u0142o\u015bci, [&hellip;]<\/p>\n","protected":false},"author":2,"featured_media":5428,"comment_status":"open","ping_status":"open","sticky":false,"template":"","format":"standard","meta":{"footnotes":""},"categories":[2],"tags":[],"class_list":["post-5427","post","type-post","status-publish","format-standard","has-post-thumbnail","hentry","category-wiadomosci-marketingowe-internetowe"],"yoast_head":"<!-- This site is optimized with the Yoast SEO plugin v27.4 - https:\/\/yoast.com\/product\/yoast-seo-wordpress\/ -->\n<title>By\u0142a cz\u0142onkini zarz\u0105du Synergica chce jego upad\u0142o\u015bci, sp\u00f3\u0142ka zawnioskowa\u0142a o restrukturyzacj\u0119 - Favorite News<\/title>\n<meta name=\"robots\" content=\"index, follow, max-snippet:-1, max-image-preview:large, max-video-preview:-1\" \/>\n<link rel=\"canonical\" href=\"https:\/\/favorite-news.com\/pl\/byla-czlonkini-zarzadu-synergica-chce-jego-upadlosci-spolka-zawnioskowala-o-restrukturyzacje\/\" \/>\n<meta property=\"og:locale\" content=\"pl_PL\" \/>\n<meta property=\"og:type\" content=\"article\" \/>\n<meta property=\"og:title\" content=\"By\u0142a cz\u0142onkini zarz\u0105du Synergica chce jego upad\u0142o\u015bci, sp\u00f3\u0142ka zawnioskowa\u0142a o restrukturyzacj\u0119 - Favorite News\" \/>\n<meta property=\"og:description\" content=\"O wniosku Joanny Hutnik dotycz\u0105cym post\u0119powania upad\u0142o\u015bciowego Synergica poinformowa\u0142 notowany na gie\u0142dzie fundusz Larq, kt\u00f3ry poprzez sp\u00f3\u0142k\u0119 zale\u017cn\u0105 ma 100 proc. akcji tej firmy. Zaznaczy\u0142, \u017ce Hutnik jest wierzycielem Synergica.&#013; &#013; Larq stwierdzi\u0142, \u017ce \u201enie mo\u017ce zaj\u0105\u0107 stanowiska w przedmiocie spe\u0142nienia formalnych i merytorycznych przes\u0142anek, wymaganych w odniesieniu do wniosku tego wierzyciela o og\u0142oszenie upad\u0142o\u015bci, [&hellip;]\" \/>\n<meta property=\"og:url\" content=\"https:\/\/favorite-news.com\/pl\/byla-czlonkini-zarzadu-synergica-chce-jego-upadlosci-spolka-zawnioskowala-o-restrukturyzacje\/\" \/>\n<meta property=\"og:site_name\" content=\"Favorite News\" \/>\n<meta property=\"article:published_time\" content=\"2020-11-29T21:13:58+00:00\" \/>\n<meta property=\"article:modified_time\" content=\"2020-11-29T21:14:01+00:00\" \/>\n<meta property=\"og:image\" content=\"https:\/\/favorite-news.com\/pl\/wp-content\/uploads\/sites\/6\/2020\/11\/Byla-czlonkini-zarzadu-Synergica-chce-jego-upadlosci-spolka-zawnioskowala-o.png\" \/>\n\t<meta property=\"og:image:width\" content=\"655\" \/>\n\t<meta property=\"og:image:height\" content=\"447\" \/>\n\t<meta property=\"og:image:type\" content=\"image\/png\" \/>\n<meta name=\"author\" content=\"favorite-news\" \/>\n<meta name=\"twitter:card\" content=\"summary_large_image\" \/>\n<meta name=\"twitter:label1\" content=\"Napisane przez\" \/>\n\t<meta name=\"twitter:data1\" content=\"favorite-news\" \/>\n\t<meta name=\"twitter:label2\" content=\"Szacowany czas czytania\" \/>\n\t<meta name=\"twitter:data2\" content=\"3 minuty\" \/>\n<script type=\"application\/ld+json\" class=\"yoast-schema-graph\">{\"@context\":\"https:\\\/\\\/schema.org\",\"@graph\":[{\"@type\":\"Article\",\"@id\":\"https:\\\/\\\/favorite-news.com\\\/pl\\\/byla-czlonkini-zarzadu-synergica-chce-jego-upadlosci-spolka-zawnioskowala-o-restrukturyzacje\\\/#article\",\"isPartOf\":{\"@id\":\"https:\\\/\\\/favorite-news.com\\\/pl\\\/byla-czlonkini-zarzadu-synergica-chce-jego-upadlosci-spolka-zawnioskowala-o-restrukturyzacje\\\/\"},\"author\":{\"name\":\"favorite-news\",\"@id\":\"https:\\\/\\\/favorite-news.com\\\/pl\\\/#\\\/schema\\\/person\\\/b91573b717dcfa5e4696032a9d28d3e8\"},\"headline\":\"By\u0142a cz\u0142onkini zarz\u0105du Synergica chce jego upad\u0142o\u015bci, sp\u00f3\u0142ka zawnioskowa\u0142a o restrukturyzacj\u0119\",\"datePublished\":\"2020-11-29T21:13:58+00:00\",\"dateModified\":\"2020-11-29T21:14:01+00:00\",\"mainEntityOfPage\":{\"@id\":\"https:\\\/\\\/favorite-news.com\\\/pl\\\/byla-czlonkini-zarzadu-synergica-chce-jego-upadlosci-spolka-zawnioskowala-o-restrukturyzacje\\\/\"},\"wordCount\":576,\"commentCount\":0,\"image\":{\"@id\":\"https:\\\/\\\/favorite-news.com\\\/pl\\\/byla-czlonkini-zarzadu-synergica-chce-jego-upadlosci-spolka-zawnioskowala-o-restrukturyzacje\\\/#primaryimage\"},\"thumbnailUrl\":\"https:\\\/\\\/favorite-news.com\\\/pl\\\/wp-content\\\/uploads\\\/sites\\\/6\\\/2020\\\/11\\\/Byla-czlonkini-zarzadu-Synergica-chce-jego-upadlosci-spolka-zawnioskowala-o.png\",\"articleSection\":[\"WIADOMO\u015aCI MARKETINGOWE INTERNETOWE\"],\"inLanguage\":\"pl-PL\",\"potentialAction\":[{\"@type\":\"CommentAction\",\"name\":\"Comment\",\"target\":[\"https:\\\/\\\/favorite-news.com\\\/pl\\\/byla-czlonkini-zarzadu-synergica-chce-jego-upadlosci-spolka-zawnioskowala-o-restrukturyzacje\\\/#respond\"]}]},{\"@type\":\"WebPage\",\"@id\":\"https:\\\/\\\/favorite-news.com\\\/pl\\\/byla-czlonkini-zarzadu-synergica-chce-jego-upadlosci-spolka-zawnioskowala-o-restrukturyzacje\\\/\",\"url\":\"https:\\\/\\\/favorite-news.com\\\/pl\\\/byla-czlonkini-zarzadu-synergica-chce-jego-upadlosci-spolka-zawnioskowala-o-restrukturyzacje\\\/\",\"name\":\"By\u0142a cz\u0142onkini zarz\u0105du Synergica chce jego upad\u0142o\u015bci, sp\u00f3\u0142ka zawnioskowa\u0142a o restrukturyzacj\u0119 - Favorite News\",\"isPartOf\":{\"@id\":\"https:\\\/\\\/favorite-news.com\\\/pl\\\/#website\"},\"primaryImageOfPage\":{\"@id\":\"https:\\\/\\\/favorite-news.com\\\/pl\\\/byla-czlonkini-zarzadu-synergica-chce-jego-upadlosci-spolka-zawnioskowala-o-restrukturyzacje\\\/#primaryimage\"},\"image\":{\"@id\":\"https:\\\/\\\/favorite-news.com\\\/pl\\\/byla-czlonkini-zarzadu-synergica-chce-jego-upadlosci-spolka-zawnioskowala-o-restrukturyzacje\\\/#primaryimage\"},\"thumbnailUrl\":\"https:\\\/\\\/favorite-news.com\\\/pl\\\/wp-content\\\/uploads\\\/sites\\\/6\\\/2020\\\/11\\\/Byla-czlonkini-zarzadu-Synergica-chce-jego-upadlosci-spolka-zawnioskowala-o.png\",\"datePublished\":\"2020-11-29T21:13:58+00:00\",\"dateModified\":\"2020-11-29T21:14:01+00:00\",\"author\":{\"@id\":\"https:\\\/\\\/favorite-news.com\\\/pl\\\/#\\\/schema\\\/person\\\/b91573b717dcfa5e4696032a9d28d3e8\"},\"breadcrumb\":{\"@id\":\"https:\\\/\\\/favorite-news.com\\\/pl\\\/byla-czlonkini-zarzadu-synergica-chce-jego-upadlosci-spolka-zawnioskowala-o-restrukturyzacje\\\/#breadcrumb\"},\"inLanguage\":\"pl-PL\",\"potentialAction\":[{\"@type\":\"ReadAction\",\"target\":[\"https:\\\/\\\/favorite-news.com\\\/pl\\\/byla-czlonkini-zarzadu-synergica-chce-jego-upadlosci-spolka-zawnioskowala-o-restrukturyzacje\\\/\"]}]},{\"@type\":\"ImageObject\",\"inLanguage\":\"pl-PL\",\"@id\":\"https:\\\/\\\/favorite-news.com\\\/pl\\\/byla-czlonkini-zarzadu-synergica-chce-jego-upadlosci-spolka-zawnioskowala-o-restrukturyzacje\\\/#primaryimage\",\"url\":\"https:\\\/\\\/favorite-news.com\\\/pl\\\/wp-content\\\/uploads\\\/sites\\\/6\\\/2020\\\/11\\\/Byla-czlonkini-zarzadu-Synergica-chce-jego-upadlosci-spolka-zawnioskowala-o.png\",\"contentUrl\":\"https:\\\/\\\/favorite-news.com\\\/pl\\\/wp-content\\\/uploads\\\/sites\\\/6\\\/2020\\\/11\\\/Byla-czlonkini-zarzadu-Synergica-chce-jego-upadlosci-spolka-zawnioskowala-o.png\",\"width\":655,\"height\":447,\"caption\":\"Article\"},{\"@type\":\"BreadcrumbList\",\"@id\":\"https:\\\/\\\/favorite-news.com\\\/pl\\\/byla-czlonkini-zarzadu-synergica-chce-jego-upadlosci-spolka-zawnioskowala-o-restrukturyzacje\\\/#breadcrumb\",\"itemListElement\":[{\"@type\":\"ListItem\",\"position\":1,\"name\":\"Home\",\"item\":\"https:\\\/\\\/favorite-news.com\\\/pl\\\/\"},{\"@type\":\"ListItem\",\"position\":2,\"name\":\"By\u0142a cz\u0142onkini zarz\u0105du Synergica chce jego upad\u0142o\u015bci, sp\u00f3\u0142ka zawnioskowa\u0142a o restrukturyzacj\u0119\"}]},{\"@type\":\"WebSite\",\"@id\":\"https:\\\/\\\/favorite-news.com\\\/pl\\\/#website\",\"url\":\"https:\\\/\\\/favorite-news.com\\\/pl\\\/\",\"name\":\"Favorite News\",\"description\":\"Favorite News Polska\",\"potentialAction\":[{\"@type\":\"SearchAction\",\"target\":{\"@type\":\"EntryPoint\",\"urlTemplate\":\"https:\\\/\\\/favorite-news.com\\\/pl\\\/?s={search_term_string}\"},\"query-input\":{\"@type\":\"PropertyValueSpecification\",\"valueRequired\":true,\"valueName\":\"search_term_string\"}}],\"inLanguage\":\"pl-PL\"},{\"@type\":\"Person\",\"@id\":\"https:\\\/\\\/favorite-news.com\\\/pl\\\/#\\\/schema\\\/person\\\/b91573b717dcfa5e4696032a9d28d3e8\",\"name\":\"favorite-news\",\"image\":{\"@type\":\"ImageObject\",\"inLanguage\":\"pl-PL\",\"@id\":\"https:\\\/\\\/secure.gravatar.com\\\/avatar\\\/6c5a5cb12b74e9d517ee91cf570335b7d16177f1977cc91db161adfa435945a7?s=96&d=mm&r=g\",\"url\":\"https:\\\/\\\/secure.gravatar.com\\\/avatar\\\/6c5a5cb12b74e9d517ee91cf570335b7d16177f1977cc91db161adfa435945a7?s=96&d=mm&r=g\",\"contentUrl\":\"https:\\\/\\\/secure.gravatar.com\\\/avatar\\\/6c5a5cb12b74e9d517ee91cf570335b7d16177f1977cc91db161adfa435945a7?s=96&d=mm&r=g\",\"caption\":\"favorite-news\"},\"url\":\"https:\\\/\\\/favorite-news.com\\\/pl\\\/author\\\/pt\\\/\"}]}<\/script>\n<!-- \/ Yoast SEO plugin. -->","yoast_head_json":{"title":"By\u0142a cz\u0142onkini zarz\u0105du Synergica chce jego upad\u0142o\u015bci, sp\u00f3\u0142ka zawnioskowa\u0142a o restrukturyzacj\u0119 - Favorite News","robots":{"index":"index","follow":"follow","max-snippet":"max-snippet:-1","max-image-preview":"max-image-preview:large","max-video-preview":"max-video-preview:-1"},"canonical":"https:\/\/favorite-news.com\/pl\/byla-czlonkini-zarzadu-synergica-chce-jego-upadlosci-spolka-zawnioskowala-o-restrukturyzacje\/","og_locale":"pl_PL","og_type":"article","og_title":"By\u0142a cz\u0142onkini zarz\u0105du Synergica chce jego upad\u0142o\u015bci, sp\u00f3\u0142ka zawnioskowa\u0142a o restrukturyzacj\u0119 - Favorite News","og_description":"O wniosku Joanny Hutnik dotycz\u0105cym post\u0119powania upad\u0142o\u015bciowego Synergica poinformowa\u0142 notowany na gie\u0142dzie fundusz Larq, kt\u00f3ry poprzez sp\u00f3\u0142k\u0119 zale\u017cn\u0105 ma 100 proc. akcji tej firmy. Zaznaczy\u0142, \u017ce Hutnik jest wierzycielem Synergica.&#13; &#13; Larq stwierdzi\u0142, \u017ce \u201enie mo\u017ce zaj\u0105\u0107 stanowiska w przedmiocie spe\u0142nienia formalnych i merytorycznych przes\u0142anek, wymaganych w odniesieniu do wniosku tego wierzyciela o og\u0142oszenie upad\u0142o\u015bci, [&hellip;]","og_url":"https:\/\/favorite-news.com\/pl\/byla-czlonkini-zarzadu-synergica-chce-jego-upadlosci-spolka-zawnioskowala-o-restrukturyzacje\/","og_site_name":"Favorite News","article_published_time":"2020-11-29T21:13:58+00:00","article_modified_time":"2020-11-29T21:14:01+00:00","og_image":[{"width":655,"height":447,"url":"https:\/\/favorite-news.com\/pl\/wp-content\/uploads\/sites\/6\/2020\/11\/Byla-czlonkini-zarzadu-Synergica-chce-jego-upadlosci-spolka-zawnioskowala-o.png","type":"image\/png"}],"author":"favorite-news","twitter_card":"summary_large_image","twitter_misc":{"Napisane przez":"favorite-news","Szacowany czas czytania":"3 minuty"},"schema":{"@context":"https:\/\/schema.org","@graph":[{"@type":"Article","@id":"https:\/\/favorite-news.com\/pl\/byla-czlonkini-zarzadu-synergica-chce-jego-upadlosci-spolka-zawnioskowala-o-restrukturyzacje\/#article","isPartOf":{"@id":"https:\/\/favorite-news.com\/pl\/byla-czlonkini-zarzadu-synergica-chce-jego-upadlosci-spolka-zawnioskowala-o-restrukturyzacje\/"},"author":{"name":"favorite-news","@id":"https:\/\/favorite-news.com\/pl\/#\/schema\/person\/b91573b717dcfa5e4696032a9d28d3e8"},"headline":"By\u0142a cz\u0142onkini zarz\u0105du Synergica chce jego upad\u0142o\u015bci, sp\u00f3\u0142ka zawnioskowa\u0142a o restrukturyzacj\u0119","datePublished":"2020-11-29T21:13:58+00:00","dateModified":"2020-11-29T21:14:01+00:00","mainEntityOfPage":{"@id":"https:\/\/favorite-news.com\/pl\/byla-czlonkini-zarzadu-synergica-chce-jego-upadlosci-spolka-zawnioskowala-o-restrukturyzacje\/"},"wordCount":576,"commentCount":0,"image":{"@id":"https:\/\/favorite-news.com\/pl\/byla-czlonkini-zarzadu-synergica-chce-jego-upadlosci-spolka-zawnioskowala-o-restrukturyzacje\/#primaryimage"},"thumbnailUrl":"https:\/\/favorite-news.com\/pl\/wp-content\/uploads\/sites\/6\/2020\/11\/Byla-czlonkini-zarzadu-Synergica-chce-jego-upadlosci-spolka-zawnioskowala-o.png","articleSection":["WIADOMO\u015aCI MARKETINGOWE INTERNETOWE"],"inLanguage":"pl-PL","potentialAction":[{"@type":"CommentAction","name":"Comment","target":["https:\/\/favorite-news.com\/pl\/byla-czlonkini-zarzadu-synergica-chce-jego-upadlosci-spolka-zawnioskowala-o-restrukturyzacje\/#respond"]}]},{"@type":"WebPage","@id":"https:\/\/favorite-news.com\/pl\/byla-czlonkini-zarzadu-synergica-chce-jego-upadlosci-spolka-zawnioskowala-o-restrukturyzacje\/","url":"https:\/\/favorite-news.com\/pl\/byla-czlonkini-zarzadu-synergica-chce-jego-upadlosci-spolka-zawnioskowala-o-restrukturyzacje\/","name":"By\u0142a cz\u0142onkini zarz\u0105du Synergica chce jego upad\u0142o\u015bci, sp\u00f3\u0142ka zawnioskowa\u0142a o restrukturyzacj\u0119 - Favorite News","isPartOf":{"@id":"https:\/\/favorite-news.com\/pl\/#website"},"primaryImageOfPage":{"@id":"https:\/\/favorite-news.com\/pl\/byla-czlonkini-zarzadu-synergica-chce-jego-upadlosci-spolka-zawnioskowala-o-restrukturyzacje\/#primaryimage"},"image":{"@id":"https:\/\/favorite-news.com\/pl\/byla-czlonkini-zarzadu-synergica-chce-jego-upadlosci-spolka-zawnioskowala-o-restrukturyzacje\/#primaryimage"},"thumbnailUrl":"https:\/\/favorite-news.com\/pl\/wp-content\/uploads\/sites\/6\/2020\/11\/Byla-czlonkini-zarzadu-Synergica-chce-jego-upadlosci-spolka-zawnioskowala-o.png","datePublished":"2020-11-29T21:13:58+00:00","dateModified":"2020-11-29T21:14:01+00:00","author":{"@id":"https:\/\/favorite-news.com\/pl\/#\/schema\/person\/b91573b717dcfa5e4696032a9d28d3e8"},"breadcrumb":{"@id":"https:\/\/favorite-news.com\/pl\/byla-czlonkini-zarzadu-synergica-chce-jego-upadlosci-spolka-zawnioskowala-o-restrukturyzacje\/#breadcrumb"},"inLanguage":"pl-PL","potentialAction":[{"@type":"ReadAction","target":["https:\/\/favorite-news.com\/pl\/byla-czlonkini-zarzadu-synergica-chce-jego-upadlosci-spolka-zawnioskowala-o-restrukturyzacje\/"]}]},{"@type":"ImageObject","inLanguage":"pl-PL","@id":"https:\/\/favorite-news.com\/pl\/byla-czlonkini-zarzadu-synergica-chce-jego-upadlosci-spolka-zawnioskowala-o-restrukturyzacje\/#primaryimage","url":"https:\/\/favorite-news.com\/pl\/wp-content\/uploads\/sites\/6\/2020\/11\/Byla-czlonkini-zarzadu-Synergica-chce-jego-upadlosci-spolka-zawnioskowala-o.png","contentUrl":"https:\/\/favorite-news.com\/pl\/wp-content\/uploads\/sites\/6\/2020\/11\/Byla-czlonkini-zarzadu-Synergica-chce-jego-upadlosci-spolka-zawnioskowala-o.png","width":655,"height":447,"caption":"Article"},{"@type":"BreadcrumbList","@id":"https:\/\/favorite-news.com\/pl\/byla-czlonkini-zarzadu-synergica-chce-jego-upadlosci-spolka-zawnioskowala-o-restrukturyzacje\/#breadcrumb","itemListElement":[{"@type":"ListItem","position":1,"name":"Home","item":"https:\/\/favorite-news.com\/pl\/"},{"@type":"ListItem","position":2,"name":"By\u0142a cz\u0142onkini zarz\u0105du Synergica chce jego upad\u0142o\u015bci, sp\u00f3\u0142ka zawnioskowa\u0142a o restrukturyzacj\u0119"}]},{"@type":"WebSite","@id":"https:\/\/favorite-news.com\/pl\/#website","url":"https:\/\/favorite-news.com\/pl\/","name":"Favorite News","description":"Favorite News Polska","potentialAction":[{"@type":"SearchAction","target":{"@type":"EntryPoint","urlTemplate":"https:\/\/favorite-news.com\/pl\/?s={search_term_string}"},"query-input":{"@type":"PropertyValueSpecification","valueRequired":true,"valueName":"search_term_string"}}],"inLanguage":"pl-PL"},{"@type":"Person","@id":"https:\/\/favorite-news.com\/pl\/#\/schema\/person\/b91573b717dcfa5e4696032a9d28d3e8","name":"favorite-news","image":{"@type":"ImageObject","inLanguage":"pl-PL","@id":"https:\/\/secure.gravatar.com\/avatar\/6c5a5cb12b74e9d517ee91cf570335b7d16177f1977cc91db161adfa435945a7?s=96&d=mm&r=g","url":"https:\/\/secure.gravatar.com\/avatar\/6c5a5cb12b74e9d517ee91cf570335b7d16177f1977cc91db161adfa435945a7?s=96&d=mm&r=g","contentUrl":"https:\/\/secure.gravatar.com\/avatar\/6c5a5cb12b74e9d517ee91cf570335b7d16177f1977cc91db161adfa435945a7?s=96&d=mm&r=g","caption":"favorite-news"},"url":"https:\/\/favorite-news.com\/pl\/author\/pt\/"}]}},"_links":{"self":[{"href":"https:\/\/favorite-news.com\/pl\/wp-json\/wp\/v2\/posts\/5427","targetHints":{"allow":["GET"]}}],"collection":[{"href":"https:\/\/favorite-news.com\/pl\/wp-json\/wp\/v2\/posts"}],"about":[{"href":"https:\/\/favorite-news.com\/pl\/wp-json\/wp\/v2\/types\/post"}],"author":[{"embeddable":true,"href":"https:\/\/favorite-news.com\/pl\/wp-json\/wp\/v2\/users\/2"}],"replies":[{"embeddable":true,"href":"https:\/\/favorite-news.com\/pl\/wp-json\/wp\/v2\/comments?post=5427"}],"version-history":[{"count":1,"href":"https:\/\/favorite-news.com\/pl\/wp-json\/wp\/v2\/posts\/5427\/revisions"}],"predecessor-version":[{"id":5429,"href":"https:\/\/favorite-news.com\/pl\/wp-json\/wp\/v2\/posts\/5427\/revisions\/5429"}],"wp:featuredmedia":[{"embeddable":true,"href":"https:\/\/favorite-news.com\/pl\/wp-json\/wp\/v2\/media\/5428"}],"wp:attachment":[{"href":"https:\/\/favorite-news.com\/pl\/wp-json\/wp\/v2\/media?parent=5427"}],"wp:term":[{"taxonomy":"category","embeddable":true,"href":"https:\/\/favorite-news.com\/pl\/wp-json\/wp\/v2\/categories?post=5427"},{"taxonomy":"post_tag","embeddable":true,"href":"https:\/\/favorite-news.com\/pl\/wp-json\/wp\/v2\/tags?post=5427"}],"curies":[{"name":"wp","href":"https:\/\/api.w.org\/{rel}","templated":true}]}}