{"id":5408,"date":"2020-11-27T23:49:10","date_gmt":"2020-11-27T20:49:10","guid":{"rendered":"https:\/\/favorite-news.com\/pl\/carrefour-wstrzymal-reklamy-w-serwisach-vod-bo-zarzucono-tvp-info-nienawisc-do-lgbt\/"},"modified":"2020-12-03T20:24:40","modified_gmt":"2020-12-03T17:24:40","slug":"carrefour-wstrzymal-reklamy-w-serwisach-vod-bo-zarzucono-tvp-info-nienawisc-do-lgbt","status":"publish","type":"post","link":"https:\/\/favorite-news.com\/pl\/carrefour-wstrzymal-reklamy-w-serwisach-vod-bo-zarzucono-tvp-info-nienawisc-do-lgbt\/","title":{"rendered":"Carrefour wstrzyma\u0142 reklamy w serwisach VOD, bo zarzucono TVP.info nienawi\u015b\u0107 do LGBT"},"content":{"rendered":"<p>U\u017cytkowniczka Twittera o nicku Claire Underwood w zesz\u0142\u0105 \u015brod\u0119 zwr\u00f3ci\u0142a uwag\u0119 Carrefourowi, \u017ce reklama jego polskiego oddzia\u0142u ukaza\u0142a si\u0119 w sekcji TVP Stream na portalu TVP VOD. Zestawi\u0142a dwa zdj\u0119cia: opisywanej reklamy na portalu oraz tekst\u00f3w, kt\u00f3re pojawiaj\u0105 si\u0119 na TVP.info po wpisaniu has\u0142a \u201et\u0119czowa zaraza\u201d.<\/p>\n<p>&#8211; Czy wiecie, \u017ce kupujecie reklamy w polskiej grupie nadawc\u00f3w publicznych #TVP, finansuj\u0105c obrzydliw\u0105 nienawi\u015b\u0107 do LGBT? &#8211; spyta\u0142a, oznaczaj\u0105c we wpisie sie\u0107 supermarket\u00f3w.<\/p>\n<p>Tego samego dnia o tej sprawie poinformowano na profilu @TvpStop. &#8211; Grupo Carrefour, doceniamy, \u017ce podj\u0119\u0142a\u015b ju\u017c kroki, aby wycofa\u0107 swoje reklamy z obra\u017aliwej &#8222;Gazety Polskiej&#8221;. Czy zrobisz to samo z reklamami w TVP? &#8211; spytano. W opisie profilu @TvpStop czytamy: &#8222;Spraw aby nienawi\u015b\u0107 si\u0119 nie op\u0142aca\u0142a. Napisz do producent\u00f3w reklamuj\u0105cych si\u0119 w TVP i spytaj czy b\u0119d\u0105 kontynuowa\u0107 fundowanie hejtu w TVP Info?&#8221;.<\/p>\n<p>Wpis podano dalej na profilu Stop Funding Hate.<\/p>\n<p>Poland&#8217;s state broadcaster used language likening LGBT people to a &#8222;disease&#8221;. Now @CarrefourFrance have done the right thing &amp; dropped their ads: https:\/\/t.co\/gJs0opL3BHIf you work for an advertiser or agency you can act to protect your clients by following suit &amp; excluding TVP https:\/\/t.co\/lLb7pz2uFP<br \/>\n\u2014 Stop Funding Hate (@StopFundingHate) November 25, 2020<\/p>\n<p>Carrefour: wstrzymali\u015bmy kampani\u0119, podwoimy czujno\u015b\u0107<\/p>\n<p>W odpowiedzi na wpis\u00a0Claire Underwood centrala Carrefoura stwierdzi\u0142a, \u017ce wskazane przez internautk\u0119 tre\u015bci \u201enie odzwierciedlaj\u0105 warto\u015bci firmy\u201d. &#8211; Po twoim zg\u0142oszeniu wstrzymali\u015bmy bie\u017c\u0105c\u0105 kampani\u0119. Podwoimy nasz\u0105 czujno\u015b\u0107 na te tematy &#8211; zadeklarowa\u0142 Carrefour.<\/p>\n<p>&#8211; Jeste\u015bmy portalem informacyjnym, informujemy. Nie wiem sk\u0105d pomys\u0142, \u017ceby konsultowa\u0107 artyku\u0142y z francuskim sklepem spo\u017cywczym. Kto z firmy Carrefour Polska mia\u0142by decydowa\u0107, kt\u00f3r\u0105 informacj\u0119 poda\u0107, a kt\u00f3r\u0105 ocenzurowa\u0107 i na jakiej podstawie prawnej mia\u0142by podejmowa\u0107 tak\u0105 decyzj\u0119? &#8211; skomentowa\u0142 w odpowiedzi Samuel Pereira, zast\u0119pc\u0105 kierownika redakcji medi\u00f3w interaktywnych TAI.<\/p>\n<p>Jeste\u015bmy portalem informacyjnym &#8211; informujemy. Nie wiem sk\u0105d pomys\u0142, \u017ceby konsultowa\u0107 artyku\u0142y z francuskim sklepem spo\u017cywczym. Kto z firmy @CarrefourPolska mia\u0142by decydowa\u0107 kt\u00f3r\u0105 informacj\u0119 poda\u0107, a kt\u00f3r\u0105 ocenzurowa\u0107 i na jakiej podstawie prawnej mia\u0142by podejmowa\u0107 tak\u0105 decyzj\u0119? https:\/\/t.co\/0e62nLgbA8<br \/>\n\u2014 Samuel Pereira (@SamPereira_) November 26, 2020<\/p>\n<p>Carrefour t\u0142umaczy si\u0119 b\u0142\u0119dem przy automatycznym zakupie<\/p>\n<p>Swoje stanowisko w tej sprawie przys\u0142a\u0142a nam te\u017c biuro prasowe Carrefour Polska. Podkre\u015bla w nim,\u00a0 \u017ce sie\u0107 \u201eprzestrzega najwy\u017cszych standard\u00f3w w zakresie poszanowania r\u00f3\u017cnorodno\u015bci klient\u00f3w, pracownik\u00f3w oraz partner\u00f3w biznesowych\u201d.<\/p>\n<p>&#8211; Wskazana w po\u015bcie na Twitterze reklama, zosta\u0142a b\u0142\u0119dnie wy\u015bwietlona w zwi\u0105zku z zautomatyzowanym zakupem kampanii reklamowych na platformach VOD, na co natychmiast zareagowali\u015bmy wstrzymuj\u0105c j\u0105 oraz wdra\u017caj\u0105c silniejsze wykluczenia dla tego rodzaju automatycznych kampanii reklamowych (wykluczenia dot. m.in. temat\u00f3w zwi\u0105zanych z rasizmem, dyskryminacj\u0105, seksem, przemoc\u0105, itp.). Nasza sie\u0107 nie planuje zmian swojej dotychczasowej polityki reklamowej &#8211; czytamy w o\u015bwiadczeniu.<\/p>\n<p>TVP: &#8222;Oszczerstwa anonimowego trolla&#8221;<\/p>\n<p>O sprawie napisa\u0142 te\u017c portal Onet.pl. Dyrektor Telewizyjnej Agencji Informacyjnej, Jaros\u0142aw Olechowski, odni\u00f3s\u0142 si\u0119 do zawartych tam tre\u015bci na Twitterze, pisz\u0105c: &#8211; Redakcja publikuje artyku\u0142 na podstawie nieprawdziwych oszczerstw anonimowego internetowego trolla z leadem, kt\u00f3remu przeczy ostatni akapit tekstu. Wszystko bez \u017cadnej weryfikacji. Upadek.<\/p>\n<p>Daniel Liszkiewicz, szef redakcji medi\u00f3w interaktywnych w TAI, skomentowa\u0142 w podobnym duchu: &#8211; Anonimowa internautka zamie\u015bci\u0142a screenshot, twierdz\u0105c, \u017ce w @tvp_info s\u0105 &#8222;kolumny&#8221; o t\u0119czowej zarazie&#8221;- co jest informacj\u0105 nieprawdziw\u0105. Kiedy zastosujemy tak\u0105 metodologi\u0119 to takie tzw. &#8222;kolumny&#8221;, mo\u017cna wykry\u0107 we wszystkich mediach.<\/p>\n<p>Nowe standardy \u201edziennikarskie\u201d w @onetpl Redakcja publikuje artyku\u0142 na podstawie nieprawdziwych oszczerstw anonimowego internetowego trolla z leadem, kt\u00f3remu przeczy ostatni akapit tekstu. Wszystko bez \u017cadnej weryfikacji. Upadek<br \/>\n\u2014 Jarek Olechowski (@OlechowskiJarek) November 26, 2020<\/p>\n<p>Wydatki reklamowe sieci handlowych wzros\u0142y w ci\u0105gu roku w okresie trzech kwarta\u0142\u00f3w br. o 6 proc. Carrefour Polska w tym samym czasie zmniejszy\u0142 nak\u0142ady reklamowe o 22,5 proc., do 120,3 mln z\u0142.<\/p>\n<p>Wed\u0142ug badania Mediapanel w pa\u017adzierniku br. portal TVP.info odwiedzi\u0142o 5,15 mln internaut\u00f3w.<\/p>\n<p><script async src=\"https:\/\/platform.twitter.com\/widgets.js\" charset=\"utf-8\"><\/script><\/p>\n<p><!--noindex--><br \/>\n<a href=\"https:\/\/www.wirtualnemedia.pl\/artykul\/homofobiczne-tresci-w-tvp-carrefour-wycofuje-reklamy\" rel=\"nofollow\">Source link <\/a><br \/>\n<!--\/noindex--><\/p>\n","protected":false},"excerpt":{"rendered":"<p>U\u017cytkowniczka Twittera o nicku Claire Underwood w zesz\u0142\u0105 \u015brod\u0119 zwr\u00f3ci\u0142a uwag\u0119 Carrefourowi, \u017ce reklama jego polskiego oddzia\u0142u ukaza\u0142a si\u0119 w sekcji TVP Stream na portalu TVP VOD. Zestawi\u0142a dwa zdj\u0119cia: opisywanej reklamy na portalu oraz tekst\u00f3w, kt\u00f3re pojawiaj\u0105 si\u0119 na TVP.info po wpisaniu has\u0142a \u201et\u0119czowa zaraza\u201d. &#8211; Czy wiecie, \u017ce kupujecie reklamy w polskiej grupie [&hellip;]<\/p>\n","protected":false},"author":2,"featured_media":5080,"comment_status":"open","ping_status":"open","sticky":false,"template":"","format":"standard","meta":{"footnotes":""},"categories":[2],"tags":[],"class_list":["post-5408","post","type-post","status-publish","format-standard","has-post-thumbnail","hentry","category-wiadomosci-marketingowe-internetowe"],"yoast_head":"<!-- This site is optimized with the Yoast SEO plugin v27.4 - https:\/\/yoast.com\/product\/yoast-seo-wordpress\/ -->\n<title>Carrefour wstrzyma\u0142 reklamy w serwisach VOD, bo zarzucono TVP.info nienawi\u015b\u0107 do LGBT - Favorite News<\/title>\n<meta name=\"robots\" content=\"index, follow, max-snippet:-1, max-image-preview:large, max-video-preview:-1\" \/>\n<link rel=\"canonical\" href=\"https:\/\/favorite-news.com\/pl\/carrefour-wstrzymal-reklamy-w-serwisach-vod-bo-zarzucono-tvp-info-nienawisc-do-lgbt\/\" \/>\n<meta property=\"og:locale\" content=\"pl_PL\" \/>\n<meta property=\"og:type\" content=\"article\" \/>\n<meta property=\"og:title\" content=\"Carrefour wstrzyma\u0142 reklamy w serwisach VOD, bo zarzucono TVP.info nienawi\u015b\u0107 do LGBT - Favorite News\" \/>\n<meta property=\"og:description\" content=\"U\u017cytkowniczka Twittera o nicku Claire Underwood w zesz\u0142\u0105 \u015brod\u0119 zwr\u00f3ci\u0142a uwag\u0119 Carrefourowi, \u017ce reklama jego polskiego oddzia\u0142u ukaza\u0142a si\u0119 w sekcji TVP Stream na portalu TVP VOD. Zestawi\u0142a dwa zdj\u0119cia: opisywanej reklamy na portalu oraz tekst\u00f3w, kt\u00f3re pojawiaj\u0105 si\u0119 na TVP.info po wpisaniu has\u0142a \u201et\u0119czowa zaraza\u201d. &#8211; Czy wiecie, \u017ce kupujecie reklamy w polskiej grupie [&hellip;]\" \/>\n<meta property=\"og:url\" content=\"https:\/\/favorite-news.com\/pl\/carrefour-wstrzymal-reklamy-w-serwisach-vod-bo-zarzucono-tvp-info-nienawisc-do-lgbt\/\" \/>\n<meta property=\"og:site_name\" content=\"Favorite News\" \/>\n<meta property=\"article:published_time\" content=\"2020-11-27T20:49:10+00:00\" \/>\n<meta property=\"article:modified_time\" content=\"2020-12-03T17:24:40+00:00\" \/>\n<meta property=\"og:image\" content=\"https:\/\/favorite-news.com\/pl\/wp-content\/uploads\/sites\/6\/2020\/09\/Facebook-i-Netflix-najmocniej-kojarzone-ze-wsparciem-LGBT.jpg\" \/>\n\t<meta property=\"og:image:width\" content=\"655\" \/>\n\t<meta property=\"og:image:height\" content=\"327\" \/>\n\t<meta property=\"og:image:type\" content=\"image\/jpeg\" \/>\n<meta name=\"author\" content=\"favorite-news\" \/>\n<meta name=\"twitter:card\" content=\"summary_large_image\" \/>\n<meta name=\"twitter:label1\" content=\"Napisane przez\" \/>\n\t<meta name=\"twitter:data1\" content=\"favorite-news\" \/>\n\t<meta name=\"twitter:label2\" content=\"Szacowany czas czytania\" \/>\n\t<meta name=\"twitter:data2\" content=\"3 minuty\" \/>\n<script type=\"application\/ld+json\" class=\"yoast-schema-graph\">{\"@context\":\"https:\\\/\\\/schema.org\",\"@graph\":[{\"@type\":\"Article\",\"@id\":\"https:\\\/\\\/favorite-news.com\\\/pl\\\/carrefour-wstrzymal-reklamy-w-serwisach-vod-bo-zarzucono-tvp-info-nienawisc-do-lgbt\\\/#article\",\"isPartOf\":{\"@id\":\"https:\\\/\\\/favorite-news.com\\\/pl\\\/carrefour-wstrzymal-reklamy-w-serwisach-vod-bo-zarzucono-tvp-info-nienawisc-do-lgbt\\\/\"},\"author\":{\"name\":\"favorite-news\",\"@id\":\"https:\\\/\\\/favorite-news.com\\\/pl\\\/#\\\/schema\\\/person\\\/b91573b717dcfa5e4696032a9d28d3e8\"},\"headline\":\"Carrefour wstrzyma\u0142 reklamy w serwisach VOD, bo zarzucono TVP.info nienawi\u015b\u0107 do LGBT\",\"datePublished\":\"2020-11-27T20:49:10+00:00\",\"dateModified\":\"2020-12-03T17:24:40+00:00\",\"mainEntityOfPage\":{\"@id\":\"https:\\\/\\\/favorite-news.com\\\/pl\\\/carrefour-wstrzymal-reklamy-w-serwisach-vod-bo-zarzucono-tvp-info-nienawisc-do-lgbt\\\/\"},\"wordCount\":708,\"commentCount\":0,\"image\":{\"@id\":\"https:\\\/\\\/favorite-news.com\\\/pl\\\/carrefour-wstrzymal-reklamy-w-serwisach-vod-bo-zarzucono-tvp-info-nienawisc-do-lgbt\\\/#primaryimage\"},\"thumbnailUrl\":\"https:\\\/\\\/favorite-news.com\\\/pl\\\/wp-content\\\/uploads\\\/sites\\\/6\\\/2020\\\/09\\\/Facebook-i-Netflix-najmocniej-kojarzone-ze-wsparciem-LGBT.jpg\",\"articleSection\":[\"WIADOMO\u015aCI MARKETINGOWE INTERNETOWE\"],\"inLanguage\":\"pl-PL\",\"potentialAction\":[{\"@type\":\"CommentAction\",\"name\":\"Comment\",\"target\":[\"https:\\\/\\\/favorite-news.com\\\/pl\\\/carrefour-wstrzymal-reklamy-w-serwisach-vod-bo-zarzucono-tvp-info-nienawisc-do-lgbt\\\/#respond\"]}]},{\"@type\":\"WebPage\",\"@id\":\"https:\\\/\\\/favorite-news.com\\\/pl\\\/carrefour-wstrzymal-reklamy-w-serwisach-vod-bo-zarzucono-tvp-info-nienawisc-do-lgbt\\\/\",\"url\":\"https:\\\/\\\/favorite-news.com\\\/pl\\\/carrefour-wstrzymal-reklamy-w-serwisach-vod-bo-zarzucono-tvp-info-nienawisc-do-lgbt\\\/\",\"name\":\"Carrefour wstrzyma\u0142 reklamy w serwisach VOD, bo zarzucono TVP.info nienawi\u015b\u0107 do LGBT - Favorite News\",\"isPartOf\":{\"@id\":\"https:\\\/\\\/favorite-news.com\\\/pl\\\/#website\"},\"primaryImageOfPage\":{\"@id\":\"https:\\\/\\\/favorite-news.com\\\/pl\\\/carrefour-wstrzymal-reklamy-w-serwisach-vod-bo-zarzucono-tvp-info-nienawisc-do-lgbt\\\/#primaryimage\"},\"image\":{\"@id\":\"https:\\\/\\\/favorite-news.com\\\/pl\\\/carrefour-wstrzymal-reklamy-w-serwisach-vod-bo-zarzucono-tvp-info-nienawisc-do-lgbt\\\/#primaryimage\"},\"thumbnailUrl\":\"https:\\\/\\\/favorite-news.com\\\/pl\\\/wp-content\\\/uploads\\\/sites\\\/6\\\/2020\\\/09\\\/Facebook-i-Netflix-najmocniej-kojarzone-ze-wsparciem-LGBT.jpg\",\"datePublished\":\"2020-11-27T20:49:10+00:00\",\"dateModified\":\"2020-12-03T17:24:40+00:00\",\"author\":{\"@id\":\"https:\\\/\\\/favorite-news.com\\\/pl\\\/#\\\/schema\\\/person\\\/b91573b717dcfa5e4696032a9d28d3e8\"},\"breadcrumb\":{\"@id\":\"https:\\\/\\\/favorite-news.com\\\/pl\\\/carrefour-wstrzymal-reklamy-w-serwisach-vod-bo-zarzucono-tvp-info-nienawisc-do-lgbt\\\/#breadcrumb\"},\"inLanguage\":\"pl-PL\",\"potentialAction\":[{\"@type\":\"ReadAction\",\"target\":[\"https:\\\/\\\/favorite-news.com\\\/pl\\\/carrefour-wstrzymal-reklamy-w-serwisach-vod-bo-zarzucono-tvp-info-nienawisc-do-lgbt\\\/\"]}]},{\"@type\":\"ImageObject\",\"inLanguage\":\"pl-PL\",\"@id\":\"https:\\\/\\\/favorite-news.com\\\/pl\\\/carrefour-wstrzymal-reklamy-w-serwisach-vod-bo-zarzucono-tvp-info-nienawisc-do-lgbt\\\/#primaryimage\",\"url\":\"https:\\\/\\\/favorite-news.com\\\/pl\\\/wp-content\\\/uploads\\\/sites\\\/6\\\/2020\\\/09\\\/Facebook-i-Netflix-najmocniej-kojarzone-ze-wsparciem-LGBT.jpg\",\"contentUrl\":\"https:\\\/\\\/favorite-news.com\\\/pl\\\/wp-content\\\/uploads\\\/sites\\\/6\\\/2020\\\/09\\\/Facebook-i-Netflix-najmocniej-kojarzone-ze-wsparciem-LGBT.jpg\",\"width\":655,\"height\":327,\"caption\":\"Article\"},{\"@type\":\"BreadcrumbList\",\"@id\":\"https:\\\/\\\/favorite-news.com\\\/pl\\\/carrefour-wstrzymal-reklamy-w-serwisach-vod-bo-zarzucono-tvp-info-nienawisc-do-lgbt\\\/#breadcrumb\",\"itemListElement\":[{\"@type\":\"ListItem\",\"position\":1,\"name\":\"Home\",\"item\":\"https:\\\/\\\/favorite-news.com\\\/pl\\\/\"},{\"@type\":\"ListItem\",\"position\":2,\"name\":\"Carrefour wstrzyma\u0142 reklamy w serwisach VOD, bo zarzucono TVP.info nienawi\u015b\u0107 do LGBT\"}]},{\"@type\":\"WebSite\",\"@id\":\"https:\\\/\\\/favorite-news.com\\\/pl\\\/#website\",\"url\":\"https:\\\/\\\/favorite-news.com\\\/pl\\\/\",\"name\":\"Favorite News\",\"description\":\"Favorite News Polska\",\"potentialAction\":[{\"@type\":\"SearchAction\",\"target\":{\"@type\":\"EntryPoint\",\"urlTemplate\":\"https:\\\/\\\/favorite-news.com\\\/pl\\\/?s={search_term_string}\"},\"query-input\":{\"@type\":\"PropertyValueSpecification\",\"valueRequired\":true,\"valueName\":\"search_term_string\"}}],\"inLanguage\":\"pl-PL\"},{\"@type\":\"Person\",\"@id\":\"https:\\\/\\\/favorite-news.com\\\/pl\\\/#\\\/schema\\\/person\\\/b91573b717dcfa5e4696032a9d28d3e8\",\"name\":\"favorite-news\",\"image\":{\"@type\":\"ImageObject\",\"inLanguage\":\"pl-PL\",\"@id\":\"https:\\\/\\\/secure.gravatar.com\\\/avatar\\\/6c5a5cb12b74e9d517ee91cf570335b7d16177f1977cc91db161adfa435945a7?s=96&d=mm&r=g\",\"url\":\"https:\\\/\\\/secure.gravatar.com\\\/avatar\\\/6c5a5cb12b74e9d517ee91cf570335b7d16177f1977cc91db161adfa435945a7?s=96&d=mm&r=g\",\"contentUrl\":\"https:\\\/\\\/secure.gravatar.com\\\/avatar\\\/6c5a5cb12b74e9d517ee91cf570335b7d16177f1977cc91db161adfa435945a7?s=96&d=mm&r=g\",\"caption\":\"favorite-news\"},\"url\":\"https:\\\/\\\/favorite-news.com\\\/pl\\\/author\\\/pt\\\/\"}]}<\/script>\n<!-- \/ Yoast SEO plugin. -->","yoast_head_json":{"title":"Carrefour wstrzyma\u0142 reklamy w serwisach VOD, bo zarzucono TVP.info nienawi\u015b\u0107 do LGBT - Favorite News","robots":{"index":"index","follow":"follow","max-snippet":"max-snippet:-1","max-image-preview":"max-image-preview:large","max-video-preview":"max-video-preview:-1"},"canonical":"https:\/\/favorite-news.com\/pl\/carrefour-wstrzymal-reklamy-w-serwisach-vod-bo-zarzucono-tvp-info-nienawisc-do-lgbt\/","og_locale":"pl_PL","og_type":"article","og_title":"Carrefour wstrzyma\u0142 reklamy w serwisach VOD, bo zarzucono TVP.info nienawi\u015b\u0107 do LGBT - Favorite News","og_description":"U\u017cytkowniczka Twittera o nicku Claire Underwood w zesz\u0142\u0105 \u015brod\u0119 zwr\u00f3ci\u0142a uwag\u0119 Carrefourowi, \u017ce reklama jego polskiego oddzia\u0142u ukaza\u0142a si\u0119 w sekcji TVP Stream na portalu TVP VOD. Zestawi\u0142a dwa zdj\u0119cia: opisywanej reklamy na portalu oraz tekst\u00f3w, kt\u00f3re pojawiaj\u0105 si\u0119 na TVP.info po wpisaniu has\u0142a \u201et\u0119czowa zaraza\u201d. &#8211; Czy wiecie, \u017ce kupujecie reklamy w polskiej grupie [&hellip;]","og_url":"https:\/\/favorite-news.com\/pl\/carrefour-wstrzymal-reklamy-w-serwisach-vod-bo-zarzucono-tvp-info-nienawisc-do-lgbt\/","og_site_name":"Favorite News","article_published_time":"2020-11-27T20:49:10+00:00","article_modified_time":"2020-12-03T17:24:40+00:00","og_image":[{"width":655,"height":327,"url":"https:\/\/favorite-news.com\/pl\/wp-content\/uploads\/sites\/6\/2020\/09\/Facebook-i-Netflix-najmocniej-kojarzone-ze-wsparciem-LGBT.jpg","type":"image\/jpeg"}],"author":"favorite-news","twitter_card":"summary_large_image","twitter_misc":{"Napisane przez":"favorite-news","Szacowany czas czytania":"3 minuty"},"schema":{"@context":"https:\/\/schema.org","@graph":[{"@type":"Article","@id":"https:\/\/favorite-news.com\/pl\/carrefour-wstrzymal-reklamy-w-serwisach-vod-bo-zarzucono-tvp-info-nienawisc-do-lgbt\/#article","isPartOf":{"@id":"https:\/\/favorite-news.com\/pl\/carrefour-wstrzymal-reklamy-w-serwisach-vod-bo-zarzucono-tvp-info-nienawisc-do-lgbt\/"},"author":{"name":"favorite-news","@id":"https:\/\/favorite-news.com\/pl\/#\/schema\/person\/b91573b717dcfa5e4696032a9d28d3e8"},"headline":"Carrefour wstrzyma\u0142 reklamy w serwisach VOD, bo zarzucono TVP.info nienawi\u015b\u0107 do LGBT","datePublished":"2020-11-27T20:49:10+00:00","dateModified":"2020-12-03T17:24:40+00:00","mainEntityOfPage":{"@id":"https:\/\/favorite-news.com\/pl\/carrefour-wstrzymal-reklamy-w-serwisach-vod-bo-zarzucono-tvp-info-nienawisc-do-lgbt\/"},"wordCount":708,"commentCount":0,"image":{"@id":"https:\/\/favorite-news.com\/pl\/carrefour-wstrzymal-reklamy-w-serwisach-vod-bo-zarzucono-tvp-info-nienawisc-do-lgbt\/#primaryimage"},"thumbnailUrl":"https:\/\/favorite-news.com\/pl\/wp-content\/uploads\/sites\/6\/2020\/09\/Facebook-i-Netflix-najmocniej-kojarzone-ze-wsparciem-LGBT.jpg","articleSection":["WIADOMO\u015aCI MARKETINGOWE INTERNETOWE"],"inLanguage":"pl-PL","potentialAction":[{"@type":"CommentAction","name":"Comment","target":["https:\/\/favorite-news.com\/pl\/carrefour-wstrzymal-reklamy-w-serwisach-vod-bo-zarzucono-tvp-info-nienawisc-do-lgbt\/#respond"]}]},{"@type":"WebPage","@id":"https:\/\/favorite-news.com\/pl\/carrefour-wstrzymal-reklamy-w-serwisach-vod-bo-zarzucono-tvp-info-nienawisc-do-lgbt\/","url":"https:\/\/favorite-news.com\/pl\/carrefour-wstrzymal-reklamy-w-serwisach-vod-bo-zarzucono-tvp-info-nienawisc-do-lgbt\/","name":"Carrefour wstrzyma\u0142 reklamy w serwisach VOD, bo zarzucono TVP.info nienawi\u015b\u0107 do LGBT - Favorite News","isPartOf":{"@id":"https:\/\/favorite-news.com\/pl\/#website"},"primaryImageOfPage":{"@id":"https:\/\/favorite-news.com\/pl\/carrefour-wstrzymal-reklamy-w-serwisach-vod-bo-zarzucono-tvp-info-nienawisc-do-lgbt\/#primaryimage"},"image":{"@id":"https:\/\/favorite-news.com\/pl\/carrefour-wstrzymal-reklamy-w-serwisach-vod-bo-zarzucono-tvp-info-nienawisc-do-lgbt\/#primaryimage"},"thumbnailUrl":"https:\/\/favorite-news.com\/pl\/wp-content\/uploads\/sites\/6\/2020\/09\/Facebook-i-Netflix-najmocniej-kojarzone-ze-wsparciem-LGBT.jpg","datePublished":"2020-11-27T20:49:10+00:00","dateModified":"2020-12-03T17:24:40+00:00","author":{"@id":"https:\/\/favorite-news.com\/pl\/#\/schema\/person\/b91573b717dcfa5e4696032a9d28d3e8"},"breadcrumb":{"@id":"https:\/\/favorite-news.com\/pl\/carrefour-wstrzymal-reklamy-w-serwisach-vod-bo-zarzucono-tvp-info-nienawisc-do-lgbt\/#breadcrumb"},"inLanguage":"pl-PL","potentialAction":[{"@type":"ReadAction","target":["https:\/\/favorite-news.com\/pl\/carrefour-wstrzymal-reklamy-w-serwisach-vod-bo-zarzucono-tvp-info-nienawisc-do-lgbt\/"]}]},{"@type":"ImageObject","inLanguage":"pl-PL","@id":"https:\/\/favorite-news.com\/pl\/carrefour-wstrzymal-reklamy-w-serwisach-vod-bo-zarzucono-tvp-info-nienawisc-do-lgbt\/#primaryimage","url":"https:\/\/favorite-news.com\/pl\/wp-content\/uploads\/sites\/6\/2020\/09\/Facebook-i-Netflix-najmocniej-kojarzone-ze-wsparciem-LGBT.jpg","contentUrl":"https:\/\/favorite-news.com\/pl\/wp-content\/uploads\/sites\/6\/2020\/09\/Facebook-i-Netflix-najmocniej-kojarzone-ze-wsparciem-LGBT.jpg","width":655,"height":327,"caption":"Article"},{"@type":"BreadcrumbList","@id":"https:\/\/favorite-news.com\/pl\/carrefour-wstrzymal-reklamy-w-serwisach-vod-bo-zarzucono-tvp-info-nienawisc-do-lgbt\/#breadcrumb","itemListElement":[{"@type":"ListItem","position":1,"name":"Home","item":"https:\/\/favorite-news.com\/pl\/"},{"@type":"ListItem","position":2,"name":"Carrefour wstrzyma\u0142 reklamy w serwisach VOD, bo zarzucono TVP.info nienawi\u015b\u0107 do LGBT"}]},{"@type":"WebSite","@id":"https:\/\/favorite-news.com\/pl\/#website","url":"https:\/\/favorite-news.com\/pl\/","name":"Favorite News","description":"Favorite News Polska","potentialAction":[{"@type":"SearchAction","target":{"@type":"EntryPoint","urlTemplate":"https:\/\/favorite-news.com\/pl\/?s={search_term_string}"},"query-input":{"@type":"PropertyValueSpecification","valueRequired":true,"valueName":"search_term_string"}}],"inLanguage":"pl-PL"},{"@type":"Person","@id":"https:\/\/favorite-news.com\/pl\/#\/schema\/person\/b91573b717dcfa5e4696032a9d28d3e8","name":"favorite-news","image":{"@type":"ImageObject","inLanguage":"pl-PL","@id":"https:\/\/secure.gravatar.com\/avatar\/6c5a5cb12b74e9d517ee91cf570335b7d16177f1977cc91db161adfa435945a7?s=96&d=mm&r=g","url":"https:\/\/secure.gravatar.com\/avatar\/6c5a5cb12b74e9d517ee91cf570335b7d16177f1977cc91db161adfa435945a7?s=96&d=mm&r=g","contentUrl":"https:\/\/secure.gravatar.com\/avatar\/6c5a5cb12b74e9d517ee91cf570335b7d16177f1977cc91db161adfa435945a7?s=96&d=mm&r=g","caption":"favorite-news"},"url":"https:\/\/favorite-news.com\/pl\/author\/pt\/"}]}},"_links":{"self":[{"href":"https:\/\/favorite-news.com\/pl\/wp-json\/wp\/v2\/posts\/5408","targetHints":{"allow":["GET"]}}],"collection":[{"href":"https:\/\/favorite-news.com\/pl\/wp-json\/wp\/v2\/posts"}],"about":[{"href":"https:\/\/favorite-news.com\/pl\/wp-json\/wp\/v2\/types\/post"}],"author":[{"embeddable":true,"href":"https:\/\/favorite-news.com\/pl\/wp-json\/wp\/v2\/users\/2"}],"replies":[{"embeddable":true,"href":"https:\/\/favorite-news.com\/pl\/wp-json\/wp\/v2\/comments?post=5408"}],"version-history":[{"count":3,"href":"https:\/\/favorite-news.com\/pl\/wp-json\/wp\/v2\/posts\/5408\/revisions"}],"predecessor-version":[{"id":5465,"href":"https:\/\/favorite-news.com\/pl\/wp-json\/wp\/v2\/posts\/5408\/revisions\/5465"}],"wp:featuredmedia":[{"embeddable":true,"href":"https:\/\/favorite-news.com\/pl\/wp-json\/wp\/v2\/media\/5080"}],"wp:attachment":[{"href":"https:\/\/favorite-news.com\/pl\/wp-json\/wp\/v2\/media?parent=5408"}],"wp:term":[{"taxonomy":"category","embeddable":true,"href":"https:\/\/favorite-news.com\/pl\/wp-json\/wp\/v2\/categories?post=5408"},{"taxonomy":"post_tag","embeddable":true,"href":"https:\/\/favorite-news.com\/pl\/wp-json\/wp\/v2\/tags?post=5408"}],"curies":[{"name":"wp","href":"https:\/\/api.w.org\/{rel}","templated":true}]}}