{"id":5403,"date":"2020-11-27T11:47:36","date_gmt":"2020-11-27T08:47:36","guid":{"rendered":"https:\/\/favorite-news.com\/pl\/mbank-ma-nowe-logo-przeniesienie-do-cyfrowego-swiata\/"},"modified":"2020-11-27T11:47:40","modified_gmt":"2020-11-27T08:47:40","slug":"mbank-ma-nowe-logo-przeniesienie-do-cyfrowego-swiata","status":"publish","type":"post","link":"https:\/\/favorite-news.com\/pl\/mbank-ma-nowe-logo-przeniesienie-do-cyfrowego-swiata\/","title":{"rendered":"mBank ma nowe logo. 'Przeniesienie do cyfrowego \u015bwiata&#8217;"},"content":{"rendered":"<p>W nowej wersji logo mBank zastosowa\u0142 now\u0105 bezszeryfow\u0105 czcionk\u0119. &#8211; Gdy kilka lat temu po raz pierwszy dokonali\u015bmy rebrandingu mBanku, \u015bwiat bankowo\u015bci wygl\u0105da\u0142 inaczej. System identyfikacji mia\u0142 elastycznie obs\u0142ugiwa\u0107 zr\u00f3\u017cnicowane potrzeby komunikacyjne w druku. Dzi\u015b bank przenosi si\u0119 do telefonu, a branding musi funkcjonowa\u0107 r\u00f3wnie dobrze w plac\u00f3wce i na billboardzie, co w aplikacji mobilnej i banerze facebookowym &#8211; opowiada portalowi Wirtualnemedia.pl Andrzej Rozen, brand consultant agencji BNA, kt\u00f3ra odpowiada za logo.&#13;<br \/>\n&#13;<\/p>\n<p>&#13;<br \/>\n&#13;<br \/>\nEkspert wyja\u015bnia zmian\u0119 fontu: &#8211; Je\u015bli co\u015b poza wielokolorowym \u201e\u0142owickim kodem kreskowym\u201d stanowi\u0142o do tej pory o to\u017csamo\u015bci wizualnej mBanku, to by\u0142 to font FS Lola &#8211; kr\u00f3j \u0142\u0105cz\u0105cy szeryfy (nawi\u0105zuj\u0105ce jeszcze do czas\u00f3w pierwszego logo z kwiatkiem) i mi\u0119kkie \u0142uki dodaj\u0105ce marce ludzkiego, przyjaznego charakteru. Font ten mia\u0142 jednak pewne ograniczenia. Nie sprawdza\u0142 si\u0119 w \u015brodowisku digitalowym. Zaprojektowali\u015bmy nowy font, kt\u00f3ry przenosi mBank do cyfrowego \u015bwiata. Jest wsp\u00f3\u0142czesny, geometryczny i \u015bwietnie si\u0119 skaluje. Dzi\u0119ki zastosowaniu szeryf\u00f3w, uda\u0142o nam si\u0119 przy tym zachowa\u0107 to\u017csamo\u015b\u0107 marki \u2013 dla cz\u0119\u015bci Klient\u00f3w zmiana zapewne pozostanie niezauwa\u017cona. Dokonali\u015bmy tak\u017ce kilku innych korekt w logo. Nieznacznie zmodyfikowali\u015bmy kolorystyk\u0119 i proporcje pas\u00f3w &#8211; wymienia Andrzej Rozen.&#13;<br \/>\n&#13;<br \/>\nNowe, cyfrowe logo mBanku&#13;<br \/>\n&#13;<br \/>\nW nowej wersji logo zastosowano nowe odcienie znanych ju\u017c z identyfikacji wizualnej banku kolor\u00f3w &#8211; czerwieni, zieleni, pomara\u0144czowego i czerni. Uk\u0142ad kolorowych pask\u00f3w zosta\u0142 uporz\u0105dkowany. Ka\u017cdy z nich \u2013 bez wzgl\u0119du na wersj\u0119 kolorystyczn\u0105 logotypu \u2013 ma t\u0119 sam\u0105 liczb\u0119 kolor\u00f3w i proporcje.&#13;<br \/>\n&#13;<br \/>\n&#13;<br \/>\n&#13;<br \/>\n&#13;<br \/>\n&#13;<br \/>\nNowe logo przyj\u0119\u0142o kszta\u0142t prostok\u0105ta. Ikony z paskami pozostan\u0105 cz\u0119\u015bci\u0105 standardu graficznego banku, ale nie b\u0119d\u0105 ju\u017c pe\u0142ni\u0107 roli logotypu.&#13;<br \/>\n&#13;<br \/>\n&#13;<br \/>\n\t\t\t&#13;<br \/>\n&#13;<br \/>\nLogo mBanku, na g\u00f3rze nowa wersja&#13;<br \/>\n&#13;<br \/>\n&#8211; W ci\u0105gu siedmiu lat znacz\u0105co zmieni\u0142y si\u0119 rozwi\u0105zania technologiczne, z kt\u00f3rych korzystaj\u0105 nasi klienci. Logo mBanku pojawia si\u0119 na coraz doskonalszych ekranach i no\u015bnikach cyfrowych. Nie mo\u017cemy by\u0107 na to oboj\u0119tni &#8211; to nie tylko kwestia estetyki, ale i oczekiwa\u0144 odbiorc\u00f3w. St\u0105d zmiany, dzi\u0119ki kt\u00f3rym nasz znak i elementy identyfikacji wizualnej b\u0119d\u0105 bardziej przyst\u0119pne &#8211; wyja\u015bnia Iwona Ryniewicz, dyrektor departamentu komunikacji i strategii marketingowej mBanku.&#13;<br \/>\n&#13;<\/p>\n<p>&#13;<br \/>\n&#13;<br \/>\nOd\u015bwie\u017cony znak b\u0119dzie widoczny przede wszystkim online. Stopniowo pojawia\u0107 si\u0119 b\u0119dzie tak\u017ce na budynkach, kartach p\u0142atniczych i drukach. W Warszawie mo\u017cna go ju\u017c zobaczy\u0107 na szczycie nowej siedziby &#8211; Wie\u017cy mBank przy ul. Prostej 18 (zdj\u0119cie poni\u017cej)&#13;<br \/>\n&#13;<br \/>\n&#13;<br \/>\n&#13;<br \/>\nZa od\u015bwie\u017cenie standardu graficznego odpowiadaj\u0105 zespo\u0142y marketingu i UI\/UX banku oraz agencja BNA, kt\u00f3ra przed lat zaprojektowa\u0142a logo z paskami.&#13;<br \/>\n&#13;<br \/>\nObecnie obowi\u0105zuj\u0105c\u0105 identyfikacj\u0119 wizualn\u0105 mBank wprowadzi\u0142 w 2013 roku, kiedy by\u0142 mark\u0105 BRE Banku. W 2016 roku wprowadzono dodatkow\u0105 wersj\u0119 kolorystyczn\u0105 logo, dostosowan\u0105 do m\u0142odszych klient\u00f3w.&#13;<br \/>\n&#13;<\/p>\n<p>&#13;<br \/>\n&#13;<br \/>\nLogo mBanku dostosowane do zmieniaj\u0105cego si\u0119 \u015bwiata&#13;<br \/>\n&#13;<br \/>\n&#8211; Korekta logo, chocia\u017c z pozoru niewielka, stanowi idealn\u0105 emanacj\u0119 to\u017csamo\u015bci mBanku, marki znanej z tego, jak inteligentnie dostosowuje si\u0119 do gwa\u0142townie zmieniaj\u0105cego si\u0119 \u015bwiata &#8211; komentuje dla Wirtualnemedia.pl Andrzej Rozen, brand consultant agencji BNA, kt\u00f3ra odpowiada za logo.&#13;<br \/>\n&#13;<br \/>\nModyfikacje w logo mBanku chwali Anita Kamila Sochacka, managing director w agencji Lotna. &#8211; Zmiany w logo zaproponowane przez mBank s\u0105 krokiem w dobrym kierunku. Sp\u00f3jno\u015b\u0107 w dzia\u0142aniach wp\u0142ywa na lepsze zrozumienie strategii marki. Przyj\u0119cie formy prostok\u0105ta i odej\u015bcie od logotyp\u00f3w w ikonach ogranicza chaos informacyjny &#8211; logo powinno by\u0107 znakiem, a nie ikon\u0105, kt\u00f3ra mo\u017ce wprowadza\u0107 odbiorc\u00f3w w b\u0142\u0105d. To samo tyczy si\u0119 ustalenia sta\u0142ej liczby kolor\u00f3w i proporcji. Zastanawiaj\u0105ca jest kwestia szeryf\u00f3w &#8211; litery \u2018a\u2019 i \u2018k\u2019 zosta\u0142y z nich oczyszczone, natomiast w \u2018m\u2019 i \u2018b\u2019 i 'n&#8217; s\u0105 wci\u0105\u017c obecne &#8211; tutaj mo\u017cna by\u0142o si\u0119 pokusi\u0107 o pe\u0142ne ujednolicenie systemu. Jednak bior\u0105c pod uwag\u0119 ca\u0142o\u015b\u0107 prac, nale\u017cy stwierdzi\u0107, \u017ce mBank kroczy drog\u0105, kt\u00f3r\u0105 obecnie powinny i\u015b\u0107 wszystkie brandy &#8211; to najwy\u017csza pora na dostosowanie swoich logotyp\u00f3w i identyfikacji do wymaga\u0144 \u015bwiata cyfrowego, kt\u00f3ry pe\u0142ni coraz wa\u017cniejsz\u0105 rol\u0119 we wszystkich strategiach marek &#8211; komentuje dla Wirtualnemedia.pl Anita Kamila Sochacka.&#13;<br \/>\n                            &#13;<br \/>\n&#13;<br \/>\n                            &#13;<br \/>\n                            &#13;<br \/>\n                                                            &#13;<br \/>\n&#13;<br \/>\n                            &#13;<\/p>\n<p>\n<!--noindex--><br \/>\n<a href=\"https:\/\/www.wirtualnemedia.pl\/artykul\/mbank-nowe-logo-opinie-komentarz\" rel=\"nofollow\">Source link <\/a><br \/>\n<!--\/noindex--><\/p>\n","protected":false},"excerpt":{"rendered":"<p>W nowej wersji logo mBank zastosowa\u0142 now\u0105 bezszeryfow\u0105 czcionk\u0119. &#8211; Gdy kilka lat temu po raz pierwszy dokonali\u015bmy rebrandingu mBanku, \u015bwiat bankowo\u015bci wygl\u0105da\u0142 inaczej. System identyfikacji mia\u0142 elastycznie obs\u0142ugiwa\u0107 zr\u00f3\u017cnicowane potrzeby komunikacyjne w druku. Dzi\u015b bank przenosi si\u0119 do telefonu, a branding musi funkcjonowa\u0107 r\u00f3wnie dobrze w plac\u00f3wce i na billboardzie, co w aplikacji mobilnej [&hellip;]<\/p>\n","protected":false},"author":2,"featured_media":5404,"comment_status":"open","ping_status":"open","sticky":false,"template":"","format":"standard","meta":{"footnotes":""},"categories":[2],"tags":[],"class_list":["post-5403","post","type-post","status-publish","format-standard","has-post-thumbnail","hentry","category-wiadomosci-marketingowe-internetowe"],"yoast_head":"<!-- This site is optimized with the Yoast SEO plugin v27.4 - https:\/\/yoast.com\/product\/yoast-seo-wordpress\/ -->\n<title>mBank ma nowe logo. &#039;Przeniesienie do cyfrowego \u015bwiata&#039; - Favorite News<\/title>\n<meta name=\"robots\" content=\"index, follow, max-snippet:-1, max-image-preview:large, max-video-preview:-1\" \/>\n<link rel=\"canonical\" href=\"https:\/\/favorite-news.com\/pl\/mbank-ma-nowe-logo-przeniesienie-do-cyfrowego-swiata\/\" \/>\n<meta property=\"og:locale\" content=\"pl_PL\" \/>\n<meta property=\"og:type\" content=\"article\" \/>\n<meta property=\"og:title\" content=\"mBank ma nowe logo. &#039;Przeniesienie do cyfrowego \u015bwiata&#039; - Favorite News\" \/>\n<meta property=\"og:description\" content=\"W nowej wersji logo mBank zastosowa\u0142 now\u0105 bezszeryfow\u0105 czcionk\u0119. &#8211; Gdy kilka lat temu po raz pierwszy dokonali\u015bmy rebrandingu mBanku, \u015bwiat bankowo\u015bci wygl\u0105da\u0142 inaczej. System identyfikacji mia\u0142 elastycznie obs\u0142ugiwa\u0107 zr\u00f3\u017cnicowane potrzeby komunikacyjne w druku. Dzi\u015b bank przenosi si\u0119 do telefonu, a branding musi funkcjonowa\u0107 r\u00f3wnie dobrze w plac\u00f3wce i na billboardzie, co w aplikacji mobilnej [&hellip;]\" \/>\n<meta property=\"og:url\" content=\"https:\/\/favorite-news.com\/pl\/mbank-ma-nowe-logo-przeniesienie-do-cyfrowego-swiata\/\" \/>\n<meta property=\"og:site_name\" content=\"Favorite News\" \/>\n<meta property=\"article:published_time\" content=\"2020-11-27T08:47:36+00:00\" \/>\n<meta property=\"article:modified_time\" content=\"2020-11-27T08:47:40+00:00\" \/>\n<meta property=\"og:image\" content=\"https:\/\/favorite-news.com\/pl\/wp-content\/uploads\/sites\/6\/2020\/11\/mBank-ma-nowe-logo-Przeniesienie-do-cyfrowego-swiata.jpg\" \/>\n\t<meta property=\"og:image:width\" content=\"655\" \/>\n\t<meta property=\"og:image:height\" content=\"435\" \/>\n\t<meta property=\"og:image:type\" content=\"image\/jpeg\" \/>\n<meta name=\"author\" content=\"favorite-news\" \/>\n<meta name=\"twitter:card\" content=\"summary_large_image\" \/>\n<meta name=\"twitter:label1\" content=\"Napisane przez\" \/>\n\t<meta name=\"twitter:data1\" content=\"favorite-news\" \/>\n\t<meta name=\"twitter:label2\" content=\"Szacowany czas czytania\" \/>\n\t<meta name=\"twitter:data2\" content=\"4 minuty\" \/>\n<script type=\"application\/ld+json\" class=\"yoast-schema-graph\">{\"@context\":\"https:\\\/\\\/schema.org\",\"@graph\":[{\"@type\":\"Article\",\"@id\":\"https:\\\/\\\/favorite-news.com\\\/pl\\\/mbank-ma-nowe-logo-przeniesienie-do-cyfrowego-swiata\\\/#article\",\"isPartOf\":{\"@id\":\"https:\\\/\\\/favorite-news.com\\\/pl\\\/mbank-ma-nowe-logo-przeniesienie-do-cyfrowego-swiata\\\/\"},\"author\":{\"name\":\"favorite-news\",\"@id\":\"https:\\\/\\\/favorite-news.com\\\/pl\\\/#\\\/schema\\\/person\\\/b91573b717dcfa5e4696032a9d28d3e8\"},\"headline\":\"mBank ma nowe logo. 'Przeniesienie do cyfrowego \u015bwiata&#8217;\",\"datePublished\":\"2020-11-27T08:47:36+00:00\",\"dateModified\":\"2020-11-27T08:47:40+00:00\",\"mainEntityOfPage\":{\"@id\":\"https:\\\/\\\/favorite-news.com\\\/pl\\\/mbank-ma-nowe-logo-przeniesienie-do-cyfrowego-swiata\\\/\"},\"wordCount\":726,\"commentCount\":0,\"image\":{\"@id\":\"https:\\\/\\\/favorite-news.com\\\/pl\\\/mbank-ma-nowe-logo-przeniesienie-do-cyfrowego-swiata\\\/#primaryimage\"},\"thumbnailUrl\":\"https:\\\/\\\/favorite-news.com\\\/pl\\\/wp-content\\\/uploads\\\/sites\\\/6\\\/2020\\\/11\\\/mBank-ma-nowe-logo-Przeniesienie-do-cyfrowego-swiata.jpg\",\"articleSection\":[\"WIADOMO\u015aCI MARKETINGOWE INTERNETOWE\"],\"inLanguage\":\"pl-PL\",\"potentialAction\":[{\"@type\":\"CommentAction\",\"name\":\"Comment\",\"target\":[\"https:\\\/\\\/favorite-news.com\\\/pl\\\/mbank-ma-nowe-logo-przeniesienie-do-cyfrowego-swiata\\\/#respond\"]}]},{\"@type\":\"WebPage\",\"@id\":\"https:\\\/\\\/favorite-news.com\\\/pl\\\/mbank-ma-nowe-logo-przeniesienie-do-cyfrowego-swiata\\\/\",\"url\":\"https:\\\/\\\/favorite-news.com\\\/pl\\\/mbank-ma-nowe-logo-przeniesienie-do-cyfrowego-swiata\\\/\",\"name\":\"mBank ma nowe logo. 'Przeniesienie do cyfrowego \u015bwiata' - Favorite News\",\"isPartOf\":{\"@id\":\"https:\\\/\\\/favorite-news.com\\\/pl\\\/#website\"},\"primaryImageOfPage\":{\"@id\":\"https:\\\/\\\/favorite-news.com\\\/pl\\\/mbank-ma-nowe-logo-przeniesienie-do-cyfrowego-swiata\\\/#primaryimage\"},\"image\":{\"@id\":\"https:\\\/\\\/favorite-news.com\\\/pl\\\/mbank-ma-nowe-logo-przeniesienie-do-cyfrowego-swiata\\\/#primaryimage\"},\"thumbnailUrl\":\"https:\\\/\\\/favorite-news.com\\\/pl\\\/wp-content\\\/uploads\\\/sites\\\/6\\\/2020\\\/11\\\/mBank-ma-nowe-logo-Przeniesienie-do-cyfrowego-swiata.jpg\",\"datePublished\":\"2020-11-27T08:47:36+00:00\",\"dateModified\":\"2020-11-27T08:47:40+00:00\",\"author\":{\"@id\":\"https:\\\/\\\/favorite-news.com\\\/pl\\\/#\\\/schema\\\/person\\\/b91573b717dcfa5e4696032a9d28d3e8\"},\"breadcrumb\":{\"@id\":\"https:\\\/\\\/favorite-news.com\\\/pl\\\/mbank-ma-nowe-logo-przeniesienie-do-cyfrowego-swiata\\\/#breadcrumb\"},\"inLanguage\":\"pl-PL\",\"potentialAction\":[{\"@type\":\"ReadAction\",\"target\":[\"https:\\\/\\\/favorite-news.com\\\/pl\\\/mbank-ma-nowe-logo-przeniesienie-do-cyfrowego-swiata\\\/\"]}]},{\"@type\":\"ImageObject\",\"inLanguage\":\"pl-PL\",\"@id\":\"https:\\\/\\\/favorite-news.com\\\/pl\\\/mbank-ma-nowe-logo-przeniesienie-do-cyfrowego-swiata\\\/#primaryimage\",\"url\":\"https:\\\/\\\/favorite-news.com\\\/pl\\\/wp-content\\\/uploads\\\/sites\\\/6\\\/2020\\\/11\\\/mBank-ma-nowe-logo-Przeniesienie-do-cyfrowego-swiata.jpg\",\"contentUrl\":\"https:\\\/\\\/favorite-news.com\\\/pl\\\/wp-content\\\/uploads\\\/sites\\\/6\\\/2020\\\/11\\\/mBank-ma-nowe-logo-Przeniesienie-do-cyfrowego-swiata.jpg\",\"width\":655,\"height\":435,\"caption\":\"Article\"},{\"@type\":\"BreadcrumbList\",\"@id\":\"https:\\\/\\\/favorite-news.com\\\/pl\\\/mbank-ma-nowe-logo-przeniesienie-do-cyfrowego-swiata\\\/#breadcrumb\",\"itemListElement\":[{\"@type\":\"ListItem\",\"position\":1,\"name\":\"Home\",\"item\":\"https:\\\/\\\/favorite-news.com\\\/pl\\\/\"},{\"@type\":\"ListItem\",\"position\":2,\"name\":\"mBank ma nowe logo. 'Przeniesienie do cyfrowego \u015bwiata&#8217;\"}]},{\"@type\":\"WebSite\",\"@id\":\"https:\\\/\\\/favorite-news.com\\\/pl\\\/#website\",\"url\":\"https:\\\/\\\/favorite-news.com\\\/pl\\\/\",\"name\":\"Favorite News\",\"description\":\"Favorite News Polska\",\"potentialAction\":[{\"@type\":\"SearchAction\",\"target\":{\"@type\":\"EntryPoint\",\"urlTemplate\":\"https:\\\/\\\/favorite-news.com\\\/pl\\\/?s={search_term_string}\"},\"query-input\":{\"@type\":\"PropertyValueSpecification\",\"valueRequired\":true,\"valueName\":\"search_term_string\"}}],\"inLanguage\":\"pl-PL\"},{\"@type\":\"Person\",\"@id\":\"https:\\\/\\\/favorite-news.com\\\/pl\\\/#\\\/schema\\\/person\\\/b91573b717dcfa5e4696032a9d28d3e8\",\"name\":\"favorite-news\",\"image\":{\"@type\":\"ImageObject\",\"inLanguage\":\"pl-PL\",\"@id\":\"https:\\\/\\\/secure.gravatar.com\\\/avatar\\\/6c5a5cb12b74e9d517ee91cf570335b7d16177f1977cc91db161adfa435945a7?s=96&d=mm&r=g\",\"url\":\"https:\\\/\\\/secure.gravatar.com\\\/avatar\\\/6c5a5cb12b74e9d517ee91cf570335b7d16177f1977cc91db161adfa435945a7?s=96&d=mm&r=g\",\"contentUrl\":\"https:\\\/\\\/secure.gravatar.com\\\/avatar\\\/6c5a5cb12b74e9d517ee91cf570335b7d16177f1977cc91db161adfa435945a7?s=96&d=mm&r=g\",\"caption\":\"favorite-news\"},\"url\":\"https:\\\/\\\/favorite-news.com\\\/pl\\\/author\\\/pt\\\/\"}]}<\/script>\n<!-- \/ Yoast SEO plugin. -->","yoast_head_json":{"title":"mBank ma nowe logo. 'Przeniesienie do cyfrowego \u015bwiata' - Favorite News","robots":{"index":"index","follow":"follow","max-snippet":"max-snippet:-1","max-image-preview":"max-image-preview:large","max-video-preview":"max-video-preview:-1"},"canonical":"https:\/\/favorite-news.com\/pl\/mbank-ma-nowe-logo-przeniesienie-do-cyfrowego-swiata\/","og_locale":"pl_PL","og_type":"article","og_title":"mBank ma nowe logo. 'Przeniesienie do cyfrowego \u015bwiata' - Favorite News","og_description":"W nowej wersji logo mBank zastosowa\u0142 now\u0105 bezszeryfow\u0105 czcionk\u0119. &#8211; Gdy kilka lat temu po raz pierwszy dokonali\u015bmy rebrandingu mBanku, \u015bwiat bankowo\u015bci wygl\u0105da\u0142 inaczej. System identyfikacji mia\u0142 elastycznie obs\u0142ugiwa\u0107 zr\u00f3\u017cnicowane potrzeby komunikacyjne w druku. Dzi\u015b bank przenosi si\u0119 do telefonu, a branding musi funkcjonowa\u0107 r\u00f3wnie dobrze w plac\u00f3wce i na billboardzie, co w aplikacji mobilnej [&hellip;]","og_url":"https:\/\/favorite-news.com\/pl\/mbank-ma-nowe-logo-przeniesienie-do-cyfrowego-swiata\/","og_site_name":"Favorite News","article_published_time":"2020-11-27T08:47:36+00:00","article_modified_time":"2020-11-27T08:47:40+00:00","og_image":[{"width":655,"height":435,"url":"https:\/\/favorite-news.com\/pl\/wp-content\/uploads\/sites\/6\/2020\/11\/mBank-ma-nowe-logo-Przeniesienie-do-cyfrowego-swiata.jpg","type":"image\/jpeg"}],"author":"favorite-news","twitter_card":"summary_large_image","twitter_misc":{"Napisane przez":"favorite-news","Szacowany czas czytania":"4 minuty"},"schema":{"@context":"https:\/\/schema.org","@graph":[{"@type":"Article","@id":"https:\/\/favorite-news.com\/pl\/mbank-ma-nowe-logo-przeniesienie-do-cyfrowego-swiata\/#article","isPartOf":{"@id":"https:\/\/favorite-news.com\/pl\/mbank-ma-nowe-logo-przeniesienie-do-cyfrowego-swiata\/"},"author":{"name":"favorite-news","@id":"https:\/\/favorite-news.com\/pl\/#\/schema\/person\/b91573b717dcfa5e4696032a9d28d3e8"},"headline":"mBank ma nowe logo. 'Przeniesienie do cyfrowego \u015bwiata&#8217;","datePublished":"2020-11-27T08:47:36+00:00","dateModified":"2020-11-27T08:47:40+00:00","mainEntityOfPage":{"@id":"https:\/\/favorite-news.com\/pl\/mbank-ma-nowe-logo-przeniesienie-do-cyfrowego-swiata\/"},"wordCount":726,"commentCount":0,"image":{"@id":"https:\/\/favorite-news.com\/pl\/mbank-ma-nowe-logo-przeniesienie-do-cyfrowego-swiata\/#primaryimage"},"thumbnailUrl":"https:\/\/favorite-news.com\/pl\/wp-content\/uploads\/sites\/6\/2020\/11\/mBank-ma-nowe-logo-Przeniesienie-do-cyfrowego-swiata.jpg","articleSection":["WIADOMO\u015aCI MARKETINGOWE INTERNETOWE"],"inLanguage":"pl-PL","potentialAction":[{"@type":"CommentAction","name":"Comment","target":["https:\/\/favorite-news.com\/pl\/mbank-ma-nowe-logo-przeniesienie-do-cyfrowego-swiata\/#respond"]}]},{"@type":"WebPage","@id":"https:\/\/favorite-news.com\/pl\/mbank-ma-nowe-logo-przeniesienie-do-cyfrowego-swiata\/","url":"https:\/\/favorite-news.com\/pl\/mbank-ma-nowe-logo-przeniesienie-do-cyfrowego-swiata\/","name":"mBank ma nowe logo. 'Przeniesienie do cyfrowego \u015bwiata' - Favorite News","isPartOf":{"@id":"https:\/\/favorite-news.com\/pl\/#website"},"primaryImageOfPage":{"@id":"https:\/\/favorite-news.com\/pl\/mbank-ma-nowe-logo-przeniesienie-do-cyfrowego-swiata\/#primaryimage"},"image":{"@id":"https:\/\/favorite-news.com\/pl\/mbank-ma-nowe-logo-przeniesienie-do-cyfrowego-swiata\/#primaryimage"},"thumbnailUrl":"https:\/\/favorite-news.com\/pl\/wp-content\/uploads\/sites\/6\/2020\/11\/mBank-ma-nowe-logo-Przeniesienie-do-cyfrowego-swiata.jpg","datePublished":"2020-11-27T08:47:36+00:00","dateModified":"2020-11-27T08:47:40+00:00","author":{"@id":"https:\/\/favorite-news.com\/pl\/#\/schema\/person\/b91573b717dcfa5e4696032a9d28d3e8"},"breadcrumb":{"@id":"https:\/\/favorite-news.com\/pl\/mbank-ma-nowe-logo-przeniesienie-do-cyfrowego-swiata\/#breadcrumb"},"inLanguage":"pl-PL","potentialAction":[{"@type":"ReadAction","target":["https:\/\/favorite-news.com\/pl\/mbank-ma-nowe-logo-przeniesienie-do-cyfrowego-swiata\/"]}]},{"@type":"ImageObject","inLanguage":"pl-PL","@id":"https:\/\/favorite-news.com\/pl\/mbank-ma-nowe-logo-przeniesienie-do-cyfrowego-swiata\/#primaryimage","url":"https:\/\/favorite-news.com\/pl\/wp-content\/uploads\/sites\/6\/2020\/11\/mBank-ma-nowe-logo-Przeniesienie-do-cyfrowego-swiata.jpg","contentUrl":"https:\/\/favorite-news.com\/pl\/wp-content\/uploads\/sites\/6\/2020\/11\/mBank-ma-nowe-logo-Przeniesienie-do-cyfrowego-swiata.jpg","width":655,"height":435,"caption":"Article"},{"@type":"BreadcrumbList","@id":"https:\/\/favorite-news.com\/pl\/mbank-ma-nowe-logo-przeniesienie-do-cyfrowego-swiata\/#breadcrumb","itemListElement":[{"@type":"ListItem","position":1,"name":"Home","item":"https:\/\/favorite-news.com\/pl\/"},{"@type":"ListItem","position":2,"name":"mBank ma nowe logo. 'Przeniesienie do cyfrowego \u015bwiata&#8217;"}]},{"@type":"WebSite","@id":"https:\/\/favorite-news.com\/pl\/#website","url":"https:\/\/favorite-news.com\/pl\/","name":"Favorite News","description":"Favorite News Polska","potentialAction":[{"@type":"SearchAction","target":{"@type":"EntryPoint","urlTemplate":"https:\/\/favorite-news.com\/pl\/?s={search_term_string}"},"query-input":{"@type":"PropertyValueSpecification","valueRequired":true,"valueName":"search_term_string"}}],"inLanguage":"pl-PL"},{"@type":"Person","@id":"https:\/\/favorite-news.com\/pl\/#\/schema\/person\/b91573b717dcfa5e4696032a9d28d3e8","name":"favorite-news","image":{"@type":"ImageObject","inLanguage":"pl-PL","@id":"https:\/\/secure.gravatar.com\/avatar\/6c5a5cb12b74e9d517ee91cf570335b7d16177f1977cc91db161adfa435945a7?s=96&d=mm&r=g","url":"https:\/\/secure.gravatar.com\/avatar\/6c5a5cb12b74e9d517ee91cf570335b7d16177f1977cc91db161adfa435945a7?s=96&d=mm&r=g","contentUrl":"https:\/\/secure.gravatar.com\/avatar\/6c5a5cb12b74e9d517ee91cf570335b7d16177f1977cc91db161adfa435945a7?s=96&d=mm&r=g","caption":"favorite-news"},"url":"https:\/\/favorite-news.com\/pl\/author\/pt\/"}]}},"_links":{"self":[{"href":"https:\/\/favorite-news.com\/pl\/wp-json\/wp\/v2\/posts\/5403","targetHints":{"allow":["GET"]}}],"collection":[{"href":"https:\/\/favorite-news.com\/pl\/wp-json\/wp\/v2\/posts"}],"about":[{"href":"https:\/\/favorite-news.com\/pl\/wp-json\/wp\/v2\/types\/post"}],"author":[{"embeddable":true,"href":"https:\/\/favorite-news.com\/pl\/wp-json\/wp\/v2\/users\/2"}],"replies":[{"embeddable":true,"href":"https:\/\/favorite-news.com\/pl\/wp-json\/wp\/v2\/comments?post=5403"}],"version-history":[{"count":1,"href":"https:\/\/favorite-news.com\/pl\/wp-json\/wp\/v2\/posts\/5403\/revisions"}],"predecessor-version":[{"id":5405,"href":"https:\/\/favorite-news.com\/pl\/wp-json\/wp\/v2\/posts\/5403\/revisions\/5405"}],"wp:featuredmedia":[{"embeddable":true,"href":"https:\/\/favorite-news.com\/pl\/wp-json\/wp\/v2\/media\/5404"}],"wp:attachment":[{"href":"https:\/\/favorite-news.com\/pl\/wp-json\/wp\/v2\/media?parent=5403"}],"wp:term":[{"taxonomy":"category","embeddable":true,"href":"https:\/\/favorite-news.com\/pl\/wp-json\/wp\/v2\/categories?post=5403"},{"taxonomy":"post_tag","embeddable":true,"href":"https:\/\/favorite-news.com\/pl\/wp-json\/wp\/v2\/tags?post=5403"}],"curies":[{"name":"wp","href":"https:\/\/api.w.org\/{rel}","templated":true}]}}