{"id":5397,"date":"2020-11-26T23:43:18","date_gmt":"2020-11-26T20:43:18","guid":{"rendered":"https:\/\/favorite-news.com\/pl\/35-40-mld-zl-z-tarczy-2-0-od-pfr-trafi-m-in-do-branzy-kinowej-eventowej-i-kulturalnej\/"},"modified":"2020-11-26T23:43:21","modified_gmt":"2020-11-26T20:43:21","slug":"35-40-mld-zl-z-tarczy-2-0-od-pfr-trafi-m-in-do-branzy-kinowej-eventowej-i-kulturalnej","status":"publish","type":"post","link":"https:\/\/favorite-news.com\/pl\/35-40-mld-zl-z-tarczy-2-0-od-pfr-trafi-m-in-do-branzy-kinowej-eventowej-i-kulturalnej\/","title":{"rendered":"35-40 mld z\u0142 z Tarczy 2.0 od PFR. Trafi m.in. do bran\u017cy kinowej, eventowej i kulturalnej"},"content":{"rendered":"<p>&#8211; Od 9 miesi\u0119cy zmagamy si\u0119 ze skutkami pandemii nie tylko w obszarze zdrowotnym, ale tak\u017ce gospodarczym. Nasze instrumenty walki z kryzysem przynosz\u0105 rezultaty. Mamy \u015bwiate\u0142ko w tunelu pod wzgl\u0119dem bezrobocia i aktywno\u015bci ekonomicznej &#8211; to s\u0105 dobre wska\u017aniki &#8211; stwierdzi\u0142 Mateusz Morawiecki na konferencji w czwartek.&#13;<br \/>\n&#13;<br \/>\n&#8211; Dzi\u015b wdra\u017camy Tarcz\u0119 2.0. Patrzymy na bran\u017ce, kt\u00f3re zosta\u0142y najbardziej dotkni\u0119te. Jest ich w sumie ok. 40. Mamy dla nich now\u0105 tarcz\u0119 bran\u017cow\u0105, kt\u00f3ra b\u0119dzie kluczowa. To co najmniej 35 mld z\u0142 dla ma\u0142ych firm, M\u015aP oraz dla du\u017cych firm &#8211; doda\u0142 szef rz\u0105du.&#13;<br \/>\n&#13;<br \/>\n&#13;<br \/>\n&#13;<br \/>\nOd drugiej po\u0142owy pa\u017adziernika zacz\u0119to wprowadza\u0107 kolejne obostrzenia w zwi\u0105zku z drug\u0105 fal\u0105 epidemii. Pocz\u0105tkowo zakazano udzia\u0142u publiczno\u015bci w wydarzeniach sportowych oraz zamkni\u0119to punkty gastronomiczne, kina, teatry i inne plac\u00f3wki kulturalne. Natomiast na pocz\u0105tku listopada zamkni\u0119ta zosta\u0142a do 27 listopada wi\u0119kszo\u015b\u0107 sklep\u00f3w niespo\u017cywczych i punkt\u00f3w us\u0142ugowych w centrach handlowych.&#13;<br \/>\n&#13;<br \/>\nW zesz\u0142y weekend premier i minister zdrowia zapowiedzieli, \u017ce plac\u00f3wki handlowe w galeriach zostan\u0105 ponownie otworzone 28 listopada, natomiast punkty gastronomiczne, kina, plac\u00f3wki kulturalne oraz hotele pozostan\u0105 zamkni\u0119te przynajmniej do 27 grudnia (gastronomia mo\u017ce sprzedawa\u0107 dania na wynos, a hotele przyjmowa\u0107 go\u015bci w podr\u00f3\u017cach s\u0142u\u017cbowych).&#13;<br \/>\n&#13;<\/p>\n<p>&#13;<br \/>\n&#13;<br \/>\nTarcza Finansowa 2.0 jest podzielona na trzy g\u0142\u00f3wne cz\u0119\u015bci.&#13;<br \/>\n&#13;<br \/>\nTarcza Finansowa 2.0 dla du\u017cych firm &#8211; zasady:&#13;<br \/>\n&#8211; Dla firm zatrudniaj\u0105cych od 250 pracownik\u00f3w z obrotem powy\u017cej 50 mln euro&#13;<br \/>\n&#8211; Aktualizacja warunk\u00f3w i wyd\u0142u\u017cenie istniej\u0105cego programu oraz wprowadzenie nowej wersji po\u017cyczki preferencyjnej, z nowym okresem szkody COVID-19 do 31 marca 2021 r.&#13;<br \/>\n&#8211; Sk\u0142adanie wniosk\u00f3w do 31 marca 2021 r. (po zgodzie KE) i zawierania um\u00f3w do 30 czerwca 2021 r.;&#13;<br \/>\n&#8211; Obni\u017cenie oprocentowania, wyd\u0142u\u017cenie sp\u0142at po\u017cyczek z 4 do 6 lat,&#13;<br \/>\n&#8211; Wyd\u0142u\u017cenie okresu karencji dla sp\u0142at po\u017cyczek oraz uproszczony proces dla ma\u0142ych transakcji&#13;<br \/>\n&#13;<br \/>\n&#13;<br \/>\n&#13;<br \/>\nTarcza Finansowa PFR 2.0 dla ma\u0142ych i \u015brednich firm &#8211; zasady:&#13;<br \/>\n&#13;<br \/>\n&#8211; Dla firm zatrudniaj\u0105cych do 249 pracownik\u00f3w z 38 bran\u017c z Polskiej Klasyfikacji Dzia\u0142alno\u015bci&#13;<br \/>\n&#8211; Obr\u00f3t za 2019 r. mniejszy lub r\u00f3wny kwocie 50 mln euro, a suma bilansowa mniejsza ni\u017c 43 mln euro&#13;<br \/>\n&#8211; Dofinansowanie koszt\u00f3w sta\u0142ych niepokrytych przychodami w formie subwencji finansowej w kwocie 70% straty brutto za okres 1 listopada 2020 r. do 30 kwietnia 2021 r.&#13;<br \/>\n&#8211; Subwencje do maksymalnej kwoty: 3,5 mln z\u0142&#13;<br \/>\n&#8211; Wysoko\u015b\u0107 subwencji zale\u017cna od prognozy koszt\u00f3w i przychod\u00f3w oraz straty brutto&#13;<br \/>\n&#8211; Dla firm, kt\u00f3re odnotowa\u0142y spadek obrot\u00f3w o min 30% w zwi\u0105zku z COVID-19&#13;<br \/>\n&#8211; \u015arodki bezzwrotne pod warunkiem prowadzenia dzia\u0142alno\u015bci oraz rozliczenia subwencji na zasadzie finansowania 70% straty brutto&#13;<br \/>\n&#8211; Termin sk\u0142adania wniosk\u00f3w: stycze\u0144 \u2013 luty 2021 r. (po zgodzie KE)&#13;<br \/>\n&#8211; Mo\u017cliwo\u015b\u0107 umorzenia 100% subwencji z Tarczy Finansowej 1.0 (termin sk\u0142adania wniosk\u00f3w: po roku od otrzymania subwencji z Tarczy Finansowej 1.0)&#13;<br \/>\n&#13;<br \/>\n&#13;<br \/>\n&#13;<br \/>\nO wsparcie z tej cz\u0119\u015bci Tarczy PFR 2.0 mog\u0105 ubiega\u0107 si\u0119 firmy, kt\u00f3re w okresie czerwiec-grudzie\u0144 lub pa\u017adziernik-grudzie\u0144 2020 r. odnotowa\u0142y spadek obrot\u00f3w o minimum 30 proc. w stosunku do analogicznego okresu w 2019 r. w zwi\u0105zku z COVID-19.&#13;<br \/>\n&#13;<br \/>\nKwota subwencji dla MSP jest sum\u0105 predykcji koszt\u00f3w sta\u0142ych, kt\u00f3re wedle najlepszej wiedzy przedsi\u0119biorcy mog\u0105 zosta\u0107 przez niego poniesione, oraz\u00a0 poniesionych koszt\u00f3w sta\u0142ych niepokrytych w ramach dzia\u0142alno\u015bci przedsi\u0119biorstwa z: zysku brutto, oraz innych \u017ar\u00f3de\u0142, takich jak ubezpieczenie, inne \u015brodki pomocy otrzymane na podstawie tymczasowych ram lub wsparcie z innych \u017ar\u00f3de\u0142, w okresie 6 miesi\u0119cy od listopada br. do kwietnia 2021 r.&#13;<br \/>\n&#13;<br \/>\nJednocze\u015bnie w ramach programu kwota nie mo\u017ce przekroczy\u0107 iloczynu liczby etat\u00f3w i 72 tys. z\u0142. Kwota subwencji pokrywa 70 proc. straty brutto beneficjenta za okres listopad 2020 &#8211; kwiecie\u0144 2021 r.&#13;<br \/>\n&#13;<br \/>\n&#13;<\/p>\n<p>&#13;<br \/>\n&#13;<br \/>\nS\u0105 trzy warunki, po spe\u0142nieniu kt\u00f3rych otrzymana subwencja jest bezzwrotna:&#13;<br \/>\n&#8211; Utrzymanie dzia\u0142alno\u015bci gospodarczej na dzie\u0144 31 grudnia 2021 r.,&#13;<br \/>\n&#8211; Rozliczenie nadwy\u017cki w terminie po 31 pa\u017adziernika 2021 r., przy czym nie ma mo\u017cliwo\u015bci rekompensaty poniesionych koszt\u00f3w przekraczaj\u0105cych otrzymane wsparcie.&#13;<br \/>\n&#8211; Przedstawienia rozliczenia straty netto na podstawie sprawozda\u0144 finansowych&#13;<br \/>\n&#13;<br \/>\n\u015arodki mo\u017cna wykorzysta\u0107 tylko i wy\u0142\u0105cznie na pokrycie koszt\u00f3w prowadzonej dzia\u0142alno\u015bci gospodarczej, m.in. wynagrodze\u0144 pracownik\u00f3w. Z otrzymanych \u015brodk\u00f3w nie mo\u017cna przedp\u0142aca\u0107 kredyt\u00f3w, leasing\u00f3w oraz innych podobnych instrument\u00f3w. Zakaz przeznaczania otrzymanych \u015brodk\u00f3w na p\u0142atno\u015bci do w\u0142a\u015bciciela oraz os\u00f3b lub podmiot\u00f3w powi\u0105zanych z w\u0142a\u015bcicielem przedsi\u0119biorstwa. Z otrzymanych \u015brodk\u00f3w nie mo\u017cna finansowa\u0107 przej\u0119cia innego przedsi\u0119biorstwa lub akwizycji&#13;<br \/>\n&#13;<br \/>\nTarcza Finansowa PFR 2.0 dla mikrofirm &#8211; zasady:&#13;<br \/>\n&#8211; Dla firm zatrudniaj\u0105cych od 1 do 9 pracownik\u00f3w z 38 bran\u017c z Polskiej Klasyfikacji Dzia\u0142alno\u015bci&#13;<br \/>\n&#8211; Obr\u00f3t lub suma bilansowa za 2019 r. do 2 mln euro&#13;<br \/>\n&#8211; Subwencje finansowe &#8211; 18 tys. z\u0142 lub 36 tys. z\u0142\u00a0 na zatrudnionego&#13;<br \/>\n&#8211; Subwencje do maksymalnej kwoty 324 tys. z\u0142&#13;<br \/>\n&#8211; Wysoko\u015b\u0107 subwencji zale\u017cna od liczby pracownik\u00f3w i spadku obrot\u00f3w&#13;<br \/>\n&#8211; Dla firm, kt\u00f3re w okresie kwiecie\u0144-grudzie\u0144 lub pa\u017adziernik-grudzie\u0144 br. odnotowa\u0142y spadek obrot\u00f3w o minimum 30% w stosunku do analogicznego okresu w 2019 r. w zwi\u0105zku z COVID-19&#13;<br \/>\n&#8211; \u015arodki bezzwrotne pod warunkiem prowadzenia dzia\u0142alno\u015bci i utrzymania poziomu zatrudnienia w ci\u0105gu 12 miesi\u0119cy&#13;<br \/>\n&#8211; Termin sk\u0142adania wniosk\u00f3w: stycze\u0144 \u2013 luty 2021 r. (po zgodzie KE).&#13;<br \/>\n&#13;<br \/>\n&#13;<br \/>\n&#13;<br \/>\nMaksymalna kwota finansowania przy skorzystaniu przez przedsi\u0119biorc\u0119 z obu Tarcz Finansowych nie mo\u017ce by\u0107 wy\u017csza ni\u017c 72 tys. z\u0142 na jednego pracownika.&#13;<br \/>\n&#13;<\/p>\n<p>&#13;<br \/>\n&#13;<br \/>\nKt\u00f3re bran\u017ce mog\u0105 skorzysta\u0107 z Tarczy Finansowej 2.0?&#13;<br \/>\n&#13;<br \/>\nKancelaria premiera przedstawi\u0142a list\u0119 38 bran\u017c wed\u0142ug Polskiej Klasyfikacji Dzia\u0142alno\u015bci, kt\u00f3rych przedstawiciele mog\u0105 ubiega\u0107 si\u0119 o dotacje z Tarczy Finansowej 2.0. S\u0105 to nast\u0119puj\u0105ce bran\u017ce:&#13;<br \/>\n\u00a0\u00a0\u00a0 49.39.Z &#8211; Pozosta\u0142y transport l\u0105dowy pasa\u017cerski, gdzie indziej niesklasyfikowany&#13;<br \/>\n\u00a0\u00a0\u00a0 47.71.Z &#8211; Sprzeda\u017c detaliczna odzie\u017cy prowadzona w wyspecjalizowanych sklepach&#13;<br \/>\n\u00a0\u00a0\u00a0 47.81.Z &#8211; Sprzeda\u017c detaliczna \u017cywno\u015bci, napoj\u00f3w i wyrob\u00f3w tytoniowych prowadzona na straganach i targowiskach&#13;<br \/>\n\u00a0\u00a0\u00a0 47.82.Z &#8211; Sprzeda\u017c detaliczna wyrob\u00f3w tekstylnych, odzie\u017cy i obuwia prowadzona na straganach i targowiskach&#13;<br \/>\n\u00a0\u00a0\u00a0 47.89.Z &#8211; Sprzeda\u017c detaliczna pozosta\u0142ych wyrob\u00f3w prowadzona na straganach i targowiskach&#13;<br \/>\n\u00a0\u00a0\u00a0 56.21.Z &#8211; Przygotowywanie i dostarczanie \u017cywno\u015bci dla odbiorc\u00f3w zewn\u0119trznych&#13;<br \/>\n\u00a0\u00a0\u00a0 55.10.Z &#8211; Hotele i podobne obiekty zakwaterowania&#13;<br \/>\n\u00a0\u00a0\u00a0 55.20.Z &#8211; Obiekty noclegowe turystyczne i miejsca kr\u00f3tkotrwa\u0142ego zakwaterowania&#13;<br \/>\n\u00a0\u00a0\u00a0 56.10.A &#8211; Restauracje i inne sta\u0142e plac\u00f3wki gastronomiczne&#13;<br \/>\n\u00a0\u00a0\u00a0 56.10.B &#8211; Ruchome plac\u00f3wki gastronomiczne&#13;<br \/>\n\u00a0\u00a0\u00a0 56.29.Z &#8211; Pozosta\u0142a us\u0142ugowa dzia\u0142alno\u015b\u0107 gastronomiczna&#13;<br \/>\n\u00a0\u00a0\u00a0 56.30.Z &#8211; Przygotowywanie i podawanie napoj\u00f3w&#13;<br \/>\n\u00a0\u00a0\u00a0 59.14.Z &#8211; Dzia\u0142alno\u015b\u0107 zwi\u0105zana z projekcj\u0105 film\u00f3w&#13;<br \/>\n\u00a0\u00a0\u00a0 74.20.Z &#8211; Dzia\u0142alno\u015b\u0107 fotograficzna&#13;<br \/>\n\u00a0\u00a0\u00a0 77.21.Z &#8211; Wypo\u017cyczanie i dzier\u017cawa sprz\u0119tu rekreacyjnego i sportowego&#13;<br \/>\n\u00a0\u00a0\u00a0 79.11.A &#8211; Dzia\u0142alno\u015b\u0107 agent\u00f3w turystycznych&#13;<br \/>\n\u00a0\u00a0\u00a0 79.12.Z &#8211; Dzia\u0142alno\u015b\u0107 organizator\u00f3w turystyki&#13;<br \/>\n\u00a0\u00a0\u00a0 79.11.B &#8211; Dzia\u0142alno\u015b\u0107 po\u015brednik\u00f3w turystycznych&#13;<br \/>\n\u00a0\u00a0\u00a0 79.90.A &#8211; Dzia\u0142alno\u015b\u0107 pilot\u00f3w wycieczek i przewodnik\u00f3w turystycznych&#13;<br \/>\n\u00a0\u00a0\u00a0 79.90.B &#8211; Dzia\u0142alno\u015b\u0107 w zakresie informacji turystycznej&#13;<br \/>\n\u00a0\u00a0\u00a0 79.90.C &#8211; Pozosta\u0142a dzia\u0142alno\u015b\u0107 us\u0142ugowa w zakresie rezerwacji, gdzie indziej niesklasyfikowana&#13;<br \/>\n\u00a0\u00a0\u00a0 82.30.Z &#8211; Dzia\u0142alno\u015b\u0107 zwi\u0105zana z organizacj\u0105 targ\u00f3w, wystaw i kongres\u00f3w&#13;<br \/>\n\u00a0\u00a0\u00a0 85.51.Z &#8211; Pozaszkolne formy edukacji sportowej oraz zaj\u0119\u0107 sportowych i rekreacyjnych&#13;<br \/>\n\u00a0\u00a0\u00a0 85.52.Z &#8211; Pozaszkolne formy edukacji artystycznej&#13;<br \/>\n\u00a0\u00a0\u00a0 86.90.A &#8211; Dzia\u0142alno\u015b\u0107 fizjoterapeutyczna&#13;<br \/>\n\u00a0\u00a0\u00a0 86.90.D &#8211; Dzia\u0142alno\u015b\u0107 paramedyczna&#13;<br \/>\n\u00a0\u00a0\u00a0 90.01 Z &#8211; Dzia\u0142alno\u015b\u0107 zwi\u0105zana z wystawianiem przedstawie\u0144 artystycznych- zesp\u00f3\u0142 muzyczny&#13;<br \/>\n\u00a0\u00a0\u00a0 90.02.Z &#8211; Dzia\u0142alno\u015b\u0107 wspomagaj\u0105ca wystawianie przedstawie\u0144 artystycznych&#13;<br \/>\n\u00a0\u00a0\u00a0 90.04.Z &#8211; Dzia\u0142alno\u015b\u0107 obiekt\u00f3w kulturalnych&#13;<br \/>\n\u00a0\u00a0\u00a0 91.02.Z &#8211; Dzia\u0142alno\u015b\u0107 muze\u00f3w&#13;<br \/>\n\u00a0\u00a0\u00a0 93.11.Z &#8211; Dzia\u0142alno\u015b\u0107 obiekt\u00f3w sportowych&#13;<br \/>\n\u00a0\u00a0\u00a0 93.13.Z &#8211; Dzia\u0142alno\u015b\u0107 obiekt\u00f3w s\u0142u\u017c\u0105cych poprawie kondycji fizycznej&#13;<br \/>\n\u00a0\u00a0\u00a0 93.19.Z &#8211; Pozosta\u0142a dzia\u0142alno\u015b\u0107 zwi\u0105zana ze sportem&#13;<br \/>\n\u00a0\u00a0\u00a0 93.21.Z &#8211; Dzia\u0142alno\u015b\u0107 weso\u0142ych miasteczek i park\u00f3w rozrywki&#13;<br \/>\n\u00a0\u00a0\u00a0 93.29.A &#8211; Dzia\u0142alno\u015b\u0107 pokoj\u00f3w zagadek, dom\u00f3w strachu, miejsc do ta\u0144czenia i w zakresie innych form rozrywki lub rekreacji organizowanych&#13;<br \/>\n\u00a0\u00a0\u00a0 93.29.B &#8211; Pozosta\u0142a dzia\u0142alno\u015b\u0107 rozrywkowa i rekreacyjna, gdzie indziej niesklasyfikowana&#13;<br \/>\n\u00a0\u00a0\u00a0 93.29.Z &#8211; Pozosta\u0142a dzia\u0142alno\u015b\u0107 rozrywkowa i rekreacyjna&#13;<br \/>\n\u00a0\u00a0\u00a0 96.04.Z &#8211; Dzia\u0142alno\u015b\u0107 us\u0142ugowa zwi\u0105zana z popraw\u0105 kondycji fizycznej&#13;<br \/>\n&#13;<br \/>\nSzef PFR: lista bran\u017c, kt\u00f3re dostan\u0105 pomoc z Tarczy 2.0, mo\u017ce by\u0107 rozszerzona&#13;<br \/>\n&#13;<br \/>\nLista 38 bran\u017c, do kt\u00f3rych trafi pomoc z Tarczy 2.0, mo\u017ce zosta\u0107 rozszerzona &#8211; powiedzia\u0142 prezes PFR Pawe\u0142 Borys podczas czwartkowej prezentacji programu. Zaznaczy\u0142, \u017ce mo\u017cliwo\u015b\u0107 tak\u0105 daje te\u017c wniosek notyfikacyjny skierowany ju\u017c do KE.&#13;<br \/>\n&#13;<br \/>\nJak m\u00f3wi\u0142 Pawe\u0142 Borys, opisuj\u0105c szczeg\u00f3\u0142y programu, &#8222;mamy do dyspozycji 35-40 mld z\u0142, ale zak\u0142adamy, \u017ce w stosunku do tych bran\u017c taka kwota wsparcia b\u0119dzie wynosi\u0142a w ramach Tarczy M\u015aP i Tarczy dla du\u017cych firm ok. 20 mld z\u0142, kt\u00f3re b\u0119dziemy chcieli przekaza\u0107 na wsparcie gospodarki do ko\u0144ca pierwszego kwarta\u0142u przysz\u0142ego roku&#8221;.&#13;<br \/>\n&#13;<br \/>\nWskaza\u0142, \u017ce cho\u0107 lista 38 bran\u017c uwzgl\u0119dnia ju\u017c bran\u017ce dotkni\u0119te kryzysem czy restrykcjami tak\u017ce po\u015brednio, to nie jest ona ostateczna. &#8222;Podajemy t\u0119 list\u0119 do publicznej wiadomo\u015bci i (&#8230;) b\u0119dziemy do niej zbierali uwagi. Po analizie i uzgodnieniu z ministerstwem rozwoju, bo oni s\u0105 liderem w tym obszarze decyzji co do ostatecznej liczby bran\u017c, niewykluczone, \u017ce ta lista mo\u017ce by\u0107 rozszerzona&#8221; &#8211; powiedzia\u0142.&#13;<br \/>\n&#13;<br \/>\nZaznaczy\u0142, \u017ce Polska wyst\u0105pi\u0142a ju\u017c o zgod\u0119 Komisji Europejskiej na wyp\u0142at\u0119 pomocy.&#13;<br \/>\n&#13;<br \/>\n&#8222;Tarcza 2.0 dla M\u015aP, zmienione warunki m.in. po\u017cyczki preferencyjnej w Tarczy finansowej dla du\u017cych firm oraz umorzenie Tarczy finansowej 1.0 dla M\u015aP wymagaj\u0105 odr\u0119bnej zgody Komisji Europejskiej&#8221; &#8211; powiedzia\u0142 Borys, zaznaczaj\u0105c, \u017ce notyfikacje zosta\u0142y przekazane do KE. Doda\u0142, \u017ce przed formalnym z\u0142o\u017ceniem dokument\u00f3w prowadzone by\u0142y konsultacje i dialog z KE. &#8222;Nie widzimy tu kwestii kontrowersyjnych. (&#8230;) Og\u00f3lnie zak\u0142adamy, \u017ce te zgody zostan\u0105 uzyskane w grudniu i dlatego w styczniu b\u0119dziemy mogli wszystkie te dzia\u0142ania prowadzi\u0107&#8221; &#8211; podkre\u015bli\u0142.&#13;<br \/>\n&#13;<br \/>\nDoda\u0142, \u017ce w ca\u0142ym wniosku notyfikacyjnym do KE zosta\u0142a przedstawiona lista 38 bran\u017c, to program zosta\u0142 tak skonstruowany, by rz\u0105d m\u00f3g\u0142 w ka\u017cdej chwili podj\u0105\u0107 decyzj\u0119 o ewentualnej zmianie tej listy.&#13;<br \/>\n&#13;<br \/>\nWed\u0142ug Borysa \u017ar\u00f3d\u0142em finansowania programu b\u0119d\u0105 \u015brodki pozyskane w ramach emisji obligacji. &#8222;Je\u017celi sprawdz\u0105 si\u0119 te oczekiwania &#8211; m\u00f3wimy o kwocie ok. 20 mld z\u0142 \u0142\u0105cznie warto\u015bci tej Tarczy finansowej 2.0 z zastrze\u017ceniem, \u017ce mo\u017ce doj\u015b\u0107 do rozszerzenia bran\u017c, wi\u0119c mog\u0105 to by\u0107 wi\u0119ksze kwoty &#8211; te emisje b\u0119d\u0105 mia\u0142y warto\u015b\u0107 ok. 20 mld z\u0142 w perspektywie kwietnia przysz\u0142ego roku. Planujemy na pocz\u0105tek stycznia emisj\u0119 o warto\u015bci 5 mld z\u0142&#8221; &#8211; zapowiedzia\u0142.&#13;<br \/>\n&#13;<br \/>\nBorys oceni\u0142, \u017ce dane z polskiej gospodarki wskazuj\u0105, i\u017c &#8222;przechodzimy przez ten kryzys naprawd\u0119 such\u0105 stop\u0105&#8221;.&#13;<br \/>\n&#13;<br \/>\n&#8222;Uwa\u017cam, \u017ce aktywno\u015b\u0107 gospodarcza od grudnia b\u0119dzie si\u0119 poprawia\u0142a, a drugie dno, kt\u00f3re mieli\u015bmy w listopadzie jest znacznie p\u0142ytsze ni\u017c w II kwartale&#8221; &#8211; powiedzia\u0142. Oceni\u0142, \u017ce je\u017celi uda si\u0119 opanowa\u0107 pandemi\u0119, to &#8222;mamy w perspektywie &#8222;dobry rok, kt\u00f3ry powinien przynie\u015b\u0107 wzrost PKB w przedziale 4-6 proc.&#8221;, wi\u0119c rynek pracy i sektor przedsi\u0119biorstw w II kwartale 2021 r. powinny by\u0107 w &#8222;naprawd\u0119 bardzo dobrej kondycji&#8221;. Zaznaczy\u0142, \u017ce w najbli\u017cszych czterech miesi\u0105cach czeka nas jednak sezonowy wzrost rejestrowanej stopy bezrobocia.&#13;<br \/>\n                            &#13;<br \/>\n&#13;<br \/>\n                            &#13;<br \/>\n                            &#13;<br \/>\n                                                            &#13;<br \/>\n&#13;<br \/>\n                            &#13;<\/p>\n<p>\n<!--noindex--><br \/>\n<a href=\"https:\/\/www.wirtualnemedia.pl\/artykul\/tarcza-finansowa-2-0-od-pfr-warunki-dotacje-ktore-branze\" rel=\"nofollow\">Source link <\/a><br \/>\n<!--\/noindex--><\/p>\n","protected":false},"excerpt":{"rendered":"<p>&#8211; Od 9 miesi\u0119cy zmagamy si\u0119 ze skutkami pandemii nie tylko w obszarze zdrowotnym, ale tak\u017ce gospodarczym. Nasze instrumenty walki z kryzysem przynosz\u0105 rezultaty. Mamy \u015bwiate\u0142ko w tunelu pod wzgl\u0119dem bezrobocia i aktywno\u015bci ekonomicznej &#8211; to s\u0105 dobre wska\u017aniki &#8211; stwierdzi\u0142 Mateusz Morawiecki na konferencji w czwartek.&#13; &#13; &#8211; Dzi\u015b wdra\u017camy Tarcz\u0119 2.0. Patrzymy na [&hellip;]<\/p>\n","protected":false},"author":2,"featured_media":5398,"comment_status":"open","ping_status":"open","sticky":false,"template":"","format":"standard","meta":{"footnotes":""},"categories":[2],"tags":[],"class_list":["post-5397","post","type-post","status-publish","format-standard","has-post-thumbnail","hentry","category-wiadomosci-marketingowe-internetowe"],"yoast_head":"<!-- This site is optimized with the Yoast SEO plugin v27.4 - https:\/\/yoast.com\/product\/yoast-seo-wordpress\/ -->\n<title>35-40 mld z\u0142 z Tarczy 2.0 od PFR. Trafi m.in. do bran\u017cy kinowej, eventowej i kulturalnej - Favorite News<\/title>\n<meta name=\"robots\" content=\"index, follow, max-snippet:-1, max-image-preview:large, max-video-preview:-1\" \/>\n<link rel=\"canonical\" href=\"https:\/\/favorite-news.com\/pl\/35-40-mld-zl-z-tarczy-2-0-od-pfr-trafi-m-in-do-branzy-kinowej-eventowej-i-kulturalnej\/\" \/>\n<meta property=\"og:locale\" content=\"pl_PL\" \/>\n<meta property=\"og:type\" content=\"article\" \/>\n<meta property=\"og:title\" content=\"35-40 mld z\u0142 z Tarczy 2.0 od PFR. Trafi m.in. do bran\u017cy kinowej, eventowej i kulturalnej - Favorite News\" \/>\n<meta property=\"og:description\" content=\"&#8211; Od 9 miesi\u0119cy zmagamy si\u0119 ze skutkami pandemii nie tylko w obszarze zdrowotnym, ale tak\u017ce gospodarczym. Nasze instrumenty walki z kryzysem przynosz\u0105 rezultaty. Mamy \u015bwiate\u0142ko w tunelu pod wzgl\u0119dem bezrobocia i aktywno\u015bci ekonomicznej &#8211; to s\u0105 dobre wska\u017aniki &#8211; stwierdzi\u0142 Mateusz Morawiecki na konferencji w czwartek.&#013; &#013; &#8211; Dzi\u015b wdra\u017camy Tarcz\u0119 2.0. Patrzymy na [&hellip;]\" \/>\n<meta property=\"og:url\" content=\"https:\/\/favorite-news.com\/pl\/35-40-mld-zl-z-tarczy-2-0-od-pfr-trafi-m-in-do-branzy-kinowej-eventowej-i-kulturalnej\/\" \/>\n<meta property=\"og:site_name\" content=\"Favorite News\" \/>\n<meta property=\"article:published_time\" content=\"2020-11-26T20:43:18+00:00\" \/>\n<meta property=\"article:modified_time\" content=\"2020-11-26T20:43:21+00:00\" \/>\n<meta property=\"og:image\" content=\"https:\/\/favorite-news.com\/pl\/wp-content\/uploads\/sites\/6\/2020\/11\/35-40-mld-zl-z-Tarczy-20-od-PFR-Trafi-min.png\" \/>\n\t<meta property=\"og:image:width\" content=\"655\" \/>\n\t<meta property=\"og:image:height\" content=\"484\" \/>\n\t<meta property=\"og:image:type\" content=\"image\/png\" \/>\n<meta name=\"author\" content=\"favorite-news\" \/>\n<meta name=\"twitter:card\" content=\"summary_large_image\" \/>\n<meta name=\"twitter:label1\" content=\"Napisane przez\" \/>\n\t<meta name=\"twitter:data1\" content=\"favorite-news\" \/>\n\t<meta name=\"twitter:label2\" content=\"Szacowany czas czytania\" \/>\n\t<meta name=\"twitter:data2\" content=\"9 minut\" \/>\n<script type=\"application\/ld+json\" class=\"yoast-schema-graph\">{\"@context\":\"https:\\\/\\\/schema.org\",\"@graph\":[{\"@type\":\"Article\",\"@id\":\"https:\\\/\\\/favorite-news.com\\\/pl\\\/35-40-mld-zl-z-tarczy-2-0-od-pfr-trafi-m-in-do-branzy-kinowej-eventowej-i-kulturalnej\\\/#article\",\"isPartOf\":{\"@id\":\"https:\\\/\\\/favorite-news.com\\\/pl\\\/35-40-mld-zl-z-tarczy-2-0-od-pfr-trafi-m-in-do-branzy-kinowej-eventowej-i-kulturalnej\\\/\"},\"author\":{\"name\":\"favorite-news\",\"@id\":\"https:\\\/\\\/favorite-news.com\\\/pl\\\/#\\\/schema\\\/person\\\/b91573b717dcfa5e4696032a9d28d3e8\"},\"headline\":\"35-40 mld z\u0142 z Tarczy 2.0 od PFR. Trafi m.in. do bran\u017cy kinowej, eventowej i kulturalnej\",\"datePublished\":\"2020-11-26T20:43:18+00:00\",\"dateModified\":\"2020-11-26T20:43:21+00:00\",\"mainEntityOfPage\":{\"@id\":\"https:\\\/\\\/favorite-news.com\\\/pl\\\/35-40-mld-zl-z-tarczy-2-0-od-pfr-trafi-m-in-do-branzy-kinowej-eventowej-i-kulturalnej\\\/\"},\"wordCount\":1876,\"commentCount\":0,\"image\":{\"@id\":\"https:\\\/\\\/favorite-news.com\\\/pl\\\/35-40-mld-zl-z-tarczy-2-0-od-pfr-trafi-m-in-do-branzy-kinowej-eventowej-i-kulturalnej\\\/#primaryimage\"},\"thumbnailUrl\":\"https:\\\/\\\/favorite-news.com\\\/pl\\\/wp-content\\\/uploads\\\/sites\\\/6\\\/2020\\\/11\\\/35-40-mld-zl-z-Tarczy-20-od-PFR-Trafi-min.png\",\"articleSection\":[\"WIADOMO\u015aCI MARKETINGOWE INTERNETOWE\"],\"inLanguage\":\"pl-PL\",\"potentialAction\":[{\"@type\":\"CommentAction\",\"name\":\"Comment\",\"target\":[\"https:\\\/\\\/favorite-news.com\\\/pl\\\/35-40-mld-zl-z-tarczy-2-0-od-pfr-trafi-m-in-do-branzy-kinowej-eventowej-i-kulturalnej\\\/#respond\"]}]},{\"@type\":\"WebPage\",\"@id\":\"https:\\\/\\\/favorite-news.com\\\/pl\\\/35-40-mld-zl-z-tarczy-2-0-od-pfr-trafi-m-in-do-branzy-kinowej-eventowej-i-kulturalnej\\\/\",\"url\":\"https:\\\/\\\/favorite-news.com\\\/pl\\\/35-40-mld-zl-z-tarczy-2-0-od-pfr-trafi-m-in-do-branzy-kinowej-eventowej-i-kulturalnej\\\/\",\"name\":\"35-40 mld z\u0142 z Tarczy 2.0 od PFR. Trafi m.in. do bran\u017cy kinowej, eventowej i kulturalnej - Favorite News\",\"isPartOf\":{\"@id\":\"https:\\\/\\\/favorite-news.com\\\/pl\\\/#website\"},\"primaryImageOfPage\":{\"@id\":\"https:\\\/\\\/favorite-news.com\\\/pl\\\/35-40-mld-zl-z-tarczy-2-0-od-pfr-trafi-m-in-do-branzy-kinowej-eventowej-i-kulturalnej\\\/#primaryimage\"},\"image\":{\"@id\":\"https:\\\/\\\/favorite-news.com\\\/pl\\\/35-40-mld-zl-z-tarczy-2-0-od-pfr-trafi-m-in-do-branzy-kinowej-eventowej-i-kulturalnej\\\/#primaryimage\"},\"thumbnailUrl\":\"https:\\\/\\\/favorite-news.com\\\/pl\\\/wp-content\\\/uploads\\\/sites\\\/6\\\/2020\\\/11\\\/35-40-mld-zl-z-Tarczy-20-od-PFR-Trafi-min.png\",\"datePublished\":\"2020-11-26T20:43:18+00:00\",\"dateModified\":\"2020-11-26T20:43:21+00:00\",\"author\":{\"@id\":\"https:\\\/\\\/favorite-news.com\\\/pl\\\/#\\\/schema\\\/person\\\/b91573b717dcfa5e4696032a9d28d3e8\"},\"breadcrumb\":{\"@id\":\"https:\\\/\\\/favorite-news.com\\\/pl\\\/35-40-mld-zl-z-tarczy-2-0-od-pfr-trafi-m-in-do-branzy-kinowej-eventowej-i-kulturalnej\\\/#breadcrumb\"},\"inLanguage\":\"pl-PL\",\"potentialAction\":[{\"@type\":\"ReadAction\",\"target\":[\"https:\\\/\\\/favorite-news.com\\\/pl\\\/35-40-mld-zl-z-tarczy-2-0-od-pfr-trafi-m-in-do-branzy-kinowej-eventowej-i-kulturalnej\\\/\"]}]},{\"@type\":\"ImageObject\",\"inLanguage\":\"pl-PL\",\"@id\":\"https:\\\/\\\/favorite-news.com\\\/pl\\\/35-40-mld-zl-z-tarczy-2-0-od-pfr-trafi-m-in-do-branzy-kinowej-eventowej-i-kulturalnej\\\/#primaryimage\",\"url\":\"https:\\\/\\\/favorite-news.com\\\/pl\\\/wp-content\\\/uploads\\\/sites\\\/6\\\/2020\\\/11\\\/35-40-mld-zl-z-Tarczy-20-od-PFR-Trafi-min.png\",\"contentUrl\":\"https:\\\/\\\/favorite-news.com\\\/pl\\\/wp-content\\\/uploads\\\/sites\\\/6\\\/2020\\\/11\\\/35-40-mld-zl-z-Tarczy-20-od-PFR-Trafi-min.png\",\"width\":655,\"height\":484,\"caption\":\"Article\"},{\"@type\":\"BreadcrumbList\",\"@id\":\"https:\\\/\\\/favorite-news.com\\\/pl\\\/35-40-mld-zl-z-tarczy-2-0-od-pfr-trafi-m-in-do-branzy-kinowej-eventowej-i-kulturalnej\\\/#breadcrumb\",\"itemListElement\":[{\"@type\":\"ListItem\",\"position\":1,\"name\":\"Home\",\"item\":\"https:\\\/\\\/favorite-news.com\\\/pl\\\/\"},{\"@type\":\"ListItem\",\"position\":2,\"name\":\"35-40 mld z\u0142 z Tarczy 2.0 od PFR. Trafi m.in. do bran\u017cy kinowej, eventowej i kulturalnej\"}]},{\"@type\":\"WebSite\",\"@id\":\"https:\\\/\\\/favorite-news.com\\\/pl\\\/#website\",\"url\":\"https:\\\/\\\/favorite-news.com\\\/pl\\\/\",\"name\":\"Favorite News\",\"description\":\"Favorite News Polska\",\"potentialAction\":[{\"@type\":\"SearchAction\",\"target\":{\"@type\":\"EntryPoint\",\"urlTemplate\":\"https:\\\/\\\/favorite-news.com\\\/pl\\\/?s={search_term_string}\"},\"query-input\":{\"@type\":\"PropertyValueSpecification\",\"valueRequired\":true,\"valueName\":\"search_term_string\"}}],\"inLanguage\":\"pl-PL\"},{\"@type\":\"Person\",\"@id\":\"https:\\\/\\\/favorite-news.com\\\/pl\\\/#\\\/schema\\\/person\\\/b91573b717dcfa5e4696032a9d28d3e8\",\"name\":\"favorite-news\",\"image\":{\"@type\":\"ImageObject\",\"inLanguage\":\"pl-PL\",\"@id\":\"https:\\\/\\\/secure.gravatar.com\\\/avatar\\\/6c5a5cb12b74e9d517ee91cf570335b7d16177f1977cc91db161adfa435945a7?s=96&d=mm&r=g\",\"url\":\"https:\\\/\\\/secure.gravatar.com\\\/avatar\\\/6c5a5cb12b74e9d517ee91cf570335b7d16177f1977cc91db161adfa435945a7?s=96&d=mm&r=g\",\"contentUrl\":\"https:\\\/\\\/secure.gravatar.com\\\/avatar\\\/6c5a5cb12b74e9d517ee91cf570335b7d16177f1977cc91db161adfa435945a7?s=96&d=mm&r=g\",\"caption\":\"favorite-news\"},\"url\":\"https:\\\/\\\/favorite-news.com\\\/pl\\\/author\\\/pt\\\/\"}]}<\/script>\n<!-- \/ Yoast SEO plugin. -->","yoast_head_json":{"title":"35-40 mld z\u0142 z Tarczy 2.0 od PFR. Trafi m.in. do bran\u017cy kinowej, eventowej i kulturalnej - Favorite News","robots":{"index":"index","follow":"follow","max-snippet":"max-snippet:-1","max-image-preview":"max-image-preview:large","max-video-preview":"max-video-preview:-1"},"canonical":"https:\/\/favorite-news.com\/pl\/35-40-mld-zl-z-tarczy-2-0-od-pfr-trafi-m-in-do-branzy-kinowej-eventowej-i-kulturalnej\/","og_locale":"pl_PL","og_type":"article","og_title":"35-40 mld z\u0142 z Tarczy 2.0 od PFR. Trafi m.in. do bran\u017cy kinowej, eventowej i kulturalnej - Favorite News","og_description":"&#8211; Od 9 miesi\u0119cy zmagamy si\u0119 ze skutkami pandemii nie tylko w obszarze zdrowotnym, ale tak\u017ce gospodarczym. Nasze instrumenty walki z kryzysem przynosz\u0105 rezultaty. Mamy \u015bwiate\u0142ko w tunelu pod wzgl\u0119dem bezrobocia i aktywno\u015bci ekonomicznej &#8211; to s\u0105 dobre wska\u017aniki &#8211; stwierdzi\u0142 Mateusz Morawiecki na konferencji w czwartek.&#13; &#13; &#8211; Dzi\u015b wdra\u017camy Tarcz\u0119 2.0. Patrzymy na [&hellip;]","og_url":"https:\/\/favorite-news.com\/pl\/35-40-mld-zl-z-tarczy-2-0-od-pfr-trafi-m-in-do-branzy-kinowej-eventowej-i-kulturalnej\/","og_site_name":"Favorite News","article_published_time":"2020-11-26T20:43:18+00:00","article_modified_time":"2020-11-26T20:43:21+00:00","og_image":[{"width":655,"height":484,"url":"https:\/\/favorite-news.com\/pl\/wp-content\/uploads\/sites\/6\/2020\/11\/35-40-mld-zl-z-Tarczy-20-od-PFR-Trafi-min.png","type":"image\/png"}],"author":"favorite-news","twitter_card":"summary_large_image","twitter_misc":{"Napisane przez":"favorite-news","Szacowany czas czytania":"9 minut"},"schema":{"@context":"https:\/\/schema.org","@graph":[{"@type":"Article","@id":"https:\/\/favorite-news.com\/pl\/35-40-mld-zl-z-tarczy-2-0-od-pfr-trafi-m-in-do-branzy-kinowej-eventowej-i-kulturalnej\/#article","isPartOf":{"@id":"https:\/\/favorite-news.com\/pl\/35-40-mld-zl-z-tarczy-2-0-od-pfr-trafi-m-in-do-branzy-kinowej-eventowej-i-kulturalnej\/"},"author":{"name":"favorite-news","@id":"https:\/\/favorite-news.com\/pl\/#\/schema\/person\/b91573b717dcfa5e4696032a9d28d3e8"},"headline":"35-40 mld z\u0142 z Tarczy 2.0 od PFR. Trafi m.in. do bran\u017cy kinowej, eventowej i kulturalnej","datePublished":"2020-11-26T20:43:18+00:00","dateModified":"2020-11-26T20:43:21+00:00","mainEntityOfPage":{"@id":"https:\/\/favorite-news.com\/pl\/35-40-mld-zl-z-tarczy-2-0-od-pfr-trafi-m-in-do-branzy-kinowej-eventowej-i-kulturalnej\/"},"wordCount":1876,"commentCount":0,"image":{"@id":"https:\/\/favorite-news.com\/pl\/35-40-mld-zl-z-tarczy-2-0-od-pfr-trafi-m-in-do-branzy-kinowej-eventowej-i-kulturalnej\/#primaryimage"},"thumbnailUrl":"https:\/\/favorite-news.com\/pl\/wp-content\/uploads\/sites\/6\/2020\/11\/35-40-mld-zl-z-Tarczy-20-od-PFR-Trafi-min.png","articleSection":["WIADOMO\u015aCI MARKETINGOWE INTERNETOWE"],"inLanguage":"pl-PL","potentialAction":[{"@type":"CommentAction","name":"Comment","target":["https:\/\/favorite-news.com\/pl\/35-40-mld-zl-z-tarczy-2-0-od-pfr-trafi-m-in-do-branzy-kinowej-eventowej-i-kulturalnej\/#respond"]}]},{"@type":"WebPage","@id":"https:\/\/favorite-news.com\/pl\/35-40-mld-zl-z-tarczy-2-0-od-pfr-trafi-m-in-do-branzy-kinowej-eventowej-i-kulturalnej\/","url":"https:\/\/favorite-news.com\/pl\/35-40-mld-zl-z-tarczy-2-0-od-pfr-trafi-m-in-do-branzy-kinowej-eventowej-i-kulturalnej\/","name":"35-40 mld z\u0142 z Tarczy 2.0 od PFR. Trafi m.in. do bran\u017cy kinowej, eventowej i kulturalnej - Favorite News","isPartOf":{"@id":"https:\/\/favorite-news.com\/pl\/#website"},"primaryImageOfPage":{"@id":"https:\/\/favorite-news.com\/pl\/35-40-mld-zl-z-tarczy-2-0-od-pfr-trafi-m-in-do-branzy-kinowej-eventowej-i-kulturalnej\/#primaryimage"},"image":{"@id":"https:\/\/favorite-news.com\/pl\/35-40-mld-zl-z-tarczy-2-0-od-pfr-trafi-m-in-do-branzy-kinowej-eventowej-i-kulturalnej\/#primaryimage"},"thumbnailUrl":"https:\/\/favorite-news.com\/pl\/wp-content\/uploads\/sites\/6\/2020\/11\/35-40-mld-zl-z-Tarczy-20-od-PFR-Trafi-min.png","datePublished":"2020-11-26T20:43:18+00:00","dateModified":"2020-11-26T20:43:21+00:00","author":{"@id":"https:\/\/favorite-news.com\/pl\/#\/schema\/person\/b91573b717dcfa5e4696032a9d28d3e8"},"breadcrumb":{"@id":"https:\/\/favorite-news.com\/pl\/35-40-mld-zl-z-tarczy-2-0-od-pfr-trafi-m-in-do-branzy-kinowej-eventowej-i-kulturalnej\/#breadcrumb"},"inLanguage":"pl-PL","potentialAction":[{"@type":"ReadAction","target":["https:\/\/favorite-news.com\/pl\/35-40-mld-zl-z-tarczy-2-0-od-pfr-trafi-m-in-do-branzy-kinowej-eventowej-i-kulturalnej\/"]}]},{"@type":"ImageObject","inLanguage":"pl-PL","@id":"https:\/\/favorite-news.com\/pl\/35-40-mld-zl-z-tarczy-2-0-od-pfr-trafi-m-in-do-branzy-kinowej-eventowej-i-kulturalnej\/#primaryimage","url":"https:\/\/favorite-news.com\/pl\/wp-content\/uploads\/sites\/6\/2020\/11\/35-40-mld-zl-z-Tarczy-20-od-PFR-Trafi-min.png","contentUrl":"https:\/\/favorite-news.com\/pl\/wp-content\/uploads\/sites\/6\/2020\/11\/35-40-mld-zl-z-Tarczy-20-od-PFR-Trafi-min.png","width":655,"height":484,"caption":"Article"},{"@type":"BreadcrumbList","@id":"https:\/\/favorite-news.com\/pl\/35-40-mld-zl-z-tarczy-2-0-od-pfr-trafi-m-in-do-branzy-kinowej-eventowej-i-kulturalnej\/#breadcrumb","itemListElement":[{"@type":"ListItem","position":1,"name":"Home","item":"https:\/\/favorite-news.com\/pl\/"},{"@type":"ListItem","position":2,"name":"35-40 mld z\u0142 z Tarczy 2.0 od PFR. Trafi m.in. do bran\u017cy kinowej, eventowej i kulturalnej"}]},{"@type":"WebSite","@id":"https:\/\/favorite-news.com\/pl\/#website","url":"https:\/\/favorite-news.com\/pl\/","name":"Favorite News","description":"Favorite News Polska","potentialAction":[{"@type":"SearchAction","target":{"@type":"EntryPoint","urlTemplate":"https:\/\/favorite-news.com\/pl\/?s={search_term_string}"},"query-input":{"@type":"PropertyValueSpecification","valueRequired":true,"valueName":"search_term_string"}}],"inLanguage":"pl-PL"},{"@type":"Person","@id":"https:\/\/favorite-news.com\/pl\/#\/schema\/person\/b91573b717dcfa5e4696032a9d28d3e8","name":"favorite-news","image":{"@type":"ImageObject","inLanguage":"pl-PL","@id":"https:\/\/secure.gravatar.com\/avatar\/6c5a5cb12b74e9d517ee91cf570335b7d16177f1977cc91db161adfa435945a7?s=96&d=mm&r=g","url":"https:\/\/secure.gravatar.com\/avatar\/6c5a5cb12b74e9d517ee91cf570335b7d16177f1977cc91db161adfa435945a7?s=96&d=mm&r=g","contentUrl":"https:\/\/secure.gravatar.com\/avatar\/6c5a5cb12b74e9d517ee91cf570335b7d16177f1977cc91db161adfa435945a7?s=96&d=mm&r=g","caption":"favorite-news"},"url":"https:\/\/favorite-news.com\/pl\/author\/pt\/"}]}},"_links":{"self":[{"href":"https:\/\/favorite-news.com\/pl\/wp-json\/wp\/v2\/posts\/5397","targetHints":{"allow":["GET"]}}],"collection":[{"href":"https:\/\/favorite-news.com\/pl\/wp-json\/wp\/v2\/posts"}],"about":[{"href":"https:\/\/favorite-news.com\/pl\/wp-json\/wp\/v2\/types\/post"}],"author":[{"embeddable":true,"href":"https:\/\/favorite-news.com\/pl\/wp-json\/wp\/v2\/users\/2"}],"replies":[{"embeddable":true,"href":"https:\/\/favorite-news.com\/pl\/wp-json\/wp\/v2\/comments?post=5397"}],"version-history":[{"count":1,"href":"https:\/\/favorite-news.com\/pl\/wp-json\/wp\/v2\/posts\/5397\/revisions"}],"predecessor-version":[{"id":5399,"href":"https:\/\/favorite-news.com\/pl\/wp-json\/wp\/v2\/posts\/5397\/revisions\/5399"}],"wp:featuredmedia":[{"embeddable":true,"href":"https:\/\/favorite-news.com\/pl\/wp-json\/wp\/v2\/media\/5398"}],"wp:attachment":[{"href":"https:\/\/favorite-news.com\/pl\/wp-json\/wp\/v2\/media?parent=5397"}],"wp:term":[{"taxonomy":"category","embeddable":true,"href":"https:\/\/favorite-news.com\/pl\/wp-json\/wp\/v2\/categories?post=5397"},{"taxonomy":"post_tag","embeddable":true,"href":"https:\/\/favorite-news.com\/pl\/wp-json\/wp\/v2\/tags?post=5397"}],"curies":[{"name":"wp","href":"https:\/\/api.w.org\/{rel}","templated":true}]}}