{"id":5386,"date":"2020-11-25T23:35:30","date_gmt":"2020-11-25T20:35:30","guid":{"rendered":"https:\/\/favorite-news.com\/pl\/polacy-wydadza-w-tym-roku-na-swieta-29-proc-mniej-niz-w-2019-roku\/"},"modified":"2020-11-25T23:35:32","modified_gmt":"2020-11-25T20:35:32","slug":"polacy-wydadza-w-tym-roku-na-swieta-29-proc-mniej-niz-w-2019-roku","status":"publish","type":"post","link":"https:\/\/favorite-news.com\/pl\/polacy-wydadza-w-tym-roku-na-swieta-29-proc-mniej-niz-w-2019-roku\/","title":{"rendered":"Polacy wydadz\u0105 w tym roku na \u015bwi\u0119ta 29 proc. mniej ni\u017c w 2019 roku"},"content":{"rendered":"<p>Wed\u0142ug Deloitte, Polacy deklaruj\u0105, \u017ce na bo\u017conarodzeniowe prezenty, \u017cywno\u015b\u0107, podr\u00f3\u017ce oraz spotkania z najbli\u017cszymi przeznacz\u0105 \u015brednio 1 318 z\u0142. To 29 proc. mniej ni\u017c &#8211; zgodnie z deklaracjami &#8211; wydali w ubieg\u0142ym roku.Raport wskazuje, \u017ce mieszka\u0144cy innych badanych europejskich kraj\u00f3w przewiduj\u0105 jeszcze g\u0142\u0119bsze ci\u0119cia, si\u0119gaj\u0105ce ponad 43 proc. Najwy\u017cszy bud\u017cet planuj\u0105 przeznaczy\u0107 na \u015bwi\u0119ta Hiszpanie, chc\u0105cy wyda\u0107 r\u00f3wnowarto\u015b\u0107 prawie 1 660 z\u0142. Z kolei najmniejsze wydatki na ten cel, spo\u015br\u00f3d badanych kraj\u00f3w, prognozuj\u0105 Holendrzy: \u015brednio 945 z\u0142. Z kolei nasi zachodni s\u0105siedzi wydadz\u0105 w przeliczeniu \u015brednio 1575 z\u0142.Najwi\u0119ksze ci\u0119cia w przypadku Polak\u00f3w obejm\u0105 koszyk zwi\u0105zany z podr\u00f3\u017camiJak przewiduje Deloitte, w zwi\u0105zku z sytuacj\u0105 epidemiczn\u0105 najwi\u0119ksze ci\u0119cia w przypadku Polak\u00f3w obejm\u0105 koszyk zwi\u0105zany z podr\u00f3\u017cami. Na ten cel wydamy \u015brednio jedynie 58 z\u0142, czyli o ponad 70 proc. mniej ni\u017c w minionym roku. Wed\u0142ug deklaracji, badani nie chc\u0105 nadmiernie oszcz\u0119dza\u0107 na prezentach. Ich koszt b\u0119dzie \u015brednio o 8 proc. ni\u017cszy ni\u017c w ubieg\u0142ym roku, a upominki b\u0119d\u0105 stanowi\u0142y ponad 50 proc. \u015bwi\u0105tecznego koszyka. Zamierzamy wyda\u0107 na nie \u015brednio 680 z\u0142. Z kolei \u017cywno\u015b\u0107 i napoje poch\u0142on\u0105 430 z\u0142 (spadek o 33 proc.). Przyjemno\u015bci oraz rozrywka b\u0119d\u0105 nas kosztowa\u0107 \u015brednio 150 z\u0142 (spadek o 43 proc.).Ponad po\u0142owa respondent\u00f3w Deloitte deklarowa\u0142a, \u017ce w tym roku negatywne czynniki b\u0119d\u0105 mia\u0142y wp\u0142yw na zmniejszenie bo\u017conarodzeniowych wydatk\u00f3w. Najpowa\u017cniejszym z nich s\u0105 ograniczenia zwi\u0105zane z pandemi\u0105, na kt\u00f3re wskazuje 62 proc. ankietowanych. Niewiele mniej, bo 60 proc. wskazuje na niestabilno\u015b\u0107 gospodarcz\u0105, a 53 proc. na rosn\u0105ce koszty \u017cycia.Eksperci Deloitte wskazali w raporcie, \u017ce pandemia ma tak\u017ce istotny wp\u0142yw na zwyczaje zakupowe Polak\u00f3w. Niemal trzy czwarte badanych ma zamiar sp\u0119dzi\u0107 przed\u015bwi\u0105teczny czas w domu i unika\u0107 miejsc publicznych. Z kolei 67 proc. zredukuje liczb\u0119 wizyt w sklepach stacjonarnych, a ponad 60 proc. ograniczy kontakt z innymi lud\u017ami, w tym spotkania towarzyskie, ale tak\u017ce rodzinne (odpowiednio 63 i 64 proc.). Cz\u0119sto wymieniane by\u0142y r\u00f3wnie\u017c wcze\u015bniejsze dokonanie zakup\u00f3w \u015bwi\u0105tecznych (62 proc.), jak te\u017c ograniczenie wydatk\u00f3w na konsumpcj\u0119 \u015bwi\u0105teczn\u0105 (56 proc.).Niemal 30 proc. \u015bwi\u0105tecznego bud\u017cetu wydadz\u0105 w sklepach pomi\u0119dzy 15 a 24 grudniaJe\u015bli chodzi o czas robienia zakup\u00f3w, to respondenci deklaruj\u0105, \u017ce niemal 30 proc. \u015bwi\u0105tecznego bud\u017cetu wydadz\u0105 w sklepach pomi\u0119dzy 15 a 24 grudnia. Z kolei nieco ponad jedn\u0105 pi\u0105t\u0105 wydadz\u0105 w pierwszej po\u0142owie grudnia. \u0141\u0105cznie b\u0119dzie to nieco powy\u017cej 50 proc. Kolejne 16 proc. \u015bwi\u0105tecznego bud\u017cetu Polacy planuj\u0105 przeznaczy\u0107 na zakupy w czasie Black Friday, co mo\u017ce wynika\u0107 z coraz cz\u0119\u015bciej wyd\u0142u\u017canych przez detalist\u00f3w akcji promocyjnych, w ramach Black Friday czy Black Week. Respondenci badania wskazali tak\u017ce, \u017ce 12 proc. \u015brodk\u00f3w przeznaczonych na tegoroczne \u015bwi\u0119ta wyda\u0142o lub wyda jeszcze w listopadzie.Z badania wynika r\u00f3wnie\u017c, \u017ce sklepy stacjonarne pozostaj\u0105 preferowanym miejscem sprzeda\u017cy dla wi\u0119kszo\u015bci grup produkt\u00f3w, jednak ich przewaga nad kana\u0142ami cyfrowymi jest coraz mniejsza. W sklepach stacjonarnych kupujemy najcz\u0119\u015bciej kosmetyki i perfumy, dobra luksusowe, produkty do domu, a tak\u017ce \u017cywno\u015b\u0107 i napoje. W tej ostatniej kategorii r\u00f3\u017cnica jest naprawd\u0119 istotna i wynosi 83 proc. do 17 proc. na korzy\u015b\u0107 sklep\u00f3w stacjonarnych. Produkty spo\u017cywcze kupujemy zar\u00f3wno w sklepach wielkopowierzchniowych (40 proc.), jak i lokalnych (38 proc.). Kana\u0142y online najcz\u0119\u015bciej wybieramy w przypadku elektroniki czy zabawek. Klienci, kt\u00f3rzy decyduj\u0105 si\u0119 na zakup odzie\u017cy i obuwia oraz akcesori\u00f3w sportowych, sklepy online wskazywali r\u00f3wnie cz\u0119sto, co stacjonarne. Z kolei a\u017c 27 proc. zabawek kupowanych jest w hiper- i supermarketach.Badanie online przeprowadzono w dniach 29 pa\u017adziernika \u2013 4 listopada 2020 roku, w\u015br\u00f3d blisko 5 tys. respondent\u00f3w w przedziale wiekowym od 18 do 65 lat. Tegoroczna edycja analizuje dane z pi\u0119ciu kraj\u00f3w europejskich (Niemcy, W\u0142ochy, Polska, Hiszpania i Holandia).<br \/>\n<br \/>\n<!--noindex--><br \/>\n<a href=\"https:\/\/www.wirtualnemedia.pl\/artykul\/w-tym-roku-na-swieta-wydamy-29-proc-mniej-niz-w-2019-roku-badanie-zakupy-swiateczne-2020\" rel=\"nofollow\">Source link <\/a><br \/>\n<!--\/noindex--><\/p>\n","protected":false},"excerpt":{"rendered":"<p>Wed\u0142ug Deloitte, Polacy deklaruj\u0105, \u017ce na bo\u017conarodzeniowe prezenty, \u017cywno\u015b\u0107, podr\u00f3\u017ce oraz spotkania z najbli\u017cszymi przeznacz\u0105 \u015brednio 1 318 z\u0142. To 29 proc. mniej ni\u017c &#8211; zgodnie z deklaracjami &#8211; wydali w ubieg\u0142ym roku.Raport wskazuje, \u017ce mieszka\u0144cy innych badanych europejskich kraj\u00f3w przewiduj\u0105 jeszcze g\u0142\u0119bsze ci\u0119cia, si\u0119gaj\u0105ce ponad 43 proc. Najwy\u017cszy bud\u017cet planuj\u0105 przeznaczy\u0107 na \u015bwi\u0119ta Hiszpanie, [&hellip;]<\/p>\n","protected":false},"author":2,"featured_media":5387,"comment_status":"open","ping_status":"open","sticky":false,"template":"","format":"standard","meta":{"footnotes":""},"categories":[2],"tags":[],"class_list":["post-5386","post","type-post","status-publish","format-standard","has-post-thumbnail","hentry","category-wiadomosci-marketingowe-internetowe"],"yoast_head":"<!-- This site is optimized with the Yoast SEO plugin v27.4 - https:\/\/yoast.com\/product\/yoast-seo-wordpress\/ -->\n<title>Polacy wydadz\u0105 w tym roku na \u015bwi\u0119ta 29 proc. mniej ni\u017c w 2019 roku - Favorite News<\/title>\n<meta name=\"robots\" content=\"index, follow, max-snippet:-1, max-image-preview:large, max-video-preview:-1\" \/>\n<link rel=\"canonical\" href=\"https:\/\/favorite-news.com\/pl\/polacy-wydadza-w-tym-roku-na-swieta-29-proc-mniej-niz-w-2019-roku\/\" \/>\n<meta property=\"og:locale\" content=\"pl_PL\" \/>\n<meta property=\"og:type\" content=\"article\" \/>\n<meta property=\"og:title\" content=\"Polacy wydadz\u0105 w tym roku na \u015bwi\u0119ta 29 proc. mniej ni\u017c w 2019 roku - Favorite News\" \/>\n<meta property=\"og:description\" content=\"Wed\u0142ug Deloitte, Polacy deklaruj\u0105, \u017ce na bo\u017conarodzeniowe prezenty, \u017cywno\u015b\u0107, podr\u00f3\u017ce oraz spotkania z najbli\u017cszymi przeznacz\u0105 \u015brednio 1 318 z\u0142. To 29 proc. mniej ni\u017c &#8211; zgodnie z deklaracjami &#8211; wydali w ubieg\u0142ym roku.Raport wskazuje, \u017ce mieszka\u0144cy innych badanych europejskich kraj\u00f3w przewiduj\u0105 jeszcze g\u0142\u0119bsze ci\u0119cia, si\u0119gaj\u0105ce ponad 43 proc. Najwy\u017cszy bud\u017cet planuj\u0105 przeznaczy\u0107 na \u015bwi\u0119ta Hiszpanie, [&hellip;]\" \/>\n<meta property=\"og:url\" content=\"https:\/\/favorite-news.com\/pl\/polacy-wydadza-w-tym-roku-na-swieta-29-proc-mniej-niz-w-2019-roku\/\" \/>\n<meta property=\"og:site_name\" content=\"Favorite News\" \/>\n<meta property=\"article:published_time\" content=\"2020-11-25T20:35:30+00:00\" \/>\n<meta property=\"article:modified_time\" content=\"2020-11-25T20:35:32+00:00\" \/>\n<meta property=\"og:image\" content=\"https:\/\/favorite-news.com\/pl\/wp-content\/uploads\/sites\/6\/2020\/11\/Polacy-wydadza-w-tym-roku-na-swieta-29-proc-mniej.jpg\" \/>\n\t<meta property=\"og:image:width\" content=\"655\" \/>\n\t<meta property=\"og:image:height\" content=\"655\" \/>\n\t<meta property=\"og:image:type\" content=\"image\/jpeg\" \/>\n<meta name=\"author\" content=\"favorite-news\" \/>\n<meta name=\"twitter:card\" content=\"summary_large_image\" \/>\n<meta name=\"twitter:label1\" content=\"Napisane przez\" \/>\n\t<meta name=\"twitter:data1\" content=\"favorite-news\" \/>\n\t<meta name=\"twitter:label2\" content=\"Szacowany czas czytania\" \/>\n\t<meta name=\"twitter:data2\" content=\"3 minuty\" \/>\n<script type=\"application\/ld+json\" class=\"yoast-schema-graph\">{\"@context\":\"https:\\\/\\\/schema.org\",\"@graph\":[{\"@type\":\"Article\",\"@id\":\"https:\\\/\\\/favorite-news.com\\\/pl\\\/polacy-wydadza-w-tym-roku-na-swieta-29-proc-mniej-niz-w-2019-roku\\\/#article\",\"isPartOf\":{\"@id\":\"https:\\\/\\\/favorite-news.com\\\/pl\\\/polacy-wydadza-w-tym-roku-na-swieta-29-proc-mniej-niz-w-2019-roku\\\/\"},\"author\":{\"name\":\"favorite-news\",\"@id\":\"https:\\\/\\\/favorite-news.com\\\/pl\\\/#\\\/schema\\\/person\\\/b91573b717dcfa5e4696032a9d28d3e8\"},\"headline\":\"Polacy wydadz\u0105 w tym roku na \u015bwi\u0119ta 29 proc. mniej ni\u017c w 2019 roku\",\"datePublished\":\"2020-11-25T20:35:30+00:00\",\"dateModified\":\"2020-11-25T20:35:32+00:00\",\"mainEntityOfPage\":{\"@id\":\"https:\\\/\\\/favorite-news.com\\\/pl\\\/polacy-wydadza-w-tym-roku-na-swieta-29-proc-mniej-niz-w-2019-roku\\\/\"},\"wordCount\":668,\"commentCount\":0,\"image\":{\"@id\":\"https:\\\/\\\/favorite-news.com\\\/pl\\\/polacy-wydadza-w-tym-roku-na-swieta-29-proc-mniej-niz-w-2019-roku\\\/#primaryimage\"},\"thumbnailUrl\":\"https:\\\/\\\/favorite-news.com\\\/pl\\\/wp-content\\\/uploads\\\/sites\\\/6\\\/2020\\\/11\\\/Polacy-wydadza-w-tym-roku-na-swieta-29-proc-mniej.jpg\",\"articleSection\":[\"WIADOMO\u015aCI MARKETINGOWE INTERNETOWE\"],\"inLanguage\":\"pl-PL\",\"potentialAction\":[{\"@type\":\"CommentAction\",\"name\":\"Comment\",\"target\":[\"https:\\\/\\\/favorite-news.com\\\/pl\\\/polacy-wydadza-w-tym-roku-na-swieta-29-proc-mniej-niz-w-2019-roku\\\/#respond\"]}]},{\"@type\":\"WebPage\",\"@id\":\"https:\\\/\\\/favorite-news.com\\\/pl\\\/polacy-wydadza-w-tym-roku-na-swieta-29-proc-mniej-niz-w-2019-roku\\\/\",\"url\":\"https:\\\/\\\/favorite-news.com\\\/pl\\\/polacy-wydadza-w-tym-roku-na-swieta-29-proc-mniej-niz-w-2019-roku\\\/\",\"name\":\"Polacy wydadz\u0105 w tym roku na \u015bwi\u0119ta 29 proc. mniej ni\u017c w 2019 roku - Favorite News\",\"isPartOf\":{\"@id\":\"https:\\\/\\\/favorite-news.com\\\/pl\\\/#website\"},\"primaryImageOfPage\":{\"@id\":\"https:\\\/\\\/favorite-news.com\\\/pl\\\/polacy-wydadza-w-tym-roku-na-swieta-29-proc-mniej-niz-w-2019-roku\\\/#primaryimage\"},\"image\":{\"@id\":\"https:\\\/\\\/favorite-news.com\\\/pl\\\/polacy-wydadza-w-tym-roku-na-swieta-29-proc-mniej-niz-w-2019-roku\\\/#primaryimage\"},\"thumbnailUrl\":\"https:\\\/\\\/favorite-news.com\\\/pl\\\/wp-content\\\/uploads\\\/sites\\\/6\\\/2020\\\/11\\\/Polacy-wydadza-w-tym-roku-na-swieta-29-proc-mniej.jpg\",\"datePublished\":\"2020-11-25T20:35:30+00:00\",\"dateModified\":\"2020-11-25T20:35:32+00:00\",\"author\":{\"@id\":\"https:\\\/\\\/favorite-news.com\\\/pl\\\/#\\\/schema\\\/person\\\/b91573b717dcfa5e4696032a9d28d3e8\"},\"breadcrumb\":{\"@id\":\"https:\\\/\\\/favorite-news.com\\\/pl\\\/polacy-wydadza-w-tym-roku-na-swieta-29-proc-mniej-niz-w-2019-roku\\\/#breadcrumb\"},\"inLanguage\":\"pl-PL\",\"potentialAction\":[{\"@type\":\"ReadAction\",\"target\":[\"https:\\\/\\\/favorite-news.com\\\/pl\\\/polacy-wydadza-w-tym-roku-na-swieta-29-proc-mniej-niz-w-2019-roku\\\/\"]}]},{\"@type\":\"ImageObject\",\"inLanguage\":\"pl-PL\",\"@id\":\"https:\\\/\\\/favorite-news.com\\\/pl\\\/polacy-wydadza-w-tym-roku-na-swieta-29-proc-mniej-niz-w-2019-roku\\\/#primaryimage\",\"url\":\"https:\\\/\\\/favorite-news.com\\\/pl\\\/wp-content\\\/uploads\\\/sites\\\/6\\\/2020\\\/11\\\/Polacy-wydadza-w-tym-roku-na-swieta-29-proc-mniej.jpg\",\"contentUrl\":\"https:\\\/\\\/favorite-news.com\\\/pl\\\/wp-content\\\/uploads\\\/sites\\\/6\\\/2020\\\/11\\\/Polacy-wydadza-w-tym-roku-na-swieta-29-proc-mniej.jpg\",\"width\":655,\"height\":655,\"caption\":\"WirtualneMedia.pl\"},{\"@type\":\"BreadcrumbList\",\"@id\":\"https:\\\/\\\/favorite-news.com\\\/pl\\\/polacy-wydadza-w-tym-roku-na-swieta-29-proc-mniej-niz-w-2019-roku\\\/#breadcrumb\",\"itemListElement\":[{\"@type\":\"ListItem\",\"position\":1,\"name\":\"Home\",\"item\":\"https:\\\/\\\/favorite-news.com\\\/pl\\\/\"},{\"@type\":\"ListItem\",\"position\":2,\"name\":\"Polacy wydadz\u0105 w tym roku na \u015bwi\u0119ta 29 proc. mniej ni\u017c w 2019 roku\"}]},{\"@type\":\"WebSite\",\"@id\":\"https:\\\/\\\/favorite-news.com\\\/pl\\\/#website\",\"url\":\"https:\\\/\\\/favorite-news.com\\\/pl\\\/\",\"name\":\"Favorite News\",\"description\":\"Favorite News Polska\",\"potentialAction\":[{\"@type\":\"SearchAction\",\"target\":{\"@type\":\"EntryPoint\",\"urlTemplate\":\"https:\\\/\\\/favorite-news.com\\\/pl\\\/?s={search_term_string}\"},\"query-input\":{\"@type\":\"PropertyValueSpecification\",\"valueRequired\":true,\"valueName\":\"search_term_string\"}}],\"inLanguage\":\"pl-PL\"},{\"@type\":\"Person\",\"@id\":\"https:\\\/\\\/favorite-news.com\\\/pl\\\/#\\\/schema\\\/person\\\/b91573b717dcfa5e4696032a9d28d3e8\",\"name\":\"favorite-news\",\"image\":{\"@type\":\"ImageObject\",\"inLanguage\":\"pl-PL\",\"@id\":\"https:\\\/\\\/secure.gravatar.com\\\/avatar\\\/6c5a5cb12b74e9d517ee91cf570335b7d16177f1977cc91db161adfa435945a7?s=96&d=mm&r=g\",\"url\":\"https:\\\/\\\/secure.gravatar.com\\\/avatar\\\/6c5a5cb12b74e9d517ee91cf570335b7d16177f1977cc91db161adfa435945a7?s=96&d=mm&r=g\",\"contentUrl\":\"https:\\\/\\\/secure.gravatar.com\\\/avatar\\\/6c5a5cb12b74e9d517ee91cf570335b7d16177f1977cc91db161adfa435945a7?s=96&d=mm&r=g\",\"caption\":\"favorite-news\"},\"url\":\"https:\\\/\\\/favorite-news.com\\\/pl\\\/author\\\/pt\\\/\"}]}<\/script>\n<!-- \/ Yoast SEO plugin. -->","yoast_head_json":{"title":"Polacy wydadz\u0105 w tym roku na \u015bwi\u0119ta 29 proc. mniej ni\u017c w 2019 roku - Favorite News","robots":{"index":"index","follow":"follow","max-snippet":"max-snippet:-1","max-image-preview":"max-image-preview:large","max-video-preview":"max-video-preview:-1"},"canonical":"https:\/\/favorite-news.com\/pl\/polacy-wydadza-w-tym-roku-na-swieta-29-proc-mniej-niz-w-2019-roku\/","og_locale":"pl_PL","og_type":"article","og_title":"Polacy wydadz\u0105 w tym roku na \u015bwi\u0119ta 29 proc. mniej ni\u017c w 2019 roku - Favorite News","og_description":"Wed\u0142ug Deloitte, Polacy deklaruj\u0105, \u017ce na bo\u017conarodzeniowe prezenty, \u017cywno\u015b\u0107, podr\u00f3\u017ce oraz spotkania z najbli\u017cszymi przeznacz\u0105 \u015brednio 1 318 z\u0142. To 29 proc. mniej ni\u017c &#8211; zgodnie z deklaracjami &#8211; wydali w ubieg\u0142ym roku.Raport wskazuje, \u017ce mieszka\u0144cy innych badanych europejskich kraj\u00f3w przewiduj\u0105 jeszcze g\u0142\u0119bsze ci\u0119cia, si\u0119gaj\u0105ce ponad 43 proc. Najwy\u017cszy bud\u017cet planuj\u0105 przeznaczy\u0107 na \u015bwi\u0119ta Hiszpanie, [&hellip;]","og_url":"https:\/\/favorite-news.com\/pl\/polacy-wydadza-w-tym-roku-na-swieta-29-proc-mniej-niz-w-2019-roku\/","og_site_name":"Favorite News","article_published_time":"2020-11-25T20:35:30+00:00","article_modified_time":"2020-11-25T20:35:32+00:00","og_image":[{"width":655,"height":655,"url":"https:\/\/favorite-news.com\/pl\/wp-content\/uploads\/sites\/6\/2020\/11\/Polacy-wydadza-w-tym-roku-na-swieta-29-proc-mniej.jpg","type":"image\/jpeg"}],"author":"favorite-news","twitter_card":"summary_large_image","twitter_misc":{"Napisane przez":"favorite-news","Szacowany czas czytania":"3 minuty"},"schema":{"@context":"https:\/\/schema.org","@graph":[{"@type":"Article","@id":"https:\/\/favorite-news.com\/pl\/polacy-wydadza-w-tym-roku-na-swieta-29-proc-mniej-niz-w-2019-roku\/#article","isPartOf":{"@id":"https:\/\/favorite-news.com\/pl\/polacy-wydadza-w-tym-roku-na-swieta-29-proc-mniej-niz-w-2019-roku\/"},"author":{"name":"favorite-news","@id":"https:\/\/favorite-news.com\/pl\/#\/schema\/person\/b91573b717dcfa5e4696032a9d28d3e8"},"headline":"Polacy wydadz\u0105 w tym roku na \u015bwi\u0119ta 29 proc. mniej ni\u017c w 2019 roku","datePublished":"2020-11-25T20:35:30+00:00","dateModified":"2020-11-25T20:35:32+00:00","mainEntityOfPage":{"@id":"https:\/\/favorite-news.com\/pl\/polacy-wydadza-w-tym-roku-na-swieta-29-proc-mniej-niz-w-2019-roku\/"},"wordCount":668,"commentCount":0,"image":{"@id":"https:\/\/favorite-news.com\/pl\/polacy-wydadza-w-tym-roku-na-swieta-29-proc-mniej-niz-w-2019-roku\/#primaryimage"},"thumbnailUrl":"https:\/\/favorite-news.com\/pl\/wp-content\/uploads\/sites\/6\/2020\/11\/Polacy-wydadza-w-tym-roku-na-swieta-29-proc-mniej.jpg","articleSection":["WIADOMO\u015aCI MARKETINGOWE INTERNETOWE"],"inLanguage":"pl-PL","potentialAction":[{"@type":"CommentAction","name":"Comment","target":["https:\/\/favorite-news.com\/pl\/polacy-wydadza-w-tym-roku-na-swieta-29-proc-mniej-niz-w-2019-roku\/#respond"]}]},{"@type":"WebPage","@id":"https:\/\/favorite-news.com\/pl\/polacy-wydadza-w-tym-roku-na-swieta-29-proc-mniej-niz-w-2019-roku\/","url":"https:\/\/favorite-news.com\/pl\/polacy-wydadza-w-tym-roku-na-swieta-29-proc-mniej-niz-w-2019-roku\/","name":"Polacy wydadz\u0105 w tym roku na \u015bwi\u0119ta 29 proc. mniej ni\u017c w 2019 roku - Favorite News","isPartOf":{"@id":"https:\/\/favorite-news.com\/pl\/#website"},"primaryImageOfPage":{"@id":"https:\/\/favorite-news.com\/pl\/polacy-wydadza-w-tym-roku-na-swieta-29-proc-mniej-niz-w-2019-roku\/#primaryimage"},"image":{"@id":"https:\/\/favorite-news.com\/pl\/polacy-wydadza-w-tym-roku-na-swieta-29-proc-mniej-niz-w-2019-roku\/#primaryimage"},"thumbnailUrl":"https:\/\/favorite-news.com\/pl\/wp-content\/uploads\/sites\/6\/2020\/11\/Polacy-wydadza-w-tym-roku-na-swieta-29-proc-mniej.jpg","datePublished":"2020-11-25T20:35:30+00:00","dateModified":"2020-11-25T20:35:32+00:00","author":{"@id":"https:\/\/favorite-news.com\/pl\/#\/schema\/person\/b91573b717dcfa5e4696032a9d28d3e8"},"breadcrumb":{"@id":"https:\/\/favorite-news.com\/pl\/polacy-wydadza-w-tym-roku-na-swieta-29-proc-mniej-niz-w-2019-roku\/#breadcrumb"},"inLanguage":"pl-PL","potentialAction":[{"@type":"ReadAction","target":["https:\/\/favorite-news.com\/pl\/polacy-wydadza-w-tym-roku-na-swieta-29-proc-mniej-niz-w-2019-roku\/"]}]},{"@type":"ImageObject","inLanguage":"pl-PL","@id":"https:\/\/favorite-news.com\/pl\/polacy-wydadza-w-tym-roku-na-swieta-29-proc-mniej-niz-w-2019-roku\/#primaryimage","url":"https:\/\/favorite-news.com\/pl\/wp-content\/uploads\/sites\/6\/2020\/11\/Polacy-wydadza-w-tym-roku-na-swieta-29-proc-mniej.jpg","contentUrl":"https:\/\/favorite-news.com\/pl\/wp-content\/uploads\/sites\/6\/2020\/11\/Polacy-wydadza-w-tym-roku-na-swieta-29-proc-mniej.jpg","width":655,"height":655,"caption":"WirtualneMedia.pl"},{"@type":"BreadcrumbList","@id":"https:\/\/favorite-news.com\/pl\/polacy-wydadza-w-tym-roku-na-swieta-29-proc-mniej-niz-w-2019-roku\/#breadcrumb","itemListElement":[{"@type":"ListItem","position":1,"name":"Home","item":"https:\/\/favorite-news.com\/pl\/"},{"@type":"ListItem","position":2,"name":"Polacy wydadz\u0105 w tym roku na \u015bwi\u0119ta 29 proc. mniej ni\u017c w 2019 roku"}]},{"@type":"WebSite","@id":"https:\/\/favorite-news.com\/pl\/#website","url":"https:\/\/favorite-news.com\/pl\/","name":"Favorite News","description":"Favorite News Polska","potentialAction":[{"@type":"SearchAction","target":{"@type":"EntryPoint","urlTemplate":"https:\/\/favorite-news.com\/pl\/?s={search_term_string}"},"query-input":{"@type":"PropertyValueSpecification","valueRequired":true,"valueName":"search_term_string"}}],"inLanguage":"pl-PL"},{"@type":"Person","@id":"https:\/\/favorite-news.com\/pl\/#\/schema\/person\/b91573b717dcfa5e4696032a9d28d3e8","name":"favorite-news","image":{"@type":"ImageObject","inLanguage":"pl-PL","@id":"https:\/\/secure.gravatar.com\/avatar\/6c5a5cb12b74e9d517ee91cf570335b7d16177f1977cc91db161adfa435945a7?s=96&d=mm&r=g","url":"https:\/\/secure.gravatar.com\/avatar\/6c5a5cb12b74e9d517ee91cf570335b7d16177f1977cc91db161adfa435945a7?s=96&d=mm&r=g","contentUrl":"https:\/\/secure.gravatar.com\/avatar\/6c5a5cb12b74e9d517ee91cf570335b7d16177f1977cc91db161adfa435945a7?s=96&d=mm&r=g","caption":"favorite-news"},"url":"https:\/\/favorite-news.com\/pl\/author\/pt\/"}]}},"_links":{"self":[{"href":"https:\/\/favorite-news.com\/pl\/wp-json\/wp\/v2\/posts\/5386","targetHints":{"allow":["GET"]}}],"collection":[{"href":"https:\/\/favorite-news.com\/pl\/wp-json\/wp\/v2\/posts"}],"about":[{"href":"https:\/\/favorite-news.com\/pl\/wp-json\/wp\/v2\/types\/post"}],"author":[{"embeddable":true,"href":"https:\/\/favorite-news.com\/pl\/wp-json\/wp\/v2\/users\/2"}],"replies":[{"embeddable":true,"href":"https:\/\/favorite-news.com\/pl\/wp-json\/wp\/v2\/comments?post=5386"}],"version-history":[{"count":1,"href":"https:\/\/favorite-news.com\/pl\/wp-json\/wp\/v2\/posts\/5386\/revisions"}],"predecessor-version":[{"id":5388,"href":"https:\/\/favorite-news.com\/pl\/wp-json\/wp\/v2\/posts\/5386\/revisions\/5388"}],"wp:featuredmedia":[{"embeddable":true,"href":"https:\/\/favorite-news.com\/pl\/wp-json\/wp\/v2\/media\/5387"}],"wp:attachment":[{"href":"https:\/\/favorite-news.com\/pl\/wp-json\/wp\/v2\/media?parent=5386"}],"wp:term":[{"taxonomy":"category","embeddable":true,"href":"https:\/\/favorite-news.com\/pl\/wp-json\/wp\/v2\/categories?post=5386"},{"taxonomy":"post_tag","embeddable":true,"href":"https:\/\/favorite-news.com\/pl\/wp-json\/wp\/v2\/tags?post=5386"}],"curies":[{"name":"wp","href":"https:\/\/api.w.org\/{rel}","templated":true}]}}