{"id":5380,"date":"2020-11-25T11:33:21","date_gmt":"2020-11-25T08:33:21","guid":{"rendered":"https:\/\/favorite-news.com\/pl\/wplywy-gazety-wyborczej-z-reklam-cennikowo-37-proc-w-dol-fakt-i-dziennik-gazeta-prawna-ze-wzrostami-top10\/"},"modified":"2020-11-25T11:33:23","modified_gmt":"2020-11-25T08:33:23","slug":"wplywy-gazety-wyborczej-z-reklam-cennikowo-37-proc-w-dol-fakt-i-dziennik-gazeta-prawna-ze-wzrostami-top10","status":"publish","type":"post","link":"https:\/\/favorite-news.com\/pl\/wplywy-gazety-wyborczej-z-reklam-cennikowo-37-proc-w-dol-fakt-i-dziennik-gazeta-prawna-ze-wzrostami-top10\/","title":{"rendered":"Wp\u0142ywy \u201eGazety Wyborczej\u201d z  reklam cennikowo 37 proc. w d\u00f3\u0142, \u201eFakt\u201d i \u201eDziennik Gazeta Prawna&#8217; ze wzrostami (Top10)"},"content":{"rendered":"<p>Wydatki na reklam\u0119 w dziennikach przez trzy kwarta\u0142y br. zmala\u0142y w por\u00f3wnaniu z tym samym okresem ub.r. o 14,4 proc, do 876,9 mln z\u0142 &#8211; wynika z analizy Wirtualnemedia.pl (na podstawie danych cennikowych netto, bez rabat\u00f3w, Kantar Media).&#13;<br \/>\n&#13;<br \/>\nNajwi\u0119cej na reklamach zarobi\u0142a \u201eGazeta Wyborcza\u201d (Agora)\u00a0 -105,3 mln z\u0142, jednocze\u015bnie zanotowa\u0142a najwi\u0119kszy spadek przychod\u00f3w rok do roku &#8211; o 37,5 proc. Wydaj\u0105ca &#8222;GW&#8221; Agora w sprawozdaniach finansowych wyszczeg\u00f3lnia faktyczne przychody dziennika &#8211; w pierwszych trzech kwarta\u0142ach wynios\u0142y one 35,3 mln z\u0142, o 32,6 proc. mniej ni\u017c rok wcze\u015bniej.&#13;<br \/>\n&#13;<br \/>\nWiceliderem cennikowych wp\u0142yw\u00f3w z reklam w\u015br\u00f3d dziennik\u00f3w jest \u201eRzeczpospolita\u201d (Gremi Media), kt\u00f3ra w omawianym okresie zarobi\u0142a 80,4 mln z\u0142, 2,9 proc. mniej rok do roku. Trzeci na podium \u201eFakt\u201d (Ringier Axel Springer Polska) zwi\u0119kszy\u0142 przychody z reklam o 9,2 proc., do 78,3 mln z\u0142.&#13;<br \/>\n&#13;<\/p>\n<p>&#13;<br \/>\n&#13;<br \/>\nW \u201eSuper Expressie\u201d (Grupa ZPR Media) reklamodawcy wydali w okresie od stycznia do wrze\u015bnia br. 73,8 mln z\u0142 (8,8 proc. mniej), a w \u201eDzienniku Gazecie Prawnej\u201d (Infor Biznes) &#8211; 52,2 mln z\u0142 (18,4 proc. wi\u0119cej).&#13;<br \/>\n&#13;<br \/>\nWp\u0142ywy reklamowe \u201eDziennika Zachodniego\u201d zmala\u0142y o 17,3 proc. (do 34,3 mln z\u0142), \u201eG\u0142osu Wielkopolskiego\u201d &#8211;\u00a0 o 9,9 proc. (do 33,2 mln z\u0142), \u201eGazety Pomorskiej\u201d \u2013 o 12,9 proc. (do 25,2 mln z\u0142), \u201eDziennika Ba\u0142tyckiego\u201d \u2013 o 26,3 proc. (do 24,7 mln z\u0142), a \u201eDziennika \u0141\u00f3dzkiego\u201d \u2013 o 15,5 proc. (do 23,5 mln z\u0142). Wszystkie te pi\u0119\u0107 dziennik\u00f3w wydaje Polska Press Grupa.&#13;<br \/>\n&#13;<br \/>\n&#13;<br \/>\n                            &#13;<br \/>\n&#13;<br \/>\n                            &#13;<br \/>\n                            &#13;<br \/>\n                                                            &#13;<br \/>\n&#13;<br \/>\n                            &#13;<\/p>\n<p>\n<!--noindex--><br \/>\n<a href=\"https:\/\/www.wirtualnemedia.pl\/artykul\/gazeta-wyborcza-z-blisko-40-proc-spadkiem-wplywow-z-reklam-w-gore-fakt-i-dziennik-gazeta-prawna-top10\" rel=\"nofollow\">Source link <\/a><br \/>\n<!--\/noindex--><\/p>\n","protected":false},"excerpt":{"rendered":"<p>Wydatki na reklam\u0119 w dziennikach przez trzy kwarta\u0142y br. zmala\u0142y w por\u00f3wnaniu z tym samym okresem ub.r. o 14,4 proc, do 876,9 mln z\u0142 &#8211; wynika z analizy Wirtualnemedia.pl (na podstawie danych cennikowych netto, bez rabat\u00f3w, Kantar Media).&#13; &#13; Najwi\u0119cej na reklamach zarobi\u0142a \u201eGazeta Wyborcza\u201d (Agora)\u00a0 -105,3 mln z\u0142, jednocze\u015bnie zanotowa\u0142a najwi\u0119kszy spadek przychod\u00f3w rok [&hellip;]<\/p>\n","protected":false},"author":2,"featured_media":5381,"comment_status":"open","ping_status":"open","sticky":false,"template":"","format":"standard","meta":{"footnotes":""},"categories":[2],"tags":[],"class_list":["post-5380","post","type-post","status-publish","format-standard","has-post-thumbnail","hentry","category-wiadomosci-marketingowe-internetowe"],"yoast_head":"<!-- This site is optimized with the Yoast SEO plugin v27.4 - https:\/\/yoast.com\/product\/yoast-seo-wordpress\/ -->\n<title>Wp\u0142ywy \u201eGazety Wyborczej\u201d z reklam cennikowo 37 proc. w d\u00f3\u0142, \u201eFakt\u201d i \u201eDziennik Gazeta Prawna&#039; ze wzrostami (Top10) - Favorite News<\/title>\n<meta name=\"robots\" content=\"index, follow, max-snippet:-1, max-image-preview:large, max-video-preview:-1\" \/>\n<link rel=\"canonical\" href=\"https:\/\/favorite-news.com\/pl\/wplywy-gazety-wyborczej-z-reklam-cennikowo-37-proc-w-dol-fakt-i-dziennik-gazeta-prawna-ze-wzrostami-top10\/\" \/>\n<meta property=\"og:locale\" content=\"pl_PL\" \/>\n<meta property=\"og:type\" content=\"article\" \/>\n<meta property=\"og:title\" content=\"Wp\u0142ywy \u201eGazety Wyborczej\u201d z reklam cennikowo 37 proc. w d\u00f3\u0142, \u201eFakt\u201d i \u201eDziennik Gazeta Prawna&#039; ze wzrostami (Top10) - Favorite News\" \/>\n<meta property=\"og:description\" content=\"Wydatki na reklam\u0119 w dziennikach przez trzy kwarta\u0142y br. zmala\u0142y w por\u00f3wnaniu z tym samym okresem ub.r. o 14,4 proc, do 876,9 mln z\u0142 &#8211; wynika z analizy Wirtualnemedia.pl (na podstawie danych cennikowych netto, bez rabat\u00f3w, Kantar Media).&#013; &#013; Najwi\u0119cej na reklamach zarobi\u0142a \u201eGazeta Wyborcza\u201d (Agora)\u00a0 -105,3 mln z\u0142, jednocze\u015bnie zanotowa\u0142a najwi\u0119kszy spadek przychod\u00f3w rok [&hellip;]\" \/>\n<meta property=\"og:url\" content=\"https:\/\/favorite-news.com\/pl\/wplywy-gazety-wyborczej-z-reklam-cennikowo-37-proc-w-dol-fakt-i-dziennik-gazeta-prawna-ze-wzrostami-top10\/\" \/>\n<meta property=\"og:site_name\" content=\"Favorite News\" \/>\n<meta property=\"article:published_time\" content=\"2020-11-25T08:33:21+00:00\" \/>\n<meta property=\"article:modified_time\" content=\"2020-11-25T08:33:23+00:00\" \/>\n<meta property=\"og:image\" content=\"https:\/\/favorite-news.com\/pl\/wp-content\/uploads\/sites\/6\/2020\/11\/Wplywy-\u201eGazety-Wyborczej-z-reklam-cennikowo-37-proc-w-dol.jpg\" \/>\n\t<meta property=\"og:image:width\" content=\"655\" \/>\n\t<meta property=\"og:image:height\" content=\"437\" \/>\n\t<meta property=\"og:image:type\" content=\"image\/jpeg\" \/>\n<meta name=\"author\" content=\"favorite-news\" \/>\n<meta name=\"twitter:card\" content=\"summary_large_image\" \/>\n<meta name=\"twitter:label1\" content=\"Napisane przez\" \/>\n\t<meta name=\"twitter:data1\" content=\"favorite-news\" \/>\n\t<meta name=\"twitter:label2\" content=\"Szacowany czas czytania\" \/>\n\t<meta name=\"twitter:data2\" content=\"1 minuta\" \/>\n<script type=\"application\/ld+json\" class=\"yoast-schema-graph\">{\"@context\":\"https:\\\/\\\/schema.org\",\"@graph\":[{\"@type\":\"Article\",\"@id\":\"https:\\\/\\\/favorite-news.com\\\/pl\\\/wplywy-gazety-wyborczej-z-reklam-cennikowo-37-proc-w-dol-fakt-i-dziennik-gazeta-prawna-ze-wzrostami-top10\\\/#article\",\"isPartOf\":{\"@id\":\"https:\\\/\\\/favorite-news.com\\\/pl\\\/wplywy-gazety-wyborczej-z-reklam-cennikowo-37-proc-w-dol-fakt-i-dziennik-gazeta-prawna-ze-wzrostami-top10\\\/\"},\"author\":{\"name\":\"favorite-news\",\"@id\":\"https:\\\/\\\/favorite-news.com\\\/pl\\\/#\\\/schema\\\/person\\\/b91573b717dcfa5e4696032a9d28d3e8\"},\"headline\":\"Wp\u0142ywy \u201eGazety Wyborczej\u201d z reklam cennikowo 37 proc. w d\u00f3\u0142, \u201eFakt\u201d i \u201eDziennik Gazeta Prawna&#8217; ze wzrostami (Top10)\",\"datePublished\":\"2020-11-25T08:33:21+00:00\",\"dateModified\":\"2020-11-25T08:33:23+00:00\",\"mainEntityOfPage\":{\"@id\":\"https:\\\/\\\/favorite-news.com\\\/pl\\\/wplywy-gazety-wyborczej-z-reklam-cennikowo-37-proc-w-dol-fakt-i-dziennik-gazeta-prawna-ze-wzrostami-top10\\\/\"},\"wordCount\":253,\"commentCount\":0,\"image\":{\"@id\":\"https:\\\/\\\/favorite-news.com\\\/pl\\\/wplywy-gazety-wyborczej-z-reklam-cennikowo-37-proc-w-dol-fakt-i-dziennik-gazeta-prawna-ze-wzrostami-top10\\\/#primaryimage\"},\"thumbnailUrl\":\"https:\\\/\\\/favorite-news.com\\\/pl\\\/wp-content\\\/uploads\\\/sites\\\/6\\\/2020\\\/11\\\/Wplywy-\u201eGazety-Wyborczej-z-reklam-cennikowo-37-proc-w-dol.jpg\",\"articleSection\":[\"WIADOMO\u015aCI MARKETINGOWE INTERNETOWE\"],\"inLanguage\":\"pl-PL\",\"potentialAction\":[{\"@type\":\"CommentAction\",\"name\":\"Comment\",\"target\":[\"https:\\\/\\\/favorite-news.com\\\/pl\\\/wplywy-gazety-wyborczej-z-reklam-cennikowo-37-proc-w-dol-fakt-i-dziennik-gazeta-prawna-ze-wzrostami-top10\\\/#respond\"]}]},{\"@type\":\"WebPage\",\"@id\":\"https:\\\/\\\/favorite-news.com\\\/pl\\\/wplywy-gazety-wyborczej-z-reklam-cennikowo-37-proc-w-dol-fakt-i-dziennik-gazeta-prawna-ze-wzrostami-top10\\\/\",\"url\":\"https:\\\/\\\/favorite-news.com\\\/pl\\\/wplywy-gazety-wyborczej-z-reklam-cennikowo-37-proc-w-dol-fakt-i-dziennik-gazeta-prawna-ze-wzrostami-top10\\\/\",\"name\":\"Wp\u0142ywy \u201eGazety Wyborczej\u201d z reklam cennikowo 37 proc. w d\u00f3\u0142, \u201eFakt\u201d i \u201eDziennik Gazeta Prawna' ze wzrostami (Top10) - Favorite News\",\"isPartOf\":{\"@id\":\"https:\\\/\\\/favorite-news.com\\\/pl\\\/#website\"},\"primaryImageOfPage\":{\"@id\":\"https:\\\/\\\/favorite-news.com\\\/pl\\\/wplywy-gazety-wyborczej-z-reklam-cennikowo-37-proc-w-dol-fakt-i-dziennik-gazeta-prawna-ze-wzrostami-top10\\\/#primaryimage\"},\"image\":{\"@id\":\"https:\\\/\\\/favorite-news.com\\\/pl\\\/wplywy-gazety-wyborczej-z-reklam-cennikowo-37-proc-w-dol-fakt-i-dziennik-gazeta-prawna-ze-wzrostami-top10\\\/#primaryimage\"},\"thumbnailUrl\":\"https:\\\/\\\/favorite-news.com\\\/pl\\\/wp-content\\\/uploads\\\/sites\\\/6\\\/2020\\\/11\\\/Wplywy-\u201eGazety-Wyborczej-z-reklam-cennikowo-37-proc-w-dol.jpg\",\"datePublished\":\"2020-11-25T08:33:21+00:00\",\"dateModified\":\"2020-11-25T08:33:23+00:00\",\"author\":{\"@id\":\"https:\\\/\\\/favorite-news.com\\\/pl\\\/#\\\/schema\\\/person\\\/b91573b717dcfa5e4696032a9d28d3e8\"},\"breadcrumb\":{\"@id\":\"https:\\\/\\\/favorite-news.com\\\/pl\\\/wplywy-gazety-wyborczej-z-reklam-cennikowo-37-proc-w-dol-fakt-i-dziennik-gazeta-prawna-ze-wzrostami-top10\\\/#breadcrumb\"},\"inLanguage\":\"pl-PL\",\"potentialAction\":[{\"@type\":\"ReadAction\",\"target\":[\"https:\\\/\\\/favorite-news.com\\\/pl\\\/wplywy-gazety-wyborczej-z-reklam-cennikowo-37-proc-w-dol-fakt-i-dziennik-gazeta-prawna-ze-wzrostami-top10\\\/\"]}]},{\"@type\":\"ImageObject\",\"inLanguage\":\"pl-PL\",\"@id\":\"https:\\\/\\\/favorite-news.com\\\/pl\\\/wplywy-gazety-wyborczej-z-reklam-cennikowo-37-proc-w-dol-fakt-i-dziennik-gazeta-prawna-ze-wzrostami-top10\\\/#primaryimage\",\"url\":\"https:\\\/\\\/favorite-news.com\\\/pl\\\/wp-content\\\/uploads\\\/sites\\\/6\\\/2020\\\/11\\\/Wplywy-\u201eGazety-Wyborczej-z-reklam-cennikowo-37-proc-w-dol.jpg\",\"contentUrl\":\"https:\\\/\\\/favorite-news.com\\\/pl\\\/wp-content\\\/uploads\\\/sites\\\/6\\\/2020\\\/11\\\/Wplywy-\u201eGazety-Wyborczej-z-reklam-cennikowo-37-proc-w-dol.jpg\",\"width\":655,\"height\":437,\"caption\":\"Article\"},{\"@type\":\"BreadcrumbList\",\"@id\":\"https:\\\/\\\/favorite-news.com\\\/pl\\\/wplywy-gazety-wyborczej-z-reklam-cennikowo-37-proc-w-dol-fakt-i-dziennik-gazeta-prawna-ze-wzrostami-top10\\\/#breadcrumb\",\"itemListElement\":[{\"@type\":\"ListItem\",\"position\":1,\"name\":\"Home\",\"item\":\"https:\\\/\\\/favorite-news.com\\\/pl\\\/\"},{\"@type\":\"ListItem\",\"position\":2,\"name\":\"Wp\u0142ywy \u201eGazety Wyborczej\u201d z reklam cennikowo 37 proc. w d\u00f3\u0142, \u201eFakt\u201d i \u201eDziennik Gazeta Prawna&#8217; ze wzrostami (Top10)\"}]},{\"@type\":\"WebSite\",\"@id\":\"https:\\\/\\\/favorite-news.com\\\/pl\\\/#website\",\"url\":\"https:\\\/\\\/favorite-news.com\\\/pl\\\/\",\"name\":\"Favorite News\",\"description\":\"Favorite News Polska\",\"potentialAction\":[{\"@type\":\"SearchAction\",\"target\":{\"@type\":\"EntryPoint\",\"urlTemplate\":\"https:\\\/\\\/favorite-news.com\\\/pl\\\/?s={search_term_string}\"},\"query-input\":{\"@type\":\"PropertyValueSpecification\",\"valueRequired\":true,\"valueName\":\"search_term_string\"}}],\"inLanguage\":\"pl-PL\"},{\"@type\":\"Person\",\"@id\":\"https:\\\/\\\/favorite-news.com\\\/pl\\\/#\\\/schema\\\/person\\\/b91573b717dcfa5e4696032a9d28d3e8\",\"name\":\"favorite-news\",\"image\":{\"@type\":\"ImageObject\",\"inLanguage\":\"pl-PL\",\"@id\":\"https:\\\/\\\/secure.gravatar.com\\\/avatar\\\/6c5a5cb12b74e9d517ee91cf570335b7d16177f1977cc91db161adfa435945a7?s=96&d=mm&r=g\",\"url\":\"https:\\\/\\\/secure.gravatar.com\\\/avatar\\\/6c5a5cb12b74e9d517ee91cf570335b7d16177f1977cc91db161adfa435945a7?s=96&d=mm&r=g\",\"contentUrl\":\"https:\\\/\\\/secure.gravatar.com\\\/avatar\\\/6c5a5cb12b74e9d517ee91cf570335b7d16177f1977cc91db161adfa435945a7?s=96&d=mm&r=g\",\"caption\":\"favorite-news\"},\"url\":\"https:\\\/\\\/favorite-news.com\\\/pl\\\/author\\\/pt\\\/\"}]}<\/script>\n<!-- \/ Yoast SEO plugin. -->","yoast_head_json":{"title":"Wp\u0142ywy \u201eGazety Wyborczej\u201d z reklam cennikowo 37 proc. w d\u00f3\u0142, \u201eFakt\u201d i \u201eDziennik Gazeta Prawna' ze wzrostami (Top10) - Favorite News","robots":{"index":"index","follow":"follow","max-snippet":"max-snippet:-1","max-image-preview":"max-image-preview:large","max-video-preview":"max-video-preview:-1"},"canonical":"https:\/\/favorite-news.com\/pl\/wplywy-gazety-wyborczej-z-reklam-cennikowo-37-proc-w-dol-fakt-i-dziennik-gazeta-prawna-ze-wzrostami-top10\/","og_locale":"pl_PL","og_type":"article","og_title":"Wp\u0142ywy \u201eGazety Wyborczej\u201d z reklam cennikowo 37 proc. w d\u00f3\u0142, \u201eFakt\u201d i \u201eDziennik Gazeta Prawna' ze wzrostami (Top10) - Favorite News","og_description":"Wydatki na reklam\u0119 w dziennikach przez trzy kwarta\u0142y br. zmala\u0142y w por\u00f3wnaniu z tym samym okresem ub.r. o 14,4 proc, do 876,9 mln z\u0142 &#8211; wynika z analizy Wirtualnemedia.pl (na podstawie danych cennikowych netto, bez rabat\u00f3w, Kantar Media).&#13; &#13; Najwi\u0119cej na reklamach zarobi\u0142a \u201eGazeta Wyborcza\u201d (Agora)\u00a0 -105,3 mln z\u0142, jednocze\u015bnie zanotowa\u0142a najwi\u0119kszy spadek przychod\u00f3w rok [&hellip;]","og_url":"https:\/\/favorite-news.com\/pl\/wplywy-gazety-wyborczej-z-reklam-cennikowo-37-proc-w-dol-fakt-i-dziennik-gazeta-prawna-ze-wzrostami-top10\/","og_site_name":"Favorite News","article_published_time":"2020-11-25T08:33:21+00:00","article_modified_time":"2020-11-25T08:33:23+00:00","og_image":[{"width":655,"height":437,"url":"https:\/\/favorite-news.com\/pl\/wp-content\/uploads\/sites\/6\/2020\/11\/Wplywy-\u201eGazety-Wyborczej-z-reklam-cennikowo-37-proc-w-dol.jpg","type":"image\/jpeg"}],"author":"favorite-news","twitter_card":"summary_large_image","twitter_misc":{"Napisane przez":"favorite-news","Szacowany czas czytania":"1 minuta"},"schema":{"@context":"https:\/\/schema.org","@graph":[{"@type":"Article","@id":"https:\/\/favorite-news.com\/pl\/wplywy-gazety-wyborczej-z-reklam-cennikowo-37-proc-w-dol-fakt-i-dziennik-gazeta-prawna-ze-wzrostami-top10\/#article","isPartOf":{"@id":"https:\/\/favorite-news.com\/pl\/wplywy-gazety-wyborczej-z-reklam-cennikowo-37-proc-w-dol-fakt-i-dziennik-gazeta-prawna-ze-wzrostami-top10\/"},"author":{"name":"favorite-news","@id":"https:\/\/favorite-news.com\/pl\/#\/schema\/person\/b91573b717dcfa5e4696032a9d28d3e8"},"headline":"Wp\u0142ywy \u201eGazety Wyborczej\u201d z reklam cennikowo 37 proc. w d\u00f3\u0142, \u201eFakt\u201d i \u201eDziennik Gazeta Prawna&#8217; ze wzrostami (Top10)","datePublished":"2020-11-25T08:33:21+00:00","dateModified":"2020-11-25T08:33:23+00:00","mainEntityOfPage":{"@id":"https:\/\/favorite-news.com\/pl\/wplywy-gazety-wyborczej-z-reklam-cennikowo-37-proc-w-dol-fakt-i-dziennik-gazeta-prawna-ze-wzrostami-top10\/"},"wordCount":253,"commentCount":0,"image":{"@id":"https:\/\/favorite-news.com\/pl\/wplywy-gazety-wyborczej-z-reklam-cennikowo-37-proc-w-dol-fakt-i-dziennik-gazeta-prawna-ze-wzrostami-top10\/#primaryimage"},"thumbnailUrl":"https:\/\/favorite-news.com\/pl\/wp-content\/uploads\/sites\/6\/2020\/11\/Wplywy-\u201eGazety-Wyborczej-z-reklam-cennikowo-37-proc-w-dol.jpg","articleSection":["WIADOMO\u015aCI MARKETINGOWE INTERNETOWE"],"inLanguage":"pl-PL","potentialAction":[{"@type":"CommentAction","name":"Comment","target":["https:\/\/favorite-news.com\/pl\/wplywy-gazety-wyborczej-z-reklam-cennikowo-37-proc-w-dol-fakt-i-dziennik-gazeta-prawna-ze-wzrostami-top10\/#respond"]}]},{"@type":"WebPage","@id":"https:\/\/favorite-news.com\/pl\/wplywy-gazety-wyborczej-z-reklam-cennikowo-37-proc-w-dol-fakt-i-dziennik-gazeta-prawna-ze-wzrostami-top10\/","url":"https:\/\/favorite-news.com\/pl\/wplywy-gazety-wyborczej-z-reklam-cennikowo-37-proc-w-dol-fakt-i-dziennik-gazeta-prawna-ze-wzrostami-top10\/","name":"Wp\u0142ywy \u201eGazety Wyborczej\u201d z reklam cennikowo 37 proc. w d\u00f3\u0142, \u201eFakt\u201d i \u201eDziennik Gazeta Prawna' ze wzrostami (Top10) - Favorite News","isPartOf":{"@id":"https:\/\/favorite-news.com\/pl\/#website"},"primaryImageOfPage":{"@id":"https:\/\/favorite-news.com\/pl\/wplywy-gazety-wyborczej-z-reklam-cennikowo-37-proc-w-dol-fakt-i-dziennik-gazeta-prawna-ze-wzrostami-top10\/#primaryimage"},"image":{"@id":"https:\/\/favorite-news.com\/pl\/wplywy-gazety-wyborczej-z-reklam-cennikowo-37-proc-w-dol-fakt-i-dziennik-gazeta-prawna-ze-wzrostami-top10\/#primaryimage"},"thumbnailUrl":"https:\/\/favorite-news.com\/pl\/wp-content\/uploads\/sites\/6\/2020\/11\/Wplywy-\u201eGazety-Wyborczej-z-reklam-cennikowo-37-proc-w-dol.jpg","datePublished":"2020-11-25T08:33:21+00:00","dateModified":"2020-11-25T08:33:23+00:00","author":{"@id":"https:\/\/favorite-news.com\/pl\/#\/schema\/person\/b91573b717dcfa5e4696032a9d28d3e8"},"breadcrumb":{"@id":"https:\/\/favorite-news.com\/pl\/wplywy-gazety-wyborczej-z-reklam-cennikowo-37-proc-w-dol-fakt-i-dziennik-gazeta-prawna-ze-wzrostami-top10\/#breadcrumb"},"inLanguage":"pl-PL","potentialAction":[{"@type":"ReadAction","target":["https:\/\/favorite-news.com\/pl\/wplywy-gazety-wyborczej-z-reklam-cennikowo-37-proc-w-dol-fakt-i-dziennik-gazeta-prawna-ze-wzrostami-top10\/"]}]},{"@type":"ImageObject","inLanguage":"pl-PL","@id":"https:\/\/favorite-news.com\/pl\/wplywy-gazety-wyborczej-z-reklam-cennikowo-37-proc-w-dol-fakt-i-dziennik-gazeta-prawna-ze-wzrostami-top10\/#primaryimage","url":"https:\/\/favorite-news.com\/pl\/wp-content\/uploads\/sites\/6\/2020\/11\/Wplywy-\u201eGazety-Wyborczej-z-reklam-cennikowo-37-proc-w-dol.jpg","contentUrl":"https:\/\/favorite-news.com\/pl\/wp-content\/uploads\/sites\/6\/2020\/11\/Wplywy-\u201eGazety-Wyborczej-z-reklam-cennikowo-37-proc-w-dol.jpg","width":655,"height":437,"caption":"Article"},{"@type":"BreadcrumbList","@id":"https:\/\/favorite-news.com\/pl\/wplywy-gazety-wyborczej-z-reklam-cennikowo-37-proc-w-dol-fakt-i-dziennik-gazeta-prawna-ze-wzrostami-top10\/#breadcrumb","itemListElement":[{"@type":"ListItem","position":1,"name":"Home","item":"https:\/\/favorite-news.com\/pl\/"},{"@type":"ListItem","position":2,"name":"Wp\u0142ywy \u201eGazety Wyborczej\u201d z reklam cennikowo 37 proc. w d\u00f3\u0142, \u201eFakt\u201d i \u201eDziennik Gazeta Prawna&#8217; ze wzrostami (Top10)"}]},{"@type":"WebSite","@id":"https:\/\/favorite-news.com\/pl\/#website","url":"https:\/\/favorite-news.com\/pl\/","name":"Favorite News","description":"Favorite News Polska","potentialAction":[{"@type":"SearchAction","target":{"@type":"EntryPoint","urlTemplate":"https:\/\/favorite-news.com\/pl\/?s={search_term_string}"},"query-input":{"@type":"PropertyValueSpecification","valueRequired":true,"valueName":"search_term_string"}}],"inLanguage":"pl-PL"},{"@type":"Person","@id":"https:\/\/favorite-news.com\/pl\/#\/schema\/person\/b91573b717dcfa5e4696032a9d28d3e8","name":"favorite-news","image":{"@type":"ImageObject","inLanguage":"pl-PL","@id":"https:\/\/secure.gravatar.com\/avatar\/6c5a5cb12b74e9d517ee91cf570335b7d16177f1977cc91db161adfa435945a7?s=96&d=mm&r=g","url":"https:\/\/secure.gravatar.com\/avatar\/6c5a5cb12b74e9d517ee91cf570335b7d16177f1977cc91db161adfa435945a7?s=96&d=mm&r=g","contentUrl":"https:\/\/secure.gravatar.com\/avatar\/6c5a5cb12b74e9d517ee91cf570335b7d16177f1977cc91db161adfa435945a7?s=96&d=mm&r=g","caption":"favorite-news"},"url":"https:\/\/favorite-news.com\/pl\/author\/pt\/"}]}},"_links":{"self":[{"href":"https:\/\/favorite-news.com\/pl\/wp-json\/wp\/v2\/posts\/5380","targetHints":{"allow":["GET"]}}],"collection":[{"href":"https:\/\/favorite-news.com\/pl\/wp-json\/wp\/v2\/posts"}],"about":[{"href":"https:\/\/favorite-news.com\/pl\/wp-json\/wp\/v2\/types\/post"}],"author":[{"embeddable":true,"href":"https:\/\/favorite-news.com\/pl\/wp-json\/wp\/v2\/users\/2"}],"replies":[{"embeddable":true,"href":"https:\/\/favorite-news.com\/pl\/wp-json\/wp\/v2\/comments?post=5380"}],"version-history":[{"count":1,"href":"https:\/\/favorite-news.com\/pl\/wp-json\/wp\/v2\/posts\/5380\/revisions"}],"predecessor-version":[{"id":5382,"href":"https:\/\/favorite-news.com\/pl\/wp-json\/wp\/v2\/posts\/5380\/revisions\/5382"}],"wp:featuredmedia":[{"embeddable":true,"href":"https:\/\/favorite-news.com\/pl\/wp-json\/wp\/v2\/media\/5381"}],"wp:attachment":[{"href":"https:\/\/favorite-news.com\/pl\/wp-json\/wp\/v2\/media?parent=5380"}],"wp:term":[{"taxonomy":"category","embeddable":true,"href":"https:\/\/favorite-news.com\/pl\/wp-json\/wp\/v2\/categories?post=5380"},{"taxonomy":"post_tag","embeddable":true,"href":"https:\/\/favorite-news.com\/pl\/wp-json\/wp\/v2\/tags?post=5380"}],"curies":[{"name":"wp","href":"https:\/\/api.w.org\/{rel}","templated":true}]}}