{"id":5366,"date":"2020-11-24T09:47:15","date_gmt":"2020-11-24T06:47:15","guid":{"rendered":"https:\/\/favorite-news.com\/pl\/szefowa-mfw-wezwala-g20-do-pomocy-nie-tylko-najbiedniejszym-krajom\/"},"modified":"2020-11-24T09:47:19","modified_gmt":"2020-11-24T06:47:19","slug":"szefowa-mfw-wezwala-g20-do-pomocy-nie-tylko-najbiedniejszym-krajom","status":"publish","type":"post","link":"https:\/\/favorite-news.com\/pl\/szefowa-mfw-wezwala-g20-do-pomocy-nie-tylko-najbiedniejszym-krajom\/","title":{"rendered":"Szefowa MFW wezwa\u0142a G20 do pomocy nie tylko najbiedniejszym krajom"},"content":{"rendered":"<p>&#8222;Niezwykle wa\u017cne jest, aby szybko i skutecznie wprowadzi\u0107 te ramy w \u017cycie&#8221; &#8211; stwierdzi\u0142a Georgiewa w o\u015bwiadczeniu wydanym po przem\u00f3wieniu do przyw\u00f3dc\u00f3w pa\u0144stw G20. &#8222;W przysz\u0142o\u015bci musimy pom\u00f3c tak\u017ce krajom nieobj\u0119tym tymi ramami w radzeniu sobie z podatno\u015bci\u0105 na zad\u0142u\u017cenie, aby ich gospodarki sta\u0142y si\u0119 bardziej odporne&#8221; &#8211; doda\u0142a.<br \/>\nGeorgiewa oceni\u0142a tak\u017ce, \u017ce dzia\u0142ania G20 maj\u0105ce na celu z\u0142agodzenie skutk\u00f3w Covid-19 pomog\u0142y zapobiec masowym bankructwom i jeszcze g\u0142\u0119bszemu kryzysowi.<br \/>\nRamy redukcji zad\u0142u\u017cenia zatwierdzone przez pa\u0144stwa G20 w niedziel\u0119 dotycz\u0105 73 kraj\u00f3w, kt\u00f3re kwalifikuj\u0105 si\u0119 do tymczasowego zamro\u017cenia oficjalnych dwustronnych sp\u0142at d\u0142ugu. Przyw\u00f3dcy zatwierdzili plan przed\u0142u\u017cenia zamro\u017cenia sp\u0142at d\u0142ugu przez najbiedniejsze kraje do po\u0142owy 2021 r.<br \/>\nZako\u0144czony w niedziel\u0119, dwudniowy szczyt grupy skupiaj\u0105cej szef\u00f3w pa\u0144stw i rz\u0105d\u00f3w 20 najbogatszych kraj\u00f3w \u015bwiata odbywa\u0142 si\u0119 w Rijadzie w formie wideokonferencji. Arabia Saudyjska jest pierwszym krajem arabskim, kt\u00f3ry zosta\u0142 gospodarzem dorocznego szczytu G20.<br \/>\n<br \/>\n<!--noindex--><br \/>\n<a href=\"http:\/\/rss.gazetaprawna.pl\/~r\/GazetaPrawna-Finanse\/~3\/6sMDnG2mLaA\/1496905,szefowa-mfw-wezwala-g20-do-pomocy-nie-tylko-najbiedniejszym-krajom.html\" rel=\"nofollow\">Source link <\/a><br \/>\n<!--\/noindex--><\/p>\n","protected":false},"excerpt":{"rendered":"<p>&#8222;Niezwykle wa\u017cne jest, aby szybko i skutecznie wprowadzi\u0107 te ramy w \u017cycie&#8221; &#8211; stwierdzi\u0142a Georgiewa w o\u015bwiadczeniu wydanym po przem\u00f3wieniu do przyw\u00f3dc\u00f3w pa\u0144stw G20. &#8222;W przysz\u0142o\u015bci musimy pom\u00f3c tak\u017ce krajom nieobj\u0119tym tymi ramami w radzeniu sobie z podatno\u015bci\u0105 na zad\u0142u\u017cenie, aby ich gospodarki sta\u0142y si\u0119 bardziej odporne&#8221; &#8211; doda\u0142a. Georgiewa oceni\u0142a tak\u017ce, \u017ce dzia\u0142ania G20 [&hellip;]<\/p>\n","protected":false},"author":2,"featured_media":5367,"comment_status":"open","ping_status":"open","sticky":false,"template":"","format":"standard","meta":{"footnotes":""},"categories":[1],"tags":[],"class_list":["post-5366","post","type-post","status-publish","format-standard","has-post-thumbnail","hentry","category-wiadomosci-finansowe"],"yoast_head":"<!-- This site is optimized with the Yoast SEO plugin v27.4 - https:\/\/yoast.com\/product\/yoast-seo-wordpress\/ -->\n<title>Szefowa MFW wezwa\u0142a G20 do pomocy nie tylko najbiedniejszym krajom - Favorite News<\/title>\n<meta name=\"robots\" content=\"index, follow, max-snippet:-1, max-image-preview:large, max-video-preview:-1\" \/>\n<link rel=\"canonical\" href=\"https:\/\/favorite-news.com\/pl\/szefowa-mfw-wezwala-g20-do-pomocy-nie-tylko-najbiedniejszym-krajom\/\" \/>\n<meta property=\"og:locale\" content=\"pl_PL\" \/>\n<meta property=\"og:type\" content=\"article\" \/>\n<meta property=\"og:title\" content=\"Szefowa MFW wezwa\u0142a G20 do pomocy nie tylko najbiedniejszym krajom - Favorite News\" \/>\n<meta property=\"og:description\" content=\"&#8222;Niezwykle wa\u017cne jest, aby szybko i skutecznie wprowadzi\u0107 te ramy w \u017cycie&#8221; &#8211; stwierdzi\u0142a Georgiewa w o\u015bwiadczeniu wydanym po przem\u00f3wieniu do przyw\u00f3dc\u00f3w pa\u0144stw G20. &#8222;W przysz\u0142o\u015bci musimy pom\u00f3c tak\u017ce krajom nieobj\u0119tym tymi ramami w radzeniu sobie z podatno\u015bci\u0105 na zad\u0142u\u017cenie, aby ich gospodarki sta\u0142y si\u0119 bardziej odporne&#8221; &#8211; doda\u0142a. Georgiewa oceni\u0142a tak\u017ce, \u017ce dzia\u0142ania G20 [&hellip;]\" \/>\n<meta property=\"og:url\" content=\"https:\/\/favorite-news.com\/pl\/szefowa-mfw-wezwala-g20-do-pomocy-nie-tylko-najbiedniejszym-krajom\/\" \/>\n<meta property=\"og:site_name\" content=\"Favorite News\" \/>\n<meta property=\"article:published_time\" content=\"2020-11-24T06:47:15+00:00\" \/>\n<meta property=\"article:modified_time\" content=\"2020-11-24T06:47:19+00:00\" \/>\n<meta property=\"og:image\" content=\"https:\/\/favorite-news.com\/pl\/wp-content\/uploads\/sites\/6\/2020\/11\/Szefowa-MFW-wezwala-G20-do-pomocy-nie-tylko-najbiedniejszym-krajom.jpg\" \/>\n\t<meta property=\"og:image:width\" content=\"1533\" \/>\n\t<meta property=\"og:image:height\" content=\"1080\" \/>\n\t<meta property=\"og:image:type\" content=\"image\/jpeg\" \/>\n<meta name=\"author\" content=\"favorite-news\" \/>\n<meta name=\"twitter:card\" content=\"summary_large_image\" \/>\n<meta name=\"twitter:label1\" content=\"Napisane przez\" \/>\n\t<meta name=\"twitter:data1\" content=\"favorite-news\" \/>\n\t<meta name=\"twitter:label2\" content=\"Szacowany czas czytania\" \/>\n\t<meta name=\"twitter:data2\" content=\"1 minuta\" \/>\n<script type=\"application\/ld+json\" class=\"yoast-schema-graph\">{\"@context\":\"https:\\\/\\\/schema.org\",\"@graph\":[{\"@type\":\"Article\",\"@id\":\"https:\\\/\\\/favorite-news.com\\\/pl\\\/szefowa-mfw-wezwala-g20-do-pomocy-nie-tylko-najbiedniejszym-krajom\\\/#article\",\"isPartOf\":{\"@id\":\"https:\\\/\\\/favorite-news.com\\\/pl\\\/szefowa-mfw-wezwala-g20-do-pomocy-nie-tylko-najbiedniejszym-krajom\\\/\"},\"author\":{\"name\":\"favorite-news\",\"@id\":\"https:\\\/\\\/favorite-news.com\\\/pl\\\/#\\\/schema\\\/person\\\/b91573b717dcfa5e4696032a9d28d3e8\"},\"headline\":\"Szefowa MFW wezwa\u0142a G20 do pomocy nie tylko najbiedniejszym krajom\",\"datePublished\":\"2020-11-24T06:47:15+00:00\",\"dateModified\":\"2020-11-24T06:47:19+00:00\",\"mainEntityOfPage\":{\"@id\":\"https:\\\/\\\/favorite-news.com\\\/pl\\\/szefowa-mfw-wezwala-g20-do-pomocy-nie-tylko-najbiedniejszym-krajom\\\/\"},\"wordCount\":197,\"commentCount\":0,\"image\":{\"@id\":\"https:\\\/\\\/favorite-news.com\\\/pl\\\/szefowa-mfw-wezwala-g20-do-pomocy-nie-tylko-najbiedniejszym-krajom\\\/#primaryimage\"},\"thumbnailUrl\":\"https:\\\/\\\/favorite-news.com\\\/pl\\\/wp-content\\\/uploads\\\/sites\\\/6\\\/2020\\\/11\\\/Szefowa-MFW-wezwala-G20-do-pomocy-nie-tylko-najbiedniejszym-krajom.jpg\",\"articleSection\":[\"WIADOMO\u015aCI FINANSOWE\"],\"inLanguage\":\"pl-PL\",\"potentialAction\":[{\"@type\":\"CommentAction\",\"name\":\"Comment\",\"target\":[\"https:\\\/\\\/favorite-news.com\\\/pl\\\/szefowa-mfw-wezwala-g20-do-pomocy-nie-tylko-najbiedniejszym-krajom\\\/#respond\"]}]},{\"@type\":\"WebPage\",\"@id\":\"https:\\\/\\\/favorite-news.com\\\/pl\\\/szefowa-mfw-wezwala-g20-do-pomocy-nie-tylko-najbiedniejszym-krajom\\\/\",\"url\":\"https:\\\/\\\/favorite-news.com\\\/pl\\\/szefowa-mfw-wezwala-g20-do-pomocy-nie-tylko-najbiedniejszym-krajom\\\/\",\"name\":\"Szefowa MFW wezwa\u0142a G20 do pomocy nie tylko najbiedniejszym krajom - Favorite News\",\"isPartOf\":{\"@id\":\"https:\\\/\\\/favorite-news.com\\\/pl\\\/#website\"},\"primaryImageOfPage\":{\"@id\":\"https:\\\/\\\/favorite-news.com\\\/pl\\\/szefowa-mfw-wezwala-g20-do-pomocy-nie-tylko-najbiedniejszym-krajom\\\/#primaryimage\"},\"image\":{\"@id\":\"https:\\\/\\\/favorite-news.com\\\/pl\\\/szefowa-mfw-wezwala-g20-do-pomocy-nie-tylko-najbiedniejszym-krajom\\\/#primaryimage\"},\"thumbnailUrl\":\"https:\\\/\\\/favorite-news.com\\\/pl\\\/wp-content\\\/uploads\\\/sites\\\/6\\\/2020\\\/11\\\/Szefowa-MFW-wezwala-G20-do-pomocy-nie-tylko-najbiedniejszym-krajom.jpg\",\"datePublished\":\"2020-11-24T06:47:15+00:00\",\"dateModified\":\"2020-11-24T06:47:19+00:00\",\"author\":{\"@id\":\"https:\\\/\\\/favorite-news.com\\\/pl\\\/#\\\/schema\\\/person\\\/b91573b717dcfa5e4696032a9d28d3e8\"},\"breadcrumb\":{\"@id\":\"https:\\\/\\\/favorite-news.com\\\/pl\\\/szefowa-mfw-wezwala-g20-do-pomocy-nie-tylko-najbiedniejszym-krajom\\\/#breadcrumb\"},\"inLanguage\":\"pl-PL\",\"potentialAction\":[{\"@type\":\"ReadAction\",\"target\":[\"https:\\\/\\\/favorite-news.com\\\/pl\\\/szefowa-mfw-wezwala-g20-do-pomocy-nie-tylko-najbiedniejszym-krajom\\\/\"]}]},{\"@type\":\"ImageObject\",\"inLanguage\":\"pl-PL\",\"@id\":\"https:\\\/\\\/favorite-news.com\\\/pl\\\/szefowa-mfw-wezwala-g20-do-pomocy-nie-tylko-najbiedniejszym-krajom\\\/#primaryimage\",\"url\":\"https:\\\/\\\/favorite-news.com\\\/pl\\\/wp-content\\\/uploads\\\/sites\\\/6\\\/2020\\\/11\\\/Szefowa-MFW-wezwala-G20-do-pomocy-nie-tylko-najbiedniejszym-krajom.jpg\",\"contentUrl\":\"https:\\\/\\\/favorite-news.com\\\/pl\\\/wp-content\\\/uploads\\\/sites\\\/6\\\/2020\\\/11\\\/Szefowa-MFW-wezwala-G20-do-pomocy-nie-tylko-najbiedniejszym-krajom.jpg\",\"width\":1533,\"height\":1080,\"caption\":\"Szefowa MFW wezwa\u0142a G20 do pomocy nie tylko najbiedniejszym krajom\"},{\"@type\":\"BreadcrumbList\",\"@id\":\"https:\\\/\\\/favorite-news.com\\\/pl\\\/szefowa-mfw-wezwala-g20-do-pomocy-nie-tylko-najbiedniejszym-krajom\\\/#breadcrumb\",\"itemListElement\":[{\"@type\":\"ListItem\",\"position\":1,\"name\":\"Home\",\"item\":\"https:\\\/\\\/favorite-news.com\\\/pl\\\/\"},{\"@type\":\"ListItem\",\"position\":2,\"name\":\"Szefowa MFW wezwa\u0142a G20 do pomocy nie tylko najbiedniejszym krajom\"}]},{\"@type\":\"WebSite\",\"@id\":\"https:\\\/\\\/favorite-news.com\\\/pl\\\/#website\",\"url\":\"https:\\\/\\\/favorite-news.com\\\/pl\\\/\",\"name\":\"Favorite News\",\"description\":\"Favorite News Polska\",\"potentialAction\":[{\"@type\":\"SearchAction\",\"target\":{\"@type\":\"EntryPoint\",\"urlTemplate\":\"https:\\\/\\\/favorite-news.com\\\/pl\\\/?s={search_term_string}\"},\"query-input\":{\"@type\":\"PropertyValueSpecification\",\"valueRequired\":true,\"valueName\":\"search_term_string\"}}],\"inLanguage\":\"pl-PL\"},{\"@type\":\"Person\",\"@id\":\"https:\\\/\\\/favorite-news.com\\\/pl\\\/#\\\/schema\\\/person\\\/b91573b717dcfa5e4696032a9d28d3e8\",\"name\":\"favorite-news\",\"image\":{\"@type\":\"ImageObject\",\"inLanguage\":\"pl-PL\",\"@id\":\"https:\\\/\\\/secure.gravatar.com\\\/avatar\\\/6c5a5cb12b74e9d517ee91cf570335b7d16177f1977cc91db161adfa435945a7?s=96&d=mm&r=g\",\"url\":\"https:\\\/\\\/secure.gravatar.com\\\/avatar\\\/6c5a5cb12b74e9d517ee91cf570335b7d16177f1977cc91db161adfa435945a7?s=96&d=mm&r=g\",\"contentUrl\":\"https:\\\/\\\/secure.gravatar.com\\\/avatar\\\/6c5a5cb12b74e9d517ee91cf570335b7d16177f1977cc91db161adfa435945a7?s=96&d=mm&r=g\",\"caption\":\"favorite-news\"},\"url\":\"https:\\\/\\\/favorite-news.com\\\/pl\\\/author\\\/pt\\\/\"}]}<\/script>\n<!-- \/ Yoast SEO plugin. -->","yoast_head_json":{"title":"Szefowa MFW wezwa\u0142a G20 do pomocy nie tylko najbiedniejszym krajom - Favorite News","robots":{"index":"index","follow":"follow","max-snippet":"max-snippet:-1","max-image-preview":"max-image-preview:large","max-video-preview":"max-video-preview:-1"},"canonical":"https:\/\/favorite-news.com\/pl\/szefowa-mfw-wezwala-g20-do-pomocy-nie-tylko-najbiedniejszym-krajom\/","og_locale":"pl_PL","og_type":"article","og_title":"Szefowa MFW wezwa\u0142a G20 do pomocy nie tylko najbiedniejszym krajom - Favorite News","og_description":"&#8222;Niezwykle wa\u017cne jest, aby szybko i skutecznie wprowadzi\u0107 te ramy w \u017cycie&#8221; &#8211; stwierdzi\u0142a Georgiewa w o\u015bwiadczeniu wydanym po przem\u00f3wieniu do przyw\u00f3dc\u00f3w pa\u0144stw G20. &#8222;W przysz\u0142o\u015bci musimy pom\u00f3c tak\u017ce krajom nieobj\u0119tym tymi ramami w radzeniu sobie z podatno\u015bci\u0105 na zad\u0142u\u017cenie, aby ich gospodarki sta\u0142y si\u0119 bardziej odporne&#8221; &#8211; doda\u0142a. Georgiewa oceni\u0142a tak\u017ce, \u017ce dzia\u0142ania G20 [&hellip;]","og_url":"https:\/\/favorite-news.com\/pl\/szefowa-mfw-wezwala-g20-do-pomocy-nie-tylko-najbiedniejszym-krajom\/","og_site_name":"Favorite News","article_published_time":"2020-11-24T06:47:15+00:00","article_modified_time":"2020-11-24T06:47:19+00:00","og_image":[{"width":1533,"height":1080,"url":"https:\/\/favorite-news.com\/pl\/wp-content\/uploads\/sites\/6\/2020\/11\/Szefowa-MFW-wezwala-G20-do-pomocy-nie-tylko-najbiedniejszym-krajom.jpg","type":"image\/jpeg"}],"author":"favorite-news","twitter_card":"summary_large_image","twitter_misc":{"Napisane przez":"favorite-news","Szacowany czas czytania":"1 minuta"},"schema":{"@context":"https:\/\/schema.org","@graph":[{"@type":"Article","@id":"https:\/\/favorite-news.com\/pl\/szefowa-mfw-wezwala-g20-do-pomocy-nie-tylko-najbiedniejszym-krajom\/#article","isPartOf":{"@id":"https:\/\/favorite-news.com\/pl\/szefowa-mfw-wezwala-g20-do-pomocy-nie-tylko-najbiedniejszym-krajom\/"},"author":{"name":"favorite-news","@id":"https:\/\/favorite-news.com\/pl\/#\/schema\/person\/b91573b717dcfa5e4696032a9d28d3e8"},"headline":"Szefowa MFW wezwa\u0142a G20 do pomocy nie tylko najbiedniejszym krajom","datePublished":"2020-11-24T06:47:15+00:00","dateModified":"2020-11-24T06:47:19+00:00","mainEntityOfPage":{"@id":"https:\/\/favorite-news.com\/pl\/szefowa-mfw-wezwala-g20-do-pomocy-nie-tylko-najbiedniejszym-krajom\/"},"wordCount":197,"commentCount":0,"image":{"@id":"https:\/\/favorite-news.com\/pl\/szefowa-mfw-wezwala-g20-do-pomocy-nie-tylko-najbiedniejszym-krajom\/#primaryimage"},"thumbnailUrl":"https:\/\/favorite-news.com\/pl\/wp-content\/uploads\/sites\/6\/2020\/11\/Szefowa-MFW-wezwala-G20-do-pomocy-nie-tylko-najbiedniejszym-krajom.jpg","articleSection":["WIADOMO\u015aCI FINANSOWE"],"inLanguage":"pl-PL","potentialAction":[{"@type":"CommentAction","name":"Comment","target":["https:\/\/favorite-news.com\/pl\/szefowa-mfw-wezwala-g20-do-pomocy-nie-tylko-najbiedniejszym-krajom\/#respond"]}]},{"@type":"WebPage","@id":"https:\/\/favorite-news.com\/pl\/szefowa-mfw-wezwala-g20-do-pomocy-nie-tylko-najbiedniejszym-krajom\/","url":"https:\/\/favorite-news.com\/pl\/szefowa-mfw-wezwala-g20-do-pomocy-nie-tylko-najbiedniejszym-krajom\/","name":"Szefowa MFW wezwa\u0142a G20 do pomocy nie tylko najbiedniejszym krajom - Favorite News","isPartOf":{"@id":"https:\/\/favorite-news.com\/pl\/#website"},"primaryImageOfPage":{"@id":"https:\/\/favorite-news.com\/pl\/szefowa-mfw-wezwala-g20-do-pomocy-nie-tylko-najbiedniejszym-krajom\/#primaryimage"},"image":{"@id":"https:\/\/favorite-news.com\/pl\/szefowa-mfw-wezwala-g20-do-pomocy-nie-tylko-najbiedniejszym-krajom\/#primaryimage"},"thumbnailUrl":"https:\/\/favorite-news.com\/pl\/wp-content\/uploads\/sites\/6\/2020\/11\/Szefowa-MFW-wezwala-G20-do-pomocy-nie-tylko-najbiedniejszym-krajom.jpg","datePublished":"2020-11-24T06:47:15+00:00","dateModified":"2020-11-24T06:47:19+00:00","author":{"@id":"https:\/\/favorite-news.com\/pl\/#\/schema\/person\/b91573b717dcfa5e4696032a9d28d3e8"},"breadcrumb":{"@id":"https:\/\/favorite-news.com\/pl\/szefowa-mfw-wezwala-g20-do-pomocy-nie-tylko-najbiedniejszym-krajom\/#breadcrumb"},"inLanguage":"pl-PL","potentialAction":[{"@type":"ReadAction","target":["https:\/\/favorite-news.com\/pl\/szefowa-mfw-wezwala-g20-do-pomocy-nie-tylko-najbiedniejszym-krajom\/"]}]},{"@type":"ImageObject","inLanguage":"pl-PL","@id":"https:\/\/favorite-news.com\/pl\/szefowa-mfw-wezwala-g20-do-pomocy-nie-tylko-najbiedniejszym-krajom\/#primaryimage","url":"https:\/\/favorite-news.com\/pl\/wp-content\/uploads\/sites\/6\/2020\/11\/Szefowa-MFW-wezwala-G20-do-pomocy-nie-tylko-najbiedniejszym-krajom.jpg","contentUrl":"https:\/\/favorite-news.com\/pl\/wp-content\/uploads\/sites\/6\/2020\/11\/Szefowa-MFW-wezwala-G20-do-pomocy-nie-tylko-najbiedniejszym-krajom.jpg","width":1533,"height":1080,"caption":"Szefowa MFW wezwa\u0142a G20 do pomocy nie tylko najbiedniejszym krajom"},{"@type":"BreadcrumbList","@id":"https:\/\/favorite-news.com\/pl\/szefowa-mfw-wezwala-g20-do-pomocy-nie-tylko-najbiedniejszym-krajom\/#breadcrumb","itemListElement":[{"@type":"ListItem","position":1,"name":"Home","item":"https:\/\/favorite-news.com\/pl\/"},{"@type":"ListItem","position":2,"name":"Szefowa MFW wezwa\u0142a G20 do pomocy nie tylko najbiedniejszym krajom"}]},{"@type":"WebSite","@id":"https:\/\/favorite-news.com\/pl\/#website","url":"https:\/\/favorite-news.com\/pl\/","name":"Favorite News","description":"Favorite News Polska","potentialAction":[{"@type":"SearchAction","target":{"@type":"EntryPoint","urlTemplate":"https:\/\/favorite-news.com\/pl\/?s={search_term_string}"},"query-input":{"@type":"PropertyValueSpecification","valueRequired":true,"valueName":"search_term_string"}}],"inLanguage":"pl-PL"},{"@type":"Person","@id":"https:\/\/favorite-news.com\/pl\/#\/schema\/person\/b91573b717dcfa5e4696032a9d28d3e8","name":"favorite-news","image":{"@type":"ImageObject","inLanguage":"pl-PL","@id":"https:\/\/secure.gravatar.com\/avatar\/6c5a5cb12b74e9d517ee91cf570335b7d16177f1977cc91db161adfa435945a7?s=96&d=mm&r=g","url":"https:\/\/secure.gravatar.com\/avatar\/6c5a5cb12b74e9d517ee91cf570335b7d16177f1977cc91db161adfa435945a7?s=96&d=mm&r=g","contentUrl":"https:\/\/secure.gravatar.com\/avatar\/6c5a5cb12b74e9d517ee91cf570335b7d16177f1977cc91db161adfa435945a7?s=96&d=mm&r=g","caption":"favorite-news"},"url":"https:\/\/favorite-news.com\/pl\/author\/pt\/"}]}},"_links":{"self":[{"href":"https:\/\/favorite-news.com\/pl\/wp-json\/wp\/v2\/posts\/5366","targetHints":{"allow":["GET"]}}],"collection":[{"href":"https:\/\/favorite-news.com\/pl\/wp-json\/wp\/v2\/posts"}],"about":[{"href":"https:\/\/favorite-news.com\/pl\/wp-json\/wp\/v2\/types\/post"}],"author":[{"embeddable":true,"href":"https:\/\/favorite-news.com\/pl\/wp-json\/wp\/v2\/users\/2"}],"replies":[{"embeddable":true,"href":"https:\/\/favorite-news.com\/pl\/wp-json\/wp\/v2\/comments?post=5366"}],"version-history":[{"count":1,"href":"https:\/\/favorite-news.com\/pl\/wp-json\/wp\/v2\/posts\/5366\/revisions"}],"predecessor-version":[{"id":5368,"href":"https:\/\/favorite-news.com\/pl\/wp-json\/wp\/v2\/posts\/5366\/revisions\/5368"}],"wp:featuredmedia":[{"embeddable":true,"href":"https:\/\/favorite-news.com\/pl\/wp-json\/wp\/v2\/media\/5367"}],"wp:attachment":[{"href":"https:\/\/favorite-news.com\/pl\/wp-json\/wp\/v2\/media?parent=5366"}],"wp:term":[{"taxonomy":"category","embeddable":true,"href":"https:\/\/favorite-news.com\/pl\/wp-json\/wp\/v2\/categories?post=5366"},{"taxonomy":"post_tag","embeddable":true,"href":"https:\/\/favorite-news.com\/pl\/wp-json\/wp\/v2\/tags?post=5366"}],"curies":[{"name":"wp","href":"https:\/\/api.w.org\/{rel}","templated":true}]}}