{"id":5325,"date":"2020-11-19T20:57:30","date_gmt":"2020-11-19T17:57:30","guid":{"rendered":"https:\/\/favorite-news.com\/pl\/pandemia-nie-zabila-w-polakach-optymizmu-konsumpcja-moze-odbic-szybciej-niz-nam-sie-wydaje\/"},"modified":"2020-11-19T20:57:31","modified_gmt":"2020-11-19T17:57:31","slug":"pandemia-nie-zabila-w-polakach-optymizmu-konsumpcja-moze-odbic-szybciej-niz-nam-sie-wydaje","status":"publish","type":"post","link":"https:\/\/favorite-news.com\/pl\/pandemia-nie-zabila-w-polakach-optymizmu-konsumpcja-moze-odbic-szybciej-niz-nam-sie-wydaje\/","title":{"rendered":"Pandemia nie zabi\u0142a w Polakach optymizmu. Konsumpcja mo\u017ce odbi\u0107 szybciej, ni\u017c nam si\u0119 wydaje"},"content":{"rendered":"<p>Je\u015bli obostrzenia nie utrzymaj\u0105 si\u0119 nadmiernie d\u0142ugo i nie przerodz\u0105 w masowe bankructwa oraz skok bezrobocia, to gospodarka mo\u017ce do\u015b\u0107 szybko wr\u00f3ci\u0107 na stare tory, g\u0142\u00f3wnie dzi\u0119ki wydatkom konsumpcyjnym. Nastroje w\u015br\u00f3d konsument\u00f3w s\u0105 niez\u0142e mimo skokowego wzrostu liczby zaka\u017ce\u0144 w ostatnich tygodniach. Tak\u0105 tez\u0119 mo\u017cna postawi\u0107 po lekturze wynik\u00f3w ostatnio publikowanych bada\u0144, kt\u00f3re mia\u0142y na celu zmierzy\u0107 sk\u0142onno\u015b\u0107 Polak\u00f3w do oszcz\u0119dzania i wydawania pieni\u0119dzy. Wszystkie ankiety przeprowadzono na du\u017cych, 1000-osobowych pr\u00f3bach na kr\u00f3tko przed drug\u0105 fal\u0105 pandemii lub ju\u017c w jej trakcie.<br \/>\nNajwi\u0119kszym badaniem, kt\u00f3re wskazywa\u0142o na to, \u017ce pandemia nie wprawi\u0142a konsument\u00f3w w pop\u0142och, by\u0142a ankieta o sk\u0142onno\u015bci do zad\u0142u\u017cania si\u0119, kt\u00f3r\u0105 zleci\u0142y Fundacja Rozwoju Rynku Finansowego i Federacja Konsument\u00f3w. Firma ABR Sesta przeprowadzi\u0142a badanie na pr\u00f3bie niemal 1300 os\u00f3b. Co prawda zosta\u0142o ono dokonane we wrze\u015bniu, czyli jeszcze przed wzrostem dziennej liczby zachorowa\u0144, ale i tak pokazuje, \u017ce Polacy przyzwyczaili si\u0119 do zagro\u017cenia.<\/p>\n<p>\u201eWydaje si\u0119, \u017ce Polacy szybko oswoili now\u0105 rzeczywisto\u015b\u0107 i nie wyra\u017caj\u0105 wi\u0119kszych obaw o swoj\u0105 sytuacj\u0119 ekonomiczn\u0105 w kolejnych miesi\u0105cach, a w konsekwencji nie prowadz\u0105 wi\u0119kszej kontroli wydatk\u00f3w\u201d \u2013 napisali autorzy w komentarzu do wynik\u00f3w badania. W ci\u0105gu pierwszych sze\u015bciu miesi\u0119cy pandemii zwyczaje wydatkowe wi\u0119kszo\u015bci gospodarstw domowych pozosta\u0142y takie jak przed marcem 2020 r. 56 proc. uczestnik\u00f3w badania wskaza\u0142o, \u017ce wydaje tyle samo pieni\u0119dzy, co przed wybuchem pandemii, jedna czwarta respondent\u00f3w twierdzi\u0142a nawet, \u017ce wydatki wzros\u0142y, za\u015b do ich ograniczenia przyzna\u0142o si\u0119 tylko 16 proc. ankietowanych.<br \/>\nMo\u017cna by te wyniki zlekcewa\u017cy\u0107 jako historyczne (pandemia wr\u00f3ci\u0142a z now\u0105 si\u0142\u0105 w drugiej po\u0142owie pa\u017adziernika), jednak \u015bwie\u017csze ankiety pokazuj\u0105 ten sam obraz. Przyk\u0142ad to polska edycja EY Future Consumer Index. Badanie do niej przeprowadzi\u0142a pod koniec pa\u017adziernika firma doradcza EY. Dwa g\u0142\u00f3wne, z pozoru sprzeczne wnioski: Polacy boj\u0105 si\u0119 utraty dochod\u00f3w bardziej ni\u017c w czasie pierwszej wiosennej fali zachorowa\u0144, ale ich sk\u0142onno\u015b\u0107 do wydawania pieni\u0119dzy zbytnio si\u0119 nie zmieni\u0142a. Odsetek tych, kt\u00f3rzy deklaruj\u0105, \u017ce dokonuj\u0105 wydatk\u00f3w z wi\u0119ksz\u0105 rozwag\u0105 ni\u017c w czasach przedpandemicznych, jest nawet mniejszy ni\u017c wiosn\u0105.<br \/>\nWtedy tak\u0105 postaw\u0119 deklarowa\u0142o 64,4 proc. pytanych, dzi\u015b \u2013 59 proc. Jedna czwarta nadal twierdzi, \u017ce w og\u00f3le nie zmienia podej\u015bcia do wydatk\u00f3w, a 17,5 proc. zak\u0142ada, \u017ce w ci\u0105gu kolejnych 6 do 12 miesi\u0119cy ograniczy je, ale w przypadku produkt\u00f3w innych ni\u017c podstawowe. A\u017c 39 proc. nie zamierza niczego zmienia\u0107. Eksperci EY zwracaj\u0105 uwag\u0119, \u017ce odpowiedzi pada\u0142y w czasie, gdy liczba dziennych zaka\u017ce\u0144 szybko ros\u0142a, a rz\u0105d wprowadza\u0142 pierwsze ograniczenia w dzia\u0142alno\u015bci bran\u017c. Nie mo\u017cna wi\u0119c t\u0142umaczy\u0107 wynik\u00f3w optymizmem z III kw., gdy gospodarka szybko podnosi\u0142a si\u0119 po wiosennym lockdownie.<br \/>\nWed\u0142ug autor\u00f3w raportu mog\u0105 tu decydowa\u0107 nie tylko wzgl\u0119dy ekonomiczne \u2013 bo te raczej sk\u0142ania\u0142yby do oszcz\u0119dzania na czarn\u0105 godzin\u0119 \u2013 ale i psychologiczne. Badanie przeprowadzono na d\u0142ugo przed pierwszymi informacjami o szczepionkach, w czasie narastaj\u0105cego kryzysu, gdy wydawa\u0142o si\u0119, \u017ce na pandemi\u0119 nie ma mocnych. Zwalczenie wirusa w kr\u00f3tkim czasie nie wchodzi\u0142o w gr\u0119, ale konsumenci byli ju\u017c bogatsi o do\u015bwiadczenia z wiosny. A te wskazywa\u0142y na to, \u017ce rz\u0105d jest zdeterminowany, by nie doprowadzi\u0107 do fali bankructw i masowego bezrobocia. Sam wirus te\u017c zosta\u0142 oswojony w tym sensie, \u017ce wiadomo ju\u017c by\u0142o, czego mo\u017cna si\u0119 po nim spodziewa\u0107. Wiosn\u0105 niepewno\u015b\u0107 by\u0142a znacznie wi\u0119ksza.<br \/>\n\u2013 Staramy si\u0119 wi\u0119c oswoi\u0107 z now\u0105 rzeczywisto\u015bci\u0105 i \u017cy\u0107 w miar\u0119 normalnie, bo kr\u00f3tkoterminowe zaci\u015bni\u0119cie pasa mo\u017ce by\u0107 i tak niewystarczaj\u0105ce, by zmitygowa\u0107 negatywne skutki wp\u0142ywu pandemii na domowe bud\u017cety \u2013 t\u0142umaczy \u0141ukasz Wojciechowski, partner EY. W podobnym tonie wypowiada si\u0119 Adam \u0141\u0105cki, prezes Krajowego Rejestru D\u0142ug\u00f3w \u2013 Biura Informacji Gospodarczej. Na zlecenie KRD te\u017c przeprowadzono badania preferencji konsumenckich. Zrobi\u0142 je IMAS International w II po\u0142owie pa\u017adziernika. Wynik? Co prawda 38 proc. ankietowanych m\u00f3wi, \u017ce ich sytuacja finansowa pogorszy\u0142a si\u0119 po wybuchu pandemii, ale ponad po\u0142owa twierdzi, \u017ce pozosta\u0142a bez zmian.<br \/>\nNieco ponad po\u0142owa \u2013 52 proc. \u2013 nie zmieni\u0142a przy tym podej\u015bcia do wydawania pieni\u0119dzy i zarz\u0105dza finansami tak, jakby nic si\u0119 nie wydarzy\u0142o, cho\u0107 39 proc. os\u00f3b bardziej ni\u017c wcze\u015bniej kontroluje swoje finanse. \u2013 Mimo du\u017cych zmian i braku pewno\u015bci co do przysz\u0142o\u015bci, ludzie nie chc\u0105 si\u0119 ogranicza\u0107. Jest grupa, kt\u00f3ra nie mog\u0105c \u017cy\u0107 jak dot\u0105d, czyli na przyk\u0142ad je\u017adzi\u0107 na egzotyczne wakacje lub chodzi\u0107 na masowe koncerty, rekompensuje to sobie innymi przyjemno\u015bciami. Zmienia wystr\u00f3j mieszkania czy kupuje sprz\u0119t elektroniczny z wy\u017cszej p\u00f3\u0142ki \u2013 m\u00f3wi Adam \u0141\u0105cki.<br \/>\nOczywi\u015bcie preferencje konsument\u00f3w to jedno, a drugie to obiektywne powody, kt\u00f3re zmuszaj\u0105 do ograniczenia niekt\u00f3rych wydatk\u00f3w. Takim powodem mo\u017ce by\u0107 chocia\u017cby lockdown: zamkni\u0119cie restauracji i bar\u00f3w w oczywisty spos\u00f3b powoduje, \u017ce ludzie nie wydaj\u0105 w nich pieni\u0119dzy. Z bada\u0144 KRD wynika, \u017ce przez ograniczenia, jakie narzuci\u0142a pandemia, prawie po\u0142owa z nas oszcz\u0119dza na wyj\u015bciach do restauracji, a blisko 30 proc. na biletach do kina czy na koncerty. Mniejsze wydatki na podr\u00f3\u017ce deklaruje 48 proc. pytanych. I to te\u017c zapewne nie dzieje si\u0119 z przezorno\u015bci, ale ze wzgl\u0119du na ograniczenie mobilno\u015bci.<br \/>\nKRD zada\u0142 te\u017c pytanie o \u015bwiadome ograniczanie niekt\u00f3rych wydatk\u00f3w z powodu obaw o obecn\u0105 lub przysz\u0142\u0105 sytuacj\u0119 finansow\u0105. 61 proc. os\u00f3b zadeklarowa\u0142o, \u017ce ich wydatki s\u0105 mniejsze w por\u00f3wnaniu do czas\u00f3w sprzed pandemii, co te\u017c jest zrozumia\u0142e i ma potwierdzenie w danych: konsumpcja prywatna by\u0142a na minusie w II kw. i zapewne r\u00f3wnie\u017c w III kw. w por\u00f3wnaniu do stanu sprzed roku. Je\u015bli jednak ju\u017c tniemy wydatki, to na takie us\u0142ugi jak te oferowane przez sektor beauty. 35 proc. pytanych stwierdzi\u0142o, \u017ce na fryzjera czy kosmetyczk\u0119 wydaje mniej ni\u017c przed pandemi\u0105.\u00a0<\/p>\n<p>\n<!--noindex--><br \/>\n<a href=\"http:\/\/rss.gazetaprawna.pl\/~r\/GazetaPrawna-Finanse\/~3\/xITU0Hml-x8\/1496639,koronawirus-konsumpcja-finanse-polakow-w-czasie-pandemii.html\" rel=\"nofollow\">Source link <\/a><br \/>\n<!--\/noindex--><\/p>\n","protected":false},"excerpt":{"rendered":"<p>Je\u015bli obostrzenia nie utrzymaj\u0105 si\u0119 nadmiernie d\u0142ugo i nie przerodz\u0105 w masowe bankructwa oraz skok bezrobocia, to gospodarka mo\u017ce do\u015b\u0107 szybko wr\u00f3ci\u0107 na stare tory, g\u0142\u00f3wnie dzi\u0119ki wydatkom konsumpcyjnym. Nastroje w\u015br\u00f3d konsument\u00f3w s\u0105 niez\u0142e mimo skokowego wzrostu liczby zaka\u017ce\u0144 w ostatnich tygodniach. Tak\u0105 tez\u0119 mo\u017cna postawi\u0107 po lekturze wynik\u00f3w ostatnio publikowanych bada\u0144, kt\u00f3re mia\u0142y na [&hellip;]<\/p>\n","protected":false},"author":2,"featured_media":5241,"comment_status":"open","ping_status":"open","sticky":false,"template":"","format":"standard","meta":{"footnotes":""},"categories":[1],"tags":[],"class_list":["post-5325","post","type-post","status-publish","format-standard","has-post-thumbnail","hentry","category-wiadomosci-finansowe"],"yoast_head":"<!-- This site is optimized with the Yoast SEO plugin v27.4 - https:\/\/yoast.com\/product\/yoast-seo-wordpress\/ -->\n<title>Pandemia nie zabi\u0142a w Polakach optymizmu. Konsumpcja mo\u017ce odbi\u0107 szybciej, ni\u017c nam si\u0119 wydaje - Favorite News<\/title>\n<meta name=\"robots\" content=\"index, follow, max-snippet:-1, max-image-preview:large, max-video-preview:-1\" \/>\n<link rel=\"canonical\" href=\"https:\/\/favorite-news.com\/pl\/pandemia-nie-zabila-w-polakach-optymizmu-konsumpcja-moze-odbic-szybciej-niz-nam-sie-wydaje\/\" \/>\n<meta property=\"og:locale\" content=\"pl_PL\" \/>\n<meta property=\"og:type\" content=\"article\" \/>\n<meta property=\"og:title\" content=\"Pandemia nie zabi\u0142a w Polakach optymizmu. Konsumpcja mo\u017ce odbi\u0107 szybciej, ni\u017c nam si\u0119 wydaje - Favorite News\" \/>\n<meta property=\"og:description\" content=\"Je\u015bli obostrzenia nie utrzymaj\u0105 si\u0119 nadmiernie d\u0142ugo i nie przerodz\u0105 w masowe bankructwa oraz skok bezrobocia, to gospodarka mo\u017ce do\u015b\u0107 szybko wr\u00f3ci\u0107 na stare tory, g\u0142\u00f3wnie dzi\u0119ki wydatkom konsumpcyjnym. Nastroje w\u015br\u00f3d konsument\u00f3w s\u0105 niez\u0142e mimo skokowego wzrostu liczby zaka\u017ce\u0144 w ostatnich tygodniach. Tak\u0105 tez\u0119 mo\u017cna postawi\u0107 po lekturze wynik\u00f3w ostatnio publikowanych bada\u0144, kt\u00f3re mia\u0142y na [&hellip;]\" \/>\n<meta property=\"og:url\" content=\"https:\/\/favorite-news.com\/pl\/pandemia-nie-zabila-w-polakach-optymizmu-konsumpcja-moze-odbic-szybciej-niz-nam-sie-wydaje\/\" \/>\n<meta property=\"og:site_name\" content=\"Favorite News\" \/>\n<meta property=\"article:published_time\" content=\"2020-11-19T17:57:30+00:00\" \/>\n<meta property=\"article:modified_time\" content=\"2020-11-19T17:57:31+00:00\" \/>\n<meta property=\"og:image\" content=\"https:\/\/favorite-news.com\/pl\/wp-content\/uploads\/sites\/6\/2020\/11\/Po-szczepionkowej-euforii-na-WIG20-moze-przyjsc-korekta.jpg\" \/>\n\t<meta property=\"og:image:width\" content=\"1764\" \/>\n\t<meta property=\"og:image:height\" content=\"1080\" \/>\n\t<meta property=\"og:image:type\" content=\"image\/jpeg\" \/>\n<meta name=\"author\" content=\"favorite-news\" \/>\n<meta name=\"twitter:card\" content=\"summary_large_image\" \/>\n<meta name=\"twitter:label1\" content=\"Napisane przez\" \/>\n\t<meta name=\"twitter:data1\" content=\"favorite-news\" \/>\n\t<meta name=\"twitter:label2\" content=\"Szacowany czas czytania\" \/>\n\t<meta name=\"twitter:data2\" content=\"5 minut\" \/>\n<script type=\"application\/ld+json\" class=\"yoast-schema-graph\">{\"@context\":\"https:\\\/\\\/schema.org\",\"@graph\":[{\"@type\":\"Article\",\"@id\":\"https:\\\/\\\/favorite-news.com\\\/pl\\\/pandemia-nie-zabila-w-polakach-optymizmu-konsumpcja-moze-odbic-szybciej-niz-nam-sie-wydaje\\\/#article\",\"isPartOf\":{\"@id\":\"https:\\\/\\\/favorite-news.com\\\/pl\\\/pandemia-nie-zabila-w-polakach-optymizmu-konsumpcja-moze-odbic-szybciej-niz-nam-sie-wydaje\\\/\"},\"author\":{\"name\":\"favorite-news\",\"@id\":\"https:\\\/\\\/favorite-news.com\\\/pl\\\/#\\\/schema\\\/person\\\/b91573b717dcfa5e4696032a9d28d3e8\"},\"headline\":\"Pandemia nie zabi\u0142a w Polakach optymizmu. Konsumpcja mo\u017ce odbi\u0107 szybciej, ni\u017c nam si\u0119 wydaje\",\"datePublished\":\"2020-11-19T17:57:30+00:00\",\"dateModified\":\"2020-11-19T17:57:31+00:00\",\"mainEntityOfPage\":{\"@id\":\"https:\\\/\\\/favorite-news.com\\\/pl\\\/pandemia-nie-zabila-w-polakach-optymizmu-konsumpcja-moze-odbic-szybciej-niz-nam-sie-wydaje\\\/\"},\"wordCount\":1056,\"commentCount\":0,\"image\":{\"@id\":\"https:\\\/\\\/favorite-news.com\\\/pl\\\/pandemia-nie-zabila-w-polakach-optymizmu-konsumpcja-moze-odbic-szybciej-niz-nam-sie-wydaje\\\/#primaryimage\"},\"thumbnailUrl\":\"https:\\\/\\\/favorite-news.com\\\/pl\\\/wp-content\\\/uploads\\\/sites\\\/6\\\/2020\\\/11\\\/Po-szczepionkowej-euforii-na-WIG20-moze-przyjsc-korekta.jpg\",\"articleSection\":[\"WIADOMO\u015aCI FINANSOWE\"],\"inLanguage\":\"pl-PL\",\"potentialAction\":[{\"@type\":\"CommentAction\",\"name\":\"Comment\",\"target\":[\"https:\\\/\\\/favorite-news.com\\\/pl\\\/pandemia-nie-zabila-w-polakach-optymizmu-konsumpcja-moze-odbic-szybciej-niz-nam-sie-wydaje\\\/#respond\"]}]},{\"@type\":\"WebPage\",\"@id\":\"https:\\\/\\\/favorite-news.com\\\/pl\\\/pandemia-nie-zabila-w-polakach-optymizmu-konsumpcja-moze-odbic-szybciej-niz-nam-sie-wydaje\\\/\",\"url\":\"https:\\\/\\\/favorite-news.com\\\/pl\\\/pandemia-nie-zabila-w-polakach-optymizmu-konsumpcja-moze-odbic-szybciej-niz-nam-sie-wydaje\\\/\",\"name\":\"Pandemia nie zabi\u0142a w Polakach optymizmu. Konsumpcja mo\u017ce odbi\u0107 szybciej, ni\u017c nam si\u0119 wydaje - Favorite News\",\"isPartOf\":{\"@id\":\"https:\\\/\\\/favorite-news.com\\\/pl\\\/#website\"},\"primaryImageOfPage\":{\"@id\":\"https:\\\/\\\/favorite-news.com\\\/pl\\\/pandemia-nie-zabila-w-polakach-optymizmu-konsumpcja-moze-odbic-szybciej-niz-nam-sie-wydaje\\\/#primaryimage\"},\"image\":{\"@id\":\"https:\\\/\\\/favorite-news.com\\\/pl\\\/pandemia-nie-zabila-w-polakach-optymizmu-konsumpcja-moze-odbic-szybciej-niz-nam-sie-wydaje\\\/#primaryimage\"},\"thumbnailUrl\":\"https:\\\/\\\/favorite-news.com\\\/pl\\\/wp-content\\\/uploads\\\/sites\\\/6\\\/2020\\\/11\\\/Po-szczepionkowej-euforii-na-WIG20-moze-przyjsc-korekta.jpg\",\"datePublished\":\"2020-11-19T17:57:30+00:00\",\"dateModified\":\"2020-11-19T17:57:31+00:00\",\"author\":{\"@id\":\"https:\\\/\\\/favorite-news.com\\\/pl\\\/#\\\/schema\\\/person\\\/b91573b717dcfa5e4696032a9d28d3e8\"},\"breadcrumb\":{\"@id\":\"https:\\\/\\\/favorite-news.com\\\/pl\\\/pandemia-nie-zabila-w-polakach-optymizmu-konsumpcja-moze-odbic-szybciej-niz-nam-sie-wydaje\\\/#breadcrumb\"},\"inLanguage\":\"pl-PL\",\"potentialAction\":[{\"@type\":\"ReadAction\",\"target\":[\"https:\\\/\\\/favorite-news.com\\\/pl\\\/pandemia-nie-zabila-w-polakach-optymizmu-konsumpcja-moze-odbic-szybciej-niz-nam-sie-wydaje\\\/\"]}]},{\"@type\":\"ImageObject\",\"inLanguage\":\"pl-PL\",\"@id\":\"https:\\\/\\\/favorite-news.com\\\/pl\\\/pandemia-nie-zabila-w-polakach-optymizmu-konsumpcja-moze-odbic-szybciej-niz-nam-sie-wydaje\\\/#primaryimage\",\"url\":\"https:\\\/\\\/favorite-news.com\\\/pl\\\/wp-content\\\/uploads\\\/sites\\\/6\\\/2020\\\/11\\\/Po-szczepionkowej-euforii-na-WIG20-moze-przyjsc-korekta.jpg\",\"contentUrl\":\"https:\\\/\\\/favorite-news.com\\\/pl\\\/wp-content\\\/uploads\\\/sites\\\/6\\\/2020\\\/11\\\/Po-szczepionkowej-euforii-na-WIG20-moze-przyjsc-korekta.jpg\",\"width\":1764,\"height\":1080,\"caption\":\"Po szczepionkowej euforii na WIG20 mo\u017ce przyj\u015b\u0107 korekta\"},{\"@type\":\"BreadcrumbList\",\"@id\":\"https:\\\/\\\/favorite-news.com\\\/pl\\\/pandemia-nie-zabila-w-polakach-optymizmu-konsumpcja-moze-odbic-szybciej-niz-nam-sie-wydaje\\\/#breadcrumb\",\"itemListElement\":[{\"@type\":\"ListItem\",\"position\":1,\"name\":\"Home\",\"item\":\"https:\\\/\\\/favorite-news.com\\\/pl\\\/\"},{\"@type\":\"ListItem\",\"position\":2,\"name\":\"Pandemia nie zabi\u0142a w Polakach optymizmu. Konsumpcja mo\u017ce odbi\u0107 szybciej, ni\u017c nam si\u0119 wydaje\"}]},{\"@type\":\"WebSite\",\"@id\":\"https:\\\/\\\/favorite-news.com\\\/pl\\\/#website\",\"url\":\"https:\\\/\\\/favorite-news.com\\\/pl\\\/\",\"name\":\"Favorite News\",\"description\":\"Favorite News Polska\",\"potentialAction\":[{\"@type\":\"SearchAction\",\"target\":{\"@type\":\"EntryPoint\",\"urlTemplate\":\"https:\\\/\\\/favorite-news.com\\\/pl\\\/?s={search_term_string}\"},\"query-input\":{\"@type\":\"PropertyValueSpecification\",\"valueRequired\":true,\"valueName\":\"search_term_string\"}}],\"inLanguage\":\"pl-PL\"},{\"@type\":\"Person\",\"@id\":\"https:\\\/\\\/favorite-news.com\\\/pl\\\/#\\\/schema\\\/person\\\/b91573b717dcfa5e4696032a9d28d3e8\",\"name\":\"favorite-news\",\"image\":{\"@type\":\"ImageObject\",\"inLanguage\":\"pl-PL\",\"@id\":\"https:\\\/\\\/secure.gravatar.com\\\/avatar\\\/6c5a5cb12b74e9d517ee91cf570335b7d16177f1977cc91db161adfa435945a7?s=96&d=mm&r=g\",\"url\":\"https:\\\/\\\/secure.gravatar.com\\\/avatar\\\/6c5a5cb12b74e9d517ee91cf570335b7d16177f1977cc91db161adfa435945a7?s=96&d=mm&r=g\",\"contentUrl\":\"https:\\\/\\\/secure.gravatar.com\\\/avatar\\\/6c5a5cb12b74e9d517ee91cf570335b7d16177f1977cc91db161adfa435945a7?s=96&d=mm&r=g\",\"caption\":\"favorite-news\"},\"url\":\"https:\\\/\\\/favorite-news.com\\\/pl\\\/author\\\/pt\\\/\"}]}<\/script>\n<!-- \/ Yoast SEO plugin. -->","yoast_head_json":{"title":"Pandemia nie zabi\u0142a w Polakach optymizmu. Konsumpcja mo\u017ce odbi\u0107 szybciej, ni\u017c nam si\u0119 wydaje - Favorite News","robots":{"index":"index","follow":"follow","max-snippet":"max-snippet:-1","max-image-preview":"max-image-preview:large","max-video-preview":"max-video-preview:-1"},"canonical":"https:\/\/favorite-news.com\/pl\/pandemia-nie-zabila-w-polakach-optymizmu-konsumpcja-moze-odbic-szybciej-niz-nam-sie-wydaje\/","og_locale":"pl_PL","og_type":"article","og_title":"Pandemia nie zabi\u0142a w Polakach optymizmu. Konsumpcja mo\u017ce odbi\u0107 szybciej, ni\u017c nam si\u0119 wydaje - Favorite News","og_description":"Je\u015bli obostrzenia nie utrzymaj\u0105 si\u0119 nadmiernie d\u0142ugo i nie przerodz\u0105 w masowe bankructwa oraz skok bezrobocia, to gospodarka mo\u017ce do\u015b\u0107 szybko wr\u00f3ci\u0107 na stare tory, g\u0142\u00f3wnie dzi\u0119ki wydatkom konsumpcyjnym. Nastroje w\u015br\u00f3d konsument\u00f3w s\u0105 niez\u0142e mimo skokowego wzrostu liczby zaka\u017ce\u0144 w ostatnich tygodniach. Tak\u0105 tez\u0119 mo\u017cna postawi\u0107 po lekturze wynik\u00f3w ostatnio publikowanych bada\u0144, kt\u00f3re mia\u0142y na [&hellip;]","og_url":"https:\/\/favorite-news.com\/pl\/pandemia-nie-zabila-w-polakach-optymizmu-konsumpcja-moze-odbic-szybciej-niz-nam-sie-wydaje\/","og_site_name":"Favorite News","article_published_time":"2020-11-19T17:57:30+00:00","article_modified_time":"2020-11-19T17:57:31+00:00","og_image":[{"width":1764,"height":1080,"url":"https:\/\/favorite-news.com\/pl\/wp-content\/uploads\/sites\/6\/2020\/11\/Po-szczepionkowej-euforii-na-WIG20-moze-przyjsc-korekta.jpg","type":"image\/jpeg"}],"author":"favorite-news","twitter_card":"summary_large_image","twitter_misc":{"Napisane przez":"favorite-news","Szacowany czas czytania":"5 minut"},"schema":{"@context":"https:\/\/schema.org","@graph":[{"@type":"Article","@id":"https:\/\/favorite-news.com\/pl\/pandemia-nie-zabila-w-polakach-optymizmu-konsumpcja-moze-odbic-szybciej-niz-nam-sie-wydaje\/#article","isPartOf":{"@id":"https:\/\/favorite-news.com\/pl\/pandemia-nie-zabila-w-polakach-optymizmu-konsumpcja-moze-odbic-szybciej-niz-nam-sie-wydaje\/"},"author":{"name":"favorite-news","@id":"https:\/\/favorite-news.com\/pl\/#\/schema\/person\/b91573b717dcfa5e4696032a9d28d3e8"},"headline":"Pandemia nie zabi\u0142a w Polakach optymizmu. Konsumpcja mo\u017ce odbi\u0107 szybciej, ni\u017c nam si\u0119 wydaje","datePublished":"2020-11-19T17:57:30+00:00","dateModified":"2020-11-19T17:57:31+00:00","mainEntityOfPage":{"@id":"https:\/\/favorite-news.com\/pl\/pandemia-nie-zabila-w-polakach-optymizmu-konsumpcja-moze-odbic-szybciej-niz-nam-sie-wydaje\/"},"wordCount":1056,"commentCount":0,"image":{"@id":"https:\/\/favorite-news.com\/pl\/pandemia-nie-zabila-w-polakach-optymizmu-konsumpcja-moze-odbic-szybciej-niz-nam-sie-wydaje\/#primaryimage"},"thumbnailUrl":"https:\/\/favorite-news.com\/pl\/wp-content\/uploads\/sites\/6\/2020\/11\/Po-szczepionkowej-euforii-na-WIG20-moze-przyjsc-korekta.jpg","articleSection":["WIADOMO\u015aCI FINANSOWE"],"inLanguage":"pl-PL","potentialAction":[{"@type":"CommentAction","name":"Comment","target":["https:\/\/favorite-news.com\/pl\/pandemia-nie-zabila-w-polakach-optymizmu-konsumpcja-moze-odbic-szybciej-niz-nam-sie-wydaje\/#respond"]}]},{"@type":"WebPage","@id":"https:\/\/favorite-news.com\/pl\/pandemia-nie-zabila-w-polakach-optymizmu-konsumpcja-moze-odbic-szybciej-niz-nam-sie-wydaje\/","url":"https:\/\/favorite-news.com\/pl\/pandemia-nie-zabila-w-polakach-optymizmu-konsumpcja-moze-odbic-szybciej-niz-nam-sie-wydaje\/","name":"Pandemia nie zabi\u0142a w Polakach optymizmu. Konsumpcja mo\u017ce odbi\u0107 szybciej, ni\u017c nam si\u0119 wydaje - Favorite News","isPartOf":{"@id":"https:\/\/favorite-news.com\/pl\/#website"},"primaryImageOfPage":{"@id":"https:\/\/favorite-news.com\/pl\/pandemia-nie-zabila-w-polakach-optymizmu-konsumpcja-moze-odbic-szybciej-niz-nam-sie-wydaje\/#primaryimage"},"image":{"@id":"https:\/\/favorite-news.com\/pl\/pandemia-nie-zabila-w-polakach-optymizmu-konsumpcja-moze-odbic-szybciej-niz-nam-sie-wydaje\/#primaryimage"},"thumbnailUrl":"https:\/\/favorite-news.com\/pl\/wp-content\/uploads\/sites\/6\/2020\/11\/Po-szczepionkowej-euforii-na-WIG20-moze-przyjsc-korekta.jpg","datePublished":"2020-11-19T17:57:30+00:00","dateModified":"2020-11-19T17:57:31+00:00","author":{"@id":"https:\/\/favorite-news.com\/pl\/#\/schema\/person\/b91573b717dcfa5e4696032a9d28d3e8"},"breadcrumb":{"@id":"https:\/\/favorite-news.com\/pl\/pandemia-nie-zabila-w-polakach-optymizmu-konsumpcja-moze-odbic-szybciej-niz-nam-sie-wydaje\/#breadcrumb"},"inLanguage":"pl-PL","potentialAction":[{"@type":"ReadAction","target":["https:\/\/favorite-news.com\/pl\/pandemia-nie-zabila-w-polakach-optymizmu-konsumpcja-moze-odbic-szybciej-niz-nam-sie-wydaje\/"]}]},{"@type":"ImageObject","inLanguage":"pl-PL","@id":"https:\/\/favorite-news.com\/pl\/pandemia-nie-zabila-w-polakach-optymizmu-konsumpcja-moze-odbic-szybciej-niz-nam-sie-wydaje\/#primaryimage","url":"https:\/\/favorite-news.com\/pl\/wp-content\/uploads\/sites\/6\/2020\/11\/Po-szczepionkowej-euforii-na-WIG20-moze-przyjsc-korekta.jpg","contentUrl":"https:\/\/favorite-news.com\/pl\/wp-content\/uploads\/sites\/6\/2020\/11\/Po-szczepionkowej-euforii-na-WIG20-moze-przyjsc-korekta.jpg","width":1764,"height":1080,"caption":"Po szczepionkowej euforii na WIG20 mo\u017ce przyj\u015b\u0107 korekta"},{"@type":"BreadcrumbList","@id":"https:\/\/favorite-news.com\/pl\/pandemia-nie-zabila-w-polakach-optymizmu-konsumpcja-moze-odbic-szybciej-niz-nam-sie-wydaje\/#breadcrumb","itemListElement":[{"@type":"ListItem","position":1,"name":"Home","item":"https:\/\/favorite-news.com\/pl\/"},{"@type":"ListItem","position":2,"name":"Pandemia nie zabi\u0142a w Polakach optymizmu. Konsumpcja mo\u017ce odbi\u0107 szybciej, ni\u017c nam si\u0119 wydaje"}]},{"@type":"WebSite","@id":"https:\/\/favorite-news.com\/pl\/#website","url":"https:\/\/favorite-news.com\/pl\/","name":"Favorite News","description":"Favorite News Polska","potentialAction":[{"@type":"SearchAction","target":{"@type":"EntryPoint","urlTemplate":"https:\/\/favorite-news.com\/pl\/?s={search_term_string}"},"query-input":{"@type":"PropertyValueSpecification","valueRequired":true,"valueName":"search_term_string"}}],"inLanguage":"pl-PL"},{"@type":"Person","@id":"https:\/\/favorite-news.com\/pl\/#\/schema\/person\/b91573b717dcfa5e4696032a9d28d3e8","name":"favorite-news","image":{"@type":"ImageObject","inLanguage":"pl-PL","@id":"https:\/\/secure.gravatar.com\/avatar\/6c5a5cb12b74e9d517ee91cf570335b7d16177f1977cc91db161adfa435945a7?s=96&d=mm&r=g","url":"https:\/\/secure.gravatar.com\/avatar\/6c5a5cb12b74e9d517ee91cf570335b7d16177f1977cc91db161adfa435945a7?s=96&d=mm&r=g","contentUrl":"https:\/\/secure.gravatar.com\/avatar\/6c5a5cb12b74e9d517ee91cf570335b7d16177f1977cc91db161adfa435945a7?s=96&d=mm&r=g","caption":"favorite-news"},"url":"https:\/\/favorite-news.com\/pl\/author\/pt\/"}]}},"_links":{"self":[{"href":"https:\/\/favorite-news.com\/pl\/wp-json\/wp\/v2\/posts\/5325","targetHints":{"allow":["GET"]}}],"collection":[{"href":"https:\/\/favorite-news.com\/pl\/wp-json\/wp\/v2\/posts"}],"about":[{"href":"https:\/\/favorite-news.com\/pl\/wp-json\/wp\/v2\/types\/post"}],"author":[{"embeddable":true,"href":"https:\/\/favorite-news.com\/pl\/wp-json\/wp\/v2\/users\/2"}],"replies":[{"embeddable":true,"href":"https:\/\/favorite-news.com\/pl\/wp-json\/wp\/v2\/comments?post=5325"}],"version-history":[{"count":1,"href":"https:\/\/favorite-news.com\/pl\/wp-json\/wp\/v2\/posts\/5325\/revisions"}],"predecessor-version":[{"id":5326,"href":"https:\/\/favorite-news.com\/pl\/wp-json\/wp\/v2\/posts\/5325\/revisions\/5326"}],"wp:featuredmedia":[{"embeddable":true,"href":"https:\/\/favorite-news.com\/pl\/wp-json\/wp\/v2\/media\/5241"}],"wp:attachment":[{"href":"https:\/\/favorite-news.com\/pl\/wp-json\/wp\/v2\/media?parent=5325"}],"wp:term":[{"taxonomy":"category","embeddable":true,"href":"https:\/\/favorite-news.com\/pl\/wp-json\/wp\/v2\/categories?post=5325"},{"taxonomy":"post_tag","embeddable":true,"href":"https:\/\/favorite-news.com\/pl\/wp-json\/wp\/v2\/tags?post=5325"}],"curies":[{"name":"wp","href":"https:\/\/api.w.org\/{rel}","templated":true}]}}