{"id":532,"date":"2019-05-13T11:02:09","date_gmt":"2019-05-13T08:02:09","guid":{"rendered":"https:\/\/favorite-news.com\/pl\/biedronka-nie-bedzie-omijac-zakazu-handlu-w-niedziele-maszyny-paczkowe-beda-nieczynne\/"},"modified":"2019-05-13T11:02:10","modified_gmt":"2019-05-13T08:02:10","slug":"biedronka-nie-bedzie-omijac-zakazu-handlu-w-niedziele-maszyny-paczkowe-beda-nieczynne","status":"publish","type":"post","link":"https:\/\/favorite-news.com\/pl\/biedronka-nie-bedzie-omijac-zakazu-handlu-w-niedziele-maszyny-paczkowe-beda-nieczynne\/","title":{"rendered":"Biedronka nie b\u0119dzie omija\u0107 zakazu handlu w niedziele. Maszyny paczkowe b\u0119d\u0105 nieczynne"},"content":{"rendered":"<p> [ad_1]<br \/>\n<\/p>\n<div id=\"\">\n<p>Poczta Polska we wsp\u00f3\u0142pracy z du\u0144sk\u0105 firm\u0105 Swipbox prowadzi pilota\u017c sieci maszyn do odbioru paczek. Cz\u0119\u015b\u0107 urz\u0105dze\u0144 stanie w sklepach sieci Biedronka (Jeronimo Martins Polska). Do ko\u0144ca trzeciego kwarta\u0142u maszyny stan\u0105 w Biedronkach w najwi\u0119kszych aglomeracjach miejskich, w tym w Warszawie, \u0141odzi, Krakowie, Katowicach, Wroc\u0142awiu, Tr\u00f3jmie\u015bcie oraz Poznaniu.<\/p>\n<p>&#13;<br \/>\n&#13;<\/p>\n<p>&#13;<br \/>\n&#13;<\/p>\n<p><span style=\"font-size:20px;\"><strong>Biedronka nie ominie zakazu handlu<\/strong><\/span><\/p>\n<p>&#13;<br \/>\n&#13;<\/p>\n<p><strong>Cz\u0119\u015b\u0107 komentator\u00f3w zwr\u00f3ci\u0142a uwag\u0119, \u017ce obecno\u015b\u0107 automat\u00f3w do odbioru paczek na terenie plac\u00f3wek Biedronki pozwoli na prowadzenie na ich terenie sprzeda\u017cy w niedziele obj\u0119te zakazem handlu.<\/strong> Tam, gdzie prowadzone s\u0105 us\u0142ugi pocztowe (czyli np. odbi\u00f3r paczek), mo\u017cna bowiem w \u015bwietle prawa legalnie handlowa\u0107. Z tego wyj\u0105tku w ustawie korzystaj\u0105 np. sklepy \u017babka.<\/p>\n<p>&#13;<br \/>\n&#13;<\/p>\n<p>Jak zapewnia jednak Micha\u0142 Szl\u0119zak, starszy mened\u017cer dzia\u0142u nieruchomo\u015bci w sieci Biedronka,<strong> firma nie zamierza obchodzi\u0107 zakazu handlu w niedziele.<\/strong><\/p>\n<p>&#13;<br \/>\n&#13;<\/p>\n<p>\u00a0&#8211; W sklepach Biedronka ju\u017c od ubieg\u0142ego roku funkcjonuj\u0105 maszyny paczkowe firmy Swipbox, kt\u00f3ra &#8211; jako operator maszyn &#8211; wsp\u00f3\u0142pracuje z sieciami kurierskimi i pocztowymi, w tym z Poczt\u0105 Polsk\u0105. Zapewnienie tego rozwi\u0105zania w naszej sieci to kolejne udogodnienie dla klient\u00f3w \u2013 dzi\u0119ki niemu mog\u0105 oni po\u0142\u0105czy\u0107 codzienne zakupy z odbiorem paczki. <strong>Maszyny paczkowe s\u0105 zamontowane wewn\u0105trz sklep\u00f3w, a tym samym dost\u0119pne w godzinach otwarcia Biedronek. W niedziele niehandlowe maszyny paczkowe nie s\u0105 dost\u0119pne dla klient\u00f3w<\/strong> &#8211; czytamy w o\u015bwiadczeniu przes\u0142anym do redakcji portalu Wirtualnemedia.pl.<\/p>\n<p>&#13;<br \/>\n&#13;<\/p>\n<p>Przedstawiciel Biedronki napisa\u0142 r\u00f3wnie\u017c, \u017ce obecnie w plac\u00f3wkach sieci dzia\u0142a blisko 150 maszyn do odbioru paczek, liczba ta b\u0119dzie ros\u0142a.<\/p>\n<p>&#13;<br \/>\n&#13;<\/p>\n<p>W pierwszym kwartale br. wp\u0142ywy Biedronki ze sprzeda\u017cy wynios\u0142y 2,9 mld euro, a przychody sprzeda\u017cowe zmala\u0142y o 0,8 proc. w skali roku (w euro), natomiast wzros\u0142y o 2 proc. (w z\u0142otych). Sie\u0107 ma w Polsce 2902 sklepy.<\/p>\n<p>&#13;<br \/>\n                            &#13;<br \/>\n&#13;<br \/>\n                            &#13;<br \/>\n&#13;<br \/>\n&#13;<br \/>\n&#13;<br \/>\n&#13;<br \/>\n&#13;<br \/>\n                            &#13;<br \/>\n                                                            &#13;<br \/>\n&#13;<br \/>\n                            &#13;\n                        <\/p><\/div>\n<p><script>(function (d, s, id) {\n        var js, fjs = d.getElementsByTagName(s)[0];\n        if (d.getElementById(id)) return;\n        js = d.createElement(s);\n        js.id = id;\n        js.src = \"http:\/\/connect.facebook.net\/pl_PL\/sdk.js#xfbml=1&version=v2.6&appId=297996717062470\";\n        fjs.parentNode.insertBefore(js, fjs);\n    }(document, 'script', 'facebook-jssdk'));<\/script><br \/>\n<br \/>[ad_2]<br \/>\n<br \/><a href=\"https:\/\/www.wirtualnemedia.pl\/artykul\/biedronka-nie-bedzie-omijac-zakazu-handlu-w-niedziele-maszyny-paczkowe-beda-nieczynne\">Source link <\/a><\/p>\n","protected":false},"excerpt":{"rendered":"<p>[ad_1] Poczta Polska we wsp\u00f3\u0142pracy z du\u0144sk\u0105 firm\u0105 Swipbox prowadzi pilota\u017c sieci maszyn do odbioru paczek. Cz\u0119\u015b\u0107 urz\u0105dze\u0144 stanie w sklepach sieci Biedronka (Jeronimo Martins Polska). Do ko\u0144ca trzeciego kwarta\u0142u maszyny stan\u0105 w Biedronkach w najwi\u0119kszych aglomeracjach miejskich, w tym w Warszawie, \u0141odzi, Krakowie, Katowicach, Wroc\u0142awiu, Tr\u00f3jmie\u015bcie oraz Poznaniu. &#13; &#13; &#13; &#13; Biedronka nie [&hellip;]<\/p>\n","protected":false},"author":2,"featured_media":533,"comment_status":"open","ping_status":"open","sticky":false,"template":"","format":"standard","meta":{"footnotes":""},"categories":[2],"tags":[],"class_list":["post-532","post","type-post","status-publish","format-standard","has-post-thumbnail","hentry","category-wiadomosci-marketingowe-internetowe"],"yoast_head":"<!-- This site is optimized with the Yoast SEO plugin v27.4 - https:\/\/yoast.com\/product\/yoast-seo-wordpress\/ -->\n<title>Biedronka nie b\u0119dzie omija\u0107 zakazu handlu w niedziele. Maszyny paczkowe b\u0119d\u0105 nieczynne - Favorite News<\/title>\n<meta name=\"robots\" content=\"index, follow, max-snippet:-1, max-image-preview:large, max-video-preview:-1\" \/>\n<link rel=\"canonical\" href=\"https:\/\/favorite-news.com\/pl\/biedronka-nie-bedzie-omijac-zakazu-handlu-w-niedziele-maszyny-paczkowe-beda-nieczynne\/\" \/>\n<meta property=\"og:locale\" content=\"pl_PL\" \/>\n<meta property=\"og:type\" content=\"article\" \/>\n<meta property=\"og:title\" content=\"Biedronka nie b\u0119dzie omija\u0107 zakazu handlu w niedziele. Maszyny paczkowe b\u0119d\u0105 nieczynne - Favorite News\" \/>\n<meta property=\"og:description\" content=\"[ad_1] Poczta Polska we wsp\u00f3\u0142pracy z du\u0144sk\u0105 firm\u0105 Swipbox prowadzi pilota\u017c sieci maszyn do odbioru paczek. Cz\u0119\u015b\u0107 urz\u0105dze\u0144 stanie w sklepach sieci Biedronka (Jeronimo Martins Polska). Do ko\u0144ca trzeciego kwarta\u0142u maszyny stan\u0105 w Biedronkach w najwi\u0119kszych aglomeracjach miejskich, w tym w Warszawie, \u0141odzi, Krakowie, Katowicach, Wroc\u0142awiu, Tr\u00f3jmie\u015bcie oraz Poznaniu. &#013; &#013; &#013; &#013; Biedronka nie [&hellip;]\" \/>\n<meta property=\"og:url\" content=\"https:\/\/favorite-news.com\/pl\/biedronka-nie-bedzie-omijac-zakazu-handlu-w-niedziele-maszyny-paczkowe-beda-nieczynne\/\" \/>\n<meta property=\"og:site_name\" content=\"Favorite News\" \/>\n<meta property=\"article:published_time\" content=\"2019-05-13T08:02:09+00:00\" \/>\n<meta property=\"article:modified_time\" content=\"2019-05-13T08:02:10+00:00\" \/>\n<meta property=\"og:image\" content=\"https:\/\/favorite-news.com\/pl\/wp-content\/uploads\/sites\/6\/2019\/05\/Biedronka-nie-b\u0119dzie-omija\u0107-zakazu-handlu-w-niedziele.-Maszyny-paczkowe.jpg\" \/>\n\t<meta property=\"og:image:width\" content=\"655\" \/>\n\t<meta property=\"og:image:height\" content=\"437\" \/>\n\t<meta property=\"og:image:type\" content=\"image\/jpeg\" \/>\n<meta name=\"author\" content=\"favorite-news\" \/>\n<meta name=\"twitter:card\" content=\"summary_large_image\" \/>\n<meta name=\"twitter:label1\" content=\"Napisane przez\" \/>\n\t<meta name=\"twitter:data1\" content=\"favorite-news\" \/>\n\t<meta name=\"twitter:label2\" content=\"Szacowany czas czytania\" \/>\n\t<meta name=\"twitter:data2\" content=\"2 minuty\" \/>\n<script type=\"application\/ld+json\" class=\"yoast-schema-graph\">{\"@context\":\"https:\\\/\\\/schema.org\",\"@graph\":[{\"@type\":\"Article\",\"@id\":\"https:\\\/\\\/favorite-news.com\\\/pl\\\/biedronka-nie-bedzie-omijac-zakazu-handlu-w-niedziele-maszyny-paczkowe-beda-nieczynne\\\/#article\",\"isPartOf\":{\"@id\":\"https:\\\/\\\/favorite-news.com\\\/pl\\\/biedronka-nie-bedzie-omijac-zakazu-handlu-w-niedziele-maszyny-paczkowe-beda-nieczynne\\\/\"},\"author\":{\"name\":\"favorite-news\",\"@id\":\"https:\\\/\\\/favorite-news.com\\\/pl\\\/#\\\/schema\\\/person\\\/b91573b717dcfa5e4696032a9d28d3e8\"},\"headline\":\"Biedronka nie b\u0119dzie omija\u0107 zakazu handlu w niedziele. Maszyny paczkowe b\u0119d\u0105 nieczynne\",\"datePublished\":\"2019-05-13T08:02:09+00:00\",\"dateModified\":\"2019-05-13T08:02:10+00:00\",\"mainEntityOfPage\":{\"@id\":\"https:\\\/\\\/favorite-news.com\\\/pl\\\/biedronka-nie-bedzie-omijac-zakazu-handlu-w-niedziele-maszyny-paczkowe-beda-nieczynne\\\/\"},\"wordCount\":330,\"commentCount\":0,\"image\":{\"@id\":\"https:\\\/\\\/favorite-news.com\\\/pl\\\/biedronka-nie-bedzie-omijac-zakazu-handlu-w-niedziele-maszyny-paczkowe-beda-nieczynne\\\/#primaryimage\"},\"thumbnailUrl\":\"https:\\\/\\\/favorite-news.com\\\/pl\\\/wp-content\\\/uploads\\\/sites\\\/6\\\/2019\\\/05\\\/Biedronka-nie-b\u0119dzie-omija\u0107-zakazu-handlu-w-niedziele.-Maszyny-paczkowe.jpg\",\"articleSection\":[\"WIADOMO\u015aCI MARKETINGOWE INTERNETOWE\"],\"inLanguage\":\"pl-PL\",\"potentialAction\":[{\"@type\":\"CommentAction\",\"name\":\"Comment\",\"target\":[\"https:\\\/\\\/favorite-news.com\\\/pl\\\/biedronka-nie-bedzie-omijac-zakazu-handlu-w-niedziele-maszyny-paczkowe-beda-nieczynne\\\/#respond\"]}]},{\"@type\":\"WebPage\",\"@id\":\"https:\\\/\\\/favorite-news.com\\\/pl\\\/biedronka-nie-bedzie-omijac-zakazu-handlu-w-niedziele-maszyny-paczkowe-beda-nieczynne\\\/\",\"url\":\"https:\\\/\\\/favorite-news.com\\\/pl\\\/biedronka-nie-bedzie-omijac-zakazu-handlu-w-niedziele-maszyny-paczkowe-beda-nieczynne\\\/\",\"name\":\"Biedronka nie b\u0119dzie omija\u0107 zakazu handlu w niedziele. Maszyny paczkowe b\u0119d\u0105 nieczynne - Favorite News\",\"isPartOf\":{\"@id\":\"https:\\\/\\\/favorite-news.com\\\/pl\\\/#website\"},\"primaryImageOfPage\":{\"@id\":\"https:\\\/\\\/favorite-news.com\\\/pl\\\/biedronka-nie-bedzie-omijac-zakazu-handlu-w-niedziele-maszyny-paczkowe-beda-nieczynne\\\/#primaryimage\"},\"image\":{\"@id\":\"https:\\\/\\\/favorite-news.com\\\/pl\\\/biedronka-nie-bedzie-omijac-zakazu-handlu-w-niedziele-maszyny-paczkowe-beda-nieczynne\\\/#primaryimage\"},\"thumbnailUrl\":\"https:\\\/\\\/favorite-news.com\\\/pl\\\/wp-content\\\/uploads\\\/sites\\\/6\\\/2019\\\/05\\\/Biedronka-nie-b\u0119dzie-omija\u0107-zakazu-handlu-w-niedziele.-Maszyny-paczkowe.jpg\",\"datePublished\":\"2019-05-13T08:02:09+00:00\",\"dateModified\":\"2019-05-13T08:02:10+00:00\",\"author\":{\"@id\":\"https:\\\/\\\/favorite-news.com\\\/pl\\\/#\\\/schema\\\/person\\\/b91573b717dcfa5e4696032a9d28d3e8\"},\"breadcrumb\":{\"@id\":\"https:\\\/\\\/favorite-news.com\\\/pl\\\/biedronka-nie-bedzie-omijac-zakazu-handlu-w-niedziele-maszyny-paczkowe-beda-nieczynne\\\/#breadcrumb\"},\"inLanguage\":\"pl-PL\",\"potentialAction\":[{\"@type\":\"ReadAction\",\"target\":[\"https:\\\/\\\/favorite-news.com\\\/pl\\\/biedronka-nie-bedzie-omijac-zakazu-handlu-w-niedziele-maszyny-paczkowe-beda-nieczynne\\\/\"]}]},{\"@type\":\"ImageObject\",\"inLanguage\":\"pl-PL\",\"@id\":\"https:\\\/\\\/favorite-news.com\\\/pl\\\/biedronka-nie-bedzie-omijac-zakazu-handlu-w-niedziele-maszyny-paczkowe-beda-nieczynne\\\/#primaryimage\",\"url\":\"https:\\\/\\\/favorite-news.com\\\/pl\\\/wp-content\\\/uploads\\\/sites\\\/6\\\/2019\\\/05\\\/Biedronka-nie-b\u0119dzie-omija\u0107-zakazu-handlu-w-niedziele.-Maszyny-paczkowe.jpg\",\"contentUrl\":\"https:\\\/\\\/favorite-news.com\\\/pl\\\/wp-content\\\/uploads\\\/sites\\\/6\\\/2019\\\/05\\\/Biedronka-nie-b\u0119dzie-omija\u0107-zakazu-handlu-w-niedziele.-Maszyny-paczkowe.jpg\",\"width\":655,\"height\":437,\"caption\":\"Article\"},{\"@type\":\"BreadcrumbList\",\"@id\":\"https:\\\/\\\/favorite-news.com\\\/pl\\\/biedronka-nie-bedzie-omijac-zakazu-handlu-w-niedziele-maszyny-paczkowe-beda-nieczynne\\\/#breadcrumb\",\"itemListElement\":[{\"@type\":\"ListItem\",\"position\":1,\"name\":\"Home\",\"item\":\"https:\\\/\\\/favorite-news.com\\\/pl\\\/\"},{\"@type\":\"ListItem\",\"position\":2,\"name\":\"Biedronka nie b\u0119dzie omija\u0107 zakazu handlu w niedziele. Maszyny paczkowe b\u0119d\u0105 nieczynne\"}]},{\"@type\":\"WebSite\",\"@id\":\"https:\\\/\\\/favorite-news.com\\\/pl\\\/#website\",\"url\":\"https:\\\/\\\/favorite-news.com\\\/pl\\\/\",\"name\":\"Favorite News\",\"description\":\"Favorite News Polska\",\"potentialAction\":[{\"@type\":\"SearchAction\",\"target\":{\"@type\":\"EntryPoint\",\"urlTemplate\":\"https:\\\/\\\/favorite-news.com\\\/pl\\\/?s={search_term_string}\"},\"query-input\":{\"@type\":\"PropertyValueSpecification\",\"valueRequired\":true,\"valueName\":\"search_term_string\"}}],\"inLanguage\":\"pl-PL\"},{\"@type\":\"Person\",\"@id\":\"https:\\\/\\\/favorite-news.com\\\/pl\\\/#\\\/schema\\\/person\\\/b91573b717dcfa5e4696032a9d28d3e8\",\"name\":\"favorite-news\",\"image\":{\"@type\":\"ImageObject\",\"inLanguage\":\"pl-PL\",\"@id\":\"https:\\\/\\\/secure.gravatar.com\\\/avatar\\\/6c5a5cb12b74e9d517ee91cf570335b7d16177f1977cc91db161adfa435945a7?s=96&d=mm&r=g\",\"url\":\"https:\\\/\\\/secure.gravatar.com\\\/avatar\\\/6c5a5cb12b74e9d517ee91cf570335b7d16177f1977cc91db161adfa435945a7?s=96&d=mm&r=g\",\"contentUrl\":\"https:\\\/\\\/secure.gravatar.com\\\/avatar\\\/6c5a5cb12b74e9d517ee91cf570335b7d16177f1977cc91db161adfa435945a7?s=96&d=mm&r=g\",\"caption\":\"favorite-news\"},\"url\":\"https:\\\/\\\/favorite-news.com\\\/pl\\\/author\\\/pt\\\/\"}]}<\/script>\n<!-- \/ Yoast SEO plugin. -->","yoast_head_json":{"title":"Biedronka nie b\u0119dzie omija\u0107 zakazu handlu w niedziele. Maszyny paczkowe b\u0119d\u0105 nieczynne - Favorite News","robots":{"index":"index","follow":"follow","max-snippet":"max-snippet:-1","max-image-preview":"max-image-preview:large","max-video-preview":"max-video-preview:-1"},"canonical":"https:\/\/favorite-news.com\/pl\/biedronka-nie-bedzie-omijac-zakazu-handlu-w-niedziele-maszyny-paczkowe-beda-nieczynne\/","og_locale":"pl_PL","og_type":"article","og_title":"Biedronka nie b\u0119dzie omija\u0107 zakazu handlu w niedziele. Maszyny paczkowe b\u0119d\u0105 nieczynne - Favorite News","og_description":"[ad_1] Poczta Polska we wsp\u00f3\u0142pracy z du\u0144sk\u0105 firm\u0105 Swipbox prowadzi pilota\u017c sieci maszyn do odbioru paczek. Cz\u0119\u015b\u0107 urz\u0105dze\u0144 stanie w sklepach sieci Biedronka (Jeronimo Martins Polska). Do ko\u0144ca trzeciego kwarta\u0142u maszyny stan\u0105 w Biedronkach w najwi\u0119kszych aglomeracjach miejskich, w tym w Warszawie, \u0141odzi, Krakowie, Katowicach, Wroc\u0142awiu, Tr\u00f3jmie\u015bcie oraz Poznaniu. &#13; &#13; &#13; &#13; Biedronka nie [&hellip;]","og_url":"https:\/\/favorite-news.com\/pl\/biedronka-nie-bedzie-omijac-zakazu-handlu-w-niedziele-maszyny-paczkowe-beda-nieczynne\/","og_site_name":"Favorite News","article_published_time":"2019-05-13T08:02:09+00:00","article_modified_time":"2019-05-13T08:02:10+00:00","og_image":[{"width":655,"height":437,"url":"https:\/\/favorite-news.com\/pl\/wp-content\/uploads\/sites\/6\/2019\/05\/Biedronka-nie-b\u0119dzie-omija\u0107-zakazu-handlu-w-niedziele.-Maszyny-paczkowe.jpg","type":"image\/jpeg"}],"author":"favorite-news","twitter_card":"summary_large_image","twitter_misc":{"Napisane przez":"favorite-news","Szacowany czas czytania":"2 minuty"},"schema":{"@context":"https:\/\/schema.org","@graph":[{"@type":"Article","@id":"https:\/\/favorite-news.com\/pl\/biedronka-nie-bedzie-omijac-zakazu-handlu-w-niedziele-maszyny-paczkowe-beda-nieczynne\/#article","isPartOf":{"@id":"https:\/\/favorite-news.com\/pl\/biedronka-nie-bedzie-omijac-zakazu-handlu-w-niedziele-maszyny-paczkowe-beda-nieczynne\/"},"author":{"name":"favorite-news","@id":"https:\/\/favorite-news.com\/pl\/#\/schema\/person\/b91573b717dcfa5e4696032a9d28d3e8"},"headline":"Biedronka nie b\u0119dzie omija\u0107 zakazu handlu w niedziele. Maszyny paczkowe b\u0119d\u0105 nieczynne","datePublished":"2019-05-13T08:02:09+00:00","dateModified":"2019-05-13T08:02:10+00:00","mainEntityOfPage":{"@id":"https:\/\/favorite-news.com\/pl\/biedronka-nie-bedzie-omijac-zakazu-handlu-w-niedziele-maszyny-paczkowe-beda-nieczynne\/"},"wordCount":330,"commentCount":0,"image":{"@id":"https:\/\/favorite-news.com\/pl\/biedronka-nie-bedzie-omijac-zakazu-handlu-w-niedziele-maszyny-paczkowe-beda-nieczynne\/#primaryimage"},"thumbnailUrl":"https:\/\/favorite-news.com\/pl\/wp-content\/uploads\/sites\/6\/2019\/05\/Biedronka-nie-b\u0119dzie-omija\u0107-zakazu-handlu-w-niedziele.-Maszyny-paczkowe.jpg","articleSection":["WIADOMO\u015aCI MARKETINGOWE INTERNETOWE"],"inLanguage":"pl-PL","potentialAction":[{"@type":"CommentAction","name":"Comment","target":["https:\/\/favorite-news.com\/pl\/biedronka-nie-bedzie-omijac-zakazu-handlu-w-niedziele-maszyny-paczkowe-beda-nieczynne\/#respond"]}]},{"@type":"WebPage","@id":"https:\/\/favorite-news.com\/pl\/biedronka-nie-bedzie-omijac-zakazu-handlu-w-niedziele-maszyny-paczkowe-beda-nieczynne\/","url":"https:\/\/favorite-news.com\/pl\/biedronka-nie-bedzie-omijac-zakazu-handlu-w-niedziele-maszyny-paczkowe-beda-nieczynne\/","name":"Biedronka nie b\u0119dzie omija\u0107 zakazu handlu w niedziele. Maszyny paczkowe b\u0119d\u0105 nieczynne - Favorite News","isPartOf":{"@id":"https:\/\/favorite-news.com\/pl\/#website"},"primaryImageOfPage":{"@id":"https:\/\/favorite-news.com\/pl\/biedronka-nie-bedzie-omijac-zakazu-handlu-w-niedziele-maszyny-paczkowe-beda-nieczynne\/#primaryimage"},"image":{"@id":"https:\/\/favorite-news.com\/pl\/biedronka-nie-bedzie-omijac-zakazu-handlu-w-niedziele-maszyny-paczkowe-beda-nieczynne\/#primaryimage"},"thumbnailUrl":"https:\/\/favorite-news.com\/pl\/wp-content\/uploads\/sites\/6\/2019\/05\/Biedronka-nie-b\u0119dzie-omija\u0107-zakazu-handlu-w-niedziele.-Maszyny-paczkowe.jpg","datePublished":"2019-05-13T08:02:09+00:00","dateModified":"2019-05-13T08:02:10+00:00","author":{"@id":"https:\/\/favorite-news.com\/pl\/#\/schema\/person\/b91573b717dcfa5e4696032a9d28d3e8"},"breadcrumb":{"@id":"https:\/\/favorite-news.com\/pl\/biedronka-nie-bedzie-omijac-zakazu-handlu-w-niedziele-maszyny-paczkowe-beda-nieczynne\/#breadcrumb"},"inLanguage":"pl-PL","potentialAction":[{"@type":"ReadAction","target":["https:\/\/favorite-news.com\/pl\/biedronka-nie-bedzie-omijac-zakazu-handlu-w-niedziele-maszyny-paczkowe-beda-nieczynne\/"]}]},{"@type":"ImageObject","inLanguage":"pl-PL","@id":"https:\/\/favorite-news.com\/pl\/biedronka-nie-bedzie-omijac-zakazu-handlu-w-niedziele-maszyny-paczkowe-beda-nieczynne\/#primaryimage","url":"https:\/\/favorite-news.com\/pl\/wp-content\/uploads\/sites\/6\/2019\/05\/Biedronka-nie-b\u0119dzie-omija\u0107-zakazu-handlu-w-niedziele.-Maszyny-paczkowe.jpg","contentUrl":"https:\/\/favorite-news.com\/pl\/wp-content\/uploads\/sites\/6\/2019\/05\/Biedronka-nie-b\u0119dzie-omija\u0107-zakazu-handlu-w-niedziele.-Maszyny-paczkowe.jpg","width":655,"height":437,"caption":"Article"},{"@type":"BreadcrumbList","@id":"https:\/\/favorite-news.com\/pl\/biedronka-nie-bedzie-omijac-zakazu-handlu-w-niedziele-maszyny-paczkowe-beda-nieczynne\/#breadcrumb","itemListElement":[{"@type":"ListItem","position":1,"name":"Home","item":"https:\/\/favorite-news.com\/pl\/"},{"@type":"ListItem","position":2,"name":"Biedronka nie b\u0119dzie omija\u0107 zakazu handlu w niedziele. Maszyny paczkowe b\u0119d\u0105 nieczynne"}]},{"@type":"WebSite","@id":"https:\/\/favorite-news.com\/pl\/#website","url":"https:\/\/favorite-news.com\/pl\/","name":"Favorite News","description":"Favorite News Polska","potentialAction":[{"@type":"SearchAction","target":{"@type":"EntryPoint","urlTemplate":"https:\/\/favorite-news.com\/pl\/?s={search_term_string}"},"query-input":{"@type":"PropertyValueSpecification","valueRequired":true,"valueName":"search_term_string"}}],"inLanguage":"pl-PL"},{"@type":"Person","@id":"https:\/\/favorite-news.com\/pl\/#\/schema\/person\/b91573b717dcfa5e4696032a9d28d3e8","name":"favorite-news","image":{"@type":"ImageObject","inLanguage":"pl-PL","@id":"https:\/\/secure.gravatar.com\/avatar\/6c5a5cb12b74e9d517ee91cf570335b7d16177f1977cc91db161adfa435945a7?s=96&d=mm&r=g","url":"https:\/\/secure.gravatar.com\/avatar\/6c5a5cb12b74e9d517ee91cf570335b7d16177f1977cc91db161adfa435945a7?s=96&d=mm&r=g","contentUrl":"https:\/\/secure.gravatar.com\/avatar\/6c5a5cb12b74e9d517ee91cf570335b7d16177f1977cc91db161adfa435945a7?s=96&d=mm&r=g","caption":"favorite-news"},"url":"https:\/\/favorite-news.com\/pl\/author\/pt\/"}]}},"_links":{"self":[{"href":"https:\/\/favorite-news.com\/pl\/wp-json\/wp\/v2\/posts\/532","targetHints":{"allow":["GET"]}}],"collection":[{"href":"https:\/\/favorite-news.com\/pl\/wp-json\/wp\/v2\/posts"}],"about":[{"href":"https:\/\/favorite-news.com\/pl\/wp-json\/wp\/v2\/types\/post"}],"author":[{"embeddable":true,"href":"https:\/\/favorite-news.com\/pl\/wp-json\/wp\/v2\/users\/2"}],"replies":[{"embeddable":true,"href":"https:\/\/favorite-news.com\/pl\/wp-json\/wp\/v2\/comments?post=532"}],"version-history":[{"count":1,"href":"https:\/\/favorite-news.com\/pl\/wp-json\/wp\/v2\/posts\/532\/revisions"}],"predecessor-version":[{"id":534,"href":"https:\/\/favorite-news.com\/pl\/wp-json\/wp\/v2\/posts\/532\/revisions\/534"}],"wp:featuredmedia":[{"embeddable":true,"href":"https:\/\/favorite-news.com\/pl\/wp-json\/wp\/v2\/media\/533"}],"wp:attachment":[{"href":"https:\/\/favorite-news.com\/pl\/wp-json\/wp\/v2\/media?parent=532"}],"wp:term":[{"taxonomy":"category","embeddable":true,"href":"https:\/\/favorite-news.com\/pl\/wp-json\/wp\/v2\/categories?post=532"},{"taxonomy":"post_tag","embeddable":true,"href":"https:\/\/favorite-news.com\/pl\/wp-json\/wp\/v2\/tags?post=532"}],"curies":[{"name":"wp","href":"https:\/\/api.w.org\/{rel}","templated":true}]}}