{"id":5293,"date":"2020-11-17T08:39:06","date_gmt":"2020-11-17T05:39:06","guid":{"rendered":"https:\/\/favorite-news.com\/pl\/leszek-czarnecki-nie-posluchal-knf-i-sam-sie-nie-odwolal\/"},"modified":"2020-11-17T08:39:09","modified_gmt":"2020-11-17T05:39:09","slug":"leszek-czarnecki-nie-posluchal-knf-i-sam-sie-nie-odwolal","status":"publish","type":"post","link":"https:\/\/favorite-news.com\/pl\/leszek-czarnecki-nie-posluchal-knf-i-sam-sie-nie-odwolal\/","title":{"rendered":"Leszek Czarnecki nie pos\u0142ucha\u0142 KNF i sam si\u0119 nie odwo\u0142a\u0142"},"content":{"rendered":"<p>W walnym zgromadzeniu bra\u0142o udzia\u0142 pi\u0119ciu udzia\u0142owc\u00f3w. Za odwo\u0142aniem przewodnicz\u0105cego rady by\u0142 jeden z nich, dysponuj\u0105cy niewielkim pakietem akcji wartym kilkaset tysi\u0119cy z\u0142otych. Uchwa\u0142a o odwo\u0142aniu nie zosta\u0142a podj\u0119ta. Przyj\u0119to inn\u0105 \u2013 o nieodwo\u0142aniu Czarneckiego z rady i podtrzymaniu tzw. oceny odpowiednio\u015bci dla wroc\u0142awskiego biznesmena dokonanej przez komitet ds. wynagrodze\u0144 rady nadzorczej (biznesmen nie jest jego cz\u0142onkiem). Innymi s\u0142owy: udzia\u0142owcy uznali, \u017ce Czarnecki nadaje si\u0119 na cz\u0142onka rady i jej przewodnicz\u0105cego.<br \/>\nUsuni\u0119cia biznesmena z rady chcia\u0142a Komisja Nadzoru Finansowego. Takie \u017c\u0105danie przedstawi\u0142a pod koniec wrze\u015bnia. Uzasadni\u0142a to zarzutami, jakie prokuratura formu\u0142owa\u0142a wobec Czarneckiego w zwi\u0105zku z afer\u0105 GetBacku i wnioskiem o jego aresztowanie. KNF powo\u0142a\u0142a si\u0119 na art. 22d ustawy \u2012 Prawo bankowe, kt\u00f3ry pozwala nadzorowi wyst\u0105pi\u0107 z wnioskiem o odwo\u0142anie, je\u015bli cz\u0142onek rady nadzorczej nie daje r\u0119kojmi nale\u017cytego wykonywania obowi\u0105zk\u00f3w.<br \/>\nGetBack zbankrutowa\u0142 wiosn\u0105 2018 r. Straci\u0142o na tym kilka tysi\u0119cy posiadaczy jego obligacji. Idea Bank nale\u017ca\u0142 do najaktywniejszych dystrybutor\u00f3w papier\u00f3w firmy windykacyjnej. Formalnie nie bra\u0142 udzia\u0142u w sprzeda\u017cy, bo nie mia\u0142 takich uprawnie\u0144. Wed\u0142ug \u201eGazety Wyborczej\u201d prokuratura na podstawie zezna\u0144 by\u0142ych cz\u0142onk\u00f3w zarz\u0105du IB, zwolnionych przez Czarneckiego, stwierdzi\u0142a, \u017ce musia\u0142 on wiedzie\u0107 o prowadzonym w banku procederze.<br \/>\nW przesz\u0142o\u015bci Czarnecki by\u0142 znany z tego, \u017ce mocno anga\u017cowa\u0142 si\u0119 w rozwijanie biznesu kontrolowanych przez siebie instytucji.<br \/>\nCz\u0142onkowie rady nie uczestniczyli we wczorajszym walnym zgromadzeniu Idei. \u2013 Nie mog\u0105 wzi\u0105\u0107 udzia\u0142u ze wzgl\u0119du na obowi\u0105zki s\u0142u\u017cbowe \u2013 t\u0142umaczy\u0142, otwieraj\u0105c posiedzenie, Jerzy Pruski, prezes banku.<br \/>\nKNF wczoraj nie skomentowa\u0142a decyzji udzia\u0142owc\u00f3w IB. Mo\u017ce zrobi\u0107 to po dzisiejszym walnym zgromadzeniu Getin Noble Banku. To inna instytucja kontrolowana przez Czarneckiego. R\u00f3wnie\u017c dosta\u0142a \u017c\u0105danie odwo\u0142ania przewodnicz\u0105cego rady nadzorczej.\u00a0<br \/>\n<br \/>\n<!--noindex--><br \/>\n<a href=\"http:\/\/rss.gazetaprawna.pl\/~r\/GazetaPrawna-Finanse\/~3\/L3dyu7SdwoY\/1494876,leszek-czarnecki-knf-getback-spolka-getin-holding.html\" rel=\"nofollow\">Source link <\/a><br \/>\n<!--\/noindex--><\/p>\n","protected":false},"excerpt":{"rendered":"<p>W walnym zgromadzeniu bra\u0142o udzia\u0142 pi\u0119ciu udzia\u0142owc\u00f3w. Za odwo\u0142aniem przewodnicz\u0105cego rady by\u0142 jeden z nich, dysponuj\u0105cy niewielkim pakietem akcji wartym kilkaset tysi\u0119cy z\u0142otych. Uchwa\u0142a o odwo\u0142aniu nie zosta\u0142a podj\u0119ta. Przyj\u0119to inn\u0105 \u2013 o nieodwo\u0142aniu Czarneckiego z rady i podtrzymaniu tzw. oceny odpowiednio\u015bci dla wroc\u0142awskiego biznesmena dokonanej przez komitet ds. wynagrodze\u0144 rady nadzorczej (biznesmen nie jest [&hellip;]<\/p>\n","protected":false},"author":2,"featured_media":5294,"comment_status":"open","ping_status":"open","sticky":false,"template":"","format":"standard","meta":{"footnotes":""},"categories":[1],"tags":[],"class_list":["post-5293","post","type-post","status-publish","format-standard","has-post-thumbnail","hentry","category-wiadomosci-finansowe"],"yoast_head":"<!-- This site is optimized with the Yoast SEO plugin v27.4 - https:\/\/yoast.com\/product\/yoast-seo-wordpress\/ -->\n<title>Leszek Czarnecki nie pos\u0142ucha\u0142 KNF i sam si\u0119 nie odwo\u0142a\u0142 - Favorite News<\/title>\n<meta name=\"robots\" content=\"index, follow, max-snippet:-1, max-image-preview:large, max-video-preview:-1\" \/>\n<link rel=\"canonical\" href=\"https:\/\/favorite-news.com\/pl\/leszek-czarnecki-nie-posluchal-knf-i-sam-sie-nie-odwolal\/\" \/>\n<meta property=\"og:locale\" content=\"pl_PL\" \/>\n<meta property=\"og:type\" content=\"article\" \/>\n<meta property=\"og:title\" content=\"Leszek Czarnecki nie pos\u0142ucha\u0142 KNF i sam si\u0119 nie odwo\u0142a\u0142 - Favorite News\" \/>\n<meta property=\"og:description\" content=\"W walnym zgromadzeniu bra\u0142o udzia\u0142 pi\u0119ciu udzia\u0142owc\u00f3w. Za odwo\u0142aniem przewodnicz\u0105cego rady by\u0142 jeden z nich, dysponuj\u0105cy niewielkim pakietem akcji wartym kilkaset tysi\u0119cy z\u0142otych. Uchwa\u0142a o odwo\u0142aniu nie zosta\u0142a podj\u0119ta. Przyj\u0119to inn\u0105 \u2013 o nieodwo\u0142aniu Czarneckiego z rady i podtrzymaniu tzw. oceny odpowiednio\u015bci dla wroc\u0142awskiego biznesmena dokonanej przez komitet ds. wynagrodze\u0144 rady nadzorczej (biznesmen nie jest [&hellip;]\" \/>\n<meta property=\"og:url\" content=\"https:\/\/favorite-news.com\/pl\/leszek-czarnecki-nie-posluchal-knf-i-sam-sie-nie-odwolal\/\" \/>\n<meta property=\"og:site_name\" content=\"Favorite News\" \/>\n<meta property=\"article:published_time\" content=\"2020-11-17T05:39:06+00:00\" \/>\n<meta property=\"article:modified_time\" content=\"2020-11-17T05:39:09+00:00\" \/>\n<meta property=\"og:image\" content=\"https:\/\/favorite-news.com\/pl\/wp-content\/uploads\/sites\/6\/2020\/11\/Leszek-Czarnecki-nie-posluchal-KNF-i-sam-sie-nie-odwolal.jpg\" \/>\n\t<meta property=\"og:image:width\" content=\"1620\" \/>\n\t<meta property=\"og:image:height\" content=\"1080\" \/>\n\t<meta property=\"og:image:type\" content=\"image\/jpeg\" \/>\n<meta name=\"author\" content=\"favorite-news\" \/>\n<meta name=\"twitter:card\" content=\"summary_large_image\" \/>\n<meta name=\"twitter:label1\" content=\"Napisane przez\" \/>\n\t<meta name=\"twitter:data1\" content=\"favorite-news\" \/>\n\t<meta name=\"twitter:label2\" content=\"Szacowany czas czytania\" \/>\n\t<meta name=\"twitter:data2\" content=\"2 minuty\" \/>\n<script type=\"application\/ld+json\" class=\"yoast-schema-graph\">{\"@context\":\"https:\\\/\\\/schema.org\",\"@graph\":[{\"@type\":\"Article\",\"@id\":\"https:\\\/\\\/favorite-news.com\\\/pl\\\/leszek-czarnecki-nie-posluchal-knf-i-sam-sie-nie-odwolal\\\/#article\",\"isPartOf\":{\"@id\":\"https:\\\/\\\/favorite-news.com\\\/pl\\\/leszek-czarnecki-nie-posluchal-knf-i-sam-sie-nie-odwolal\\\/\"},\"author\":{\"name\":\"favorite-news\",\"@id\":\"https:\\\/\\\/favorite-news.com\\\/pl\\\/#\\\/schema\\\/person\\\/b91573b717dcfa5e4696032a9d28d3e8\"},\"headline\":\"Leszek Czarnecki nie pos\u0142ucha\u0142 KNF i sam si\u0119 nie odwo\u0142a\u0142\",\"datePublished\":\"2020-11-17T05:39:06+00:00\",\"dateModified\":\"2020-11-17T05:39:09+00:00\",\"mainEntityOfPage\":{\"@id\":\"https:\\\/\\\/favorite-news.com\\\/pl\\\/leszek-czarnecki-nie-posluchal-knf-i-sam-sie-nie-odwolal\\\/\"},\"wordCount\":345,\"commentCount\":0,\"image\":{\"@id\":\"https:\\\/\\\/favorite-news.com\\\/pl\\\/leszek-czarnecki-nie-posluchal-knf-i-sam-sie-nie-odwolal\\\/#primaryimage\"},\"thumbnailUrl\":\"https:\\\/\\\/favorite-news.com\\\/pl\\\/wp-content\\\/uploads\\\/sites\\\/6\\\/2020\\\/11\\\/Leszek-Czarnecki-nie-posluchal-KNF-i-sam-sie-nie-odwolal.jpg\",\"articleSection\":[\"WIADOMO\u015aCI FINANSOWE\"],\"inLanguage\":\"pl-PL\",\"potentialAction\":[{\"@type\":\"CommentAction\",\"name\":\"Comment\",\"target\":[\"https:\\\/\\\/favorite-news.com\\\/pl\\\/leszek-czarnecki-nie-posluchal-knf-i-sam-sie-nie-odwolal\\\/#respond\"]}]},{\"@type\":\"WebPage\",\"@id\":\"https:\\\/\\\/favorite-news.com\\\/pl\\\/leszek-czarnecki-nie-posluchal-knf-i-sam-sie-nie-odwolal\\\/\",\"url\":\"https:\\\/\\\/favorite-news.com\\\/pl\\\/leszek-czarnecki-nie-posluchal-knf-i-sam-sie-nie-odwolal\\\/\",\"name\":\"Leszek Czarnecki nie pos\u0142ucha\u0142 KNF i sam si\u0119 nie odwo\u0142a\u0142 - Favorite News\",\"isPartOf\":{\"@id\":\"https:\\\/\\\/favorite-news.com\\\/pl\\\/#website\"},\"primaryImageOfPage\":{\"@id\":\"https:\\\/\\\/favorite-news.com\\\/pl\\\/leszek-czarnecki-nie-posluchal-knf-i-sam-sie-nie-odwolal\\\/#primaryimage\"},\"image\":{\"@id\":\"https:\\\/\\\/favorite-news.com\\\/pl\\\/leszek-czarnecki-nie-posluchal-knf-i-sam-sie-nie-odwolal\\\/#primaryimage\"},\"thumbnailUrl\":\"https:\\\/\\\/favorite-news.com\\\/pl\\\/wp-content\\\/uploads\\\/sites\\\/6\\\/2020\\\/11\\\/Leszek-Czarnecki-nie-posluchal-KNF-i-sam-sie-nie-odwolal.jpg\",\"datePublished\":\"2020-11-17T05:39:06+00:00\",\"dateModified\":\"2020-11-17T05:39:09+00:00\",\"author\":{\"@id\":\"https:\\\/\\\/favorite-news.com\\\/pl\\\/#\\\/schema\\\/person\\\/b91573b717dcfa5e4696032a9d28d3e8\"},\"breadcrumb\":{\"@id\":\"https:\\\/\\\/favorite-news.com\\\/pl\\\/leszek-czarnecki-nie-posluchal-knf-i-sam-sie-nie-odwolal\\\/#breadcrumb\"},\"inLanguage\":\"pl-PL\",\"potentialAction\":[{\"@type\":\"ReadAction\",\"target\":[\"https:\\\/\\\/favorite-news.com\\\/pl\\\/leszek-czarnecki-nie-posluchal-knf-i-sam-sie-nie-odwolal\\\/\"]}]},{\"@type\":\"ImageObject\",\"inLanguage\":\"pl-PL\",\"@id\":\"https:\\\/\\\/favorite-news.com\\\/pl\\\/leszek-czarnecki-nie-posluchal-knf-i-sam-sie-nie-odwolal\\\/#primaryimage\",\"url\":\"https:\\\/\\\/favorite-news.com\\\/pl\\\/wp-content\\\/uploads\\\/sites\\\/6\\\/2020\\\/11\\\/Leszek-Czarnecki-nie-posluchal-KNF-i-sam-sie-nie-odwolal.jpg\",\"contentUrl\":\"https:\\\/\\\/favorite-news.com\\\/pl\\\/wp-content\\\/uploads\\\/sites\\\/6\\\/2020\\\/11\\\/Leszek-Czarnecki-nie-posluchal-KNF-i-sam-sie-nie-odwolal.jpg\",\"width\":1620,\"height\":1080,\"caption\":\"Leszek Czarnecki nie pos\u0142ucha\u0142 KNF i sam si\u0119 nie odwo\u0142a\u0142\"},{\"@type\":\"BreadcrumbList\",\"@id\":\"https:\\\/\\\/favorite-news.com\\\/pl\\\/leszek-czarnecki-nie-posluchal-knf-i-sam-sie-nie-odwolal\\\/#breadcrumb\",\"itemListElement\":[{\"@type\":\"ListItem\",\"position\":1,\"name\":\"Home\",\"item\":\"https:\\\/\\\/favorite-news.com\\\/pl\\\/\"},{\"@type\":\"ListItem\",\"position\":2,\"name\":\"Leszek Czarnecki nie pos\u0142ucha\u0142 KNF i sam si\u0119 nie odwo\u0142a\u0142\"}]},{\"@type\":\"WebSite\",\"@id\":\"https:\\\/\\\/favorite-news.com\\\/pl\\\/#website\",\"url\":\"https:\\\/\\\/favorite-news.com\\\/pl\\\/\",\"name\":\"Favorite News\",\"description\":\"Favorite News Polska\",\"potentialAction\":[{\"@type\":\"SearchAction\",\"target\":{\"@type\":\"EntryPoint\",\"urlTemplate\":\"https:\\\/\\\/favorite-news.com\\\/pl\\\/?s={search_term_string}\"},\"query-input\":{\"@type\":\"PropertyValueSpecification\",\"valueRequired\":true,\"valueName\":\"search_term_string\"}}],\"inLanguage\":\"pl-PL\"},{\"@type\":\"Person\",\"@id\":\"https:\\\/\\\/favorite-news.com\\\/pl\\\/#\\\/schema\\\/person\\\/b91573b717dcfa5e4696032a9d28d3e8\",\"name\":\"favorite-news\",\"image\":{\"@type\":\"ImageObject\",\"inLanguage\":\"pl-PL\",\"@id\":\"https:\\\/\\\/secure.gravatar.com\\\/avatar\\\/6c5a5cb12b74e9d517ee91cf570335b7d16177f1977cc91db161adfa435945a7?s=96&d=mm&r=g\",\"url\":\"https:\\\/\\\/secure.gravatar.com\\\/avatar\\\/6c5a5cb12b74e9d517ee91cf570335b7d16177f1977cc91db161adfa435945a7?s=96&d=mm&r=g\",\"contentUrl\":\"https:\\\/\\\/secure.gravatar.com\\\/avatar\\\/6c5a5cb12b74e9d517ee91cf570335b7d16177f1977cc91db161adfa435945a7?s=96&d=mm&r=g\",\"caption\":\"favorite-news\"},\"url\":\"https:\\\/\\\/favorite-news.com\\\/pl\\\/author\\\/pt\\\/\"}]}<\/script>\n<!-- \/ Yoast SEO plugin. -->","yoast_head_json":{"title":"Leszek Czarnecki nie pos\u0142ucha\u0142 KNF i sam si\u0119 nie odwo\u0142a\u0142 - Favorite News","robots":{"index":"index","follow":"follow","max-snippet":"max-snippet:-1","max-image-preview":"max-image-preview:large","max-video-preview":"max-video-preview:-1"},"canonical":"https:\/\/favorite-news.com\/pl\/leszek-czarnecki-nie-posluchal-knf-i-sam-sie-nie-odwolal\/","og_locale":"pl_PL","og_type":"article","og_title":"Leszek Czarnecki nie pos\u0142ucha\u0142 KNF i sam si\u0119 nie odwo\u0142a\u0142 - Favorite News","og_description":"W walnym zgromadzeniu bra\u0142o udzia\u0142 pi\u0119ciu udzia\u0142owc\u00f3w. Za odwo\u0142aniem przewodnicz\u0105cego rady by\u0142 jeden z nich, dysponuj\u0105cy niewielkim pakietem akcji wartym kilkaset tysi\u0119cy z\u0142otych. Uchwa\u0142a o odwo\u0142aniu nie zosta\u0142a podj\u0119ta. Przyj\u0119to inn\u0105 \u2013 o nieodwo\u0142aniu Czarneckiego z rady i podtrzymaniu tzw. oceny odpowiednio\u015bci dla wroc\u0142awskiego biznesmena dokonanej przez komitet ds. wynagrodze\u0144 rady nadzorczej (biznesmen nie jest [&hellip;]","og_url":"https:\/\/favorite-news.com\/pl\/leszek-czarnecki-nie-posluchal-knf-i-sam-sie-nie-odwolal\/","og_site_name":"Favorite News","article_published_time":"2020-11-17T05:39:06+00:00","article_modified_time":"2020-11-17T05:39:09+00:00","og_image":[{"width":1620,"height":1080,"url":"https:\/\/favorite-news.com\/pl\/wp-content\/uploads\/sites\/6\/2020\/11\/Leszek-Czarnecki-nie-posluchal-KNF-i-sam-sie-nie-odwolal.jpg","type":"image\/jpeg"}],"author":"favorite-news","twitter_card":"summary_large_image","twitter_misc":{"Napisane przez":"favorite-news","Szacowany czas czytania":"2 minuty"},"schema":{"@context":"https:\/\/schema.org","@graph":[{"@type":"Article","@id":"https:\/\/favorite-news.com\/pl\/leszek-czarnecki-nie-posluchal-knf-i-sam-sie-nie-odwolal\/#article","isPartOf":{"@id":"https:\/\/favorite-news.com\/pl\/leszek-czarnecki-nie-posluchal-knf-i-sam-sie-nie-odwolal\/"},"author":{"name":"favorite-news","@id":"https:\/\/favorite-news.com\/pl\/#\/schema\/person\/b91573b717dcfa5e4696032a9d28d3e8"},"headline":"Leszek Czarnecki nie pos\u0142ucha\u0142 KNF i sam si\u0119 nie odwo\u0142a\u0142","datePublished":"2020-11-17T05:39:06+00:00","dateModified":"2020-11-17T05:39:09+00:00","mainEntityOfPage":{"@id":"https:\/\/favorite-news.com\/pl\/leszek-czarnecki-nie-posluchal-knf-i-sam-sie-nie-odwolal\/"},"wordCount":345,"commentCount":0,"image":{"@id":"https:\/\/favorite-news.com\/pl\/leszek-czarnecki-nie-posluchal-knf-i-sam-sie-nie-odwolal\/#primaryimage"},"thumbnailUrl":"https:\/\/favorite-news.com\/pl\/wp-content\/uploads\/sites\/6\/2020\/11\/Leszek-Czarnecki-nie-posluchal-KNF-i-sam-sie-nie-odwolal.jpg","articleSection":["WIADOMO\u015aCI FINANSOWE"],"inLanguage":"pl-PL","potentialAction":[{"@type":"CommentAction","name":"Comment","target":["https:\/\/favorite-news.com\/pl\/leszek-czarnecki-nie-posluchal-knf-i-sam-sie-nie-odwolal\/#respond"]}]},{"@type":"WebPage","@id":"https:\/\/favorite-news.com\/pl\/leszek-czarnecki-nie-posluchal-knf-i-sam-sie-nie-odwolal\/","url":"https:\/\/favorite-news.com\/pl\/leszek-czarnecki-nie-posluchal-knf-i-sam-sie-nie-odwolal\/","name":"Leszek Czarnecki nie pos\u0142ucha\u0142 KNF i sam si\u0119 nie odwo\u0142a\u0142 - Favorite News","isPartOf":{"@id":"https:\/\/favorite-news.com\/pl\/#website"},"primaryImageOfPage":{"@id":"https:\/\/favorite-news.com\/pl\/leszek-czarnecki-nie-posluchal-knf-i-sam-sie-nie-odwolal\/#primaryimage"},"image":{"@id":"https:\/\/favorite-news.com\/pl\/leszek-czarnecki-nie-posluchal-knf-i-sam-sie-nie-odwolal\/#primaryimage"},"thumbnailUrl":"https:\/\/favorite-news.com\/pl\/wp-content\/uploads\/sites\/6\/2020\/11\/Leszek-Czarnecki-nie-posluchal-KNF-i-sam-sie-nie-odwolal.jpg","datePublished":"2020-11-17T05:39:06+00:00","dateModified":"2020-11-17T05:39:09+00:00","author":{"@id":"https:\/\/favorite-news.com\/pl\/#\/schema\/person\/b91573b717dcfa5e4696032a9d28d3e8"},"breadcrumb":{"@id":"https:\/\/favorite-news.com\/pl\/leszek-czarnecki-nie-posluchal-knf-i-sam-sie-nie-odwolal\/#breadcrumb"},"inLanguage":"pl-PL","potentialAction":[{"@type":"ReadAction","target":["https:\/\/favorite-news.com\/pl\/leszek-czarnecki-nie-posluchal-knf-i-sam-sie-nie-odwolal\/"]}]},{"@type":"ImageObject","inLanguage":"pl-PL","@id":"https:\/\/favorite-news.com\/pl\/leszek-czarnecki-nie-posluchal-knf-i-sam-sie-nie-odwolal\/#primaryimage","url":"https:\/\/favorite-news.com\/pl\/wp-content\/uploads\/sites\/6\/2020\/11\/Leszek-Czarnecki-nie-posluchal-KNF-i-sam-sie-nie-odwolal.jpg","contentUrl":"https:\/\/favorite-news.com\/pl\/wp-content\/uploads\/sites\/6\/2020\/11\/Leszek-Czarnecki-nie-posluchal-KNF-i-sam-sie-nie-odwolal.jpg","width":1620,"height":1080,"caption":"Leszek Czarnecki nie pos\u0142ucha\u0142 KNF i sam si\u0119 nie odwo\u0142a\u0142"},{"@type":"BreadcrumbList","@id":"https:\/\/favorite-news.com\/pl\/leszek-czarnecki-nie-posluchal-knf-i-sam-sie-nie-odwolal\/#breadcrumb","itemListElement":[{"@type":"ListItem","position":1,"name":"Home","item":"https:\/\/favorite-news.com\/pl\/"},{"@type":"ListItem","position":2,"name":"Leszek Czarnecki nie pos\u0142ucha\u0142 KNF i sam si\u0119 nie odwo\u0142a\u0142"}]},{"@type":"WebSite","@id":"https:\/\/favorite-news.com\/pl\/#website","url":"https:\/\/favorite-news.com\/pl\/","name":"Favorite News","description":"Favorite News Polska","potentialAction":[{"@type":"SearchAction","target":{"@type":"EntryPoint","urlTemplate":"https:\/\/favorite-news.com\/pl\/?s={search_term_string}"},"query-input":{"@type":"PropertyValueSpecification","valueRequired":true,"valueName":"search_term_string"}}],"inLanguage":"pl-PL"},{"@type":"Person","@id":"https:\/\/favorite-news.com\/pl\/#\/schema\/person\/b91573b717dcfa5e4696032a9d28d3e8","name":"favorite-news","image":{"@type":"ImageObject","inLanguage":"pl-PL","@id":"https:\/\/secure.gravatar.com\/avatar\/6c5a5cb12b74e9d517ee91cf570335b7d16177f1977cc91db161adfa435945a7?s=96&d=mm&r=g","url":"https:\/\/secure.gravatar.com\/avatar\/6c5a5cb12b74e9d517ee91cf570335b7d16177f1977cc91db161adfa435945a7?s=96&d=mm&r=g","contentUrl":"https:\/\/secure.gravatar.com\/avatar\/6c5a5cb12b74e9d517ee91cf570335b7d16177f1977cc91db161adfa435945a7?s=96&d=mm&r=g","caption":"favorite-news"},"url":"https:\/\/favorite-news.com\/pl\/author\/pt\/"}]}},"_links":{"self":[{"href":"https:\/\/favorite-news.com\/pl\/wp-json\/wp\/v2\/posts\/5293","targetHints":{"allow":["GET"]}}],"collection":[{"href":"https:\/\/favorite-news.com\/pl\/wp-json\/wp\/v2\/posts"}],"about":[{"href":"https:\/\/favorite-news.com\/pl\/wp-json\/wp\/v2\/types\/post"}],"author":[{"embeddable":true,"href":"https:\/\/favorite-news.com\/pl\/wp-json\/wp\/v2\/users\/2"}],"replies":[{"embeddable":true,"href":"https:\/\/favorite-news.com\/pl\/wp-json\/wp\/v2\/comments?post=5293"}],"version-history":[{"count":1,"href":"https:\/\/favorite-news.com\/pl\/wp-json\/wp\/v2\/posts\/5293\/revisions"}],"predecessor-version":[{"id":5295,"href":"https:\/\/favorite-news.com\/pl\/wp-json\/wp\/v2\/posts\/5293\/revisions\/5295"}],"wp:featuredmedia":[{"embeddable":true,"href":"https:\/\/favorite-news.com\/pl\/wp-json\/wp\/v2\/media\/5294"}],"wp:attachment":[{"href":"https:\/\/favorite-news.com\/pl\/wp-json\/wp\/v2\/media?parent=5293"}],"wp:term":[{"taxonomy":"category","embeddable":true,"href":"https:\/\/favorite-news.com\/pl\/wp-json\/wp\/v2\/categories?post=5293"},{"taxonomy":"post_tag","embeddable":true,"href":"https:\/\/favorite-news.com\/pl\/wp-json\/wp\/v2\/tags?post=5293"}],"curies":[{"name":"wp","href":"https:\/\/api.w.org\/{rel}","templated":true}]}}