{"id":5275,"date":"2020-11-15T10:12:08","date_gmt":"2020-11-15T07:12:08","guid":{"rendered":"https:\/\/favorite-news.com\/pl\/glinski-po-krytyce-dofinansowania-gwiazd-popu-i-disco-polo-decydowal-algorytm-strat-wskutek-epidemii\/"},"modified":"2020-11-18T09:03:52","modified_gmt":"2020-11-18T06:03:52","slug":"glinski-po-krytyce-dofinansowania-gwiazd-popu-i-disco-polo-decydowal-algorytm-strat-wskutek-epidemii","status":"publish","type":"post","link":"https:\/\/favorite-news.com\/pl\/glinski-po-krytyce-dofinansowania-gwiazd-popu-i-disco-polo-decydowal-algorytm-strat-wskutek-epidemii\/","title":{"rendered":"Gli\u0144ski po krytyce dofinansowania gwiazd popu i disco polo: decydowa\u0142 algorytm strat wskutek epidemii"},"content":{"rendered":"<p>W pi\u0105tek po po\u0142udniu Ministerstwo Kultury, Dziedzictwa Narodowego i Sportu poda\u0142o wyniki naboru do og\u0142oszonego we wrze\u015bniu br. Funduszu Wsparcia Kultury. Resort rozdysponowa\u0142 400 mln z\u0142 dla 2 064 z 2 246 podmiot\u00f3w, kt\u00f3re z\u0142o\u017cy\u0142y wnioski.<\/p>\n<p>Dofinansowanie otrzymaj\u0105:<br \/>\n&#8211; 1 166 firm \u015bwiadcz\u0105cych us\u0142ugi zaplecza scenotechnicznego w \u0142\u0105cznej kwocie 175,23 mln z\u0142,<br \/>\n&#8211; 448 przedsi\u0119biorc\u00f3w w \u0142\u0105cznej kwocie 90,96 mln z\u0142,<br \/>\n&#8211; 144 samorz\u0105dowe instytucje artystyczne w \u0142\u0105cznej kwocie 94,72 mln z\u0142,<br \/>\n&#8211; 306 organizacji pozarz\u0105dowych (NGO-s\u00f3w) w \u0142\u0105cznej kwocie 38,58 mln z\u0142.<\/p>\n<p>W\u015br\u00f3d beneficjent\u00f3w Funduszu Wsparcia Kultury jest wiele fundacji i stowarzysze\u0144 zajmuj\u0105cych si\u0119 kultur\u0105 i rozrywk\u0105, filharmonie, teatry, impresariaty, szko\u0142y ta\u0144ca, zespo\u0142y ludowe firmy realizuj\u0105ce us\u0142ugi o\u015bwietlenia, ud\u017awi\u0119kowienia. Najwy\u017csze kwoty &#8211; po 4 mln z\u0142 &#8211; przyznano Teatrowi Muzycznemu im. Danuty Baduszkowej w Gdyni oraz Teatrowi Muzycznemu Roma.<\/p>\n<p>Pieni\u0105dze tak\u017ce dla gwiazd muzyki i aktor\u00f3w<\/p>\n<p>Dofinansowanie przyznano tak\u017ce firmom i jednoosobowym dzia\u0142alno\u015bciom gospodarczym prowadzonym przez wykonawc\u00f3w muzyki pop i disco polo.<\/p>\n<p>1,89 mln z\u0142 otrzyma sp\u00f3\u0142ka Golec Fabryka zarz\u0105dzana przez Paw\u0142a Golca, jednego z lider\u00f3w Golec uOrkiestry. 400 tys. z\u0142 dostanie Renata \u015awier\u017cy\u0144ska Bayer Full Impresariat, 150 tys. z\u0142 &#8211; Bayer Full S\u0142awomir \u015awier\u017cy\u0144ski, 520 tys. z\u0142 &#8211; Rados\u0142aw Liszewski Radek Weekend, a 500 tys. z\u0142 &#8211; Kamil Bednarek.<\/p>\n<p>Z kolei Kindla Music Marcin Kindla uzyska\u0142 664,5 tys. z\u0142 dofinansowania, Grzegorz Hy\u017cy uzyska\u0142 449 tys. z\u0142, Wojciech Mazolewski Qality &#8211; 444,5 tys. z\u0142, Igor Herbut Production &#8211; 428,6 tys. z\u0142, Papa D Pawe\u0142 Stasiak &#8211; 400 tys. z\u0142, Sarsa Music Marta Markiewicz &#8211; 348,6 tys. z\u0142, Firma Piotr Kupicha &#8211; 232,1 tys. z\u0142, Otto Piloto Media Artur Rojek &#8211; 216,3 tys. z\u0142, JS Music Justyna Steczkowska &#8211; 180 tys. z\u0142, Cere Katarzyna Cerekwicka &#8211; 130,9 tys. z\u0142, Bracia Piotr Cugowski &#8211; 121,9 tys. z\u0142, Natasza Urba\u0144ska &#8211; 111 tys. z\u0142, Julia Pietrucha &#8211; 110,5 tys. z\u0142, Czerwone Gitary Group &#8211; 105,5 tys. z\u0142, a Pectus Tomasz Szczepanik &#8211; 99 tys. z\u0142..<\/p>\n<p>Je\u015bli chodzi o aktor\u00f3w, to Piotr Polk otrzyma 259,8 tys. z\u0142, Piotr Szwedes Samoobs\u0142uga &#8211; 90,4 tys. z\u0142, Rafa\u0142 Kr\u00f3likowski &#8211; 88,3 tys. z\u0142, Ma\u0142gorzata Foremniak &#8211; 77,3 tys. z\u0142, a Miko Micha\u0142 Koterski &#8211; 52,4 tys. z\u0142.<\/p>\n<p>Przyznanie takich \u015brodk\u00f3w gwiazdom muzyki popularnej, telewizji i film\u00f3w skrytykowa\u0142o wielu dziennikarzy aktywnych na Twitterze. &#8211; Pomys\u0142 \u017ceby da\u0107 Kamilowi Bednarkowi i Grzegorzowi Hy\u017cemu po niemal p\u00f3\u0142 miliona z\u0142 na przetrwanie czasu pandemii jest tak g\u0142upi, \u017ce a\u017c nie mam w\u0105tpliwo\u015bci, i\u017c tak w\u0142a\u015bnie zrobiono &#8211; skrytykowa\u0142 Patryk S\u0142owik z \u201eDziennika Gazety Prawnej\u201d.<\/p>\n<p>&#8211; Wnioski do program\u00f3w by\u0142y og\u00f3lnodost\u0119pne. Jakie kryterium dost\u0119pu do nich chcia\u0142by\u015b wprowadzi\u0107? Jak pa\u0144stwo &#8222;pomaga&#8221;, to nigdy sprawiedliwie. Nie dlatego, \u017ce si\u0119 technicznie nie da &#8211; to wynika z pragmatyki rz\u0105dzenia, z politycznej &#8222;logiki&#8221; w zetatyzowanym kraju &#8211; polemizowa\u0142 z nim Sebastian Stodolak z Warsaw Enterprise Institute. &#8211; Bardzo proste. Kto w ostatnim roku dosta\u0142 zlecenia na kwot\u0119 ponad x tys. z\u0142 &#8211; dalej jazda &#8211; stwierdzi\u0142 S\u0142owik. &#8211; Jest jeszcze jedna rzecz &#8211; te programy s\u0105 celowe, ich realizacja wymaga zaanga\u017cowania r\u00f3\u017cnych os\u00f3b, wi\u0119c kasa od Golc\u00f3w, czy Bednarka p\u00f3jdzie te\u017c do innych, biedniejszych z bran\u017cy. O ile nie oszukaj\u0105 na fakturach &#8211; zaznaczy\u0142 Stododak.<\/p>\n<p>&#8211; I oczywi\u015bcie przedstawiciele disco polo nie ko\u0144cz\u0105 si\u0119 na rozje\u017cd\u017canyxh tu Bayer Full i Weekend. Nie moja wina, \u017ce nie znacie np. wycenionej na 150 tys. grupy Power Play, znanej z hitu &#8222;Lubisz to lubisz&#8221; czy zespo\u0142u Mejk, wykonuj\u0105cego przeb\u00f3j &#8222;Zr\u00f3bmy to na parterze (100 tys.) \ud83d\ude42 &#8211; stwierdzi\u0142 Dariusz Grz\u0119dzi\u0144ski z \u201eWprost\u201d. &#8211; Ok, ta lista jest nie do obrony. Ma\u0142gorzata Foremniak na odwo\u0142aniu Mam Talent straci\u0142a 200 tys., dosta\u0142a raptem 77 tys.! Natasza Urba\u0144ska 111 tys. Na plusie obsada Na Wsp\u00f3lnej (premier @PiotrGlinski\u00a0 chyba ogl\u0105da) &#8211; Tomasz Schimscheiner 90 tys., Maria Nikli\u0144ska 33 tys. &#8211; kpi\u0142 Grz\u0119dzi\u0144ski.<\/p>\n<p>Weekend, Bayer Full, Kamil Bednarek, Grzegorz Hy\u017cy, Golce i inni celebryci dostali miliony.Lud na to: https:\/\/t.co\/vOj3AL1F0v<br \/>\n\u2014 Jacek G\u0105dek (@JacekGadek) November 14, 2020<\/p>\n<p>&#8211; Czy naprawd\u0119 trzeba by\u0142o wspomaga\u0107 ci\u0119\u017ck\u0105 fors\u0105 popularnych artyst\u00f3w, kt\u00f3rych piosenki s\u0105 \u201et\u0142uczone\u201d na okr\u0105g\u0142o przez rozg\u0142o\u015bnie radiowe? Przecie\u017c oni \u201edorabiaj\u0105\u201d za to niez\u0142y grosz na tantiemach &#8211; zauwa\u017cy\u0142 Robert Felu\u015b, w przesz\u0142o\u015bci m.in. redaktor naczelny \u201eFaktu\u201d i WP SportowychFakt\u00f3w. &#8211; To akurat nie jest takie oczywiste. Zarabiaj\u0105 autorzy muzyki i s\u0142\u00f3w, bardzo cz\u0119sto nie s\u0105 to arty\u015bci wykonawcy. Nie zmienia to jednak faktu, \u017ce ca\u0142a ta lista wsparcia to lista wstydu &#8211; stwierdzi\u0142 Mariusz W\u00f3jcicki, szef Stars TV.<\/p>\n<p>&#8211; Ale chyba nie my\u015blisz, \u017ce ja nie wiem, do czyjej kieszeni wpadaj\u0105 tantiemy. My\u015ble oczywi\u015bcie o artystach, kt\u00f3rzy s\u0105 nie tylko wykonawcami ale i wsp\u00f3\u0142autorami popularnych przeboj\u00f3w. Tych drugich nie brakuje na tej li\u015bcie&#8230; &#8211; napisa\u0142 do niego Felu\u015b. &#8211; I owszem. Tylko tantiemy to nie jest kasa tu i teraz bo tego nie wyp\u0142acaj\u0105 co miesi\u0105c. A p\u00f3\u0142 miliona od spo\u0142ecze\u0144stwa jest tu i teraz &#8211; doda\u0142 W\u00f3jcicki.<\/p>\n<p>I oczywi\u015bcie przedstawiciele disco polo nie ko\u0144cz\u0105 si\u0119 na rozje\u017cd\u017canyxh tu Bayer Full i Weekend. Nie moja wina, \u017ce nie znacie np. wycenionej na 150 tys. grupy Power Play, znanej z hitu &#8222;Lubisz to lubisz&#8221; czy zespo\u0142u Mejk, wykonuj\u0105cego przeb\u00f3j &#8222;Zr\u00f3bmy to na parterze (100 tys.) \ud83d\ude42 https:\/\/t.co\/sUbc3auZA5<br \/>\n\u2014 Dariusz Grz\u0119dzi\u0144ski (@grzedzinski) November 14, 2020<\/p>\n<p>Negatywnie oceniono te\u017c przyznanie pieni\u0119dzy wykonawcom ma\u0142o wyszukanej muzyki, zw\u0142aszcza disco polo obecnego regularnie w Telewizji Polskiej od prawie pi\u0119ciu lat, od kiedy prezesem TVP jest Jacek Kurski.<\/p>\n<p>&#8211; Zdolni arty\u015bci, np piosenkarze, musz\u0105 si\u0119 naprawd\u0119 ci\u0119\u017cko napracowa\u0107, \u017ceby zarobi\u0107 p\u00f3\u0142 miliona. Niezdolnym wystarczy \u015bpiewa\u0107 na w\u0142a\u015bciw\u0105 nut\u0119 &#8211; napisa\u0142 Tomasz Lis z \u201eNewsweek Polska\u201d. &#8211; Bayer Full to chyba dosta\u0142 te p\u00f3\u0142 miliona za nazw\u0119, kt\u00f3ra sta\u0142a si\u0119 credo obecnej w\u0142adzy. To za prawa autorskie &#8211; doda\u0142.<\/p>\n<p>Krytycznie t\u0119 spraw\u0119 skomentowali tak\u017ce publicy\u015bci z tytu\u0142\u00f3w uwa\u017canych za raczej lub zdecydowanie przychylne wobec obecnego obozu rz\u0105dz\u0105cego.<\/p>\n<p>&#8211; Je\u015bli dwaj discopolowcy dostaj\u0105 od resortu kultury ponad 1 mln z\u0142 wsparcia, czyli wi\u0119cej ni\u017c ambitne instytucje kultury, walcz\u0105ce o przetrwanie w pandemii, to mamy do czynienia z g\u0142\u0119bokim brakiem zrozumienia podstawowych kwestii&#8230; &#8211; skrytykowa\u0142a Marzena Nykiel z wPolityce.pl i \u201eSieci\u201d. &#8211; Czy kto\u015b jest zdziwiony? &#8211; spyta\u0142 jej redakcyjny kolega Wojciech Biedro\u0144.<\/p>\n<p>&#8211; Piotr \u201eDobrotliwy\u201d Glinski. Cho\u0107 to skandal ze Nergal nie dosta\u0142 wsparcia! No i Zenek nie dosta\u0142! Jak tak mo\u017cna? No jak?! &#8211; pyta\u0142 Piotr Nisztor z \u201eGazety Polskiej\u201d.<\/p>\n<p>&#8211; Zastanawiam si\u0119 jak uzasadniano wyp\u0142acenie dziesi\u0105tek tys. z\u0142 z Funduszu Kultury dziennikarzom, kt\u00f3rzy nie stracili pracy, \u017ar\u00f3de\u0142 dochod\u00f3w i normalnie prowadz\u0105 audycje, wyst\u0119puj\u0105 w TV? I jak oni sami przed sob\u0105 uzasadnili wys\u0142anie wniosku &#8211; stwierdzi\u0142 Marcin Makowski z \u201eDo Rzeczy\u201d.<\/p>\n<p>W wykazie beneficjent\u00f3w Funduszu Wsparcia Kultury s\u0105 te\u017c nazwiska os\u00f3b zwi\u0105zanych z mediami. Dariusz Maciborek Agency (Maciborek to wieloletni prezenter RMF FM, by\u0142y dyrektor programowy RMF Maxxx) dostanie 513 tys. z\u0142, Marcin Kydry\u0144ski Siesta (Kydry\u0144ski latem br. przeszed\u0142 z Tr\u00f3jki do Radia Nowy \u015awiat, pod mark\u0105 \u201eSiesta\u201d prowadzi audycj\u0119 i organizowa\u0142 coroczny festiwal) &#8211; 158 tys. z\u0142, a Kretmedia Jaros\u0142aw Kret &#8211; 24,5 tys. z\u0142.<\/p>\n<p>Niekt\u00f3rzy dziennikarze zestawiali przyznane gwiazdom pop dofinansowania z sytuacj\u0105 pracownik\u00f3w innych bran\u017c. &#8211; Wynagrodzenia za brak pracy w czasie pandemii: &#8211; Bayer Full &#8211; 500 tys. z\u0142, &#8211; Kamil Bednarek \u2013 500 tys. z\u0142, &#8211; Grzegorz Hy\u017cy \u2013 449 tys. z\u0142otych. Wynagrodzenia za zapieprz z nara\u017ceniem \u017cycia i zdrowia przy walce z covid-19 &#8211; medycy; lekarze, piel\u0119gniarki, ratownicy \u2013 0 z\u0142 &#8211; wyliczy\u0142 Marek Szymaniak.<\/p>\n<p>&#8211; Dobrze, \u017ce wszystkie dzieci maj\u0105 laptopy potrzebne do zdalnej edukacji, nikt nie traci pracy, niepe\u0142nosprawni mog\u0105 liczy\u0107 na wystarczaj\u0105ce wsparcie etc. bo inaczej program celebryta+ m\u00f3g\u0142by spo\u0142ecze\u0144stwo mocno zdenerwowa\u0107 &#8211; oceni\u0142 Jacek Prusinowski z Radia Plus. &#8211; \u0141om\u017cy\u0144ska Filharmonia 30.000. Teatr Lalki i Aktora w \u0141om\u017cy 48.000. Rados\u0142aw Liszewski Radek Weekend 520.000. Tak, wiem, nigdy nie b\u0119dzie sprawiedliwie &#8211; napisa\u0142a Anna Czytowska z Radia Nadzieja.<\/p>\n<p>Pietrucha 110 tys., ca\u0142y zesp\u00f3\u0142 Filharmonii Krakowskiej ( z realizatorami, pracownikami administr i fiz) 600 tys. Ale wiesz &#8211; filharmonicy w przeciwie\u0144stwie do celebrytki\u00a0 nie rozbieraj\u0105 si\u0119 na ok\u0142adce Maxima, wi\u0119c nawet jak pochwal\u0105\u00a0 ministra to \u017caden lans&#8230;. &#8211; stwierdzi\u0142 Wojciech Wybranowski zwi\u0105zany z \u017byciem Stolicy i Wirtualn\u0105 Polsk\u0105.<\/p>\n<p>Rozumiem dofinansowanie dla teatru Jandy i kilku innych. To co robi\u0105 to jest sztuk\u0105 i kultura. Ale w\u015br\u00f3d dofinansowanych s\u0105 aktoreczki, kt\u00f3rych wk\u0142ad w polsk\u0105 kultur\u0119 niewiele odbiega od wk\u0142adu pan odgrywaj\u0105cych swoje role na p\u0142atnych kana\u0142ach o700<br \/>\n\u2014 Wojciech Wybranowski (@wybranowski) November 14, 2020<\/p>\n<p>Pojawi\u0142y si\u0119 te\u017c prze\u015bmiewcze komentarze. &#8211; Nie rozumiem zaskoczenia kas\u0105 dla Bayer Full i Bajmu, nawet wierz\u0119, \u017ce jaki\u015b PiS-owski algorytm to rozda\u0142, bo to ich stara metoda: wspiera\u0107 bogatych i pot\u0119\u017cnych, a reszcie mydli\u0107 oczy socjaln\u0105 frazeologi\u0105. Mo\u017ce nawet teraz zamiast majteczek b\u0119d\u0105 &#8222;Maseczki w kropeczki&#8221;, kto wie &#8211; stwierdzi\u0142 Micha\u0142 Danielewski z OKO.press. &#8211; Luis Fonsi nie dosta\u0142 wsparcia od pa\u0144stwa polskiego. Nale\u017cy mu si\u0119, ale nikt mu pewnie nie poradzi\u0142, \u017ce w Polsce trzeba kombinowa\u0107. Gdyby nie wirus, to zn\u00f3w by zagra\u0142 na Sylwestrze Marze\u0144 TVP. Mo\u017cna to jako\u015b konwalidowa\u0107? &#8211; spyta\u0142 Jacek G\u0105dek.<\/p>\n<p>&#8211; Ale \u017ce te podatki id\u0105 na powa\u017cne przelewy dla Ka\u015bki Cerekwickiej, na Bayer Full i rz\u0119polenie Golc\u00f3w? Mo\u017ce w tym jest ukryty cel? Na przyk\u0142ad taki, \u017ceby oni ju\u017c wi\u0119cej nie grali &#8211; \u017cartowa\u0142 Micha\u0142 Majewski z agencji Bridge, wcze\u015bniej przez wiele lat dziennikarz. &#8211; To jest temat do zbadania. Chyba wszyscy chcieliby\u015bmy pozna\u0107 kryteria rozdzielania takiej kasy &#8211; napisa\u0142a do niego Kataryna, felietonistka \u201ePlusa Minusa\u201d.<\/p>\n<p>Gli\u0144ski: niewa\u017cne sympatie i rodzaj sztuki, liczy\u0142 si\u0119 algorytm<\/p>\n<p>Do krytycznych opinii w po\u0142udnie odni\u00f3s\u0142 si\u0119 na Twitterze Piotr Gli\u0144ski, minister kultury, dziedzictwa narodowego i sportu. &#8211; Nasi przeciwnicy od pocz\u0105tku pandemii bezwzgl\u0119dnie wykorzystuj\u0105 j\u0105 w grze politycznej. My tak nie post\u0119pujemy. Stworzyli\u015bmy mechanizmy umo\u017cliwiaj\u0105ce na r\u00f3wnych prawach uzyskanie rekompensat z tytu\u0142u poniesionych strat podmiotom z wielu bran\u017c, w tym obj\u0119tej restrykcjami kultury &#8211; napisa\u0142.<\/p>\n<p>&#8211; O tym, kto dosta\u0142 wsparcie, nie decydowa\u0142y sympatie, rodzaj uprawianej sztuki, ale algorytm pokazuj\u0105cy kto straci\u0142 przychody w wyniku pandemii. To nie s\u0105 pieni\u0105dze dla jednej osoby, ale dla ca\u0142ych zespo\u0142\u00f3w ludzi, kt\u00f3rzy z dnia na dzie\u0144 stracili \u015brodki do \u017cycia &#8211; doda\u0142.<\/p>\n<p>O tym, kto dosta\u0142 wsparcie, nie decydowa\u0142y sympatie, rodzaj uprawianej sztuki, ale algorytm pokazuj\u0105cy kto straci\u0142 przychody w wyniku pandemii. To nie s\u0105 pieni\u0105dze dla jednej osoby, ale dla ca\u0142ych zespo\u0142\u00f3w ludzi, kt\u00f3rzy z dnia na dzie\u0144 stracili \u015brodki do \u017cycia. 2\/2<br \/>\n\u2014 Piotr Gli\u0144ski (@PiotrGlinski) November 14, 2020<\/p>\n<p>Te t\u0142umaczenia nie przekona\u0142y cz\u0119\u015bci publicyst\u00f3w. &#8211; Efekt jest taki, \u017ce krezusi dostali g\u00f3r\u0119 pieni\u0119dzy. Niech si\u0119 ju\u017c profesor nie o\u015bmiesza &#8211; skomentowa\u0142 Jacek G\u0105dek. &#8211; Zamiast podzieli\u0107 pieni\u0105dze dla artyst\u00f3w ze wzgl\u0119du na liczb\u0119 os\u00f3b jak\u0105 zatrudniali, wp\u0142yw pandemii na ich prac\u0119, zastosowano algorytm. Aha &#8211; stwierdzi\u0142a Joanna Mizio\u0142ek z \u201eWprost\u201d.<\/p>\n<p>&#8211; \u201eAlgorytm\u201d Funduszu Wsparcia Kultury. Ci co zarabiali \u201ekrocie\u201d dostali utracone \u201ekrocie\u201d. Ci z trudem utrzymuj\u0105cy si\u0119 na powierzchni, id\u0105 na dno w kryzysie. #Sprawiedliwo\u015b\u0107 #Algorytm &#8211; napisa\u0142 Krzysztof Brejza, senator Koalicji Obywatelskiej. &#8211; Dok\u0142adnie. Na tym polega ca\u0142y problem z tym systemem. Premiuje bogatych, to jest jedyne kryterium wysoko\u015bci wsparcia. Nie liczba zatrudnionych ani nie wp\u0142yw covida na mo\u017cliwo\u015bci zarabiania &#8211; zgodzi\u0142a si\u0119 Kataryna.<\/p>\n<p>To s\u0105 po prostu jakie\u015b jaja. Brak pomy\u015blunku ca\u0142kowity, no ale w ko\u0144cu zajmuje si\u0119 tym pan prof. @PiotrGlinski, wi\u0119c czemu tu si\u0119 dziwi\u0107. https:\/\/t.co\/Xi7YqVNFle<br \/>\n\u2014 \u0141ukasz Warzecha (@lkwarzecha) November 14, 2020<\/p>\n<p>&#8211; Kiedy rozdzieli\u0142e\u015b w ko\u0144cu te 400 mln dla ludzi kultury, zgodnie z duchem kapitalizmu proporcjonalnie do zarobk\u00f3w, a potem w zgodzie z przejrzysto\u015bci\u0105 publicznych dzia\u0142a\u0144 opublikowa\u0142e\u015b stawki w sieci, ale zagl\u0105dasz rano do medi\u00f3w i ju\u017c wiesz, \u017ce to jednak PR-owa katastrofa &#8211; stwierdzi\u0142 Bartek Chaci\u0144ski z \u201ePolityki\u201d. &#8211; Je\u017celi ten fundusz wsparcia kultury\u00a0 ogarnia\u0142 algorytm i wyp\u0142aca\u0142 ok 50% utraty przychod\u00f3w z ub. roku, i takie Golce albo Bayer Full dosta\u0142y odpowiednio 2 mln i 500 tys., to faktycznie, zarabiaj\u0105c przez lata na tym poziomie, nie ma co do garnka w\u0142o\u017cy\u0107. Piel\u0119gniarki zrozumiej\u0105 &#8211; ironizowa\u0142 Marcin Makowski.<\/p>\n<p>&#8211; To s\u0105 po prostu jakie\u015b jaja. Brak pomy\u015blunku ca\u0142kowity, no ale w ko\u0144cu zajmuje si\u0119 tym pan prof. @PiotrGlinski , wi\u0119c czemu tu si\u0119 dziwi\u0107 &#8211; skomentowa\u0142 \u0141ukasz Warzecha z \u201eDo Rzeczy\u201d.<\/p>\n<p>&#8211; Sz.P. Krytycy, przyznaj\u0119: znane nazwiska plus pieni\u0105dze to wizerunkowe seppuku. Niewa\u017cne, \u017ce chodzi o &#8211; d\u0142ugo oczekiwan\u0105 i postulowan\u0105 &#8211; pomoc dla TYSI\u0118CY zwyklych ludzi pracuj\u0105cych w kulturze (i ich rodzin), przyznan\u0105 wg takich samych dla wszystkich i przejrzystych regu\u0142 &#8211; stwierdzi\u0142 Piotr Gli\u0144ski w sobot\u0119 wieczorem.<\/p>\n<p>&#8211; W poniedzia\u0142ek zg\u0142osz\u0119 projekt ustawy zakazuj\u0105cej pa\u0144stwowego wsparcia dla znanych artyst\u00f3w i instytucji kultury. Przesuniemy te \u015brodki na wsparcie najbardziej aktywnych tweeterowiczow. Kultura na tym nie zyska, ale PR b\u0119dzie OK \ud83d\ude09 PS &#8211; UWAGA! Tweet zawiera tre\u015bci ironiczne! &#8211; doda\u0142.<\/p>\n<p>W poniedzia\u0142ek zg\u0142osz\u0119 projekt ustawy zakazuj\u0105cej pa\u0144stwowego wsparcia dla znanych artyst\u00f3w i instytucji kultury. Przesuniemy te \u015brodki na wsparcie najbardziej aktywnych tweeterowiczow. Kultura na tym nie zyska, ale PR b\u0119dzie OK \ud83d\ude09 2\/2PS &#8211; UWAGA! Tweet zawiera tre\u015bci ironiczne!<br \/>\n\u2014 Piotr Gli\u0144ski (@PiotrGlinski) November 14, 2020<\/p>\n<p>Wsparcie dostali tak\u017ce arty\u015bci krytykuj\u0105cy obecn\u0105 w\u0142adz\u0105<\/p>\n<p>Dofinansowanie przyznano niekt\u00f3rym artystom i mened\u017cerom otwarcie krytykuj\u0105cym obecn\u0105 w\u0142adz\u0119, m.in. fundacji Krystyny Jandy, kt\u00f3ra wiele razy anga\u017cowa\u0142a si\u0119 w protesty przeciw inicjatywom obecnego obozu rz\u0105dz\u0105cego, a o swoim samopoczuciu w Polsce za rz\u0105d\u00f3w Zjednoczonej Prawicy wypowiada\u0142a si\u0119 dosadnie.<\/p>\n<p>&#8211; Imho dofinansowanie o\u015brodk\u00f3w kultury, ludowych zespo\u0142\u00f3w,\u00a0 lokalnych teatr\u00f3w to w\u0142a\u015bciwy pomys\u0142. Tyle, \u017ce mam wrazenie, \u017ce kryterium przydzia\u0142u \u015brodk\u00f3w by\u0142o nie tyle merytoryczne, co spowodowane typowym na czesci starej prawicy marzeniem o byciu zaakceptowanym przez &#8222;salon&#8221;. Ta sfrustrowana cz\u0119\u015b\u0107 prawicy marz\u0105ca o byciu cz\u0119\u015bci\u0105 &#8222;salonowej warszawki&#8221; od zawsze marzy, by od celebrytow, gwiazdeczek ze spalonych teatr\u00f3w, &#8222;GW&#8221;, r\u00f3\u017cnych Stuhrow etc\u00a0 us\u0142ysze\u0107 dobre s\u0142owo. A salon kas\u0119 przeje i s\u0142owo powie. Tyle, \u017ce zn\u00f3w zabrzmi ono &#8222;#wypierdala\u0107 &#8221; &#8211; skomentowa\u0142 to Wojciech Wybranowski.<\/p>\n<p>&#8211; Rozumiem dofinansowanie dla teatru Jandy i kilku innych. To co robi\u0105 to jest sztuk\u0105 i kultura. Ale w\u015br\u00f3d dofinansowanych s\u0105 aktoreczki, kt\u00f3rych wk\u0142ad w polsk\u0105 kultur\u0119 niewiele odbiega od wk\u0142adu pan odgrywaj\u0105cych swoje role na p\u0142atnych kana\u0142ach o700 &#8211; zaznaczy\u0142.<\/p>\n<p>Przyznanie \u015brodk\u00f3w fundacji Krystyny Jandy prze\u015bmiewczo skomentowa\u0142a El\u017cbieta Rafalska, europos\u0142anka PiS, a wcze\u015bniej minister rodziny, pracy i polityki spo\u0142ecznej. &#8211; A nie brzydz\u0105 pieni\u0105dze od tej \u201epaskudnej w\u0142adzy\u201d? &#8211; spyta\u0142a na Twitterze.<\/p>\n<p>&#8211; A Pani wynagrodzenie idzie tylko z podatk\u00f3w zwolennik\u00f3w PiS? &#8211; odpowiedzia\u0142a jej pytaniem Kataryna. &#8211; Pewnie nie bardziej, ni\u017c od tej paskudnej Unii, pani europose\u0142 &#8211; skomentowa\u0142 Tomasz Skory z RMF FM. &#8211; To nie wasze pieni\u0105dze, tylko nasze. Czas to zrozumie\u0107! &#8211; podkre\u015bli\u0142 Tomasz Lis.<\/p>\n<p>Pani eurodeputowana i by\u0142a minister jeszcze nie rozumie, \u017ce pa\u0144stwo nie jest w\u0142asno\u015bci\u0105 partii. Na te dotacje zrzucaj\u0105 si\u0119 wszyscy obywatele, a minister Gli\u0144ski tylko nieudolnie je dzieli.<br \/>\nNa Boga, przecie\u017c to jest WOS na poziomie zupe\u0142nie podstawowym. https:\/\/t.co\/qSbahAIYdN<br \/>\n\u2014 Darek \u0106wiklak (@macdac) November 14, 2020<\/p>\n<p>Z kolei Joanna Lichocka, pos\u0142anka PiS i cz\u0142onkini Rady Medi\u00f3w Narodowych, zwr\u00f3ci\u0142a uwag\u0119, \u017ce pieni\u0105dze z Funduszu Wsparcia Kultury otrzyma Marcin Kydry\u0144ski.<\/p>\n<p>&#8211; O, widz\u0119, \u017ce Marcin Kydry\u0144ski, kt\u00f3ry wstydzi si\u0119 za granic\u0105, \u017ce jest Polakiem bierze w\u0142a\u015bnie pieni\u0105dze od polskiego rz\u0105du (na wsparcie kultury). Wielkie i mi\u0142osierne jest serce ministra kultury:) &#8211; skomentowa\u0142a. &#8211; Szanowni, nie rozp\u0119dzajcie si\u0119 w krytyce MKDiN. Tu nie ma \u017cadnej &#8222;winy&#8221; ministerstwa, wszystko jest ok, fundusz jest po to, by wspiera\u0107 ludzi kultury. Zwracam uwag\u0119 tylko na pewien brak konsekwencji pana Kydry\u0144skiego &#8211; zaznaczy\u0142a.<\/p>\n<p>Z kolei Rafa\u0142a Bochenek, pose\u0142 PiS, a w przesz\u0142o\u015bci rzecznik rz\u0105du Beaty Szyd\u0142o, link do tekstu o dofinansowaniu zamie\u015bci\u0142 z wpisem: \u201eBieda, a\u017c piszczy &#8230;\u00a0 bez komenatrza\u201d.<\/p>\n<p>Szanowni, nie rozp\u0119dzajcie si\u0119 w krytyce MKDiN. Tu nie ma \u017cadnej &#8222;winy&#8221; ministerstwa, wszystko jest ok, fundusz jest po to, by wspiera\u0107 ludzi kultury. Zwracam uwag\u0119 tylko na pewien brak konsekwencji pana Kydry\u0144skiego. https:\/\/t.co\/tTuG5jOuDY<br \/>\n\u2014 Joanna Lichocka (@JoannaLichocka) November 14, 2020<\/p>\n<p>Bednarek: zatrudniam ludzi, p\u0142ac\u0119 podatki jak ka\u017cdy obywatel<\/p>\n<p>Uzyskane dofinansowanie wyt\u0142umaczy\u0142 na swoim fanpage\u2019u facebookowym Kamil Bednarek. &#8211; Wielkie wiadro pomyj wyla\u0142o si\u0119 na moj\u0105 osob\u0119 jakobym si\u0119 politycznie sprzeda\u0142 i dosta\u0142 pieni\u0105dze &#8222;na \u017cycie&#8221; od Telewizji Polskiej&#8230; &#8211; napisa\u0142.<\/p>\n<p>&#8211; Prowadz\u0119 od kilku lat dzia\u0142alno\u015b\u0107, zatrudniam ludzi, p\u0142ace podatki jak ka\u017cdy obywatel, p\u0142ace ZUS i inne \u015bci\u0105gane przez Urz\u0105d Skarbowy op\u0142aty&#8230; &#8211; wyliczy\u0142.<\/p>\n<p>Zwr\u00f3ci\u0142 uwag\u0119, \u017ce o \u015brodki z Funduszu Wsparcia Kultury m\u00f3g\u0142 wnioskowa\u0107 ka\u017cdy prowadz\u0105cy dzia\u0142alno\u015b\u0107 w bran\u017cy kulturalno-artystycznej. &#8211; W moim imieniu postulowa\u0142 o to manager. Gratuluje wszystkim komu uda\u0142o si\u0119 dosta\u0107 dofinansowanie na przysz\u0142e bran\u017cowe dzia\u0142ania. Wierz\u0119, \u017ce m\u0105drze je wykorzystacie i nie b\u0119dziecie zmuszeni ich odda\u0107 z powrotem&#8230; &#8211; stwierdzi\u0142 Kamil Bednarek.<\/p>\n<p>&#8211; Ubolewam, \u017ce wszystko sprowadzane jest dzisiaj do polityki.. polityki, kt\u00f3rej nigdy nie rozumia\u0142em, nigdy nie stara\u0142em si\u0119 rozumie\u0107 i polityki w kt\u00f3rej jakkolwiek nigdy niechcia\u0142bym si\u0119 znale\u017a\u0107. Dla tych co za wszelk\u0105 cen\u0119 chc\u0105 mnie z\u0142apa\u0107 &#8222;na polityce&#8221;&#8230; nie uda si\u0119 Wam to bo w takie gry si\u0119 nie bawi\u0119 &#8211; doda\u0142 wokalista.<\/p>\n<p><!--noindex--><br \/>\n<a href=\"https:\/\/www.wirtualnemedia.pl\/artykul\/piosenkarze-pop-i-disco-polo-pieniadze-od-ministerstwo-kultury\" rel=\"nofollow\">Source link <\/a><br \/>\n<!--\/noindex--><\/p>\n","protected":false},"excerpt":{"rendered":"<p>W pi\u0105tek po po\u0142udniu Ministerstwo Kultury, Dziedzictwa Narodowego i Sportu poda\u0142o wyniki naboru do og\u0142oszonego we wrze\u015bniu br. Funduszu Wsparcia Kultury. Resort rozdysponowa\u0142 400 mln z\u0142 dla 2 064 z 2 246 podmiot\u00f3w, kt\u00f3re z\u0142o\u017cy\u0142y wnioski. Dofinansowanie otrzymaj\u0105: &#8211; 1 166 firm \u015bwiadcz\u0105cych us\u0142ugi zaplecza scenotechnicznego w \u0142\u0105cznej kwocie 175,23 mln z\u0142, &#8211; 448 przedsi\u0119biorc\u00f3w [&hellip;]<\/p>\n","protected":false},"author":2,"featured_media":5276,"comment_status":"open","ping_status":"open","sticky":false,"template":"","format":"standard","meta":{"footnotes":""},"categories":[2],"tags":[],"class_list":["post-5275","post","type-post","status-publish","format-standard","has-post-thumbnail","hentry","category-wiadomosci-marketingowe-internetowe"],"yoast_head":"<!-- This site is optimized with the Yoast SEO plugin v27.4 - https:\/\/yoast.com\/product\/yoast-seo-wordpress\/ -->\n<title>Gli\u0144ski po krytyce dofinansowania gwiazd popu i disco polo: decydowa\u0142 algorytm strat wskutek epidemii - Favorite News<\/title>\n<meta name=\"robots\" content=\"index, follow, max-snippet:-1, max-image-preview:large, max-video-preview:-1\" \/>\n<link rel=\"canonical\" href=\"https:\/\/favorite-news.com\/pl\/glinski-po-krytyce-dofinansowania-gwiazd-popu-i-disco-polo-decydowal-algorytm-strat-wskutek-epidemii\/\" \/>\n<meta property=\"og:locale\" content=\"pl_PL\" \/>\n<meta property=\"og:type\" content=\"article\" \/>\n<meta property=\"og:title\" content=\"Gli\u0144ski po krytyce dofinansowania gwiazd popu i disco polo: decydowa\u0142 algorytm strat wskutek epidemii - Favorite News\" \/>\n<meta property=\"og:description\" content=\"W pi\u0105tek po po\u0142udniu Ministerstwo Kultury, Dziedzictwa Narodowego i Sportu poda\u0142o wyniki naboru do og\u0142oszonego we wrze\u015bniu br. Funduszu Wsparcia Kultury. Resort rozdysponowa\u0142 400 mln z\u0142 dla 2 064 z 2 246 podmiot\u00f3w, kt\u00f3re z\u0142o\u017cy\u0142y wnioski. Dofinansowanie otrzymaj\u0105: &#8211; 1 166 firm \u015bwiadcz\u0105cych us\u0142ugi zaplecza scenotechnicznego w \u0142\u0105cznej kwocie 175,23 mln z\u0142, &#8211; 448 przedsi\u0119biorc\u00f3w [&hellip;]\" \/>\n<meta property=\"og:url\" content=\"https:\/\/favorite-news.com\/pl\/glinski-po-krytyce-dofinansowania-gwiazd-popu-i-disco-polo-decydowal-algorytm-strat-wskutek-epidemii\/\" \/>\n<meta property=\"og:site_name\" content=\"Favorite News\" \/>\n<meta property=\"article:published_time\" content=\"2020-11-15T07:12:08+00:00\" \/>\n<meta property=\"article:modified_time\" content=\"2020-11-18T06:03:52+00:00\" \/>\n<meta property=\"og:image\" content=\"https:\/\/favorite-news.com\/pl\/wp-content\/uploads\/sites\/6\/2020\/11\/Glinski-po-krytyce-dofinansowania-gwiazd-popu-i-disco-polo-decydowal.png\" \/>\n\t<meta property=\"og:image:width\" content=\"655\" \/>\n\t<meta property=\"og:image:height\" content=\"508\" \/>\n\t<meta property=\"og:image:type\" content=\"image\/png\" \/>\n<meta name=\"author\" content=\"favorite-news\" \/>\n<meta name=\"twitter:card\" content=\"summary_large_image\" \/>\n<meta name=\"twitter:label1\" content=\"Napisane przez\" \/>\n\t<meta name=\"twitter:data1\" content=\"favorite-news\" \/>\n\t<meta name=\"twitter:label2\" content=\"Szacowany czas czytania\" \/>\n\t<meta name=\"twitter:data2\" content=\"15 minut\" \/>\n<script type=\"application\/ld+json\" class=\"yoast-schema-graph\">{\"@context\":\"https:\\\/\\\/schema.org\",\"@graph\":[{\"@type\":\"Article\",\"@id\":\"https:\\\/\\\/favorite-news.com\\\/pl\\\/glinski-po-krytyce-dofinansowania-gwiazd-popu-i-disco-polo-decydowal-algorytm-strat-wskutek-epidemii\\\/#article\",\"isPartOf\":{\"@id\":\"https:\\\/\\\/favorite-news.com\\\/pl\\\/glinski-po-krytyce-dofinansowania-gwiazd-popu-i-disco-polo-decydowal-algorytm-strat-wskutek-epidemii\\\/\"},\"author\":{\"name\":\"favorite-news\",\"@id\":\"https:\\\/\\\/favorite-news.com\\\/pl\\\/#\\\/schema\\\/person\\\/b91573b717dcfa5e4696032a9d28d3e8\"},\"headline\":\"Gli\u0144ski po krytyce dofinansowania gwiazd popu i disco polo: decydowa\u0142 algorytm strat wskutek epidemii\",\"datePublished\":\"2020-11-15T07:12:08+00:00\",\"dateModified\":\"2020-11-18T06:03:52+00:00\",\"mainEntityOfPage\":{\"@id\":\"https:\\\/\\\/favorite-news.com\\\/pl\\\/glinski-po-krytyce-dofinansowania-gwiazd-popu-i-disco-polo-decydowal-algorytm-strat-wskutek-epidemii\\\/\"},\"wordCount\":3102,\"commentCount\":0,\"image\":{\"@id\":\"https:\\\/\\\/favorite-news.com\\\/pl\\\/glinski-po-krytyce-dofinansowania-gwiazd-popu-i-disco-polo-decydowal-algorytm-strat-wskutek-epidemii\\\/#primaryimage\"},\"thumbnailUrl\":\"https:\\\/\\\/favorite-news.com\\\/pl\\\/wp-content\\\/uploads\\\/sites\\\/6\\\/2020\\\/11\\\/Glinski-po-krytyce-dofinansowania-gwiazd-popu-i-disco-polo-decydowal.png\",\"articleSection\":[\"WIADOMO\u015aCI MARKETINGOWE INTERNETOWE\"],\"inLanguage\":\"pl-PL\",\"potentialAction\":[{\"@type\":\"CommentAction\",\"name\":\"Comment\",\"target\":[\"https:\\\/\\\/favorite-news.com\\\/pl\\\/glinski-po-krytyce-dofinansowania-gwiazd-popu-i-disco-polo-decydowal-algorytm-strat-wskutek-epidemii\\\/#respond\"]}]},{\"@type\":\"WebPage\",\"@id\":\"https:\\\/\\\/favorite-news.com\\\/pl\\\/glinski-po-krytyce-dofinansowania-gwiazd-popu-i-disco-polo-decydowal-algorytm-strat-wskutek-epidemii\\\/\",\"url\":\"https:\\\/\\\/favorite-news.com\\\/pl\\\/glinski-po-krytyce-dofinansowania-gwiazd-popu-i-disco-polo-decydowal-algorytm-strat-wskutek-epidemii\\\/\",\"name\":\"Gli\u0144ski po krytyce dofinansowania gwiazd popu i disco polo: decydowa\u0142 algorytm strat wskutek epidemii - Favorite News\",\"isPartOf\":{\"@id\":\"https:\\\/\\\/favorite-news.com\\\/pl\\\/#website\"},\"primaryImageOfPage\":{\"@id\":\"https:\\\/\\\/favorite-news.com\\\/pl\\\/glinski-po-krytyce-dofinansowania-gwiazd-popu-i-disco-polo-decydowal-algorytm-strat-wskutek-epidemii\\\/#primaryimage\"},\"image\":{\"@id\":\"https:\\\/\\\/favorite-news.com\\\/pl\\\/glinski-po-krytyce-dofinansowania-gwiazd-popu-i-disco-polo-decydowal-algorytm-strat-wskutek-epidemii\\\/#primaryimage\"},\"thumbnailUrl\":\"https:\\\/\\\/favorite-news.com\\\/pl\\\/wp-content\\\/uploads\\\/sites\\\/6\\\/2020\\\/11\\\/Glinski-po-krytyce-dofinansowania-gwiazd-popu-i-disco-polo-decydowal.png\",\"datePublished\":\"2020-11-15T07:12:08+00:00\",\"dateModified\":\"2020-11-18T06:03:52+00:00\",\"author\":{\"@id\":\"https:\\\/\\\/favorite-news.com\\\/pl\\\/#\\\/schema\\\/person\\\/b91573b717dcfa5e4696032a9d28d3e8\"},\"breadcrumb\":{\"@id\":\"https:\\\/\\\/favorite-news.com\\\/pl\\\/glinski-po-krytyce-dofinansowania-gwiazd-popu-i-disco-polo-decydowal-algorytm-strat-wskutek-epidemii\\\/#breadcrumb\"},\"inLanguage\":\"pl-PL\",\"potentialAction\":[{\"@type\":\"ReadAction\",\"target\":[\"https:\\\/\\\/favorite-news.com\\\/pl\\\/glinski-po-krytyce-dofinansowania-gwiazd-popu-i-disco-polo-decydowal-algorytm-strat-wskutek-epidemii\\\/\"]}]},{\"@type\":\"ImageObject\",\"inLanguage\":\"pl-PL\",\"@id\":\"https:\\\/\\\/favorite-news.com\\\/pl\\\/glinski-po-krytyce-dofinansowania-gwiazd-popu-i-disco-polo-decydowal-algorytm-strat-wskutek-epidemii\\\/#primaryimage\",\"url\":\"https:\\\/\\\/favorite-news.com\\\/pl\\\/wp-content\\\/uploads\\\/sites\\\/6\\\/2020\\\/11\\\/Glinski-po-krytyce-dofinansowania-gwiazd-popu-i-disco-polo-decydowal.png\",\"contentUrl\":\"https:\\\/\\\/favorite-news.com\\\/pl\\\/wp-content\\\/uploads\\\/sites\\\/6\\\/2020\\\/11\\\/Glinski-po-krytyce-dofinansowania-gwiazd-popu-i-disco-polo-decydowal.png\",\"width\":655,\"height\":508,\"caption\":\"Article\"},{\"@type\":\"BreadcrumbList\",\"@id\":\"https:\\\/\\\/favorite-news.com\\\/pl\\\/glinski-po-krytyce-dofinansowania-gwiazd-popu-i-disco-polo-decydowal-algorytm-strat-wskutek-epidemii\\\/#breadcrumb\",\"itemListElement\":[{\"@type\":\"ListItem\",\"position\":1,\"name\":\"Home\",\"item\":\"https:\\\/\\\/favorite-news.com\\\/pl\\\/\"},{\"@type\":\"ListItem\",\"position\":2,\"name\":\"Gli\u0144ski po krytyce dofinansowania gwiazd popu i disco polo: decydowa\u0142 algorytm strat wskutek epidemii\"}]},{\"@type\":\"WebSite\",\"@id\":\"https:\\\/\\\/favorite-news.com\\\/pl\\\/#website\",\"url\":\"https:\\\/\\\/favorite-news.com\\\/pl\\\/\",\"name\":\"Favorite News\",\"description\":\"Favorite News Polska\",\"potentialAction\":[{\"@type\":\"SearchAction\",\"target\":{\"@type\":\"EntryPoint\",\"urlTemplate\":\"https:\\\/\\\/favorite-news.com\\\/pl\\\/?s={search_term_string}\"},\"query-input\":{\"@type\":\"PropertyValueSpecification\",\"valueRequired\":true,\"valueName\":\"search_term_string\"}}],\"inLanguage\":\"pl-PL\"},{\"@type\":\"Person\",\"@id\":\"https:\\\/\\\/favorite-news.com\\\/pl\\\/#\\\/schema\\\/person\\\/b91573b717dcfa5e4696032a9d28d3e8\",\"name\":\"favorite-news\",\"image\":{\"@type\":\"ImageObject\",\"inLanguage\":\"pl-PL\",\"@id\":\"https:\\\/\\\/secure.gravatar.com\\\/avatar\\\/6c5a5cb12b74e9d517ee91cf570335b7d16177f1977cc91db161adfa435945a7?s=96&d=mm&r=g\",\"url\":\"https:\\\/\\\/secure.gravatar.com\\\/avatar\\\/6c5a5cb12b74e9d517ee91cf570335b7d16177f1977cc91db161adfa435945a7?s=96&d=mm&r=g\",\"contentUrl\":\"https:\\\/\\\/secure.gravatar.com\\\/avatar\\\/6c5a5cb12b74e9d517ee91cf570335b7d16177f1977cc91db161adfa435945a7?s=96&d=mm&r=g\",\"caption\":\"favorite-news\"},\"url\":\"https:\\\/\\\/favorite-news.com\\\/pl\\\/author\\\/pt\\\/\"}]}<\/script>\n<!-- \/ Yoast SEO plugin. -->","yoast_head_json":{"title":"Gli\u0144ski po krytyce dofinansowania gwiazd popu i disco polo: decydowa\u0142 algorytm strat wskutek epidemii - Favorite News","robots":{"index":"index","follow":"follow","max-snippet":"max-snippet:-1","max-image-preview":"max-image-preview:large","max-video-preview":"max-video-preview:-1"},"canonical":"https:\/\/favorite-news.com\/pl\/glinski-po-krytyce-dofinansowania-gwiazd-popu-i-disco-polo-decydowal-algorytm-strat-wskutek-epidemii\/","og_locale":"pl_PL","og_type":"article","og_title":"Gli\u0144ski po krytyce dofinansowania gwiazd popu i disco polo: decydowa\u0142 algorytm strat wskutek epidemii - Favorite News","og_description":"W pi\u0105tek po po\u0142udniu Ministerstwo Kultury, Dziedzictwa Narodowego i Sportu poda\u0142o wyniki naboru do og\u0142oszonego we wrze\u015bniu br. Funduszu Wsparcia Kultury. Resort rozdysponowa\u0142 400 mln z\u0142 dla 2 064 z 2 246 podmiot\u00f3w, kt\u00f3re z\u0142o\u017cy\u0142y wnioski. Dofinansowanie otrzymaj\u0105: &#8211; 1 166 firm \u015bwiadcz\u0105cych us\u0142ugi zaplecza scenotechnicznego w \u0142\u0105cznej kwocie 175,23 mln z\u0142, &#8211; 448 przedsi\u0119biorc\u00f3w [&hellip;]","og_url":"https:\/\/favorite-news.com\/pl\/glinski-po-krytyce-dofinansowania-gwiazd-popu-i-disco-polo-decydowal-algorytm-strat-wskutek-epidemii\/","og_site_name":"Favorite News","article_published_time":"2020-11-15T07:12:08+00:00","article_modified_time":"2020-11-18T06:03:52+00:00","og_image":[{"width":655,"height":508,"url":"https:\/\/favorite-news.com\/pl\/wp-content\/uploads\/sites\/6\/2020\/11\/Glinski-po-krytyce-dofinansowania-gwiazd-popu-i-disco-polo-decydowal.png","type":"image\/png"}],"author":"favorite-news","twitter_card":"summary_large_image","twitter_misc":{"Napisane przez":"favorite-news","Szacowany czas czytania":"15 minut"},"schema":{"@context":"https:\/\/schema.org","@graph":[{"@type":"Article","@id":"https:\/\/favorite-news.com\/pl\/glinski-po-krytyce-dofinansowania-gwiazd-popu-i-disco-polo-decydowal-algorytm-strat-wskutek-epidemii\/#article","isPartOf":{"@id":"https:\/\/favorite-news.com\/pl\/glinski-po-krytyce-dofinansowania-gwiazd-popu-i-disco-polo-decydowal-algorytm-strat-wskutek-epidemii\/"},"author":{"name":"favorite-news","@id":"https:\/\/favorite-news.com\/pl\/#\/schema\/person\/b91573b717dcfa5e4696032a9d28d3e8"},"headline":"Gli\u0144ski po krytyce dofinansowania gwiazd popu i disco polo: decydowa\u0142 algorytm strat wskutek epidemii","datePublished":"2020-11-15T07:12:08+00:00","dateModified":"2020-11-18T06:03:52+00:00","mainEntityOfPage":{"@id":"https:\/\/favorite-news.com\/pl\/glinski-po-krytyce-dofinansowania-gwiazd-popu-i-disco-polo-decydowal-algorytm-strat-wskutek-epidemii\/"},"wordCount":3102,"commentCount":0,"image":{"@id":"https:\/\/favorite-news.com\/pl\/glinski-po-krytyce-dofinansowania-gwiazd-popu-i-disco-polo-decydowal-algorytm-strat-wskutek-epidemii\/#primaryimage"},"thumbnailUrl":"https:\/\/favorite-news.com\/pl\/wp-content\/uploads\/sites\/6\/2020\/11\/Glinski-po-krytyce-dofinansowania-gwiazd-popu-i-disco-polo-decydowal.png","articleSection":["WIADOMO\u015aCI MARKETINGOWE INTERNETOWE"],"inLanguage":"pl-PL","potentialAction":[{"@type":"CommentAction","name":"Comment","target":["https:\/\/favorite-news.com\/pl\/glinski-po-krytyce-dofinansowania-gwiazd-popu-i-disco-polo-decydowal-algorytm-strat-wskutek-epidemii\/#respond"]}]},{"@type":"WebPage","@id":"https:\/\/favorite-news.com\/pl\/glinski-po-krytyce-dofinansowania-gwiazd-popu-i-disco-polo-decydowal-algorytm-strat-wskutek-epidemii\/","url":"https:\/\/favorite-news.com\/pl\/glinski-po-krytyce-dofinansowania-gwiazd-popu-i-disco-polo-decydowal-algorytm-strat-wskutek-epidemii\/","name":"Gli\u0144ski po krytyce dofinansowania gwiazd popu i disco polo: decydowa\u0142 algorytm strat wskutek epidemii - Favorite News","isPartOf":{"@id":"https:\/\/favorite-news.com\/pl\/#website"},"primaryImageOfPage":{"@id":"https:\/\/favorite-news.com\/pl\/glinski-po-krytyce-dofinansowania-gwiazd-popu-i-disco-polo-decydowal-algorytm-strat-wskutek-epidemii\/#primaryimage"},"image":{"@id":"https:\/\/favorite-news.com\/pl\/glinski-po-krytyce-dofinansowania-gwiazd-popu-i-disco-polo-decydowal-algorytm-strat-wskutek-epidemii\/#primaryimage"},"thumbnailUrl":"https:\/\/favorite-news.com\/pl\/wp-content\/uploads\/sites\/6\/2020\/11\/Glinski-po-krytyce-dofinansowania-gwiazd-popu-i-disco-polo-decydowal.png","datePublished":"2020-11-15T07:12:08+00:00","dateModified":"2020-11-18T06:03:52+00:00","author":{"@id":"https:\/\/favorite-news.com\/pl\/#\/schema\/person\/b91573b717dcfa5e4696032a9d28d3e8"},"breadcrumb":{"@id":"https:\/\/favorite-news.com\/pl\/glinski-po-krytyce-dofinansowania-gwiazd-popu-i-disco-polo-decydowal-algorytm-strat-wskutek-epidemii\/#breadcrumb"},"inLanguage":"pl-PL","potentialAction":[{"@type":"ReadAction","target":["https:\/\/favorite-news.com\/pl\/glinski-po-krytyce-dofinansowania-gwiazd-popu-i-disco-polo-decydowal-algorytm-strat-wskutek-epidemii\/"]}]},{"@type":"ImageObject","inLanguage":"pl-PL","@id":"https:\/\/favorite-news.com\/pl\/glinski-po-krytyce-dofinansowania-gwiazd-popu-i-disco-polo-decydowal-algorytm-strat-wskutek-epidemii\/#primaryimage","url":"https:\/\/favorite-news.com\/pl\/wp-content\/uploads\/sites\/6\/2020\/11\/Glinski-po-krytyce-dofinansowania-gwiazd-popu-i-disco-polo-decydowal.png","contentUrl":"https:\/\/favorite-news.com\/pl\/wp-content\/uploads\/sites\/6\/2020\/11\/Glinski-po-krytyce-dofinansowania-gwiazd-popu-i-disco-polo-decydowal.png","width":655,"height":508,"caption":"Article"},{"@type":"BreadcrumbList","@id":"https:\/\/favorite-news.com\/pl\/glinski-po-krytyce-dofinansowania-gwiazd-popu-i-disco-polo-decydowal-algorytm-strat-wskutek-epidemii\/#breadcrumb","itemListElement":[{"@type":"ListItem","position":1,"name":"Home","item":"https:\/\/favorite-news.com\/pl\/"},{"@type":"ListItem","position":2,"name":"Gli\u0144ski po krytyce dofinansowania gwiazd popu i disco polo: decydowa\u0142 algorytm strat wskutek epidemii"}]},{"@type":"WebSite","@id":"https:\/\/favorite-news.com\/pl\/#website","url":"https:\/\/favorite-news.com\/pl\/","name":"Favorite News","description":"Favorite News Polska","potentialAction":[{"@type":"SearchAction","target":{"@type":"EntryPoint","urlTemplate":"https:\/\/favorite-news.com\/pl\/?s={search_term_string}"},"query-input":{"@type":"PropertyValueSpecification","valueRequired":true,"valueName":"search_term_string"}}],"inLanguage":"pl-PL"},{"@type":"Person","@id":"https:\/\/favorite-news.com\/pl\/#\/schema\/person\/b91573b717dcfa5e4696032a9d28d3e8","name":"favorite-news","image":{"@type":"ImageObject","inLanguage":"pl-PL","@id":"https:\/\/secure.gravatar.com\/avatar\/6c5a5cb12b74e9d517ee91cf570335b7d16177f1977cc91db161adfa435945a7?s=96&d=mm&r=g","url":"https:\/\/secure.gravatar.com\/avatar\/6c5a5cb12b74e9d517ee91cf570335b7d16177f1977cc91db161adfa435945a7?s=96&d=mm&r=g","contentUrl":"https:\/\/secure.gravatar.com\/avatar\/6c5a5cb12b74e9d517ee91cf570335b7d16177f1977cc91db161adfa435945a7?s=96&d=mm&r=g","caption":"favorite-news"},"url":"https:\/\/favorite-news.com\/pl\/author\/pt\/"}]}},"_links":{"self":[{"href":"https:\/\/favorite-news.com\/pl\/wp-json\/wp\/v2\/posts\/5275","targetHints":{"allow":["GET"]}}],"collection":[{"href":"https:\/\/favorite-news.com\/pl\/wp-json\/wp\/v2\/posts"}],"about":[{"href":"https:\/\/favorite-news.com\/pl\/wp-json\/wp\/v2\/types\/post"}],"author":[{"embeddable":true,"href":"https:\/\/favorite-news.com\/pl\/wp-json\/wp\/v2\/users\/2"}],"replies":[{"embeddable":true,"href":"https:\/\/favorite-news.com\/pl\/wp-json\/wp\/v2\/comments?post=5275"}],"version-history":[{"count":3,"href":"https:\/\/favorite-news.com\/pl\/wp-json\/wp\/v2\/posts\/5275\/revisions"}],"predecessor-version":[{"id":5310,"href":"https:\/\/favorite-news.com\/pl\/wp-json\/wp\/v2\/posts\/5275\/revisions\/5310"}],"wp:featuredmedia":[{"embeddable":true,"href":"https:\/\/favorite-news.com\/pl\/wp-json\/wp\/v2\/media\/5276"}],"wp:attachment":[{"href":"https:\/\/favorite-news.com\/pl\/wp-json\/wp\/v2\/media?parent=5275"}],"wp:term":[{"taxonomy":"category","embeddable":true,"href":"https:\/\/favorite-news.com\/pl\/wp-json\/wp\/v2\/categories?post=5275"},{"taxonomy":"post_tag","embeddable":true,"href":"https:\/\/favorite-news.com\/pl\/wp-json\/wp\/v2\/tags?post=5275"}],"curies":[{"name":"wp","href":"https:\/\/api.w.org\/{rel}","templated":true}]}}