{"id":5264,"date":"2020-11-14T09:51:12","date_gmt":"2020-11-14T06:51:12","guid":{"rendered":"https:\/\/favorite-news.com\/pl\/czesc-marek-w-sprawie-strajku-kobiet-wybrala-milczenie\/"},"modified":"2020-11-14T09:51:15","modified_gmt":"2020-11-14T06:51:15","slug":"czesc-marek-w-sprawie-strajku-kobiet-wybrala-milczenie","status":"publish","type":"post","link":"https:\/\/favorite-news.com\/pl\/czesc-marek-w-sprawie-strajku-kobiet-wybrala-milczenie\/","title":{"rendered":"Cz\u0119\u015b\u0107 marek w sprawie Strajku Kobiet wybra\u0142a milczenie"},"content":{"rendered":"<p>Po wyroku Trybuna\u0142u Konstytucyjnego w sprawie aborcji wiele tysi\u0119cy kobiet wysz\u0142o na ulice, protestuj\u0105c przeciw ograniczeniu mo\u017cliwo\u015bci legalnego przerywania ci\u0105\u017cy. Cz\u0119\u015bci\u0105 strajku by\u0142a zaplanowana na \u015brod\u0119 28 pa\u017adziernika og\u00f3lnopolska akcja, w ramach kt\u00f3rej kobiety na jeden dzie\u0144 nie posz\u0142y to pracy.&#13;<br \/>\n&#13;<br \/>\nW ostatni czwartek na konferencji przedstawicielki Og\u00f3lnopolskiego Strajku Kobiet og\u0142osi\u0142y powo\u0142anie Komitetu Obywatelskiej Inicjatywy Ustawodawczej &#8222;Legalna aborcja &#8211; bez kompromis\u00f3w&#8221;. &#8211; Z nazwy chyba wynika, czego on dotyczy &#8211; o\u015bwiadczy\u0142a Marta Lempart. Komitet b\u0119dzie mia\u0142 w\u0142asn\u0105 stron\u0119 internetow\u0105 z informacjami o projekcie. &#8211; Dla mnie osobi\u015bcie, to \u017ce legalna aborcja przez ostatnich kilka tygodni sta\u0142a si\u0119 najwa\u017cniejszym symbolem wolno\u015bci, to jest wielkie szcz\u0119\u015bcie &#8211; przyzna\u0142a Lempart.&#13;<br \/>\n&#13;<br \/>\nZ konferencji wyproszono przedstawicieli TVP Info. &#8211; Wyp\u2026.\u0107! Ja ju\u017c powiedzia\u0142am na poprzedniej konferencji, \u017ce macie sp\u2026.\u0107, nie rozumiem, dlaczego tu ci\u0105gle przychodzicie &#8211;\u00a0 powiedzia\u0142a Marta Lempart na pocz\u0105tku spotkania z mediami do dziennikarki i operatora TVP Info.&#13;<br \/>\n&#13;<\/p>\n<p>&#13;<br \/>\n&#13;<br \/>\nMarki zabieraj\u0105 g\u0142os w sprawie Strajku Kobiet&#13;<br \/>\n&#13;<br \/>\nSprawa protest\u00f3w poruszy\u0142a tak\u017ce cz\u0119\u015b\u0107 marek, kt\u00f3re w r\u00f3\u017cny spos\u00f3b wypowiada\u0142y si\u0119 w swoich komunikatach marketingowych, w mniej lub bardziej zawoalowany spos\u00f3b wyra\u017caj\u0105c poparcie i zrozumienie dla protestuj\u0105cych Polek.&#13;<br \/>\n&#13;<br \/>\nCz\u0119\u015b\u0107 marek, kt\u00f3re w jaki\u015b spos\u00f3b zabra\u0142y g\u0142os na temat protest\u00f3w, spotka\u0142o si\u0119 z krytyk\u0105 w mediach. Portal wPolityce 29 pa\u017adziernika opublikowa\u0142 tekst &#8222;I ty Wedlu przeciwko rodzinie i \u017cyciu? Wygl\u0105da na to, \u017ce jako konsumenci pope\u0142nili\u015bmy ogromny b\u0142\u0105d. Ogromny&#8221;. Ostro skrytykowano w nim wpis szefa Lotte Wedel Macieja Hermana,\u00a0 kt\u00f3ry w mediach spo\u0142eczno\u015bciowych wyrazi\u0142 zrozumienie dla pracownik\u00f3w firmy bior\u0105cych udzia\u0142 w Strajku Kobiet.&#13;<br \/>\n&#13;<\/p>\n<p>&#13;<br \/>\n&#13;<br \/>\nDu\u017c\u0105 dyskusj\u0119 wywo\u0142a\u0142 tak\u017ce wpis mBanku, opublikowany w dzie\u0144 \u015brodowego Strajku Kobiet. &#8211; Wspieramy &#8211; podpisano wideo z czarno-bia\u0142ymi zdj\u0119ciami pracownik\u00f3w mBnaku i czerwon\u0105 b\u0142yskawic\u0105.&#13;<br \/>\n&#13;<br \/>\nFirma za ten wpis zosta\u0142a skrytykowana przez Janusza Kowalskiego, wiceministra aktyw\u00f3w pa\u0144stwowych i pos\u0142a Solidarnej Polski. &#8211; Zach\u0119cam do przenoszenia aktyw\u00f3w finansowych do polskich @PKOBP, @BankPekaoSA, @AliorBankSA, @PocztowyBank czy @BOS__Bank. Warto zamkn\u0105\u0107 rachunek w niemieckim banku @mBankpl, kt\u00f3ry zamiast biznesem zajmuje si\u0119 polityk\u0105 i wspieraniem protest\u00f3w, kt\u00f3re zagra\u017caj\u0105 zdrowiu i \u017cyciu Polak\u00f3w &#8211; stwierdzi\u0142 Kowalski (zamiast s\u0142\u00f3w \u201epolskich\u201d i \u201eniemieckim\u201d doda\u0142 grafiki z flagami tych kraj\u00f3w). 69,31 proc. akcji mBanku ma niemiecki Commerzbank. We wrze\u015bniu ub.r. zapowiedzia\u0142, \u017ce sprzeda posiadany pakiet mBanku, w maju br. wycofa\u0142 si\u0119 z tego procesu.&#13;<br \/>\n&#13;<\/p>\n<p>\t\t\tCz\u0119\u015b\u0107 marek zaanga\u017cowanych w prawa kobiet na czas strajku zamilk\u0142a&#13;<br \/>\n&#13;<br \/>\nW dyskusji na temat zaanga\u017cowania marek w temacie Strajku Kobiet pojawi\u0142 si\u0119 w\u0105tek milczenia tych brad\u00f3w, kt\u00f3re znane s\u0105 z zabierania g\u0142osu w dyskusjach na gruncie \u015bwiatopogl\u0105dowym (np. praw os\u00f3b LGBT+).&#13;<br \/>\n&#13;<br \/>\n&#8211; Dla mnie najwi\u0119kszym zawodem marketingowym jest milczenie marek, kt\u00f3re przez wiele lat stara\u0142y si\u0119 budowa\u0107 swoj\u0105 pozycje poprzez m\u00f3wienie o wspieraniu kobiet w r\u00f3\u017cnej formie &#8211; m\u00f3wi portalowi Wirtualnemedia.pl Pawe\u0142 Kuczma, managing director agencji Pure Play. -&#13;<br \/>\n&#13;<br \/>\nHas\u0142a z reklam od &#8222;Jeste\u015b tego warta&#8221; przez &#8222;wspieranie kobiet z ca\u0142ego \u015bwiata&#8221; po wzruszaj\u0105ce reklamy o matkach zdobywa\u0142y serca i umys\u0142y konsument\u00f3w i powodowa\u0142y zachwyt ekspert\u00f3w w magazynach bran\u017cowych. Dzisiaj, w chwili, kiedy kobiety potrzebuj\u0105 realnego wsparcia cz\u0119sto w bardzo konkretnej formie jak np. rozmowa z prawnikiem, jedyne, na co mog\u0105 liczy\u0107 kobiety to cisza. Kompletna cisza od marek, kt\u00f3re jeszcze wczoraj motywowa\u0142y owe kobiety do dzia\u0142ania. I to wszystko w chwili, kiedy kobiety t\u0119 obecn\u0105 w reklamach si\u0142\u0119 pokaza\u0142y &#8211; uwa\u017ca Kuczma.&#13;<br \/>\n&#13;<br \/>\nEkspert w rozmowie z naszym portalem wymienia te marki z nazwy: &#8211; Avon, Dove, Nike, Pantene, Always &#8211; \u017cadna z du\u017cych globalnych marek nie zrobi\u0142a nic konkretnego dla swoich konsumentek (grafiki w mediach spo\u0142eczno\u015bciowych nie s\u0105 wystarczaj\u0105ce). Marki, kt\u00f3re podkre\u015bla\u0142y si\u0142\u0119 kobiet, ich sprawczo\u015b\u0107, udowodni\u0142y, \u017ce to wszystko by\u0142y po prostu czcze has\u0142a reklamowe wymy\u015blone przez kreatywnego (i to pewnie jak na ironi\u0119 m\u0119\u017cczyzn\u0119), jako oparte na dobrym insightcie &#8211; podsumowuje ekspert.&#13;<br \/>\n&#13;<br \/>\nZdaniem Paw\u0142a Kuczmy cz\u0119\u015b\u0107 marketer\u00f3w mo\u017ce kierowa\u0107 si\u0119 biznesowym pragmatyzmem, ale ucierpi na tym wiarygodno\u015b\u0107 przysz\u0142ych kampanii opartych na has\u0142ach &#8222;si\u0142y kobiet&#8221;, &#8222;wsparciu kobiet&#8221;.&#13;<br \/>\n&#13;<br \/>\n&#8211; Je\u015bli marka chce budowa\u0107 swoj\u0105 pozycje na sile kobiet, nie mo\u017ce ich porzuca\u0107 w momencie, w kt\u00f3rym tego najbardziej potrzebuj\u0105. Nie chodzi o deklaracje polityczne czy \u015bwiatopogl\u0105dowe. Mo\u017cna to zrobi\u0107 tak, jak powiedzia\u0142 mBank &#8221; Nie m\u00f3wimy, jak decydowa\u0107. M\u00f3wimy: kobieta powinna mie\u0107 wyb\u00f3r&#8221; &#8211; uwa\u017ca Kuczma.&#13;<br \/>\n&#13;<\/p>\n<p>&#13;<br \/>\n&#13;<br \/>\nWiarygodna marka to sp\u00f3jna marka&#13;<br \/>\n&#13;<br \/>\nZdaniem Mirelli Panek-Owsia\u0144skiej, od wielu lat zajmuj\u0105cej si\u0119 dzia\u0142aniami CSR, deklaracje marek odnosz\u0105ce si\u0119 do bie\u017c\u0105cej polityki kraju b\u0119dzie dla konsument\u00f3w wiarygodna jedynie w momencie, gdy jest to element szerszej strategii firmy np. zarz\u0105dzania r\u00f3\u017cnorodno\u015bci\u0105. &#8211; Te firmy, kt\u00f3re od lat skutecznie prowadz\u0105 dzia\u0142ania wzmacniaj\u0105ce kobiety, maj\u0105 odpowiednie polityki i procedury, przeszkolili swoich pracownik\u00f3w i pracownice s\u0105 sp\u00f3jne, a ich dzia\u0142ania nie s\u0105 zaskoczeniem dla \u017cadnej z grup interesariuszy. Natomiast firmy, kt\u00f3re wewn\u0119trzne maj\u0105 jeszcze wiele proces\u00f3w do pouk\u0142adania, np. nie maj\u0105 przepis\u00f3w dotycz\u0105cych mobbingu, mog\u0105 zosta\u0107 oskar\u017cone o zachowanie koniunkturalne, obliczone na chwilowe wywo\u0142anie zainteresowania medi\u00f3w &#8211; ocenia dla Wirtualnemedia.pl ekspertka.&#13;<br \/>\n&#13;<br \/>\nNasza rozm\u00f3wczyni przyznaje, \u017ce w czasie Strajku Kobiet najbardziej ucieszy\u0142o j\u0105 zaanga\u017cowanie mniejszych firm i marek.&#13;<br \/>\n&#13;<br \/>\n&#8211; W sprawach zwi\u0105zanych z prawami cz\u0142owieka najwa\u017cniejsza jest rzetelna wiedza, przestrze\u0144 do dyskusji i szacunek do odmiennych pogl\u0105d\u00f3w. W firmach z sektora MSP nie ma cz\u0119sto globalnej strategii, wa\u017cne s\u0105 warto\u015bci w\u0142a\u015bciciela\/w\u0142a\u015bcicielki i atmosfera jaka panuje w firmie. I w obecnej sytuacji bardziej cieszy mnie informacja o ka\u017cdej ma\u0142ej firmie, kt\u00f3ra podj\u0119\u0142a decyzj\u0119 o zaanga\u017cowaniu ni\u017c brak informacji z du\u017cych koncern\u00f3w, dla kt\u00f3rych Polska cz\u0119sto nie jest krajem priorytetowym &#8211; ocenia Mirella Panek-Owsia\u0144ska.&#13;<br \/>\n&#13;<\/p>\n<p>&#13;<br \/>\n&#13;<br \/>\nEkspertka zwraca uwag\u0119 na jeszcze jeden aspekt sprawy zaanga\u017cowania firm w Strajk Kobiet (lub jego\u00a0 braku). To wizerunek firmy jako pracodawcy i budowanie relacji zawodowych z zatrudnianymi kobietami.&#13;<br \/>\n&#13;<br \/>\n&#8211; Bycie pracownic\u0105 i obywatelk\u0105 to dla wielu kobiet to\u017csamo\u015bci, kt\u00f3re nie musz\u0105 by\u0107 sprzeczne, z kolei ka\u017cda decyzja firmy dotycz\u0105ca jasnego zaanga\u017cowania po kt\u00f3rej\u015b ze stron powinna by\u0107 poprzedzona wewn\u0119trzn\u0105 dyskusj\u0105, kt\u00f3ra cz\u0119sto mo\u017ce si\u0119 okaza\u0107 cenniejsza i nios\u0105ca bardziej d\u0142ugofalowe skutki. By\u0107 mo\u017ce nied\u0142ugo b\u0119dziemy mie\u0107 badania jak kszta\u0142tuje si\u0119 lojalno\u015b\u0107 kobiet, kt\u00f3re mia\u0142y poczucie, \u017ce ich firma wspar\u0142a strajk kobiet &#8211; uwa\u017ca Panek-Owsia\u0144ska.&#13;<br \/>\n                            &#13;<br \/>\n&#13;<br \/>\n                            &#13;<br \/>\n                            &#13;<br \/>\n                                                            &#13;<br \/>\n&#13;<br \/>\n                            &#13;<\/p>\n<p>\n<!--noindex--><br \/>\n<a href=\"https:\/\/www.wirtualnemedia.pl\/artykul\/strajk-kobiet-milczenie-marek\" rel=\"nofollow\">Source link <\/a><br \/>\n<!--\/noindex--><\/p>\n","protected":false},"excerpt":{"rendered":"<p>Po wyroku Trybuna\u0142u Konstytucyjnego w sprawie aborcji wiele tysi\u0119cy kobiet wysz\u0142o na ulice, protestuj\u0105c przeciw ograniczeniu mo\u017cliwo\u015bci legalnego przerywania ci\u0105\u017cy. Cz\u0119\u015bci\u0105 strajku by\u0142a zaplanowana na \u015brod\u0119 28 pa\u017adziernika og\u00f3lnopolska akcja, w ramach kt\u00f3rej kobiety na jeden dzie\u0144 nie posz\u0142y to pracy.&#13; &#13; W ostatni czwartek na konferencji przedstawicielki Og\u00f3lnopolskiego Strajku Kobiet og\u0142osi\u0142y powo\u0142anie Komitetu Obywatelskiej [&hellip;]<\/p>\n","protected":false},"author":2,"featured_media":5265,"comment_status":"open","ping_status":"open","sticky":false,"template":"","format":"standard","meta":{"footnotes":""},"categories":[2],"tags":[],"class_list":["post-5264","post","type-post","status-publish","format-standard","has-post-thumbnail","hentry","category-wiadomosci-marketingowe-internetowe"],"yoast_head":"<!-- This site is optimized with the Yoast SEO plugin v27.4 - https:\/\/yoast.com\/product\/yoast-seo-wordpress\/ -->\n<title>Cz\u0119\u015b\u0107 marek w sprawie Strajku Kobiet wybra\u0142a milczenie - Favorite News<\/title>\n<meta name=\"robots\" content=\"index, follow, max-snippet:-1, max-image-preview:large, max-video-preview:-1\" \/>\n<link rel=\"canonical\" href=\"https:\/\/favorite-news.com\/pl\/czesc-marek-w-sprawie-strajku-kobiet-wybrala-milczenie\/\" \/>\n<meta property=\"og:locale\" content=\"pl_PL\" \/>\n<meta property=\"og:type\" content=\"article\" \/>\n<meta property=\"og:title\" content=\"Cz\u0119\u015b\u0107 marek w sprawie Strajku Kobiet wybra\u0142a milczenie - Favorite News\" \/>\n<meta property=\"og:description\" content=\"Po wyroku Trybuna\u0142u Konstytucyjnego w sprawie aborcji wiele tysi\u0119cy kobiet wysz\u0142o na ulice, protestuj\u0105c przeciw ograniczeniu mo\u017cliwo\u015bci legalnego przerywania ci\u0105\u017cy. Cz\u0119\u015bci\u0105 strajku by\u0142a zaplanowana na \u015brod\u0119 28 pa\u017adziernika og\u00f3lnopolska akcja, w ramach kt\u00f3rej kobiety na jeden dzie\u0144 nie posz\u0142y to pracy.&#013; &#013; W ostatni czwartek na konferencji przedstawicielki Og\u00f3lnopolskiego Strajku Kobiet og\u0142osi\u0142y powo\u0142anie Komitetu Obywatelskiej [&hellip;]\" \/>\n<meta property=\"og:url\" content=\"https:\/\/favorite-news.com\/pl\/czesc-marek-w-sprawie-strajku-kobiet-wybrala-milczenie\/\" \/>\n<meta property=\"og:site_name\" content=\"Favorite News\" \/>\n<meta property=\"article:published_time\" content=\"2020-11-14T06:51:12+00:00\" \/>\n<meta property=\"article:modified_time\" content=\"2020-11-14T06:51:15+00:00\" \/>\n<meta property=\"og:image\" content=\"https:\/\/favorite-news.com\/pl\/wp-content\/uploads\/sites\/6\/2020\/11\/Czesc-marek-w-sprawie-Strajku-Kobiet-wybrala-milczenie.jpg\" \/>\n\t<meta property=\"og:image:width\" content=\"655\" \/>\n\t<meta property=\"og:image:height\" content=\"437\" \/>\n\t<meta property=\"og:image:type\" content=\"image\/jpeg\" \/>\n<meta name=\"author\" content=\"favorite-news\" \/>\n<meta name=\"twitter:card\" content=\"summary_large_image\" \/>\n<meta name=\"twitter:label1\" content=\"Napisane przez\" \/>\n\t<meta name=\"twitter:data1\" content=\"favorite-news\" \/>\n\t<meta name=\"twitter:label2\" content=\"Szacowany czas czytania\" \/>\n\t<meta name=\"twitter:data2\" content=\"6 minut\" \/>\n<script type=\"application\/ld+json\" class=\"yoast-schema-graph\">{\"@context\":\"https:\\\/\\\/schema.org\",\"@graph\":[{\"@type\":\"Article\",\"@id\":\"https:\\\/\\\/favorite-news.com\\\/pl\\\/czesc-marek-w-sprawie-strajku-kobiet-wybrala-milczenie\\\/#article\",\"isPartOf\":{\"@id\":\"https:\\\/\\\/favorite-news.com\\\/pl\\\/czesc-marek-w-sprawie-strajku-kobiet-wybrala-milczenie\\\/\"},\"author\":{\"name\":\"favorite-news\",\"@id\":\"https:\\\/\\\/favorite-news.com\\\/pl\\\/#\\\/schema\\\/person\\\/b91573b717dcfa5e4696032a9d28d3e8\"},\"headline\":\"Cz\u0119\u015b\u0107 marek w sprawie Strajku Kobiet wybra\u0142a milczenie\",\"datePublished\":\"2020-11-14T06:51:12+00:00\",\"dateModified\":\"2020-11-14T06:51:15+00:00\",\"mainEntityOfPage\":{\"@id\":\"https:\\\/\\\/favorite-news.com\\\/pl\\\/czesc-marek-w-sprawie-strajku-kobiet-wybrala-milczenie\\\/\"},\"wordCount\":1182,\"commentCount\":0,\"image\":{\"@id\":\"https:\\\/\\\/favorite-news.com\\\/pl\\\/czesc-marek-w-sprawie-strajku-kobiet-wybrala-milczenie\\\/#primaryimage\"},\"thumbnailUrl\":\"https:\\\/\\\/favorite-news.com\\\/pl\\\/wp-content\\\/uploads\\\/sites\\\/6\\\/2020\\\/11\\\/Czesc-marek-w-sprawie-Strajku-Kobiet-wybrala-milczenie.jpg\",\"articleSection\":[\"WIADOMO\u015aCI MARKETINGOWE INTERNETOWE\"],\"inLanguage\":\"pl-PL\",\"potentialAction\":[{\"@type\":\"CommentAction\",\"name\":\"Comment\",\"target\":[\"https:\\\/\\\/favorite-news.com\\\/pl\\\/czesc-marek-w-sprawie-strajku-kobiet-wybrala-milczenie\\\/#respond\"]}]},{\"@type\":\"WebPage\",\"@id\":\"https:\\\/\\\/favorite-news.com\\\/pl\\\/czesc-marek-w-sprawie-strajku-kobiet-wybrala-milczenie\\\/\",\"url\":\"https:\\\/\\\/favorite-news.com\\\/pl\\\/czesc-marek-w-sprawie-strajku-kobiet-wybrala-milczenie\\\/\",\"name\":\"Cz\u0119\u015b\u0107 marek w sprawie Strajku Kobiet wybra\u0142a milczenie - Favorite News\",\"isPartOf\":{\"@id\":\"https:\\\/\\\/favorite-news.com\\\/pl\\\/#website\"},\"primaryImageOfPage\":{\"@id\":\"https:\\\/\\\/favorite-news.com\\\/pl\\\/czesc-marek-w-sprawie-strajku-kobiet-wybrala-milczenie\\\/#primaryimage\"},\"image\":{\"@id\":\"https:\\\/\\\/favorite-news.com\\\/pl\\\/czesc-marek-w-sprawie-strajku-kobiet-wybrala-milczenie\\\/#primaryimage\"},\"thumbnailUrl\":\"https:\\\/\\\/favorite-news.com\\\/pl\\\/wp-content\\\/uploads\\\/sites\\\/6\\\/2020\\\/11\\\/Czesc-marek-w-sprawie-Strajku-Kobiet-wybrala-milczenie.jpg\",\"datePublished\":\"2020-11-14T06:51:12+00:00\",\"dateModified\":\"2020-11-14T06:51:15+00:00\",\"author\":{\"@id\":\"https:\\\/\\\/favorite-news.com\\\/pl\\\/#\\\/schema\\\/person\\\/b91573b717dcfa5e4696032a9d28d3e8\"},\"breadcrumb\":{\"@id\":\"https:\\\/\\\/favorite-news.com\\\/pl\\\/czesc-marek-w-sprawie-strajku-kobiet-wybrala-milczenie\\\/#breadcrumb\"},\"inLanguage\":\"pl-PL\",\"potentialAction\":[{\"@type\":\"ReadAction\",\"target\":[\"https:\\\/\\\/favorite-news.com\\\/pl\\\/czesc-marek-w-sprawie-strajku-kobiet-wybrala-milczenie\\\/\"]}]},{\"@type\":\"ImageObject\",\"inLanguage\":\"pl-PL\",\"@id\":\"https:\\\/\\\/favorite-news.com\\\/pl\\\/czesc-marek-w-sprawie-strajku-kobiet-wybrala-milczenie\\\/#primaryimage\",\"url\":\"https:\\\/\\\/favorite-news.com\\\/pl\\\/wp-content\\\/uploads\\\/sites\\\/6\\\/2020\\\/11\\\/Czesc-marek-w-sprawie-Strajku-Kobiet-wybrala-milczenie.jpg\",\"contentUrl\":\"https:\\\/\\\/favorite-news.com\\\/pl\\\/wp-content\\\/uploads\\\/sites\\\/6\\\/2020\\\/11\\\/Czesc-marek-w-sprawie-Strajku-Kobiet-wybrala-milczenie.jpg\",\"width\":655,\"height\":437,\"caption\":\"Article\"},{\"@type\":\"BreadcrumbList\",\"@id\":\"https:\\\/\\\/favorite-news.com\\\/pl\\\/czesc-marek-w-sprawie-strajku-kobiet-wybrala-milczenie\\\/#breadcrumb\",\"itemListElement\":[{\"@type\":\"ListItem\",\"position\":1,\"name\":\"Home\",\"item\":\"https:\\\/\\\/favorite-news.com\\\/pl\\\/\"},{\"@type\":\"ListItem\",\"position\":2,\"name\":\"Cz\u0119\u015b\u0107 marek w sprawie Strajku Kobiet wybra\u0142a milczenie\"}]},{\"@type\":\"WebSite\",\"@id\":\"https:\\\/\\\/favorite-news.com\\\/pl\\\/#website\",\"url\":\"https:\\\/\\\/favorite-news.com\\\/pl\\\/\",\"name\":\"Favorite News\",\"description\":\"Favorite News Polska\",\"potentialAction\":[{\"@type\":\"SearchAction\",\"target\":{\"@type\":\"EntryPoint\",\"urlTemplate\":\"https:\\\/\\\/favorite-news.com\\\/pl\\\/?s={search_term_string}\"},\"query-input\":{\"@type\":\"PropertyValueSpecification\",\"valueRequired\":true,\"valueName\":\"search_term_string\"}}],\"inLanguage\":\"pl-PL\"},{\"@type\":\"Person\",\"@id\":\"https:\\\/\\\/favorite-news.com\\\/pl\\\/#\\\/schema\\\/person\\\/b91573b717dcfa5e4696032a9d28d3e8\",\"name\":\"favorite-news\",\"image\":{\"@type\":\"ImageObject\",\"inLanguage\":\"pl-PL\",\"@id\":\"https:\\\/\\\/secure.gravatar.com\\\/avatar\\\/6c5a5cb12b74e9d517ee91cf570335b7d16177f1977cc91db161adfa435945a7?s=96&d=mm&r=g\",\"url\":\"https:\\\/\\\/secure.gravatar.com\\\/avatar\\\/6c5a5cb12b74e9d517ee91cf570335b7d16177f1977cc91db161adfa435945a7?s=96&d=mm&r=g\",\"contentUrl\":\"https:\\\/\\\/secure.gravatar.com\\\/avatar\\\/6c5a5cb12b74e9d517ee91cf570335b7d16177f1977cc91db161adfa435945a7?s=96&d=mm&r=g\",\"caption\":\"favorite-news\"},\"url\":\"https:\\\/\\\/favorite-news.com\\\/pl\\\/author\\\/pt\\\/\"}]}<\/script>\n<!-- \/ Yoast SEO plugin. -->","yoast_head_json":{"title":"Cz\u0119\u015b\u0107 marek w sprawie Strajku Kobiet wybra\u0142a milczenie - Favorite News","robots":{"index":"index","follow":"follow","max-snippet":"max-snippet:-1","max-image-preview":"max-image-preview:large","max-video-preview":"max-video-preview:-1"},"canonical":"https:\/\/favorite-news.com\/pl\/czesc-marek-w-sprawie-strajku-kobiet-wybrala-milczenie\/","og_locale":"pl_PL","og_type":"article","og_title":"Cz\u0119\u015b\u0107 marek w sprawie Strajku Kobiet wybra\u0142a milczenie - Favorite News","og_description":"Po wyroku Trybuna\u0142u Konstytucyjnego w sprawie aborcji wiele tysi\u0119cy kobiet wysz\u0142o na ulice, protestuj\u0105c przeciw ograniczeniu mo\u017cliwo\u015bci legalnego przerywania ci\u0105\u017cy. Cz\u0119\u015bci\u0105 strajku by\u0142a zaplanowana na \u015brod\u0119 28 pa\u017adziernika og\u00f3lnopolska akcja, w ramach kt\u00f3rej kobiety na jeden dzie\u0144 nie posz\u0142y to pracy.&#13; &#13; W ostatni czwartek na konferencji przedstawicielki Og\u00f3lnopolskiego Strajku Kobiet og\u0142osi\u0142y powo\u0142anie Komitetu Obywatelskiej [&hellip;]","og_url":"https:\/\/favorite-news.com\/pl\/czesc-marek-w-sprawie-strajku-kobiet-wybrala-milczenie\/","og_site_name":"Favorite News","article_published_time":"2020-11-14T06:51:12+00:00","article_modified_time":"2020-11-14T06:51:15+00:00","og_image":[{"width":655,"height":437,"url":"https:\/\/favorite-news.com\/pl\/wp-content\/uploads\/sites\/6\/2020\/11\/Czesc-marek-w-sprawie-Strajku-Kobiet-wybrala-milczenie.jpg","type":"image\/jpeg"}],"author":"favorite-news","twitter_card":"summary_large_image","twitter_misc":{"Napisane przez":"favorite-news","Szacowany czas czytania":"6 minut"},"schema":{"@context":"https:\/\/schema.org","@graph":[{"@type":"Article","@id":"https:\/\/favorite-news.com\/pl\/czesc-marek-w-sprawie-strajku-kobiet-wybrala-milczenie\/#article","isPartOf":{"@id":"https:\/\/favorite-news.com\/pl\/czesc-marek-w-sprawie-strajku-kobiet-wybrala-milczenie\/"},"author":{"name":"favorite-news","@id":"https:\/\/favorite-news.com\/pl\/#\/schema\/person\/b91573b717dcfa5e4696032a9d28d3e8"},"headline":"Cz\u0119\u015b\u0107 marek w sprawie Strajku Kobiet wybra\u0142a milczenie","datePublished":"2020-11-14T06:51:12+00:00","dateModified":"2020-11-14T06:51:15+00:00","mainEntityOfPage":{"@id":"https:\/\/favorite-news.com\/pl\/czesc-marek-w-sprawie-strajku-kobiet-wybrala-milczenie\/"},"wordCount":1182,"commentCount":0,"image":{"@id":"https:\/\/favorite-news.com\/pl\/czesc-marek-w-sprawie-strajku-kobiet-wybrala-milczenie\/#primaryimage"},"thumbnailUrl":"https:\/\/favorite-news.com\/pl\/wp-content\/uploads\/sites\/6\/2020\/11\/Czesc-marek-w-sprawie-Strajku-Kobiet-wybrala-milczenie.jpg","articleSection":["WIADOMO\u015aCI MARKETINGOWE INTERNETOWE"],"inLanguage":"pl-PL","potentialAction":[{"@type":"CommentAction","name":"Comment","target":["https:\/\/favorite-news.com\/pl\/czesc-marek-w-sprawie-strajku-kobiet-wybrala-milczenie\/#respond"]}]},{"@type":"WebPage","@id":"https:\/\/favorite-news.com\/pl\/czesc-marek-w-sprawie-strajku-kobiet-wybrala-milczenie\/","url":"https:\/\/favorite-news.com\/pl\/czesc-marek-w-sprawie-strajku-kobiet-wybrala-milczenie\/","name":"Cz\u0119\u015b\u0107 marek w sprawie Strajku Kobiet wybra\u0142a milczenie - Favorite News","isPartOf":{"@id":"https:\/\/favorite-news.com\/pl\/#website"},"primaryImageOfPage":{"@id":"https:\/\/favorite-news.com\/pl\/czesc-marek-w-sprawie-strajku-kobiet-wybrala-milczenie\/#primaryimage"},"image":{"@id":"https:\/\/favorite-news.com\/pl\/czesc-marek-w-sprawie-strajku-kobiet-wybrala-milczenie\/#primaryimage"},"thumbnailUrl":"https:\/\/favorite-news.com\/pl\/wp-content\/uploads\/sites\/6\/2020\/11\/Czesc-marek-w-sprawie-Strajku-Kobiet-wybrala-milczenie.jpg","datePublished":"2020-11-14T06:51:12+00:00","dateModified":"2020-11-14T06:51:15+00:00","author":{"@id":"https:\/\/favorite-news.com\/pl\/#\/schema\/person\/b91573b717dcfa5e4696032a9d28d3e8"},"breadcrumb":{"@id":"https:\/\/favorite-news.com\/pl\/czesc-marek-w-sprawie-strajku-kobiet-wybrala-milczenie\/#breadcrumb"},"inLanguage":"pl-PL","potentialAction":[{"@type":"ReadAction","target":["https:\/\/favorite-news.com\/pl\/czesc-marek-w-sprawie-strajku-kobiet-wybrala-milczenie\/"]}]},{"@type":"ImageObject","inLanguage":"pl-PL","@id":"https:\/\/favorite-news.com\/pl\/czesc-marek-w-sprawie-strajku-kobiet-wybrala-milczenie\/#primaryimage","url":"https:\/\/favorite-news.com\/pl\/wp-content\/uploads\/sites\/6\/2020\/11\/Czesc-marek-w-sprawie-Strajku-Kobiet-wybrala-milczenie.jpg","contentUrl":"https:\/\/favorite-news.com\/pl\/wp-content\/uploads\/sites\/6\/2020\/11\/Czesc-marek-w-sprawie-Strajku-Kobiet-wybrala-milczenie.jpg","width":655,"height":437,"caption":"Article"},{"@type":"BreadcrumbList","@id":"https:\/\/favorite-news.com\/pl\/czesc-marek-w-sprawie-strajku-kobiet-wybrala-milczenie\/#breadcrumb","itemListElement":[{"@type":"ListItem","position":1,"name":"Home","item":"https:\/\/favorite-news.com\/pl\/"},{"@type":"ListItem","position":2,"name":"Cz\u0119\u015b\u0107 marek w sprawie Strajku Kobiet wybra\u0142a milczenie"}]},{"@type":"WebSite","@id":"https:\/\/favorite-news.com\/pl\/#website","url":"https:\/\/favorite-news.com\/pl\/","name":"Favorite News","description":"Favorite News Polska","potentialAction":[{"@type":"SearchAction","target":{"@type":"EntryPoint","urlTemplate":"https:\/\/favorite-news.com\/pl\/?s={search_term_string}"},"query-input":{"@type":"PropertyValueSpecification","valueRequired":true,"valueName":"search_term_string"}}],"inLanguage":"pl-PL"},{"@type":"Person","@id":"https:\/\/favorite-news.com\/pl\/#\/schema\/person\/b91573b717dcfa5e4696032a9d28d3e8","name":"favorite-news","image":{"@type":"ImageObject","inLanguage":"pl-PL","@id":"https:\/\/secure.gravatar.com\/avatar\/6c5a5cb12b74e9d517ee91cf570335b7d16177f1977cc91db161adfa435945a7?s=96&d=mm&r=g","url":"https:\/\/secure.gravatar.com\/avatar\/6c5a5cb12b74e9d517ee91cf570335b7d16177f1977cc91db161adfa435945a7?s=96&d=mm&r=g","contentUrl":"https:\/\/secure.gravatar.com\/avatar\/6c5a5cb12b74e9d517ee91cf570335b7d16177f1977cc91db161adfa435945a7?s=96&d=mm&r=g","caption":"favorite-news"},"url":"https:\/\/favorite-news.com\/pl\/author\/pt\/"}]}},"_links":{"self":[{"href":"https:\/\/favorite-news.com\/pl\/wp-json\/wp\/v2\/posts\/5264","targetHints":{"allow":["GET"]}}],"collection":[{"href":"https:\/\/favorite-news.com\/pl\/wp-json\/wp\/v2\/posts"}],"about":[{"href":"https:\/\/favorite-news.com\/pl\/wp-json\/wp\/v2\/types\/post"}],"author":[{"embeddable":true,"href":"https:\/\/favorite-news.com\/pl\/wp-json\/wp\/v2\/users\/2"}],"replies":[{"embeddable":true,"href":"https:\/\/favorite-news.com\/pl\/wp-json\/wp\/v2\/comments?post=5264"}],"version-history":[{"count":1,"href":"https:\/\/favorite-news.com\/pl\/wp-json\/wp\/v2\/posts\/5264\/revisions"}],"predecessor-version":[{"id":5266,"href":"https:\/\/favorite-news.com\/pl\/wp-json\/wp\/v2\/posts\/5264\/revisions\/5266"}],"wp:featuredmedia":[{"embeddable":true,"href":"https:\/\/favorite-news.com\/pl\/wp-json\/wp\/v2\/media\/5265"}],"wp:attachment":[{"href":"https:\/\/favorite-news.com\/pl\/wp-json\/wp\/v2\/media?parent=5264"}],"wp:term":[{"taxonomy":"category","embeddable":true,"href":"https:\/\/favorite-news.com\/pl\/wp-json\/wp\/v2\/categories?post=5264"},{"taxonomy":"post_tag","embeddable":true,"href":"https:\/\/favorite-news.com\/pl\/wp-json\/wp\/v2\/tags?post=5264"}],"curies":[{"name":"wp","href":"https:\/\/api.w.org\/{rel}","templated":true}]}}