{"id":5256,"date":"2020-11-13T20:05:11","date_gmt":"2020-11-13T17:05:11","guid":{"rendered":"https:\/\/favorite-news.com\/pl\/biec-nasilenie-tendencji-inflacyjnych-coraz-bardziej-prawdopodobne\/"},"modified":"2020-11-13T20:05:13","modified_gmt":"2020-11-13T17:05:13","slug":"biec-nasilenie-tendencji-inflacyjnych-coraz-bardziej-prawdopodobne","status":"publish","type":"post","link":"https:\/\/favorite-news.com\/pl\/biec-nasilenie-tendencji-inflacyjnych-coraz-bardziej-prawdopodobne\/","title":{"rendered":"BIEC: Nasilenie tendencji inflacyjnych coraz bardziej prawdopodobne"},"content":{"rendered":"<p>Jak wskaza\u0142o w pi\u0105tek Biuro Inwestycji i Cykli Ekonomicznych, WPI wzr\u00f3s\u0142 w listopadzie 2020 r. o 0,6 punktu w stosunku do poziomu z ubieg\u0142ego miesi\u0105ca i by\u0142 to czwarty z kolei miesi\u0105c wzrostu wska\u017anika. &#8222;Tym samym nasilenie tendencji inflacyjnych w perspektywie najbli\u017cszych miesi\u0119cy staje si\u0119 coraz bardziej prawdopodobne&#8221; &#8211; ocenili eksperci.<br \/>\nWed\u0142ug BIEC najsilniejszy wp\u0142yw na wzrost wska\u017anika odnotowano w przypadku oczekiwa\u0144 producent\u00f3w co do kszta\u0142towania si\u0119 w najbli\u017cszych miesi\u0105cach cen na produkowane przez nich dobra. &#8222;O ile w okresie lipiec \u2013 wrzesie\u0144 br. obserwowano pewnego rodzaju stabilizacj\u0119 odsetka firm planuj\u0105cych w najbli\u017cszym czasie podwy\u017cki, o tyle ostatnie badania wskazuj\u0105 na relatywnie znacz\u0105cy przyrost tej grupy przedsi\u0119biorc\u00f3w&#8221; &#8211; zaznaczyli ekonomi\u015bci.<br \/>\nEksperci zwr\u00f3cili uwag\u0119, \u017ce najwy\u017csz\u0105 sk\u0142onno\u015b\u0107 do podnoszenia cen wyra\u017caj\u0105 przedsi\u0119biorstwa du\u017ce zatrudniaj\u0105ce powy\u017cej 250 pracownik\u00f3w. W uj\u0119ciu bran\u017cowym podwy\u017cki planuj\u0105 przedstawiciele przetw\u00f3rstwa ropy naftowej i przemys\u0142u meblowego. &#8222;Spo\u015br\u00f3d 22 bran\u017c przetw\u00f3rstwa przemys\u0142owego w 9-ciu przewa\u017caj\u0105 firmy planuj\u0105ce podwy\u017cki, za\u015b w pozosta\u0142ych 13-tu menad\u017cerowie deklaruj\u0105 stabilno\u015b\u0107 cen lub niewielkie ich obni\u017cenie&#8221; &#8211; czytamy.<br \/>\nPodkre\u015blono, \u017ce dla wielu firm wzrost cen produkt\u00f3w finalnych jest efektem wzrostu ponoszonych przez nich koszt\u00f3w. Analitycy zwr\u00f3cili uwag\u0119, \u017ce w\u015br\u00f3d sk\u0142adowych wska\u017anika cen producent\u00f3w (PPI) w ci\u0105gu ostatniego roku zwi\u0119kszy\u0142y si\u0119 ceny zwi\u0105zane z gospodarowaniem odpadami (o ponad 10 proc. w skali roku), ceny uzdatniania wody i gospodarowania \u015bciekami (o 6 proc. w skali roku). Z kolei w ostatnim czasie &#8222;szczeg\u00f3lnie szybko&#8221; rosn\u0105 ceny w\u0119gla (o 6 proc. od pocz\u0105tku roku).<br \/>\nEksperci zauwa\u017cyli, \u017ce obecnie moce produkcyjne w przemy\u015ble wykorzystywane s\u0105 \u015brednio w 78 proc. &#8211; to znacz\u0105cy wzrost w stosunku do kwietnia br., kiedy odsetek ich wykorzystania wynosi\u0142 zaledwie 69 proc. &#8222;Jednocze\u015bnie spodziewa\u0107 si\u0119 mo\u017cna wzrostu cen us\u0142ug zwi\u0105zanych z napraw\u0105 i konserwacj\u0105 maszyn, co w przysz\u0142o\u015bci dla wielu firm stanie si\u0119 kolejnym kosztowym bod\u017acem do podnoszenia cen&#8221; &#8211; ocenili.<br \/>\nBIEC doda\u0142o, \u017ce obawy o stabilno\u015b\u0107 cen ponownie nasili\u0142y si\u0119 w\u015br\u00f3d konsument\u00f3w. &#8222;Zwi\u0119kszy\u0142 si\u0119 odsetek os\u00f3b spodziewaj\u0105cych si\u0119 w najbli\u017cszych miesi\u0105cach wy\u017cszego od dotychczasowego tempa wzrostu cen, zmniejszy\u0142 si\u0119 za\u015b odsetek tych, kt\u00f3rzy spodziewaj\u0105 si\u0119, \u017ce ceny w najbli\u017cszym czasie b\u0119d\u0105 ros\u0142y wolniej&#8221; &#8211; wskazali. Podobnie jak przed miesi\u0105cem, nikt z ankietowanych nie deklarowa\u0142 mo\u017cliwo\u015bci spadku cen w najbli\u017cszej przysz\u0142o\u015bci, &#8222;co jest zjawiskiem niezwykle rzadkim&#8221;.<br \/>\n<br \/>\n<!--noindex--><br \/>\n<a href=\"http:\/\/rss.gazetaprawna.pl\/~r\/GazetaPrawna-Finanse\/~3\/dbXg-eo0c5s\/1496080,biec-nasilenie-tendencji-inflacyjnych-coraz-bardziej-prawdopodobne.html\" rel=\"nofollow\">Source link <\/a><br \/>\n<!--\/noindex--><\/p>\n","protected":false},"excerpt":{"rendered":"<p>Jak wskaza\u0142o w pi\u0105tek Biuro Inwestycji i Cykli Ekonomicznych, WPI wzr\u00f3s\u0142 w listopadzie 2020 r. o 0,6 punktu w stosunku do poziomu z ubieg\u0142ego miesi\u0105ca i by\u0142 to czwarty z kolei miesi\u0105c wzrostu wska\u017anika. &#8222;Tym samym nasilenie tendencji inflacyjnych w perspektywie najbli\u017cszych miesi\u0119cy staje si\u0119 coraz bardziej prawdopodobne&#8221; &#8211; ocenili eksperci. Wed\u0142ug BIEC najsilniejszy wp\u0142yw [&hellip;]<\/p>\n","protected":false},"author":2,"featured_media":5102,"comment_status":"open","ping_status":"open","sticky":false,"template":"","format":"standard","meta":{"footnotes":""},"categories":[1],"tags":[],"class_list":["post-5256","post","type-post","status-publish","format-standard","has-post-thumbnail","hentry","category-wiadomosci-finansowe"],"yoast_head":"<!-- This site is optimized with the Yoast SEO plugin v27.4 - https:\/\/yoast.com\/product\/yoast-seo-wordpress\/ -->\n<title>BIEC: Nasilenie tendencji inflacyjnych coraz bardziej prawdopodobne - Favorite News<\/title>\n<meta name=\"robots\" content=\"index, follow, max-snippet:-1, max-image-preview:large, max-video-preview:-1\" \/>\n<link rel=\"canonical\" href=\"https:\/\/favorite-news.com\/pl\/biec-nasilenie-tendencji-inflacyjnych-coraz-bardziej-prawdopodobne\/\" \/>\n<meta property=\"og:locale\" content=\"pl_PL\" \/>\n<meta property=\"og:type\" content=\"article\" \/>\n<meta property=\"og:title\" content=\"BIEC: Nasilenie tendencji inflacyjnych coraz bardziej prawdopodobne - Favorite News\" \/>\n<meta property=\"og:description\" content=\"Jak wskaza\u0142o w pi\u0105tek Biuro Inwestycji i Cykli Ekonomicznych, WPI wzr\u00f3s\u0142 w listopadzie 2020 r. o 0,6 punktu w stosunku do poziomu z ubieg\u0142ego miesi\u0105ca i by\u0142 to czwarty z kolei miesi\u0105c wzrostu wska\u017anika. &#8222;Tym samym nasilenie tendencji inflacyjnych w perspektywie najbli\u017cszych miesi\u0119cy staje si\u0119 coraz bardziej prawdopodobne&#8221; &#8211; ocenili eksperci. Wed\u0142ug BIEC najsilniejszy wp\u0142yw [&hellip;]\" \/>\n<meta property=\"og:url\" content=\"https:\/\/favorite-news.com\/pl\/biec-nasilenie-tendencji-inflacyjnych-coraz-bardziej-prawdopodobne\/\" \/>\n<meta property=\"og:site_name\" content=\"Favorite News\" \/>\n<meta property=\"article:published_time\" content=\"2020-11-13T17:05:11+00:00\" \/>\n<meta property=\"article:modified_time\" content=\"2020-11-13T17:05:13+00:00\" \/>\n<meta property=\"og:image\" content=\"https:\/\/favorite-news.com\/pl\/wp-content\/uploads\/sites\/6\/2020\/09\/Dlaczego-RPP-chce-os\u0142abienia-z\u0142otego-wideo-Finanse.jpg\" \/>\n\t<meta property=\"og:image:width\" content=\"1000\" \/>\n\t<meta property=\"og:image:height\" content=\"667\" \/>\n\t<meta property=\"og:image:type\" content=\"image\/jpeg\" \/>\n<meta name=\"author\" content=\"favorite-news\" \/>\n<meta name=\"twitter:card\" content=\"summary_large_image\" \/>\n<meta name=\"twitter:label1\" content=\"Napisane przez\" \/>\n\t<meta name=\"twitter:data1\" content=\"favorite-news\" \/>\n\t<meta name=\"twitter:label2\" content=\"Szacowany czas czytania\" \/>\n\t<meta name=\"twitter:data2\" content=\"2 minuty\" \/>\n<script type=\"application\/ld+json\" class=\"yoast-schema-graph\">{\"@context\":\"https:\\\/\\\/schema.org\",\"@graph\":[{\"@type\":\"Article\",\"@id\":\"https:\\\/\\\/favorite-news.com\\\/pl\\\/biec-nasilenie-tendencji-inflacyjnych-coraz-bardziej-prawdopodobne\\\/#article\",\"isPartOf\":{\"@id\":\"https:\\\/\\\/favorite-news.com\\\/pl\\\/biec-nasilenie-tendencji-inflacyjnych-coraz-bardziej-prawdopodobne\\\/\"},\"author\":{\"name\":\"favorite-news\",\"@id\":\"https:\\\/\\\/favorite-news.com\\\/pl\\\/#\\\/schema\\\/person\\\/b91573b717dcfa5e4696032a9d28d3e8\"},\"headline\":\"BIEC: Nasilenie tendencji inflacyjnych coraz bardziej prawdopodobne\",\"datePublished\":\"2020-11-13T17:05:11+00:00\",\"dateModified\":\"2020-11-13T17:05:13+00:00\",\"mainEntityOfPage\":{\"@id\":\"https:\\\/\\\/favorite-news.com\\\/pl\\\/biec-nasilenie-tendencji-inflacyjnych-coraz-bardziej-prawdopodobne\\\/\"},\"wordCount\":453,\"commentCount\":0,\"image\":{\"@id\":\"https:\\\/\\\/favorite-news.com\\\/pl\\\/biec-nasilenie-tendencji-inflacyjnych-coraz-bardziej-prawdopodobne\\\/#primaryimage\"},\"thumbnailUrl\":\"https:\\\/\\\/favorite-news.com\\\/pl\\\/wp-content\\\/uploads\\\/sites\\\/6\\\/2020\\\/09\\\/Dlaczego-RPP-chce-os\u0142abienia-z\u0142otego-wideo-Finanse.jpg\",\"articleSection\":[\"WIADOMO\u015aCI FINANSOWE\"],\"inLanguage\":\"pl-PL\",\"potentialAction\":[{\"@type\":\"CommentAction\",\"name\":\"Comment\",\"target\":[\"https:\\\/\\\/favorite-news.com\\\/pl\\\/biec-nasilenie-tendencji-inflacyjnych-coraz-bardziej-prawdopodobne\\\/#respond\"]}]},{\"@type\":\"WebPage\",\"@id\":\"https:\\\/\\\/favorite-news.com\\\/pl\\\/biec-nasilenie-tendencji-inflacyjnych-coraz-bardziej-prawdopodobne\\\/\",\"url\":\"https:\\\/\\\/favorite-news.com\\\/pl\\\/biec-nasilenie-tendencji-inflacyjnych-coraz-bardziej-prawdopodobne\\\/\",\"name\":\"BIEC: Nasilenie tendencji inflacyjnych coraz bardziej prawdopodobne - Favorite News\",\"isPartOf\":{\"@id\":\"https:\\\/\\\/favorite-news.com\\\/pl\\\/#website\"},\"primaryImageOfPage\":{\"@id\":\"https:\\\/\\\/favorite-news.com\\\/pl\\\/biec-nasilenie-tendencji-inflacyjnych-coraz-bardziej-prawdopodobne\\\/#primaryimage\"},\"image\":{\"@id\":\"https:\\\/\\\/favorite-news.com\\\/pl\\\/biec-nasilenie-tendencji-inflacyjnych-coraz-bardziej-prawdopodobne\\\/#primaryimage\"},\"thumbnailUrl\":\"https:\\\/\\\/favorite-news.com\\\/pl\\\/wp-content\\\/uploads\\\/sites\\\/6\\\/2020\\\/09\\\/Dlaczego-RPP-chce-os\u0142abienia-z\u0142otego-wideo-Finanse.jpg\",\"datePublished\":\"2020-11-13T17:05:11+00:00\",\"dateModified\":\"2020-11-13T17:05:13+00:00\",\"author\":{\"@id\":\"https:\\\/\\\/favorite-news.com\\\/pl\\\/#\\\/schema\\\/person\\\/b91573b717dcfa5e4696032a9d28d3e8\"},\"breadcrumb\":{\"@id\":\"https:\\\/\\\/favorite-news.com\\\/pl\\\/biec-nasilenie-tendencji-inflacyjnych-coraz-bardziej-prawdopodobne\\\/#breadcrumb\"},\"inLanguage\":\"pl-PL\",\"potentialAction\":[{\"@type\":\"ReadAction\",\"target\":[\"https:\\\/\\\/favorite-news.com\\\/pl\\\/biec-nasilenie-tendencji-inflacyjnych-coraz-bardziej-prawdopodobne\\\/\"]}]},{\"@type\":\"ImageObject\",\"inLanguage\":\"pl-PL\",\"@id\":\"https:\\\/\\\/favorite-news.com\\\/pl\\\/biec-nasilenie-tendencji-inflacyjnych-coraz-bardziej-prawdopodobne\\\/#primaryimage\",\"url\":\"https:\\\/\\\/favorite-news.com\\\/pl\\\/wp-content\\\/uploads\\\/sites\\\/6\\\/2020\\\/09\\\/Dlaczego-RPP-chce-os\u0142abienia-z\u0142otego-wideo-Finanse.jpg\",\"contentUrl\":\"https:\\\/\\\/favorite-news.com\\\/pl\\\/wp-content\\\/uploads\\\/sites\\\/6\\\/2020\\\/09\\\/Dlaczego-RPP-chce-os\u0142abienia-z\u0142otego-wideo-Finanse.jpg\",\"width\":1000,\"height\":667,\"caption\":\"Dlaczego RPP chce os\u0142abienia z\u0142otego? - wideo - Finanse - waluty i notowania walut, gie\u0142da, GPW, surowce\"},{\"@type\":\"BreadcrumbList\",\"@id\":\"https:\\\/\\\/favorite-news.com\\\/pl\\\/biec-nasilenie-tendencji-inflacyjnych-coraz-bardziej-prawdopodobne\\\/#breadcrumb\",\"itemListElement\":[{\"@type\":\"ListItem\",\"position\":1,\"name\":\"Home\",\"item\":\"https:\\\/\\\/favorite-news.com\\\/pl\\\/\"},{\"@type\":\"ListItem\",\"position\":2,\"name\":\"BIEC: Nasilenie tendencji inflacyjnych coraz bardziej prawdopodobne\"}]},{\"@type\":\"WebSite\",\"@id\":\"https:\\\/\\\/favorite-news.com\\\/pl\\\/#website\",\"url\":\"https:\\\/\\\/favorite-news.com\\\/pl\\\/\",\"name\":\"Favorite News\",\"description\":\"Favorite News Polska\",\"potentialAction\":[{\"@type\":\"SearchAction\",\"target\":{\"@type\":\"EntryPoint\",\"urlTemplate\":\"https:\\\/\\\/favorite-news.com\\\/pl\\\/?s={search_term_string}\"},\"query-input\":{\"@type\":\"PropertyValueSpecification\",\"valueRequired\":true,\"valueName\":\"search_term_string\"}}],\"inLanguage\":\"pl-PL\"},{\"@type\":\"Person\",\"@id\":\"https:\\\/\\\/favorite-news.com\\\/pl\\\/#\\\/schema\\\/person\\\/b91573b717dcfa5e4696032a9d28d3e8\",\"name\":\"favorite-news\",\"image\":{\"@type\":\"ImageObject\",\"inLanguage\":\"pl-PL\",\"@id\":\"https:\\\/\\\/secure.gravatar.com\\\/avatar\\\/6c5a5cb12b74e9d517ee91cf570335b7d16177f1977cc91db161adfa435945a7?s=96&d=mm&r=g\",\"url\":\"https:\\\/\\\/secure.gravatar.com\\\/avatar\\\/6c5a5cb12b74e9d517ee91cf570335b7d16177f1977cc91db161adfa435945a7?s=96&d=mm&r=g\",\"contentUrl\":\"https:\\\/\\\/secure.gravatar.com\\\/avatar\\\/6c5a5cb12b74e9d517ee91cf570335b7d16177f1977cc91db161adfa435945a7?s=96&d=mm&r=g\",\"caption\":\"favorite-news\"},\"url\":\"https:\\\/\\\/favorite-news.com\\\/pl\\\/author\\\/pt\\\/\"}]}<\/script>\n<!-- \/ Yoast SEO plugin. -->","yoast_head_json":{"title":"BIEC: Nasilenie tendencji inflacyjnych coraz bardziej prawdopodobne - Favorite News","robots":{"index":"index","follow":"follow","max-snippet":"max-snippet:-1","max-image-preview":"max-image-preview:large","max-video-preview":"max-video-preview:-1"},"canonical":"https:\/\/favorite-news.com\/pl\/biec-nasilenie-tendencji-inflacyjnych-coraz-bardziej-prawdopodobne\/","og_locale":"pl_PL","og_type":"article","og_title":"BIEC: Nasilenie tendencji inflacyjnych coraz bardziej prawdopodobne - Favorite News","og_description":"Jak wskaza\u0142o w pi\u0105tek Biuro Inwestycji i Cykli Ekonomicznych, WPI wzr\u00f3s\u0142 w listopadzie 2020 r. o 0,6 punktu w stosunku do poziomu z ubieg\u0142ego miesi\u0105ca i by\u0142 to czwarty z kolei miesi\u0105c wzrostu wska\u017anika. &#8222;Tym samym nasilenie tendencji inflacyjnych w perspektywie najbli\u017cszych miesi\u0119cy staje si\u0119 coraz bardziej prawdopodobne&#8221; &#8211; ocenili eksperci. Wed\u0142ug BIEC najsilniejszy wp\u0142yw [&hellip;]","og_url":"https:\/\/favorite-news.com\/pl\/biec-nasilenie-tendencji-inflacyjnych-coraz-bardziej-prawdopodobne\/","og_site_name":"Favorite News","article_published_time":"2020-11-13T17:05:11+00:00","article_modified_time":"2020-11-13T17:05:13+00:00","og_image":[{"width":1000,"height":667,"url":"https:\/\/favorite-news.com\/pl\/wp-content\/uploads\/sites\/6\/2020\/09\/Dlaczego-RPP-chce-os\u0142abienia-z\u0142otego-wideo-Finanse.jpg","type":"image\/jpeg"}],"author":"favorite-news","twitter_card":"summary_large_image","twitter_misc":{"Napisane przez":"favorite-news","Szacowany czas czytania":"2 minuty"},"schema":{"@context":"https:\/\/schema.org","@graph":[{"@type":"Article","@id":"https:\/\/favorite-news.com\/pl\/biec-nasilenie-tendencji-inflacyjnych-coraz-bardziej-prawdopodobne\/#article","isPartOf":{"@id":"https:\/\/favorite-news.com\/pl\/biec-nasilenie-tendencji-inflacyjnych-coraz-bardziej-prawdopodobne\/"},"author":{"name":"favorite-news","@id":"https:\/\/favorite-news.com\/pl\/#\/schema\/person\/b91573b717dcfa5e4696032a9d28d3e8"},"headline":"BIEC: Nasilenie tendencji inflacyjnych coraz bardziej prawdopodobne","datePublished":"2020-11-13T17:05:11+00:00","dateModified":"2020-11-13T17:05:13+00:00","mainEntityOfPage":{"@id":"https:\/\/favorite-news.com\/pl\/biec-nasilenie-tendencji-inflacyjnych-coraz-bardziej-prawdopodobne\/"},"wordCount":453,"commentCount":0,"image":{"@id":"https:\/\/favorite-news.com\/pl\/biec-nasilenie-tendencji-inflacyjnych-coraz-bardziej-prawdopodobne\/#primaryimage"},"thumbnailUrl":"https:\/\/favorite-news.com\/pl\/wp-content\/uploads\/sites\/6\/2020\/09\/Dlaczego-RPP-chce-os\u0142abienia-z\u0142otego-wideo-Finanse.jpg","articleSection":["WIADOMO\u015aCI FINANSOWE"],"inLanguage":"pl-PL","potentialAction":[{"@type":"CommentAction","name":"Comment","target":["https:\/\/favorite-news.com\/pl\/biec-nasilenie-tendencji-inflacyjnych-coraz-bardziej-prawdopodobne\/#respond"]}]},{"@type":"WebPage","@id":"https:\/\/favorite-news.com\/pl\/biec-nasilenie-tendencji-inflacyjnych-coraz-bardziej-prawdopodobne\/","url":"https:\/\/favorite-news.com\/pl\/biec-nasilenie-tendencji-inflacyjnych-coraz-bardziej-prawdopodobne\/","name":"BIEC: Nasilenie tendencji inflacyjnych coraz bardziej prawdopodobne - Favorite News","isPartOf":{"@id":"https:\/\/favorite-news.com\/pl\/#website"},"primaryImageOfPage":{"@id":"https:\/\/favorite-news.com\/pl\/biec-nasilenie-tendencji-inflacyjnych-coraz-bardziej-prawdopodobne\/#primaryimage"},"image":{"@id":"https:\/\/favorite-news.com\/pl\/biec-nasilenie-tendencji-inflacyjnych-coraz-bardziej-prawdopodobne\/#primaryimage"},"thumbnailUrl":"https:\/\/favorite-news.com\/pl\/wp-content\/uploads\/sites\/6\/2020\/09\/Dlaczego-RPP-chce-os\u0142abienia-z\u0142otego-wideo-Finanse.jpg","datePublished":"2020-11-13T17:05:11+00:00","dateModified":"2020-11-13T17:05:13+00:00","author":{"@id":"https:\/\/favorite-news.com\/pl\/#\/schema\/person\/b91573b717dcfa5e4696032a9d28d3e8"},"breadcrumb":{"@id":"https:\/\/favorite-news.com\/pl\/biec-nasilenie-tendencji-inflacyjnych-coraz-bardziej-prawdopodobne\/#breadcrumb"},"inLanguage":"pl-PL","potentialAction":[{"@type":"ReadAction","target":["https:\/\/favorite-news.com\/pl\/biec-nasilenie-tendencji-inflacyjnych-coraz-bardziej-prawdopodobne\/"]}]},{"@type":"ImageObject","inLanguage":"pl-PL","@id":"https:\/\/favorite-news.com\/pl\/biec-nasilenie-tendencji-inflacyjnych-coraz-bardziej-prawdopodobne\/#primaryimage","url":"https:\/\/favorite-news.com\/pl\/wp-content\/uploads\/sites\/6\/2020\/09\/Dlaczego-RPP-chce-os\u0142abienia-z\u0142otego-wideo-Finanse.jpg","contentUrl":"https:\/\/favorite-news.com\/pl\/wp-content\/uploads\/sites\/6\/2020\/09\/Dlaczego-RPP-chce-os\u0142abienia-z\u0142otego-wideo-Finanse.jpg","width":1000,"height":667,"caption":"Dlaczego RPP chce os\u0142abienia z\u0142otego? - wideo - Finanse - waluty i notowania walut, gie\u0142da, GPW, surowce"},{"@type":"BreadcrumbList","@id":"https:\/\/favorite-news.com\/pl\/biec-nasilenie-tendencji-inflacyjnych-coraz-bardziej-prawdopodobne\/#breadcrumb","itemListElement":[{"@type":"ListItem","position":1,"name":"Home","item":"https:\/\/favorite-news.com\/pl\/"},{"@type":"ListItem","position":2,"name":"BIEC: Nasilenie tendencji inflacyjnych coraz bardziej prawdopodobne"}]},{"@type":"WebSite","@id":"https:\/\/favorite-news.com\/pl\/#website","url":"https:\/\/favorite-news.com\/pl\/","name":"Favorite News","description":"Favorite News Polska","potentialAction":[{"@type":"SearchAction","target":{"@type":"EntryPoint","urlTemplate":"https:\/\/favorite-news.com\/pl\/?s={search_term_string}"},"query-input":{"@type":"PropertyValueSpecification","valueRequired":true,"valueName":"search_term_string"}}],"inLanguage":"pl-PL"},{"@type":"Person","@id":"https:\/\/favorite-news.com\/pl\/#\/schema\/person\/b91573b717dcfa5e4696032a9d28d3e8","name":"favorite-news","image":{"@type":"ImageObject","inLanguage":"pl-PL","@id":"https:\/\/secure.gravatar.com\/avatar\/6c5a5cb12b74e9d517ee91cf570335b7d16177f1977cc91db161adfa435945a7?s=96&d=mm&r=g","url":"https:\/\/secure.gravatar.com\/avatar\/6c5a5cb12b74e9d517ee91cf570335b7d16177f1977cc91db161adfa435945a7?s=96&d=mm&r=g","contentUrl":"https:\/\/secure.gravatar.com\/avatar\/6c5a5cb12b74e9d517ee91cf570335b7d16177f1977cc91db161adfa435945a7?s=96&d=mm&r=g","caption":"favorite-news"},"url":"https:\/\/favorite-news.com\/pl\/author\/pt\/"}]}},"_links":{"self":[{"href":"https:\/\/favorite-news.com\/pl\/wp-json\/wp\/v2\/posts\/5256","targetHints":{"allow":["GET"]}}],"collection":[{"href":"https:\/\/favorite-news.com\/pl\/wp-json\/wp\/v2\/posts"}],"about":[{"href":"https:\/\/favorite-news.com\/pl\/wp-json\/wp\/v2\/types\/post"}],"author":[{"embeddable":true,"href":"https:\/\/favorite-news.com\/pl\/wp-json\/wp\/v2\/users\/2"}],"replies":[{"embeddable":true,"href":"https:\/\/favorite-news.com\/pl\/wp-json\/wp\/v2\/comments?post=5256"}],"version-history":[{"count":1,"href":"https:\/\/favorite-news.com\/pl\/wp-json\/wp\/v2\/posts\/5256\/revisions"}],"predecessor-version":[{"id":5257,"href":"https:\/\/favorite-news.com\/pl\/wp-json\/wp\/v2\/posts\/5256\/revisions\/5257"}],"wp:featuredmedia":[{"embeddable":true,"href":"https:\/\/favorite-news.com\/pl\/wp-json\/wp\/v2\/media\/5102"}],"wp:attachment":[{"href":"https:\/\/favorite-news.com\/pl\/wp-json\/wp\/v2\/media?parent=5256"}],"wp:term":[{"taxonomy":"category","embeddable":true,"href":"https:\/\/favorite-news.com\/pl\/wp-json\/wp\/v2\/categories?post=5256"},{"taxonomy":"post_tag","embeddable":true,"href":"https:\/\/favorite-news.com\/pl\/wp-json\/wp\/v2\/tags?post=5256"}],"curies":[{"name":"wp","href":"https:\/\/api.w.org\/{rel}","templated":true}]}}