{"id":5224,"date":"2020-11-10T19:15:27","date_gmt":"2020-11-10T16:15:27","guid":{"rendered":"https:\/\/favorite-news.com\/pl\/nbp-ma-raport-o-inflacji-i-pkb-zaklada-przywrocenie-pelnej-aktywnosci-gospodarczej-w-ciagu-roku\/"},"modified":"2020-11-10T19:15:29","modified_gmt":"2020-11-10T16:15:29","slug":"nbp-ma-raport-o-inflacji-i-pkb-zaklada-przywrocenie-pelnej-aktywnosci-gospodarczej-w-ciagu-roku","status":"publish","type":"post","link":"https:\/\/favorite-news.com\/pl\/nbp-ma-raport-o-inflacji-i-pkb-zaklada-przywrocenie-pelnej-aktywnosci-gospodarczej-w-ciagu-roku\/","title":{"rendered":"NBP ma raport o inflacji i PKB. Zak\u0142ada przywr\u00f3cenie pe\u0142nej aktywno\u015bci gospodarczej w ci\u0105gu roku"},"content":{"rendered":"<p>\u201cW przysz\u0142ym roku za\u0142o\u017cyli\u015bmy, \u017ce b\u0119d\u0105 mia\u0142y miejsce kolejne fazy luzowania ogranicze\u0144 i restrykcji. (&#8230;) Poszczeg\u00f3lne ograniczenia b\u0119d\u0105 mia\u0142y coraz mniejszy wp\u0142yw na aktywno\u015b\u0107 gospodarcz\u0105. Przyj\u0119li\u015bmy takie za\u0142o\u017cenie, \u017ce mniej wi\u0119cej w ci\u0105gu roku uda si\u0119 opanowa\u0107 skutki epidemii na tyle, \u017ceby dzia\u0142alno\u015b\u0107 gospodarcza mog\u0142a swobodnie odbi\u0107\u201d &#8211; powiedzia\u0142 Szpunar.<br \/>\nPodkre\u015bli\u0142, \u017ce z powodu kolejnej fali restrykcji wprowadzonych w czwartym kwartale tego roku, zwi\u0105zanych ze wzrostem liczby zara\u017ce\u0144, NBP musia\u0142 praktycznie w ostatnich dniach zrewidowa\u0107 \u201cmy\u015blenie o gospodarce\u201d.<br \/>\nPrzyzna\u0142 on jednocze\u015bnie, \u017ce gospodarka polska pokaza\u0142a niesamowity dynamizm, co by\u0142o wida\u0107 w trzecim kwartale.<br \/>\nSzpunar powiedzia\u0142, \u017ce luzowanie polityki pieni\u0119\u017cnej istotnie przyczyni\u0142o si\u0119 i nadal b\u0119dzie si\u0119 przyczynia\u0107 do poprawy aktywno\u015bci gospodarczej.<br \/>\n&#8222;Wp\u0142yw samego obni\u017cania st\u00f3p procentowych na PKB w tym roku szacujemy na 0,2 punktu PKB&#8221; &#8211; podkre\u015bli\u0142.<br \/>\nNBP opublikowa\u0142 we wtorek raport o inflacji, gdzie za\u0142o\u017cono, \u017ce inflacja w 2021 r. wyniesie 2,6 proc., a PKB wzro\u015bnie o 3,1 proc.<br \/>\nZgodnie z prognoz\u0105 NBP zawart\u0105 w tzw. centralnej \u015bcie\u017cce, w tym roku inflacja wyniesie 3,4 proc. wobec prognozowanej w lipcu br. w wysoko\u015bci 3,3 proc. W przysz\u0142ym roku inflacja spadnie do 2,6 proc. wobec wska\u017anika w wysoko\u015bci 1,5 proc., spodziewanego wcze\u015bniej przez bank centralny.<br \/>\nNBP prognozuje, \u017ce 2020 r. zamknie si\u0119 recesj\u0105 w wysoko\u015bci 3,5 proc., wobec spodziewanej wcze\u015bniej w wysoko\u015bci 5,4 proc., natomiast w przysz\u0142ym roku PKB wzro\u015bnie o 3,1 proc. wobec lipcowej prognozy wzrostu w wysoko\u015bci 4,9 proc.<br \/>\n<br \/>\n<!--noindex--><br \/>\n<a href=\"http:\/\/rss.gazetaprawna.pl\/~r\/GazetaPrawna-Finanse\/~3\/WlM1QrEVp6M\/1495839,nbp-koronawirus-dane-o-inflacji.html\" rel=\"nofollow\">Source link <\/a><br \/>\n<!--\/noindex--><\/p>\n","protected":false},"excerpt":{"rendered":"<p>\u201cW przysz\u0142ym roku za\u0142o\u017cyli\u015bmy, \u017ce b\u0119d\u0105 mia\u0142y miejsce kolejne fazy luzowania ogranicze\u0144 i restrykcji. (&#8230;) Poszczeg\u00f3lne ograniczenia b\u0119d\u0105 mia\u0142y coraz mniejszy wp\u0142yw na aktywno\u015b\u0107 gospodarcz\u0105. Przyj\u0119li\u015bmy takie za\u0142o\u017cenie, \u017ce mniej wi\u0119cej w ci\u0105gu roku uda si\u0119 opanowa\u0107 skutki epidemii na tyle, \u017ceby dzia\u0142alno\u015b\u0107 gospodarcza mog\u0142a swobodnie odbi\u0107\u201d &#8211; powiedzia\u0142 Szpunar. Podkre\u015bli\u0142, \u017ce z powodu kolejnej [&hellip;]<\/p>\n","protected":false},"author":2,"featured_media":5225,"comment_status":"open","ping_status":"open","sticky":false,"template":"","format":"standard","meta":{"footnotes":""},"categories":[1],"tags":[],"class_list":["post-5224","post","type-post","status-publish","format-standard","has-post-thumbnail","hentry","category-wiadomosci-finansowe"],"yoast_head":"<!-- This site is optimized with the Yoast SEO plugin v27.4 - https:\/\/yoast.com\/product\/yoast-seo-wordpress\/ -->\n<title>NBP ma raport o inflacji i PKB. Zak\u0142ada przywr\u00f3cenie pe\u0142nej aktywno\u015bci gospodarczej w ci\u0105gu roku - Favorite News<\/title>\n<meta name=\"robots\" content=\"index, follow, max-snippet:-1, max-image-preview:large, max-video-preview:-1\" \/>\n<link rel=\"canonical\" href=\"https:\/\/favorite-news.com\/pl\/nbp-ma-raport-o-inflacji-i-pkb-zaklada-przywrocenie-pelnej-aktywnosci-gospodarczej-w-ciagu-roku\/\" \/>\n<meta property=\"og:locale\" content=\"pl_PL\" \/>\n<meta property=\"og:type\" content=\"article\" \/>\n<meta property=\"og:title\" content=\"NBP ma raport o inflacji i PKB. Zak\u0142ada przywr\u00f3cenie pe\u0142nej aktywno\u015bci gospodarczej w ci\u0105gu roku - Favorite News\" \/>\n<meta property=\"og:description\" content=\"\u201cW przysz\u0142ym roku za\u0142o\u017cyli\u015bmy, \u017ce b\u0119d\u0105 mia\u0142y miejsce kolejne fazy luzowania ogranicze\u0144 i restrykcji. (&#8230;) Poszczeg\u00f3lne ograniczenia b\u0119d\u0105 mia\u0142y coraz mniejszy wp\u0142yw na aktywno\u015b\u0107 gospodarcz\u0105. Przyj\u0119li\u015bmy takie za\u0142o\u017cenie, \u017ce mniej wi\u0119cej w ci\u0105gu roku uda si\u0119 opanowa\u0107 skutki epidemii na tyle, \u017ceby dzia\u0142alno\u015b\u0107 gospodarcza mog\u0142a swobodnie odbi\u0107\u201d &#8211; powiedzia\u0142 Szpunar. Podkre\u015bli\u0142, \u017ce z powodu kolejnej [&hellip;]\" \/>\n<meta property=\"og:url\" content=\"https:\/\/favorite-news.com\/pl\/nbp-ma-raport-o-inflacji-i-pkb-zaklada-przywrocenie-pelnej-aktywnosci-gospodarczej-w-ciagu-roku\/\" \/>\n<meta property=\"og:site_name\" content=\"Favorite News\" \/>\n<meta property=\"article:published_time\" content=\"2020-11-10T16:15:27+00:00\" \/>\n<meta property=\"article:modified_time\" content=\"2020-11-10T16:15:29+00:00\" \/>\n<meta property=\"og:image\" content=\"https:\/\/favorite-news.com\/pl\/wp-content\/uploads\/sites\/6\/2020\/11\/NBP-ma-raport-o-inflacji-i-PKB-Zaklada-przywrocenie-pelnej.jpg\" \/>\n\t<meta property=\"og:image:width\" content=\"1000\" \/>\n\t<meta property=\"og:image:height\" content=\"526\" \/>\n\t<meta property=\"og:image:type\" content=\"image\/jpeg\" \/>\n<meta name=\"author\" content=\"favorite-news\" \/>\n<meta name=\"twitter:card\" content=\"summary_large_image\" \/>\n<meta name=\"twitter:label1\" content=\"Napisane przez\" \/>\n\t<meta name=\"twitter:data1\" content=\"favorite-news\" \/>\n\t<meta name=\"twitter:label2\" content=\"Szacowany czas czytania\" \/>\n\t<meta name=\"twitter:data2\" content=\"1 minuta\" \/>\n<script type=\"application\/ld+json\" class=\"yoast-schema-graph\">{\"@context\":\"https:\\\/\\\/schema.org\",\"@graph\":[{\"@type\":\"Article\",\"@id\":\"https:\\\/\\\/favorite-news.com\\\/pl\\\/nbp-ma-raport-o-inflacji-i-pkb-zaklada-przywrocenie-pelnej-aktywnosci-gospodarczej-w-ciagu-roku\\\/#article\",\"isPartOf\":{\"@id\":\"https:\\\/\\\/favorite-news.com\\\/pl\\\/nbp-ma-raport-o-inflacji-i-pkb-zaklada-przywrocenie-pelnej-aktywnosci-gospodarczej-w-ciagu-roku\\\/\"},\"author\":{\"name\":\"favorite-news\",\"@id\":\"https:\\\/\\\/favorite-news.com\\\/pl\\\/#\\\/schema\\\/person\\\/b91573b717dcfa5e4696032a9d28d3e8\"},\"headline\":\"NBP ma raport o inflacji i PKB. Zak\u0142ada przywr\u00f3cenie pe\u0142nej aktywno\u015bci gospodarczej w ci\u0105gu roku\",\"datePublished\":\"2020-11-10T16:15:27+00:00\",\"dateModified\":\"2020-11-10T16:15:29+00:00\",\"mainEntityOfPage\":{\"@id\":\"https:\\\/\\\/favorite-news.com\\\/pl\\\/nbp-ma-raport-o-inflacji-i-pkb-zaklada-przywrocenie-pelnej-aktywnosci-gospodarczej-w-ciagu-roku\\\/\"},\"wordCount\":287,\"commentCount\":0,\"image\":{\"@id\":\"https:\\\/\\\/favorite-news.com\\\/pl\\\/nbp-ma-raport-o-inflacji-i-pkb-zaklada-przywrocenie-pelnej-aktywnosci-gospodarczej-w-ciagu-roku\\\/#primaryimage\"},\"thumbnailUrl\":\"https:\\\/\\\/favorite-news.com\\\/pl\\\/wp-content\\\/uploads\\\/sites\\\/6\\\/2020\\\/11\\\/NBP-ma-raport-o-inflacji-i-PKB-Zaklada-przywrocenie-pelnej.jpg\",\"articleSection\":[\"WIADOMO\u015aCI FINANSOWE\"],\"inLanguage\":\"pl-PL\",\"potentialAction\":[{\"@type\":\"CommentAction\",\"name\":\"Comment\",\"target\":[\"https:\\\/\\\/favorite-news.com\\\/pl\\\/nbp-ma-raport-o-inflacji-i-pkb-zaklada-przywrocenie-pelnej-aktywnosci-gospodarczej-w-ciagu-roku\\\/#respond\"]}]},{\"@type\":\"WebPage\",\"@id\":\"https:\\\/\\\/favorite-news.com\\\/pl\\\/nbp-ma-raport-o-inflacji-i-pkb-zaklada-przywrocenie-pelnej-aktywnosci-gospodarczej-w-ciagu-roku\\\/\",\"url\":\"https:\\\/\\\/favorite-news.com\\\/pl\\\/nbp-ma-raport-o-inflacji-i-pkb-zaklada-przywrocenie-pelnej-aktywnosci-gospodarczej-w-ciagu-roku\\\/\",\"name\":\"NBP ma raport o inflacji i PKB. Zak\u0142ada przywr\u00f3cenie pe\u0142nej aktywno\u015bci gospodarczej w ci\u0105gu roku - Favorite News\",\"isPartOf\":{\"@id\":\"https:\\\/\\\/favorite-news.com\\\/pl\\\/#website\"},\"primaryImageOfPage\":{\"@id\":\"https:\\\/\\\/favorite-news.com\\\/pl\\\/nbp-ma-raport-o-inflacji-i-pkb-zaklada-przywrocenie-pelnej-aktywnosci-gospodarczej-w-ciagu-roku\\\/#primaryimage\"},\"image\":{\"@id\":\"https:\\\/\\\/favorite-news.com\\\/pl\\\/nbp-ma-raport-o-inflacji-i-pkb-zaklada-przywrocenie-pelnej-aktywnosci-gospodarczej-w-ciagu-roku\\\/#primaryimage\"},\"thumbnailUrl\":\"https:\\\/\\\/favorite-news.com\\\/pl\\\/wp-content\\\/uploads\\\/sites\\\/6\\\/2020\\\/11\\\/NBP-ma-raport-o-inflacji-i-PKB-Zaklada-przywrocenie-pelnej.jpg\",\"datePublished\":\"2020-11-10T16:15:27+00:00\",\"dateModified\":\"2020-11-10T16:15:29+00:00\",\"author\":{\"@id\":\"https:\\\/\\\/favorite-news.com\\\/pl\\\/#\\\/schema\\\/person\\\/b91573b717dcfa5e4696032a9d28d3e8\"},\"breadcrumb\":{\"@id\":\"https:\\\/\\\/favorite-news.com\\\/pl\\\/nbp-ma-raport-o-inflacji-i-pkb-zaklada-przywrocenie-pelnej-aktywnosci-gospodarczej-w-ciagu-roku\\\/#breadcrumb\"},\"inLanguage\":\"pl-PL\",\"potentialAction\":[{\"@type\":\"ReadAction\",\"target\":[\"https:\\\/\\\/favorite-news.com\\\/pl\\\/nbp-ma-raport-o-inflacji-i-pkb-zaklada-przywrocenie-pelnej-aktywnosci-gospodarczej-w-ciagu-roku\\\/\"]}]},{\"@type\":\"ImageObject\",\"inLanguage\":\"pl-PL\",\"@id\":\"https:\\\/\\\/favorite-news.com\\\/pl\\\/nbp-ma-raport-o-inflacji-i-pkb-zaklada-przywrocenie-pelnej-aktywnosci-gospodarczej-w-ciagu-roku\\\/#primaryimage\",\"url\":\"https:\\\/\\\/favorite-news.com\\\/pl\\\/wp-content\\\/uploads\\\/sites\\\/6\\\/2020\\\/11\\\/NBP-ma-raport-o-inflacji-i-PKB-Zaklada-przywrocenie-pelnej.jpg\",\"contentUrl\":\"https:\\\/\\\/favorite-news.com\\\/pl\\\/wp-content\\\/uploads\\\/sites\\\/6\\\/2020\\\/11\\\/NBP-ma-raport-o-inflacji-i-PKB-Zaklada-przywrocenie-pelnej.jpg\",\"width\":1000,\"height\":526,\"caption\":\"NBP ma raport o inflacji i PKB. Zak\u0142ada przywr\u00f3cenie pe\u0142nej aktywno\u015bci gospodarczej w ci\u0105gu roku\"},{\"@type\":\"BreadcrumbList\",\"@id\":\"https:\\\/\\\/favorite-news.com\\\/pl\\\/nbp-ma-raport-o-inflacji-i-pkb-zaklada-przywrocenie-pelnej-aktywnosci-gospodarczej-w-ciagu-roku\\\/#breadcrumb\",\"itemListElement\":[{\"@type\":\"ListItem\",\"position\":1,\"name\":\"Home\",\"item\":\"https:\\\/\\\/favorite-news.com\\\/pl\\\/\"},{\"@type\":\"ListItem\",\"position\":2,\"name\":\"NBP ma raport o inflacji i PKB. Zak\u0142ada przywr\u00f3cenie pe\u0142nej aktywno\u015bci gospodarczej w ci\u0105gu roku\"}]},{\"@type\":\"WebSite\",\"@id\":\"https:\\\/\\\/favorite-news.com\\\/pl\\\/#website\",\"url\":\"https:\\\/\\\/favorite-news.com\\\/pl\\\/\",\"name\":\"Favorite News\",\"description\":\"Favorite News Polska\",\"potentialAction\":[{\"@type\":\"SearchAction\",\"target\":{\"@type\":\"EntryPoint\",\"urlTemplate\":\"https:\\\/\\\/favorite-news.com\\\/pl\\\/?s={search_term_string}\"},\"query-input\":{\"@type\":\"PropertyValueSpecification\",\"valueRequired\":true,\"valueName\":\"search_term_string\"}}],\"inLanguage\":\"pl-PL\"},{\"@type\":\"Person\",\"@id\":\"https:\\\/\\\/favorite-news.com\\\/pl\\\/#\\\/schema\\\/person\\\/b91573b717dcfa5e4696032a9d28d3e8\",\"name\":\"favorite-news\",\"image\":{\"@type\":\"ImageObject\",\"inLanguage\":\"pl-PL\",\"@id\":\"https:\\\/\\\/secure.gravatar.com\\\/avatar\\\/6c5a5cb12b74e9d517ee91cf570335b7d16177f1977cc91db161adfa435945a7?s=96&d=mm&r=g\",\"url\":\"https:\\\/\\\/secure.gravatar.com\\\/avatar\\\/6c5a5cb12b74e9d517ee91cf570335b7d16177f1977cc91db161adfa435945a7?s=96&d=mm&r=g\",\"contentUrl\":\"https:\\\/\\\/secure.gravatar.com\\\/avatar\\\/6c5a5cb12b74e9d517ee91cf570335b7d16177f1977cc91db161adfa435945a7?s=96&d=mm&r=g\",\"caption\":\"favorite-news\"},\"url\":\"https:\\\/\\\/favorite-news.com\\\/pl\\\/author\\\/pt\\\/\"}]}<\/script>\n<!-- \/ Yoast SEO plugin. -->","yoast_head_json":{"title":"NBP ma raport o inflacji i PKB. Zak\u0142ada przywr\u00f3cenie pe\u0142nej aktywno\u015bci gospodarczej w ci\u0105gu roku - Favorite News","robots":{"index":"index","follow":"follow","max-snippet":"max-snippet:-1","max-image-preview":"max-image-preview:large","max-video-preview":"max-video-preview:-1"},"canonical":"https:\/\/favorite-news.com\/pl\/nbp-ma-raport-o-inflacji-i-pkb-zaklada-przywrocenie-pelnej-aktywnosci-gospodarczej-w-ciagu-roku\/","og_locale":"pl_PL","og_type":"article","og_title":"NBP ma raport o inflacji i PKB. Zak\u0142ada przywr\u00f3cenie pe\u0142nej aktywno\u015bci gospodarczej w ci\u0105gu roku - Favorite News","og_description":"\u201cW przysz\u0142ym roku za\u0142o\u017cyli\u015bmy, \u017ce b\u0119d\u0105 mia\u0142y miejsce kolejne fazy luzowania ogranicze\u0144 i restrykcji. (&#8230;) Poszczeg\u00f3lne ograniczenia b\u0119d\u0105 mia\u0142y coraz mniejszy wp\u0142yw na aktywno\u015b\u0107 gospodarcz\u0105. Przyj\u0119li\u015bmy takie za\u0142o\u017cenie, \u017ce mniej wi\u0119cej w ci\u0105gu roku uda si\u0119 opanowa\u0107 skutki epidemii na tyle, \u017ceby dzia\u0142alno\u015b\u0107 gospodarcza mog\u0142a swobodnie odbi\u0107\u201d &#8211; powiedzia\u0142 Szpunar. Podkre\u015bli\u0142, \u017ce z powodu kolejnej [&hellip;]","og_url":"https:\/\/favorite-news.com\/pl\/nbp-ma-raport-o-inflacji-i-pkb-zaklada-przywrocenie-pelnej-aktywnosci-gospodarczej-w-ciagu-roku\/","og_site_name":"Favorite News","article_published_time":"2020-11-10T16:15:27+00:00","article_modified_time":"2020-11-10T16:15:29+00:00","og_image":[{"width":1000,"height":526,"url":"https:\/\/favorite-news.com\/pl\/wp-content\/uploads\/sites\/6\/2020\/11\/NBP-ma-raport-o-inflacji-i-PKB-Zaklada-przywrocenie-pelnej.jpg","type":"image\/jpeg"}],"author":"favorite-news","twitter_card":"summary_large_image","twitter_misc":{"Napisane przez":"favorite-news","Szacowany czas czytania":"1 minuta"},"schema":{"@context":"https:\/\/schema.org","@graph":[{"@type":"Article","@id":"https:\/\/favorite-news.com\/pl\/nbp-ma-raport-o-inflacji-i-pkb-zaklada-przywrocenie-pelnej-aktywnosci-gospodarczej-w-ciagu-roku\/#article","isPartOf":{"@id":"https:\/\/favorite-news.com\/pl\/nbp-ma-raport-o-inflacji-i-pkb-zaklada-przywrocenie-pelnej-aktywnosci-gospodarczej-w-ciagu-roku\/"},"author":{"name":"favorite-news","@id":"https:\/\/favorite-news.com\/pl\/#\/schema\/person\/b91573b717dcfa5e4696032a9d28d3e8"},"headline":"NBP ma raport o inflacji i PKB. Zak\u0142ada przywr\u00f3cenie pe\u0142nej aktywno\u015bci gospodarczej w ci\u0105gu roku","datePublished":"2020-11-10T16:15:27+00:00","dateModified":"2020-11-10T16:15:29+00:00","mainEntityOfPage":{"@id":"https:\/\/favorite-news.com\/pl\/nbp-ma-raport-o-inflacji-i-pkb-zaklada-przywrocenie-pelnej-aktywnosci-gospodarczej-w-ciagu-roku\/"},"wordCount":287,"commentCount":0,"image":{"@id":"https:\/\/favorite-news.com\/pl\/nbp-ma-raport-o-inflacji-i-pkb-zaklada-przywrocenie-pelnej-aktywnosci-gospodarczej-w-ciagu-roku\/#primaryimage"},"thumbnailUrl":"https:\/\/favorite-news.com\/pl\/wp-content\/uploads\/sites\/6\/2020\/11\/NBP-ma-raport-o-inflacji-i-PKB-Zaklada-przywrocenie-pelnej.jpg","articleSection":["WIADOMO\u015aCI FINANSOWE"],"inLanguage":"pl-PL","potentialAction":[{"@type":"CommentAction","name":"Comment","target":["https:\/\/favorite-news.com\/pl\/nbp-ma-raport-o-inflacji-i-pkb-zaklada-przywrocenie-pelnej-aktywnosci-gospodarczej-w-ciagu-roku\/#respond"]}]},{"@type":"WebPage","@id":"https:\/\/favorite-news.com\/pl\/nbp-ma-raport-o-inflacji-i-pkb-zaklada-przywrocenie-pelnej-aktywnosci-gospodarczej-w-ciagu-roku\/","url":"https:\/\/favorite-news.com\/pl\/nbp-ma-raport-o-inflacji-i-pkb-zaklada-przywrocenie-pelnej-aktywnosci-gospodarczej-w-ciagu-roku\/","name":"NBP ma raport o inflacji i PKB. Zak\u0142ada przywr\u00f3cenie pe\u0142nej aktywno\u015bci gospodarczej w ci\u0105gu roku - Favorite News","isPartOf":{"@id":"https:\/\/favorite-news.com\/pl\/#website"},"primaryImageOfPage":{"@id":"https:\/\/favorite-news.com\/pl\/nbp-ma-raport-o-inflacji-i-pkb-zaklada-przywrocenie-pelnej-aktywnosci-gospodarczej-w-ciagu-roku\/#primaryimage"},"image":{"@id":"https:\/\/favorite-news.com\/pl\/nbp-ma-raport-o-inflacji-i-pkb-zaklada-przywrocenie-pelnej-aktywnosci-gospodarczej-w-ciagu-roku\/#primaryimage"},"thumbnailUrl":"https:\/\/favorite-news.com\/pl\/wp-content\/uploads\/sites\/6\/2020\/11\/NBP-ma-raport-o-inflacji-i-PKB-Zaklada-przywrocenie-pelnej.jpg","datePublished":"2020-11-10T16:15:27+00:00","dateModified":"2020-11-10T16:15:29+00:00","author":{"@id":"https:\/\/favorite-news.com\/pl\/#\/schema\/person\/b91573b717dcfa5e4696032a9d28d3e8"},"breadcrumb":{"@id":"https:\/\/favorite-news.com\/pl\/nbp-ma-raport-o-inflacji-i-pkb-zaklada-przywrocenie-pelnej-aktywnosci-gospodarczej-w-ciagu-roku\/#breadcrumb"},"inLanguage":"pl-PL","potentialAction":[{"@type":"ReadAction","target":["https:\/\/favorite-news.com\/pl\/nbp-ma-raport-o-inflacji-i-pkb-zaklada-przywrocenie-pelnej-aktywnosci-gospodarczej-w-ciagu-roku\/"]}]},{"@type":"ImageObject","inLanguage":"pl-PL","@id":"https:\/\/favorite-news.com\/pl\/nbp-ma-raport-o-inflacji-i-pkb-zaklada-przywrocenie-pelnej-aktywnosci-gospodarczej-w-ciagu-roku\/#primaryimage","url":"https:\/\/favorite-news.com\/pl\/wp-content\/uploads\/sites\/6\/2020\/11\/NBP-ma-raport-o-inflacji-i-PKB-Zaklada-przywrocenie-pelnej.jpg","contentUrl":"https:\/\/favorite-news.com\/pl\/wp-content\/uploads\/sites\/6\/2020\/11\/NBP-ma-raport-o-inflacji-i-PKB-Zaklada-przywrocenie-pelnej.jpg","width":1000,"height":526,"caption":"NBP ma raport o inflacji i PKB. Zak\u0142ada przywr\u00f3cenie pe\u0142nej aktywno\u015bci gospodarczej w ci\u0105gu roku"},{"@type":"BreadcrumbList","@id":"https:\/\/favorite-news.com\/pl\/nbp-ma-raport-o-inflacji-i-pkb-zaklada-przywrocenie-pelnej-aktywnosci-gospodarczej-w-ciagu-roku\/#breadcrumb","itemListElement":[{"@type":"ListItem","position":1,"name":"Home","item":"https:\/\/favorite-news.com\/pl\/"},{"@type":"ListItem","position":2,"name":"NBP ma raport o inflacji i PKB. Zak\u0142ada przywr\u00f3cenie pe\u0142nej aktywno\u015bci gospodarczej w ci\u0105gu roku"}]},{"@type":"WebSite","@id":"https:\/\/favorite-news.com\/pl\/#website","url":"https:\/\/favorite-news.com\/pl\/","name":"Favorite News","description":"Favorite News Polska","potentialAction":[{"@type":"SearchAction","target":{"@type":"EntryPoint","urlTemplate":"https:\/\/favorite-news.com\/pl\/?s={search_term_string}"},"query-input":{"@type":"PropertyValueSpecification","valueRequired":true,"valueName":"search_term_string"}}],"inLanguage":"pl-PL"},{"@type":"Person","@id":"https:\/\/favorite-news.com\/pl\/#\/schema\/person\/b91573b717dcfa5e4696032a9d28d3e8","name":"favorite-news","image":{"@type":"ImageObject","inLanguage":"pl-PL","@id":"https:\/\/secure.gravatar.com\/avatar\/6c5a5cb12b74e9d517ee91cf570335b7d16177f1977cc91db161adfa435945a7?s=96&d=mm&r=g","url":"https:\/\/secure.gravatar.com\/avatar\/6c5a5cb12b74e9d517ee91cf570335b7d16177f1977cc91db161adfa435945a7?s=96&d=mm&r=g","contentUrl":"https:\/\/secure.gravatar.com\/avatar\/6c5a5cb12b74e9d517ee91cf570335b7d16177f1977cc91db161adfa435945a7?s=96&d=mm&r=g","caption":"favorite-news"},"url":"https:\/\/favorite-news.com\/pl\/author\/pt\/"}]}},"_links":{"self":[{"href":"https:\/\/favorite-news.com\/pl\/wp-json\/wp\/v2\/posts\/5224","targetHints":{"allow":["GET"]}}],"collection":[{"href":"https:\/\/favorite-news.com\/pl\/wp-json\/wp\/v2\/posts"}],"about":[{"href":"https:\/\/favorite-news.com\/pl\/wp-json\/wp\/v2\/types\/post"}],"author":[{"embeddable":true,"href":"https:\/\/favorite-news.com\/pl\/wp-json\/wp\/v2\/users\/2"}],"replies":[{"embeddable":true,"href":"https:\/\/favorite-news.com\/pl\/wp-json\/wp\/v2\/comments?post=5224"}],"version-history":[{"count":1,"href":"https:\/\/favorite-news.com\/pl\/wp-json\/wp\/v2\/posts\/5224\/revisions"}],"predecessor-version":[{"id":5226,"href":"https:\/\/favorite-news.com\/pl\/wp-json\/wp\/v2\/posts\/5224\/revisions\/5226"}],"wp:featuredmedia":[{"embeddable":true,"href":"https:\/\/favorite-news.com\/pl\/wp-json\/wp\/v2\/media\/5225"}],"wp:attachment":[{"href":"https:\/\/favorite-news.com\/pl\/wp-json\/wp\/v2\/media?parent=5224"}],"wp:term":[{"taxonomy":"category","embeddable":true,"href":"https:\/\/favorite-news.com\/pl\/wp-json\/wp\/v2\/categories?post=5224"},{"taxonomy":"post_tag","embeddable":true,"href":"https:\/\/favorite-news.com\/pl\/wp-json\/wp\/v2\/tags?post=5224"}],"curies":[{"name":"wp","href":"https:\/\/api.w.org\/{rel}","templated":true}]}}