{"id":5114,"date":"2020-09-24T20:06:07","date_gmt":"2020-09-24T17:06:07","guid":{"rendered":"https:\/\/favorite-news.com\/pl\/widzowie-wracaja-do-kin-frekwencja-najwyzsza-od-lockdownu-hitami-petla-vegi-i-sprawa-tomka-komendy\/"},"modified":"2020-09-25T16:32:50","modified_gmt":"2020-09-25T13:32:50","slug":"widzowie-wracaja-do-kin-frekwencja-najwyzsza-od-lockdownu-hitami-petla-vegi-i-sprawa-tomka-komendy","status":"publish","type":"post","link":"https:\/\/favorite-news.com\/pl\/widzowie-wracaja-do-kin-frekwencja-najwyzsza-od-lockdownu-hitami-petla-vegi-i-sprawa-tomka-komendy\/","title":{"rendered":"Widzowie wracaj\u0105 do kin. Frekwencja najwy\u017csza od lockdownu, hitami &#8222;P\u0119tla&#8221; Vegi i &#8222;Sprawa Tomka Komendy&#8221;"},"content":{"rendered":"<p>Kina w ca\u0142ej Polsce w wyniku pandemii koronawirusa musia\u0142y od marca zawiesi\u0107 dzia\u0142alno\u015b\u0107. Rz\u0105dowe obostrzenia zniesiono w czerwcu &#8211; z du\u017cych sieci kinowych jako pierwsze dzia\u0142alno\u015b\u0107 wznowi\u0142y Multikina. 19 czerwca ponownie zacz\u0119\u0142y dzia\u0142a\u0107 Multikino w Poznaniu, aglomeracji warszawskiej oraz w Zgorzelcu. 10 lipca br. dzia\u0142alno\u015b\u0107 wznowi\u0142y kina zlokalizowane w Krakowie, \u0141odzi, Szczecinie, Wroc\u0142awiu i Gda\u0144sku. 3 lipca otwarto ponownie wi\u0119kszo\u015b\u0107 kin sieci Helios (Agora). Dopiero 22 lipca dzia\u0142anie przywr\u00f3ci\u0142y kina sieci Cinema City. W czerwcu ponownie otworzy\u0142y si\u0119 tak\u017ce niekt\u00f3re ma\u0142e kina.&#13;<br \/>\n&#13;<br \/>\nNa \u0142amach Wirtualnemedia.pl pisali\u015bmy, \u017ce czerwcu tego roku kina w ca\u0142ej Polsce (wg serwisu boxoffice.pl) odwiedzi\u0142o jedynie 92 tysi\u0119cy widz\u00f3w, co prze\u0142o\u017cy\u0142o si\u0119 na 1,48 mln z\u0142 wp\u0142yw\u00f3w do kin. W obrocie w tym okresie by\u0142o tylko 51 tytu\u0142\u00f3w, a \u015brednia cena biletu wynios\u0142a 16,10 z\u0142. Dla por\u00f3wnania, w czerwcu 2020 kina przyci\u0105gn\u0119\u0142y 2,75 mln odwiedzaj\u0105cych.&#13;<br \/>\n&#13;<br \/>\nW lipcu natomiast polskie kina odwiedzi\u0142o oko\u0142o 532 740 widz\u00f3w, w por\u00f3wnaniu z liczb\u0105 4 861 647 os\u00f3b w tym samym miesi\u0105cu rok wcze\u015bniej. To spadek frekwencji kinowej rok do roku na poziomie 89,04 proc.<\/p>\n<p>Frekwencja w kinach ro\u015bnie&#13;<br \/>\n&#13;<br \/>\nJak wynika z najnowszych danych BoxOffice, polskie kina w miniony weekend (18-20 wrze\u015bnia) odwiedzi\u0142o prawie 300 tys. widz\u00f3w. To o 12 proc. wi\u0119cej ni\u017c w pierwszy weekend wrze\u015bnia i o 8 proc. wi\u0119cej ni\u017c w drugi.&#13;<br \/>\n&#13;<br \/>\n&#8211; Przyczyni\u0142y si\u0119 do tego ostatnie premiery &#8211; uwa\u017ca Mariusz Spisz, cz\u0142onek zarz\u0105du Multikina. W tej sieci w miniony weekend najch\u0119tniej wybierane tytu\u0142y to: \u201e25 lat niewinno\u015bci. Sprawa Tomka Komendy\u201d, \u201eMulan\u201d oraz \u201eP\u0119tla\u201d. &#8211; Du\u017cym zainteresowaniem cieszy\u0142y si\u0119 r\u00f3wnie\u017c przedpremierowe pokazy animacji \u201eTrolle 2\u201d, kt\u00f3re zagoszcz\u0105 w kinach 2 pa\u017adziernika br. i mog\u0105 by\u0107 jednym z najwa\u017cniejszych tytu\u0142\u00f3w nadchodz\u0105cego miesi\u0105ca &#8211; prognozuje Spisz.&#13;<\/p>\n<p>We wrze\u015bniu polscy widzowie stawiaj\u0105 na rodzime tytu\u0142y &#8211; najch\u0119tniej wybieraj\u0105 si\u0119 na seanse \u201eP\u0119tli\u201d czy \u201e25 lat niewinno\u015bci. Sprawa Tomka Komendy\u201d.&#13;<br \/>\n&#13;<br \/>\nW weekend premierowy \u201eP\u0119tl\u0119\u201d zobaczy\u0142o prawie 180 tys. widz\u00f3w (premiera 4 wrze\u015bnia). Po trzecim weekendzie od premiery film ma ju\u017c na swoim koncie prawie 450 tys. widz\u00f3w. Dzi\u0119ki temu najnowszy film Patryka Vegi ju\u017c dzi\u015b znalaz\u0142 si\u0119 na 7. miejscu w\u015br\u00f3d najch\u0119tniej ogl\u0105danych przez Polak\u00f3w film\u00f3w w 2020 roku.&#13;<br \/>\n&#13;<br \/>\n&#8211; Liczymy na to, \u017ce tytu\u0142y, kt\u00f3re ju\u017c s\u0105 w repertuarze oraz nowe premiery w najbli\u017cszych tygodniach przyci\u0105gn\u0105 do kin jeszcze wi\u0119cej widz\u00f3w. Frekwencja w kinach pod szyldem Multikino we wrze\u015bniu jest niemal\u017ce 2-krotnie wy\u017csza ni\u017c w sierpniu br., a przed nami jeszcze jeden wrze\u015bniowy weekend z premier\u0105 filmu \u201eJak najdalej st\u0105d\u201d re\u017cysera \u201eCichej nocy\u201d, drug\u0105 cz\u0119\u015bci\u0105 skierowanych do familijnej widowni \u201eTarapat\u00f3w\u201d oraz kolejnymi przedpremierowymi pokazami animacji \u201eTrolle 2\u201d. To mo\u017ce by\u0107 kolejny wzrostowy weekend &#8211; m\u00f3wi Mariusz Spisz.&#13;<\/p>\n<p>Repertuar nap\u0119dzi kinom frekwencj\u0119&#13;<br \/>\n&#13;<br \/>\nJak wyja\u015bnia w rozmowie z Wirtualnemedia.pl Mariusz Spisz z Multikina, w najbli\u017cszych miesi\u0105cach b\u0119dziemy mogli spodziewa\u0107 si\u0119 coraz wi\u0119kszej liczy widz\u00f3w na salach kinowych, a to za spraw\u0105 nadchodz\u0105cych, d\u0142ugo wyczekiwanych premier.&#13;<br \/>\n&#13;<br \/>\n&#8211; W pa\u017adzierniku wa\u017cnymi tytu\u0142ami, kt\u00f3re b\u0119d\u0105 mia\u0142y wp\u0142yw na liczb\u0119 widz\u00f3w w kinach s\u0105 \u201eTrolle 2\u201d, \u201eJak zosta\u0107 gwiazd\u0105\u201d oraz \u201eTajemniczy ogr\u00f3d\u201d. Ale to nie wszystko &#8211; najwi\u0119ksze jesienne premiery czekaj\u0105 na widz\u00f3w w listopadzie &#8211; to wtedy na wielkim ekranie zago\u015bci Daniel Craig w najnowszym filmie o przygodach agenta 007 \u201eNie czas umiera\u0107\u201d oraz\u2026Tomasz Karolak w 4 cz\u0119\u015bci \u201eList\u00f3w do M\u201d &#8211; analizuje Mariusz Spisz.&#13;<br \/>\n&#13;<br \/>\nZdaniem cz\u0142onka zarz\u0105du sieci Multikino, frekwencja w kinach mo\u017ce wr\u00f3ci\u0107 do stanu sprzed lockdownu tylko dzi\u0119ki repertuarom skomponowanym pod gusta jak najszerszej widowni. To natomiast zale\u017cy mi\u0119dzy innymi od sytuacji za oceanem.&#13;<br \/>\n&#13;<br \/>\n&#8211; Odpowiedni mix polskich film\u00f3w, wielkich hollywoodzkich superprodukcji oraz ambitnego kina europejskiego jest niezb\u0119dny, aby frekwencja zacz\u0119\u0142a wraca\u0107 do poziom\u00f3w sprzed lockdown\u2019u. W chwili obecnej, g\u0142\u00f3wnie za spraw\u0105 sytuacji z USA premiery kilku du\u017cych film\u00f3w hollywoodzkich zosta\u0142y przesuni\u0119te na ko\u0144c\u00f3wk\u0119 roku czy wr\u0119cz na rok 2021. Wystarczy spojrze\u0107, jak zmienia\u0142 si\u0119 termin kinowej premiery \u201eWonder Woman 1984\u201d &#8211; z czerwca premier\u0119 przeniesiono na sierpie\u0144, nast\u0119pnie na pa\u017adziernik, a w tej chwili jest zaplanowana na 25 grudnia br. &#8211; wskazuje Mariusz Spisz.&#13;<br \/>\n&#13;<br \/>\n&#8211; Dopiero, kiedy ustabilizuje si\u0119 repertuar filmowy, na ekranach kin obok du\u017cych polskich film\u00f3w pojawi\u0105 si\u0119 ameryka\u0144skie blockbustery b\u0119dziemy mogli z wi\u0119ksz\u0105 doz\u0105 prawdopodobie\u0144stwa odpowiedzie\u0107 na pytanie kiedy frekwencja kinowa wr\u00f3ci do poziom\u00f3w sprzed pandemii &#8211; dodaje ekspert.&#13;<\/p>\n<p>\n<!--noindex--><br \/>\n<a href=\"https:\/\/www.wirtualnemedia.pl\/artykul\/widzowie-wracaja-do-kin-frekwencja-najwyzsza-od-lockdownu-hitami-petla-vegi-i-sprawa-tomka-komendy\" rel=\"nofollow\">Source link <\/a><br \/>\n<!--\/noindex--><\/p>\n","protected":false},"excerpt":{"rendered":"<p>Kina w ca\u0142ej Polsce w wyniku pandemii koronawirusa musia\u0142y od marca zawiesi\u0107 dzia\u0142alno\u015b\u0107. Rz\u0105dowe obostrzenia zniesiono w czerwcu &#8211; z du\u017cych sieci kinowych jako pierwsze dzia\u0142alno\u015b\u0107 wznowi\u0142y Multikina. 19 czerwca ponownie zacz\u0119\u0142y dzia\u0142a\u0107 Multikino w Poznaniu, aglomeracji warszawskiej oraz w Zgorzelcu. 10 lipca br. dzia\u0142alno\u015b\u0107 wznowi\u0142y kina zlokalizowane w Krakowie, \u0141odzi, Szczecinie, Wroc\u0142awiu i Gda\u0144sku. [&hellip;]<\/p>\n","protected":false},"author":2,"featured_media":5115,"comment_status":"open","ping_status":"open","sticky":false,"template":"","format":"standard","meta":{"footnotes":""},"categories":[2],"tags":[],"class_list":["post-5114","post","type-post","status-publish","format-standard","has-post-thumbnail","hentry","category-wiadomosci-marketingowe-internetowe"],"yoast_head":"<!-- This site is optimized with the Yoast SEO plugin v27.4 - https:\/\/yoast.com\/product\/yoast-seo-wordpress\/ -->\n<title>Widzowie wracaj\u0105 do kin. Frekwencja najwy\u017csza od lockdownu, hitami &quot;P\u0119tla&quot; Vegi i &quot;Sprawa Tomka Komendy&quot; - Favorite News<\/title>\n<meta name=\"robots\" content=\"index, follow, max-snippet:-1, max-image-preview:large, max-video-preview:-1\" \/>\n<link rel=\"canonical\" href=\"https:\/\/favorite-news.com\/pl\/widzowie-wracaja-do-kin-frekwencja-najwyzsza-od-lockdownu-hitami-petla-vegi-i-sprawa-tomka-komendy\/\" \/>\n<meta property=\"og:locale\" content=\"pl_PL\" \/>\n<meta property=\"og:type\" content=\"article\" \/>\n<meta property=\"og:title\" content=\"Widzowie wracaj\u0105 do kin. Frekwencja najwy\u017csza od lockdownu, hitami &quot;P\u0119tla&quot; Vegi i &quot;Sprawa Tomka Komendy&quot; - Favorite News\" \/>\n<meta property=\"og:description\" content=\"Kina w ca\u0142ej Polsce w wyniku pandemii koronawirusa musia\u0142y od marca zawiesi\u0107 dzia\u0142alno\u015b\u0107. Rz\u0105dowe obostrzenia zniesiono w czerwcu &#8211; z du\u017cych sieci kinowych jako pierwsze dzia\u0142alno\u015b\u0107 wznowi\u0142y Multikina. 19 czerwca ponownie zacz\u0119\u0142y dzia\u0142a\u0107 Multikino w Poznaniu, aglomeracji warszawskiej oraz w Zgorzelcu. 10 lipca br. dzia\u0142alno\u015b\u0107 wznowi\u0142y kina zlokalizowane w Krakowie, \u0141odzi, Szczecinie, Wroc\u0142awiu i Gda\u0144sku. [&hellip;]\" \/>\n<meta property=\"og:url\" content=\"https:\/\/favorite-news.com\/pl\/widzowie-wracaja-do-kin-frekwencja-najwyzsza-od-lockdownu-hitami-petla-vegi-i-sprawa-tomka-komendy\/\" \/>\n<meta property=\"og:site_name\" content=\"Favorite News\" \/>\n<meta property=\"article:published_time\" content=\"2020-09-24T17:06:07+00:00\" \/>\n<meta property=\"article:modified_time\" content=\"2020-09-25T13:32:50+00:00\" \/>\n<meta property=\"og:image\" content=\"https:\/\/favorite-news.com\/pl\/wp-content\/uploads\/sites\/6\/2020\/09\/Widzowie-wracaj\u0105-do-kin.-Frekwencja-najwy\u017csza-od-lockdownu-hitami-P\u0119tla.jpg\" \/>\n\t<meta property=\"og:image:width\" content=\"655\" \/>\n\t<meta property=\"og:image:height\" content=\"437\" \/>\n\t<meta property=\"og:image:type\" content=\"image\/jpeg\" \/>\n<meta name=\"author\" content=\"favorite-news\" \/>\n<meta name=\"twitter:card\" content=\"summary_large_image\" \/>\n<meta name=\"twitter:label1\" content=\"Napisane przez\" \/>\n\t<meta name=\"twitter:data1\" content=\"favorite-news\" \/>\n\t<meta name=\"twitter:label2\" content=\"Szacowany czas czytania\" \/>\n\t<meta name=\"twitter:data2\" content=\"4 minuty\" \/>\n<script type=\"application\/ld+json\" class=\"yoast-schema-graph\">{\"@context\":\"https:\\\/\\\/schema.org\",\"@graph\":[{\"@type\":\"Article\",\"@id\":\"https:\\\/\\\/favorite-news.com\\\/pl\\\/widzowie-wracaja-do-kin-frekwencja-najwyzsza-od-lockdownu-hitami-petla-vegi-i-sprawa-tomka-komendy\\\/#article\",\"isPartOf\":{\"@id\":\"https:\\\/\\\/favorite-news.com\\\/pl\\\/widzowie-wracaja-do-kin-frekwencja-najwyzsza-od-lockdownu-hitami-petla-vegi-i-sprawa-tomka-komendy\\\/\"},\"author\":{\"name\":\"favorite-news\",\"@id\":\"https:\\\/\\\/favorite-news.com\\\/pl\\\/#\\\/schema\\\/person\\\/b91573b717dcfa5e4696032a9d28d3e8\"},\"headline\":\"Widzowie wracaj\u0105 do kin. Frekwencja najwy\u017csza od lockdownu, hitami &#8222;P\u0119tla&#8221; Vegi i &#8222;Sprawa Tomka Komendy&#8221;\",\"datePublished\":\"2020-09-24T17:06:07+00:00\",\"dateModified\":\"2020-09-25T13:32:50+00:00\",\"mainEntityOfPage\":{\"@id\":\"https:\\\/\\\/favorite-news.com\\\/pl\\\/widzowie-wracaja-do-kin-frekwencja-najwyzsza-od-lockdownu-hitami-petla-vegi-i-sprawa-tomka-komendy\\\/\"},\"wordCount\":823,\"commentCount\":0,\"image\":{\"@id\":\"https:\\\/\\\/favorite-news.com\\\/pl\\\/widzowie-wracaja-do-kin-frekwencja-najwyzsza-od-lockdownu-hitami-petla-vegi-i-sprawa-tomka-komendy\\\/#primaryimage\"},\"thumbnailUrl\":\"https:\\\/\\\/favorite-news.com\\\/pl\\\/wp-content\\\/uploads\\\/sites\\\/6\\\/2020\\\/09\\\/Widzowie-wracaj\u0105-do-kin.-Frekwencja-najwy\u017csza-od-lockdownu-hitami-P\u0119tla.jpg\",\"articleSection\":[\"WIADOMO\u015aCI MARKETINGOWE INTERNETOWE\"],\"inLanguage\":\"pl-PL\",\"potentialAction\":[{\"@type\":\"CommentAction\",\"name\":\"Comment\",\"target\":[\"https:\\\/\\\/favorite-news.com\\\/pl\\\/widzowie-wracaja-do-kin-frekwencja-najwyzsza-od-lockdownu-hitami-petla-vegi-i-sprawa-tomka-komendy\\\/#respond\"]}]},{\"@type\":\"WebPage\",\"@id\":\"https:\\\/\\\/favorite-news.com\\\/pl\\\/widzowie-wracaja-do-kin-frekwencja-najwyzsza-od-lockdownu-hitami-petla-vegi-i-sprawa-tomka-komendy\\\/\",\"url\":\"https:\\\/\\\/favorite-news.com\\\/pl\\\/widzowie-wracaja-do-kin-frekwencja-najwyzsza-od-lockdownu-hitami-petla-vegi-i-sprawa-tomka-komendy\\\/\",\"name\":\"Widzowie wracaj\u0105 do kin. Frekwencja najwy\u017csza od lockdownu, hitami \\\"P\u0119tla\\\" Vegi i \\\"Sprawa Tomka Komendy\\\" - Favorite News\",\"isPartOf\":{\"@id\":\"https:\\\/\\\/favorite-news.com\\\/pl\\\/#website\"},\"primaryImageOfPage\":{\"@id\":\"https:\\\/\\\/favorite-news.com\\\/pl\\\/widzowie-wracaja-do-kin-frekwencja-najwyzsza-od-lockdownu-hitami-petla-vegi-i-sprawa-tomka-komendy\\\/#primaryimage\"},\"image\":{\"@id\":\"https:\\\/\\\/favorite-news.com\\\/pl\\\/widzowie-wracaja-do-kin-frekwencja-najwyzsza-od-lockdownu-hitami-petla-vegi-i-sprawa-tomka-komendy\\\/#primaryimage\"},\"thumbnailUrl\":\"https:\\\/\\\/favorite-news.com\\\/pl\\\/wp-content\\\/uploads\\\/sites\\\/6\\\/2020\\\/09\\\/Widzowie-wracaj\u0105-do-kin.-Frekwencja-najwy\u017csza-od-lockdownu-hitami-P\u0119tla.jpg\",\"datePublished\":\"2020-09-24T17:06:07+00:00\",\"dateModified\":\"2020-09-25T13:32:50+00:00\",\"author\":{\"@id\":\"https:\\\/\\\/favorite-news.com\\\/pl\\\/#\\\/schema\\\/person\\\/b91573b717dcfa5e4696032a9d28d3e8\"},\"breadcrumb\":{\"@id\":\"https:\\\/\\\/favorite-news.com\\\/pl\\\/widzowie-wracaja-do-kin-frekwencja-najwyzsza-od-lockdownu-hitami-petla-vegi-i-sprawa-tomka-komendy\\\/#breadcrumb\"},\"inLanguage\":\"pl-PL\",\"potentialAction\":[{\"@type\":\"ReadAction\",\"target\":[\"https:\\\/\\\/favorite-news.com\\\/pl\\\/widzowie-wracaja-do-kin-frekwencja-najwyzsza-od-lockdownu-hitami-petla-vegi-i-sprawa-tomka-komendy\\\/\"]}]},{\"@type\":\"ImageObject\",\"inLanguage\":\"pl-PL\",\"@id\":\"https:\\\/\\\/favorite-news.com\\\/pl\\\/widzowie-wracaja-do-kin-frekwencja-najwyzsza-od-lockdownu-hitami-petla-vegi-i-sprawa-tomka-komendy\\\/#primaryimage\",\"url\":\"https:\\\/\\\/favorite-news.com\\\/pl\\\/wp-content\\\/uploads\\\/sites\\\/6\\\/2020\\\/09\\\/Widzowie-wracaj\u0105-do-kin.-Frekwencja-najwy\u017csza-od-lockdownu-hitami-P\u0119tla.jpg\",\"contentUrl\":\"https:\\\/\\\/favorite-news.com\\\/pl\\\/wp-content\\\/uploads\\\/sites\\\/6\\\/2020\\\/09\\\/Widzowie-wracaj\u0105-do-kin.-Frekwencja-najwy\u017csza-od-lockdownu-hitami-P\u0119tla.jpg\",\"width\":655,\"height\":437,\"caption\":\"Article\"},{\"@type\":\"BreadcrumbList\",\"@id\":\"https:\\\/\\\/favorite-news.com\\\/pl\\\/widzowie-wracaja-do-kin-frekwencja-najwyzsza-od-lockdownu-hitami-petla-vegi-i-sprawa-tomka-komendy\\\/#breadcrumb\",\"itemListElement\":[{\"@type\":\"ListItem\",\"position\":1,\"name\":\"Home\",\"item\":\"https:\\\/\\\/favorite-news.com\\\/pl\\\/\"},{\"@type\":\"ListItem\",\"position\":2,\"name\":\"Widzowie wracaj\u0105 do kin. Frekwencja najwy\u017csza od lockdownu, hitami &#8222;P\u0119tla&#8221; Vegi i &#8222;Sprawa Tomka Komendy&#8221;\"}]},{\"@type\":\"WebSite\",\"@id\":\"https:\\\/\\\/favorite-news.com\\\/pl\\\/#website\",\"url\":\"https:\\\/\\\/favorite-news.com\\\/pl\\\/\",\"name\":\"Favorite News\",\"description\":\"Favorite News Polska\",\"potentialAction\":[{\"@type\":\"SearchAction\",\"target\":{\"@type\":\"EntryPoint\",\"urlTemplate\":\"https:\\\/\\\/favorite-news.com\\\/pl\\\/?s={search_term_string}\"},\"query-input\":{\"@type\":\"PropertyValueSpecification\",\"valueRequired\":true,\"valueName\":\"search_term_string\"}}],\"inLanguage\":\"pl-PL\"},{\"@type\":\"Person\",\"@id\":\"https:\\\/\\\/favorite-news.com\\\/pl\\\/#\\\/schema\\\/person\\\/b91573b717dcfa5e4696032a9d28d3e8\",\"name\":\"favorite-news\",\"image\":{\"@type\":\"ImageObject\",\"inLanguage\":\"pl-PL\",\"@id\":\"https:\\\/\\\/secure.gravatar.com\\\/avatar\\\/6c5a5cb12b74e9d517ee91cf570335b7d16177f1977cc91db161adfa435945a7?s=96&d=mm&r=g\",\"url\":\"https:\\\/\\\/secure.gravatar.com\\\/avatar\\\/6c5a5cb12b74e9d517ee91cf570335b7d16177f1977cc91db161adfa435945a7?s=96&d=mm&r=g\",\"contentUrl\":\"https:\\\/\\\/secure.gravatar.com\\\/avatar\\\/6c5a5cb12b74e9d517ee91cf570335b7d16177f1977cc91db161adfa435945a7?s=96&d=mm&r=g\",\"caption\":\"favorite-news\"},\"url\":\"https:\\\/\\\/favorite-news.com\\\/pl\\\/author\\\/pt\\\/\"}]}<\/script>\n<!-- \/ Yoast SEO plugin. -->","yoast_head_json":{"title":"Widzowie wracaj\u0105 do kin. Frekwencja najwy\u017csza od lockdownu, hitami \"P\u0119tla\" Vegi i \"Sprawa Tomka Komendy\" - Favorite News","robots":{"index":"index","follow":"follow","max-snippet":"max-snippet:-1","max-image-preview":"max-image-preview:large","max-video-preview":"max-video-preview:-1"},"canonical":"https:\/\/favorite-news.com\/pl\/widzowie-wracaja-do-kin-frekwencja-najwyzsza-od-lockdownu-hitami-petla-vegi-i-sprawa-tomka-komendy\/","og_locale":"pl_PL","og_type":"article","og_title":"Widzowie wracaj\u0105 do kin. Frekwencja najwy\u017csza od lockdownu, hitami \"P\u0119tla\" Vegi i \"Sprawa Tomka Komendy\" - Favorite News","og_description":"Kina w ca\u0142ej Polsce w wyniku pandemii koronawirusa musia\u0142y od marca zawiesi\u0107 dzia\u0142alno\u015b\u0107. Rz\u0105dowe obostrzenia zniesiono w czerwcu &#8211; z du\u017cych sieci kinowych jako pierwsze dzia\u0142alno\u015b\u0107 wznowi\u0142y Multikina. 19 czerwca ponownie zacz\u0119\u0142y dzia\u0142a\u0107 Multikino w Poznaniu, aglomeracji warszawskiej oraz w Zgorzelcu. 10 lipca br. dzia\u0142alno\u015b\u0107 wznowi\u0142y kina zlokalizowane w Krakowie, \u0141odzi, Szczecinie, Wroc\u0142awiu i Gda\u0144sku. [&hellip;]","og_url":"https:\/\/favorite-news.com\/pl\/widzowie-wracaja-do-kin-frekwencja-najwyzsza-od-lockdownu-hitami-petla-vegi-i-sprawa-tomka-komendy\/","og_site_name":"Favorite News","article_published_time":"2020-09-24T17:06:07+00:00","article_modified_time":"2020-09-25T13:32:50+00:00","og_image":[{"width":655,"height":437,"url":"https:\/\/favorite-news.com\/pl\/wp-content\/uploads\/sites\/6\/2020\/09\/Widzowie-wracaj\u0105-do-kin.-Frekwencja-najwy\u017csza-od-lockdownu-hitami-P\u0119tla.jpg","type":"image\/jpeg"}],"author":"favorite-news","twitter_card":"summary_large_image","twitter_misc":{"Napisane przez":"favorite-news","Szacowany czas czytania":"4 minuty"},"schema":{"@context":"https:\/\/schema.org","@graph":[{"@type":"Article","@id":"https:\/\/favorite-news.com\/pl\/widzowie-wracaja-do-kin-frekwencja-najwyzsza-od-lockdownu-hitami-petla-vegi-i-sprawa-tomka-komendy\/#article","isPartOf":{"@id":"https:\/\/favorite-news.com\/pl\/widzowie-wracaja-do-kin-frekwencja-najwyzsza-od-lockdownu-hitami-petla-vegi-i-sprawa-tomka-komendy\/"},"author":{"name":"favorite-news","@id":"https:\/\/favorite-news.com\/pl\/#\/schema\/person\/b91573b717dcfa5e4696032a9d28d3e8"},"headline":"Widzowie wracaj\u0105 do kin. Frekwencja najwy\u017csza od lockdownu, hitami &#8222;P\u0119tla&#8221; Vegi i &#8222;Sprawa Tomka Komendy&#8221;","datePublished":"2020-09-24T17:06:07+00:00","dateModified":"2020-09-25T13:32:50+00:00","mainEntityOfPage":{"@id":"https:\/\/favorite-news.com\/pl\/widzowie-wracaja-do-kin-frekwencja-najwyzsza-od-lockdownu-hitami-petla-vegi-i-sprawa-tomka-komendy\/"},"wordCount":823,"commentCount":0,"image":{"@id":"https:\/\/favorite-news.com\/pl\/widzowie-wracaja-do-kin-frekwencja-najwyzsza-od-lockdownu-hitami-petla-vegi-i-sprawa-tomka-komendy\/#primaryimage"},"thumbnailUrl":"https:\/\/favorite-news.com\/pl\/wp-content\/uploads\/sites\/6\/2020\/09\/Widzowie-wracaj\u0105-do-kin.-Frekwencja-najwy\u017csza-od-lockdownu-hitami-P\u0119tla.jpg","articleSection":["WIADOMO\u015aCI MARKETINGOWE INTERNETOWE"],"inLanguage":"pl-PL","potentialAction":[{"@type":"CommentAction","name":"Comment","target":["https:\/\/favorite-news.com\/pl\/widzowie-wracaja-do-kin-frekwencja-najwyzsza-od-lockdownu-hitami-petla-vegi-i-sprawa-tomka-komendy\/#respond"]}]},{"@type":"WebPage","@id":"https:\/\/favorite-news.com\/pl\/widzowie-wracaja-do-kin-frekwencja-najwyzsza-od-lockdownu-hitami-petla-vegi-i-sprawa-tomka-komendy\/","url":"https:\/\/favorite-news.com\/pl\/widzowie-wracaja-do-kin-frekwencja-najwyzsza-od-lockdownu-hitami-petla-vegi-i-sprawa-tomka-komendy\/","name":"Widzowie wracaj\u0105 do kin. Frekwencja najwy\u017csza od lockdownu, hitami \"P\u0119tla\" Vegi i \"Sprawa Tomka Komendy\" - Favorite News","isPartOf":{"@id":"https:\/\/favorite-news.com\/pl\/#website"},"primaryImageOfPage":{"@id":"https:\/\/favorite-news.com\/pl\/widzowie-wracaja-do-kin-frekwencja-najwyzsza-od-lockdownu-hitami-petla-vegi-i-sprawa-tomka-komendy\/#primaryimage"},"image":{"@id":"https:\/\/favorite-news.com\/pl\/widzowie-wracaja-do-kin-frekwencja-najwyzsza-od-lockdownu-hitami-petla-vegi-i-sprawa-tomka-komendy\/#primaryimage"},"thumbnailUrl":"https:\/\/favorite-news.com\/pl\/wp-content\/uploads\/sites\/6\/2020\/09\/Widzowie-wracaj\u0105-do-kin.-Frekwencja-najwy\u017csza-od-lockdownu-hitami-P\u0119tla.jpg","datePublished":"2020-09-24T17:06:07+00:00","dateModified":"2020-09-25T13:32:50+00:00","author":{"@id":"https:\/\/favorite-news.com\/pl\/#\/schema\/person\/b91573b717dcfa5e4696032a9d28d3e8"},"breadcrumb":{"@id":"https:\/\/favorite-news.com\/pl\/widzowie-wracaja-do-kin-frekwencja-najwyzsza-od-lockdownu-hitami-petla-vegi-i-sprawa-tomka-komendy\/#breadcrumb"},"inLanguage":"pl-PL","potentialAction":[{"@type":"ReadAction","target":["https:\/\/favorite-news.com\/pl\/widzowie-wracaja-do-kin-frekwencja-najwyzsza-od-lockdownu-hitami-petla-vegi-i-sprawa-tomka-komendy\/"]}]},{"@type":"ImageObject","inLanguage":"pl-PL","@id":"https:\/\/favorite-news.com\/pl\/widzowie-wracaja-do-kin-frekwencja-najwyzsza-od-lockdownu-hitami-petla-vegi-i-sprawa-tomka-komendy\/#primaryimage","url":"https:\/\/favorite-news.com\/pl\/wp-content\/uploads\/sites\/6\/2020\/09\/Widzowie-wracaj\u0105-do-kin.-Frekwencja-najwy\u017csza-od-lockdownu-hitami-P\u0119tla.jpg","contentUrl":"https:\/\/favorite-news.com\/pl\/wp-content\/uploads\/sites\/6\/2020\/09\/Widzowie-wracaj\u0105-do-kin.-Frekwencja-najwy\u017csza-od-lockdownu-hitami-P\u0119tla.jpg","width":655,"height":437,"caption":"Article"},{"@type":"BreadcrumbList","@id":"https:\/\/favorite-news.com\/pl\/widzowie-wracaja-do-kin-frekwencja-najwyzsza-od-lockdownu-hitami-petla-vegi-i-sprawa-tomka-komendy\/#breadcrumb","itemListElement":[{"@type":"ListItem","position":1,"name":"Home","item":"https:\/\/favorite-news.com\/pl\/"},{"@type":"ListItem","position":2,"name":"Widzowie wracaj\u0105 do kin. Frekwencja najwy\u017csza od lockdownu, hitami &#8222;P\u0119tla&#8221; Vegi i &#8222;Sprawa Tomka Komendy&#8221;"}]},{"@type":"WebSite","@id":"https:\/\/favorite-news.com\/pl\/#website","url":"https:\/\/favorite-news.com\/pl\/","name":"Favorite News","description":"Favorite News Polska","potentialAction":[{"@type":"SearchAction","target":{"@type":"EntryPoint","urlTemplate":"https:\/\/favorite-news.com\/pl\/?s={search_term_string}"},"query-input":{"@type":"PropertyValueSpecification","valueRequired":true,"valueName":"search_term_string"}}],"inLanguage":"pl-PL"},{"@type":"Person","@id":"https:\/\/favorite-news.com\/pl\/#\/schema\/person\/b91573b717dcfa5e4696032a9d28d3e8","name":"favorite-news","image":{"@type":"ImageObject","inLanguage":"pl-PL","@id":"https:\/\/secure.gravatar.com\/avatar\/6c5a5cb12b74e9d517ee91cf570335b7d16177f1977cc91db161adfa435945a7?s=96&d=mm&r=g","url":"https:\/\/secure.gravatar.com\/avatar\/6c5a5cb12b74e9d517ee91cf570335b7d16177f1977cc91db161adfa435945a7?s=96&d=mm&r=g","contentUrl":"https:\/\/secure.gravatar.com\/avatar\/6c5a5cb12b74e9d517ee91cf570335b7d16177f1977cc91db161adfa435945a7?s=96&d=mm&r=g","caption":"favorite-news"},"url":"https:\/\/favorite-news.com\/pl\/author\/pt\/"}]}},"_links":{"self":[{"href":"https:\/\/favorite-news.com\/pl\/wp-json\/wp\/v2\/posts\/5114","targetHints":{"allow":["GET"]}}],"collection":[{"href":"https:\/\/favorite-news.com\/pl\/wp-json\/wp\/v2\/posts"}],"about":[{"href":"https:\/\/favorite-news.com\/pl\/wp-json\/wp\/v2\/types\/post"}],"author":[{"embeddable":true,"href":"https:\/\/favorite-news.com\/pl\/wp-json\/wp\/v2\/users\/2"}],"replies":[{"embeddable":true,"href":"https:\/\/favorite-news.com\/pl\/wp-json\/wp\/v2\/comments?post=5114"}],"version-history":[{"count":3,"href":"https:\/\/favorite-news.com\/pl\/wp-json\/wp\/v2\/posts\/5114\/revisions"}],"predecessor-version":[{"id":5118,"href":"https:\/\/favorite-news.com\/pl\/wp-json\/wp\/v2\/posts\/5114\/revisions\/5118"}],"wp:featuredmedia":[{"embeddable":true,"href":"https:\/\/favorite-news.com\/pl\/wp-json\/wp\/v2\/media\/5115"}],"wp:attachment":[{"href":"https:\/\/favorite-news.com\/pl\/wp-json\/wp\/v2\/media?parent=5114"}],"wp:term":[{"taxonomy":"category","embeddable":true,"href":"https:\/\/favorite-news.com\/pl\/wp-json\/wp\/v2\/categories?post=5114"},{"taxonomy":"post_tag","embeddable":true,"href":"https:\/\/favorite-news.com\/pl\/wp-json\/wp\/v2\/tags?post=5114"}],"curies":[{"name":"wp","href":"https:\/\/api.w.org\/{rel}","templated":true}]}}