{"id":5106,"date":"2020-09-21T13:54:19","date_gmt":"2020-09-21T10:54:19","guid":{"rendered":"https:\/\/favorite-news.com\/pl\/agencja-obslugujaca-profil-facebookowy-przeprasza-za-polubienie-wpisu-wepchanych-na-sile-murzynow-i-lgbt\/"},"modified":"2020-09-25T16:33:34","modified_gmt":"2020-09-25T13:33:34","slug":"agencja-obslugujaca-profil-facebookowy-przeprasza-za-polubienie-wpisu-wepchanych-na-sile-murzynow-i-lgbt","status":"publish","type":"post","link":"https:\/\/favorite-news.com\/pl\/agencja-obslugujaca-profil-facebookowy-przeprasza-za-polubienie-wpisu-wepchanych-na-sile-murzynow-i-lgbt\/","title":{"rendered":"agencja obs\u0142uguj\u0105ca profil facebookowy przeprasza za polubienie wpisu \u201ewepchanych na si\u0142\u0119 murzyn\u00f3w i lgbt\u201d"},"content":{"rendered":"<p>W ostatnich dniach na fanpage\u2019u Disney Polska zamieszczono kilka wpis\u00f3w promuj\u0105cych film \u201eMulan\u201d, kt\u00f3ry trafi\u0142 niedawno globalnie do dystrybucji kinowej. Pod jednym z nich pojawi\u0142 si\u0119 komentarz, w kt\u00f3rym internautka wyliczy\u0142a, co spodoba\u0142o jej si\u0119 w filmie. &#8211; Bardzo mi\u0142o obejrze\u0107 film w kt\u00f3rym nie ma wepchanych na si\u0142\u0119 murzyn\u00f3w i lgbt ;))) &#8211; zaznaczy\u0142a w kolejnym zdaniu.&#13;<\/p>\n<p>Disney w odpowiedzi doda\u0142 emotikon z serduszkiem. Administratorzy fanpage\u2019a cz\u0119sto r\u00f3\u017cnymi emotikonami odpowiadaj\u0105 na wpisy internaut\u00f3w.<\/p>\n<p>Niekt\u00f3rzy internauci skrytykowali to, \u017ce Disney wyrazi\u0142 aprobat\u0119 dla wpisu ze zdaniem o braku \u201ewepchanych na si\u0142\u0119 murzyn\u00f3w i lgbt\u201d. Pojawi\u0142y si\u0119 zarzuty ksenofobii i opinie, \u017ce ta sytuacja jest mocno niekorzystna dla firmy.&#13;<br \/>\n&#13;<br \/>\nW odpowiedzi na wiadomo\u015bci prywatne w takimi ocenami Disney przeprasza\u0142 za wpis z serduszkiem. &#8211; Komentarz, kt\u00f3ry zosta\u0142 opublikowany jako nasza odpowied\u017a na opini\u0119 jednej z u\u017cytkowniczek zawieraj\u0105c\u0105 tre\u015bci, kt\u00f3re The Walt Disney Company uznaje za niedopuszczalne, nie powinien by\u0142 si\u0119 pojawi\u0107 i jest wynikiem b\u0142\u0119du ludzkiego pracownika agencji WebTalk, kt\u00f3ra odpowiada za prowadzenie profilu Disney Polska &#8211; informowa\u0142a firma<\/p>\n<p>Agencja WebTalk w swoim o\u015bwiadczeniu stwierdzi\u0142a, \u017ce wpis internautki by\u0142 \u201esprzeczny z warto\u015bciami prezentowanymi przez The Walt Disney Company\u201d oraz \u201ewyra\u017ca\u0142 pogl\u0105dy homofobiczne i rasistowskie\u201d.&#13;<br \/>\n&#13;<br \/>\n&#8211; Z przykro\u015bci\u0105 informujemy, \u017ce pracownik agencji WebTalk, kt\u00f3ry odpowiada za moderacj\u0119 na kanale Disney Polska, odpowiedzia\u0142 w nieodpowiedni spos\u00f3b, sugeruj\u0105cy, i\u017c zgadzamy si\u0119 z autork\u0105 komentarza. Z ca\u0142\u0105 stanowczo\u015bci\u0105 informujemy, \u017ce odpowied\u017a, kt\u00f3ra si\u0119 pojawi\u0142a w \u017caden spos\u00f3b nie wyra\u017ca pogl\u0105d\u00f3w The Walt Disney Company ani agencji WebTalk i wynika jedynie z zaniedbania pracownika naszej agencji, kt\u00f3ry nie zapozna\u0142 si\u0119 z ca\u0142o\u015bci\u0105 wpisu i zignorowa\u0142 procedury wewn\u0105trzfirmowe &#8211; napisa\u0142a agencja.&#13;<br \/>\n&#13;<br \/>\n&#8211; Chcieliby\u015bmy przeprosi\u0107 fan\u00f3w profilu Disney Polska oraz wszystkie osoby, kt\u00f3re poczu\u0142y si\u0119 dotkni\u0119te t\u0105 sytuacj\u0105. Rozumiemy skal\u0119 b\u0142\u0119du, kt\u00f3ry pope\u0142nili\u015bmy. Jako agencja zobowi\u0105zujemy si\u0119 przekaza\u0107 50 000,- z\u0142otych na rzecz Stowarzyszenia Kampania Przeciw Homofobii &#8211; zapowiedzia\u0142a.&#13;<\/p>\n<p>Disney ma wsp\u00f3lny fanpage facebookowy dla swoich wszystkich wersji j\u0119zykowych. Profil polubi\u0142o jak dot\u0105d 37,55 mln u\u017cytkownik\u00f3w.&#13;<\/p>\n<p>\n<!--noindex--><br \/>\n<a href=\"https:\/\/www.wirtualnemedia.pl\/artykul\/mulan-film-disney-agencja-obslugujaca-profil-facebookowy-przeprasza-za-polubienie-wpisu-wepchanych-na-sile-murzynow-i-lgbt\" rel=\"nofollow\">Source link <\/a><br \/>\n<!--\/noindex--><\/p>\n","protected":false},"excerpt":{"rendered":"<p>W ostatnich dniach na fanpage\u2019u Disney Polska zamieszczono kilka wpis\u00f3w promuj\u0105cych film \u201eMulan\u201d, kt\u00f3ry trafi\u0142 niedawno globalnie do dystrybucji kinowej. Pod jednym z nich pojawi\u0142 si\u0119 komentarz, w kt\u00f3rym internautka wyliczy\u0142a, co spodoba\u0142o jej si\u0119 w filmie. &#8211; Bardzo mi\u0142o obejrze\u0107 film w kt\u00f3rym nie ma wepchanych na si\u0142\u0119 murzyn\u00f3w i lgbt ;))) &#8211; zaznaczy\u0142a [&hellip;]<\/p>\n","protected":false},"author":2,"featured_media":5107,"comment_status":"open","ping_status":"open","sticky":false,"template":"","format":"standard","meta":{"footnotes":""},"categories":[2],"tags":[],"class_list":["post-5106","post","type-post","status-publish","format-standard","has-post-thumbnail","hentry","category-wiadomosci-marketingowe-internetowe"],"yoast_head":"<!-- This site is optimized with the Yoast SEO plugin v27.4 - https:\/\/yoast.com\/product\/yoast-seo-wordpress\/ -->\n<title>agencja obs\u0142uguj\u0105ca profil facebookowy przeprasza za polubienie wpisu \u201ewepchanych na si\u0142\u0119 murzyn\u00f3w i lgbt\u201d - Favorite News<\/title>\n<meta name=\"robots\" content=\"index, follow, max-snippet:-1, max-image-preview:large, max-video-preview:-1\" \/>\n<link rel=\"canonical\" href=\"https:\/\/favorite-news.com\/pl\/agencja-obslugujaca-profil-facebookowy-przeprasza-za-polubienie-wpisu-wepchanych-na-sile-murzynow-i-lgbt\/\" \/>\n<meta property=\"og:locale\" content=\"pl_PL\" \/>\n<meta property=\"og:type\" content=\"article\" \/>\n<meta property=\"og:title\" content=\"agencja obs\u0142uguj\u0105ca profil facebookowy przeprasza za polubienie wpisu \u201ewepchanych na si\u0142\u0119 murzyn\u00f3w i lgbt\u201d - Favorite News\" \/>\n<meta property=\"og:description\" content=\"W ostatnich dniach na fanpage\u2019u Disney Polska zamieszczono kilka wpis\u00f3w promuj\u0105cych film \u201eMulan\u201d, kt\u00f3ry trafi\u0142 niedawno globalnie do dystrybucji kinowej. Pod jednym z nich pojawi\u0142 si\u0119 komentarz, w kt\u00f3rym internautka wyliczy\u0142a, co spodoba\u0142o jej si\u0119 w filmie. &#8211; Bardzo mi\u0142o obejrze\u0107 film w kt\u00f3rym nie ma wepchanych na si\u0142\u0119 murzyn\u00f3w i lgbt ;))) &#8211; zaznaczy\u0142a [&hellip;]\" \/>\n<meta property=\"og:url\" content=\"https:\/\/favorite-news.com\/pl\/agencja-obslugujaca-profil-facebookowy-przeprasza-za-polubienie-wpisu-wepchanych-na-sile-murzynow-i-lgbt\/\" \/>\n<meta property=\"og:site_name\" content=\"Favorite News\" \/>\n<meta property=\"article:published_time\" content=\"2020-09-21T10:54:19+00:00\" \/>\n<meta property=\"article:modified_time\" content=\"2020-09-25T13:33:34+00:00\" \/>\n<meta property=\"og:image\" content=\"https:\/\/favorite-news.com\/pl\/wp-content\/uploads\/sites\/6\/2020\/09\/agencja-obs\u0142uguj\u0105ca-profil-facebookowy-przeprasza-za-polubienie-wpisu-\u201ewepchanych-na.jpg\" \/>\n\t<meta property=\"og:image:width\" content=\"655\" \/>\n\t<meta property=\"og:image:height\" content=\"435\" \/>\n\t<meta property=\"og:image:type\" content=\"image\/jpeg\" \/>\n<meta name=\"author\" content=\"favorite-news\" \/>\n<meta name=\"twitter:card\" content=\"summary_large_image\" \/>\n<meta name=\"twitter:label1\" content=\"Napisane przez\" \/>\n\t<meta name=\"twitter:data1\" content=\"favorite-news\" \/>\n\t<meta name=\"twitter:label2\" content=\"Szacowany czas czytania\" \/>\n\t<meta name=\"twitter:data2\" content=\"2 minuty\" \/>\n<script type=\"application\/ld+json\" class=\"yoast-schema-graph\">{\"@context\":\"https:\\\/\\\/schema.org\",\"@graph\":[{\"@type\":\"Article\",\"@id\":\"https:\\\/\\\/favorite-news.com\\\/pl\\\/agencja-obslugujaca-profil-facebookowy-przeprasza-za-polubienie-wpisu-wepchanych-na-sile-murzynow-i-lgbt\\\/#article\",\"isPartOf\":{\"@id\":\"https:\\\/\\\/favorite-news.com\\\/pl\\\/agencja-obslugujaca-profil-facebookowy-przeprasza-za-polubienie-wpisu-wepchanych-na-sile-murzynow-i-lgbt\\\/\"},\"author\":{\"name\":\"favorite-news\",\"@id\":\"https:\\\/\\\/favorite-news.com\\\/pl\\\/#\\\/schema\\\/person\\\/b91573b717dcfa5e4696032a9d28d3e8\"},\"headline\":\"agencja obs\u0142uguj\u0105ca profil facebookowy przeprasza za polubienie wpisu \u201ewepchanych na si\u0142\u0119 murzyn\u00f3w i lgbt\u201d\",\"datePublished\":\"2020-09-21T10:54:19+00:00\",\"dateModified\":\"2020-09-25T13:33:34+00:00\",\"mainEntityOfPage\":{\"@id\":\"https:\\\/\\\/favorite-news.com\\\/pl\\\/agencja-obslugujaca-profil-facebookowy-przeprasza-za-polubienie-wpisu-wepchanych-na-sile-murzynow-i-lgbt\\\/\"},\"wordCount\":400,\"commentCount\":0,\"image\":{\"@id\":\"https:\\\/\\\/favorite-news.com\\\/pl\\\/agencja-obslugujaca-profil-facebookowy-przeprasza-za-polubienie-wpisu-wepchanych-na-sile-murzynow-i-lgbt\\\/#primaryimage\"},\"thumbnailUrl\":\"https:\\\/\\\/favorite-news.com\\\/pl\\\/wp-content\\\/uploads\\\/sites\\\/6\\\/2020\\\/09\\\/agencja-obs\u0142uguj\u0105ca-profil-facebookowy-przeprasza-za-polubienie-wpisu-\u201ewepchanych-na.jpg\",\"articleSection\":[\"WIADOMO\u015aCI MARKETINGOWE INTERNETOWE\"],\"inLanguage\":\"pl-PL\",\"potentialAction\":[{\"@type\":\"CommentAction\",\"name\":\"Comment\",\"target\":[\"https:\\\/\\\/favorite-news.com\\\/pl\\\/agencja-obslugujaca-profil-facebookowy-przeprasza-za-polubienie-wpisu-wepchanych-na-sile-murzynow-i-lgbt\\\/#respond\"]}]},{\"@type\":\"WebPage\",\"@id\":\"https:\\\/\\\/favorite-news.com\\\/pl\\\/agencja-obslugujaca-profil-facebookowy-przeprasza-za-polubienie-wpisu-wepchanych-na-sile-murzynow-i-lgbt\\\/\",\"url\":\"https:\\\/\\\/favorite-news.com\\\/pl\\\/agencja-obslugujaca-profil-facebookowy-przeprasza-za-polubienie-wpisu-wepchanych-na-sile-murzynow-i-lgbt\\\/\",\"name\":\"agencja obs\u0142uguj\u0105ca profil facebookowy przeprasza za polubienie wpisu \u201ewepchanych na si\u0142\u0119 murzyn\u00f3w i lgbt\u201d - Favorite News\",\"isPartOf\":{\"@id\":\"https:\\\/\\\/favorite-news.com\\\/pl\\\/#website\"},\"primaryImageOfPage\":{\"@id\":\"https:\\\/\\\/favorite-news.com\\\/pl\\\/agencja-obslugujaca-profil-facebookowy-przeprasza-za-polubienie-wpisu-wepchanych-na-sile-murzynow-i-lgbt\\\/#primaryimage\"},\"image\":{\"@id\":\"https:\\\/\\\/favorite-news.com\\\/pl\\\/agencja-obslugujaca-profil-facebookowy-przeprasza-za-polubienie-wpisu-wepchanych-na-sile-murzynow-i-lgbt\\\/#primaryimage\"},\"thumbnailUrl\":\"https:\\\/\\\/favorite-news.com\\\/pl\\\/wp-content\\\/uploads\\\/sites\\\/6\\\/2020\\\/09\\\/agencja-obs\u0142uguj\u0105ca-profil-facebookowy-przeprasza-za-polubienie-wpisu-\u201ewepchanych-na.jpg\",\"datePublished\":\"2020-09-21T10:54:19+00:00\",\"dateModified\":\"2020-09-25T13:33:34+00:00\",\"author\":{\"@id\":\"https:\\\/\\\/favorite-news.com\\\/pl\\\/#\\\/schema\\\/person\\\/b91573b717dcfa5e4696032a9d28d3e8\"},\"breadcrumb\":{\"@id\":\"https:\\\/\\\/favorite-news.com\\\/pl\\\/agencja-obslugujaca-profil-facebookowy-przeprasza-za-polubienie-wpisu-wepchanych-na-sile-murzynow-i-lgbt\\\/#breadcrumb\"},\"inLanguage\":\"pl-PL\",\"potentialAction\":[{\"@type\":\"ReadAction\",\"target\":[\"https:\\\/\\\/favorite-news.com\\\/pl\\\/agencja-obslugujaca-profil-facebookowy-przeprasza-za-polubienie-wpisu-wepchanych-na-sile-murzynow-i-lgbt\\\/\"]}]},{\"@type\":\"ImageObject\",\"inLanguage\":\"pl-PL\",\"@id\":\"https:\\\/\\\/favorite-news.com\\\/pl\\\/agencja-obslugujaca-profil-facebookowy-przeprasza-za-polubienie-wpisu-wepchanych-na-sile-murzynow-i-lgbt\\\/#primaryimage\",\"url\":\"https:\\\/\\\/favorite-news.com\\\/pl\\\/wp-content\\\/uploads\\\/sites\\\/6\\\/2020\\\/09\\\/agencja-obs\u0142uguj\u0105ca-profil-facebookowy-przeprasza-za-polubienie-wpisu-\u201ewepchanych-na.jpg\",\"contentUrl\":\"https:\\\/\\\/favorite-news.com\\\/pl\\\/wp-content\\\/uploads\\\/sites\\\/6\\\/2020\\\/09\\\/agencja-obs\u0142uguj\u0105ca-profil-facebookowy-przeprasza-za-polubienie-wpisu-\u201ewepchanych-na.jpg\",\"width\":655,\"height\":435,\"caption\":\"Article\"},{\"@type\":\"BreadcrumbList\",\"@id\":\"https:\\\/\\\/favorite-news.com\\\/pl\\\/agencja-obslugujaca-profil-facebookowy-przeprasza-za-polubienie-wpisu-wepchanych-na-sile-murzynow-i-lgbt\\\/#breadcrumb\",\"itemListElement\":[{\"@type\":\"ListItem\",\"position\":1,\"name\":\"Home\",\"item\":\"https:\\\/\\\/favorite-news.com\\\/pl\\\/\"},{\"@type\":\"ListItem\",\"position\":2,\"name\":\"agencja obs\u0142uguj\u0105ca profil facebookowy przeprasza za polubienie wpisu \u201ewepchanych na si\u0142\u0119 murzyn\u00f3w i lgbt\u201d\"}]},{\"@type\":\"WebSite\",\"@id\":\"https:\\\/\\\/favorite-news.com\\\/pl\\\/#website\",\"url\":\"https:\\\/\\\/favorite-news.com\\\/pl\\\/\",\"name\":\"Favorite News\",\"description\":\"Favorite News Polska\",\"potentialAction\":[{\"@type\":\"SearchAction\",\"target\":{\"@type\":\"EntryPoint\",\"urlTemplate\":\"https:\\\/\\\/favorite-news.com\\\/pl\\\/?s={search_term_string}\"},\"query-input\":{\"@type\":\"PropertyValueSpecification\",\"valueRequired\":true,\"valueName\":\"search_term_string\"}}],\"inLanguage\":\"pl-PL\"},{\"@type\":\"Person\",\"@id\":\"https:\\\/\\\/favorite-news.com\\\/pl\\\/#\\\/schema\\\/person\\\/b91573b717dcfa5e4696032a9d28d3e8\",\"name\":\"favorite-news\",\"image\":{\"@type\":\"ImageObject\",\"inLanguage\":\"pl-PL\",\"@id\":\"https:\\\/\\\/secure.gravatar.com\\\/avatar\\\/6c5a5cb12b74e9d517ee91cf570335b7d16177f1977cc91db161adfa435945a7?s=96&d=mm&r=g\",\"url\":\"https:\\\/\\\/secure.gravatar.com\\\/avatar\\\/6c5a5cb12b74e9d517ee91cf570335b7d16177f1977cc91db161adfa435945a7?s=96&d=mm&r=g\",\"contentUrl\":\"https:\\\/\\\/secure.gravatar.com\\\/avatar\\\/6c5a5cb12b74e9d517ee91cf570335b7d16177f1977cc91db161adfa435945a7?s=96&d=mm&r=g\",\"caption\":\"favorite-news\"},\"url\":\"https:\\\/\\\/favorite-news.com\\\/pl\\\/author\\\/pt\\\/\"}]}<\/script>\n<!-- \/ Yoast SEO plugin. -->","yoast_head_json":{"title":"agencja obs\u0142uguj\u0105ca profil facebookowy przeprasza za polubienie wpisu \u201ewepchanych na si\u0142\u0119 murzyn\u00f3w i lgbt\u201d - Favorite News","robots":{"index":"index","follow":"follow","max-snippet":"max-snippet:-1","max-image-preview":"max-image-preview:large","max-video-preview":"max-video-preview:-1"},"canonical":"https:\/\/favorite-news.com\/pl\/agencja-obslugujaca-profil-facebookowy-przeprasza-za-polubienie-wpisu-wepchanych-na-sile-murzynow-i-lgbt\/","og_locale":"pl_PL","og_type":"article","og_title":"agencja obs\u0142uguj\u0105ca profil facebookowy przeprasza za polubienie wpisu \u201ewepchanych na si\u0142\u0119 murzyn\u00f3w i lgbt\u201d - Favorite News","og_description":"W ostatnich dniach na fanpage\u2019u Disney Polska zamieszczono kilka wpis\u00f3w promuj\u0105cych film \u201eMulan\u201d, kt\u00f3ry trafi\u0142 niedawno globalnie do dystrybucji kinowej. Pod jednym z nich pojawi\u0142 si\u0119 komentarz, w kt\u00f3rym internautka wyliczy\u0142a, co spodoba\u0142o jej si\u0119 w filmie. &#8211; Bardzo mi\u0142o obejrze\u0107 film w kt\u00f3rym nie ma wepchanych na si\u0142\u0119 murzyn\u00f3w i lgbt ;))) &#8211; zaznaczy\u0142a [&hellip;]","og_url":"https:\/\/favorite-news.com\/pl\/agencja-obslugujaca-profil-facebookowy-przeprasza-za-polubienie-wpisu-wepchanych-na-sile-murzynow-i-lgbt\/","og_site_name":"Favorite News","article_published_time":"2020-09-21T10:54:19+00:00","article_modified_time":"2020-09-25T13:33:34+00:00","og_image":[{"width":655,"height":435,"url":"https:\/\/favorite-news.com\/pl\/wp-content\/uploads\/sites\/6\/2020\/09\/agencja-obs\u0142uguj\u0105ca-profil-facebookowy-przeprasza-za-polubienie-wpisu-\u201ewepchanych-na.jpg","type":"image\/jpeg"}],"author":"favorite-news","twitter_card":"summary_large_image","twitter_misc":{"Napisane przez":"favorite-news","Szacowany czas czytania":"2 minuty"},"schema":{"@context":"https:\/\/schema.org","@graph":[{"@type":"Article","@id":"https:\/\/favorite-news.com\/pl\/agencja-obslugujaca-profil-facebookowy-przeprasza-za-polubienie-wpisu-wepchanych-na-sile-murzynow-i-lgbt\/#article","isPartOf":{"@id":"https:\/\/favorite-news.com\/pl\/agencja-obslugujaca-profil-facebookowy-przeprasza-za-polubienie-wpisu-wepchanych-na-sile-murzynow-i-lgbt\/"},"author":{"name":"favorite-news","@id":"https:\/\/favorite-news.com\/pl\/#\/schema\/person\/b91573b717dcfa5e4696032a9d28d3e8"},"headline":"agencja obs\u0142uguj\u0105ca profil facebookowy przeprasza za polubienie wpisu \u201ewepchanych na si\u0142\u0119 murzyn\u00f3w i lgbt\u201d","datePublished":"2020-09-21T10:54:19+00:00","dateModified":"2020-09-25T13:33:34+00:00","mainEntityOfPage":{"@id":"https:\/\/favorite-news.com\/pl\/agencja-obslugujaca-profil-facebookowy-przeprasza-za-polubienie-wpisu-wepchanych-na-sile-murzynow-i-lgbt\/"},"wordCount":400,"commentCount":0,"image":{"@id":"https:\/\/favorite-news.com\/pl\/agencja-obslugujaca-profil-facebookowy-przeprasza-za-polubienie-wpisu-wepchanych-na-sile-murzynow-i-lgbt\/#primaryimage"},"thumbnailUrl":"https:\/\/favorite-news.com\/pl\/wp-content\/uploads\/sites\/6\/2020\/09\/agencja-obs\u0142uguj\u0105ca-profil-facebookowy-przeprasza-za-polubienie-wpisu-\u201ewepchanych-na.jpg","articleSection":["WIADOMO\u015aCI MARKETINGOWE INTERNETOWE"],"inLanguage":"pl-PL","potentialAction":[{"@type":"CommentAction","name":"Comment","target":["https:\/\/favorite-news.com\/pl\/agencja-obslugujaca-profil-facebookowy-przeprasza-za-polubienie-wpisu-wepchanych-na-sile-murzynow-i-lgbt\/#respond"]}]},{"@type":"WebPage","@id":"https:\/\/favorite-news.com\/pl\/agencja-obslugujaca-profil-facebookowy-przeprasza-za-polubienie-wpisu-wepchanych-na-sile-murzynow-i-lgbt\/","url":"https:\/\/favorite-news.com\/pl\/agencja-obslugujaca-profil-facebookowy-przeprasza-za-polubienie-wpisu-wepchanych-na-sile-murzynow-i-lgbt\/","name":"agencja obs\u0142uguj\u0105ca profil facebookowy przeprasza za polubienie wpisu \u201ewepchanych na si\u0142\u0119 murzyn\u00f3w i lgbt\u201d - Favorite News","isPartOf":{"@id":"https:\/\/favorite-news.com\/pl\/#website"},"primaryImageOfPage":{"@id":"https:\/\/favorite-news.com\/pl\/agencja-obslugujaca-profil-facebookowy-przeprasza-za-polubienie-wpisu-wepchanych-na-sile-murzynow-i-lgbt\/#primaryimage"},"image":{"@id":"https:\/\/favorite-news.com\/pl\/agencja-obslugujaca-profil-facebookowy-przeprasza-za-polubienie-wpisu-wepchanych-na-sile-murzynow-i-lgbt\/#primaryimage"},"thumbnailUrl":"https:\/\/favorite-news.com\/pl\/wp-content\/uploads\/sites\/6\/2020\/09\/agencja-obs\u0142uguj\u0105ca-profil-facebookowy-przeprasza-za-polubienie-wpisu-\u201ewepchanych-na.jpg","datePublished":"2020-09-21T10:54:19+00:00","dateModified":"2020-09-25T13:33:34+00:00","author":{"@id":"https:\/\/favorite-news.com\/pl\/#\/schema\/person\/b91573b717dcfa5e4696032a9d28d3e8"},"breadcrumb":{"@id":"https:\/\/favorite-news.com\/pl\/agencja-obslugujaca-profil-facebookowy-przeprasza-za-polubienie-wpisu-wepchanych-na-sile-murzynow-i-lgbt\/#breadcrumb"},"inLanguage":"pl-PL","potentialAction":[{"@type":"ReadAction","target":["https:\/\/favorite-news.com\/pl\/agencja-obslugujaca-profil-facebookowy-przeprasza-za-polubienie-wpisu-wepchanych-na-sile-murzynow-i-lgbt\/"]}]},{"@type":"ImageObject","inLanguage":"pl-PL","@id":"https:\/\/favorite-news.com\/pl\/agencja-obslugujaca-profil-facebookowy-przeprasza-za-polubienie-wpisu-wepchanych-na-sile-murzynow-i-lgbt\/#primaryimage","url":"https:\/\/favorite-news.com\/pl\/wp-content\/uploads\/sites\/6\/2020\/09\/agencja-obs\u0142uguj\u0105ca-profil-facebookowy-przeprasza-za-polubienie-wpisu-\u201ewepchanych-na.jpg","contentUrl":"https:\/\/favorite-news.com\/pl\/wp-content\/uploads\/sites\/6\/2020\/09\/agencja-obs\u0142uguj\u0105ca-profil-facebookowy-przeprasza-za-polubienie-wpisu-\u201ewepchanych-na.jpg","width":655,"height":435,"caption":"Article"},{"@type":"BreadcrumbList","@id":"https:\/\/favorite-news.com\/pl\/agencja-obslugujaca-profil-facebookowy-przeprasza-za-polubienie-wpisu-wepchanych-na-sile-murzynow-i-lgbt\/#breadcrumb","itemListElement":[{"@type":"ListItem","position":1,"name":"Home","item":"https:\/\/favorite-news.com\/pl\/"},{"@type":"ListItem","position":2,"name":"agencja obs\u0142uguj\u0105ca profil facebookowy przeprasza za polubienie wpisu \u201ewepchanych na si\u0142\u0119 murzyn\u00f3w i lgbt\u201d"}]},{"@type":"WebSite","@id":"https:\/\/favorite-news.com\/pl\/#website","url":"https:\/\/favorite-news.com\/pl\/","name":"Favorite News","description":"Favorite News Polska","potentialAction":[{"@type":"SearchAction","target":{"@type":"EntryPoint","urlTemplate":"https:\/\/favorite-news.com\/pl\/?s={search_term_string}"},"query-input":{"@type":"PropertyValueSpecification","valueRequired":true,"valueName":"search_term_string"}}],"inLanguage":"pl-PL"},{"@type":"Person","@id":"https:\/\/favorite-news.com\/pl\/#\/schema\/person\/b91573b717dcfa5e4696032a9d28d3e8","name":"favorite-news","image":{"@type":"ImageObject","inLanguage":"pl-PL","@id":"https:\/\/secure.gravatar.com\/avatar\/6c5a5cb12b74e9d517ee91cf570335b7d16177f1977cc91db161adfa435945a7?s=96&d=mm&r=g","url":"https:\/\/secure.gravatar.com\/avatar\/6c5a5cb12b74e9d517ee91cf570335b7d16177f1977cc91db161adfa435945a7?s=96&d=mm&r=g","contentUrl":"https:\/\/secure.gravatar.com\/avatar\/6c5a5cb12b74e9d517ee91cf570335b7d16177f1977cc91db161adfa435945a7?s=96&d=mm&r=g","caption":"favorite-news"},"url":"https:\/\/favorite-news.com\/pl\/author\/pt\/"}]}},"_links":{"self":[{"href":"https:\/\/favorite-news.com\/pl\/wp-json\/wp\/v2\/posts\/5106","targetHints":{"allow":["GET"]}}],"collection":[{"href":"https:\/\/favorite-news.com\/pl\/wp-json\/wp\/v2\/posts"}],"about":[{"href":"https:\/\/favorite-news.com\/pl\/wp-json\/wp\/v2\/types\/post"}],"author":[{"embeddable":true,"href":"https:\/\/favorite-news.com\/pl\/wp-json\/wp\/v2\/users\/2"}],"replies":[{"embeddable":true,"href":"https:\/\/favorite-news.com\/pl\/wp-json\/wp\/v2\/comments?post=5106"}],"version-history":[{"count":3,"href":"https:\/\/favorite-news.com\/pl\/wp-json\/wp\/v2\/posts\/5106\/revisions"}],"predecessor-version":[{"id":5120,"href":"https:\/\/favorite-news.com\/pl\/wp-json\/wp\/v2\/posts\/5106\/revisions\/5120"}],"wp:featuredmedia":[{"embeddable":true,"href":"https:\/\/favorite-news.com\/pl\/wp-json\/wp\/v2\/media\/5107"}],"wp:attachment":[{"href":"https:\/\/favorite-news.com\/pl\/wp-json\/wp\/v2\/media?parent=5106"}],"wp:term":[{"taxonomy":"category","embeddable":true,"href":"https:\/\/favorite-news.com\/pl\/wp-json\/wp\/v2\/categories?post=5106"},{"taxonomy":"post_tag","embeddable":true,"href":"https:\/\/favorite-news.com\/pl\/wp-json\/wp\/v2\/tags?post=5106"}],"curies":[{"name":"wp","href":"https:\/\/api.w.org\/{rel}","templated":true}]}}