{"id":5095,"date":"2020-09-16T10:16:50","date_gmt":"2020-09-16T07:16:50","guid":{"rendered":"https:\/\/favorite-news.com\/pl\/czy-wybory-prezydenckie-w-usa-wstrzasna-swiatowymi-gieldami\/"},"modified":"2020-09-21T18:03:27","modified_gmt":"2020-09-21T15:03:27","slug":"czy-wybory-prezydenckie-w-usa-wstrzasna-swiatowymi-gieldami","status":"publish","type":"post","link":"https:\/\/favorite-news.com\/pl\/czy-wybory-prezydenckie-w-usa-wstrzasna-swiatowymi-gieldami\/","title":{"rendered":"Czy wybory prezydenckie w USA wstrz\u0105sn\u0105 \u015bwiatowymi gie\u0142dami?"},"content":{"rendered":"<p>Na rynku akcji w USA utrzymuj\u0105<br \/>\nsi\u0119 dobre nastroje. Po ostatnim s\u0142abym tygodniu, nowy tydzie\u0144 rozpocz\u0105\u0142<br \/>\nsi\u0119 od wzrost\u00f3w. Najlepiej radzi\u0142 sobie technologiczny Nasdaq.- Przyczyn\u0105 tego, \u017ce ameryka\u0144skie<br \/>\ngie\u0142dy bij\u0105 rekordy jest przede wszystkim polityka Fed, ale inwestorzy<br \/>\nchcieliby zobaczy\u0107 D.Trumpa jako prezydenta na drug\u0105 kadencj\u0119 \u2013 m\u00f3wi w<br \/>\nrozmowie z MarketNews24 dr Przemys\u0142aw Kwiecie\u0144, g\u0142\u00f3wny ekonomista XTB. \u2013<br \/>\nIch oczekiwania wynikaj\u0105 z tego, \u017ce D.Trump okaza\u0142 si\u0119 wielkim fanem<br \/>\nkoniunktury gie\u0142dowej i z wielu powod\u00f3w jest uwa\u017cany za osob\u0119, kt\u00f3ra<br \/>\nbardziej b\u0119dzie sprzyja\u0142a rynkom finansowym ni\u017c jego kontrkandydat.Obie partie s\u0105 ju\u017c po konwencjach<br \/>\nwyborczych. Sonda\u017cowa r\u00f3\u017cnica pomi\u0119dzy kandydatami zmniejsza si\u0119.<br \/>\nD.Trump odrabia wcze\u015bniejsze straty.Demokraci nie potrafili<br \/>\nwykorzysta\u0107 r\u00f3\u017cnych nadarzaj\u0105cych si\u0119 okazji, aby wzmocni\u0107 pozycje swego<br \/>\nkandydata. Z ko\u0144cem lipca w USA sko\u0144czy\u0142 si\u0119 okres bardzo hojnych<br \/>\ndop\u0142at do zasi\u0142k\u00f3w dla os\u00f3b poszkodowanych przez pandemi\u0119. Stanowisko Demokrat\u00f3w dotycz\u0105ce<br \/>\nkontynuacji zasi\u0142k\u00f3w potraktowano za zbyt agresywne i to ich wini si\u0119 za<br \/>\nto, \u017ce nie dosz\u0142o do porozumienia w tej sprawie. Skutki tego wida\u0107 po<br \/>\nnotowaniach bookmacher\u00f3w. S\u0105 one bardziej istotne ni\u017c wyniki bada\u0144<br \/>\nopinii publicznej, a to ze wzgl\u0119du na system wyborczy w USA.- Przed czterema laty rynki<br \/>\nfinansowe bardzo obawia\u0142y si\u0119 D.Trumpa i na jego wyb\u00f3r zareagowa\u0142y<br \/>\npanicznie \u2013 przypomina ekspert XTB. \u2013 Teraz jest inaczej, inwestorzy<br \/>\nobawiaj\u0105 si\u0119, \u017ce Demokraci wprowadz\u0105 podatek obci\u0105\u017caj\u0105cy najwi\u0119ksze<br \/>\nkorporacje. Do najwi\u0119kszej nerwowo\u015bci na rynkach dojdzie dopiero podczas<br \/>\nnocy wyborczej.<\/p>\n<p><!--noindex--><br \/>\n<a href=\"http:\/\/rss.gazetaprawna.pl\/~r\/GazetaPrawna-Finanse\/~3\/y8QyaY80hUM\/1490941,czy-wybory-prezydenckie-w-usa-wstrzasna-swiatowymi-gieldami.html\" rel=\"nofollow\">Source link <\/a><br \/>\n<!--\/noindex--><\/p>\n<div><\/div>\n","protected":false},"excerpt":{"rendered":"<p>Na rynku akcji w USA utrzymuj\u0105 si\u0119 dobre nastroje. Po ostatnim s\u0142abym tygodniu, nowy tydzie\u0144 rozpocz\u0105\u0142 si\u0119 od wzrost\u00f3w. Najlepiej radzi\u0142 sobie technologiczny Nasdaq.- Przyczyn\u0105 tego, \u017ce ameryka\u0144skie gie\u0142dy bij\u0105 rekordy jest przede wszystkim polityka Fed, ale inwestorzy chcieliby zobaczy\u0107 D.Trumpa jako prezydenta na drug\u0105 kadencj\u0119 \u2013 m\u00f3wi w rozmowie z MarketNews24 dr Przemys\u0142aw Kwiecie\u0144, [&hellip;]<\/p>\n","protected":false},"author":2,"featured_media":5096,"comment_status":"open","ping_status":"open","sticky":false,"template":"","format":"standard","meta":{"footnotes":""},"categories":[1],"tags":[],"class_list":["post-5095","post","type-post","status-publish","format-standard","has-post-thumbnail","hentry","category-wiadomosci-finansowe"],"yoast_head":"<!-- This site is optimized with the Yoast SEO plugin v27.4 - https:\/\/yoast.com\/product\/yoast-seo-wordpress\/ -->\n<title>Czy wybory prezydenckie w USA wstrz\u0105sn\u0105 \u015bwiatowymi gie\u0142dami? - Favorite News<\/title>\n<meta name=\"robots\" content=\"index, follow, max-snippet:-1, max-image-preview:large, max-video-preview:-1\" \/>\n<link rel=\"canonical\" href=\"https:\/\/favorite-news.com\/pl\/czy-wybory-prezydenckie-w-usa-wstrzasna-swiatowymi-gieldami\/\" \/>\n<meta property=\"og:locale\" content=\"pl_PL\" \/>\n<meta property=\"og:type\" content=\"article\" \/>\n<meta property=\"og:title\" content=\"Czy wybory prezydenckie w USA wstrz\u0105sn\u0105 \u015bwiatowymi gie\u0142dami? - Favorite News\" \/>\n<meta property=\"og:description\" content=\"Na rynku akcji w USA utrzymuj\u0105 si\u0119 dobre nastroje. Po ostatnim s\u0142abym tygodniu, nowy tydzie\u0144 rozpocz\u0105\u0142 si\u0119 od wzrost\u00f3w. Najlepiej radzi\u0142 sobie technologiczny Nasdaq.- Przyczyn\u0105 tego, \u017ce ameryka\u0144skie gie\u0142dy bij\u0105 rekordy jest przede wszystkim polityka Fed, ale inwestorzy chcieliby zobaczy\u0107 D.Trumpa jako prezydenta na drug\u0105 kadencj\u0119 \u2013 m\u00f3wi w rozmowie z MarketNews24 dr Przemys\u0142aw Kwiecie\u0144, [&hellip;]\" \/>\n<meta property=\"og:url\" content=\"https:\/\/favorite-news.com\/pl\/czy-wybory-prezydenckie-w-usa-wstrzasna-swiatowymi-gieldami\/\" \/>\n<meta property=\"og:site_name\" content=\"Favorite News\" \/>\n<meta property=\"article:published_time\" content=\"2020-09-16T07:16:50+00:00\" \/>\n<meta property=\"article:modified_time\" content=\"2020-09-21T15:03:27+00:00\" \/>\n<meta property=\"og:image\" content=\"https:\/\/favorite-news.com\/pl\/wp-content\/uploads\/sites\/6\/2020\/09\/Czy-wybory-prezydenckie-w-USA-wstrz\u0105sn\u0105-\u015bwiatowymi-gie\u0142dami.jpg\" \/>\n\t<meta property=\"og:image:width\" content=\"1745\" \/>\n\t<meta property=\"og:image:height\" content=\"1080\" \/>\n\t<meta property=\"og:image:type\" content=\"image\/jpeg\" \/>\n<meta name=\"author\" content=\"favorite-news\" \/>\n<meta name=\"twitter:card\" content=\"summary_large_image\" \/>\n<meta name=\"twitter:label1\" content=\"Napisane przez\" \/>\n\t<meta name=\"twitter:data1\" content=\"favorite-news\" \/>\n\t<meta name=\"twitter:label2\" content=\"Szacowany czas czytania\" \/>\n\t<meta name=\"twitter:data2\" content=\"1 minuta\" \/>\n<script type=\"application\/ld+json\" class=\"yoast-schema-graph\">{\"@context\":\"https:\\\/\\\/schema.org\",\"@graph\":[{\"@type\":\"Article\",\"@id\":\"https:\\\/\\\/favorite-news.com\\\/pl\\\/czy-wybory-prezydenckie-w-usa-wstrzasna-swiatowymi-gieldami\\\/#article\",\"isPartOf\":{\"@id\":\"https:\\\/\\\/favorite-news.com\\\/pl\\\/czy-wybory-prezydenckie-w-usa-wstrzasna-swiatowymi-gieldami\\\/\"},\"author\":{\"name\":\"favorite-news\",\"@id\":\"https:\\\/\\\/favorite-news.com\\\/pl\\\/#\\\/schema\\\/person\\\/b91573b717dcfa5e4696032a9d28d3e8\"},\"headline\":\"Czy wybory prezydenckie w USA wstrz\u0105sn\u0105 \u015bwiatowymi gie\u0142dami?\",\"datePublished\":\"2020-09-16T07:16:50+00:00\",\"dateModified\":\"2020-09-21T15:03:27+00:00\",\"mainEntityOfPage\":{\"@id\":\"https:\\\/\\\/favorite-news.com\\\/pl\\\/czy-wybory-prezydenckie-w-usa-wstrzasna-swiatowymi-gieldami\\\/\"},\"wordCount\":282,\"commentCount\":0,\"image\":{\"@id\":\"https:\\\/\\\/favorite-news.com\\\/pl\\\/czy-wybory-prezydenckie-w-usa-wstrzasna-swiatowymi-gieldami\\\/#primaryimage\"},\"thumbnailUrl\":\"https:\\\/\\\/favorite-news.com\\\/pl\\\/wp-content\\\/uploads\\\/sites\\\/6\\\/2020\\\/09\\\/Czy-wybory-prezydenckie-w-USA-wstrz\u0105sn\u0105-\u015bwiatowymi-gie\u0142dami.jpg\",\"articleSection\":[\"WIADOMO\u015aCI FINANSOWE\"],\"inLanguage\":\"pl-PL\",\"potentialAction\":[{\"@type\":\"CommentAction\",\"name\":\"Comment\",\"target\":[\"https:\\\/\\\/favorite-news.com\\\/pl\\\/czy-wybory-prezydenckie-w-usa-wstrzasna-swiatowymi-gieldami\\\/#respond\"]}]},{\"@type\":\"WebPage\",\"@id\":\"https:\\\/\\\/favorite-news.com\\\/pl\\\/czy-wybory-prezydenckie-w-usa-wstrzasna-swiatowymi-gieldami\\\/\",\"url\":\"https:\\\/\\\/favorite-news.com\\\/pl\\\/czy-wybory-prezydenckie-w-usa-wstrzasna-swiatowymi-gieldami\\\/\",\"name\":\"Czy wybory prezydenckie w USA wstrz\u0105sn\u0105 \u015bwiatowymi gie\u0142dami? - Favorite News\",\"isPartOf\":{\"@id\":\"https:\\\/\\\/favorite-news.com\\\/pl\\\/#website\"},\"primaryImageOfPage\":{\"@id\":\"https:\\\/\\\/favorite-news.com\\\/pl\\\/czy-wybory-prezydenckie-w-usa-wstrzasna-swiatowymi-gieldami\\\/#primaryimage\"},\"image\":{\"@id\":\"https:\\\/\\\/favorite-news.com\\\/pl\\\/czy-wybory-prezydenckie-w-usa-wstrzasna-swiatowymi-gieldami\\\/#primaryimage\"},\"thumbnailUrl\":\"https:\\\/\\\/favorite-news.com\\\/pl\\\/wp-content\\\/uploads\\\/sites\\\/6\\\/2020\\\/09\\\/Czy-wybory-prezydenckie-w-USA-wstrz\u0105sn\u0105-\u015bwiatowymi-gie\u0142dami.jpg\",\"datePublished\":\"2020-09-16T07:16:50+00:00\",\"dateModified\":\"2020-09-21T15:03:27+00:00\",\"author\":{\"@id\":\"https:\\\/\\\/favorite-news.com\\\/pl\\\/#\\\/schema\\\/person\\\/b91573b717dcfa5e4696032a9d28d3e8\"},\"breadcrumb\":{\"@id\":\"https:\\\/\\\/favorite-news.com\\\/pl\\\/czy-wybory-prezydenckie-w-usa-wstrzasna-swiatowymi-gieldami\\\/#breadcrumb\"},\"inLanguage\":\"pl-PL\",\"potentialAction\":[{\"@type\":\"ReadAction\",\"target\":[\"https:\\\/\\\/favorite-news.com\\\/pl\\\/czy-wybory-prezydenckie-w-usa-wstrzasna-swiatowymi-gieldami\\\/\"]}]},{\"@type\":\"ImageObject\",\"inLanguage\":\"pl-PL\",\"@id\":\"https:\\\/\\\/favorite-news.com\\\/pl\\\/czy-wybory-prezydenckie-w-usa-wstrzasna-swiatowymi-gieldami\\\/#primaryimage\",\"url\":\"https:\\\/\\\/favorite-news.com\\\/pl\\\/wp-content\\\/uploads\\\/sites\\\/6\\\/2020\\\/09\\\/Czy-wybory-prezydenckie-w-USA-wstrz\u0105sn\u0105-\u015bwiatowymi-gie\u0142dami.jpg\",\"contentUrl\":\"https:\\\/\\\/favorite-news.com\\\/pl\\\/wp-content\\\/uploads\\\/sites\\\/6\\\/2020\\\/09\\\/Czy-wybory-prezydenckie-w-USA-wstrz\u0105sn\u0105-\u015bwiatowymi-gie\u0142dami.jpg\",\"width\":1745,\"height\":1080,\"caption\":\"Czy wybory prezydenckie w USA wstrz\u0105sn\u0105 \u015bwiatowymi gie\u0142dami?\"},{\"@type\":\"BreadcrumbList\",\"@id\":\"https:\\\/\\\/favorite-news.com\\\/pl\\\/czy-wybory-prezydenckie-w-usa-wstrzasna-swiatowymi-gieldami\\\/#breadcrumb\",\"itemListElement\":[{\"@type\":\"ListItem\",\"position\":1,\"name\":\"Home\",\"item\":\"https:\\\/\\\/favorite-news.com\\\/pl\\\/\"},{\"@type\":\"ListItem\",\"position\":2,\"name\":\"Czy wybory prezydenckie w USA wstrz\u0105sn\u0105 \u015bwiatowymi gie\u0142dami?\"}]},{\"@type\":\"WebSite\",\"@id\":\"https:\\\/\\\/favorite-news.com\\\/pl\\\/#website\",\"url\":\"https:\\\/\\\/favorite-news.com\\\/pl\\\/\",\"name\":\"Favorite News\",\"description\":\"Favorite News Polska\",\"potentialAction\":[{\"@type\":\"SearchAction\",\"target\":{\"@type\":\"EntryPoint\",\"urlTemplate\":\"https:\\\/\\\/favorite-news.com\\\/pl\\\/?s={search_term_string}\"},\"query-input\":{\"@type\":\"PropertyValueSpecification\",\"valueRequired\":true,\"valueName\":\"search_term_string\"}}],\"inLanguage\":\"pl-PL\"},{\"@type\":\"Person\",\"@id\":\"https:\\\/\\\/favorite-news.com\\\/pl\\\/#\\\/schema\\\/person\\\/b91573b717dcfa5e4696032a9d28d3e8\",\"name\":\"favorite-news\",\"image\":{\"@type\":\"ImageObject\",\"inLanguage\":\"pl-PL\",\"@id\":\"https:\\\/\\\/secure.gravatar.com\\\/avatar\\\/6c5a5cb12b74e9d517ee91cf570335b7d16177f1977cc91db161adfa435945a7?s=96&d=mm&r=g\",\"url\":\"https:\\\/\\\/secure.gravatar.com\\\/avatar\\\/6c5a5cb12b74e9d517ee91cf570335b7d16177f1977cc91db161adfa435945a7?s=96&d=mm&r=g\",\"contentUrl\":\"https:\\\/\\\/secure.gravatar.com\\\/avatar\\\/6c5a5cb12b74e9d517ee91cf570335b7d16177f1977cc91db161adfa435945a7?s=96&d=mm&r=g\",\"caption\":\"favorite-news\"},\"url\":\"https:\\\/\\\/favorite-news.com\\\/pl\\\/author\\\/pt\\\/\"}]}<\/script>\n<!-- \/ Yoast SEO plugin. -->","yoast_head_json":{"title":"Czy wybory prezydenckie w USA wstrz\u0105sn\u0105 \u015bwiatowymi gie\u0142dami? - Favorite News","robots":{"index":"index","follow":"follow","max-snippet":"max-snippet:-1","max-image-preview":"max-image-preview:large","max-video-preview":"max-video-preview:-1"},"canonical":"https:\/\/favorite-news.com\/pl\/czy-wybory-prezydenckie-w-usa-wstrzasna-swiatowymi-gieldami\/","og_locale":"pl_PL","og_type":"article","og_title":"Czy wybory prezydenckie w USA wstrz\u0105sn\u0105 \u015bwiatowymi gie\u0142dami? - Favorite News","og_description":"Na rynku akcji w USA utrzymuj\u0105 si\u0119 dobre nastroje. Po ostatnim s\u0142abym tygodniu, nowy tydzie\u0144 rozpocz\u0105\u0142 si\u0119 od wzrost\u00f3w. Najlepiej radzi\u0142 sobie technologiczny Nasdaq.- Przyczyn\u0105 tego, \u017ce ameryka\u0144skie gie\u0142dy bij\u0105 rekordy jest przede wszystkim polityka Fed, ale inwestorzy chcieliby zobaczy\u0107 D.Trumpa jako prezydenta na drug\u0105 kadencj\u0119 \u2013 m\u00f3wi w rozmowie z MarketNews24 dr Przemys\u0142aw Kwiecie\u0144, [&hellip;]","og_url":"https:\/\/favorite-news.com\/pl\/czy-wybory-prezydenckie-w-usa-wstrzasna-swiatowymi-gieldami\/","og_site_name":"Favorite News","article_published_time":"2020-09-16T07:16:50+00:00","article_modified_time":"2020-09-21T15:03:27+00:00","og_image":[{"width":1745,"height":1080,"url":"https:\/\/favorite-news.com\/pl\/wp-content\/uploads\/sites\/6\/2020\/09\/Czy-wybory-prezydenckie-w-USA-wstrz\u0105sn\u0105-\u015bwiatowymi-gie\u0142dami.jpg","type":"image\/jpeg"}],"author":"favorite-news","twitter_card":"summary_large_image","twitter_misc":{"Napisane przez":"favorite-news","Szacowany czas czytania":"1 minuta"},"schema":{"@context":"https:\/\/schema.org","@graph":[{"@type":"Article","@id":"https:\/\/favorite-news.com\/pl\/czy-wybory-prezydenckie-w-usa-wstrzasna-swiatowymi-gieldami\/#article","isPartOf":{"@id":"https:\/\/favorite-news.com\/pl\/czy-wybory-prezydenckie-w-usa-wstrzasna-swiatowymi-gieldami\/"},"author":{"name":"favorite-news","@id":"https:\/\/favorite-news.com\/pl\/#\/schema\/person\/b91573b717dcfa5e4696032a9d28d3e8"},"headline":"Czy wybory prezydenckie w USA wstrz\u0105sn\u0105 \u015bwiatowymi gie\u0142dami?","datePublished":"2020-09-16T07:16:50+00:00","dateModified":"2020-09-21T15:03:27+00:00","mainEntityOfPage":{"@id":"https:\/\/favorite-news.com\/pl\/czy-wybory-prezydenckie-w-usa-wstrzasna-swiatowymi-gieldami\/"},"wordCount":282,"commentCount":0,"image":{"@id":"https:\/\/favorite-news.com\/pl\/czy-wybory-prezydenckie-w-usa-wstrzasna-swiatowymi-gieldami\/#primaryimage"},"thumbnailUrl":"https:\/\/favorite-news.com\/pl\/wp-content\/uploads\/sites\/6\/2020\/09\/Czy-wybory-prezydenckie-w-USA-wstrz\u0105sn\u0105-\u015bwiatowymi-gie\u0142dami.jpg","articleSection":["WIADOMO\u015aCI FINANSOWE"],"inLanguage":"pl-PL","potentialAction":[{"@type":"CommentAction","name":"Comment","target":["https:\/\/favorite-news.com\/pl\/czy-wybory-prezydenckie-w-usa-wstrzasna-swiatowymi-gieldami\/#respond"]}]},{"@type":"WebPage","@id":"https:\/\/favorite-news.com\/pl\/czy-wybory-prezydenckie-w-usa-wstrzasna-swiatowymi-gieldami\/","url":"https:\/\/favorite-news.com\/pl\/czy-wybory-prezydenckie-w-usa-wstrzasna-swiatowymi-gieldami\/","name":"Czy wybory prezydenckie w USA wstrz\u0105sn\u0105 \u015bwiatowymi gie\u0142dami? - Favorite News","isPartOf":{"@id":"https:\/\/favorite-news.com\/pl\/#website"},"primaryImageOfPage":{"@id":"https:\/\/favorite-news.com\/pl\/czy-wybory-prezydenckie-w-usa-wstrzasna-swiatowymi-gieldami\/#primaryimage"},"image":{"@id":"https:\/\/favorite-news.com\/pl\/czy-wybory-prezydenckie-w-usa-wstrzasna-swiatowymi-gieldami\/#primaryimage"},"thumbnailUrl":"https:\/\/favorite-news.com\/pl\/wp-content\/uploads\/sites\/6\/2020\/09\/Czy-wybory-prezydenckie-w-USA-wstrz\u0105sn\u0105-\u015bwiatowymi-gie\u0142dami.jpg","datePublished":"2020-09-16T07:16:50+00:00","dateModified":"2020-09-21T15:03:27+00:00","author":{"@id":"https:\/\/favorite-news.com\/pl\/#\/schema\/person\/b91573b717dcfa5e4696032a9d28d3e8"},"breadcrumb":{"@id":"https:\/\/favorite-news.com\/pl\/czy-wybory-prezydenckie-w-usa-wstrzasna-swiatowymi-gieldami\/#breadcrumb"},"inLanguage":"pl-PL","potentialAction":[{"@type":"ReadAction","target":["https:\/\/favorite-news.com\/pl\/czy-wybory-prezydenckie-w-usa-wstrzasna-swiatowymi-gieldami\/"]}]},{"@type":"ImageObject","inLanguage":"pl-PL","@id":"https:\/\/favorite-news.com\/pl\/czy-wybory-prezydenckie-w-usa-wstrzasna-swiatowymi-gieldami\/#primaryimage","url":"https:\/\/favorite-news.com\/pl\/wp-content\/uploads\/sites\/6\/2020\/09\/Czy-wybory-prezydenckie-w-USA-wstrz\u0105sn\u0105-\u015bwiatowymi-gie\u0142dami.jpg","contentUrl":"https:\/\/favorite-news.com\/pl\/wp-content\/uploads\/sites\/6\/2020\/09\/Czy-wybory-prezydenckie-w-USA-wstrz\u0105sn\u0105-\u015bwiatowymi-gie\u0142dami.jpg","width":1745,"height":1080,"caption":"Czy wybory prezydenckie w USA wstrz\u0105sn\u0105 \u015bwiatowymi gie\u0142dami?"},{"@type":"BreadcrumbList","@id":"https:\/\/favorite-news.com\/pl\/czy-wybory-prezydenckie-w-usa-wstrzasna-swiatowymi-gieldami\/#breadcrumb","itemListElement":[{"@type":"ListItem","position":1,"name":"Home","item":"https:\/\/favorite-news.com\/pl\/"},{"@type":"ListItem","position":2,"name":"Czy wybory prezydenckie w USA wstrz\u0105sn\u0105 \u015bwiatowymi gie\u0142dami?"}]},{"@type":"WebSite","@id":"https:\/\/favorite-news.com\/pl\/#website","url":"https:\/\/favorite-news.com\/pl\/","name":"Favorite News","description":"Favorite News Polska","potentialAction":[{"@type":"SearchAction","target":{"@type":"EntryPoint","urlTemplate":"https:\/\/favorite-news.com\/pl\/?s={search_term_string}"},"query-input":{"@type":"PropertyValueSpecification","valueRequired":true,"valueName":"search_term_string"}}],"inLanguage":"pl-PL"},{"@type":"Person","@id":"https:\/\/favorite-news.com\/pl\/#\/schema\/person\/b91573b717dcfa5e4696032a9d28d3e8","name":"favorite-news","image":{"@type":"ImageObject","inLanguage":"pl-PL","@id":"https:\/\/secure.gravatar.com\/avatar\/6c5a5cb12b74e9d517ee91cf570335b7d16177f1977cc91db161adfa435945a7?s=96&d=mm&r=g","url":"https:\/\/secure.gravatar.com\/avatar\/6c5a5cb12b74e9d517ee91cf570335b7d16177f1977cc91db161adfa435945a7?s=96&d=mm&r=g","contentUrl":"https:\/\/secure.gravatar.com\/avatar\/6c5a5cb12b74e9d517ee91cf570335b7d16177f1977cc91db161adfa435945a7?s=96&d=mm&r=g","caption":"favorite-news"},"url":"https:\/\/favorite-news.com\/pl\/author\/pt\/"}]}},"_links":{"self":[{"href":"https:\/\/favorite-news.com\/pl\/wp-json\/wp\/v2\/posts\/5095","targetHints":{"allow":["GET"]}}],"collection":[{"href":"https:\/\/favorite-news.com\/pl\/wp-json\/wp\/v2\/posts"}],"about":[{"href":"https:\/\/favorite-news.com\/pl\/wp-json\/wp\/v2\/types\/post"}],"author":[{"embeddable":true,"href":"https:\/\/favorite-news.com\/pl\/wp-json\/wp\/v2\/users\/2"}],"replies":[{"embeddable":true,"href":"https:\/\/favorite-news.com\/pl\/wp-json\/wp\/v2\/comments?post=5095"}],"version-history":[{"count":3,"href":"https:\/\/favorite-news.com\/pl\/wp-json\/wp\/v2\/posts\/5095\/revisions"}],"predecessor-version":[{"id":5110,"href":"https:\/\/favorite-news.com\/pl\/wp-json\/wp\/v2\/posts\/5095\/revisions\/5110"}],"wp:featuredmedia":[{"embeddable":true,"href":"https:\/\/favorite-news.com\/pl\/wp-json\/wp\/v2\/media\/5096"}],"wp:attachment":[{"href":"https:\/\/favorite-news.com\/pl\/wp-json\/wp\/v2\/media?parent=5095"}],"wp:term":[{"taxonomy":"category","embeddable":true,"href":"https:\/\/favorite-news.com\/pl\/wp-json\/wp\/v2\/categories?post=5095"},{"taxonomy":"post_tag","embeddable":true,"href":"https:\/\/favorite-news.com\/pl\/wp-json\/wp\/v2\/tags?post=5095"}],"curies":[{"name":"wp","href":"https:\/\/api.w.org\/{rel}","templated":true}]}}