{"id":5054,"date":"2020-08-26T13:18:48","date_gmt":"2020-08-26T10:18:48","guid":{"rendered":"https:\/\/favorite-news.com\/pl\/tuz-przed-pandemia-polski-rynek-reklamy-internetowej-urosl-o-42-proc-spadek-w-ogloszeniach-mocno-w-gore-sem\/"},"modified":"2020-08-26T13:18:49","modified_gmt":"2020-08-26T10:18:49","slug":"tuz-przed-pandemia-polski-rynek-reklamy-internetowej-urosl-o-42-proc-spadek-w-ogloszeniach-mocno-w-gore-sem","status":"publish","type":"post","link":"https:\/\/favorite-news.com\/pl\/tuz-przed-pandemia-polski-rynek-reklamy-internetowej-urosl-o-42-proc-spadek-w-ogloszeniach-mocno-w-gore-sem\/","title":{"rendered":"Tu\u017c przed pandemi\u0105 polski rynek reklamy internetowej ur\u00f3s\u0142 o 4,2 proc. Spadek w og\u0142oszeniach, mocno w g\u00f3r\u0119 SEM"},"content":{"rendered":"<p>W pierwszym kwartale 2020 roku nak\u0142ady na reklam\u0119 cyfrow\u0105 wynios\u0142y 1,082 mld z\u0142, cho\u0107 z dynamik\u0105 wzrostu (4,2 proc.) nieco ni\u017csz\u0105 ni\u017c w por\u00f3wnywalnym okresie roku wcze\u015bniejszego (8,8 proc.).&#13;<br \/>\n&#13;<br \/>\nSpowolnienie wynika przede wszystkim ze spadk\u00f3w warto\u015bci w segmencie og\u0142osze\u0144 zaobserwowanych w marcu. Jest to kana\u0142, kt\u00f3ry od wielu kwarta\u0142\u00f3w z rz\u0119du osi\u0105ga\u0142 wysok\u0105 dwucyfrow\u0105 dynamik\u0119, jednak marzec w tym roku zako\u0144czy\u0142 si\u0119 na minusie.&#13;<br \/>\n&#13;<br \/>\n&#8211; Pierwszy kwarta\u0142 tego roku nie przyni\u00f3s\u0142 co prawda, za spraw\u0105 pandemii, spektakularnego wzrostu wydatk\u00f3w na reklam\u0119 online, jednak internet, obok radia, jest sektorem, kt\u00f3ry zanotowa\u0142 wzrost. Jest to wyra\u017ane potwierdzenie powszechnie widocznego trendu cyfryzacji gospodarki, co skutkuje lokowaniem coraz wi\u0119kszych bud\u017cet\u00f3w reklamowych w kana\u0142 cyfrowy. Trend ten bardzo przyspieszy\u0142 za spraw\u0105 ogranicze\u0144 wynikaj\u0105cych z pandemii i wyra\u017anie wskazuje, \u017ce reklama cyfrowa i marketing cyfrowy odegraj\u0105 wiod\u0105c\u0105 rol\u0119 w dalszym rozwoju gospodarczym &#8211; m\u00f3wi W\u0142odzimierz Schmidt, prezes zarz\u0105du IAB Polska.&#13;<br \/>\n&#13;<\/p>\n<p>&#13;<br \/>\n&#13;<br \/>\nWyhamowanie w reklamie social media&#13;<br \/>\n&#13;<br \/>\nDalsze wyhamowanie \u2013 jednak w tym przypadku bez spadk\u00f3w \u2013 zanotowa\u0142a z kolei reklama w mediach spo\u0142eczno\u015bciowych, kt\u00f3ra w roku 2019 wytraca\u0142a tempo rozwojowe, aby w pierwszym kwartale 2020 roku osi\u0105gn\u0105\u0107 warto\u015b\u0107 jedynie nieznacznie wy\u017csz\u0105 do tej, kt\u00f3ra by\u0142a wypracowana w por\u00f3wnywalnym okresie zesz\u0142ego roku. R\u00f3wnie\u017c w tym przypadku najbardziej na spadku dynamiki zawa\u017cy\u0142 marzec.&#13;<br \/>\n&#13;<br \/>\nWyhamowanie w kanale spo\u0142eczno\u015bciowym mia\u0142o prze\u0142o\u017cenie mi\u0119dzy innymi na segment wideo, kt\u00f3ry do pewnego stopnia by\u0142 nap\u0119dzany przez serwisy spo\u0142eczno\u015bciowe. Wzrost konsumpcji tre\u015bci audiowizualnych po og\u0142oszeniu lockdownu oraz obserwowane od pewnego czasu przenoszenie bud\u017cet\u00f3w reklamowych wideo do innych wydawc\u00f3w pozwalaj\u0105 jednak zak\u0142ada\u0107, \u017ce w kolejnych miesi\u0105cach roku wydatki na ten format mog\u0105 uzyska\u0107 lepsze indeksy.&#13;<br \/>\n&#13;<br \/>\nW torcie reklamowym online w pierwszym kwartale roku najwi\u0119ksz\u0105 cz\u0119\u015b\u0107 zajmuje reklama display (45,1 proc.), przed SEM (34,7 proc.), og\u0142oszeniami (15,6 proc.) i reklam\u0105 e-mail (1,6 proc.). &#13;<br \/>\n&#13;<\/p>\n<p>&#13;<br \/>\n&#13;<br \/>\nMobile utrzymuje wzrost&#13;<br \/>\n&#13;<br \/>\nWysok\u0105 dwucyfrow\u0105 dynamik\u0119 utrzyma\u0142a natomiast reklama emitowana w urz\u0105dzeniach mobilnych (dzi\u0119ki czemu jej udzia\u0142 zwi\u0119kszy\u0142 si\u0119 do ponad 30%), a tak\u017ce sprzedawana w modelu programmatic.&#13;<br \/>\n&#13;<br \/>\nOg\u00f3lny obraz rynku nie uleg\u0142 zmianie \u2013 dominuje reklama graficzna z prawie po\u0142ow\u0105 udzia\u0142\u00f3w tortu reklamowego online, marketing w wyszukiwarkach pozyskuje oko\u0142o jedn\u0105 trzeci\u0105, og\u0142oszenia prawie jedn\u0105 sz\u00f3st\u0105, za\u015b e-mail oko\u0142o 2 proc.&#13;<br \/>\n&#13;<br \/>\n&#13;<br \/>\n&#13;<br \/>\nIAB AdEx jest cyklicznym badaniem s\u0142u\u017c\u0105cym do mierzenia wydatk\u00f3w na reklam\u0119 internetow\u0105. Projekt realizuje IAB Polska wsp\u00f3lnie z PwC od 2007 roku, a jego wyniki sta\u0142y si\u0119 standardem rynkowym i s\u0105 baz\u0105 dla innych analiz dotycz\u0105cych wydatk\u00f3w reklamowych.&#13;<br \/>\n&#13;<br \/>\nW badaniu uwzgl\u0119dniono przychody nast\u0119puj\u0105cych podmiot\u00f3w: Agora, Burda Media, Cormedia, CS Group (szacowane), Dentsu Aegis, Facebook (cz\u0119\u015bciowo szacowane), Freshmail, GK SARE, Google \u2013 wyszukiwarka, reklama kontekstowa, YT, GDN i mobile (cz\u0119\u015bciowo szacowane), GroupM, Grupa Allegro, Grupa Pracuj, Grupa Wirtualna Polska, Grupa ZPR Media, Havas Media, IDG, Interia, IPG Mediabrands, LEADR, Lowe Media, NetSprint, Novem, OLX, OMD, Polska Press Grupa, Publicis Groupe, Re:define, Ringier Axel Springer Polska, Spo\u0142eczno\u015bci, Str\u00f6er Digital, TVN, TVP. Szacunki oparte s\u0105 na danych PwC, IHS oraz Gemius.&#13;<\/p>\n<p>\n<!--noindex--><br \/>\n<a href=\"https:\/\/www.wirtualnemedia.pl\/artykul\/tuz-przed-pandemia-polski-rynek-reklamy-internetowej-urosl-o-4-2-proc-spadek-w-ogloszeniach-mocno-w-gore-sem\" rel=\"nofollow\">Source link <\/a><br \/>\n<!--\/noindex--><\/p>\n","protected":false},"excerpt":{"rendered":"<p>W pierwszym kwartale 2020 roku nak\u0142ady na reklam\u0119 cyfrow\u0105 wynios\u0142y 1,082 mld z\u0142, cho\u0107 z dynamik\u0105 wzrostu (4,2 proc.) nieco ni\u017csz\u0105 ni\u017c w por\u00f3wnywalnym okresie roku wcze\u015bniejszego (8,8 proc.).&#13; &#13; Spowolnienie wynika przede wszystkim ze spadk\u00f3w warto\u015bci w segmencie og\u0142osze\u0144 zaobserwowanych w marcu. Jest to kana\u0142, kt\u00f3ry od wielu kwarta\u0142\u00f3w z rz\u0119du osi\u0105ga\u0142 wysok\u0105 dwucyfrow\u0105 [&hellip;]<\/p>\n","protected":false},"author":2,"featured_media":5055,"comment_status":"open","ping_status":"open","sticky":false,"template":"","format":"standard","meta":{"footnotes":""},"categories":[2],"tags":[],"class_list":["post-5054","post","type-post","status-publish","format-standard","has-post-thumbnail","hentry","category-wiadomosci-marketingowe-internetowe"],"yoast_head":"<!-- This site is optimized with the Yoast SEO plugin v27.4 - https:\/\/yoast.com\/product\/yoast-seo-wordpress\/ -->\n<title>Tu\u017c przed pandemi\u0105 polski rynek reklamy internetowej ur\u00f3s\u0142 o 4,2 proc. Spadek w og\u0142oszeniach, mocno w g\u00f3r\u0119 SEM - Favorite News<\/title>\n<meta name=\"robots\" content=\"index, follow, max-snippet:-1, max-image-preview:large, max-video-preview:-1\" \/>\n<link rel=\"canonical\" href=\"https:\/\/favorite-news.com\/pl\/tuz-przed-pandemia-polski-rynek-reklamy-internetowej-urosl-o-42-proc-spadek-w-ogloszeniach-mocno-w-gore-sem\/\" \/>\n<meta property=\"og:locale\" content=\"pl_PL\" \/>\n<meta property=\"og:type\" content=\"article\" \/>\n<meta property=\"og:title\" content=\"Tu\u017c przed pandemi\u0105 polski rynek reklamy internetowej ur\u00f3s\u0142 o 4,2 proc. Spadek w og\u0142oszeniach, mocno w g\u00f3r\u0119 SEM - Favorite News\" \/>\n<meta property=\"og:description\" content=\"W pierwszym kwartale 2020 roku nak\u0142ady na reklam\u0119 cyfrow\u0105 wynios\u0142y 1,082 mld z\u0142, cho\u0107 z dynamik\u0105 wzrostu (4,2 proc.) nieco ni\u017csz\u0105 ni\u017c w por\u00f3wnywalnym okresie roku wcze\u015bniejszego (8,8 proc.).&#013; &#013; Spowolnienie wynika przede wszystkim ze spadk\u00f3w warto\u015bci w segmencie og\u0142osze\u0144 zaobserwowanych w marcu. Jest to kana\u0142, kt\u00f3ry od wielu kwarta\u0142\u00f3w z rz\u0119du osi\u0105ga\u0142 wysok\u0105 dwucyfrow\u0105 [&hellip;]\" \/>\n<meta property=\"og:url\" content=\"https:\/\/favorite-news.com\/pl\/tuz-przed-pandemia-polski-rynek-reklamy-internetowej-urosl-o-42-proc-spadek-w-ogloszeniach-mocno-w-gore-sem\/\" \/>\n<meta property=\"og:site_name\" content=\"Favorite News\" \/>\n<meta property=\"article:published_time\" content=\"2020-08-26T10:18:48+00:00\" \/>\n<meta property=\"article:modified_time\" content=\"2020-08-26T10:18:49+00:00\" \/>\n<meta property=\"og:image\" content=\"https:\/\/favorite-news.com\/pl\/wp-content\/uploads\/sites\/6\/2020\/08\/Tu\u017c-przed-pandemi\u0105-polski-rynek-reklamy-internetowej-ur\u00f3s\u0142-o-42.jpg\" \/>\n\t<meta property=\"og:image:width\" content=\"655\" \/>\n\t<meta property=\"og:image:height\" content=\"463\" \/>\n\t<meta property=\"og:image:type\" content=\"image\/jpeg\" \/>\n<meta name=\"author\" content=\"favorite-news\" \/>\n<meta name=\"twitter:card\" content=\"summary_large_image\" \/>\n<meta name=\"twitter:label1\" content=\"Napisane przez\" \/>\n\t<meta name=\"twitter:data1\" content=\"favorite-news\" \/>\n\t<meta name=\"twitter:label2\" content=\"Szacowany czas czytania\" \/>\n\t<meta name=\"twitter:data2\" content=\"3 minuty\" \/>\n<script type=\"application\/ld+json\" class=\"yoast-schema-graph\">{\"@context\":\"https:\\\/\\\/schema.org\",\"@graph\":[{\"@type\":\"Article\",\"@id\":\"https:\\\/\\\/favorite-news.com\\\/pl\\\/tuz-przed-pandemia-polski-rynek-reklamy-internetowej-urosl-o-42-proc-spadek-w-ogloszeniach-mocno-w-gore-sem\\\/#article\",\"isPartOf\":{\"@id\":\"https:\\\/\\\/favorite-news.com\\\/pl\\\/tuz-przed-pandemia-polski-rynek-reklamy-internetowej-urosl-o-42-proc-spadek-w-ogloszeniach-mocno-w-gore-sem\\\/\"},\"author\":{\"name\":\"favorite-news\",\"@id\":\"https:\\\/\\\/favorite-news.com\\\/pl\\\/#\\\/schema\\\/person\\\/b91573b717dcfa5e4696032a9d28d3e8\"},\"headline\":\"Tu\u017c przed pandemi\u0105 polski rynek reklamy internetowej ur\u00f3s\u0142 o 4,2 proc. Spadek w og\u0142oszeniach, mocno w g\u00f3r\u0119 SEM\",\"datePublished\":\"2020-08-26T10:18:48+00:00\",\"dateModified\":\"2020-08-26T10:18:49+00:00\",\"mainEntityOfPage\":{\"@id\":\"https:\\\/\\\/favorite-news.com\\\/pl\\\/tuz-przed-pandemia-polski-rynek-reklamy-internetowej-urosl-o-42-proc-spadek-w-ogloszeniach-mocno-w-gore-sem\\\/\"},\"wordCount\":558,\"commentCount\":0,\"image\":{\"@id\":\"https:\\\/\\\/favorite-news.com\\\/pl\\\/tuz-przed-pandemia-polski-rynek-reklamy-internetowej-urosl-o-42-proc-spadek-w-ogloszeniach-mocno-w-gore-sem\\\/#primaryimage\"},\"thumbnailUrl\":\"https:\\\/\\\/favorite-news.com\\\/pl\\\/wp-content\\\/uploads\\\/sites\\\/6\\\/2020\\\/08\\\/Tu\u017c-przed-pandemi\u0105-polski-rynek-reklamy-internetowej-ur\u00f3s\u0142-o-42.jpg\",\"articleSection\":[\"WIADOMO\u015aCI MARKETINGOWE INTERNETOWE\"],\"inLanguage\":\"pl-PL\",\"potentialAction\":[{\"@type\":\"CommentAction\",\"name\":\"Comment\",\"target\":[\"https:\\\/\\\/favorite-news.com\\\/pl\\\/tuz-przed-pandemia-polski-rynek-reklamy-internetowej-urosl-o-42-proc-spadek-w-ogloszeniach-mocno-w-gore-sem\\\/#respond\"]}]},{\"@type\":\"WebPage\",\"@id\":\"https:\\\/\\\/favorite-news.com\\\/pl\\\/tuz-przed-pandemia-polski-rynek-reklamy-internetowej-urosl-o-42-proc-spadek-w-ogloszeniach-mocno-w-gore-sem\\\/\",\"url\":\"https:\\\/\\\/favorite-news.com\\\/pl\\\/tuz-przed-pandemia-polski-rynek-reklamy-internetowej-urosl-o-42-proc-spadek-w-ogloszeniach-mocno-w-gore-sem\\\/\",\"name\":\"Tu\u017c przed pandemi\u0105 polski rynek reklamy internetowej ur\u00f3s\u0142 o 4,2 proc. Spadek w og\u0142oszeniach, mocno w g\u00f3r\u0119 SEM - Favorite News\",\"isPartOf\":{\"@id\":\"https:\\\/\\\/favorite-news.com\\\/pl\\\/#website\"},\"primaryImageOfPage\":{\"@id\":\"https:\\\/\\\/favorite-news.com\\\/pl\\\/tuz-przed-pandemia-polski-rynek-reklamy-internetowej-urosl-o-42-proc-spadek-w-ogloszeniach-mocno-w-gore-sem\\\/#primaryimage\"},\"image\":{\"@id\":\"https:\\\/\\\/favorite-news.com\\\/pl\\\/tuz-przed-pandemia-polski-rynek-reklamy-internetowej-urosl-o-42-proc-spadek-w-ogloszeniach-mocno-w-gore-sem\\\/#primaryimage\"},\"thumbnailUrl\":\"https:\\\/\\\/favorite-news.com\\\/pl\\\/wp-content\\\/uploads\\\/sites\\\/6\\\/2020\\\/08\\\/Tu\u017c-przed-pandemi\u0105-polski-rynek-reklamy-internetowej-ur\u00f3s\u0142-o-42.jpg\",\"datePublished\":\"2020-08-26T10:18:48+00:00\",\"dateModified\":\"2020-08-26T10:18:49+00:00\",\"author\":{\"@id\":\"https:\\\/\\\/favorite-news.com\\\/pl\\\/#\\\/schema\\\/person\\\/b91573b717dcfa5e4696032a9d28d3e8\"},\"breadcrumb\":{\"@id\":\"https:\\\/\\\/favorite-news.com\\\/pl\\\/tuz-przed-pandemia-polski-rynek-reklamy-internetowej-urosl-o-42-proc-spadek-w-ogloszeniach-mocno-w-gore-sem\\\/#breadcrumb\"},\"inLanguage\":\"pl-PL\",\"potentialAction\":[{\"@type\":\"ReadAction\",\"target\":[\"https:\\\/\\\/favorite-news.com\\\/pl\\\/tuz-przed-pandemia-polski-rynek-reklamy-internetowej-urosl-o-42-proc-spadek-w-ogloszeniach-mocno-w-gore-sem\\\/\"]}]},{\"@type\":\"ImageObject\",\"inLanguage\":\"pl-PL\",\"@id\":\"https:\\\/\\\/favorite-news.com\\\/pl\\\/tuz-przed-pandemia-polski-rynek-reklamy-internetowej-urosl-o-42-proc-spadek-w-ogloszeniach-mocno-w-gore-sem\\\/#primaryimage\",\"url\":\"https:\\\/\\\/favorite-news.com\\\/pl\\\/wp-content\\\/uploads\\\/sites\\\/6\\\/2020\\\/08\\\/Tu\u017c-przed-pandemi\u0105-polski-rynek-reklamy-internetowej-ur\u00f3s\u0142-o-42.jpg\",\"contentUrl\":\"https:\\\/\\\/favorite-news.com\\\/pl\\\/wp-content\\\/uploads\\\/sites\\\/6\\\/2020\\\/08\\\/Tu\u017c-przed-pandemi\u0105-polski-rynek-reklamy-internetowej-ur\u00f3s\u0142-o-42.jpg\",\"width\":655,\"height\":463,\"caption\":\"Article\"},{\"@type\":\"BreadcrumbList\",\"@id\":\"https:\\\/\\\/favorite-news.com\\\/pl\\\/tuz-przed-pandemia-polski-rynek-reklamy-internetowej-urosl-o-42-proc-spadek-w-ogloszeniach-mocno-w-gore-sem\\\/#breadcrumb\",\"itemListElement\":[{\"@type\":\"ListItem\",\"position\":1,\"name\":\"Home\",\"item\":\"https:\\\/\\\/favorite-news.com\\\/pl\\\/\"},{\"@type\":\"ListItem\",\"position\":2,\"name\":\"Tu\u017c przed pandemi\u0105 polski rynek reklamy internetowej ur\u00f3s\u0142 o 4,2 proc. Spadek w og\u0142oszeniach, mocno w g\u00f3r\u0119 SEM\"}]},{\"@type\":\"WebSite\",\"@id\":\"https:\\\/\\\/favorite-news.com\\\/pl\\\/#website\",\"url\":\"https:\\\/\\\/favorite-news.com\\\/pl\\\/\",\"name\":\"Favorite News\",\"description\":\"Favorite News Polska\",\"potentialAction\":[{\"@type\":\"SearchAction\",\"target\":{\"@type\":\"EntryPoint\",\"urlTemplate\":\"https:\\\/\\\/favorite-news.com\\\/pl\\\/?s={search_term_string}\"},\"query-input\":{\"@type\":\"PropertyValueSpecification\",\"valueRequired\":true,\"valueName\":\"search_term_string\"}}],\"inLanguage\":\"pl-PL\"},{\"@type\":\"Person\",\"@id\":\"https:\\\/\\\/favorite-news.com\\\/pl\\\/#\\\/schema\\\/person\\\/b91573b717dcfa5e4696032a9d28d3e8\",\"name\":\"favorite-news\",\"image\":{\"@type\":\"ImageObject\",\"inLanguage\":\"pl-PL\",\"@id\":\"https:\\\/\\\/secure.gravatar.com\\\/avatar\\\/6c5a5cb12b74e9d517ee91cf570335b7d16177f1977cc91db161adfa435945a7?s=96&d=mm&r=g\",\"url\":\"https:\\\/\\\/secure.gravatar.com\\\/avatar\\\/6c5a5cb12b74e9d517ee91cf570335b7d16177f1977cc91db161adfa435945a7?s=96&d=mm&r=g\",\"contentUrl\":\"https:\\\/\\\/secure.gravatar.com\\\/avatar\\\/6c5a5cb12b74e9d517ee91cf570335b7d16177f1977cc91db161adfa435945a7?s=96&d=mm&r=g\",\"caption\":\"favorite-news\"},\"url\":\"https:\\\/\\\/favorite-news.com\\\/pl\\\/author\\\/pt\\\/\"}]}<\/script>\n<!-- \/ Yoast SEO plugin. -->","yoast_head_json":{"title":"Tu\u017c przed pandemi\u0105 polski rynek reklamy internetowej ur\u00f3s\u0142 o 4,2 proc. Spadek w og\u0142oszeniach, mocno w g\u00f3r\u0119 SEM - Favorite News","robots":{"index":"index","follow":"follow","max-snippet":"max-snippet:-1","max-image-preview":"max-image-preview:large","max-video-preview":"max-video-preview:-1"},"canonical":"https:\/\/favorite-news.com\/pl\/tuz-przed-pandemia-polski-rynek-reklamy-internetowej-urosl-o-42-proc-spadek-w-ogloszeniach-mocno-w-gore-sem\/","og_locale":"pl_PL","og_type":"article","og_title":"Tu\u017c przed pandemi\u0105 polski rynek reklamy internetowej ur\u00f3s\u0142 o 4,2 proc. Spadek w og\u0142oszeniach, mocno w g\u00f3r\u0119 SEM - Favorite News","og_description":"W pierwszym kwartale 2020 roku nak\u0142ady na reklam\u0119 cyfrow\u0105 wynios\u0142y 1,082 mld z\u0142, cho\u0107 z dynamik\u0105 wzrostu (4,2 proc.) nieco ni\u017csz\u0105 ni\u017c w por\u00f3wnywalnym okresie roku wcze\u015bniejszego (8,8 proc.).&#13; &#13; Spowolnienie wynika przede wszystkim ze spadk\u00f3w warto\u015bci w segmencie og\u0142osze\u0144 zaobserwowanych w marcu. Jest to kana\u0142, kt\u00f3ry od wielu kwarta\u0142\u00f3w z rz\u0119du osi\u0105ga\u0142 wysok\u0105 dwucyfrow\u0105 [&hellip;]","og_url":"https:\/\/favorite-news.com\/pl\/tuz-przed-pandemia-polski-rynek-reklamy-internetowej-urosl-o-42-proc-spadek-w-ogloszeniach-mocno-w-gore-sem\/","og_site_name":"Favorite News","article_published_time":"2020-08-26T10:18:48+00:00","article_modified_time":"2020-08-26T10:18:49+00:00","og_image":[{"width":655,"height":463,"url":"https:\/\/favorite-news.com\/pl\/wp-content\/uploads\/sites\/6\/2020\/08\/Tu\u017c-przed-pandemi\u0105-polski-rynek-reklamy-internetowej-ur\u00f3s\u0142-o-42.jpg","type":"image\/jpeg"}],"author":"favorite-news","twitter_card":"summary_large_image","twitter_misc":{"Napisane przez":"favorite-news","Szacowany czas czytania":"3 minuty"},"schema":{"@context":"https:\/\/schema.org","@graph":[{"@type":"Article","@id":"https:\/\/favorite-news.com\/pl\/tuz-przed-pandemia-polski-rynek-reklamy-internetowej-urosl-o-42-proc-spadek-w-ogloszeniach-mocno-w-gore-sem\/#article","isPartOf":{"@id":"https:\/\/favorite-news.com\/pl\/tuz-przed-pandemia-polski-rynek-reklamy-internetowej-urosl-o-42-proc-spadek-w-ogloszeniach-mocno-w-gore-sem\/"},"author":{"name":"favorite-news","@id":"https:\/\/favorite-news.com\/pl\/#\/schema\/person\/b91573b717dcfa5e4696032a9d28d3e8"},"headline":"Tu\u017c przed pandemi\u0105 polski rynek reklamy internetowej ur\u00f3s\u0142 o 4,2 proc. Spadek w og\u0142oszeniach, mocno w g\u00f3r\u0119 SEM","datePublished":"2020-08-26T10:18:48+00:00","dateModified":"2020-08-26T10:18:49+00:00","mainEntityOfPage":{"@id":"https:\/\/favorite-news.com\/pl\/tuz-przed-pandemia-polski-rynek-reklamy-internetowej-urosl-o-42-proc-spadek-w-ogloszeniach-mocno-w-gore-sem\/"},"wordCount":558,"commentCount":0,"image":{"@id":"https:\/\/favorite-news.com\/pl\/tuz-przed-pandemia-polski-rynek-reklamy-internetowej-urosl-o-42-proc-spadek-w-ogloszeniach-mocno-w-gore-sem\/#primaryimage"},"thumbnailUrl":"https:\/\/favorite-news.com\/pl\/wp-content\/uploads\/sites\/6\/2020\/08\/Tu\u017c-przed-pandemi\u0105-polski-rynek-reklamy-internetowej-ur\u00f3s\u0142-o-42.jpg","articleSection":["WIADOMO\u015aCI MARKETINGOWE INTERNETOWE"],"inLanguage":"pl-PL","potentialAction":[{"@type":"CommentAction","name":"Comment","target":["https:\/\/favorite-news.com\/pl\/tuz-przed-pandemia-polski-rynek-reklamy-internetowej-urosl-o-42-proc-spadek-w-ogloszeniach-mocno-w-gore-sem\/#respond"]}]},{"@type":"WebPage","@id":"https:\/\/favorite-news.com\/pl\/tuz-przed-pandemia-polski-rynek-reklamy-internetowej-urosl-o-42-proc-spadek-w-ogloszeniach-mocno-w-gore-sem\/","url":"https:\/\/favorite-news.com\/pl\/tuz-przed-pandemia-polski-rynek-reklamy-internetowej-urosl-o-42-proc-spadek-w-ogloszeniach-mocno-w-gore-sem\/","name":"Tu\u017c przed pandemi\u0105 polski rynek reklamy internetowej ur\u00f3s\u0142 o 4,2 proc. Spadek w og\u0142oszeniach, mocno w g\u00f3r\u0119 SEM - Favorite News","isPartOf":{"@id":"https:\/\/favorite-news.com\/pl\/#website"},"primaryImageOfPage":{"@id":"https:\/\/favorite-news.com\/pl\/tuz-przed-pandemia-polski-rynek-reklamy-internetowej-urosl-o-42-proc-spadek-w-ogloszeniach-mocno-w-gore-sem\/#primaryimage"},"image":{"@id":"https:\/\/favorite-news.com\/pl\/tuz-przed-pandemia-polski-rynek-reklamy-internetowej-urosl-o-42-proc-spadek-w-ogloszeniach-mocno-w-gore-sem\/#primaryimage"},"thumbnailUrl":"https:\/\/favorite-news.com\/pl\/wp-content\/uploads\/sites\/6\/2020\/08\/Tu\u017c-przed-pandemi\u0105-polski-rynek-reklamy-internetowej-ur\u00f3s\u0142-o-42.jpg","datePublished":"2020-08-26T10:18:48+00:00","dateModified":"2020-08-26T10:18:49+00:00","author":{"@id":"https:\/\/favorite-news.com\/pl\/#\/schema\/person\/b91573b717dcfa5e4696032a9d28d3e8"},"breadcrumb":{"@id":"https:\/\/favorite-news.com\/pl\/tuz-przed-pandemia-polski-rynek-reklamy-internetowej-urosl-o-42-proc-spadek-w-ogloszeniach-mocno-w-gore-sem\/#breadcrumb"},"inLanguage":"pl-PL","potentialAction":[{"@type":"ReadAction","target":["https:\/\/favorite-news.com\/pl\/tuz-przed-pandemia-polski-rynek-reklamy-internetowej-urosl-o-42-proc-spadek-w-ogloszeniach-mocno-w-gore-sem\/"]}]},{"@type":"ImageObject","inLanguage":"pl-PL","@id":"https:\/\/favorite-news.com\/pl\/tuz-przed-pandemia-polski-rynek-reklamy-internetowej-urosl-o-42-proc-spadek-w-ogloszeniach-mocno-w-gore-sem\/#primaryimage","url":"https:\/\/favorite-news.com\/pl\/wp-content\/uploads\/sites\/6\/2020\/08\/Tu\u017c-przed-pandemi\u0105-polski-rynek-reklamy-internetowej-ur\u00f3s\u0142-o-42.jpg","contentUrl":"https:\/\/favorite-news.com\/pl\/wp-content\/uploads\/sites\/6\/2020\/08\/Tu\u017c-przed-pandemi\u0105-polski-rynek-reklamy-internetowej-ur\u00f3s\u0142-o-42.jpg","width":655,"height":463,"caption":"Article"},{"@type":"BreadcrumbList","@id":"https:\/\/favorite-news.com\/pl\/tuz-przed-pandemia-polski-rynek-reklamy-internetowej-urosl-o-42-proc-spadek-w-ogloszeniach-mocno-w-gore-sem\/#breadcrumb","itemListElement":[{"@type":"ListItem","position":1,"name":"Home","item":"https:\/\/favorite-news.com\/pl\/"},{"@type":"ListItem","position":2,"name":"Tu\u017c przed pandemi\u0105 polski rynek reklamy internetowej ur\u00f3s\u0142 o 4,2 proc. Spadek w og\u0142oszeniach, mocno w g\u00f3r\u0119 SEM"}]},{"@type":"WebSite","@id":"https:\/\/favorite-news.com\/pl\/#website","url":"https:\/\/favorite-news.com\/pl\/","name":"Favorite News","description":"Favorite News Polska","potentialAction":[{"@type":"SearchAction","target":{"@type":"EntryPoint","urlTemplate":"https:\/\/favorite-news.com\/pl\/?s={search_term_string}"},"query-input":{"@type":"PropertyValueSpecification","valueRequired":true,"valueName":"search_term_string"}}],"inLanguage":"pl-PL"},{"@type":"Person","@id":"https:\/\/favorite-news.com\/pl\/#\/schema\/person\/b91573b717dcfa5e4696032a9d28d3e8","name":"favorite-news","image":{"@type":"ImageObject","inLanguage":"pl-PL","@id":"https:\/\/secure.gravatar.com\/avatar\/6c5a5cb12b74e9d517ee91cf570335b7d16177f1977cc91db161adfa435945a7?s=96&d=mm&r=g","url":"https:\/\/secure.gravatar.com\/avatar\/6c5a5cb12b74e9d517ee91cf570335b7d16177f1977cc91db161adfa435945a7?s=96&d=mm&r=g","contentUrl":"https:\/\/secure.gravatar.com\/avatar\/6c5a5cb12b74e9d517ee91cf570335b7d16177f1977cc91db161adfa435945a7?s=96&d=mm&r=g","caption":"favorite-news"},"url":"https:\/\/favorite-news.com\/pl\/author\/pt\/"}]}},"_links":{"self":[{"href":"https:\/\/favorite-news.com\/pl\/wp-json\/wp\/v2\/posts\/5054","targetHints":{"allow":["GET"]}}],"collection":[{"href":"https:\/\/favorite-news.com\/pl\/wp-json\/wp\/v2\/posts"}],"about":[{"href":"https:\/\/favorite-news.com\/pl\/wp-json\/wp\/v2\/types\/post"}],"author":[{"embeddable":true,"href":"https:\/\/favorite-news.com\/pl\/wp-json\/wp\/v2\/users\/2"}],"replies":[{"embeddable":true,"href":"https:\/\/favorite-news.com\/pl\/wp-json\/wp\/v2\/comments?post=5054"}],"version-history":[{"count":1,"href":"https:\/\/favorite-news.com\/pl\/wp-json\/wp\/v2\/posts\/5054\/revisions"}],"predecessor-version":[{"id":5056,"href":"https:\/\/favorite-news.com\/pl\/wp-json\/wp\/v2\/posts\/5054\/revisions\/5056"}],"wp:featuredmedia":[{"embeddable":true,"href":"https:\/\/favorite-news.com\/pl\/wp-json\/wp\/v2\/media\/5055"}],"wp:attachment":[{"href":"https:\/\/favorite-news.com\/pl\/wp-json\/wp\/v2\/media?parent=5054"}],"wp:term":[{"taxonomy":"category","embeddable":true,"href":"https:\/\/favorite-news.com\/pl\/wp-json\/wp\/v2\/categories?post=5054"},{"taxonomy":"post_tag","embeddable":true,"href":"https:\/\/favorite-news.com\/pl\/wp-json\/wp\/v2\/tags?post=5054"}],"curies":[{"name":"wp","href":"https:\/\/api.w.org\/{rel}","templated":true}]}}