{"id":5030,"date":"2020-08-15T09:44:50","date_gmt":"2020-08-15T06:44:50","guid":{"rendered":"https:\/\/favorite-news.com\/pl\/pie-o-danych-gus-spadek-polskiego-pkb-w-ii-kw-mniejszy-niz-w-innych-gospodarkach-ue-finanse-waluty-i-notowania-walut-gielda-gpw-surowce\/"},"modified":"2020-08-15T09:44:52","modified_gmt":"2020-08-15T06:44:52","slug":"pie-o-danych-gus-spadek-polskiego-pkb-w-ii-kw-mniejszy-niz-w-innych-gospodarkach-ue-finanse-waluty-i-notowania-walut-gielda-gpw-surowce","status":"publish","type":"post","link":"https:\/\/favorite-news.com\/pl\/pie-o-danych-gus-spadek-polskiego-pkb-w-ii-kw-mniejszy-niz-w-innych-gospodarkach-ue-finanse-waluty-i-notowania-walut-gielda-gpw-surowce\/","title":{"rendered":"PIE o danych GUS: Spadek polskiego PKB w II kw. mniejszy ni\u017c w innych gospodarkach UE &#8211; Finanse &#8211; waluty i notowania walut, gie\u0142da, GPW, surowce"},"content":{"rendered":"<p>G\u0142\u00f3wny Urz\u0105d Statystyczny poinformowa\u0142 w pi\u0105tek w szybkim szacunku, \u017ce polski Produkt Krajowy Brutto w II kwartale 2020 roku spad\u0142 o 8,2 proc. rdr wobec wzrostu na poziomie 2,0 proc. rdr w I kw. 2020 r. Pe\u0142ne dane o PKB w II kw. GUS poda 31 sierpnia.<br \/>\nAnalitycy PIE zwr\u00f3cili uwag\u0119, \u017ce polska gospodarka mniej ucierpia\u0142a na skutek pandemii ni\u017c kraje regionu Europy \u015arodkowowschodniej \u2013 skala os\u0142abienia w Czechach, S\u0142owacji i na W\u0119grzech przekracza\u0142a 10 proc. Zdecydowanie gorzej radzi\u0142y sobie te\u017c Niemcy ze spadkiem PKB o 11,7 proc. rdr czy kraje po\u0142udnia, gdzie za\u0142amanie si\u0119gn\u0119\u0142o 17-22 proc. rdr.<br \/>\nPor\u00f3wnywalne wyniki obserwowano jedynie w Szwecji i Danii. &#8222;Nale\u017cy pami\u0119ta\u0107 jednak, \u017ce w pierwszym z wymienionych kraj\u00f3w wybrano odmienn\u0105 od ca\u0142ej Europy \u015bcie\u017ck\u0119 walki z pandemi\u0105 i nie zamro\u017cono gospodarki. Prze\u0142o\u017cy\u0142o si\u0119 to na wzrost zachorowa\u0144 i ofiar \u015bmiertelnych&#8221; &#8211; wskazali.<br \/>\nPIE zastrzega, \u017ce pe\u0142na struktura danych dost\u0119pna b\u0119dzie za dwa tygodnie. &#8222;Obecnie szacujemy, \u017ce zar\u00f3wno wydatki konsumpcyjne gospodarstw domowych oraz inwestycje by\u0142y ni\u017csze o ok. 10 proc. wzgl\u0119dem ubieg\u0142ego roku&#8221; &#8211; wskazali analitycy. Wynik poprawia\u0142y natomiast &#8222;pozytywna kontrybucja eksport netto oraz konsumpcja publiczna&#8221;.<br \/>\nZdaniem PIE w nadchodz\u0105cych kwarta\u0142ach nasza gospodarka &#8222;b\u0119dzie odbija\u0107&#8221;, a skala os\u0142abienia dalej b\u0119dzie jedn\u0105 z najni\u017cszych na tle UE. &#8222;Dane wysokiej cz\u0119stotliwo\u015bci pozwalaj\u0105 na optymizm, chocia\u017c z rewizjami prognoz za ca\u0142y 2020 rok nale\u017cy w naszej ocenie wstrzyma\u0107 si\u0119 do publikacji pe\u0142nej informacji o PKB w II kwartale&#8221; &#8211; zastrzegli.<br \/>\n&#8222;Wci\u0105\u017c nie znamy kondycji sektor\u00f3w us\u0142ugowych. G\u0142\u00f3wnym \u017ar\u00f3d\u0142em niepewno\u015bci s\u0105 te\u017c m.in. sk\u0142onno\u015b\u0107 firm do inwestowania oraz popyt zewn\u0119trzny&#8221; &#8211; podkre\u015blili. Dodali, \u017ce z bada\u0144 PIE i PFR wynika, \u017ce polskie przedsi\u0119biorstwa coraz cz\u0119\u015bciej postrzegaj\u0105 pandemi\u0119 jako d\u0142ugotrwa\u0142y problem, co mo\u017ce skutkowa\u0107 powolnym odbiciem inwestycji.<br \/>\n<br \/>\n<!--noindex--><br \/>\n<a href=\"http:\/\/rss.gazetaprawna.pl\/~r\/GazetaPrawna-Finanse\/~3\/_6qyCbRLYZo\/1488406,dane-gus-pkb-pie-gospodarka.html\" rel=\"nofollow\">Source link <\/a><br \/>\n<!--\/noindex--><\/p>\n","protected":false},"excerpt":{"rendered":"<p>G\u0142\u00f3wny Urz\u0105d Statystyczny poinformowa\u0142 w pi\u0105tek w szybkim szacunku, \u017ce polski Produkt Krajowy Brutto w II kwartale 2020 roku spad\u0142 o 8,2 proc. rdr wobec wzrostu na poziomie 2,0 proc. rdr w I kw. 2020 r. Pe\u0142ne dane o PKB w II kw. GUS poda 31 sierpnia. Analitycy PIE zwr\u00f3cili uwag\u0119, \u017ce polska gospodarka mniej [&hellip;]<\/p>\n","protected":false},"author":2,"featured_media":5031,"comment_status":"open","ping_status":"open","sticky":false,"template":"","format":"standard","meta":{"footnotes":""},"categories":[1],"tags":[],"class_list":["post-5030","post","type-post","status-publish","format-standard","has-post-thumbnail","hentry","category-wiadomosci-finansowe"],"yoast_head":"<!-- This site is optimized with the Yoast SEO plugin v27.4 - https:\/\/yoast.com\/product\/yoast-seo-wordpress\/ -->\n<title>PIE o danych GUS: Spadek polskiego PKB w II kw. mniejszy ni\u017c w innych gospodarkach UE - Finanse - waluty i notowania walut, gie\u0142da, GPW, surowce - Favorite News<\/title>\n<meta name=\"robots\" content=\"index, follow, max-snippet:-1, max-image-preview:large, max-video-preview:-1\" \/>\n<link rel=\"canonical\" href=\"https:\/\/favorite-news.com\/pl\/pie-o-danych-gus-spadek-polskiego-pkb-w-ii-kw-mniejszy-niz-w-innych-gospodarkach-ue-finanse-waluty-i-notowania-walut-gielda-gpw-surowce\/\" \/>\n<meta property=\"og:locale\" content=\"pl_PL\" \/>\n<meta property=\"og:type\" content=\"article\" \/>\n<meta property=\"og:title\" content=\"PIE o danych GUS: Spadek polskiego PKB w II kw. mniejszy ni\u017c w innych gospodarkach UE - Finanse - waluty i notowania walut, gie\u0142da, GPW, surowce - Favorite News\" \/>\n<meta property=\"og:description\" content=\"G\u0142\u00f3wny Urz\u0105d Statystyczny poinformowa\u0142 w pi\u0105tek w szybkim szacunku, \u017ce polski Produkt Krajowy Brutto w II kwartale 2020 roku spad\u0142 o 8,2 proc. rdr wobec wzrostu na poziomie 2,0 proc. rdr w I kw. 2020 r. Pe\u0142ne dane o PKB w II kw. GUS poda 31 sierpnia. Analitycy PIE zwr\u00f3cili uwag\u0119, \u017ce polska gospodarka mniej [&hellip;]\" \/>\n<meta property=\"og:url\" content=\"https:\/\/favorite-news.com\/pl\/pie-o-danych-gus-spadek-polskiego-pkb-w-ii-kw-mniejszy-niz-w-innych-gospodarkach-ue-finanse-waluty-i-notowania-walut-gielda-gpw-surowce\/\" \/>\n<meta property=\"og:site_name\" content=\"Favorite News\" \/>\n<meta property=\"article:published_time\" content=\"2020-08-15T06:44:50+00:00\" \/>\n<meta property=\"article:modified_time\" content=\"2020-08-15T06:44:52+00:00\" \/>\n<meta property=\"og:image\" content=\"https:\/\/favorite-news.com\/pl\/wp-content\/uploads\/sites\/6\/2020\/08\/PIE-o-danych-GUS-Spadek-polskiego-PKB-w-II-kw.jpg\" \/>\n\t<meta property=\"og:image:width\" content=\"1000\" \/>\n\t<meta property=\"og:image:height\" content=\"572\" \/>\n\t<meta property=\"og:image:type\" content=\"image\/jpeg\" \/>\n<meta name=\"author\" content=\"favorite-news\" \/>\n<meta name=\"twitter:card\" content=\"summary_large_image\" \/>\n<meta name=\"twitter:label1\" content=\"Napisane przez\" \/>\n\t<meta name=\"twitter:data1\" content=\"favorite-news\" \/>\n\t<meta name=\"twitter:label2\" content=\"Szacowany czas czytania\" \/>\n\t<meta name=\"twitter:data2\" content=\"2 minuty\" \/>\n<script type=\"application\/ld+json\" class=\"yoast-schema-graph\">{\"@context\":\"https:\\\/\\\/schema.org\",\"@graph\":[{\"@type\":\"Article\",\"@id\":\"https:\\\/\\\/favorite-news.com\\\/pl\\\/pie-o-danych-gus-spadek-polskiego-pkb-w-ii-kw-mniejszy-niz-w-innych-gospodarkach-ue-finanse-waluty-i-notowania-walut-gielda-gpw-surowce\\\/#article\",\"isPartOf\":{\"@id\":\"https:\\\/\\\/favorite-news.com\\\/pl\\\/pie-o-danych-gus-spadek-polskiego-pkb-w-ii-kw-mniejszy-niz-w-innych-gospodarkach-ue-finanse-waluty-i-notowania-walut-gielda-gpw-surowce\\\/\"},\"author\":{\"name\":\"favorite-news\",\"@id\":\"https:\\\/\\\/favorite-news.com\\\/pl\\\/#\\\/schema\\\/person\\\/b91573b717dcfa5e4696032a9d28d3e8\"},\"headline\":\"PIE o danych GUS: Spadek polskiego PKB w II kw. mniejszy ni\u017c w innych gospodarkach UE &#8211; Finanse &#8211; waluty i notowania walut, gie\u0142da, GPW, surowce\",\"datePublished\":\"2020-08-15T06:44:50+00:00\",\"dateModified\":\"2020-08-15T06:44:52+00:00\",\"mainEntityOfPage\":{\"@id\":\"https:\\\/\\\/favorite-news.com\\\/pl\\\/pie-o-danych-gus-spadek-polskiego-pkb-w-ii-kw-mniejszy-niz-w-innych-gospodarkach-ue-finanse-waluty-i-notowania-walut-gielda-gpw-surowce\\\/\"},\"wordCount\":357,\"commentCount\":0,\"image\":{\"@id\":\"https:\\\/\\\/favorite-news.com\\\/pl\\\/pie-o-danych-gus-spadek-polskiego-pkb-w-ii-kw-mniejszy-niz-w-innych-gospodarkach-ue-finanse-waluty-i-notowania-walut-gielda-gpw-surowce\\\/#primaryimage\"},\"thumbnailUrl\":\"https:\\\/\\\/favorite-news.com\\\/pl\\\/wp-content\\\/uploads\\\/sites\\\/6\\\/2020\\\/08\\\/PIE-o-danych-GUS-Spadek-polskiego-PKB-w-II-kw.jpg\",\"articleSection\":[\"WIADOMO\u015aCI FINANSOWE\"],\"inLanguage\":\"pl-PL\",\"potentialAction\":[{\"@type\":\"CommentAction\",\"name\":\"Comment\",\"target\":[\"https:\\\/\\\/favorite-news.com\\\/pl\\\/pie-o-danych-gus-spadek-polskiego-pkb-w-ii-kw-mniejszy-niz-w-innych-gospodarkach-ue-finanse-waluty-i-notowania-walut-gielda-gpw-surowce\\\/#respond\"]}]},{\"@type\":\"WebPage\",\"@id\":\"https:\\\/\\\/favorite-news.com\\\/pl\\\/pie-o-danych-gus-spadek-polskiego-pkb-w-ii-kw-mniejszy-niz-w-innych-gospodarkach-ue-finanse-waluty-i-notowania-walut-gielda-gpw-surowce\\\/\",\"url\":\"https:\\\/\\\/favorite-news.com\\\/pl\\\/pie-o-danych-gus-spadek-polskiego-pkb-w-ii-kw-mniejszy-niz-w-innych-gospodarkach-ue-finanse-waluty-i-notowania-walut-gielda-gpw-surowce\\\/\",\"name\":\"PIE o danych GUS: Spadek polskiego PKB w II kw. mniejszy ni\u017c w innych gospodarkach UE - Finanse - waluty i notowania walut, gie\u0142da, GPW, surowce - Favorite News\",\"isPartOf\":{\"@id\":\"https:\\\/\\\/favorite-news.com\\\/pl\\\/#website\"},\"primaryImageOfPage\":{\"@id\":\"https:\\\/\\\/favorite-news.com\\\/pl\\\/pie-o-danych-gus-spadek-polskiego-pkb-w-ii-kw-mniejszy-niz-w-innych-gospodarkach-ue-finanse-waluty-i-notowania-walut-gielda-gpw-surowce\\\/#primaryimage\"},\"image\":{\"@id\":\"https:\\\/\\\/favorite-news.com\\\/pl\\\/pie-o-danych-gus-spadek-polskiego-pkb-w-ii-kw-mniejszy-niz-w-innych-gospodarkach-ue-finanse-waluty-i-notowania-walut-gielda-gpw-surowce\\\/#primaryimage\"},\"thumbnailUrl\":\"https:\\\/\\\/favorite-news.com\\\/pl\\\/wp-content\\\/uploads\\\/sites\\\/6\\\/2020\\\/08\\\/PIE-o-danych-GUS-Spadek-polskiego-PKB-w-II-kw.jpg\",\"datePublished\":\"2020-08-15T06:44:50+00:00\",\"dateModified\":\"2020-08-15T06:44:52+00:00\",\"author\":{\"@id\":\"https:\\\/\\\/favorite-news.com\\\/pl\\\/#\\\/schema\\\/person\\\/b91573b717dcfa5e4696032a9d28d3e8\"},\"breadcrumb\":{\"@id\":\"https:\\\/\\\/favorite-news.com\\\/pl\\\/pie-o-danych-gus-spadek-polskiego-pkb-w-ii-kw-mniejszy-niz-w-innych-gospodarkach-ue-finanse-waluty-i-notowania-walut-gielda-gpw-surowce\\\/#breadcrumb\"},\"inLanguage\":\"pl-PL\",\"potentialAction\":[{\"@type\":\"ReadAction\",\"target\":[\"https:\\\/\\\/favorite-news.com\\\/pl\\\/pie-o-danych-gus-spadek-polskiego-pkb-w-ii-kw-mniejszy-niz-w-innych-gospodarkach-ue-finanse-waluty-i-notowania-walut-gielda-gpw-surowce\\\/\"]}]},{\"@type\":\"ImageObject\",\"inLanguage\":\"pl-PL\",\"@id\":\"https:\\\/\\\/favorite-news.com\\\/pl\\\/pie-o-danych-gus-spadek-polskiego-pkb-w-ii-kw-mniejszy-niz-w-innych-gospodarkach-ue-finanse-waluty-i-notowania-walut-gielda-gpw-surowce\\\/#primaryimage\",\"url\":\"https:\\\/\\\/favorite-news.com\\\/pl\\\/wp-content\\\/uploads\\\/sites\\\/6\\\/2020\\\/08\\\/PIE-o-danych-GUS-Spadek-polskiego-PKB-w-II-kw.jpg\",\"contentUrl\":\"https:\\\/\\\/favorite-news.com\\\/pl\\\/wp-content\\\/uploads\\\/sites\\\/6\\\/2020\\\/08\\\/PIE-o-danych-GUS-Spadek-polskiego-PKB-w-II-kw.jpg\",\"width\":1000,\"height\":572,\"caption\":\"PIE o danych GUS: Spadek polskiego PKB w II kw. mniejszy ni\u017c w innych gospodarkach UE - Finanse - waluty i notowania walut, gie\u0142da, GPW, surowce\"},{\"@type\":\"BreadcrumbList\",\"@id\":\"https:\\\/\\\/favorite-news.com\\\/pl\\\/pie-o-danych-gus-spadek-polskiego-pkb-w-ii-kw-mniejszy-niz-w-innych-gospodarkach-ue-finanse-waluty-i-notowania-walut-gielda-gpw-surowce\\\/#breadcrumb\",\"itemListElement\":[{\"@type\":\"ListItem\",\"position\":1,\"name\":\"Home\",\"item\":\"https:\\\/\\\/favorite-news.com\\\/pl\\\/\"},{\"@type\":\"ListItem\",\"position\":2,\"name\":\"PIE o danych GUS: Spadek polskiego PKB w II kw. mniejszy ni\u017c w innych gospodarkach UE &#8211; Finanse &#8211; waluty i notowania walut, gie\u0142da, GPW, surowce\"}]},{\"@type\":\"WebSite\",\"@id\":\"https:\\\/\\\/favorite-news.com\\\/pl\\\/#website\",\"url\":\"https:\\\/\\\/favorite-news.com\\\/pl\\\/\",\"name\":\"Favorite News\",\"description\":\"Favorite News Polska\",\"potentialAction\":[{\"@type\":\"SearchAction\",\"target\":{\"@type\":\"EntryPoint\",\"urlTemplate\":\"https:\\\/\\\/favorite-news.com\\\/pl\\\/?s={search_term_string}\"},\"query-input\":{\"@type\":\"PropertyValueSpecification\",\"valueRequired\":true,\"valueName\":\"search_term_string\"}}],\"inLanguage\":\"pl-PL\"},{\"@type\":\"Person\",\"@id\":\"https:\\\/\\\/favorite-news.com\\\/pl\\\/#\\\/schema\\\/person\\\/b91573b717dcfa5e4696032a9d28d3e8\",\"name\":\"favorite-news\",\"image\":{\"@type\":\"ImageObject\",\"inLanguage\":\"pl-PL\",\"@id\":\"https:\\\/\\\/secure.gravatar.com\\\/avatar\\\/6c5a5cb12b74e9d517ee91cf570335b7d16177f1977cc91db161adfa435945a7?s=96&d=mm&r=g\",\"url\":\"https:\\\/\\\/secure.gravatar.com\\\/avatar\\\/6c5a5cb12b74e9d517ee91cf570335b7d16177f1977cc91db161adfa435945a7?s=96&d=mm&r=g\",\"contentUrl\":\"https:\\\/\\\/secure.gravatar.com\\\/avatar\\\/6c5a5cb12b74e9d517ee91cf570335b7d16177f1977cc91db161adfa435945a7?s=96&d=mm&r=g\",\"caption\":\"favorite-news\"},\"url\":\"https:\\\/\\\/favorite-news.com\\\/pl\\\/author\\\/pt\\\/\"}]}<\/script>\n<!-- \/ Yoast SEO plugin. -->","yoast_head_json":{"title":"PIE o danych GUS: Spadek polskiego PKB w II kw. mniejszy ni\u017c w innych gospodarkach UE - Finanse - waluty i notowania walut, gie\u0142da, GPW, surowce - Favorite News","robots":{"index":"index","follow":"follow","max-snippet":"max-snippet:-1","max-image-preview":"max-image-preview:large","max-video-preview":"max-video-preview:-1"},"canonical":"https:\/\/favorite-news.com\/pl\/pie-o-danych-gus-spadek-polskiego-pkb-w-ii-kw-mniejszy-niz-w-innych-gospodarkach-ue-finanse-waluty-i-notowania-walut-gielda-gpw-surowce\/","og_locale":"pl_PL","og_type":"article","og_title":"PIE o danych GUS: Spadek polskiego PKB w II kw. mniejszy ni\u017c w innych gospodarkach UE - Finanse - waluty i notowania walut, gie\u0142da, GPW, surowce - Favorite News","og_description":"G\u0142\u00f3wny Urz\u0105d Statystyczny poinformowa\u0142 w pi\u0105tek w szybkim szacunku, \u017ce polski Produkt Krajowy Brutto w II kwartale 2020 roku spad\u0142 o 8,2 proc. rdr wobec wzrostu na poziomie 2,0 proc. rdr w I kw. 2020 r. Pe\u0142ne dane o PKB w II kw. GUS poda 31 sierpnia. Analitycy PIE zwr\u00f3cili uwag\u0119, \u017ce polska gospodarka mniej [&hellip;]","og_url":"https:\/\/favorite-news.com\/pl\/pie-o-danych-gus-spadek-polskiego-pkb-w-ii-kw-mniejszy-niz-w-innych-gospodarkach-ue-finanse-waluty-i-notowania-walut-gielda-gpw-surowce\/","og_site_name":"Favorite News","article_published_time":"2020-08-15T06:44:50+00:00","article_modified_time":"2020-08-15T06:44:52+00:00","og_image":[{"width":1000,"height":572,"url":"https:\/\/favorite-news.com\/pl\/wp-content\/uploads\/sites\/6\/2020\/08\/PIE-o-danych-GUS-Spadek-polskiego-PKB-w-II-kw.jpg","type":"image\/jpeg"}],"author":"favorite-news","twitter_card":"summary_large_image","twitter_misc":{"Napisane przez":"favorite-news","Szacowany czas czytania":"2 minuty"},"schema":{"@context":"https:\/\/schema.org","@graph":[{"@type":"Article","@id":"https:\/\/favorite-news.com\/pl\/pie-o-danych-gus-spadek-polskiego-pkb-w-ii-kw-mniejszy-niz-w-innych-gospodarkach-ue-finanse-waluty-i-notowania-walut-gielda-gpw-surowce\/#article","isPartOf":{"@id":"https:\/\/favorite-news.com\/pl\/pie-o-danych-gus-spadek-polskiego-pkb-w-ii-kw-mniejszy-niz-w-innych-gospodarkach-ue-finanse-waluty-i-notowania-walut-gielda-gpw-surowce\/"},"author":{"name":"favorite-news","@id":"https:\/\/favorite-news.com\/pl\/#\/schema\/person\/b91573b717dcfa5e4696032a9d28d3e8"},"headline":"PIE o danych GUS: Spadek polskiego PKB w II kw. mniejszy ni\u017c w innych gospodarkach UE &#8211; Finanse &#8211; waluty i notowania walut, gie\u0142da, GPW, surowce","datePublished":"2020-08-15T06:44:50+00:00","dateModified":"2020-08-15T06:44:52+00:00","mainEntityOfPage":{"@id":"https:\/\/favorite-news.com\/pl\/pie-o-danych-gus-spadek-polskiego-pkb-w-ii-kw-mniejszy-niz-w-innych-gospodarkach-ue-finanse-waluty-i-notowania-walut-gielda-gpw-surowce\/"},"wordCount":357,"commentCount":0,"image":{"@id":"https:\/\/favorite-news.com\/pl\/pie-o-danych-gus-spadek-polskiego-pkb-w-ii-kw-mniejszy-niz-w-innych-gospodarkach-ue-finanse-waluty-i-notowania-walut-gielda-gpw-surowce\/#primaryimage"},"thumbnailUrl":"https:\/\/favorite-news.com\/pl\/wp-content\/uploads\/sites\/6\/2020\/08\/PIE-o-danych-GUS-Spadek-polskiego-PKB-w-II-kw.jpg","articleSection":["WIADOMO\u015aCI FINANSOWE"],"inLanguage":"pl-PL","potentialAction":[{"@type":"CommentAction","name":"Comment","target":["https:\/\/favorite-news.com\/pl\/pie-o-danych-gus-spadek-polskiego-pkb-w-ii-kw-mniejszy-niz-w-innych-gospodarkach-ue-finanse-waluty-i-notowania-walut-gielda-gpw-surowce\/#respond"]}]},{"@type":"WebPage","@id":"https:\/\/favorite-news.com\/pl\/pie-o-danych-gus-spadek-polskiego-pkb-w-ii-kw-mniejszy-niz-w-innych-gospodarkach-ue-finanse-waluty-i-notowania-walut-gielda-gpw-surowce\/","url":"https:\/\/favorite-news.com\/pl\/pie-o-danych-gus-spadek-polskiego-pkb-w-ii-kw-mniejszy-niz-w-innych-gospodarkach-ue-finanse-waluty-i-notowania-walut-gielda-gpw-surowce\/","name":"PIE o danych GUS: Spadek polskiego PKB w II kw. mniejszy ni\u017c w innych gospodarkach UE - Finanse - waluty i notowania walut, gie\u0142da, GPW, surowce - Favorite News","isPartOf":{"@id":"https:\/\/favorite-news.com\/pl\/#website"},"primaryImageOfPage":{"@id":"https:\/\/favorite-news.com\/pl\/pie-o-danych-gus-spadek-polskiego-pkb-w-ii-kw-mniejszy-niz-w-innych-gospodarkach-ue-finanse-waluty-i-notowania-walut-gielda-gpw-surowce\/#primaryimage"},"image":{"@id":"https:\/\/favorite-news.com\/pl\/pie-o-danych-gus-spadek-polskiego-pkb-w-ii-kw-mniejszy-niz-w-innych-gospodarkach-ue-finanse-waluty-i-notowania-walut-gielda-gpw-surowce\/#primaryimage"},"thumbnailUrl":"https:\/\/favorite-news.com\/pl\/wp-content\/uploads\/sites\/6\/2020\/08\/PIE-o-danych-GUS-Spadek-polskiego-PKB-w-II-kw.jpg","datePublished":"2020-08-15T06:44:50+00:00","dateModified":"2020-08-15T06:44:52+00:00","author":{"@id":"https:\/\/favorite-news.com\/pl\/#\/schema\/person\/b91573b717dcfa5e4696032a9d28d3e8"},"breadcrumb":{"@id":"https:\/\/favorite-news.com\/pl\/pie-o-danych-gus-spadek-polskiego-pkb-w-ii-kw-mniejszy-niz-w-innych-gospodarkach-ue-finanse-waluty-i-notowania-walut-gielda-gpw-surowce\/#breadcrumb"},"inLanguage":"pl-PL","potentialAction":[{"@type":"ReadAction","target":["https:\/\/favorite-news.com\/pl\/pie-o-danych-gus-spadek-polskiego-pkb-w-ii-kw-mniejszy-niz-w-innych-gospodarkach-ue-finanse-waluty-i-notowania-walut-gielda-gpw-surowce\/"]}]},{"@type":"ImageObject","inLanguage":"pl-PL","@id":"https:\/\/favorite-news.com\/pl\/pie-o-danych-gus-spadek-polskiego-pkb-w-ii-kw-mniejszy-niz-w-innych-gospodarkach-ue-finanse-waluty-i-notowania-walut-gielda-gpw-surowce\/#primaryimage","url":"https:\/\/favorite-news.com\/pl\/wp-content\/uploads\/sites\/6\/2020\/08\/PIE-o-danych-GUS-Spadek-polskiego-PKB-w-II-kw.jpg","contentUrl":"https:\/\/favorite-news.com\/pl\/wp-content\/uploads\/sites\/6\/2020\/08\/PIE-o-danych-GUS-Spadek-polskiego-PKB-w-II-kw.jpg","width":1000,"height":572,"caption":"PIE o danych GUS: Spadek polskiego PKB w II kw. mniejszy ni\u017c w innych gospodarkach UE - Finanse - waluty i notowania walut, gie\u0142da, GPW, surowce"},{"@type":"BreadcrumbList","@id":"https:\/\/favorite-news.com\/pl\/pie-o-danych-gus-spadek-polskiego-pkb-w-ii-kw-mniejszy-niz-w-innych-gospodarkach-ue-finanse-waluty-i-notowania-walut-gielda-gpw-surowce\/#breadcrumb","itemListElement":[{"@type":"ListItem","position":1,"name":"Home","item":"https:\/\/favorite-news.com\/pl\/"},{"@type":"ListItem","position":2,"name":"PIE o danych GUS: Spadek polskiego PKB w II kw. mniejszy ni\u017c w innych gospodarkach UE &#8211; Finanse &#8211; waluty i notowania walut, gie\u0142da, GPW, surowce"}]},{"@type":"WebSite","@id":"https:\/\/favorite-news.com\/pl\/#website","url":"https:\/\/favorite-news.com\/pl\/","name":"Favorite News","description":"Favorite News Polska","potentialAction":[{"@type":"SearchAction","target":{"@type":"EntryPoint","urlTemplate":"https:\/\/favorite-news.com\/pl\/?s={search_term_string}"},"query-input":{"@type":"PropertyValueSpecification","valueRequired":true,"valueName":"search_term_string"}}],"inLanguage":"pl-PL"},{"@type":"Person","@id":"https:\/\/favorite-news.com\/pl\/#\/schema\/person\/b91573b717dcfa5e4696032a9d28d3e8","name":"favorite-news","image":{"@type":"ImageObject","inLanguage":"pl-PL","@id":"https:\/\/secure.gravatar.com\/avatar\/6c5a5cb12b74e9d517ee91cf570335b7d16177f1977cc91db161adfa435945a7?s=96&d=mm&r=g","url":"https:\/\/secure.gravatar.com\/avatar\/6c5a5cb12b74e9d517ee91cf570335b7d16177f1977cc91db161adfa435945a7?s=96&d=mm&r=g","contentUrl":"https:\/\/secure.gravatar.com\/avatar\/6c5a5cb12b74e9d517ee91cf570335b7d16177f1977cc91db161adfa435945a7?s=96&d=mm&r=g","caption":"favorite-news"},"url":"https:\/\/favorite-news.com\/pl\/author\/pt\/"}]}},"_links":{"self":[{"href":"https:\/\/favorite-news.com\/pl\/wp-json\/wp\/v2\/posts\/5030","targetHints":{"allow":["GET"]}}],"collection":[{"href":"https:\/\/favorite-news.com\/pl\/wp-json\/wp\/v2\/posts"}],"about":[{"href":"https:\/\/favorite-news.com\/pl\/wp-json\/wp\/v2\/types\/post"}],"author":[{"embeddable":true,"href":"https:\/\/favorite-news.com\/pl\/wp-json\/wp\/v2\/users\/2"}],"replies":[{"embeddable":true,"href":"https:\/\/favorite-news.com\/pl\/wp-json\/wp\/v2\/comments?post=5030"}],"version-history":[{"count":1,"href":"https:\/\/favorite-news.com\/pl\/wp-json\/wp\/v2\/posts\/5030\/revisions"}],"predecessor-version":[{"id":5032,"href":"https:\/\/favorite-news.com\/pl\/wp-json\/wp\/v2\/posts\/5030\/revisions\/5032"}],"wp:featuredmedia":[{"embeddable":true,"href":"https:\/\/favorite-news.com\/pl\/wp-json\/wp\/v2\/media\/5031"}],"wp:attachment":[{"href":"https:\/\/favorite-news.com\/pl\/wp-json\/wp\/v2\/media?parent=5030"}],"wp:term":[{"taxonomy":"category","embeddable":true,"href":"https:\/\/favorite-news.com\/pl\/wp-json\/wp\/v2\/categories?post=5030"},{"taxonomy":"post_tag","embeddable":true,"href":"https:\/\/favorite-news.com\/pl\/wp-json\/wp\/v2\/tags?post=5030"}],"curies":[{"name":"wp","href":"https:\/\/api.w.org\/{rel}","templated":true}]}}