{"id":5027,"date":"2020-08-13T13:08:03","date_gmt":"2020-08-13T10:08:03","guid":{"rendered":"https:\/\/favorite-news.com\/pl\/lidl-i-biedronka-mniej-na-reklamy-22-krotny-wzrost-budzetu-aldi-top5\/"},"modified":"2020-08-13T13:08:04","modified_gmt":"2020-08-13T10:08:04","slug":"lidl-i-biedronka-mniej-na-reklamy-22-krotny-wzrost-budzetu-aldi-top5","status":"publish","type":"post","link":"https:\/\/favorite-news.com\/pl\/lidl-i-biedronka-mniej-na-reklamy-22-krotny-wzrost-budzetu-aldi-top5\/","title":{"rendered":"Lidl i Biedronka mniej na reklamy. 22-krotny wzrost bud\u017cetu Aldi (Top5)"},"content":{"rendered":"<p>Spo\u017cywcze sieci handlowe wyda\u0142y na reklamy w mediach tradycyjnych (poza internetem) nieco ponad 1 mld z\u0142 &#8211; wynika z analizy Wirtualnemedia.pl (dane cennikowe netto, bez rabat\u00f3w, Kantar). By\u0142o to 0,8 proc. mniej ni\u017c w analogicznym okresie 2019 roku.&#13;<br \/>\n&#13;<br \/>\nNajwi\u0119kszym reklamodawc\u0105 w tej kategorii by\u0142 Lidl Polska, kt\u00f3ry utrzyma\u0142 pozycj\u0119 lidera mimo zmniejszenia wydatk\u00f3w w skali roku o 3 proc., z 401,6 mln z\u0142 do 389,7 mln z\u0142.&#13;<br \/>\n&#13;<br \/>\nDrugie na podium Jeronimo Martins Polska, w\u0142a\u015bciciel sieci Biedronka zredukowa\u0142o bud\u017cet rok do roku o 9,6 proc., do 185,7 mln z\u0142.Trzecie miejsce nale\u017cy z kolei do sieci Kaufland Polska. Ta firma zwi\u0119kszy\u0142a nak\u0142ady reklamowe o 25,9 proc., do 112,9 mln z\u0142.&#13;<br \/>\n&#13;<br \/>\nDo czo\u0142\u00f3wki najwi\u0119kszych reklamodawc\u00f3w w\u015br\u00f3d market\u00f3w spo\u017cywczych trafi\u0142a firma Aldi, kt\u00f3ra zwi\u0119kszy\u0142a wydatki reklamowe z 2,6 mln z\u0142 w 2019 roku do 56,4 mln z\u0142.&#13;<br \/>\n&#13;<br \/>\nNa reklamach Carrefour Polska media zarobi\u0142y w omawianym okresie 57,6 mln z\u0142, czyli 42,2 proc. mniej ni\u017c przed rokiem, a na reklamach ITM Polska (w\u0142a\u015bciciel Intermarche) &#8211; 42,4 mln z\u0142, czyli\u00a0 12,1 proc. mniej ni\u017c rok temu.\u00a0&#13;<br \/>\n&#13;<br \/>\n&#13;<br \/>\n&#13;<br \/>\nDu\u017cy wzrost w radiu i na outdoorze&#13;<br \/>\n&#13;<br \/>\nW\u0142a\u015bciciele spo\u017cywczych sieci handlowych podobnie jak przed rokiem najwi\u0119cej inwestowali w reklam\u0119 w telewizji. Przeznaczyli na to 513,5 mln z\u0142 &#8211; by\u0142o to 13,3 proc. mniej w por\u00f3wnaniu do pierwszej po\u0142owy ub.r.Nieznacznie mniej, bo 439.4 mln z\u0142 wydali w stacjach radiowych zwi\u0119kszaj\u0105c wydatki rok do roku o 17,5 proc.&#13;<br \/>\nNa reklam\u0119 zewn\u0119trzn\u0105 przeznaczono 25,2 mln z\u0142 (wzrost rok do roku o 97,5 proc.), a na reklam\u0119 w magazynach 13 mln z\u0142 (mniej o 24,5 proc.).&#13;<br \/>\n&#13;<br \/>\nGazety na reklamach spo\u017cywczych market\u00f3w zarobi\u0142y w okresie od stycznia do czerwca br. Nieco ponad 8 mln z\u0142 (mniej o 16,4 proc.).&#13;<br \/>\n&#13;<br \/>\nWydatki na reklam\u0119 w kinach (kt\u00f3re z powodu pandemii by\u0142y nieczynne od marca do czerwca) spad\u0142y w skali roku o 61 proc., do 1,47 mln z\u0142, ale wzros\u0142y na reklam\u0119 zewn\u0119trzn\u0105 w metrze \u2013 o 55,3 proc., do 1,12 mln z\u0142.&#13;<br \/>\n&#13;<br \/>\n&#13;<\/p>\n<p>\n<!--noindex--><br \/>\n<a href=\"https:\/\/www.wirtualnemedia.pl\/artykul\/lidl-i-biedronka-mniej-na-reklamy-22-krotny-wzrost-budzetu-aldi-top5\" rel=\"nofollow\">Source link <\/a><br \/>\n<!--\/noindex--><\/p>\n","protected":false},"excerpt":{"rendered":"<p>Spo\u017cywcze sieci handlowe wyda\u0142y na reklamy w mediach tradycyjnych (poza internetem) nieco ponad 1 mld z\u0142 &#8211; wynika z analizy Wirtualnemedia.pl (dane cennikowe netto, bez rabat\u00f3w, Kantar). By\u0142o to 0,8 proc. mniej ni\u017c w analogicznym okresie 2019 roku.&#13; &#13; Najwi\u0119kszym reklamodawc\u0105 w tej kategorii by\u0142 Lidl Polska, kt\u00f3ry utrzyma\u0142 pozycj\u0119 lidera mimo zmniejszenia wydatk\u00f3w w [&hellip;]<\/p>\n","protected":false},"author":2,"featured_media":5028,"comment_status":"open","ping_status":"open","sticky":false,"template":"","format":"standard","meta":{"footnotes":""},"categories":[2],"tags":[],"class_list":["post-5027","post","type-post","status-publish","format-standard","has-post-thumbnail","hentry","category-wiadomosci-marketingowe-internetowe"],"yoast_head":"<!-- This site is optimized with the Yoast SEO plugin v27.4 - https:\/\/yoast.com\/product\/yoast-seo-wordpress\/ -->\n<title>Lidl i Biedronka mniej na reklamy. 22-krotny wzrost bud\u017cetu Aldi (Top5) - Favorite News<\/title>\n<meta name=\"robots\" content=\"index, follow, max-snippet:-1, max-image-preview:large, max-video-preview:-1\" \/>\n<link rel=\"canonical\" href=\"https:\/\/favorite-news.com\/pl\/lidl-i-biedronka-mniej-na-reklamy-22-krotny-wzrost-budzetu-aldi-top5\/\" \/>\n<meta property=\"og:locale\" content=\"pl_PL\" \/>\n<meta property=\"og:type\" content=\"article\" \/>\n<meta property=\"og:title\" content=\"Lidl i Biedronka mniej na reklamy. 22-krotny wzrost bud\u017cetu Aldi (Top5) - Favorite News\" \/>\n<meta property=\"og:description\" content=\"Spo\u017cywcze sieci handlowe wyda\u0142y na reklamy w mediach tradycyjnych (poza internetem) nieco ponad 1 mld z\u0142 &#8211; wynika z analizy Wirtualnemedia.pl (dane cennikowe netto, bez rabat\u00f3w, Kantar). By\u0142o to 0,8 proc. mniej ni\u017c w analogicznym okresie 2019 roku.&#013; &#013; Najwi\u0119kszym reklamodawc\u0105 w tej kategorii by\u0142 Lidl Polska, kt\u00f3ry utrzyma\u0142 pozycj\u0119 lidera mimo zmniejszenia wydatk\u00f3w w [&hellip;]\" \/>\n<meta property=\"og:url\" content=\"https:\/\/favorite-news.com\/pl\/lidl-i-biedronka-mniej-na-reklamy-22-krotny-wzrost-budzetu-aldi-top5\/\" \/>\n<meta property=\"og:site_name\" content=\"Favorite News\" \/>\n<meta property=\"article:published_time\" content=\"2020-08-13T10:08:03+00:00\" \/>\n<meta property=\"article:modified_time\" content=\"2020-08-13T10:08:04+00:00\" \/>\n<meta property=\"og:image\" content=\"https:\/\/favorite-news.com\/pl\/wp-content\/uploads\/sites\/6\/2020\/08\/Lidl-i-Biedronka-mniej-na-reklamy.-22-krotny-wzrost-bud\u017cetu-Aldi.jpg\" \/>\n\t<meta property=\"og:image:width\" content=\"655\" \/>\n\t<meta property=\"og:image:height\" content=\"436\" \/>\n\t<meta property=\"og:image:type\" content=\"image\/jpeg\" \/>\n<meta name=\"author\" content=\"favorite-news\" \/>\n<meta name=\"twitter:card\" content=\"summary_large_image\" \/>\n<meta name=\"twitter:label1\" content=\"Napisane przez\" \/>\n\t<meta name=\"twitter:data1\" content=\"favorite-news\" \/>\n\t<meta name=\"twitter:label2\" content=\"Szacowany czas czytania\" \/>\n\t<meta name=\"twitter:data2\" content=\"2 minuty\" \/>\n<script type=\"application\/ld+json\" class=\"yoast-schema-graph\">{\"@context\":\"https:\\\/\\\/schema.org\",\"@graph\":[{\"@type\":\"Article\",\"@id\":\"https:\\\/\\\/favorite-news.com\\\/pl\\\/lidl-i-biedronka-mniej-na-reklamy-22-krotny-wzrost-budzetu-aldi-top5\\\/#article\",\"isPartOf\":{\"@id\":\"https:\\\/\\\/favorite-news.com\\\/pl\\\/lidl-i-biedronka-mniej-na-reklamy-22-krotny-wzrost-budzetu-aldi-top5\\\/\"},\"author\":{\"name\":\"favorite-news\",\"@id\":\"https:\\\/\\\/favorite-news.com\\\/pl\\\/#\\\/schema\\\/person\\\/b91573b717dcfa5e4696032a9d28d3e8\"},\"headline\":\"Lidl i Biedronka mniej na reklamy. 22-krotny wzrost bud\u017cetu Aldi (Top5)\",\"datePublished\":\"2020-08-13T10:08:03+00:00\",\"dateModified\":\"2020-08-13T10:08:04+00:00\",\"mainEntityOfPage\":{\"@id\":\"https:\\\/\\\/favorite-news.com\\\/pl\\\/lidl-i-biedronka-mniej-na-reklamy-22-krotny-wzrost-budzetu-aldi-top5\\\/\"},\"wordCount\":349,\"commentCount\":0,\"image\":{\"@id\":\"https:\\\/\\\/favorite-news.com\\\/pl\\\/lidl-i-biedronka-mniej-na-reklamy-22-krotny-wzrost-budzetu-aldi-top5\\\/#primaryimage\"},\"thumbnailUrl\":\"https:\\\/\\\/favorite-news.com\\\/pl\\\/wp-content\\\/uploads\\\/sites\\\/6\\\/2020\\\/08\\\/Lidl-i-Biedronka-mniej-na-reklamy.-22-krotny-wzrost-bud\u017cetu-Aldi.jpg\",\"articleSection\":[\"WIADOMO\u015aCI MARKETINGOWE INTERNETOWE\"],\"inLanguage\":\"pl-PL\",\"potentialAction\":[{\"@type\":\"CommentAction\",\"name\":\"Comment\",\"target\":[\"https:\\\/\\\/favorite-news.com\\\/pl\\\/lidl-i-biedronka-mniej-na-reklamy-22-krotny-wzrost-budzetu-aldi-top5\\\/#respond\"]}]},{\"@type\":\"WebPage\",\"@id\":\"https:\\\/\\\/favorite-news.com\\\/pl\\\/lidl-i-biedronka-mniej-na-reklamy-22-krotny-wzrost-budzetu-aldi-top5\\\/\",\"url\":\"https:\\\/\\\/favorite-news.com\\\/pl\\\/lidl-i-biedronka-mniej-na-reklamy-22-krotny-wzrost-budzetu-aldi-top5\\\/\",\"name\":\"Lidl i Biedronka mniej na reklamy. 22-krotny wzrost bud\u017cetu Aldi (Top5) - Favorite News\",\"isPartOf\":{\"@id\":\"https:\\\/\\\/favorite-news.com\\\/pl\\\/#website\"},\"primaryImageOfPage\":{\"@id\":\"https:\\\/\\\/favorite-news.com\\\/pl\\\/lidl-i-biedronka-mniej-na-reklamy-22-krotny-wzrost-budzetu-aldi-top5\\\/#primaryimage\"},\"image\":{\"@id\":\"https:\\\/\\\/favorite-news.com\\\/pl\\\/lidl-i-biedronka-mniej-na-reklamy-22-krotny-wzrost-budzetu-aldi-top5\\\/#primaryimage\"},\"thumbnailUrl\":\"https:\\\/\\\/favorite-news.com\\\/pl\\\/wp-content\\\/uploads\\\/sites\\\/6\\\/2020\\\/08\\\/Lidl-i-Biedronka-mniej-na-reklamy.-22-krotny-wzrost-bud\u017cetu-Aldi.jpg\",\"datePublished\":\"2020-08-13T10:08:03+00:00\",\"dateModified\":\"2020-08-13T10:08:04+00:00\",\"author\":{\"@id\":\"https:\\\/\\\/favorite-news.com\\\/pl\\\/#\\\/schema\\\/person\\\/b91573b717dcfa5e4696032a9d28d3e8\"},\"breadcrumb\":{\"@id\":\"https:\\\/\\\/favorite-news.com\\\/pl\\\/lidl-i-biedronka-mniej-na-reklamy-22-krotny-wzrost-budzetu-aldi-top5\\\/#breadcrumb\"},\"inLanguage\":\"pl-PL\",\"potentialAction\":[{\"@type\":\"ReadAction\",\"target\":[\"https:\\\/\\\/favorite-news.com\\\/pl\\\/lidl-i-biedronka-mniej-na-reklamy-22-krotny-wzrost-budzetu-aldi-top5\\\/\"]}]},{\"@type\":\"ImageObject\",\"inLanguage\":\"pl-PL\",\"@id\":\"https:\\\/\\\/favorite-news.com\\\/pl\\\/lidl-i-biedronka-mniej-na-reklamy-22-krotny-wzrost-budzetu-aldi-top5\\\/#primaryimage\",\"url\":\"https:\\\/\\\/favorite-news.com\\\/pl\\\/wp-content\\\/uploads\\\/sites\\\/6\\\/2020\\\/08\\\/Lidl-i-Biedronka-mniej-na-reklamy.-22-krotny-wzrost-bud\u017cetu-Aldi.jpg\",\"contentUrl\":\"https:\\\/\\\/favorite-news.com\\\/pl\\\/wp-content\\\/uploads\\\/sites\\\/6\\\/2020\\\/08\\\/Lidl-i-Biedronka-mniej-na-reklamy.-22-krotny-wzrost-bud\u017cetu-Aldi.jpg\",\"width\":655,\"height\":436,\"caption\":\"Article\"},{\"@type\":\"BreadcrumbList\",\"@id\":\"https:\\\/\\\/favorite-news.com\\\/pl\\\/lidl-i-biedronka-mniej-na-reklamy-22-krotny-wzrost-budzetu-aldi-top5\\\/#breadcrumb\",\"itemListElement\":[{\"@type\":\"ListItem\",\"position\":1,\"name\":\"Home\",\"item\":\"https:\\\/\\\/favorite-news.com\\\/pl\\\/\"},{\"@type\":\"ListItem\",\"position\":2,\"name\":\"Lidl i Biedronka mniej na reklamy. 22-krotny wzrost bud\u017cetu Aldi (Top5)\"}]},{\"@type\":\"WebSite\",\"@id\":\"https:\\\/\\\/favorite-news.com\\\/pl\\\/#website\",\"url\":\"https:\\\/\\\/favorite-news.com\\\/pl\\\/\",\"name\":\"Favorite News\",\"description\":\"Favorite News Polska\",\"potentialAction\":[{\"@type\":\"SearchAction\",\"target\":{\"@type\":\"EntryPoint\",\"urlTemplate\":\"https:\\\/\\\/favorite-news.com\\\/pl\\\/?s={search_term_string}\"},\"query-input\":{\"@type\":\"PropertyValueSpecification\",\"valueRequired\":true,\"valueName\":\"search_term_string\"}}],\"inLanguage\":\"pl-PL\"},{\"@type\":\"Person\",\"@id\":\"https:\\\/\\\/favorite-news.com\\\/pl\\\/#\\\/schema\\\/person\\\/b91573b717dcfa5e4696032a9d28d3e8\",\"name\":\"favorite-news\",\"image\":{\"@type\":\"ImageObject\",\"inLanguage\":\"pl-PL\",\"@id\":\"https:\\\/\\\/secure.gravatar.com\\\/avatar\\\/6c5a5cb12b74e9d517ee91cf570335b7d16177f1977cc91db161adfa435945a7?s=96&d=mm&r=g\",\"url\":\"https:\\\/\\\/secure.gravatar.com\\\/avatar\\\/6c5a5cb12b74e9d517ee91cf570335b7d16177f1977cc91db161adfa435945a7?s=96&d=mm&r=g\",\"contentUrl\":\"https:\\\/\\\/secure.gravatar.com\\\/avatar\\\/6c5a5cb12b74e9d517ee91cf570335b7d16177f1977cc91db161adfa435945a7?s=96&d=mm&r=g\",\"caption\":\"favorite-news\"},\"url\":\"https:\\\/\\\/favorite-news.com\\\/pl\\\/author\\\/pt\\\/\"}]}<\/script>\n<!-- \/ Yoast SEO plugin. -->","yoast_head_json":{"title":"Lidl i Biedronka mniej na reklamy. 22-krotny wzrost bud\u017cetu Aldi (Top5) - Favorite News","robots":{"index":"index","follow":"follow","max-snippet":"max-snippet:-1","max-image-preview":"max-image-preview:large","max-video-preview":"max-video-preview:-1"},"canonical":"https:\/\/favorite-news.com\/pl\/lidl-i-biedronka-mniej-na-reklamy-22-krotny-wzrost-budzetu-aldi-top5\/","og_locale":"pl_PL","og_type":"article","og_title":"Lidl i Biedronka mniej na reklamy. 22-krotny wzrost bud\u017cetu Aldi (Top5) - Favorite News","og_description":"Spo\u017cywcze sieci handlowe wyda\u0142y na reklamy w mediach tradycyjnych (poza internetem) nieco ponad 1 mld z\u0142 &#8211; wynika z analizy Wirtualnemedia.pl (dane cennikowe netto, bez rabat\u00f3w, Kantar). By\u0142o to 0,8 proc. mniej ni\u017c w analogicznym okresie 2019 roku.&#13; &#13; Najwi\u0119kszym reklamodawc\u0105 w tej kategorii by\u0142 Lidl Polska, kt\u00f3ry utrzyma\u0142 pozycj\u0119 lidera mimo zmniejszenia wydatk\u00f3w w [&hellip;]","og_url":"https:\/\/favorite-news.com\/pl\/lidl-i-biedronka-mniej-na-reklamy-22-krotny-wzrost-budzetu-aldi-top5\/","og_site_name":"Favorite News","article_published_time":"2020-08-13T10:08:03+00:00","article_modified_time":"2020-08-13T10:08:04+00:00","og_image":[{"width":655,"height":436,"url":"https:\/\/favorite-news.com\/pl\/wp-content\/uploads\/sites\/6\/2020\/08\/Lidl-i-Biedronka-mniej-na-reklamy.-22-krotny-wzrost-bud\u017cetu-Aldi.jpg","type":"image\/jpeg"}],"author":"favorite-news","twitter_card":"summary_large_image","twitter_misc":{"Napisane przez":"favorite-news","Szacowany czas czytania":"2 minuty"},"schema":{"@context":"https:\/\/schema.org","@graph":[{"@type":"Article","@id":"https:\/\/favorite-news.com\/pl\/lidl-i-biedronka-mniej-na-reklamy-22-krotny-wzrost-budzetu-aldi-top5\/#article","isPartOf":{"@id":"https:\/\/favorite-news.com\/pl\/lidl-i-biedronka-mniej-na-reklamy-22-krotny-wzrost-budzetu-aldi-top5\/"},"author":{"name":"favorite-news","@id":"https:\/\/favorite-news.com\/pl\/#\/schema\/person\/b91573b717dcfa5e4696032a9d28d3e8"},"headline":"Lidl i Biedronka mniej na reklamy. 22-krotny wzrost bud\u017cetu Aldi (Top5)","datePublished":"2020-08-13T10:08:03+00:00","dateModified":"2020-08-13T10:08:04+00:00","mainEntityOfPage":{"@id":"https:\/\/favorite-news.com\/pl\/lidl-i-biedronka-mniej-na-reklamy-22-krotny-wzrost-budzetu-aldi-top5\/"},"wordCount":349,"commentCount":0,"image":{"@id":"https:\/\/favorite-news.com\/pl\/lidl-i-biedronka-mniej-na-reklamy-22-krotny-wzrost-budzetu-aldi-top5\/#primaryimage"},"thumbnailUrl":"https:\/\/favorite-news.com\/pl\/wp-content\/uploads\/sites\/6\/2020\/08\/Lidl-i-Biedronka-mniej-na-reklamy.-22-krotny-wzrost-bud\u017cetu-Aldi.jpg","articleSection":["WIADOMO\u015aCI MARKETINGOWE INTERNETOWE"],"inLanguage":"pl-PL","potentialAction":[{"@type":"CommentAction","name":"Comment","target":["https:\/\/favorite-news.com\/pl\/lidl-i-biedronka-mniej-na-reklamy-22-krotny-wzrost-budzetu-aldi-top5\/#respond"]}]},{"@type":"WebPage","@id":"https:\/\/favorite-news.com\/pl\/lidl-i-biedronka-mniej-na-reklamy-22-krotny-wzrost-budzetu-aldi-top5\/","url":"https:\/\/favorite-news.com\/pl\/lidl-i-biedronka-mniej-na-reklamy-22-krotny-wzrost-budzetu-aldi-top5\/","name":"Lidl i Biedronka mniej na reklamy. 22-krotny wzrost bud\u017cetu Aldi (Top5) - Favorite News","isPartOf":{"@id":"https:\/\/favorite-news.com\/pl\/#website"},"primaryImageOfPage":{"@id":"https:\/\/favorite-news.com\/pl\/lidl-i-biedronka-mniej-na-reklamy-22-krotny-wzrost-budzetu-aldi-top5\/#primaryimage"},"image":{"@id":"https:\/\/favorite-news.com\/pl\/lidl-i-biedronka-mniej-na-reklamy-22-krotny-wzrost-budzetu-aldi-top5\/#primaryimage"},"thumbnailUrl":"https:\/\/favorite-news.com\/pl\/wp-content\/uploads\/sites\/6\/2020\/08\/Lidl-i-Biedronka-mniej-na-reklamy.-22-krotny-wzrost-bud\u017cetu-Aldi.jpg","datePublished":"2020-08-13T10:08:03+00:00","dateModified":"2020-08-13T10:08:04+00:00","author":{"@id":"https:\/\/favorite-news.com\/pl\/#\/schema\/person\/b91573b717dcfa5e4696032a9d28d3e8"},"breadcrumb":{"@id":"https:\/\/favorite-news.com\/pl\/lidl-i-biedronka-mniej-na-reklamy-22-krotny-wzrost-budzetu-aldi-top5\/#breadcrumb"},"inLanguage":"pl-PL","potentialAction":[{"@type":"ReadAction","target":["https:\/\/favorite-news.com\/pl\/lidl-i-biedronka-mniej-na-reklamy-22-krotny-wzrost-budzetu-aldi-top5\/"]}]},{"@type":"ImageObject","inLanguage":"pl-PL","@id":"https:\/\/favorite-news.com\/pl\/lidl-i-biedronka-mniej-na-reklamy-22-krotny-wzrost-budzetu-aldi-top5\/#primaryimage","url":"https:\/\/favorite-news.com\/pl\/wp-content\/uploads\/sites\/6\/2020\/08\/Lidl-i-Biedronka-mniej-na-reklamy.-22-krotny-wzrost-bud\u017cetu-Aldi.jpg","contentUrl":"https:\/\/favorite-news.com\/pl\/wp-content\/uploads\/sites\/6\/2020\/08\/Lidl-i-Biedronka-mniej-na-reklamy.-22-krotny-wzrost-bud\u017cetu-Aldi.jpg","width":655,"height":436,"caption":"Article"},{"@type":"BreadcrumbList","@id":"https:\/\/favorite-news.com\/pl\/lidl-i-biedronka-mniej-na-reklamy-22-krotny-wzrost-budzetu-aldi-top5\/#breadcrumb","itemListElement":[{"@type":"ListItem","position":1,"name":"Home","item":"https:\/\/favorite-news.com\/pl\/"},{"@type":"ListItem","position":2,"name":"Lidl i Biedronka mniej na reklamy. 22-krotny wzrost bud\u017cetu Aldi (Top5)"}]},{"@type":"WebSite","@id":"https:\/\/favorite-news.com\/pl\/#website","url":"https:\/\/favorite-news.com\/pl\/","name":"Favorite News","description":"Favorite News Polska","potentialAction":[{"@type":"SearchAction","target":{"@type":"EntryPoint","urlTemplate":"https:\/\/favorite-news.com\/pl\/?s={search_term_string}"},"query-input":{"@type":"PropertyValueSpecification","valueRequired":true,"valueName":"search_term_string"}}],"inLanguage":"pl-PL"},{"@type":"Person","@id":"https:\/\/favorite-news.com\/pl\/#\/schema\/person\/b91573b717dcfa5e4696032a9d28d3e8","name":"favorite-news","image":{"@type":"ImageObject","inLanguage":"pl-PL","@id":"https:\/\/secure.gravatar.com\/avatar\/6c5a5cb12b74e9d517ee91cf570335b7d16177f1977cc91db161adfa435945a7?s=96&d=mm&r=g","url":"https:\/\/secure.gravatar.com\/avatar\/6c5a5cb12b74e9d517ee91cf570335b7d16177f1977cc91db161adfa435945a7?s=96&d=mm&r=g","contentUrl":"https:\/\/secure.gravatar.com\/avatar\/6c5a5cb12b74e9d517ee91cf570335b7d16177f1977cc91db161adfa435945a7?s=96&d=mm&r=g","caption":"favorite-news"},"url":"https:\/\/favorite-news.com\/pl\/author\/pt\/"}]}},"_links":{"self":[{"href":"https:\/\/favorite-news.com\/pl\/wp-json\/wp\/v2\/posts\/5027","targetHints":{"allow":["GET"]}}],"collection":[{"href":"https:\/\/favorite-news.com\/pl\/wp-json\/wp\/v2\/posts"}],"about":[{"href":"https:\/\/favorite-news.com\/pl\/wp-json\/wp\/v2\/types\/post"}],"author":[{"embeddable":true,"href":"https:\/\/favorite-news.com\/pl\/wp-json\/wp\/v2\/users\/2"}],"replies":[{"embeddable":true,"href":"https:\/\/favorite-news.com\/pl\/wp-json\/wp\/v2\/comments?post=5027"}],"version-history":[{"count":1,"href":"https:\/\/favorite-news.com\/pl\/wp-json\/wp\/v2\/posts\/5027\/revisions"}],"predecessor-version":[{"id":5029,"href":"https:\/\/favorite-news.com\/pl\/wp-json\/wp\/v2\/posts\/5027\/revisions\/5029"}],"wp:featuredmedia":[{"embeddable":true,"href":"https:\/\/favorite-news.com\/pl\/wp-json\/wp\/v2\/media\/5028"}],"wp:attachment":[{"href":"https:\/\/favorite-news.com\/pl\/wp-json\/wp\/v2\/media?parent=5027"}],"wp:term":[{"taxonomy":"category","embeddable":true,"href":"https:\/\/favorite-news.com\/pl\/wp-json\/wp\/v2\/categories?post=5027"},{"taxonomy":"post_tag","embeddable":true,"href":"https:\/\/favorite-news.com\/pl\/wp-json\/wp\/v2\/tags?post=5027"}],"curies":[{"name":"wp","href":"https:\/\/api.w.org\/{rel}","templated":true}]}}