{"id":5021,"date":"2020-08-10T11:25:26","date_gmt":"2020-08-10T08:25:26","guid":{"rendered":"https:\/\/favorite-news.com\/pl\/polacy-awansuja-w-miedzynarodowym-funduszu-walutowym-i-banku-swiatowym-finanse-waluty-i-notowania-walut-gielda-gpw-surowce\/"},"modified":"2020-08-10T11:25:28","modified_gmt":"2020-08-10T08:25:28","slug":"polacy-awansuja-w-miedzynarodowym-funduszu-walutowym-i-banku-swiatowym-finanse-waluty-i-notowania-walut-gielda-gpw-surowce","status":"publish","type":"post","link":"https:\/\/favorite-news.com\/pl\/polacy-awansuja-w-miedzynarodowym-funduszu-walutowym-i-banku-swiatowym-finanse-waluty-i-notowania-walut-gielda-gpw-surowce\/","title":{"rendered":"Polacy awansuj\u0105 w Mi\u0119dzynarodowym Funduszu Walutowym i Banku \u015awiatowym &#8211; Finanse &#8211; waluty i notowania walut, gie\u0142da, GPW, surowce"},"content":{"rendered":"<p>To dwie kluczowe globalne instytucje finansowe. Polska jest ich udzia\u0142owcem. Nasz g\u0142os b\u0119dzie wkr\u00f3tce lepiej s\u0142yszany, bo przejmujemy istotne stanowiska dyrektor\u00f3w wykonawczych (executive director). W ten spos\u00f3b staniemy na czele konstytuanty, czyli grupy kraj\u00f3w, na jakie podzielony jest zar\u00f3wno Mi\u0119dzynarodowy Fundusz Walutowy (MFW), jak i Bank \u015awiatowy (B\u015a). W obu instytucjach nale\u017cymy do \u201ekoszyka\u201d, w kt\u00f3rym s\u0105 tak\u017ce: Szwajcaria, Azerbejd\u017can, Kazachstan, Kirgistan, Serbia, Tad\u017cykistan, Turkmenistan oraz Uzbekistan.<br \/>\n\u2013 Do zmiany na stanowiskach dochodzi w wyniku g\u0142osowania. To jednak formalno\u015b\u0107, bo rotacja na stanowisku dyrektora jest ustalona i wynegocjowana od lat \u2013 m\u00f3wi nasz informator z resortu finans\u00f3w.<br \/>\nTo ministerstwo wskazuje przedstawiciela w MFW. Podobny ruch w B\u015a nale\u017cy do prezesa Narodowego Banku Polskiego. Rada Wykonawcza to kluczowe cia\u0142o decyzyjne odpowiedzialne za bie\u017c\u0105c\u0105 dzia\u0142alno\u015b\u0107 instytucji i podejmuj\u0105ce m.in. decyzje dotycz\u0105ce przyznania pomocy finansowej.<br \/>\nZmiana miejscZwyczajowo na czele grupy pa\u0144stw, do kt\u00f3rej nale\u017cymy, sta\u0142 Szwajcar, a Polak sprawowa\u0142 stanowisko zast\u0119pcy dyrektora wykonawczego (alternate executive director). W 2012 r. w MFW, a w 2016 r. w B\u015a uda\u0142o nam si\u0119 jednak wypracowa\u0107 porozumienie o polsko-szwajcarskiej, dwuletniej rotacji na dyrektorskim sto\u0142ku.<br \/>\nW MFW pierwszy raz obj\u0119li\u015bmy to stanowisko jesieni\u0105 2016 r. W\u00f3wczas minister finans\u00f3w Pawe\u0142 Sza\u0142amacha wys\u0142a\u0142 do Waszyngtonu Miros\u0142awa Panka. Po dw\u00f3ch latach on wr\u00f3ci\u0142 do kraju, a Polak zosta\u0142 zast\u0119pc\u0105 dyrektora. Na t\u0119 misj\u0119 zosta\u0142 wydelegowany Piotr Tr\u0105bi\u0144ski. Przed tym by\u0142 asystentem szwajcarskiego dyrektora (wskazanie asystenta nale\u017ca\u0142o do naszych kompetencji). Ministerstwo Finans\u00f3w potwierdzi\u0142o nam jego kandydatur\u0119.<br \/>\n\u2013 W MFW jest od czterech lat. Panek obejmowa\u0142 to stanowisko w kontrowersyjnych okoliczno\u015bciach, bo w\u00f3wczas oczywistym kandydatem by\u0142 przygotowuj\u0105cy si\u0119 do tej roli przez dwa lata by\u0142y wiceminister finans\u00f3w i g\u0142\u00f3wny ekonomista resortu Ludwik Kotecki. Teraz mamy cz\u0142owieka, kt\u00f3ry jest dobrze przygotowany do tego, aby reprezentowa\u0107 w Funduszu interesy nasze i ca\u0142ej konstytuanty \u2013 podkre\u015bla nasz rozm\u00f3wca z resortu finans\u00f3w.<br \/>\nTr\u0105bi\u0144ski to absolwent prawa na Uniwersytecie Warszawskim. W przesz\u0142o\u015bci by\u0142 ekspertem Narodowego Centrum Studi\u00f3w Strategicznych. Specjalizowa\u0142 si\u0119 w administracyjno-prawnych aspektach cyberprzestrzeni oraz strategicznym znaczeniu cyberbezpiecze\u0144stwa. By\u0142 tak\u017ce dyrektorem Santander Universidades, programu wsp\u00f3\u0142pracy z uczelniami w Banku Zachodnim WBK (obecnie Santander Bank Polska). Instytucj\u0105 kierowa\u0142 wtedy obecny premier Mateusz Morawiecki.<br \/>\n\u2013 Mog\u0119 potwierdzi\u0107, \u017ce je\u015bli nic si\u0119 nie zmieni i moja kandydatura zostanie poparta przez inne kraje naszej konstytuanty w wyborach dyrektor\u00f3w wykonawczych MFW, to faktycznie b\u0119d\u0119 reprezentowa\u0142 interesy dziewi\u0119ciu pa\u0144stw na Radzie Wykonawczej Funduszu. Wyniki g\u0142osowania b\u0119d\u0105 znane najp\u00f3\u017aniej w drugiej po\u0142owie pa\u017adziernika \u2013 m\u00f3wi DGP Tr\u0105bi\u0144ski.<br \/>\nPrzyznaje, \u017ce obecnie \u2013 w porozumieniu z krajowymi instytucjami \u2013 przygotowywana jest strategia z celami i priorytetami naszego przewodnictwa w konstytuancie nie tylko MFW, ale tak\u017ce B\u015a.<br \/>\nW tej drugiej instytucji Polak po raz pierwszy, tak\u017ce na dwa lata, obejmie fotel dyrektora wykonawczego. Obecnie zast\u0119pc\u0105 Szwajcara jest wys\u0142ana w 2018 r. przez prezesa NBP Adama Glapi\u0144skiego Katarzyna Zajdel-Kurowska. Przed wyjazdem do Waszyngtonu by\u0142a przez pi\u0119\u0107 lat cz\u0142onkiem zarz\u0105du banku centralnego, a w latach 2007\u20132009 wiceministrem finans\u00f3w. B\u015a to nie jest jej pierwsza mi\u0119dzynarodowa instytucja finansowa. Z MF zosta\u0142a oddelegowana w 2009 r. do MFW na zast\u0119pc\u0119 dyrektora wykonawczego i przebywa\u0142a w Stanach Zjednoczonych przez trzy lata, w trudnym okresie, kiedy globalna gospodarka zmaga\u0142a si\u0119 z kryzysem finansowym.<br \/>\nNBP poinformowa\u0142 nas, \u017ce Zajdel-Kurowska jest r\u00f3wnie\u017c kandydatk\u0105 na stanowisko dyrektora wykonawczego B\u015a, kt\u00f3re \u2013 podobnie jak w przypadku MFW \u2013 obejmiemy od 1 listopada.<br \/>\nKryzysowe zarz\u0105dzanie<br \/>\nObecnie zar\u00f3wno MFW, jak i B\u015a zajmuje kolejny kryzys, tym razem wywo\u0142any epidemi\u0105 koronawirusa.<br \/>\nStanowisko dyrektorskie wymaga reprezentowania ca\u0142ej konstytuanty, ale jest te\u017c wa\u017cne dla dyplomacji, bo Polak b\u0119dzie m\u00f3g\u0142 \u2013 mniej formalnie \u2013 zabiega\u0107 o nasze interesy.<br \/>\nTr\u0105bi\u0144ski przyznaje, \u017ce zarz\u0105dzanie naszym \u201ekoszykiem\u201d kraj\u00f3w w MFW b\u0119dzie wyzwaniem ze wzgl\u0119du na jego r\u00f3\u017cnorodno\u015b\u0107. Na dziewi\u0119ciu cz\u0142onk\u00f3w tylko trzy kraje s\u0105 z Europy, a Polska jako jedyna jest w Unii Europejskiej.<br \/>\nJego zdaniem wa\u017cnymi kwestiami w najbli\u017cszym czasie b\u0119d\u0105: odpowied\u017a na kryzys gospodarczy wywo\u0142any wirusem oraz finansowanie \u2013 zar\u00f3wno w trybie nag\u0142ym, jak i standardowe poprzez programy Funduszu \u2013 dla pa\u0144stw znajduj\u0105cych si\u0119 w trudnej sytuacji bud\u017cetowej.<br \/>\nDo tego MFW b\u0119dzie przygotowywa\u0142 rekomendacje regionalne dotycz\u0105ce wychodzenia z obecnego kryzysu i budowania silniejszej wsp\u00f3\u0142pracy gospodarczej.<br \/>\n\u2013 W kontek\u015bcie Polski na pewno na radarze b\u0119d\u0105 kwestie gospodarczych relacji regionalnych, naszej kondycji gospodarczej i naszego zaanga\u017cowania w inicjatywy mi\u0119dzynarodowe zwi\u0105zane z dzia\u0142aniami takich instytucji jak MFW, B\u015a \u2013 podkre\u015bla rozm\u00f3wca DGP.<br \/>\nO tym, jak\u0105 rol\u0119 w walce z kryzysem mo\u017ce odegra\u0107 MFW, m\u00f3wi\u0142a jego szefowa Kristalina Georgiewa w niedawnym wywiadzie dla RMF FM. Zwraca\u0142a uwag\u0119, \u017ce Fundusz jest w stanie wygospodarowa\u0107 bilion dolar\u00f3w na po\u017cyczki.<br \/>\n\u2013 To, co zrobili\u015bmy do tej pory, to po pierwsze \u2013 zapewnienie kryzysowego finansowania dla kraj\u00f3w, kt\u00f3re nie posiadaj\u0105 rezerw i bufor\u00f3w. MFW jest dla nich finansow\u0105 ostatni\u0105 desk\u0105 ratunku. Rozszerzyli\u015bmy 25-miliardowy program wsparcia kryzysowego, bardzo r\u00f3\u017cni\u0105cy si\u0119 od naszych tradycyjnych program\u00f3w. (\u2026) Jednocze\u015bnie rozszerzyli\u015bmy wart 107 mld dol. fundusz \u015brodk\u00f3w zapobiegawczych dla kraj\u00f3w o silnych podstawach ekonomicznych. To da\u0142o im dodatkowe zabezpieczenia \u2013 wskaza\u0142a. Przyzna\u0142a, \u017ce trzy czwarte zdolno\u015bci po\u017cyczkowych Funduszu s\u0105 wci\u0105\u017c dost\u0119pne, a rozdysponowane zosta\u0142o na razie ok. 250 mld dol.<br \/>\nZar\u00f3wno MFW, jak i B\u015a zaprz\u0105ta kryzys wywo\u0142any pandemi\u0105<br \/>\n<br \/>\n<!--noindex--><br \/>\n<a href=\"http:\/\/rss.gazetaprawna.pl\/~r\/GazetaPrawna-Finanse\/~3\/rA_hluchRJ0\/1487980,polacy-awansuja-w-miedzynarodowym-funduszu-walutowym-i-banku-swiatowym.html\" rel=\"nofollow\">Source link <\/a><br \/>\n<!--\/noindex--><\/p>\n","protected":false},"excerpt":{"rendered":"<p>To dwie kluczowe globalne instytucje finansowe. Polska jest ich udzia\u0142owcem. Nasz g\u0142os b\u0119dzie wkr\u00f3tce lepiej s\u0142yszany, bo przejmujemy istotne stanowiska dyrektor\u00f3w wykonawczych (executive director). W ten spos\u00f3b staniemy na czele konstytuanty, czyli grupy kraj\u00f3w, na jakie podzielony jest zar\u00f3wno Mi\u0119dzynarodowy Fundusz Walutowy (MFW), jak i Bank \u015awiatowy (B\u015a). W obu instytucjach nale\u017cymy do \u201ekoszyka\u201d, w [&hellip;]<\/p>\n","protected":false},"author":2,"featured_media":5022,"comment_status":"open","ping_status":"open","sticky":false,"template":"","format":"standard","meta":{"footnotes":""},"categories":[1],"tags":[],"class_list":["post-5021","post","type-post","status-publish","format-standard","has-post-thumbnail","hentry","category-wiadomosci-finansowe"],"yoast_head":"<!-- This site is optimized with the Yoast SEO plugin v27.4 - https:\/\/yoast.com\/product\/yoast-seo-wordpress\/ -->\n<title>Polacy awansuj\u0105 w Mi\u0119dzynarodowym Funduszu Walutowym i Banku \u015awiatowym - Finanse - waluty i notowania walut, gie\u0142da, GPW, surowce - Favorite News<\/title>\n<meta name=\"robots\" content=\"index, follow, max-snippet:-1, max-image-preview:large, max-video-preview:-1\" \/>\n<link rel=\"canonical\" href=\"https:\/\/favorite-news.com\/pl\/polacy-awansuja-w-miedzynarodowym-funduszu-walutowym-i-banku-swiatowym-finanse-waluty-i-notowania-walut-gielda-gpw-surowce\/\" \/>\n<meta property=\"og:locale\" content=\"pl_PL\" \/>\n<meta property=\"og:type\" content=\"article\" \/>\n<meta property=\"og:title\" content=\"Polacy awansuj\u0105 w Mi\u0119dzynarodowym Funduszu Walutowym i Banku \u015awiatowym - Finanse - waluty i notowania walut, gie\u0142da, GPW, surowce - Favorite News\" \/>\n<meta property=\"og:description\" content=\"To dwie kluczowe globalne instytucje finansowe. Polska jest ich udzia\u0142owcem. Nasz g\u0142os b\u0119dzie wkr\u00f3tce lepiej s\u0142yszany, bo przejmujemy istotne stanowiska dyrektor\u00f3w wykonawczych (executive director). W ten spos\u00f3b staniemy na czele konstytuanty, czyli grupy kraj\u00f3w, na jakie podzielony jest zar\u00f3wno Mi\u0119dzynarodowy Fundusz Walutowy (MFW), jak i Bank \u015awiatowy (B\u015a). W obu instytucjach nale\u017cymy do \u201ekoszyka\u201d, w [&hellip;]\" \/>\n<meta property=\"og:url\" content=\"https:\/\/favorite-news.com\/pl\/polacy-awansuja-w-miedzynarodowym-funduszu-walutowym-i-banku-swiatowym-finanse-waluty-i-notowania-walut-gielda-gpw-surowce\/\" \/>\n<meta property=\"og:site_name\" content=\"Favorite News\" \/>\n<meta property=\"article:published_time\" content=\"2020-08-10T08:25:26+00:00\" \/>\n<meta property=\"article:modified_time\" content=\"2020-08-10T08:25:28+00:00\" \/>\n<meta property=\"og:image\" content=\"https:\/\/favorite-news.com\/pl\/wp-content\/uploads\/sites\/6\/2020\/08\/Polacy-awansuj\u0105-w-Mi\u0119dzynarodowym-Funduszu-Walutowym-i-Banku-\u015awiatowym.jpg\" \/>\n\t<meta property=\"og:image:width\" content=\"1764\" \/>\n\t<meta property=\"og:image:height\" content=\"1080\" \/>\n\t<meta property=\"og:image:type\" content=\"image\/jpeg\" \/>\n<meta name=\"author\" content=\"favorite-news\" \/>\n<meta name=\"twitter:card\" content=\"summary_large_image\" \/>\n<meta name=\"twitter:label1\" content=\"Napisane przez\" \/>\n\t<meta name=\"twitter:data1\" content=\"favorite-news\" \/>\n\t<meta name=\"twitter:label2\" content=\"Szacowany czas czytania\" \/>\n\t<meta name=\"twitter:data2\" content=\"5 minut\" \/>\n<script type=\"application\/ld+json\" class=\"yoast-schema-graph\">{\"@context\":\"https:\\\/\\\/schema.org\",\"@graph\":[{\"@type\":\"Article\",\"@id\":\"https:\\\/\\\/favorite-news.com\\\/pl\\\/polacy-awansuja-w-miedzynarodowym-funduszu-walutowym-i-banku-swiatowym-finanse-waluty-i-notowania-walut-gielda-gpw-surowce\\\/#article\",\"isPartOf\":{\"@id\":\"https:\\\/\\\/favorite-news.com\\\/pl\\\/polacy-awansuja-w-miedzynarodowym-funduszu-walutowym-i-banku-swiatowym-finanse-waluty-i-notowania-walut-gielda-gpw-surowce\\\/\"},\"author\":{\"name\":\"favorite-news\",\"@id\":\"https:\\\/\\\/favorite-news.com\\\/pl\\\/#\\\/schema\\\/person\\\/b91573b717dcfa5e4696032a9d28d3e8\"},\"headline\":\"Polacy awansuj\u0105 w Mi\u0119dzynarodowym Funduszu Walutowym i Banku \u015awiatowym &#8211; Finanse &#8211; waluty i notowania walut, gie\u0142da, GPW, surowce\",\"datePublished\":\"2020-08-10T08:25:26+00:00\",\"dateModified\":\"2020-08-10T08:25:28+00:00\",\"mainEntityOfPage\":{\"@id\":\"https:\\\/\\\/favorite-news.com\\\/pl\\\/polacy-awansuja-w-miedzynarodowym-funduszu-walutowym-i-banku-swiatowym-finanse-waluty-i-notowania-walut-gielda-gpw-surowce\\\/\"},\"wordCount\":976,\"commentCount\":0,\"image\":{\"@id\":\"https:\\\/\\\/favorite-news.com\\\/pl\\\/polacy-awansuja-w-miedzynarodowym-funduszu-walutowym-i-banku-swiatowym-finanse-waluty-i-notowania-walut-gielda-gpw-surowce\\\/#primaryimage\"},\"thumbnailUrl\":\"https:\\\/\\\/favorite-news.com\\\/pl\\\/wp-content\\\/uploads\\\/sites\\\/6\\\/2020\\\/08\\\/Polacy-awansuj\u0105-w-Mi\u0119dzynarodowym-Funduszu-Walutowym-i-Banku-\u015awiatowym.jpg\",\"articleSection\":[\"WIADOMO\u015aCI FINANSOWE\"],\"inLanguage\":\"pl-PL\",\"potentialAction\":[{\"@type\":\"CommentAction\",\"name\":\"Comment\",\"target\":[\"https:\\\/\\\/favorite-news.com\\\/pl\\\/polacy-awansuja-w-miedzynarodowym-funduszu-walutowym-i-banku-swiatowym-finanse-waluty-i-notowania-walut-gielda-gpw-surowce\\\/#respond\"]}]},{\"@type\":\"WebPage\",\"@id\":\"https:\\\/\\\/favorite-news.com\\\/pl\\\/polacy-awansuja-w-miedzynarodowym-funduszu-walutowym-i-banku-swiatowym-finanse-waluty-i-notowania-walut-gielda-gpw-surowce\\\/\",\"url\":\"https:\\\/\\\/favorite-news.com\\\/pl\\\/polacy-awansuja-w-miedzynarodowym-funduszu-walutowym-i-banku-swiatowym-finanse-waluty-i-notowania-walut-gielda-gpw-surowce\\\/\",\"name\":\"Polacy awansuj\u0105 w Mi\u0119dzynarodowym Funduszu Walutowym i Banku \u015awiatowym - Finanse - waluty i notowania walut, gie\u0142da, GPW, surowce - Favorite News\",\"isPartOf\":{\"@id\":\"https:\\\/\\\/favorite-news.com\\\/pl\\\/#website\"},\"primaryImageOfPage\":{\"@id\":\"https:\\\/\\\/favorite-news.com\\\/pl\\\/polacy-awansuja-w-miedzynarodowym-funduszu-walutowym-i-banku-swiatowym-finanse-waluty-i-notowania-walut-gielda-gpw-surowce\\\/#primaryimage\"},\"image\":{\"@id\":\"https:\\\/\\\/favorite-news.com\\\/pl\\\/polacy-awansuja-w-miedzynarodowym-funduszu-walutowym-i-banku-swiatowym-finanse-waluty-i-notowania-walut-gielda-gpw-surowce\\\/#primaryimage\"},\"thumbnailUrl\":\"https:\\\/\\\/favorite-news.com\\\/pl\\\/wp-content\\\/uploads\\\/sites\\\/6\\\/2020\\\/08\\\/Polacy-awansuj\u0105-w-Mi\u0119dzynarodowym-Funduszu-Walutowym-i-Banku-\u015awiatowym.jpg\",\"datePublished\":\"2020-08-10T08:25:26+00:00\",\"dateModified\":\"2020-08-10T08:25:28+00:00\",\"author\":{\"@id\":\"https:\\\/\\\/favorite-news.com\\\/pl\\\/#\\\/schema\\\/person\\\/b91573b717dcfa5e4696032a9d28d3e8\"},\"breadcrumb\":{\"@id\":\"https:\\\/\\\/favorite-news.com\\\/pl\\\/polacy-awansuja-w-miedzynarodowym-funduszu-walutowym-i-banku-swiatowym-finanse-waluty-i-notowania-walut-gielda-gpw-surowce\\\/#breadcrumb\"},\"inLanguage\":\"pl-PL\",\"potentialAction\":[{\"@type\":\"ReadAction\",\"target\":[\"https:\\\/\\\/favorite-news.com\\\/pl\\\/polacy-awansuja-w-miedzynarodowym-funduszu-walutowym-i-banku-swiatowym-finanse-waluty-i-notowania-walut-gielda-gpw-surowce\\\/\"]}]},{\"@type\":\"ImageObject\",\"inLanguage\":\"pl-PL\",\"@id\":\"https:\\\/\\\/favorite-news.com\\\/pl\\\/polacy-awansuja-w-miedzynarodowym-funduszu-walutowym-i-banku-swiatowym-finanse-waluty-i-notowania-walut-gielda-gpw-surowce\\\/#primaryimage\",\"url\":\"https:\\\/\\\/favorite-news.com\\\/pl\\\/wp-content\\\/uploads\\\/sites\\\/6\\\/2020\\\/08\\\/Polacy-awansuj\u0105-w-Mi\u0119dzynarodowym-Funduszu-Walutowym-i-Banku-\u015awiatowym.jpg\",\"contentUrl\":\"https:\\\/\\\/favorite-news.com\\\/pl\\\/wp-content\\\/uploads\\\/sites\\\/6\\\/2020\\\/08\\\/Polacy-awansuj\u0105-w-Mi\u0119dzynarodowym-Funduszu-Walutowym-i-Banku-\u015awiatowym.jpg\",\"width\":1764,\"height\":1080,\"caption\":\"Polacy awansuj\u0105 w Mi\u0119dzynarodowym Funduszu Walutowym i Banku \u015awiatowym - Finanse - waluty i notowania walut, gie\u0142da, GPW, surowce\"},{\"@type\":\"BreadcrumbList\",\"@id\":\"https:\\\/\\\/favorite-news.com\\\/pl\\\/polacy-awansuja-w-miedzynarodowym-funduszu-walutowym-i-banku-swiatowym-finanse-waluty-i-notowania-walut-gielda-gpw-surowce\\\/#breadcrumb\",\"itemListElement\":[{\"@type\":\"ListItem\",\"position\":1,\"name\":\"Home\",\"item\":\"https:\\\/\\\/favorite-news.com\\\/pl\\\/\"},{\"@type\":\"ListItem\",\"position\":2,\"name\":\"Polacy awansuj\u0105 w Mi\u0119dzynarodowym Funduszu Walutowym i Banku \u015awiatowym &#8211; Finanse &#8211; waluty i notowania walut, gie\u0142da, GPW, surowce\"}]},{\"@type\":\"WebSite\",\"@id\":\"https:\\\/\\\/favorite-news.com\\\/pl\\\/#website\",\"url\":\"https:\\\/\\\/favorite-news.com\\\/pl\\\/\",\"name\":\"Favorite News\",\"description\":\"Favorite News Polska\",\"potentialAction\":[{\"@type\":\"SearchAction\",\"target\":{\"@type\":\"EntryPoint\",\"urlTemplate\":\"https:\\\/\\\/favorite-news.com\\\/pl\\\/?s={search_term_string}\"},\"query-input\":{\"@type\":\"PropertyValueSpecification\",\"valueRequired\":true,\"valueName\":\"search_term_string\"}}],\"inLanguage\":\"pl-PL\"},{\"@type\":\"Person\",\"@id\":\"https:\\\/\\\/favorite-news.com\\\/pl\\\/#\\\/schema\\\/person\\\/b91573b717dcfa5e4696032a9d28d3e8\",\"name\":\"favorite-news\",\"image\":{\"@type\":\"ImageObject\",\"inLanguage\":\"pl-PL\",\"@id\":\"https:\\\/\\\/secure.gravatar.com\\\/avatar\\\/6c5a5cb12b74e9d517ee91cf570335b7d16177f1977cc91db161adfa435945a7?s=96&d=mm&r=g\",\"url\":\"https:\\\/\\\/secure.gravatar.com\\\/avatar\\\/6c5a5cb12b74e9d517ee91cf570335b7d16177f1977cc91db161adfa435945a7?s=96&d=mm&r=g\",\"contentUrl\":\"https:\\\/\\\/secure.gravatar.com\\\/avatar\\\/6c5a5cb12b74e9d517ee91cf570335b7d16177f1977cc91db161adfa435945a7?s=96&d=mm&r=g\",\"caption\":\"favorite-news\"},\"url\":\"https:\\\/\\\/favorite-news.com\\\/pl\\\/author\\\/pt\\\/\"}]}<\/script>\n<!-- \/ Yoast SEO plugin. -->","yoast_head_json":{"title":"Polacy awansuj\u0105 w Mi\u0119dzynarodowym Funduszu Walutowym i Banku \u015awiatowym - Finanse - waluty i notowania walut, gie\u0142da, GPW, surowce - Favorite News","robots":{"index":"index","follow":"follow","max-snippet":"max-snippet:-1","max-image-preview":"max-image-preview:large","max-video-preview":"max-video-preview:-1"},"canonical":"https:\/\/favorite-news.com\/pl\/polacy-awansuja-w-miedzynarodowym-funduszu-walutowym-i-banku-swiatowym-finanse-waluty-i-notowania-walut-gielda-gpw-surowce\/","og_locale":"pl_PL","og_type":"article","og_title":"Polacy awansuj\u0105 w Mi\u0119dzynarodowym Funduszu Walutowym i Banku \u015awiatowym - Finanse - waluty i notowania walut, gie\u0142da, GPW, surowce - Favorite News","og_description":"To dwie kluczowe globalne instytucje finansowe. Polska jest ich udzia\u0142owcem. Nasz g\u0142os b\u0119dzie wkr\u00f3tce lepiej s\u0142yszany, bo przejmujemy istotne stanowiska dyrektor\u00f3w wykonawczych (executive director). W ten spos\u00f3b staniemy na czele konstytuanty, czyli grupy kraj\u00f3w, na jakie podzielony jest zar\u00f3wno Mi\u0119dzynarodowy Fundusz Walutowy (MFW), jak i Bank \u015awiatowy (B\u015a). W obu instytucjach nale\u017cymy do \u201ekoszyka\u201d, w [&hellip;]","og_url":"https:\/\/favorite-news.com\/pl\/polacy-awansuja-w-miedzynarodowym-funduszu-walutowym-i-banku-swiatowym-finanse-waluty-i-notowania-walut-gielda-gpw-surowce\/","og_site_name":"Favorite News","article_published_time":"2020-08-10T08:25:26+00:00","article_modified_time":"2020-08-10T08:25:28+00:00","og_image":[{"width":1764,"height":1080,"url":"https:\/\/favorite-news.com\/pl\/wp-content\/uploads\/sites\/6\/2020\/08\/Polacy-awansuj\u0105-w-Mi\u0119dzynarodowym-Funduszu-Walutowym-i-Banku-\u015awiatowym.jpg","type":"image\/jpeg"}],"author":"favorite-news","twitter_card":"summary_large_image","twitter_misc":{"Napisane przez":"favorite-news","Szacowany czas czytania":"5 minut"},"schema":{"@context":"https:\/\/schema.org","@graph":[{"@type":"Article","@id":"https:\/\/favorite-news.com\/pl\/polacy-awansuja-w-miedzynarodowym-funduszu-walutowym-i-banku-swiatowym-finanse-waluty-i-notowania-walut-gielda-gpw-surowce\/#article","isPartOf":{"@id":"https:\/\/favorite-news.com\/pl\/polacy-awansuja-w-miedzynarodowym-funduszu-walutowym-i-banku-swiatowym-finanse-waluty-i-notowania-walut-gielda-gpw-surowce\/"},"author":{"name":"favorite-news","@id":"https:\/\/favorite-news.com\/pl\/#\/schema\/person\/b91573b717dcfa5e4696032a9d28d3e8"},"headline":"Polacy awansuj\u0105 w Mi\u0119dzynarodowym Funduszu Walutowym i Banku \u015awiatowym &#8211; Finanse &#8211; waluty i notowania walut, gie\u0142da, GPW, surowce","datePublished":"2020-08-10T08:25:26+00:00","dateModified":"2020-08-10T08:25:28+00:00","mainEntityOfPage":{"@id":"https:\/\/favorite-news.com\/pl\/polacy-awansuja-w-miedzynarodowym-funduszu-walutowym-i-banku-swiatowym-finanse-waluty-i-notowania-walut-gielda-gpw-surowce\/"},"wordCount":976,"commentCount":0,"image":{"@id":"https:\/\/favorite-news.com\/pl\/polacy-awansuja-w-miedzynarodowym-funduszu-walutowym-i-banku-swiatowym-finanse-waluty-i-notowania-walut-gielda-gpw-surowce\/#primaryimage"},"thumbnailUrl":"https:\/\/favorite-news.com\/pl\/wp-content\/uploads\/sites\/6\/2020\/08\/Polacy-awansuj\u0105-w-Mi\u0119dzynarodowym-Funduszu-Walutowym-i-Banku-\u015awiatowym.jpg","articleSection":["WIADOMO\u015aCI FINANSOWE"],"inLanguage":"pl-PL","potentialAction":[{"@type":"CommentAction","name":"Comment","target":["https:\/\/favorite-news.com\/pl\/polacy-awansuja-w-miedzynarodowym-funduszu-walutowym-i-banku-swiatowym-finanse-waluty-i-notowania-walut-gielda-gpw-surowce\/#respond"]}]},{"@type":"WebPage","@id":"https:\/\/favorite-news.com\/pl\/polacy-awansuja-w-miedzynarodowym-funduszu-walutowym-i-banku-swiatowym-finanse-waluty-i-notowania-walut-gielda-gpw-surowce\/","url":"https:\/\/favorite-news.com\/pl\/polacy-awansuja-w-miedzynarodowym-funduszu-walutowym-i-banku-swiatowym-finanse-waluty-i-notowania-walut-gielda-gpw-surowce\/","name":"Polacy awansuj\u0105 w Mi\u0119dzynarodowym Funduszu Walutowym i Banku \u015awiatowym - Finanse - waluty i notowania walut, gie\u0142da, GPW, surowce - Favorite News","isPartOf":{"@id":"https:\/\/favorite-news.com\/pl\/#website"},"primaryImageOfPage":{"@id":"https:\/\/favorite-news.com\/pl\/polacy-awansuja-w-miedzynarodowym-funduszu-walutowym-i-banku-swiatowym-finanse-waluty-i-notowania-walut-gielda-gpw-surowce\/#primaryimage"},"image":{"@id":"https:\/\/favorite-news.com\/pl\/polacy-awansuja-w-miedzynarodowym-funduszu-walutowym-i-banku-swiatowym-finanse-waluty-i-notowania-walut-gielda-gpw-surowce\/#primaryimage"},"thumbnailUrl":"https:\/\/favorite-news.com\/pl\/wp-content\/uploads\/sites\/6\/2020\/08\/Polacy-awansuj\u0105-w-Mi\u0119dzynarodowym-Funduszu-Walutowym-i-Banku-\u015awiatowym.jpg","datePublished":"2020-08-10T08:25:26+00:00","dateModified":"2020-08-10T08:25:28+00:00","author":{"@id":"https:\/\/favorite-news.com\/pl\/#\/schema\/person\/b91573b717dcfa5e4696032a9d28d3e8"},"breadcrumb":{"@id":"https:\/\/favorite-news.com\/pl\/polacy-awansuja-w-miedzynarodowym-funduszu-walutowym-i-banku-swiatowym-finanse-waluty-i-notowania-walut-gielda-gpw-surowce\/#breadcrumb"},"inLanguage":"pl-PL","potentialAction":[{"@type":"ReadAction","target":["https:\/\/favorite-news.com\/pl\/polacy-awansuja-w-miedzynarodowym-funduszu-walutowym-i-banku-swiatowym-finanse-waluty-i-notowania-walut-gielda-gpw-surowce\/"]}]},{"@type":"ImageObject","inLanguage":"pl-PL","@id":"https:\/\/favorite-news.com\/pl\/polacy-awansuja-w-miedzynarodowym-funduszu-walutowym-i-banku-swiatowym-finanse-waluty-i-notowania-walut-gielda-gpw-surowce\/#primaryimage","url":"https:\/\/favorite-news.com\/pl\/wp-content\/uploads\/sites\/6\/2020\/08\/Polacy-awansuj\u0105-w-Mi\u0119dzynarodowym-Funduszu-Walutowym-i-Banku-\u015awiatowym.jpg","contentUrl":"https:\/\/favorite-news.com\/pl\/wp-content\/uploads\/sites\/6\/2020\/08\/Polacy-awansuj\u0105-w-Mi\u0119dzynarodowym-Funduszu-Walutowym-i-Banku-\u015awiatowym.jpg","width":1764,"height":1080,"caption":"Polacy awansuj\u0105 w Mi\u0119dzynarodowym Funduszu Walutowym i Banku \u015awiatowym - Finanse - waluty i notowania walut, gie\u0142da, GPW, surowce"},{"@type":"BreadcrumbList","@id":"https:\/\/favorite-news.com\/pl\/polacy-awansuja-w-miedzynarodowym-funduszu-walutowym-i-banku-swiatowym-finanse-waluty-i-notowania-walut-gielda-gpw-surowce\/#breadcrumb","itemListElement":[{"@type":"ListItem","position":1,"name":"Home","item":"https:\/\/favorite-news.com\/pl\/"},{"@type":"ListItem","position":2,"name":"Polacy awansuj\u0105 w Mi\u0119dzynarodowym Funduszu Walutowym i Banku \u015awiatowym &#8211; Finanse &#8211; waluty i notowania walut, gie\u0142da, GPW, surowce"}]},{"@type":"WebSite","@id":"https:\/\/favorite-news.com\/pl\/#website","url":"https:\/\/favorite-news.com\/pl\/","name":"Favorite News","description":"Favorite News Polska","potentialAction":[{"@type":"SearchAction","target":{"@type":"EntryPoint","urlTemplate":"https:\/\/favorite-news.com\/pl\/?s={search_term_string}"},"query-input":{"@type":"PropertyValueSpecification","valueRequired":true,"valueName":"search_term_string"}}],"inLanguage":"pl-PL"},{"@type":"Person","@id":"https:\/\/favorite-news.com\/pl\/#\/schema\/person\/b91573b717dcfa5e4696032a9d28d3e8","name":"favorite-news","image":{"@type":"ImageObject","inLanguage":"pl-PL","@id":"https:\/\/secure.gravatar.com\/avatar\/6c5a5cb12b74e9d517ee91cf570335b7d16177f1977cc91db161adfa435945a7?s=96&d=mm&r=g","url":"https:\/\/secure.gravatar.com\/avatar\/6c5a5cb12b74e9d517ee91cf570335b7d16177f1977cc91db161adfa435945a7?s=96&d=mm&r=g","contentUrl":"https:\/\/secure.gravatar.com\/avatar\/6c5a5cb12b74e9d517ee91cf570335b7d16177f1977cc91db161adfa435945a7?s=96&d=mm&r=g","caption":"favorite-news"},"url":"https:\/\/favorite-news.com\/pl\/author\/pt\/"}]}},"_links":{"self":[{"href":"https:\/\/favorite-news.com\/pl\/wp-json\/wp\/v2\/posts\/5021","targetHints":{"allow":["GET"]}}],"collection":[{"href":"https:\/\/favorite-news.com\/pl\/wp-json\/wp\/v2\/posts"}],"about":[{"href":"https:\/\/favorite-news.com\/pl\/wp-json\/wp\/v2\/types\/post"}],"author":[{"embeddable":true,"href":"https:\/\/favorite-news.com\/pl\/wp-json\/wp\/v2\/users\/2"}],"replies":[{"embeddable":true,"href":"https:\/\/favorite-news.com\/pl\/wp-json\/wp\/v2\/comments?post=5021"}],"version-history":[{"count":1,"href":"https:\/\/favorite-news.com\/pl\/wp-json\/wp\/v2\/posts\/5021\/revisions"}],"predecessor-version":[{"id":5023,"href":"https:\/\/favorite-news.com\/pl\/wp-json\/wp\/v2\/posts\/5021\/revisions\/5023"}],"wp:featuredmedia":[{"embeddable":true,"href":"https:\/\/favorite-news.com\/pl\/wp-json\/wp\/v2\/media\/5022"}],"wp:attachment":[{"href":"https:\/\/favorite-news.com\/pl\/wp-json\/wp\/v2\/media?parent=5021"}],"wp:term":[{"taxonomy":"category","embeddable":true,"href":"https:\/\/favorite-news.com\/pl\/wp-json\/wp\/v2\/categories?post=5021"},{"taxonomy":"post_tag","embeddable":true,"href":"https:\/\/favorite-news.com\/pl\/wp-json\/wp\/v2\/tags?post=5021"}],"curies":[{"name":"wp","href":"https:\/\/api.w.org\/{rel}","templated":true}]}}