{"id":502,"date":"2019-05-11T15:20:02","date_gmt":"2019-05-11T12:20:02","guid":{"rendered":"https:\/\/favorite-news.com\/pl\/jessika-mercedes-i-maffashion-w-kampanii-zalando\/"},"modified":"2019-05-11T15:20:02","modified_gmt":"2019-05-11T12:20:02","slug":"jessika-mercedes-i-maffashion-w-kampanii-zalando","status":"publish","type":"post","link":"https:\/\/favorite-news.com\/pl\/jessika-mercedes-i-maffashion-w-kampanii-zalando\/","title":{"rendered":"Jessika Mercedes i Maffashion w kampanii Zalando"},"content":{"rendered":"<p> [ad_1]<br \/>\n<\/p>\n<div id=\"\">\n<p>Polska kampania oferty Zalando Beauty obejmuje sesj\u0119 zdj\u0119ciow\u0105 z\u0142o\u017con\u0105 z o\u015bmiu fotografii. B\u0119dzie promowana w kana\u0142ach w\u0142asnych Zalando &#8211; stronie internetowej, mediach spo\u0142eczno\u015bciowych oraz w newsletterze.<\/p>\n<p>&#13;<br \/>\n&#13;<\/p>\n<p>&#8211; Kategoria Beauty jest dla nas jednym ze strategicznych priorytet\u00f3w na 2019 rok. Stanowi naturalne uzupe\u0142nienie oferty Zalando Fashion Store. Dzi\u0119ki wsp\u00f3\u0142pracy z dwoma najbardziej rozpoznawalnymi influencerkami modowymi w Polsce, mo\u017cemy jeszcze lepiej przybli\u017cy\u0107 Polkom ich ulubione marki dost\u0119pne na Zalando. To kolejny krok w lokalizowaniu i dopasowaniu naszej oferty do polskiego rynku &#8211; komentuje Dawid Po\u017coga, marketing lead Poland &amp; Czech Republic Zalando.<\/p>\n<p>&#13;<br \/>\n&#13;<\/p>\n<p>&#13;<br \/>\n&#13;<\/p>\n<p><img decoding=\"async\" alt=\"\" src=\"https:\/\/favorite-news.com\/pl\/wp-content\/uploads\/sites\/6\/2019\/05\/1557577201_40_Jessika-Mercedes-i-Maffashion-w-kampanii-Zalando.jpg\" style=\"width: 500px; height: 625px;\"\/><\/p>\n<p>&#13;<br \/>\n                            &#13;<br \/>\n&#13;<br \/>\n                            &#13;<br \/>\n&#13;<br \/>\n&#13;<br \/>\n&#13;<br \/>\n&#13;<br \/>\n&#13;<br \/>\n                            &#13;<br \/>\n                                                            &#13;<br \/>\n&#13;<br \/>\n                            &#13;\n                        <\/p><\/div>\n<p><script>(function (d, s, id) {\n        var js, fjs = d.getElementsByTagName(s)[0];\n        if (d.getElementById(id)) return;\n        js = d.createElement(s);\n        js.id = id;\n        js.src = \"http:\/\/connect.facebook.net\/pl_PL\/sdk.js#xfbml=1&version=v2.6&appId=297996717062470\";\n        fjs.parentNode.insertBefore(js, fjs);\n    }(document, 'script', 'facebook-jssdk'));<\/script><br \/>\n<br \/>[ad_2]<br \/>\n<br \/><a href=\"https:\/\/www.wirtualnemedia.pl\/artykul\/jessika-mercedes-i-maffashion-w-kampanii-zalando\">Source link <\/a><\/p>\n","protected":false},"excerpt":{"rendered":"<p>[ad_1] Polska kampania oferty Zalando Beauty obejmuje sesj\u0119 zdj\u0119ciow\u0105 z\u0142o\u017con\u0105 z o\u015bmiu fotografii. B\u0119dzie promowana w kana\u0142ach w\u0142asnych Zalando &#8211; stronie internetowej, mediach spo\u0142eczno\u015bciowych oraz w newsletterze. &#13; &#13; &#8211; Kategoria Beauty jest dla nas jednym ze strategicznych priorytet\u00f3w na 2019 rok. Stanowi naturalne uzupe\u0142nienie oferty Zalando Fashion Store. Dzi\u0119ki wsp\u00f3\u0142pracy z dwoma najbardziej rozpoznawalnymi [&hellip;]<\/p>\n","protected":false},"author":2,"featured_media":503,"comment_status":"open","ping_status":"open","sticky":false,"template":"","format":"standard","meta":{"footnotes":""},"categories":[2],"tags":[],"class_list":["post-502","post","type-post","status-publish","format-standard","has-post-thumbnail","hentry","category-wiadomosci-marketingowe-internetowe"],"yoast_head":"<!-- This site is optimized with the Yoast SEO plugin v27.4 - https:\/\/yoast.com\/product\/yoast-seo-wordpress\/ -->\n<title>Jessika Mercedes i Maffashion w kampanii Zalando - Favorite News<\/title>\n<meta name=\"robots\" content=\"index, follow, max-snippet:-1, max-image-preview:large, max-video-preview:-1\" \/>\n<link rel=\"canonical\" href=\"https:\/\/favorite-news.com\/pl\/jessika-mercedes-i-maffashion-w-kampanii-zalando\/\" \/>\n<meta property=\"og:locale\" content=\"pl_PL\" \/>\n<meta property=\"og:type\" content=\"article\" \/>\n<meta property=\"og:title\" content=\"Jessika Mercedes i Maffashion w kampanii Zalando - Favorite News\" \/>\n<meta property=\"og:description\" content=\"[ad_1] Polska kampania oferty Zalando Beauty obejmuje sesj\u0119 zdj\u0119ciow\u0105 z\u0142o\u017con\u0105 z o\u015bmiu fotografii. B\u0119dzie promowana w kana\u0142ach w\u0142asnych Zalando &#8211; stronie internetowej, mediach spo\u0142eczno\u015bciowych oraz w newsletterze. &#013; &#013; &#8211; Kategoria Beauty jest dla nas jednym ze strategicznych priorytet\u00f3w na 2019 rok. Stanowi naturalne uzupe\u0142nienie oferty Zalando Fashion Store. Dzi\u0119ki wsp\u00f3\u0142pracy z dwoma najbardziej rozpoznawalnymi [&hellip;]\" \/>\n<meta property=\"og:url\" content=\"https:\/\/favorite-news.com\/pl\/jessika-mercedes-i-maffashion-w-kampanii-zalando\/\" \/>\n<meta property=\"og:site_name\" content=\"Favorite News\" \/>\n<meta property=\"article:published_time\" content=\"2019-05-11T12:20:02+00:00\" \/>\n<meta property=\"og:image\" content=\"https:\/\/favorite-news.com\/pl\/wp-content\/uploads\/sites\/6\/2019\/05\/Jessika-Mercedes-i-Maffashion-w-kampanii-Zalando.jpg\" \/>\n\t<meta property=\"og:image:width\" content=\"500\" \/>\n\t<meta property=\"og:image:height\" content=\"625\" \/>\n\t<meta property=\"og:image:type\" content=\"image\/jpeg\" \/>\n<meta name=\"author\" content=\"favorite-news\" \/>\n<meta name=\"twitter:card\" content=\"summary_large_image\" \/>\n<meta name=\"twitter:label1\" content=\"Napisane przez\" \/>\n\t<meta name=\"twitter:data1\" content=\"favorite-news\" \/>\n\t<meta name=\"twitter:label2\" content=\"Szacowany czas czytania\" \/>\n\t<meta name=\"twitter:data2\" content=\"1 minuta\" \/>\n<script type=\"application\/ld+json\" class=\"yoast-schema-graph\">{\"@context\":\"https:\\\/\\\/schema.org\",\"@graph\":[{\"@type\":\"Article\",\"@id\":\"https:\\\/\\\/favorite-news.com\\\/pl\\\/jessika-mercedes-i-maffashion-w-kampanii-zalando\\\/#article\",\"isPartOf\":{\"@id\":\"https:\\\/\\\/favorite-news.com\\\/pl\\\/jessika-mercedes-i-maffashion-w-kampanii-zalando\\\/\"},\"author\":{\"name\":\"favorite-news\",\"@id\":\"https:\\\/\\\/favorite-news.com\\\/pl\\\/#\\\/schema\\\/person\\\/b91573b717dcfa5e4696032a9d28d3e8\"},\"headline\":\"Jessika Mercedes i Maffashion w kampanii Zalando\",\"datePublished\":\"2019-05-11T12:20:02+00:00\",\"mainEntityOfPage\":{\"@id\":\"https:\\\/\\\/favorite-news.com\\\/pl\\\/jessika-mercedes-i-maffashion-w-kampanii-zalando\\\/\"},\"wordCount\":117,\"commentCount\":0,\"image\":{\"@id\":\"https:\\\/\\\/favorite-news.com\\\/pl\\\/jessika-mercedes-i-maffashion-w-kampanii-zalando\\\/#primaryimage\"},\"thumbnailUrl\":\"https:\\\/\\\/favorite-news.com\\\/pl\\\/wp-content\\\/uploads\\\/sites\\\/6\\\/2019\\\/05\\\/Jessika-Mercedes-i-Maffashion-w-kampanii-Zalando.jpg\",\"articleSection\":[\"WIADOMO\u015aCI MARKETINGOWE INTERNETOWE\"],\"inLanguage\":\"pl-PL\",\"potentialAction\":[{\"@type\":\"CommentAction\",\"name\":\"Comment\",\"target\":[\"https:\\\/\\\/favorite-news.com\\\/pl\\\/jessika-mercedes-i-maffashion-w-kampanii-zalando\\\/#respond\"]}]},{\"@type\":\"WebPage\",\"@id\":\"https:\\\/\\\/favorite-news.com\\\/pl\\\/jessika-mercedes-i-maffashion-w-kampanii-zalando\\\/\",\"url\":\"https:\\\/\\\/favorite-news.com\\\/pl\\\/jessika-mercedes-i-maffashion-w-kampanii-zalando\\\/\",\"name\":\"Jessika Mercedes i Maffashion w kampanii Zalando - Favorite News\",\"isPartOf\":{\"@id\":\"https:\\\/\\\/favorite-news.com\\\/pl\\\/#website\"},\"primaryImageOfPage\":{\"@id\":\"https:\\\/\\\/favorite-news.com\\\/pl\\\/jessika-mercedes-i-maffashion-w-kampanii-zalando\\\/#primaryimage\"},\"image\":{\"@id\":\"https:\\\/\\\/favorite-news.com\\\/pl\\\/jessika-mercedes-i-maffashion-w-kampanii-zalando\\\/#primaryimage\"},\"thumbnailUrl\":\"https:\\\/\\\/favorite-news.com\\\/pl\\\/wp-content\\\/uploads\\\/sites\\\/6\\\/2019\\\/05\\\/Jessika-Mercedes-i-Maffashion-w-kampanii-Zalando.jpg\",\"datePublished\":\"2019-05-11T12:20:02+00:00\",\"author\":{\"@id\":\"https:\\\/\\\/favorite-news.com\\\/pl\\\/#\\\/schema\\\/person\\\/b91573b717dcfa5e4696032a9d28d3e8\"},\"breadcrumb\":{\"@id\":\"https:\\\/\\\/favorite-news.com\\\/pl\\\/jessika-mercedes-i-maffashion-w-kampanii-zalando\\\/#breadcrumb\"},\"inLanguage\":\"pl-PL\",\"potentialAction\":[{\"@type\":\"ReadAction\",\"target\":[\"https:\\\/\\\/favorite-news.com\\\/pl\\\/jessika-mercedes-i-maffashion-w-kampanii-zalando\\\/\"]}]},{\"@type\":\"ImageObject\",\"inLanguage\":\"pl-PL\",\"@id\":\"https:\\\/\\\/favorite-news.com\\\/pl\\\/jessika-mercedes-i-maffashion-w-kampanii-zalando\\\/#primaryimage\",\"url\":\"https:\\\/\\\/favorite-news.com\\\/pl\\\/wp-content\\\/uploads\\\/sites\\\/6\\\/2019\\\/05\\\/Jessika-Mercedes-i-Maffashion-w-kampanii-Zalando.jpg\",\"contentUrl\":\"https:\\\/\\\/favorite-news.com\\\/pl\\\/wp-content\\\/uploads\\\/sites\\\/6\\\/2019\\\/05\\\/Jessika-Mercedes-i-Maffashion-w-kampanii-Zalando.jpg\",\"width\":500,\"height\":625,\"caption\":\"Jessika Mercedes i Maffashion w kampanii Zalando\"},{\"@type\":\"BreadcrumbList\",\"@id\":\"https:\\\/\\\/favorite-news.com\\\/pl\\\/jessika-mercedes-i-maffashion-w-kampanii-zalando\\\/#breadcrumb\",\"itemListElement\":[{\"@type\":\"ListItem\",\"position\":1,\"name\":\"Home\",\"item\":\"https:\\\/\\\/favorite-news.com\\\/pl\\\/\"},{\"@type\":\"ListItem\",\"position\":2,\"name\":\"Jessika Mercedes i Maffashion w kampanii Zalando\"}]},{\"@type\":\"WebSite\",\"@id\":\"https:\\\/\\\/favorite-news.com\\\/pl\\\/#website\",\"url\":\"https:\\\/\\\/favorite-news.com\\\/pl\\\/\",\"name\":\"Favorite News\",\"description\":\"Favorite News Polska\",\"potentialAction\":[{\"@type\":\"SearchAction\",\"target\":{\"@type\":\"EntryPoint\",\"urlTemplate\":\"https:\\\/\\\/favorite-news.com\\\/pl\\\/?s={search_term_string}\"},\"query-input\":{\"@type\":\"PropertyValueSpecification\",\"valueRequired\":true,\"valueName\":\"search_term_string\"}}],\"inLanguage\":\"pl-PL\"},{\"@type\":\"Person\",\"@id\":\"https:\\\/\\\/favorite-news.com\\\/pl\\\/#\\\/schema\\\/person\\\/b91573b717dcfa5e4696032a9d28d3e8\",\"name\":\"favorite-news\",\"image\":{\"@type\":\"ImageObject\",\"inLanguage\":\"pl-PL\",\"@id\":\"https:\\\/\\\/secure.gravatar.com\\\/avatar\\\/6c5a5cb12b74e9d517ee91cf570335b7d16177f1977cc91db161adfa435945a7?s=96&d=mm&r=g\",\"url\":\"https:\\\/\\\/secure.gravatar.com\\\/avatar\\\/6c5a5cb12b74e9d517ee91cf570335b7d16177f1977cc91db161adfa435945a7?s=96&d=mm&r=g\",\"contentUrl\":\"https:\\\/\\\/secure.gravatar.com\\\/avatar\\\/6c5a5cb12b74e9d517ee91cf570335b7d16177f1977cc91db161adfa435945a7?s=96&d=mm&r=g\",\"caption\":\"favorite-news\"},\"url\":\"https:\\\/\\\/favorite-news.com\\\/pl\\\/author\\\/pt\\\/\"}]}<\/script>\n<!-- \/ Yoast SEO plugin. -->","yoast_head_json":{"title":"Jessika Mercedes i Maffashion w kampanii Zalando - Favorite News","robots":{"index":"index","follow":"follow","max-snippet":"max-snippet:-1","max-image-preview":"max-image-preview:large","max-video-preview":"max-video-preview:-1"},"canonical":"https:\/\/favorite-news.com\/pl\/jessika-mercedes-i-maffashion-w-kampanii-zalando\/","og_locale":"pl_PL","og_type":"article","og_title":"Jessika Mercedes i Maffashion w kampanii Zalando - Favorite News","og_description":"[ad_1] Polska kampania oferty Zalando Beauty obejmuje sesj\u0119 zdj\u0119ciow\u0105 z\u0142o\u017con\u0105 z o\u015bmiu fotografii. B\u0119dzie promowana w kana\u0142ach w\u0142asnych Zalando &#8211; stronie internetowej, mediach spo\u0142eczno\u015bciowych oraz w newsletterze. &#13; &#13; &#8211; Kategoria Beauty jest dla nas jednym ze strategicznych priorytet\u00f3w na 2019 rok. Stanowi naturalne uzupe\u0142nienie oferty Zalando Fashion Store. Dzi\u0119ki wsp\u00f3\u0142pracy z dwoma najbardziej rozpoznawalnymi [&hellip;]","og_url":"https:\/\/favorite-news.com\/pl\/jessika-mercedes-i-maffashion-w-kampanii-zalando\/","og_site_name":"Favorite News","article_published_time":"2019-05-11T12:20:02+00:00","og_image":[{"width":500,"height":625,"url":"https:\/\/favorite-news.com\/pl\/wp-content\/uploads\/sites\/6\/2019\/05\/Jessika-Mercedes-i-Maffashion-w-kampanii-Zalando.jpg","type":"image\/jpeg"}],"author":"favorite-news","twitter_card":"summary_large_image","twitter_misc":{"Napisane przez":"favorite-news","Szacowany czas czytania":"1 minuta"},"schema":{"@context":"https:\/\/schema.org","@graph":[{"@type":"Article","@id":"https:\/\/favorite-news.com\/pl\/jessika-mercedes-i-maffashion-w-kampanii-zalando\/#article","isPartOf":{"@id":"https:\/\/favorite-news.com\/pl\/jessika-mercedes-i-maffashion-w-kampanii-zalando\/"},"author":{"name":"favorite-news","@id":"https:\/\/favorite-news.com\/pl\/#\/schema\/person\/b91573b717dcfa5e4696032a9d28d3e8"},"headline":"Jessika Mercedes i Maffashion w kampanii Zalando","datePublished":"2019-05-11T12:20:02+00:00","mainEntityOfPage":{"@id":"https:\/\/favorite-news.com\/pl\/jessika-mercedes-i-maffashion-w-kampanii-zalando\/"},"wordCount":117,"commentCount":0,"image":{"@id":"https:\/\/favorite-news.com\/pl\/jessika-mercedes-i-maffashion-w-kampanii-zalando\/#primaryimage"},"thumbnailUrl":"https:\/\/favorite-news.com\/pl\/wp-content\/uploads\/sites\/6\/2019\/05\/Jessika-Mercedes-i-Maffashion-w-kampanii-Zalando.jpg","articleSection":["WIADOMO\u015aCI MARKETINGOWE INTERNETOWE"],"inLanguage":"pl-PL","potentialAction":[{"@type":"CommentAction","name":"Comment","target":["https:\/\/favorite-news.com\/pl\/jessika-mercedes-i-maffashion-w-kampanii-zalando\/#respond"]}]},{"@type":"WebPage","@id":"https:\/\/favorite-news.com\/pl\/jessika-mercedes-i-maffashion-w-kampanii-zalando\/","url":"https:\/\/favorite-news.com\/pl\/jessika-mercedes-i-maffashion-w-kampanii-zalando\/","name":"Jessika Mercedes i Maffashion w kampanii Zalando - Favorite News","isPartOf":{"@id":"https:\/\/favorite-news.com\/pl\/#website"},"primaryImageOfPage":{"@id":"https:\/\/favorite-news.com\/pl\/jessika-mercedes-i-maffashion-w-kampanii-zalando\/#primaryimage"},"image":{"@id":"https:\/\/favorite-news.com\/pl\/jessika-mercedes-i-maffashion-w-kampanii-zalando\/#primaryimage"},"thumbnailUrl":"https:\/\/favorite-news.com\/pl\/wp-content\/uploads\/sites\/6\/2019\/05\/Jessika-Mercedes-i-Maffashion-w-kampanii-Zalando.jpg","datePublished":"2019-05-11T12:20:02+00:00","author":{"@id":"https:\/\/favorite-news.com\/pl\/#\/schema\/person\/b91573b717dcfa5e4696032a9d28d3e8"},"breadcrumb":{"@id":"https:\/\/favorite-news.com\/pl\/jessika-mercedes-i-maffashion-w-kampanii-zalando\/#breadcrumb"},"inLanguage":"pl-PL","potentialAction":[{"@type":"ReadAction","target":["https:\/\/favorite-news.com\/pl\/jessika-mercedes-i-maffashion-w-kampanii-zalando\/"]}]},{"@type":"ImageObject","inLanguage":"pl-PL","@id":"https:\/\/favorite-news.com\/pl\/jessika-mercedes-i-maffashion-w-kampanii-zalando\/#primaryimage","url":"https:\/\/favorite-news.com\/pl\/wp-content\/uploads\/sites\/6\/2019\/05\/Jessika-Mercedes-i-Maffashion-w-kampanii-Zalando.jpg","contentUrl":"https:\/\/favorite-news.com\/pl\/wp-content\/uploads\/sites\/6\/2019\/05\/Jessika-Mercedes-i-Maffashion-w-kampanii-Zalando.jpg","width":500,"height":625,"caption":"Jessika Mercedes i Maffashion w kampanii Zalando"},{"@type":"BreadcrumbList","@id":"https:\/\/favorite-news.com\/pl\/jessika-mercedes-i-maffashion-w-kampanii-zalando\/#breadcrumb","itemListElement":[{"@type":"ListItem","position":1,"name":"Home","item":"https:\/\/favorite-news.com\/pl\/"},{"@type":"ListItem","position":2,"name":"Jessika Mercedes i Maffashion w kampanii Zalando"}]},{"@type":"WebSite","@id":"https:\/\/favorite-news.com\/pl\/#website","url":"https:\/\/favorite-news.com\/pl\/","name":"Favorite News","description":"Favorite News Polska","potentialAction":[{"@type":"SearchAction","target":{"@type":"EntryPoint","urlTemplate":"https:\/\/favorite-news.com\/pl\/?s={search_term_string}"},"query-input":{"@type":"PropertyValueSpecification","valueRequired":true,"valueName":"search_term_string"}}],"inLanguage":"pl-PL"},{"@type":"Person","@id":"https:\/\/favorite-news.com\/pl\/#\/schema\/person\/b91573b717dcfa5e4696032a9d28d3e8","name":"favorite-news","image":{"@type":"ImageObject","inLanguage":"pl-PL","@id":"https:\/\/secure.gravatar.com\/avatar\/6c5a5cb12b74e9d517ee91cf570335b7d16177f1977cc91db161adfa435945a7?s=96&d=mm&r=g","url":"https:\/\/secure.gravatar.com\/avatar\/6c5a5cb12b74e9d517ee91cf570335b7d16177f1977cc91db161adfa435945a7?s=96&d=mm&r=g","contentUrl":"https:\/\/secure.gravatar.com\/avatar\/6c5a5cb12b74e9d517ee91cf570335b7d16177f1977cc91db161adfa435945a7?s=96&d=mm&r=g","caption":"favorite-news"},"url":"https:\/\/favorite-news.com\/pl\/author\/pt\/"}]}},"_links":{"self":[{"href":"https:\/\/favorite-news.com\/pl\/wp-json\/wp\/v2\/posts\/502","targetHints":{"allow":["GET"]}}],"collection":[{"href":"https:\/\/favorite-news.com\/pl\/wp-json\/wp\/v2\/posts"}],"about":[{"href":"https:\/\/favorite-news.com\/pl\/wp-json\/wp\/v2\/types\/post"}],"author":[{"embeddable":true,"href":"https:\/\/favorite-news.com\/pl\/wp-json\/wp\/v2\/users\/2"}],"replies":[{"embeddable":true,"href":"https:\/\/favorite-news.com\/pl\/wp-json\/wp\/v2\/comments?post=502"}],"version-history":[{"count":1,"href":"https:\/\/favorite-news.com\/pl\/wp-json\/wp\/v2\/posts\/502\/revisions"}],"predecessor-version":[{"id":504,"href":"https:\/\/favorite-news.com\/pl\/wp-json\/wp\/v2\/posts\/502\/revisions\/504"}],"wp:featuredmedia":[{"embeddable":true,"href":"https:\/\/favorite-news.com\/pl\/wp-json\/wp\/v2\/media\/503"}],"wp:attachment":[{"href":"https:\/\/favorite-news.com\/pl\/wp-json\/wp\/v2\/media?parent=502"}],"wp:term":[{"taxonomy":"category","embeddable":true,"href":"https:\/\/favorite-news.com\/pl\/wp-json\/wp\/v2\/categories?post=502"},{"taxonomy":"post_tag","embeddable":true,"href":"https:\/\/favorite-news.com\/pl\/wp-json\/wp\/v2\/tags?post=502"}],"curies":[{"name":"wp","href":"https:\/\/api.w.org\/{rel}","templated":true}]}}