{"id":4895,"date":"2019-09-24T12:27:19","date_gmt":"2019-09-24T09:27:19","guid":{"rendered":"https:\/\/favorite-news.com\/pl\/zaopiekuj-sie-rzeka-apel-wwf-polska-teledysk\/"},"modified":"2019-09-24T12:27:20","modified_gmt":"2019-09-24T09:27:20","slug":"zaopiekuj-sie-rzeka-apel-wwf-polska-teledysk","status":"publish","type":"post","link":"https:\/\/favorite-news.com\/pl\/zaopiekuj-sie-rzeka-apel-wwf-polska-teledysk\/","title":{"rendered":"Zaopiekuj si\u0119 rzek\u0105 apel WWF Polska teledysk"},"content":{"rendered":"<p>Utw\u00f3r jest now\u0105 aran\u017cacj\u0119 hitu sprzed lat &#8211; \u201eZaopiekuj si\u0119 mn\u0105\u201d. Na pierwszy rzut oka w nowym teledysku wida\u0107 niezwyk\u0142y krajobraz rzeki \u015awider oraz tajemnicz\u0105 rusa\u0142k\u0119 z\u00a0wiankiem na g\u0142owie. Przekaz utworu jest jednak inny &#8211; piosenka ma zwr\u00f3ci\u0107 uwag\u0119 na fakt, \u017ce polskie rzeki \u201ewysychaj\u0105\u201d i \u201ed\u0142awi\u0105 si\u0119\u201d z winy destrukcyjnej dzia\u0142alno\u015bci cz\u0142owieka.&#13;<br \/>\n&#13;<br \/>\nMa te\u017c zach\u0119ci\u0107 do do\u0142\u0105czenia do programu \u201eZaopiekuj si\u0119 mn\u0105\u201d realizowanego przez Stra\u017cnik\u00f3w Rzek WWF, w kt\u00f3rym ka\u017cdy mo\u017ce zosta\u0107 opiekunem wybranej rzeki i dzia\u0142a\u0107 dla jej dobra. Zg\u0142oszenia do\u00a0programu mo\u017cna dokona\u0107 na stronie straznicy.wwf.pl.&#13;<br \/>\n&#13;<br \/>\nAndrzej Adamiak spersonifikowa\u0142 rzek\u0119&#13;<br \/>\n&#13;<br \/>\nRzeka w teledysku przybiera posta\u0107 rusa\u0142ki, kt\u00f3r\u0105 widz podgl\u0105da w dzikich i tajemniczych okoliczno\u015bciach przyrody. Skupienie na detalach krajobrazu z rzek\u0105 w roli g\u0142\u00f3wnej, podkre\u015bla kulturowe znaczenie naturalnej rzeki na przestrzeni lat historii i obyczaj\u00f3w.&#13;<br \/>\n&#13;<br \/>\nAutorzy piosenki i teledysku udzielaj\u0105 rzece g\u0142osu: \u201eWok\u00f3\u0142 mnie gor\u0105co\u201d, \u201eZaopiekuj si\u0119 mn\u0105, nawet gdy nie b\u0119dziesz chcia\u0142. &#8211; Gdy Fundacja WWF Polska zg\u0142osi\u0142a si\u0119 do nas z propozycj\u0105 stworzenia remake\u2019u naszego utworu, od razu si\u0119\u00a0zgodzili\u015bmy. Ja osobi\u015bcie uwielbiam spacery nad rzek\u0105, niejednokrotnie takie obcowanie z przyrod\u0105 by\u0142o dla mnie ukojeniem, ale przede wszystkim wielk\u0105 inspiracj\u0105 do tworzenia. Ja jako artysta, nie wyobra\u017cam sobie, \u017ce\u00a0widoki dzikiej rzeki mog\u0142yby znikn\u0105\u0107 bezpowrotnie &#8211; m\u00f3wi lider zespo\u0142u Rezerwat Andrzej Adamiak.&#13;<br \/>\n&#13;<br \/>\nW Polsce znajduje si\u0119 150 tysi\u0119cy kilometr\u00f3w rzek. Szacuje si\u0119, \u017ce ok 20-25 proc. to rzeki, kt\u00f3re nie zosta\u0142y w\u00a0og\u00f3le przekszta\u0142cone przez cz\u0142owieka lub zosta\u0142y zmienione w niewielkim stopniu. Jedynie 15 tys. kilometr\u00f3w rzek znajduje si\u0119 w dobrym stanie.&#13;<br \/>\n&#13;<br \/>\n\u00a0&#8211; Zdrowa, naturalna rzeka mo\u017ce nas uchroni\u0107 przed skutkami katastrofy ekologicznej &#8211; przypomina Zofia Pawelska z Fundacji WWF Polska. &#8211; Rzeki w naturalnej postaci, pe\u0142ni\u0105 niezwykle istotne funkcje ekosystemowe. Z jednej strony zaopatruj\u0105 ludzi w \u015bwie\u017c\u0105 wod\u0119, produkty \u017cywno\u015bciowe i inne surowce pochodzenia ro\u015blinnego &#8211; np. drewno, a z drugiej strony pomagaj\u0105 w zmniejszeniu dotkliwo\u015bci zmiany klimatu &#8211; przeciwdzia\u0142aj\u0105 powstawaniu susz i powodzi oraz wspieraj\u0105 samooczyszczanie si\u0119 wody &#8211; dodaje Zofia Pawelska.&#13;<br \/>\n&#13;<br \/>\nFundacja WWF od lat apeluje o pilne i skuteczne wdro\u017cenie prawa w zakresie zapewnienia dobrego stanu w\u00f3d s\u0142odkowodnych w Polsce. Fundacja stworzy\u0142a \u2013 w ramach grupy wolontariuszy Stra\u017cnicy Rzek WWF &#8211; program Zaopiekuj si\u0119 rzek\u0105. Jego celem jest ochrona najcenniejszych odcink\u00f3w ma\u0142ych i \u015brednich rzek w Polsce, z pomoc\u0105 i zaanga\u017cowaniem spo\u0142ecze\u0144stwa. Ka\u017cdy, kto zostanie opiekunem konkretnego odcinka rzeki zobowi\u0105zuje si\u0119 do przeprowadzenia w ci\u0105gu roku czterech monitoring\u00f3w, organizacji akcji sprz\u0105tania \u015bmieci, a\u00a0tak\u017ce interwencji w urz\u0119dach w sytuacji, gdy\u00a0planowane b\u0119d\u0105 niepokoj\u0105ce inwestycje.&#13;<br \/>\n&#13;<br \/>\nProgram dzia\u0142a na\u00a0zasadach wolontariatu i jest bardzo wa\u017cny z\u00a0punktu widzenia ochrony polskich rzek, gdy\u017c pozwala na\u00a0kontrolowanie ich stanu oraz szybkie reagowanie w razie potrzeby.&#13;<br \/>\n&#13;<br \/>\n&#13;<br \/>\n                            &#13;<br \/>\n&#13;<br \/>\n                            &#13;<br \/>\n&#13;<br \/>\n&#13;<br \/>\n&#13;<br \/>\n&#13;<br \/>\n&#13;<br \/>\n                            &#13;<br \/>\n                                                            &#13;<br \/>\n&#13;<br \/>\n                            &#13;<\/p>\n<p>\n<!--noindex--><br \/>\n<a href=\"https:\/\/www.wirtualnemedia.pl\/artykul\/zaopiekuj-sie-rzeka-apel-wwf-polska-teledysk\" rel=\"nofollow\">Source link <\/a><br \/>\n<!--\/noindex--><\/p>\n","protected":false},"excerpt":{"rendered":"<p>Utw\u00f3r jest now\u0105 aran\u017cacj\u0119 hitu sprzed lat &#8211; \u201eZaopiekuj si\u0119 mn\u0105\u201d. Na pierwszy rzut oka w nowym teledysku wida\u0107 niezwyk\u0142y krajobraz rzeki \u015awider oraz tajemnicz\u0105 rusa\u0142k\u0119 z\u00a0wiankiem na g\u0142owie. Przekaz utworu jest jednak inny &#8211; piosenka ma zwr\u00f3ci\u0107 uwag\u0119 na fakt, \u017ce polskie rzeki \u201ewysychaj\u0105\u201d i \u201ed\u0142awi\u0105 si\u0119\u201d z winy destrukcyjnej dzia\u0142alno\u015bci cz\u0142owieka.&#13; &#13; Ma [&hellip;]<\/p>\n","protected":false},"author":2,"featured_media":4896,"comment_status":"open","ping_status":"open","sticky":false,"template":"","format":"standard","meta":{"footnotes":""},"categories":[2],"tags":[],"class_list":["post-4895","post","type-post","status-publish","format-standard","has-post-thumbnail","hentry","category-wiadomosci-marketingowe-internetowe"],"yoast_head":"<!-- This site is optimized with the Yoast SEO plugin v27.4 - https:\/\/yoast.com\/product\/yoast-seo-wordpress\/ -->\n<title>Zaopiekuj si\u0119 rzek\u0105 apel WWF Polska teledysk - Favorite News<\/title>\n<meta name=\"robots\" content=\"index, follow, max-snippet:-1, max-image-preview:large, max-video-preview:-1\" \/>\n<link rel=\"canonical\" href=\"https:\/\/favorite-news.com\/pl\/zaopiekuj-sie-rzeka-apel-wwf-polska-teledysk\/\" \/>\n<meta property=\"og:locale\" content=\"pl_PL\" \/>\n<meta property=\"og:type\" content=\"article\" \/>\n<meta property=\"og:title\" content=\"Zaopiekuj si\u0119 rzek\u0105 apel WWF Polska teledysk - Favorite News\" \/>\n<meta property=\"og:description\" content=\"Utw\u00f3r jest now\u0105 aran\u017cacj\u0119 hitu sprzed lat &#8211; \u201eZaopiekuj si\u0119 mn\u0105\u201d. Na pierwszy rzut oka w nowym teledysku wida\u0107 niezwyk\u0142y krajobraz rzeki \u015awider oraz tajemnicz\u0105 rusa\u0142k\u0119 z\u00a0wiankiem na g\u0142owie. Przekaz utworu jest jednak inny &#8211; piosenka ma zwr\u00f3ci\u0107 uwag\u0119 na fakt, \u017ce polskie rzeki \u201ewysychaj\u0105\u201d i \u201ed\u0142awi\u0105 si\u0119\u201d z winy destrukcyjnej dzia\u0142alno\u015bci cz\u0142owieka.&#013; &#013; Ma [&hellip;]\" \/>\n<meta property=\"og:url\" content=\"https:\/\/favorite-news.com\/pl\/zaopiekuj-sie-rzeka-apel-wwf-polska-teledysk\/\" \/>\n<meta property=\"og:site_name\" content=\"Favorite News\" \/>\n<meta property=\"article:published_time\" content=\"2019-09-24T09:27:19+00:00\" \/>\n<meta property=\"article:modified_time\" content=\"2019-09-24T09:27:20+00:00\" \/>\n<meta property=\"og:image\" content=\"https:\/\/favorite-news.com\/pl\/wp-content\/uploads\/sites\/6\/2019\/09\/Zaopiekuj-si\u0119-rzek\u0105-apel-WWF-Polska-teledysk.jpg\" \/>\n\t<meta property=\"og:image:width\" content=\"655\" \/>\n\t<meta property=\"og:image:height\" content=\"435\" \/>\n\t<meta property=\"og:image:type\" content=\"image\/jpeg\" \/>\n<meta name=\"author\" content=\"favorite-news\" \/>\n<meta name=\"twitter:card\" content=\"summary_large_image\" \/>\n<meta name=\"twitter:label1\" content=\"Napisane przez\" \/>\n\t<meta name=\"twitter:data1\" content=\"favorite-news\" \/>\n\t<meta name=\"twitter:label2\" content=\"Szacowany czas czytania\" \/>\n\t<meta name=\"twitter:data2\" content=\"3 minuty\" \/>\n<script type=\"application\/ld+json\" class=\"yoast-schema-graph\">{\"@context\":\"https:\\\/\\\/schema.org\",\"@graph\":[{\"@type\":\"Article\",\"@id\":\"https:\\\/\\\/favorite-news.com\\\/pl\\\/zaopiekuj-sie-rzeka-apel-wwf-polska-teledysk\\\/#article\",\"isPartOf\":{\"@id\":\"https:\\\/\\\/favorite-news.com\\\/pl\\\/zaopiekuj-sie-rzeka-apel-wwf-polska-teledysk\\\/\"},\"author\":{\"name\":\"favorite-news\",\"@id\":\"https:\\\/\\\/favorite-news.com\\\/pl\\\/#\\\/schema\\\/person\\\/b91573b717dcfa5e4696032a9d28d3e8\"},\"headline\":\"Zaopiekuj si\u0119 rzek\u0105 apel WWF Polska teledysk\",\"datePublished\":\"2019-09-24T09:27:19+00:00\",\"dateModified\":\"2019-09-24T09:27:20+00:00\",\"mainEntityOfPage\":{\"@id\":\"https:\\\/\\\/favorite-news.com\\\/pl\\\/zaopiekuj-sie-rzeka-apel-wwf-polska-teledysk\\\/\"},\"wordCount\":515,\"commentCount\":0,\"image\":{\"@id\":\"https:\\\/\\\/favorite-news.com\\\/pl\\\/zaopiekuj-sie-rzeka-apel-wwf-polska-teledysk\\\/#primaryimage\"},\"thumbnailUrl\":\"https:\\\/\\\/favorite-news.com\\\/pl\\\/wp-content\\\/uploads\\\/sites\\\/6\\\/2019\\\/09\\\/Zaopiekuj-si\u0119-rzek\u0105-apel-WWF-Polska-teledysk.jpg\",\"articleSection\":[\"WIADOMO\u015aCI MARKETINGOWE INTERNETOWE\"],\"inLanguage\":\"pl-PL\",\"potentialAction\":[{\"@type\":\"CommentAction\",\"name\":\"Comment\",\"target\":[\"https:\\\/\\\/favorite-news.com\\\/pl\\\/zaopiekuj-sie-rzeka-apel-wwf-polska-teledysk\\\/#respond\"]}]},{\"@type\":\"WebPage\",\"@id\":\"https:\\\/\\\/favorite-news.com\\\/pl\\\/zaopiekuj-sie-rzeka-apel-wwf-polska-teledysk\\\/\",\"url\":\"https:\\\/\\\/favorite-news.com\\\/pl\\\/zaopiekuj-sie-rzeka-apel-wwf-polska-teledysk\\\/\",\"name\":\"Zaopiekuj si\u0119 rzek\u0105 apel WWF Polska teledysk - Favorite News\",\"isPartOf\":{\"@id\":\"https:\\\/\\\/favorite-news.com\\\/pl\\\/#website\"},\"primaryImageOfPage\":{\"@id\":\"https:\\\/\\\/favorite-news.com\\\/pl\\\/zaopiekuj-sie-rzeka-apel-wwf-polska-teledysk\\\/#primaryimage\"},\"image\":{\"@id\":\"https:\\\/\\\/favorite-news.com\\\/pl\\\/zaopiekuj-sie-rzeka-apel-wwf-polska-teledysk\\\/#primaryimage\"},\"thumbnailUrl\":\"https:\\\/\\\/favorite-news.com\\\/pl\\\/wp-content\\\/uploads\\\/sites\\\/6\\\/2019\\\/09\\\/Zaopiekuj-si\u0119-rzek\u0105-apel-WWF-Polska-teledysk.jpg\",\"datePublished\":\"2019-09-24T09:27:19+00:00\",\"dateModified\":\"2019-09-24T09:27:20+00:00\",\"author\":{\"@id\":\"https:\\\/\\\/favorite-news.com\\\/pl\\\/#\\\/schema\\\/person\\\/b91573b717dcfa5e4696032a9d28d3e8\"},\"breadcrumb\":{\"@id\":\"https:\\\/\\\/favorite-news.com\\\/pl\\\/zaopiekuj-sie-rzeka-apel-wwf-polska-teledysk\\\/#breadcrumb\"},\"inLanguage\":\"pl-PL\",\"potentialAction\":[{\"@type\":\"ReadAction\",\"target\":[\"https:\\\/\\\/favorite-news.com\\\/pl\\\/zaopiekuj-sie-rzeka-apel-wwf-polska-teledysk\\\/\"]}]},{\"@type\":\"ImageObject\",\"inLanguage\":\"pl-PL\",\"@id\":\"https:\\\/\\\/favorite-news.com\\\/pl\\\/zaopiekuj-sie-rzeka-apel-wwf-polska-teledysk\\\/#primaryimage\",\"url\":\"https:\\\/\\\/favorite-news.com\\\/pl\\\/wp-content\\\/uploads\\\/sites\\\/6\\\/2019\\\/09\\\/Zaopiekuj-si\u0119-rzek\u0105-apel-WWF-Polska-teledysk.jpg\",\"contentUrl\":\"https:\\\/\\\/favorite-news.com\\\/pl\\\/wp-content\\\/uploads\\\/sites\\\/6\\\/2019\\\/09\\\/Zaopiekuj-si\u0119-rzek\u0105-apel-WWF-Polska-teledysk.jpg\",\"width\":655,\"height\":435,\"caption\":\"Article\"},{\"@type\":\"BreadcrumbList\",\"@id\":\"https:\\\/\\\/favorite-news.com\\\/pl\\\/zaopiekuj-sie-rzeka-apel-wwf-polska-teledysk\\\/#breadcrumb\",\"itemListElement\":[{\"@type\":\"ListItem\",\"position\":1,\"name\":\"Home\",\"item\":\"https:\\\/\\\/favorite-news.com\\\/pl\\\/\"},{\"@type\":\"ListItem\",\"position\":2,\"name\":\"Zaopiekuj si\u0119 rzek\u0105 apel WWF Polska teledysk\"}]},{\"@type\":\"WebSite\",\"@id\":\"https:\\\/\\\/favorite-news.com\\\/pl\\\/#website\",\"url\":\"https:\\\/\\\/favorite-news.com\\\/pl\\\/\",\"name\":\"Favorite News\",\"description\":\"Favorite News Polska\",\"potentialAction\":[{\"@type\":\"SearchAction\",\"target\":{\"@type\":\"EntryPoint\",\"urlTemplate\":\"https:\\\/\\\/favorite-news.com\\\/pl\\\/?s={search_term_string}\"},\"query-input\":{\"@type\":\"PropertyValueSpecification\",\"valueRequired\":true,\"valueName\":\"search_term_string\"}}],\"inLanguage\":\"pl-PL\"},{\"@type\":\"Person\",\"@id\":\"https:\\\/\\\/favorite-news.com\\\/pl\\\/#\\\/schema\\\/person\\\/b91573b717dcfa5e4696032a9d28d3e8\",\"name\":\"favorite-news\",\"image\":{\"@type\":\"ImageObject\",\"inLanguage\":\"pl-PL\",\"@id\":\"https:\\\/\\\/secure.gravatar.com\\\/avatar\\\/6c5a5cb12b74e9d517ee91cf570335b7d16177f1977cc91db161adfa435945a7?s=96&d=mm&r=g\",\"url\":\"https:\\\/\\\/secure.gravatar.com\\\/avatar\\\/6c5a5cb12b74e9d517ee91cf570335b7d16177f1977cc91db161adfa435945a7?s=96&d=mm&r=g\",\"contentUrl\":\"https:\\\/\\\/secure.gravatar.com\\\/avatar\\\/6c5a5cb12b74e9d517ee91cf570335b7d16177f1977cc91db161adfa435945a7?s=96&d=mm&r=g\",\"caption\":\"favorite-news\"},\"url\":\"https:\\\/\\\/favorite-news.com\\\/pl\\\/author\\\/pt\\\/\"}]}<\/script>\n<!-- \/ Yoast SEO plugin. -->","yoast_head_json":{"title":"Zaopiekuj si\u0119 rzek\u0105 apel WWF Polska teledysk - Favorite News","robots":{"index":"index","follow":"follow","max-snippet":"max-snippet:-1","max-image-preview":"max-image-preview:large","max-video-preview":"max-video-preview:-1"},"canonical":"https:\/\/favorite-news.com\/pl\/zaopiekuj-sie-rzeka-apel-wwf-polska-teledysk\/","og_locale":"pl_PL","og_type":"article","og_title":"Zaopiekuj si\u0119 rzek\u0105 apel WWF Polska teledysk - Favorite News","og_description":"Utw\u00f3r jest now\u0105 aran\u017cacj\u0119 hitu sprzed lat &#8211; \u201eZaopiekuj si\u0119 mn\u0105\u201d. Na pierwszy rzut oka w nowym teledysku wida\u0107 niezwyk\u0142y krajobraz rzeki \u015awider oraz tajemnicz\u0105 rusa\u0142k\u0119 z\u00a0wiankiem na g\u0142owie. Przekaz utworu jest jednak inny &#8211; piosenka ma zwr\u00f3ci\u0107 uwag\u0119 na fakt, \u017ce polskie rzeki \u201ewysychaj\u0105\u201d i \u201ed\u0142awi\u0105 si\u0119\u201d z winy destrukcyjnej dzia\u0142alno\u015bci cz\u0142owieka.&#13; &#13; Ma [&hellip;]","og_url":"https:\/\/favorite-news.com\/pl\/zaopiekuj-sie-rzeka-apel-wwf-polska-teledysk\/","og_site_name":"Favorite News","article_published_time":"2019-09-24T09:27:19+00:00","article_modified_time":"2019-09-24T09:27:20+00:00","og_image":[{"width":655,"height":435,"url":"https:\/\/favorite-news.com\/pl\/wp-content\/uploads\/sites\/6\/2019\/09\/Zaopiekuj-si\u0119-rzek\u0105-apel-WWF-Polska-teledysk.jpg","type":"image\/jpeg"}],"author":"favorite-news","twitter_card":"summary_large_image","twitter_misc":{"Napisane przez":"favorite-news","Szacowany czas czytania":"3 minuty"},"schema":{"@context":"https:\/\/schema.org","@graph":[{"@type":"Article","@id":"https:\/\/favorite-news.com\/pl\/zaopiekuj-sie-rzeka-apel-wwf-polska-teledysk\/#article","isPartOf":{"@id":"https:\/\/favorite-news.com\/pl\/zaopiekuj-sie-rzeka-apel-wwf-polska-teledysk\/"},"author":{"name":"favorite-news","@id":"https:\/\/favorite-news.com\/pl\/#\/schema\/person\/b91573b717dcfa5e4696032a9d28d3e8"},"headline":"Zaopiekuj si\u0119 rzek\u0105 apel WWF Polska teledysk","datePublished":"2019-09-24T09:27:19+00:00","dateModified":"2019-09-24T09:27:20+00:00","mainEntityOfPage":{"@id":"https:\/\/favorite-news.com\/pl\/zaopiekuj-sie-rzeka-apel-wwf-polska-teledysk\/"},"wordCount":515,"commentCount":0,"image":{"@id":"https:\/\/favorite-news.com\/pl\/zaopiekuj-sie-rzeka-apel-wwf-polska-teledysk\/#primaryimage"},"thumbnailUrl":"https:\/\/favorite-news.com\/pl\/wp-content\/uploads\/sites\/6\/2019\/09\/Zaopiekuj-si\u0119-rzek\u0105-apel-WWF-Polska-teledysk.jpg","articleSection":["WIADOMO\u015aCI MARKETINGOWE INTERNETOWE"],"inLanguage":"pl-PL","potentialAction":[{"@type":"CommentAction","name":"Comment","target":["https:\/\/favorite-news.com\/pl\/zaopiekuj-sie-rzeka-apel-wwf-polska-teledysk\/#respond"]}]},{"@type":"WebPage","@id":"https:\/\/favorite-news.com\/pl\/zaopiekuj-sie-rzeka-apel-wwf-polska-teledysk\/","url":"https:\/\/favorite-news.com\/pl\/zaopiekuj-sie-rzeka-apel-wwf-polska-teledysk\/","name":"Zaopiekuj si\u0119 rzek\u0105 apel WWF Polska teledysk - Favorite News","isPartOf":{"@id":"https:\/\/favorite-news.com\/pl\/#website"},"primaryImageOfPage":{"@id":"https:\/\/favorite-news.com\/pl\/zaopiekuj-sie-rzeka-apel-wwf-polska-teledysk\/#primaryimage"},"image":{"@id":"https:\/\/favorite-news.com\/pl\/zaopiekuj-sie-rzeka-apel-wwf-polska-teledysk\/#primaryimage"},"thumbnailUrl":"https:\/\/favorite-news.com\/pl\/wp-content\/uploads\/sites\/6\/2019\/09\/Zaopiekuj-si\u0119-rzek\u0105-apel-WWF-Polska-teledysk.jpg","datePublished":"2019-09-24T09:27:19+00:00","dateModified":"2019-09-24T09:27:20+00:00","author":{"@id":"https:\/\/favorite-news.com\/pl\/#\/schema\/person\/b91573b717dcfa5e4696032a9d28d3e8"},"breadcrumb":{"@id":"https:\/\/favorite-news.com\/pl\/zaopiekuj-sie-rzeka-apel-wwf-polska-teledysk\/#breadcrumb"},"inLanguage":"pl-PL","potentialAction":[{"@type":"ReadAction","target":["https:\/\/favorite-news.com\/pl\/zaopiekuj-sie-rzeka-apel-wwf-polska-teledysk\/"]}]},{"@type":"ImageObject","inLanguage":"pl-PL","@id":"https:\/\/favorite-news.com\/pl\/zaopiekuj-sie-rzeka-apel-wwf-polska-teledysk\/#primaryimage","url":"https:\/\/favorite-news.com\/pl\/wp-content\/uploads\/sites\/6\/2019\/09\/Zaopiekuj-si\u0119-rzek\u0105-apel-WWF-Polska-teledysk.jpg","contentUrl":"https:\/\/favorite-news.com\/pl\/wp-content\/uploads\/sites\/6\/2019\/09\/Zaopiekuj-si\u0119-rzek\u0105-apel-WWF-Polska-teledysk.jpg","width":655,"height":435,"caption":"Article"},{"@type":"BreadcrumbList","@id":"https:\/\/favorite-news.com\/pl\/zaopiekuj-sie-rzeka-apel-wwf-polska-teledysk\/#breadcrumb","itemListElement":[{"@type":"ListItem","position":1,"name":"Home","item":"https:\/\/favorite-news.com\/pl\/"},{"@type":"ListItem","position":2,"name":"Zaopiekuj si\u0119 rzek\u0105 apel WWF Polska teledysk"}]},{"@type":"WebSite","@id":"https:\/\/favorite-news.com\/pl\/#website","url":"https:\/\/favorite-news.com\/pl\/","name":"Favorite News","description":"Favorite News Polska","potentialAction":[{"@type":"SearchAction","target":{"@type":"EntryPoint","urlTemplate":"https:\/\/favorite-news.com\/pl\/?s={search_term_string}"},"query-input":{"@type":"PropertyValueSpecification","valueRequired":true,"valueName":"search_term_string"}}],"inLanguage":"pl-PL"},{"@type":"Person","@id":"https:\/\/favorite-news.com\/pl\/#\/schema\/person\/b91573b717dcfa5e4696032a9d28d3e8","name":"favorite-news","image":{"@type":"ImageObject","inLanguage":"pl-PL","@id":"https:\/\/secure.gravatar.com\/avatar\/6c5a5cb12b74e9d517ee91cf570335b7d16177f1977cc91db161adfa435945a7?s=96&d=mm&r=g","url":"https:\/\/secure.gravatar.com\/avatar\/6c5a5cb12b74e9d517ee91cf570335b7d16177f1977cc91db161adfa435945a7?s=96&d=mm&r=g","contentUrl":"https:\/\/secure.gravatar.com\/avatar\/6c5a5cb12b74e9d517ee91cf570335b7d16177f1977cc91db161adfa435945a7?s=96&d=mm&r=g","caption":"favorite-news"},"url":"https:\/\/favorite-news.com\/pl\/author\/pt\/"}]}},"_links":{"self":[{"href":"https:\/\/favorite-news.com\/pl\/wp-json\/wp\/v2\/posts\/4895","targetHints":{"allow":["GET"]}}],"collection":[{"href":"https:\/\/favorite-news.com\/pl\/wp-json\/wp\/v2\/posts"}],"about":[{"href":"https:\/\/favorite-news.com\/pl\/wp-json\/wp\/v2\/types\/post"}],"author":[{"embeddable":true,"href":"https:\/\/favorite-news.com\/pl\/wp-json\/wp\/v2\/users\/2"}],"replies":[{"embeddable":true,"href":"https:\/\/favorite-news.com\/pl\/wp-json\/wp\/v2\/comments?post=4895"}],"version-history":[{"count":1,"href":"https:\/\/favorite-news.com\/pl\/wp-json\/wp\/v2\/posts\/4895\/revisions"}],"predecessor-version":[{"id":4897,"href":"https:\/\/favorite-news.com\/pl\/wp-json\/wp\/v2\/posts\/4895\/revisions\/4897"}],"wp:featuredmedia":[{"embeddable":true,"href":"https:\/\/favorite-news.com\/pl\/wp-json\/wp\/v2\/media\/4896"}],"wp:attachment":[{"href":"https:\/\/favorite-news.com\/pl\/wp-json\/wp\/v2\/media?parent=4895"}],"wp:term":[{"taxonomy":"category","embeddable":true,"href":"https:\/\/favorite-news.com\/pl\/wp-json\/wp\/v2\/categories?post=4895"},{"taxonomy":"post_tag","embeddable":true,"href":"https:\/\/favorite-news.com\/pl\/wp-json\/wp\/v2\/tags?post=4895"}],"curies":[{"name":"wp","href":"https:\/\/api.w.org\/{rel}","templated":true}]}}