{"id":4877,"date":"2019-09-24T05:37:42","date_gmt":"2019-09-24T02:37:42","guid":{"rendered":"https:\/\/favorite-news.com\/pl\/wyborowa-nowa-butelka-maciej-zakoscielny-ikona-spotkan-w-nowej-butelce\/"},"modified":"2019-09-24T05:37:43","modified_gmt":"2019-09-24T02:37:43","slug":"wyborowa-nowa-butelka-maciej-zakoscielny-ikona-spotkan-w-nowej-butelce","status":"publish","type":"post","link":"https:\/\/favorite-news.com\/pl\/wyborowa-nowa-butelka-maciej-zakoscielny-ikona-spotkan-w-nowej-butelce\/","title":{"rendered":"Wyborowa nowa butelka Maciej Zako\u015bcielny Ikona spotka\u0144 w nowej butelce"},"content":{"rendered":"<p>G\u0142\u00f3wn\u0105 inspiracj\u0105 dla projektant\u00f3w nowej butelki w\u00f3dki Wyborowa by\u0142y faluj\u0105ce \u0142any \u017cyta. W nowej ods\u0142onie produkt sprzedawany jest w butelce z wyra\u017anie zaznaczonym skosem na etykiecie.\u00a0 Przez ca\u0142\u0105 butelk\u0119 przechodzi mocne \u015bci\u0119cie &#8211; motyw ten jest r\u00f3wnie\u017c wykorzystywany w dzia\u0142aniach komunikacyjnych marki. Dodatkowo na zakr\u0119tce pojawi\u0142a si\u0119 litera \u201eW\u201d, czyli symbol produktu.&#13;<br \/>\n&#13;<br \/>\nPolsko\u015b\u0107 zaakcentowano poprzez flag\u0119 znajduj\u0105c\u0105 si\u0119 na dole etykiety oraz certyfikat Polska W\u00f3dka (chronione oznaczenie geograficzne) na etykiecie tylnej.&#13;<br \/>\n&#13;<br \/>\n&#13;<br \/>\n&#13;<br \/>\n\u201eIkona spotka\u0144 w nowej butelce\u201d&#13;<br \/>\n&#13;<br \/>\nZmianie designu towarzyszy kampania z udzia\u0142em Macieja Zako\u015bcielnego, twarzy marki. W projekcie \u201eIkona spotka\u0144 w nowej butelce\u201d Wyborowa opowiada o symbolach, kt\u00f3re w naturalny spos\u00f3b nawi\u0105zuj\u0105 do polskiej kultury i celebracji spotka\u0144. Akcja trwa w digitalu.&#13;<br \/>\n&#13;<br \/>\nWsp\u00f3lnie z Sylwi\u0105 Chutnik \u2013 polsk\u0105 pisark\u0105 i kulturoznawczyni\u0105 \u2013 Wyborowa przygotowa\u0142a z kolei zestawienie dziesi\u0119ciu symboli spotka\u0144. W tym przedmiot\u00f3w codziennego u\u017cytku, z kt\u00f3rych cz\u0119sto korzystamy, uczestnicz\u0105c we wsp\u00f3lnej celebracji. Zaczynaj\u0105c od sto\u0142u,Chutnik wybra\u0142a 10 niezb\u0119dnych przedmiot\u00f3w, kt\u00f3re symbolizuj\u0105 spotkania w najbli\u017cszym gronie.&#13;<br \/>\n&#13;<br \/>\nObs\u0142ug\u0105 digitalow\u0105 Wyborowej zajmuje si\u0119 VMLY&amp;R Poland. Za design nowej butelki odpowiada Dragon Rouge.&#13;<br \/>\n                            &#13;<br \/>\n&#13;<br \/>\n                            &#13;<br \/>\n&#13;<br \/>\n&#13;<br \/>\n&#13;<br \/>\n&#13;<br \/>\n&#13;<br \/>\n                            &#13;<br \/>\n                                                            &#13;<br \/>\n&#13;<br \/>\n                            &#13;<\/p>\n<p>\n<!--noindex--><br \/>\n<a href=\"https:\/\/www.wirtualnemedia.pl\/artykul\/wyborowa-nowa-butelka-maciej-zakoscielny-ikona-spotkan-w-nowej-butelce\" rel=\"nofollow\">Source link <\/a><br \/>\n<!--\/noindex--><\/p>\n","protected":false},"excerpt":{"rendered":"<p>G\u0142\u00f3wn\u0105 inspiracj\u0105 dla projektant\u00f3w nowej butelki w\u00f3dki Wyborowa by\u0142y faluj\u0105ce \u0142any \u017cyta. W nowej ods\u0142onie produkt sprzedawany jest w butelce z wyra\u017anie zaznaczonym skosem na etykiecie.\u00a0 Przez ca\u0142\u0105 butelk\u0119 przechodzi mocne \u015bci\u0119cie &#8211; motyw ten jest r\u00f3wnie\u017c wykorzystywany w dzia\u0142aniach komunikacyjnych marki. Dodatkowo na zakr\u0119tce pojawi\u0142a si\u0119 litera \u201eW\u201d, czyli symbol produktu.&#13; &#13; Polsko\u015b\u0107 zaakcentowano [&hellip;]<\/p>\n","protected":false},"author":2,"featured_media":4878,"comment_status":"open","ping_status":"open","sticky":false,"template":"","format":"standard","meta":{"footnotes":""},"categories":[2],"tags":[],"class_list":["post-4877","post","type-post","status-publish","format-standard","has-post-thumbnail","hentry","category-wiadomosci-marketingowe-internetowe"],"yoast_head":"<!-- This site is optimized with the Yoast SEO plugin v27.4 - https:\/\/yoast.com\/product\/yoast-seo-wordpress\/ -->\n<title>Wyborowa nowa butelka Maciej Zako\u015bcielny Ikona spotka\u0144 w nowej butelce - Favorite News<\/title>\n<meta name=\"robots\" content=\"index, follow, max-snippet:-1, max-image-preview:large, max-video-preview:-1\" \/>\n<link rel=\"canonical\" href=\"https:\/\/favorite-news.com\/pl\/wyborowa-nowa-butelka-maciej-zakoscielny-ikona-spotkan-w-nowej-butelce\/\" \/>\n<meta property=\"og:locale\" content=\"pl_PL\" \/>\n<meta property=\"og:type\" content=\"article\" \/>\n<meta property=\"og:title\" content=\"Wyborowa nowa butelka Maciej Zako\u015bcielny Ikona spotka\u0144 w nowej butelce - Favorite News\" \/>\n<meta property=\"og:description\" content=\"G\u0142\u00f3wn\u0105 inspiracj\u0105 dla projektant\u00f3w nowej butelki w\u00f3dki Wyborowa by\u0142y faluj\u0105ce \u0142any \u017cyta. W nowej ods\u0142onie produkt sprzedawany jest w butelce z wyra\u017anie zaznaczonym skosem na etykiecie.\u00a0 Przez ca\u0142\u0105 butelk\u0119 przechodzi mocne \u015bci\u0119cie &#8211; motyw ten jest r\u00f3wnie\u017c wykorzystywany w dzia\u0142aniach komunikacyjnych marki. Dodatkowo na zakr\u0119tce pojawi\u0142a si\u0119 litera \u201eW\u201d, czyli symbol produktu.&#013; &#013; Polsko\u015b\u0107 zaakcentowano [&hellip;]\" \/>\n<meta property=\"og:url\" content=\"https:\/\/favorite-news.com\/pl\/wyborowa-nowa-butelka-maciej-zakoscielny-ikona-spotkan-w-nowej-butelce\/\" \/>\n<meta property=\"og:site_name\" content=\"Favorite News\" \/>\n<meta property=\"article:published_time\" content=\"2019-09-24T02:37:42+00:00\" \/>\n<meta property=\"article:modified_time\" content=\"2019-09-24T02:37:43+00:00\" \/>\n<meta property=\"og:image\" content=\"https:\/\/favorite-news.com\/pl\/wp-content\/uploads\/sites\/6\/2019\/09\/Wyborowa-nowa-butelka-Maciej-Zako\u015bcielny-Ikona-spotka\u0144-w-nowej-butelce.png\" \/>\n\t<meta property=\"og:image:width\" content=\"655\" \/>\n\t<meta property=\"og:image:height\" content=\"571\" \/>\n\t<meta property=\"og:image:type\" content=\"image\/png\" \/>\n<meta name=\"author\" content=\"favorite-news\" \/>\n<meta name=\"twitter:card\" content=\"summary_large_image\" \/>\n<meta name=\"twitter:label1\" content=\"Napisane przez\" \/>\n\t<meta name=\"twitter:data1\" content=\"favorite-news\" \/>\n\t<meta name=\"twitter:label2\" content=\"Szacowany czas czytania\" \/>\n\t<meta name=\"twitter:data2\" content=\"1 minuta\" \/>\n<script type=\"application\/ld+json\" class=\"yoast-schema-graph\">{\"@context\":\"https:\\\/\\\/schema.org\",\"@graph\":[{\"@type\":\"Article\",\"@id\":\"https:\\\/\\\/favorite-news.com\\\/pl\\\/wyborowa-nowa-butelka-maciej-zakoscielny-ikona-spotkan-w-nowej-butelce\\\/#article\",\"isPartOf\":{\"@id\":\"https:\\\/\\\/favorite-news.com\\\/pl\\\/wyborowa-nowa-butelka-maciej-zakoscielny-ikona-spotkan-w-nowej-butelce\\\/\"},\"author\":{\"name\":\"favorite-news\",\"@id\":\"https:\\\/\\\/favorite-news.com\\\/pl\\\/#\\\/schema\\\/person\\\/b91573b717dcfa5e4696032a9d28d3e8\"},\"headline\":\"Wyborowa nowa butelka Maciej Zako\u015bcielny Ikona spotka\u0144 w nowej butelce\",\"datePublished\":\"2019-09-24T02:37:42+00:00\",\"dateModified\":\"2019-09-24T02:37:43+00:00\",\"mainEntityOfPage\":{\"@id\":\"https:\\\/\\\/favorite-news.com\\\/pl\\\/wyborowa-nowa-butelka-maciej-zakoscielny-ikona-spotkan-w-nowej-butelce\\\/\"},\"wordCount\":219,\"commentCount\":0,\"image\":{\"@id\":\"https:\\\/\\\/favorite-news.com\\\/pl\\\/wyborowa-nowa-butelka-maciej-zakoscielny-ikona-spotkan-w-nowej-butelce\\\/#primaryimage\"},\"thumbnailUrl\":\"https:\\\/\\\/favorite-news.com\\\/pl\\\/wp-content\\\/uploads\\\/sites\\\/6\\\/2019\\\/09\\\/Wyborowa-nowa-butelka-Maciej-Zako\u015bcielny-Ikona-spotka\u0144-w-nowej-butelce.png\",\"articleSection\":[\"WIADOMO\u015aCI MARKETINGOWE INTERNETOWE\"],\"inLanguage\":\"pl-PL\",\"potentialAction\":[{\"@type\":\"CommentAction\",\"name\":\"Comment\",\"target\":[\"https:\\\/\\\/favorite-news.com\\\/pl\\\/wyborowa-nowa-butelka-maciej-zakoscielny-ikona-spotkan-w-nowej-butelce\\\/#respond\"]}]},{\"@type\":\"WebPage\",\"@id\":\"https:\\\/\\\/favorite-news.com\\\/pl\\\/wyborowa-nowa-butelka-maciej-zakoscielny-ikona-spotkan-w-nowej-butelce\\\/\",\"url\":\"https:\\\/\\\/favorite-news.com\\\/pl\\\/wyborowa-nowa-butelka-maciej-zakoscielny-ikona-spotkan-w-nowej-butelce\\\/\",\"name\":\"Wyborowa nowa butelka Maciej Zako\u015bcielny Ikona spotka\u0144 w nowej butelce - Favorite News\",\"isPartOf\":{\"@id\":\"https:\\\/\\\/favorite-news.com\\\/pl\\\/#website\"},\"primaryImageOfPage\":{\"@id\":\"https:\\\/\\\/favorite-news.com\\\/pl\\\/wyborowa-nowa-butelka-maciej-zakoscielny-ikona-spotkan-w-nowej-butelce\\\/#primaryimage\"},\"image\":{\"@id\":\"https:\\\/\\\/favorite-news.com\\\/pl\\\/wyborowa-nowa-butelka-maciej-zakoscielny-ikona-spotkan-w-nowej-butelce\\\/#primaryimage\"},\"thumbnailUrl\":\"https:\\\/\\\/favorite-news.com\\\/pl\\\/wp-content\\\/uploads\\\/sites\\\/6\\\/2019\\\/09\\\/Wyborowa-nowa-butelka-Maciej-Zako\u015bcielny-Ikona-spotka\u0144-w-nowej-butelce.png\",\"datePublished\":\"2019-09-24T02:37:42+00:00\",\"dateModified\":\"2019-09-24T02:37:43+00:00\",\"author\":{\"@id\":\"https:\\\/\\\/favorite-news.com\\\/pl\\\/#\\\/schema\\\/person\\\/b91573b717dcfa5e4696032a9d28d3e8\"},\"breadcrumb\":{\"@id\":\"https:\\\/\\\/favorite-news.com\\\/pl\\\/wyborowa-nowa-butelka-maciej-zakoscielny-ikona-spotkan-w-nowej-butelce\\\/#breadcrumb\"},\"inLanguage\":\"pl-PL\",\"potentialAction\":[{\"@type\":\"ReadAction\",\"target\":[\"https:\\\/\\\/favorite-news.com\\\/pl\\\/wyborowa-nowa-butelka-maciej-zakoscielny-ikona-spotkan-w-nowej-butelce\\\/\"]}]},{\"@type\":\"ImageObject\",\"inLanguage\":\"pl-PL\",\"@id\":\"https:\\\/\\\/favorite-news.com\\\/pl\\\/wyborowa-nowa-butelka-maciej-zakoscielny-ikona-spotkan-w-nowej-butelce\\\/#primaryimage\",\"url\":\"https:\\\/\\\/favorite-news.com\\\/pl\\\/wp-content\\\/uploads\\\/sites\\\/6\\\/2019\\\/09\\\/Wyborowa-nowa-butelka-Maciej-Zako\u015bcielny-Ikona-spotka\u0144-w-nowej-butelce.png\",\"contentUrl\":\"https:\\\/\\\/favorite-news.com\\\/pl\\\/wp-content\\\/uploads\\\/sites\\\/6\\\/2019\\\/09\\\/Wyborowa-nowa-butelka-Maciej-Zako\u015bcielny-Ikona-spotka\u0144-w-nowej-butelce.png\",\"width\":655,\"height\":571,\"caption\":\"Article\"},{\"@type\":\"BreadcrumbList\",\"@id\":\"https:\\\/\\\/favorite-news.com\\\/pl\\\/wyborowa-nowa-butelka-maciej-zakoscielny-ikona-spotkan-w-nowej-butelce\\\/#breadcrumb\",\"itemListElement\":[{\"@type\":\"ListItem\",\"position\":1,\"name\":\"Home\",\"item\":\"https:\\\/\\\/favorite-news.com\\\/pl\\\/\"},{\"@type\":\"ListItem\",\"position\":2,\"name\":\"Wyborowa nowa butelka Maciej Zako\u015bcielny Ikona spotka\u0144 w nowej butelce\"}]},{\"@type\":\"WebSite\",\"@id\":\"https:\\\/\\\/favorite-news.com\\\/pl\\\/#website\",\"url\":\"https:\\\/\\\/favorite-news.com\\\/pl\\\/\",\"name\":\"Favorite News\",\"description\":\"Favorite News Polska\",\"potentialAction\":[{\"@type\":\"SearchAction\",\"target\":{\"@type\":\"EntryPoint\",\"urlTemplate\":\"https:\\\/\\\/favorite-news.com\\\/pl\\\/?s={search_term_string}\"},\"query-input\":{\"@type\":\"PropertyValueSpecification\",\"valueRequired\":true,\"valueName\":\"search_term_string\"}}],\"inLanguage\":\"pl-PL\"},{\"@type\":\"Person\",\"@id\":\"https:\\\/\\\/favorite-news.com\\\/pl\\\/#\\\/schema\\\/person\\\/b91573b717dcfa5e4696032a9d28d3e8\",\"name\":\"favorite-news\",\"image\":{\"@type\":\"ImageObject\",\"inLanguage\":\"pl-PL\",\"@id\":\"https:\\\/\\\/secure.gravatar.com\\\/avatar\\\/6c5a5cb12b74e9d517ee91cf570335b7d16177f1977cc91db161adfa435945a7?s=96&d=mm&r=g\",\"url\":\"https:\\\/\\\/secure.gravatar.com\\\/avatar\\\/6c5a5cb12b74e9d517ee91cf570335b7d16177f1977cc91db161adfa435945a7?s=96&d=mm&r=g\",\"contentUrl\":\"https:\\\/\\\/secure.gravatar.com\\\/avatar\\\/6c5a5cb12b74e9d517ee91cf570335b7d16177f1977cc91db161adfa435945a7?s=96&d=mm&r=g\",\"caption\":\"favorite-news\"},\"url\":\"https:\\\/\\\/favorite-news.com\\\/pl\\\/author\\\/pt\\\/\"}]}<\/script>\n<!-- \/ Yoast SEO plugin. -->","yoast_head_json":{"title":"Wyborowa nowa butelka Maciej Zako\u015bcielny Ikona spotka\u0144 w nowej butelce - Favorite News","robots":{"index":"index","follow":"follow","max-snippet":"max-snippet:-1","max-image-preview":"max-image-preview:large","max-video-preview":"max-video-preview:-1"},"canonical":"https:\/\/favorite-news.com\/pl\/wyborowa-nowa-butelka-maciej-zakoscielny-ikona-spotkan-w-nowej-butelce\/","og_locale":"pl_PL","og_type":"article","og_title":"Wyborowa nowa butelka Maciej Zako\u015bcielny Ikona spotka\u0144 w nowej butelce - Favorite News","og_description":"G\u0142\u00f3wn\u0105 inspiracj\u0105 dla projektant\u00f3w nowej butelki w\u00f3dki Wyborowa by\u0142y faluj\u0105ce \u0142any \u017cyta. W nowej ods\u0142onie produkt sprzedawany jest w butelce z wyra\u017anie zaznaczonym skosem na etykiecie.\u00a0 Przez ca\u0142\u0105 butelk\u0119 przechodzi mocne \u015bci\u0119cie &#8211; motyw ten jest r\u00f3wnie\u017c wykorzystywany w dzia\u0142aniach komunikacyjnych marki. Dodatkowo na zakr\u0119tce pojawi\u0142a si\u0119 litera \u201eW\u201d, czyli symbol produktu.&#13; &#13; Polsko\u015b\u0107 zaakcentowano [&hellip;]","og_url":"https:\/\/favorite-news.com\/pl\/wyborowa-nowa-butelka-maciej-zakoscielny-ikona-spotkan-w-nowej-butelce\/","og_site_name":"Favorite News","article_published_time":"2019-09-24T02:37:42+00:00","article_modified_time":"2019-09-24T02:37:43+00:00","og_image":[{"width":655,"height":571,"url":"https:\/\/favorite-news.com\/pl\/wp-content\/uploads\/sites\/6\/2019\/09\/Wyborowa-nowa-butelka-Maciej-Zako\u015bcielny-Ikona-spotka\u0144-w-nowej-butelce.png","type":"image\/png"}],"author":"favorite-news","twitter_card":"summary_large_image","twitter_misc":{"Napisane przez":"favorite-news","Szacowany czas czytania":"1 minuta"},"schema":{"@context":"https:\/\/schema.org","@graph":[{"@type":"Article","@id":"https:\/\/favorite-news.com\/pl\/wyborowa-nowa-butelka-maciej-zakoscielny-ikona-spotkan-w-nowej-butelce\/#article","isPartOf":{"@id":"https:\/\/favorite-news.com\/pl\/wyborowa-nowa-butelka-maciej-zakoscielny-ikona-spotkan-w-nowej-butelce\/"},"author":{"name":"favorite-news","@id":"https:\/\/favorite-news.com\/pl\/#\/schema\/person\/b91573b717dcfa5e4696032a9d28d3e8"},"headline":"Wyborowa nowa butelka Maciej Zako\u015bcielny Ikona spotka\u0144 w nowej butelce","datePublished":"2019-09-24T02:37:42+00:00","dateModified":"2019-09-24T02:37:43+00:00","mainEntityOfPage":{"@id":"https:\/\/favorite-news.com\/pl\/wyborowa-nowa-butelka-maciej-zakoscielny-ikona-spotkan-w-nowej-butelce\/"},"wordCount":219,"commentCount":0,"image":{"@id":"https:\/\/favorite-news.com\/pl\/wyborowa-nowa-butelka-maciej-zakoscielny-ikona-spotkan-w-nowej-butelce\/#primaryimage"},"thumbnailUrl":"https:\/\/favorite-news.com\/pl\/wp-content\/uploads\/sites\/6\/2019\/09\/Wyborowa-nowa-butelka-Maciej-Zako\u015bcielny-Ikona-spotka\u0144-w-nowej-butelce.png","articleSection":["WIADOMO\u015aCI MARKETINGOWE INTERNETOWE"],"inLanguage":"pl-PL","potentialAction":[{"@type":"CommentAction","name":"Comment","target":["https:\/\/favorite-news.com\/pl\/wyborowa-nowa-butelka-maciej-zakoscielny-ikona-spotkan-w-nowej-butelce\/#respond"]}]},{"@type":"WebPage","@id":"https:\/\/favorite-news.com\/pl\/wyborowa-nowa-butelka-maciej-zakoscielny-ikona-spotkan-w-nowej-butelce\/","url":"https:\/\/favorite-news.com\/pl\/wyborowa-nowa-butelka-maciej-zakoscielny-ikona-spotkan-w-nowej-butelce\/","name":"Wyborowa nowa butelka Maciej Zako\u015bcielny Ikona spotka\u0144 w nowej butelce - Favorite News","isPartOf":{"@id":"https:\/\/favorite-news.com\/pl\/#website"},"primaryImageOfPage":{"@id":"https:\/\/favorite-news.com\/pl\/wyborowa-nowa-butelka-maciej-zakoscielny-ikona-spotkan-w-nowej-butelce\/#primaryimage"},"image":{"@id":"https:\/\/favorite-news.com\/pl\/wyborowa-nowa-butelka-maciej-zakoscielny-ikona-spotkan-w-nowej-butelce\/#primaryimage"},"thumbnailUrl":"https:\/\/favorite-news.com\/pl\/wp-content\/uploads\/sites\/6\/2019\/09\/Wyborowa-nowa-butelka-Maciej-Zako\u015bcielny-Ikona-spotka\u0144-w-nowej-butelce.png","datePublished":"2019-09-24T02:37:42+00:00","dateModified":"2019-09-24T02:37:43+00:00","author":{"@id":"https:\/\/favorite-news.com\/pl\/#\/schema\/person\/b91573b717dcfa5e4696032a9d28d3e8"},"breadcrumb":{"@id":"https:\/\/favorite-news.com\/pl\/wyborowa-nowa-butelka-maciej-zakoscielny-ikona-spotkan-w-nowej-butelce\/#breadcrumb"},"inLanguage":"pl-PL","potentialAction":[{"@type":"ReadAction","target":["https:\/\/favorite-news.com\/pl\/wyborowa-nowa-butelka-maciej-zakoscielny-ikona-spotkan-w-nowej-butelce\/"]}]},{"@type":"ImageObject","inLanguage":"pl-PL","@id":"https:\/\/favorite-news.com\/pl\/wyborowa-nowa-butelka-maciej-zakoscielny-ikona-spotkan-w-nowej-butelce\/#primaryimage","url":"https:\/\/favorite-news.com\/pl\/wp-content\/uploads\/sites\/6\/2019\/09\/Wyborowa-nowa-butelka-Maciej-Zako\u015bcielny-Ikona-spotka\u0144-w-nowej-butelce.png","contentUrl":"https:\/\/favorite-news.com\/pl\/wp-content\/uploads\/sites\/6\/2019\/09\/Wyborowa-nowa-butelka-Maciej-Zako\u015bcielny-Ikona-spotka\u0144-w-nowej-butelce.png","width":655,"height":571,"caption":"Article"},{"@type":"BreadcrumbList","@id":"https:\/\/favorite-news.com\/pl\/wyborowa-nowa-butelka-maciej-zakoscielny-ikona-spotkan-w-nowej-butelce\/#breadcrumb","itemListElement":[{"@type":"ListItem","position":1,"name":"Home","item":"https:\/\/favorite-news.com\/pl\/"},{"@type":"ListItem","position":2,"name":"Wyborowa nowa butelka Maciej Zako\u015bcielny Ikona spotka\u0144 w nowej butelce"}]},{"@type":"WebSite","@id":"https:\/\/favorite-news.com\/pl\/#website","url":"https:\/\/favorite-news.com\/pl\/","name":"Favorite News","description":"Favorite News Polska","potentialAction":[{"@type":"SearchAction","target":{"@type":"EntryPoint","urlTemplate":"https:\/\/favorite-news.com\/pl\/?s={search_term_string}"},"query-input":{"@type":"PropertyValueSpecification","valueRequired":true,"valueName":"search_term_string"}}],"inLanguage":"pl-PL"},{"@type":"Person","@id":"https:\/\/favorite-news.com\/pl\/#\/schema\/person\/b91573b717dcfa5e4696032a9d28d3e8","name":"favorite-news","image":{"@type":"ImageObject","inLanguage":"pl-PL","@id":"https:\/\/secure.gravatar.com\/avatar\/6c5a5cb12b74e9d517ee91cf570335b7d16177f1977cc91db161adfa435945a7?s=96&d=mm&r=g","url":"https:\/\/secure.gravatar.com\/avatar\/6c5a5cb12b74e9d517ee91cf570335b7d16177f1977cc91db161adfa435945a7?s=96&d=mm&r=g","contentUrl":"https:\/\/secure.gravatar.com\/avatar\/6c5a5cb12b74e9d517ee91cf570335b7d16177f1977cc91db161adfa435945a7?s=96&d=mm&r=g","caption":"favorite-news"},"url":"https:\/\/favorite-news.com\/pl\/author\/pt\/"}]}},"_links":{"self":[{"href":"https:\/\/favorite-news.com\/pl\/wp-json\/wp\/v2\/posts\/4877","targetHints":{"allow":["GET"]}}],"collection":[{"href":"https:\/\/favorite-news.com\/pl\/wp-json\/wp\/v2\/posts"}],"about":[{"href":"https:\/\/favorite-news.com\/pl\/wp-json\/wp\/v2\/types\/post"}],"author":[{"embeddable":true,"href":"https:\/\/favorite-news.com\/pl\/wp-json\/wp\/v2\/users\/2"}],"replies":[{"embeddable":true,"href":"https:\/\/favorite-news.com\/pl\/wp-json\/wp\/v2\/comments?post=4877"}],"version-history":[{"count":1,"href":"https:\/\/favorite-news.com\/pl\/wp-json\/wp\/v2\/posts\/4877\/revisions"}],"predecessor-version":[{"id":4879,"href":"https:\/\/favorite-news.com\/pl\/wp-json\/wp\/v2\/posts\/4877\/revisions\/4879"}],"wp:featuredmedia":[{"embeddable":true,"href":"https:\/\/favorite-news.com\/pl\/wp-json\/wp\/v2\/media\/4878"}],"wp:attachment":[{"href":"https:\/\/favorite-news.com\/pl\/wp-json\/wp\/v2\/media?parent=4877"}],"wp:term":[{"taxonomy":"category","embeddable":true,"href":"https:\/\/favorite-news.com\/pl\/wp-json\/wp\/v2\/categories?post=4877"},{"taxonomy":"post_tag","embeddable":true,"href":"https:\/\/favorite-news.com\/pl\/wp-json\/wp\/v2\/tags?post=4877"}],"curies":[{"name":"wp","href":"https:\/\/api.w.org\/{rel}","templated":true}]}}