{"id":487,"date":"2019-05-11T05:25:03","date_gmt":"2019-05-11T02:25:03","guid":{"rendered":"https:\/\/favorite-news.com\/pl\/gucci-promuje-szminke-zdjeciami-niedoskonalego-zgryzu-dani-miller\/"},"modified":"2019-05-11T05:25:06","modified_gmt":"2019-05-11T02:25:06","slug":"gucci-promuje-szminke-zdjeciami-niedoskonalego-zgryzu-dani-miller","status":"publish","type":"post","link":"https:\/\/favorite-news.com\/pl\/gucci-promuje-szminke-zdjeciami-niedoskonalego-zgryzu-dani-miller\/","title":{"rendered":"Gucci promuje szmink\u0119 zdj\u0119ciami niedoskona\u0142ego zgryzu Dani Miller"},"content":{"rendered":"<p> [ad_1]<br \/>\n<\/p>\n<div id=\"\">\n<p>Gucci wprowadza na rynek lini\u0119 szminek Rouge \u00e0 L\u00e8vres przygotowan\u0105 przez Alessandra Michele\u2019a. Produkty b\u0119d\u0105 dost\u0119pne w 36 odcieniach, w wyko\u0144czeniach matowych, satynowych i jako bezbarwny balsam.<\/p>\n<p>&#13;<br \/>\n&#13;<\/p>\n<p>Szminki promowane s\u0105 m.in. w social mediach marki, na Facebooku i Instagramie.<strong> Na fotografiach widzimy m.in. zdj\u0119cie punkowej artystki Dani Miller, kt\u00f3rej zgryz odbiega od doskona\u0142o\u015bci, kt\u00f3r\u0105 cechowa\u0142y wcze\u015bniejsze kampanie produktowe Gucci.<\/strong> Wielu odbiorc\u00f3w pochwali\u0142o mark\u0119 za to, \u017ce zdecydowa\u0142a si\u0119 postawi\u0107 na naturalniejsze zdj\u0119cia, z widocznymi niedoskona\u0142o\u015bciami. Obok zdj\u0119cia widnieje has\u0142o &#8222;For the bold, the bright and the beautiful&#8221;.<\/p>\n<p>&#13;<br \/>\n&#13;<\/p>\n<p>&#13;<br \/>\n&#13;<\/p>\n<p><iframe loading=\"lazy\" allow=\"encrypted-media\" allowtransparency=\"true\" frameborder=\"0\" height=\"728\" scrolling=\"no\" src=\"https:\/\/www.facebook.com\/plugins\/post.php?href=https%3A%2F%2Fwww.facebook.com%2FGUCCI%2Fposts%2F10156926351831013&amp;width=500\" style=\"border:none;overflow:hidden\" width=\"500\"><\/iframe><\/p>\n<p>&#13;<br \/>\n&#13;<\/p>\n<p>W kampanii bior\u0105 tak\u017ce udzia\u0142 modelki Mae Lapres, Achok Majak i Ellia Sophia Coggins.Szminki trafi\u0105 na rynek pod koniec maja, b\u0119d\u0105 kosztowa\u0107 38 dolar\u00f3w.<\/p>\n<p>&#13;<br \/>\n&#13;<\/p>\n<p><iframe loading=\"lazy\" allow=\"encrypted-media\" allowtransparency=\"true\" frameborder=\"0\" height=\"690\" scrolling=\"no\" src=\"https:\/\/www.facebook.com\/plugins\/post.php?href=https%3A%2F%2Fwww.facebook.com%2FGUCCI%2Fposts%2F10156926375166013&amp;width=500\" style=\"border:none;overflow:hidden\" width=\"500\"><\/iframe><\/p>\n<p>&#13;<br \/>\n&#13;<\/p>\n<p><iframe loading=\"lazy\" allow=\"encrypted-media\" allowtransparency=\"true\" frameborder=\"0\" height=\"671\" scrolling=\"no\" src=\"https:\/\/www.facebook.com\/plugins\/post.php?href=https%3A%2F%2Fwww.facebook.com%2FGUCCI%2Fposts%2F10156926366416013&amp;width=500\" style=\"border:none;overflow:hidden\" width=\"500\"><\/iframe><\/p>\n<p>&#13;<br \/>\n&#13;<\/p>\n<p><span style=\"font-size:20px;\"><strong>Niedoskona\u0142o\u015b\u0107 przeku\u0107 w atut<\/strong><\/span><\/p>\n<p>&#13;<br \/>\n&#13;<\/p>\n<p>&#8211; Moda, przyjmuj\u0105c rol\u0119 dyktatora tego co pi\u0119kne i po\u017c\u0105dane, od dawna walczy ze spo\u0142ecznymi stygmatami, zatrudniaj\u0105c chocia\u017cby albinoski, czy modelki z przebarwieniami sk\u00f3rnymi. Podobnie tutaj Dani Miller m\u00f3wi, \u017ce po latach kompleks\u00f3w swoje niedoskona\u0142o\u015bci przeku\u0142a w najwi\u0119ksze atuty &#8211; i o tym jest ta narracja &#8211; uwa\u017ca Mateusz Grabarczyk, strateg Value Media.<\/p>\n<p>&#13;<br \/>\n&#13;<\/p>\n<p>Zdaniem eksperta poproszonego przez portal Wirtualnemedia.pl o opini\u0119, marce mo\u017ce tak\u017ce zale\u017ce\u0107 na dodatkowym rozg\u0142osie z powodu takiej niestandardowej kampanii.<\/p>\n<p>&#13;<br \/>\n&#13;<\/p>\n<p>&#8211;\u00a0 Z drugiej strony kontrowersja jest wpisana w Gucci &#8211; widz\u0105c reklam\u0119 z pi\u0119kn\u0105 modelk\u0105 w pi\u0119knej kreacji, w g\u0142owie cz\u0119sto z automatu leci do katalogu &#8222;moda&#8221; i skanujemy feed dalej. Ale gdy czujemy dysonans, co\u015b rozprasza i nie pasuje &#8211; si\u0142\u0105 rzeczy po\u015bwi\u0119camy temu uwag\u0119 &#8211; dodaje Mateusz Grabarczyk.<\/p>\n<p>&#13;<br \/>\n                            &#13;<br \/>\n&#13;<br \/>\n                            &#13;<br \/>\n&#13;<br \/>\n&#13;<br \/>\n&#13;<br \/>\n&#13;<br \/>\n&#13;<br \/>\n                            &#13;<br \/>\n                                                            &#13;<br \/>\n&#13;<br \/>\n                            &#13;\n                        <\/p><\/div>\n<p><script>(function (d, s, id) {\n        var js, fjs = d.getElementsByTagName(s)[0];\n        if (d.getElementById(id)) return;\n        js = d.createElement(s);\n        js.id = id;\n        js.src = \"http:\/\/connect.facebook.net\/pl_PL\/sdk.js#xfbml=1&version=v2.6&appId=297996717062470\";\n        fjs.parentNode.insertBefore(js, fjs);\n    }(document, 'script', 'facebook-jssdk'));<\/script><br \/>\n<br \/>[ad_2]<br \/>\n<br \/><a href=\"https:\/\/www.wirtualnemedia.pl\/artykul\/gucci-promuje-szminke-zdjeciami-niedoskonalego-zgryzu-dani-miller\">Source link <\/a><\/p>\n","protected":false},"excerpt":{"rendered":"<p>[ad_1] Gucci wprowadza na rynek lini\u0119 szminek Rouge \u00e0 L\u00e8vres przygotowan\u0105 przez Alessandra Michele\u2019a. Produkty b\u0119d\u0105 dost\u0119pne w 36 odcieniach, w wyko\u0144czeniach matowych, satynowych i jako bezbarwny balsam. &#13; &#13; Szminki promowane s\u0105 m.in. w social mediach marki, na Facebooku i Instagramie. Na fotografiach widzimy m.in. zdj\u0119cie punkowej artystki Dani Miller, kt\u00f3rej zgryz odbiega od [&hellip;]<\/p>\n","protected":false},"author":2,"featured_media":488,"comment_status":"open","ping_status":"open","sticky":false,"template":"","format":"standard","meta":{"footnotes":""},"categories":[2],"tags":[],"class_list":["post-487","post","type-post","status-publish","format-standard","has-post-thumbnail","hentry","category-wiadomosci-marketingowe-internetowe"],"yoast_head":"<!-- This site is optimized with the Yoast SEO plugin v27.4 - https:\/\/yoast.com\/product\/yoast-seo-wordpress\/ -->\n<title>Gucci promuje szmink\u0119 zdj\u0119ciami niedoskona\u0142ego zgryzu Dani Miller - Favorite News<\/title>\n<meta name=\"robots\" content=\"index, follow, max-snippet:-1, max-image-preview:large, max-video-preview:-1\" \/>\n<link rel=\"canonical\" href=\"https:\/\/favorite-news.com\/pl\/gucci-promuje-szminke-zdjeciami-niedoskonalego-zgryzu-dani-miller\/\" \/>\n<meta property=\"og:locale\" content=\"pl_PL\" \/>\n<meta property=\"og:type\" content=\"article\" \/>\n<meta property=\"og:title\" content=\"Gucci promuje szmink\u0119 zdj\u0119ciami niedoskona\u0142ego zgryzu Dani Miller - Favorite News\" \/>\n<meta property=\"og:description\" content=\"[ad_1] Gucci wprowadza na rynek lini\u0119 szminek Rouge \u00e0 L\u00e8vres przygotowan\u0105 przez Alessandra Michele\u2019a. Produkty b\u0119d\u0105 dost\u0119pne w 36 odcieniach, w wyko\u0144czeniach matowych, satynowych i jako bezbarwny balsam. &#013; &#013; Szminki promowane s\u0105 m.in. w social mediach marki, na Facebooku i Instagramie. Na fotografiach widzimy m.in. zdj\u0119cie punkowej artystki Dani Miller, kt\u00f3rej zgryz odbiega od [&hellip;]\" \/>\n<meta property=\"og:url\" content=\"https:\/\/favorite-news.com\/pl\/gucci-promuje-szminke-zdjeciami-niedoskonalego-zgryzu-dani-miller\/\" \/>\n<meta property=\"og:site_name\" content=\"Favorite News\" \/>\n<meta property=\"article:published_time\" content=\"2019-05-11T02:25:03+00:00\" \/>\n<meta property=\"article:modified_time\" content=\"2019-05-11T02:25:06+00:00\" \/>\n<meta property=\"og:image\" content=\"https:\/\/favorite-news.com\/pl\/wp-content\/uploads\/sites\/6\/2019\/05\/Gucci-promuje-szmink\u0119-zdj\u0119ciami-niedoskona\u0142ego-zgryzu-Dani-Miller.png\" \/>\n\t<meta property=\"og:image:width\" content=\"655\" \/>\n\t<meta property=\"og:image:height\" content=\"485\" \/>\n\t<meta property=\"og:image:type\" content=\"image\/png\" \/>\n<meta name=\"author\" content=\"favorite-news\" \/>\n<meta name=\"twitter:card\" content=\"summary_large_image\" \/>\n<meta name=\"twitter:label1\" content=\"Napisane przez\" \/>\n\t<meta name=\"twitter:data1\" content=\"favorite-news\" \/>\n\t<meta name=\"twitter:label2\" content=\"Szacowany czas czytania\" \/>\n\t<meta name=\"twitter:data2\" content=\"1 minuta\" \/>\n<script type=\"application\/ld+json\" class=\"yoast-schema-graph\">{\"@context\":\"https:\\\/\\\/schema.org\",\"@graph\":[{\"@type\":\"Article\",\"@id\":\"https:\\\/\\\/favorite-news.com\\\/pl\\\/gucci-promuje-szminke-zdjeciami-niedoskonalego-zgryzu-dani-miller\\\/#article\",\"isPartOf\":{\"@id\":\"https:\\\/\\\/favorite-news.com\\\/pl\\\/gucci-promuje-szminke-zdjeciami-niedoskonalego-zgryzu-dani-miller\\\/\"},\"author\":{\"name\":\"favorite-news\",\"@id\":\"https:\\\/\\\/favorite-news.com\\\/pl\\\/#\\\/schema\\\/person\\\/b91573b717dcfa5e4696032a9d28d3e8\"},\"headline\":\"Gucci promuje szmink\u0119 zdj\u0119ciami niedoskona\u0142ego zgryzu Dani Miller\",\"datePublished\":\"2019-05-11T02:25:03+00:00\",\"dateModified\":\"2019-05-11T02:25:06+00:00\",\"mainEntityOfPage\":{\"@id\":\"https:\\\/\\\/favorite-news.com\\\/pl\\\/gucci-promuje-szminke-zdjeciami-niedoskonalego-zgryzu-dani-miller\\\/\"},\"wordCount\":302,\"commentCount\":0,\"image\":{\"@id\":\"https:\\\/\\\/favorite-news.com\\\/pl\\\/gucci-promuje-szminke-zdjeciami-niedoskonalego-zgryzu-dani-miller\\\/#primaryimage\"},\"thumbnailUrl\":\"https:\\\/\\\/favorite-news.com\\\/pl\\\/wp-content\\\/uploads\\\/sites\\\/6\\\/2019\\\/05\\\/Gucci-promuje-szmink\u0119-zdj\u0119ciami-niedoskona\u0142ego-zgryzu-Dani-Miller.png\",\"articleSection\":[\"WIADOMO\u015aCI MARKETINGOWE INTERNETOWE\"],\"inLanguage\":\"pl-PL\",\"potentialAction\":[{\"@type\":\"CommentAction\",\"name\":\"Comment\",\"target\":[\"https:\\\/\\\/favorite-news.com\\\/pl\\\/gucci-promuje-szminke-zdjeciami-niedoskonalego-zgryzu-dani-miller\\\/#respond\"]}]},{\"@type\":\"WebPage\",\"@id\":\"https:\\\/\\\/favorite-news.com\\\/pl\\\/gucci-promuje-szminke-zdjeciami-niedoskonalego-zgryzu-dani-miller\\\/\",\"url\":\"https:\\\/\\\/favorite-news.com\\\/pl\\\/gucci-promuje-szminke-zdjeciami-niedoskonalego-zgryzu-dani-miller\\\/\",\"name\":\"Gucci promuje szmink\u0119 zdj\u0119ciami niedoskona\u0142ego zgryzu Dani Miller - Favorite News\",\"isPartOf\":{\"@id\":\"https:\\\/\\\/favorite-news.com\\\/pl\\\/#website\"},\"primaryImageOfPage\":{\"@id\":\"https:\\\/\\\/favorite-news.com\\\/pl\\\/gucci-promuje-szminke-zdjeciami-niedoskonalego-zgryzu-dani-miller\\\/#primaryimage\"},\"image\":{\"@id\":\"https:\\\/\\\/favorite-news.com\\\/pl\\\/gucci-promuje-szminke-zdjeciami-niedoskonalego-zgryzu-dani-miller\\\/#primaryimage\"},\"thumbnailUrl\":\"https:\\\/\\\/favorite-news.com\\\/pl\\\/wp-content\\\/uploads\\\/sites\\\/6\\\/2019\\\/05\\\/Gucci-promuje-szmink\u0119-zdj\u0119ciami-niedoskona\u0142ego-zgryzu-Dani-Miller.png\",\"datePublished\":\"2019-05-11T02:25:03+00:00\",\"dateModified\":\"2019-05-11T02:25:06+00:00\",\"author\":{\"@id\":\"https:\\\/\\\/favorite-news.com\\\/pl\\\/#\\\/schema\\\/person\\\/b91573b717dcfa5e4696032a9d28d3e8\"},\"breadcrumb\":{\"@id\":\"https:\\\/\\\/favorite-news.com\\\/pl\\\/gucci-promuje-szminke-zdjeciami-niedoskonalego-zgryzu-dani-miller\\\/#breadcrumb\"},\"inLanguage\":\"pl-PL\",\"potentialAction\":[{\"@type\":\"ReadAction\",\"target\":[\"https:\\\/\\\/favorite-news.com\\\/pl\\\/gucci-promuje-szminke-zdjeciami-niedoskonalego-zgryzu-dani-miller\\\/\"]}]},{\"@type\":\"ImageObject\",\"inLanguage\":\"pl-PL\",\"@id\":\"https:\\\/\\\/favorite-news.com\\\/pl\\\/gucci-promuje-szminke-zdjeciami-niedoskonalego-zgryzu-dani-miller\\\/#primaryimage\",\"url\":\"https:\\\/\\\/favorite-news.com\\\/pl\\\/wp-content\\\/uploads\\\/sites\\\/6\\\/2019\\\/05\\\/Gucci-promuje-szmink\u0119-zdj\u0119ciami-niedoskona\u0142ego-zgryzu-Dani-Miller.png\",\"contentUrl\":\"https:\\\/\\\/favorite-news.com\\\/pl\\\/wp-content\\\/uploads\\\/sites\\\/6\\\/2019\\\/05\\\/Gucci-promuje-szmink\u0119-zdj\u0119ciami-niedoskona\u0142ego-zgryzu-Dani-Miller.png\",\"width\":655,\"height\":485,\"caption\":\"Article\"},{\"@type\":\"BreadcrumbList\",\"@id\":\"https:\\\/\\\/favorite-news.com\\\/pl\\\/gucci-promuje-szminke-zdjeciami-niedoskonalego-zgryzu-dani-miller\\\/#breadcrumb\",\"itemListElement\":[{\"@type\":\"ListItem\",\"position\":1,\"name\":\"Home\",\"item\":\"https:\\\/\\\/favorite-news.com\\\/pl\\\/\"},{\"@type\":\"ListItem\",\"position\":2,\"name\":\"Gucci promuje szmink\u0119 zdj\u0119ciami niedoskona\u0142ego zgryzu Dani Miller\"}]},{\"@type\":\"WebSite\",\"@id\":\"https:\\\/\\\/favorite-news.com\\\/pl\\\/#website\",\"url\":\"https:\\\/\\\/favorite-news.com\\\/pl\\\/\",\"name\":\"Favorite News\",\"description\":\"Favorite News Polska\",\"potentialAction\":[{\"@type\":\"SearchAction\",\"target\":{\"@type\":\"EntryPoint\",\"urlTemplate\":\"https:\\\/\\\/favorite-news.com\\\/pl\\\/?s={search_term_string}\"},\"query-input\":{\"@type\":\"PropertyValueSpecification\",\"valueRequired\":true,\"valueName\":\"search_term_string\"}}],\"inLanguage\":\"pl-PL\"},{\"@type\":\"Person\",\"@id\":\"https:\\\/\\\/favorite-news.com\\\/pl\\\/#\\\/schema\\\/person\\\/b91573b717dcfa5e4696032a9d28d3e8\",\"name\":\"favorite-news\",\"image\":{\"@type\":\"ImageObject\",\"inLanguage\":\"pl-PL\",\"@id\":\"https:\\\/\\\/secure.gravatar.com\\\/avatar\\\/6c5a5cb12b74e9d517ee91cf570335b7d16177f1977cc91db161adfa435945a7?s=96&d=mm&r=g\",\"url\":\"https:\\\/\\\/secure.gravatar.com\\\/avatar\\\/6c5a5cb12b74e9d517ee91cf570335b7d16177f1977cc91db161adfa435945a7?s=96&d=mm&r=g\",\"contentUrl\":\"https:\\\/\\\/secure.gravatar.com\\\/avatar\\\/6c5a5cb12b74e9d517ee91cf570335b7d16177f1977cc91db161adfa435945a7?s=96&d=mm&r=g\",\"caption\":\"favorite-news\"},\"url\":\"https:\\\/\\\/favorite-news.com\\\/pl\\\/author\\\/pt\\\/\"}]}<\/script>\n<!-- \/ Yoast SEO plugin. -->","yoast_head_json":{"title":"Gucci promuje szmink\u0119 zdj\u0119ciami niedoskona\u0142ego zgryzu Dani Miller - Favorite News","robots":{"index":"index","follow":"follow","max-snippet":"max-snippet:-1","max-image-preview":"max-image-preview:large","max-video-preview":"max-video-preview:-1"},"canonical":"https:\/\/favorite-news.com\/pl\/gucci-promuje-szminke-zdjeciami-niedoskonalego-zgryzu-dani-miller\/","og_locale":"pl_PL","og_type":"article","og_title":"Gucci promuje szmink\u0119 zdj\u0119ciami niedoskona\u0142ego zgryzu Dani Miller - Favorite News","og_description":"[ad_1] Gucci wprowadza na rynek lini\u0119 szminek Rouge \u00e0 L\u00e8vres przygotowan\u0105 przez Alessandra Michele\u2019a. Produkty b\u0119d\u0105 dost\u0119pne w 36 odcieniach, w wyko\u0144czeniach matowych, satynowych i jako bezbarwny balsam. &#13; &#13; Szminki promowane s\u0105 m.in. w social mediach marki, na Facebooku i Instagramie. Na fotografiach widzimy m.in. zdj\u0119cie punkowej artystki Dani Miller, kt\u00f3rej zgryz odbiega od [&hellip;]","og_url":"https:\/\/favorite-news.com\/pl\/gucci-promuje-szminke-zdjeciami-niedoskonalego-zgryzu-dani-miller\/","og_site_name":"Favorite News","article_published_time":"2019-05-11T02:25:03+00:00","article_modified_time":"2019-05-11T02:25:06+00:00","og_image":[{"width":655,"height":485,"url":"https:\/\/favorite-news.com\/pl\/wp-content\/uploads\/sites\/6\/2019\/05\/Gucci-promuje-szmink\u0119-zdj\u0119ciami-niedoskona\u0142ego-zgryzu-Dani-Miller.png","type":"image\/png"}],"author":"favorite-news","twitter_card":"summary_large_image","twitter_misc":{"Napisane przez":"favorite-news","Szacowany czas czytania":"1 minuta"},"schema":{"@context":"https:\/\/schema.org","@graph":[{"@type":"Article","@id":"https:\/\/favorite-news.com\/pl\/gucci-promuje-szminke-zdjeciami-niedoskonalego-zgryzu-dani-miller\/#article","isPartOf":{"@id":"https:\/\/favorite-news.com\/pl\/gucci-promuje-szminke-zdjeciami-niedoskonalego-zgryzu-dani-miller\/"},"author":{"name":"favorite-news","@id":"https:\/\/favorite-news.com\/pl\/#\/schema\/person\/b91573b717dcfa5e4696032a9d28d3e8"},"headline":"Gucci promuje szmink\u0119 zdj\u0119ciami niedoskona\u0142ego zgryzu Dani Miller","datePublished":"2019-05-11T02:25:03+00:00","dateModified":"2019-05-11T02:25:06+00:00","mainEntityOfPage":{"@id":"https:\/\/favorite-news.com\/pl\/gucci-promuje-szminke-zdjeciami-niedoskonalego-zgryzu-dani-miller\/"},"wordCount":302,"commentCount":0,"image":{"@id":"https:\/\/favorite-news.com\/pl\/gucci-promuje-szminke-zdjeciami-niedoskonalego-zgryzu-dani-miller\/#primaryimage"},"thumbnailUrl":"https:\/\/favorite-news.com\/pl\/wp-content\/uploads\/sites\/6\/2019\/05\/Gucci-promuje-szmink\u0119-zdj\u0119ciami-niedoskona\u0142ego-zgryzu-Dani-Miller.png","articleSection":["WIADOMO\u015aCI MARKETINGOWE INTERNETOWE"],"inLanguage":"pl-PL","potentialAction":[{"@type":"CommentAction","name":"Comment","target":["https:\/\/favorite-news.com\/pl\/gucci-promuje-szminke-zdjeciami-niedoskonalego-zgryzu-dani-miller\/#respond"]}]},{"@type":"WebPage","@id":"https:\/\/favorite-news.com\/pl\/gucci-promuje-szminke-zdjeciami-niedoskonalego-zgryzu-dani-miller\/","url":"https:\/\/favorite-news.com\/pl\/gucci-promuje-szminke-zdjeciami-niedoskonalego-zgryzu-dani-miller\/","name":"Gucci promuje szmink\u0119 zdj\u0119ciami niedoskona\u0142ego zgryzu Dani Miller - Favorite News","isPartOf":{"@id":"https:\/\/favorite-news.com\/pl\/#website"},"primaryImageOfPage":{"@id":"https:\/\/favorite-news.com\/pl\/gucci-promuje-szminke-zdjeciami-niedoskonalego-zgryzu-dani-miller\/#primaryimage"},"image":{"@id":"https:\/\/favorite-news.com\/pl\/gucci-promuje-szminke-zdjeciami-niedoskonalego-zgryzu-dani-miller\/#primaryimage"},"thumbnailUrl":"https:\/\/favorite-news.com\/pl\/wp-content\/uploads\/sites\/6\/2019\/05\/Gucci-promuje-szmink\u0119-zdj\u0119ciami-niedoskona\u0142ego-zgryzu-Dani-Miller.png","datePublished":"2019-05-11T02:25:03+00:00","dateModified":"2019-05-11T02:25:06+00:00","author":{"@id":"https:\/\/favorite-news.com\/pl\/#\/schema\/person\/b91573b717dcfa5e4696032a9d28d3e8"},"breadcrumb":{"@id":"https:\/\/favorite-news.com\/pl\/gucci-promuje-szminke-zdjeciami-niedoskonalego-zgryzu-dani-miller\/#breadcrumb"},"inLanguage":"pl-PL","potentialAction":[{"@type":"ReadAction","target":["https:\/\/favorite-news.com\/pl\/gucci-promuje-szminke-zdjeciami-niedoskonalego-zgryzu-dani-miller\/"]}]},{"@type":"ImageObject","inLanguage":"pl-PL","@id":"https:\/\/favorite-news.com\/pl\/gucci-promuje-szminke-zdjeciami-niedoskonalego-zgryzu-dani-miller\/#primaryimage","url":"https:\/\/favorite-news.com\/pl\/wp-content\/uploads\/sites\/6\/2019\/05\/Gucci-promuje-szmink\u0119-zdj\u0119ciami-niedoskona\u0142ego-zgryzu-Dani-Miller.png","contentUrl":"https:\/\/favorite-news.com\/pl\/wp-content\/uploads\/sites\/6\/2019\/05\/Gucci-promuje-szmink\u0119-zdj\u0119ciami-niedoskona\u0142ego-zgryzu-Dani-Miller.png","width":655,"height":485,"caption":"Article"},{"@type":"BreadcrumbList","@id":"https:\/\/favorite-news.com\/pl\/gucci-promuje-szminke-zdjeciami-niedoskonalego-zgryzu-dani-miller\/#breadcrumb","itemListElement":[{"@type":"ListItem","position":1,"name":"Home","item":"https:\/\/favorite-news.com\/pl\/"},{"@type":"ListItem","position":2,"name":"Gucci promuje szmink\u0119 zdj\u0119ciami niedoskona\u0142ego zgryzu Dani Miller"}]},{"@type":"WebSite","@id":"https:\/\/favorite-news.com\/pl\/#website","url":"https:\/\/favorite-news.com\/pl\/","name":"Favorite News","description":"Favorite News Polska","potentialAction":[{"@type":"SearchAction","target":{"@type":"EntryPoint","urlTemplate":"https:\/\/favorite-news.com\/pl\/?s={search_term_string}"},"query-input":{"@type":"PropertyValueSpecification","valueRequired":true,"valueName":"search_term_string"}}],"inLanguage":"pl-PL"},{"@type":"Person","@id":"https:\/\/favorite-news.com\/pl\/#\/schema\/person\/b91573b717dcfa5e4696032a9d28d3e8","name":"favorite-news","image":{"@type":"ImageObject","inLanguage":"pl-PL","@id":"https:\/\/secure.gravatar.com\/avatar\/6c5a5cb12b74e9d517ee91cf570335b7d16177f1977cc91db161adfa435945a7?s=96&d=mm&r=g","url":"https:\/\/secure.gravatar.com\/avatar\/6c5a5cb12b74e9d517ee91cf570335b7d16177f1977cc91db161adfa435945a7?s=96&d=mm&r=g","contentUrl":"https:\/\/secure.gravatar.com\/avatar\/6c5a5cb12b74e9d517ee91cf570335b7d16177f1977cc91db161adfa435945a7?s=96&d=mm&r=g","caption":"favorite-news"},"url":"https:\/\/favorite-news.com\/pl\/author\/pt\/"}]}},"_links":{"self":[{"href":"https:\/\/favorite-news.com\/pl\/wp-json\/wp\/v2\/posts\/487","targetHints":{"allow":["GET"]}}],"collection":[{"href":"https:\/\/favorite-news.com\/pl\/wp-json\/wp\/v2\/posts"}],"about":[{"href":"https:\/\/favorite-news.com\/pl\/wp-json\/wp\/v2\/types\/post"}],"author":[{"embeddable":true,"href":"https:\/\/favorite-news.com\/pl\/wp-json\/wp\/v2\/users\/2"}],"replies":[{"embeddable":true,"href":"https:\/\/favorite-news.com\/pl\/wp-json\/wp\/v2\/comments?post=487"}],"version-history":[{"count":1,"href":"https:\/\/favorite-news.com\/pl\/wp-json\/wp\/v2\/posts\/487\/revisions"}],"predecessor-version":[{"id":489,"href":"https:\/\/favorite-news.com\/pl\/wp-json\/wp\/v2\/posts\/487\/revisions\/489"}],"wp:featuredmedia":[{"embeddable":true,"href":"https:\/\/favorite-news.com\/pl\/wp-json\/wp\/v2\/media\/488"}],"wp:attachment":[{"href":"https:\/\/favorite-news.com\/pl\/wp-json\/wp\/v2\/media?parent=487"}],"wp:term":[{"taxonomy":"category","embeddable":true,"href":"https:\/\/favorite-news.com\/pl\/wp-json\/wp\/v2\/categories?post=487"},{"taxonomy":"post_tag","embeddable":true,"href":"https:\/\/favorite-news.com\/pl\/wp-json\/wp\/v2\/tags?post=487"}],"curies":[{"name":"wp","href":"https:\/\/api.w.org\/{rel}","templated":true}]}}