{"id":4868,"date":"2019-09-24T01:38:24","date_gmt":"2019-09-23T22:38:24","guid":{"rendered":"https:\/\/favorite-news.com\/pl\/apple-salon-fifth-avenue-jak-wyglada-remont-opinie\/"},"modified":"2019-09-24T01:38:25","modified_gmt":"2019-09-23T22:38:25","slug":"apple-salon-fifth-avenue-jak-wyglada-remont-opinie","status":"publish","type":"post","link":"https:\/\/favorite-news.com\/pl\/apple-salon-fifth-avenue-jak-wyglada-remont-opinie\/","title":{"rendered":"Apple salon Fifth Avenue jak wygl\u0105da remont opinie"},"content":{"rendered":"<p>Presti\u017cowy, nowojorski salon Apple na Fifth Avenue otworzy\u0142 w 2006 roku sam Steave Jobs. Dotychczas sklep odwiedzi\u0142o 57 milion\u00f3w os\u00f3b &#8211; wi\u0119cej ni\u017c zwiedzi\u0142o Statu\u0119 Wolno\u015bci czy Empire State Building.&#13;<br \/>\n&#13;<br \/>\nPonownie sklep otwarto dla klient\u00f3w 19 wrze\u015bnia. Podwojona powierzchnia jest bardziej przestronna, ja\u015bniejsza i wygodniejsza dla klient\u00f3w. Odpowiedni poziom \u015bwiat\u0142a zapewnia 18 luster Skylenses i 62 \u017car\u00f3wki dachowe, ustawione w centralnej cz\u0119\u015bci salonu. Pod\u015bwietlany, przypominaj\u0105cy chmur\u0119 sufit wykonano z zakrzywionej tkaniny, kt\u00f3ry \u0142\u0105czy w sobie sztuczne i naturalne \u015bwiat\u0142o, dopasowuj\u0105c si\u0119 na bie\u017c\u0105co do \u015bwiat\u0142a naturalnego w ci\u0105gu dnia.&#13;<br \/>\n&#13;<br \/>\n&#13;<br \/>\n&#13;<br \/>\nSalon jest czynny 24 godziny na dob\u0119, siedem dni w tygodniu (jako jedyny sklep Apple na \u015bwiecie).&#13;<br \/>\n&#13;<br \/>\n&#13;<br \/>\n&#13;<br \/>\nApple Fifth Avenue ma docelowo zatrudnia\u0107 900 pracownik\u00f3w, kt\u00f3ry b\u0119d\u0105 m\u00f3wi\u0107 w ponad 30 j\u0119zykach.&#13;<br \/>\n&#13;<br \/>\n&#13;<br \/>\n&#13;<br \/>\n&#13;<br \/>\n&#13;<br \/>\n&#13;<br \/>\n&#13;<br \/>\n&#13;<br \/>\n&#13;<br \/>\n&#13;<br \/>\n&#13;<br \/>\nW zako\u0144czonym 29 czerwca 2019 r. III kwartale roku finansowego 2019 Apple zanotowa\u0142 przych\u00f3d w wysoko\u015bci 53,81 mld dolar\u00f3w. To o 1 proc. wi\u0119cej ni\u017c rok wcze\u015bniej. Jednak zysk netto koncernu z Cupertino zmala\u0142 w uj\u0119ciu rocznym z 11,52 do 10,04 mld dolar\u00f3w. Spad\u0142 te\u017c przych\u00f3d ze sprzeda\u017cy iPhone&#8217;\u00f3w: o 12 proc., z 29,47 do 25,99 mld dolar\u00f3w. Oznacza to, \u017ce po raz pierwszy od 2012 roku smartfony odpowiada\u0142y za mniej ni\u017c po\u0142ow\u0119 ca\u0142kowitego przychodu Apple w jednym kwartale.&#13;<br \/>\n                            &#13;<br \/>\n&#13;<br \/>\n                            &#13;<br \/>\n&#13;<br \/>\n&#13;<br \/>\n&#13;<br \/>\n&#13;<br \/>\n&#13;<br \/>\n                            &#13;<br \/>\n                                                            &#13;<br \/>\n&#13;<br \/>\n                            &#13;<\/p>\n<p>\n<!--noindex--><br \/>\n<a href=\"https:\/\/www.wirtualnemedia.pl\/artykul\/apple-salon-fifth-avenue-jak-wyglada-remont-opinie\" rel=\"nofollow\">Source link <\/a><br \/>\n<!--\/noindex--><\/p>\n","protected":false},"excerpt":{"rendered":"<p>Presti\u017cowy, nowojorski salon Apple na Fifth Avenue otworzy\u0142 w 2006 roku sam Steave Jobs. Dotychczas sklep odwiedzi\u0142o 57 milion\u00f3w os\u00f3b &#8211; wi\u0119cej ni\u017c zwiedzi\u0142o Statu\u0119 Wolno\u015bci czy Empire State Building.&#13; &#13; Ponownie sklep otwarto dla klient\u00f3w 19 wrze\u015bnia. Podwojona powierzchnia jest bardziej przestronna, ja\u015bniejsza i wygodniejsza dla klient\u00f3w. Odpowiedni poziom \u015bwiat\u0142a zapewnia 18 luster Skylenses [&hellip;]<\/p>\n","protected":false},"author":2,"featured_media":4869,"comment_status":"open","ping_status":"open","sticky":false,"template":"","format":"standard","meta":{"footnotes":""},"categories":[2],"tags":[],"class_list":["post-4868","post","type-post","status-publish","format-standard","has-post-thumbnail","hentry","category-wiadomosci-marketingowe-internetowe"],"yoast_head":"<!-- This site is optimized with the Yoast SEO plugin v27.4 - https:\/\/yoast.com\/product\/yoast-seo-wordpress\/ -->\n<title>Apple salon Fifth Avenue jak wygl\u0105da remont opinie - Favorite News<\/title>\n<meta name=\"robots\" content=\"index, follow, max-snippet:-1, max-image-preview:large, max-video-preview:-1\" \/>\n<link rel=\"canonical\" href=\"https:\/\/favorite-news.com\/pl\/apple-salon-fifth-avenue-jak-wyglada-remont-opinie\/\" \/>\n<meta property=\"og:locale\" content=\"pl_PL\" \/>\n<meta property=\"og:type\" content=\"article\" \/>\n<meta property=\"og:title\" content=\"Apple salon Fifth Avenue jak wygl\u0105da remont opinie - Favorite News\" \/>\n<meta property=\"og:description\" content=\"Presti\u017cowy, nowojorski salon Apple na Fifth Avenue otworzy\u0142 w 2006 roku sam Steave Jobs. Dotychczas sklep odwiedzi\u0142o 57 milion\u00f3w os\u00f3b &#8211; wi\u0119cej ni\u017c zwiedzi\u0142o Statu\u0119 Wolno\u015bci czy Empire State Building.&#013; &#013; Ponownie sklep otwarto dla klient\u00f3w 19 wrze\u015bnia. Podwojona powierzchnia jest bardziej przestronna, ja\u015bniejsza i wygodniejsza dla klient\u00f3w. Odpowiedni poziom \u015bwiat\u0142a zapewnia 18 luster Skylenses [&hellip;]\" \/>\n<meta property=\"og:url\" content=\"https:\/\/favorite-news.com\/pl\/apple-salon-fifth-avenue-jak-wyglada-remont-opinie\/\" \/>\n<meta property=\"og:site_name\" content=\"Favorite News\" \/>\n<meta property=\"article:published_time\" content=\"2019-09-23T22:38:24+00:00\" \/>\n<meta property=\"article:modified_time\" content=\"2019-09-23T22:38:25+00:00\" \/>\n<meta property=\"og:image\" content=\"https:\/\/favorite-news.com\/pl\/wp-content\/uploads\/sites\/6\/2019\/09\/Apple-salon-Fifth-Avenue-jak-wygl\u0105da-remont-opinie.jpg\" \/>\n\t<meta property=\"og:image:width\" content=\"655\" \/>\n\t<meta property=\"og:image:height\" content=\"436\" \/>\n\t<meta property=\"og:image:type\" content=\"image\/jpeg\" \/>\n<meta name=\"author\" content=\"favorite-news\" \/>\n<meta name=\"twitter:card\" content=\"summary_large_image\" \/>\n<meta name=\"twitter:label1\" content=\"Napisane przez\" \/>\n\t<meta name=\"twitter:data1\" content=\"favorite-news\" \/>\n\t<meta name=\"twitter:label2\" content=\"Szacowany czas czytania\" \/>\n\t<meta name=\"twitter:data2\" content=\"1 minuta\" \/>\n<script type=\"application\/ld+json\" class=\"yoast-schema-graph\">{\"@context\":\"https:\\\/\\\/schema.org\",\"@graph\":[{\"@type\":\"Article\",\"@id\":\"https:\\\/\\\/favorite-news.com\\\/pl\\\/apple-salon-fifth-avenue-jak-wyglada-remont-opinie\\\/#article\",\"isPartOf\":{\"@id\":\"https:\\\/\\\/favorite-news.com\\\/pl\\\/apple-salon-fifth-avenue-jak-wyglada-remont-opinie\\\/\"},\"author\":{\"name\":\"favorite-news\",\"@id\":\"https:\\\/\\\/favorite-news.com\\\/pl\\\/#\\\/schema\\\/person\\\/b91573b717dcfa5e4696032a9d28d3e8\"},\"headline\":\"Apple salon Fifth Avenue jak wygl\u0105da remont opinie\",\"datePublished\":\"2019-09-23T22:38:24+00:00\",\"dateModified\":\"2019-09-23T22:38:25+00:00\",\"mainEntityOfPage\":{\"@id\":\"https:\\\/\\\/favorite-news.com\\\/pl\\\/apple-salon-fifth-avenue-jak-wyglada-remont-opinie\\\/\"},\"wordCount\":234,\"commentCount\":0,\"image\":{\"@id\":\"https:\\\/\\\/favorite-news.com\\\/pl\\\/apple-salon-fifth-avenue-jak-wyglada-remont-opinie\\\/#primaryimage\"},\"thumbnailUrl\":\"https:\\\/\\\/favorite-news.com\\\/pl\\\/wp-content\\\/uploads\\\/sites\\\/6\\\/2019\\\/09\\\/Apple-salon-Fifth-Avenue-jak-wygl\u0105da-remont-opinie.jpg\",\"articleSection\":[\"WIADOMO\u015aCI MARKETINGOWE INTERNETOWE\"],\"inLanguage\":\"pl-PL\",\"potentialAction\":[{\"@type\":\"CommentAction\",\"name\":\"Comment\",\"target\":[\"https:\\\/\\\/favorite-news.com\\\/pl\\\/apple-salon-fifth-avenue-jak-wyglada-remont-opinie\\\/#respond\"]}]},{\"@type\":\"WebPage\",\"@id\":\"https:\\\/\\\/favorite-news.com\\\/pl\\\/apple-salon-fifth-avenue-jak-wyglada-remont-opinie\\\/\",\"url\":\"https:\\\/\\\/favorite-news.com\\\/pl\\\/apple-salon-fifth-avenue-jak-wyglada-remont-opinie\\\/\",\"name\":\"Apple salon Fifth Avenue jak wygl\u0105da remont opinie - Favorite News\",\"isPartOf\":{\"@id\":\"https:\\\/\\\/favorite-news.com\\\/pl\\\/#website\"},\"primaryImageOfPage\":{\"@id\":\"https:\\\/\\\/favorite-news.com\\\/pl\\\/apple-salon-fifth-avenue-jak-wyglada-remont-opinie\\\/#primaryimage\"},\"image\":{\"@id\":\"https:\\\/\\\/favorite-news.com\\\/pl\\\/apple-salon-fifth-avenue-jak-wyglada-remont-opinie\\\/#primaryimage\"},\"thumbnailUrl\":\"https:\\\/\\\/favorite-news.com\\\/pl\\\/wp-content\\\/uploads\\\/sites\\\/6\\\/2019\\\/09\\\/Apple-salon-Fifth-Avenue-jak-wygl\u0105da-remont-opinie.jpg\",\"datePublished\":\"2019-09-23T22:38:24+00:00\",\"dateModified\":\"2019-09-23T22:38:25+00:00\",\"author\":{\"@id\":\"https:\\\/\\\/favorite-news.com\\\/pl\\\/#\\\/schema\\\/person\\\/b91573b717dcfa5e4696032a9d28d3e8\"},\"breadcrumb\":{\"@id\":\"https:\\\/\\\/favorite-news.com\\\/pl\\\/apple-salon-fifth-avenue-jak-wyglada-remont-opinie\\\/#breadcrumb\"},\"inLanguage\":\"pl-PL\",\"potentialAction\":[{\"@type\":\"ReadAction\",\"target\":[\"https:\\\/\\\/favorite-news.com\\\/pl\\\/apple-salon-fifth-avenue-jak-wyglada-remont-opinie\\\/\"]}]},{\"@type\":\"ImageObject\",\"inLanguage\":\"pl-PL\",\"@id\":\"https:\\\/\\\/favorite-news.com\\\/pl\\\/apple-salon-fifth-avenue-jak-wyglada-remont-opinie\\\/#primaryimage\",\"url\":\"https:\\\/\\\/favorite-news.com\\\/pl\\\/wp-content\\\/uploads\\\/sites\\\/6\\\/2019\\\/09\\\/Apple-salon-Fifth-Avenue-jak-wygl\u0105da-remont-opinie.jpg\",\"contentUrl\":\"https:\\\/\\\/favorite-news.com\\\/pl\\\/wp-content\\\/uploads\\\/sites\\\/6\\\/2019\\\/09\\\/Apple-salon-Fifth-Avenue-jak-wygl\u0105da-remont-opinie.jpg\",\"width\":655,\"height\":436,\"caption\":\"Article\"},{\"@type\":\"BreadcrumbList\",\"@id\":\"https:\\\/\\\/favorite-news.com\\\/pl\\\/apple-salon-fifth-avenue-jak-wyglada-remont-opinie\\\/#breadcrumb\",\"itemListElement\":[{\"@type\":\"ListItem\",\"position\":1,\"name\":\"Home\",\"item\":\"https:\\\/\\\/favorite-news.com\\\/pl\\\/\"},{\"@type\":\"ListItem\",\"position\":2,\"name\":\"Apple salon Fifth Avenue jak wygl\u0105da remont opinie\"}]},{\"@type\":\"WebSite\",\"@id\":\"https:\\\/\\\/favorite-news.com\\\/pl\\\/#website\",\"url\":\"https:\\\/\\\/favorite-news.com\\\/pl\\\/\",\"name\":\"Favorite News\",\"description\":\"Favorite News Polska\",\"potentialAction\":[{\"@type\":\"SearchAction\",\"target\":{\"@type\":\"EntryPoint\",\"urlTemplate\":\"https:\\\/\\\/favorite-news.com\\\/pl\\\/?s={search_term_string}\"},\"query-input\":{\"@type\":\"PropertyValueSpecification\",\"valueRequired\":true,\"valueName\":\"search_term_string\"}}],\"inLanguage\":\"pl-PL\"},{\"@type\":\"Person\",\"@id\":\"https:\\\/\\\/favorite-news.com\\\/pl\\\/#\\\/schema\\\/person\\\/b91573b717dcfa5e4696032a9d28d3e8\",\"name\":\"favorite-news\",\"image\":{\"@type\":\"ImageObject\",\"inLanguage\":\"pl-PL\",\"@id\":\"https:\\\/\\\/secure.gravatar.com\\\/avatar\\\/6c5a5cb12b74e9d517ee91cf570335b7d16177f1977cc91db161adfa435945a7?s=96&d=mm&r=g\",\"url\":\"https:\\\/\\\/secure.gravatar.com\\\/avatar\\\/6c5a5cb12b74e9d517ee91cf570335b7d16177f1977cc91db161adfa435945a7?s=96&d=mm&r=g\",\"contentUrl\":\"https:\\\/\\\/secure.gravatar.com\\\/avatar\\\/6c5a5cb12b74e9d517ee91cf570335b7d16177f1977cc91db161adfa435945a7?s=96&d=mm&r=g\",\"caption\":\"favorite-news\"},\"url\":\"https:\\\/\\\/favorite-news.com\\\/pl\\\/author\\\/pt\\\/\"}]}<\/script>\n<!-- \/ Yoast SEO plugin. -->","yoast_head_json":{"title":"Apple salon Fifth Avenue jak wygl\u0105da remont opinie - Favorite News","robots":{"index":"index","follow":"follow","max-snippet":"max-snippet:-1","max-image-preview":"max-image-preview:large","max-video-preview":"max-video-preview:-1"},"canonical":"https:\/\/favorite-news.com\/pl\/apple-salon-fifth-avenue-jak-wyglada-remont-opinie\/","og_locale":"pl_PL","og_type":"article","og_title":"Apple salon Fifth Avenue jak wygl\u0105da remont opinie - Favorite News","og_description":"Presti\u017cowy, nowojorski salon Apple na Fifth Avenue otworzy\u0142 w 2006 roku sam Steave Jobs. Dotychczas sklep odwiedzi\u0142o 57 milion\u00f3w os\u00f3b &#8211; wi\u0119cej ni\u017c zwiedzi\u0142o Statu\u0119 Wolno\u015bci czy Empire State Building.&#13; &#13; Ponownie sklep otwarto dla klient\u00f3w 19 wrze\u015bnia. Podwojona powierzchnia jest bardziej przestronna, ja\u015bniejsza i wygodniejsza dla klient\u00f3w. Odpowiedni poziom \u015bwiat\u0142a zapewnia 18 luster Skylenses [&hellip;]","og_url":"https:\/\/favorite-news.com\/pl\/apple-salon-fifth-avenue-jak-wyglada-remont-opinie\/","og_site_name":"Favorite News","article_published_time":"2019-09-23T22:38:24+00:00","article_modified_time":"2019-09-23T22:38:25+00:00","og_image":[{"width":655,"height":436,"url":"https:\/\/favorite-news.com\/pl\/wp-content\/uploads\/sites\/6\/2019\/09\/Apple-salon-Fifth-Avenue-jak-wygl\u0105da-remont-opinie.jpg","type":"image\/jpeg"}],"author":"favorite-news","twitter_card":"summary_large_image","twitter_misc":{"Napisane przez":"favorite-news","Szacowany czas czytania":"1 minuta"},"schema":{"@context":"https:\/\/schema.org","@graph":[{"@type":"Article","@id":"https:\/\/favorite-news.com\/pl\/apple-salon-fifth-avenue-jak-wyglada-remont-opinie\/#article","isPartOf":{"@id":"https:\/\/favorite-news.com\/pl\/apple-salon-fifth-avenue-jak-wyglada-remont-opinie\/"},"author":{"name":"favorite-news","@id":"https:\/\/favorite-news.com\/pl\/#\/schema\/person\/b91573b717dcfa5e4696032a9d28d3e8"},"headline":"Apple salon Fifth Avenue jak wygl\u0105da remont opinie","datePublished":"2019-09-23T22:38:24+00:00","dateModified":"2019-09-23T22:38:25+00:00","mainEntityOfPage":{"@id":"https:\/\/favorite-news.com\/pl\/apple-salon-fifth-avenue-jak-wyglada-remont-opinie\/"},"wordCount":234,"commentCount":0,"image":{"@id":"https:\/\/favorite-news.com\/pl\/apple-salon-fifth-avenue-jak-wyglada-remont-opinie\/#primaryimage"},"thumbnailUrl":"https:\/\/favorite-news.com\/pl\/wp-content\/uploads\/sites\/6\/2019\/09\/Apple-salon-Fifth-Avenue-jak-wygl\u0105da-remont-opinie.jpg","articleSection":["WIADOMO\u015aCI MARKETINGOWE INTERNETOWE"],"inLanguage":"pl-PL","potentialAction":[{"@type":"CommentAction","name":"Comment","target":["https:\/\/favorite-news.com\/pl\/apple-salon-fifth-avenue-jak-wyglada-remont-opinie\/#respond"]}]},{"@type":"WebPage","@id":"https:\/\/favorite-news.com\/pl\/apple-salon-fifth-avenue-jak-wyglada-remont-opinie\/","url":"https:\/\/favorite-news.com\/pl\/apple-salon-fifth-avenue-jak-wyglada-remont-opinie\/","name":"Apple salon Fifth Avenue jak wygl\u0105da remont opinie - Favorite News","isPartOf":{"@id":"https:\/\/favorite-news.com\/pl\/#website"},"primaryImageOfPage":{"@id":"https:\/\/favorite-news.com\/pl\/apple-salon-fifth-avenue-jak-wyglada-remont-opinie\/#primaryimage"},"image":{"@id":"https:\/\/favorite-news.com\/pl\/apple-salon-fifth-avenue-jak-wyglada-remont-opinie\/#primaryimage"},"thumbnailUrl":"https:\/\/favorite-news.com\/pl\/wp-content\/uploads\/sites\/6\/2019\/09\/Apple-salon-Fifth-Avenue-jak-wygl\u0105da-remont-opinie.jpg","datePublished":"2019-09-23T22:38:24+00:00","dateModified":"2019-09-23T22:38:25+00:00","author":{"@id":"https:\/\/favorite-news.com\/pl\/#\/schema\/person\/b91573b717dcfa5e4696032a9d28d3e8"},"breadcrumb":{"@id":"https:\/\/favorite-news.com\/pl\/apple-salon-fifth-avenue-jak-wyglada-remont-opinie\/#breadcrumb"},"inLanguage":"pl-PL","potentialAction":[{"@type":"ReadAction","target":["https:\/\/favorite-news.com\/pl\/apple-salon-fifth-avenue-jak-wyglada-remont-opinie\/"]}]},{"@type":"ImageObject","inLanguage":"pl-PL","@id":"https:\/\/favorite-news.com\/pl\/apple-salon-fifth-avenue-jak-wyglada-remont-opinie\/#primaryimage","url":"https:\/\/favorite-news.com\/pl\/wp-content\/uploads\/sites\/6\/2019\/09\/Apple-salon-Fifth-Avenue-jak-wygl\u0105da-remont-opinie.jpg","contentUrl":"https:\/\/favorite-news.com\/pl\/wp-content\/uploads\/sites\/6\/2019\/09\/Apple-salon-Fifth-Avenue-jak-wygl\u0105da-remont-opinie.jpg","width":655,"height":436,"caption":"Article"},{"@type":"BreadcrumbList","@id":"https:\/\/favorite-news.com\/pl\/apple-salon-fifth-avenue-jak-wyglada-remont-opinie\/#breadcrumb","itemListElement":[{"@type":"ListItem","position":1,"name":"Home","item":"https:\/\/favorite-news.com\/pl\/"},{"@type":"ListItem","position":2,"name":"Apple salon Fifth Avenue jak wygl\u0105da remont opinie"}]},{"@type":"WebSite","@id":"https:\/\/favorite-news.com\/pl\/#website","url":"https:\/\/favorite-news.com\/pl\/","name":"Favorite News","description":"Favorite News Polska","potentialAction":[{"@type":"SearchAction","target":{"@type":"EntryPoint","urlTemplate":"https:\/\/favorite-news.com\/pl\/?s={search_term_string}"},"query-input":{"@type":"PropertyValueSpecification","valueRequired":true,"valueName":"search_term_string"}}],"inLanguage":"pl-PL"},{"@type":"Person","@id":"https:\/\/favorite-news.com\/pl\/#\/schema\/person\/b91573b717dcfa5e4696032a9d28d3e8","name":"favorite-news","image":{"@type":"ImageObject","inLanguage":"pl-PL","@id":"https:\/\/secure.gravatar.com\/avatar\/6c5a5cb12b74e9d517ee91cf570335b7d16177f1977cc91db161adfa435945a7?s=96&d=mm&r=g","url":"https:\/\/secure.gravatar.com\/avatar\/6c5a5cb12b74e9d517ee91cf570335b7d16177f1977cc91db161adfa435945a7?s=96&d=mm&r=g","contentUrl":"https:\/\/secure.gravatar.com\/avatar\/6c5a5cb12b74e9d517ee91cf570335b7d16177f1977cc91db161adfa435945a7?s=96&d=mm&r=g","caption":"favorite-news"},"url":"https:\/\/favorite-news.com\/pl\/author\/pt\/"}]}},"_links":{"self":[{"href":"https:\/\/favorite-news.com\/pl\/wp-json\/wp\/v2\/posts\/4868","targetHints":{"allow":["GET"]}}],"collection":[{"href":"https:\/\/favorite-news.com\/pl\/wp-json\/wp\/v2\/posts"}],"about":[{"href":"https:\/\/favorite-news.com\/pl\/wp-json\/wp\/v2\/types\/post"}],"author":[{"embeddable":true,"href":"https:\/\/favorite-news.com\/pl\/wp-json\/wp\/v2\/users\/2"}],"replies":[{"embeddable":true,"href":"https:\/\/favorite-news.com\/pl\/wp-json\/wp\/v2\/comments?post=4868"}],"version-history":[{"count":1,"href":"https:\/\/favorite-news.com\/pl\/wp-json\/wp\/v2\/posts\/4868\/revisions"}],"predecessor-version":[{"id":4870,"href":"https:\/\/favorite-news.com\/pl\/wp-json\/wp\/v2\/posts\/4868\/revisions\/4870"}],"wp:featuredmedia":[{"embeddable":true,"href":"https:\/\/favorite-news.com\/pl\/wp-json\/wp\/v2\/media\/4869"}],"wp:attachment":[{"href":"https:\/\/favorite-news.com\/pl\/wp-json\/wp\/v2\/media?parent=4868"}],"wp:term":[{"taxonomy":"category","embeddable":true,"href":"https:\/\/favorite-news.com\/pl\/wp-json\/wp\/v2\/categories?post=4868"},{"taxonomy":"post_tag","embeddable":true,"href":"https:\/\/favorite-news.com\/pl\/wp-json\/wp\/v2\/tags?post=4868"}],"curies":[{"name":"wp","href":"https:\/\/api.w.org\/{rel}","templated":true}]}}