{"id":4786,"date":"2019-09-20T14:53:03","date_gmt":"2019-09-20T11:53:03","guid":{"rendered":"https:\/\/favorite-news.com\/pl\/gus-sprzedaz-detaliczna-w-sierpniu-wzrosla-o-44-proc-rdr-finanse-waluty-i-notowania-walut-gielda-gpw-surowce\/"},"modified":"2019-09-20T14:53:04","modified_gmt":"2019-09-20T11:53:04","slug":"gus-sprzedaz-detaliczna-w-sierpniu-wzrosla-o-44-proc-rdr-finanse-waluty-i-notowania-walut-gielda-gpw-surowce","status":"publish","type":"post","link":"https:\/\/favorite-news.com\/pl\/gus-sprzedaz-detaliczna-w-sierpniu-wzrosla-o-44-proc-rdr-finanse-waluty-i-notowania-walut-gielda-gpw-surowce\/","title":{"rendered":"GUS: Sprzeda\u017c detaliczna w sierpniu wzros\u0142a o 4,4 proc. rdr &#8211; Finanse &#8211; waluty i notowania walut, gie\u0142da, GPW, surowce"},"content":{"rendered":"<p>Konsensus przygotowany przez PAP Biznes wskazywa\u0142 na wzrost sprzeda\u017cy detalicznej w cenach sta\u0142ych w sierpniu rok do roku o 5,4 proc. i wzrost miesi\u0105c do miesi\u0105ca o 0,4 proc. W cenach bie\u017c\u0105cych ekonomi\u015bci ankietowani przez PAP Biznes spodziewali si\u0119 wzrostu o 6,4 proc. rdr.<br \/>\n&#8222;Sprzeda\u017c detaliczna w cenach sta\u0142ych w sierpniu 2019 r. by\u0142a wy\u017csza ni\u017c przed rokiem o 4,4 proc. (wobec wzrostu o 6,7 proc. w sierpniu 2018 r.). W por\u00f3wnaniu z lipcem 2019 r. mia\u0142 miejsce wzrost sprzeda\u017cy detalicznej o 0,1 proc.&#8221; &#8211; poda\u0142 urz\u0105d statystyczny.<br \/>\nDodano, \u017ce w sierpniu 2019 r. tempo wzrostu sprzeda\u017cy detalicznej w cenach sta\u0142ych rok do roku by\u0142o o 1,3 p. proc. ni\u017csze ni\u017c w lipcu br. Jednocze\u015bnie GUS zauwa\u017cy\u0142, \u017ce w sierpniu 2019 r. wzrost sprzeda\u017cy detalicznej w cenach sta\u0142ych w skali roku odnotowano w wi\u0119kszo\u015bci grup.<br \/>\n&#8222;W\u015br\u00f3d grup o znacz\u0105cym udziale w sprzeda\u017cy detalicznej +og\u00f3\u0142em+ najwi\u0119kszy wzrost w sierpniu 2019 r. w por\u00f3wnaniu z analogicznym okresem 2018 r. (w cenach sta\u0142ych) zaobserwowano w przedsi\u0119biorstwach prowadz\u0105cych pozosta\u0142\u0105 sprzeda\u017c detaliczn\u0105 w niewyspecjalizowanych sklepach (o 12,0 proc. wobec wzrostu o 6,9 proc. przed rokiem)&#8221; &#8211; poda\u0142 GUS.<br \/>\n&#8222;Wzrost sprzeda\u017cy odnotowano r\u00f3wnie\u017c w jednostkach handluj\u0105cych pojazdami samochodowymi, motocyklami i cz\u0119\u015bciami (o 3,0 proc. wobec wzrostu o 11,0 proc. przed rokiem), \u017cywno\u015bci\u0105, napojami i wyrobami tytoniowymi (o 1,5 proc. wobec wzrostu o 1,0 proc. przed rokiem) oraz w podmiotach sprzedaj\u0105cych paliwa sta\u0142e, ciek\u0142e i gazowe (o 1,3 proc. wobec wzrostu o 7,7 proc. przed rokiem)&#8221; &#8211; czytamy w informacji.<br \/>\n&#8222;Spo\u015br\u00f3d grup o ni\u017cszym udziale w sprzeda\u017cy detalicznej +og\u00f3\u0142em+ wi\u0119kszy ni\u017c przeci\u0119tny wzrost wykaza\u0142y podmioty zaklasyfikowane do grup: +meble, rtv, agd+ (o 11,6 proc.), +tekstylia, odzie\u017c, obuwie+ (o 7,2 proc.), a tak\u017ce +farmaceutyki, kosmetyki, sprz\u0119t ortopedyczny+ (o 6,8 proc.). Spadek sprzeda\u017cy odnotowano natomiast w przedsi\u0119biorstwach zaklasyfikowanych do grupy +pozosta\u0142e+ (o 0,9 proc.)&#8221; &#8211; napisano.<br \/>\nZgodnie z pi\u0105tkowymi danymi w okresie stycze\u0144-sierpie\u0144 2019 r. wzrost sprzeda\u017cy detalicznej w uj\u0119ciu rocznym wyni\u00f3s\u0142 5,9 proc. wobec wzrostu o 6,8 proc. w 2018 r.<br \/>\n&#8222;Po wyeliminowaniu wp\u0142ywu czynnik\u00f3w o charakterze sezonowym sprzeda\u017c detaliczna w cenach sta\u0142ych w sierpniu 2019 r. by\u0142a o 0,4 proc. wy\u017csza w por\u00f3wnaniu z lipcem br.&#8221; &#8211; zaznacza GUS.<br \/>\n<br \/>\n<!--noindex--><br \/>\n<a href=\"http:\/\/rss.gazetaprawna.pl\/~r\/GazetaPrawna-Finanse\/~3\/AGU7T9IvuKc\/1430956,sprzedaz-detaliczna-w-cenach-stalych-sierpien-2019.html\" rel=\"nofollow\">Source link <\/a><br \/>\n<!--\/noindex--><\/p>\n","protected":false},"excerpt":{"rendered":"<p>Konsensus przygotowany przez PAP Biznes wskazywa\u0142 na wzrost sprzeda\u017cy detalicznej w cenach sta\u0142ych w sierpniu rok do roku o 5,4 proc. i wzrost miesi\u0105c do miesi\u0105ca o 0,4 proc. W cenach bie\u017c\u0105cych ekonomi\u015bci ankietowani przez PAP Biznes spodziewali si\u0119 wzrostu o 6,4 proc. rdr. &#8222;Sprzeda\u017c detaliczna w cenach sta\u0142ych w sierpniu 2019 r. by\u0142a wy\u017csza [&hellip;]<\/p>\n","protected":false},"author":2,"featured_media":4787,"comment_status":"open","ping_status":"open","sticky":false,"template":"","format":"standard","meta":{"footnotes":""},"categories":[1],"tags":[],"class_list":["post-4786","post","type-post","status-publish","format-standard","has-post-thumbnail","hentry","category-wiadomosci-finansowe"],"yoast_head":"<!-- This site is optimized with the Yoast SEO plugin v27.4 - https:\/\/yoast.com\/product\/yoast-seo-wordpress\/ -->\n<title>GUS: Sprzeda\u017c detaliczna w sierpniu wzros\u0142a o 4,4 proc. rdr - Finanse - waluty i notowania walut, gie\u0142da, GPW, surowce - Favorite News<\/title>\n<meta name=\"robots\" content=\"index, follow, max-snippet:-1, max-image-preview:large, max-video-preview:-1\" \/>\n<link rel=\"canonical\" href=\"https:\/\/favorite-news.com\/pl\/gus-sprzedaz-detaliczna-w-sierpniu-wzrosla-o-44-proc-rdr-finanse-waluty-i-notowania-walut-gielda-gpw-surowce\/\" \/>\n<meta property=\"og:locale\" content=\"pl_PL\" \/>\n<meta property=\"og:type\" content=\"article\" \/>\n<meta property=\"og:title\" content=\"GUS: Sprzeda\u017c detaliczna w sierpniu wzros\u0142a o 4,4 proc. rdr - Finanse - waluty i notowania walut, gie\u0142da, GPW, surowce - Favorite News\" \/>\n<meta property=\"og:description\" content=\"Konsensus przygotowany przez PAP Biznes wskazywa\u0142 na wzrost sprzeda\u017cy detalicznej w cenach sta\u0142ych w sierpniu rok do roku o 5,4 proc. i wzrost miesi\u0105c do miesi\u0105ca o 0,4 proc. W cenach bie\u017c\u0105cych ekonomi\u015bci ankietowani przez PAP Biznes spodziewali si\u0119 wzrostu o 6,4 proc. rdr. &#8222;Sprzeda\u017c detaliczna w cenach sta\u0142ych w sierpniu 2019 r. by\u0142a wy\u017csza [&hellip;]\" \/>\n<meta property=\"og:url\" content=\"https:\/\/favorite-news.com\/pl\/gus-sprzedaz-detaliczna-w-sierpniu-wzrosla-o-44-proc-rdr-finanse-waluty-i-notowania-walut-gielda-gpw-surowce\/\" \/>\n<meta property=\"og:site_name\" content=\"Favorite News\" \/>\n<meta property=\"article:published_time\" content=\"2019-09-20T11:53:03+00:00\" \/>\n<meta property=\"article:modified_time\" content=\"2019-09-20T11:53:04+00:00\" \/>\n<meta property=\"og:image\" content=\"https:\/\/favorite-news.com\/pl\/wp-content\/uploads\/sites\/6\/2019\/09\/GUS-Sprzeda\u017c-detaliczna-w-sierpniu-wzros\u0142a-o-44-proc.-rdr.jpg\" \/>\n\t<meta property=\"og:image:width\" content=\"657\" \/>\n\t<meta property=\"og:image:height\" content=\"323\" \/>\n\t<meta property=\"og:image:type\" content=\"image\/jpeg\" \/>\n<meta name=\"author\" content=\"favorite-news\" \/>\n<meta name=\"twitter:card\" content=\"summary_large_image\" \/>\n<meta name=\"twitter:label1\" content=\"Napisane przez\" \/>\n\t<meta name=\"twitter:data1\" content=\"favorite-news\" \/>\n\t<meta name=\"twitter:label2\" content=\"Szacowany czas czytania\" \/>\n\t<meta name=\"twitter:data2\" content=\"2 minuty\" \/>\n<script type=\"application\/ld+json\" class=\"yoast-schema-graph\">{\"@context\":\"https:\\\/\\\/schema.org\",\"@graph\":[{\"@type\":\"Article\",\"@id\":\"https:\\\/\\\/favorite-news.com\\\/pl\\\/gus-sprzedaz-detaliczna-w-sierpniu-wzrosla-o-44-proc-rdr-finanse-waluty-i-notowania-walut-gielda-gpw-surowce\\\/#article\",\"isPartOf\":{\"@id\":\"https:\\\/\\\/favorite-news.com\\\/pl\\\/gus-sprzedaz-detaliczna-w-sierpniu-wzrosla-o-44-proc-rdr-finanse-waluty-i-notowania-walut-gielda-gpw-surowce\\\/\"},\"author\":{\"name\":\"favorite-news\",\"@id\":\"https:\\\/\\\/favorite-news.com\\\/pl\\\/#\\\/schema\\\/person\\\/b91573b717dcfa5e4696032a9d28d3e8\"},\"headline\":\"GUS: Sprzeda\u017c detaliczna w sierpniu wzros\u0142a o 4,4 proc. rdr &#8211; Finanse &#8211; waluty i notowania walut, gie\u0142da, GPW, surowce\",\"datePublished\":\"2019-09-20T11:53:03+00:00\",\"dateModified\":\"2019-09-20T11:53:04+00:00\",\"mainEntityOfPage\":{\"@id\":\"https:\\\/\\\/favorite-news.com\\\/pl\\\/gus-sprzedaz-detaliczna-w-sierpniu-wzrosla-o-44-proc-rdr-finanse-waluty-i-notowania-walut-gielda-gpw-surowce\\\/\"},\"wordCount\":407,\"commentCount\":0,\"image\":{\"@id\":\"https:\\\/\\\/favorite-news.com\\\/pl\\\/gus-sprzedaz-detaliczna-w-sierpniu-wzrosla-o-44-proc-rdr-finanse-waluty-i-notowania-walut-gielda-gpw-surowce\\\/#primaryimage\"},\"thumbnailUrl\":\"https:\\\/\\\/favorite-news.com\\\/pl\\\/wp-content\\\/uploads\\\/sites\\\/6\\\/2019\\\/09\\\/GUS-Sprzeda\u017c-detaliczna-w-sierpniu-wzros\u0142a-o-44-proc.-rdr.jpg\",\"articleSection\":[\"WIADOMO\u015aCI FINANSOWE\"],\"inLanguage\":\"pl-PL\",\"potentialAction\":[{\"@type\":\"CommentAction\",\"name\":\"Comment\",\"target\":[\"https:\\\/\\\/favorite-news.com\\\/pl\\\/gus-sprzedaz-detaliczna-w-sierpniu-wzrosla-o-44-proc-rdr-finanse-waluty-i-notowania-walut-gielda-gpw-surowce\\\/#respond\"]}]},{\"@type\":\"WebPage\",\"@id\":\"https:\\\/\\\/favorite-news.com\\\/pl\\\/gus-sprzedaz-detaliczna-w-sierpniu-wzrosla-o-44-proc-rdr-finanse-waluty-i-notowania-walut-gielda-gpw-surowce\\\/\",\"url\":\"https:\\\/\\\/favorite-news.com\\\/pl\\\/gus-sprzedaz-detaliczna-w-sierpniu-wzrosla-o-44-proc-rdr-finanse-waluty-i-notowania-walut-gielda-gpw-surowce\\\/\",\"name\":\"GUS: Sprzeda\u017c detaliczna w sierpniu wzros\u0142a o 4,4 proc. rdr - Finanse - waluty i notowania walut, gie\u0142da, GPW, surowce - Favorite News\",\"isPartOf\":{\"@id\":\"https:\\\/\\\/favorite-news.com\\\/pl\\\/#website\"},\"primaryImageOfPage\":{\"@id\":\"https:\\\/\\\/favorite-news.com\\\/pl\\\/gus-sprzedaz-detaliczna-w-sierpniu-wzrosla-o-44-proc-rdr-finanse-waluty-i-notowania-walut-gielda-gpw-surowce\\\/#primaryimage\"},\"image\":{\"@id\":\"https:\\\/\\\/favorite-news.com\\\/pl\\\/gus-sprzedaz-detaliczna-w-sierpniu-wzrosla-o-44-proc-rdr-finanse-waluty-i-notowania-walut-gielda-gpw-surowce\\\/#primaryimage\"},\"thumbnailUrl\":\"https:\\\/\\\/favorite-news.com\\\/pl\\\/wp-content\\\/uploads\\\/sites\\\/6\\\/2019\\\/09\\\/GUS-Sprzeda\u017c-detaliczna-w-sierpniu-wzros\u0142a-o-44-proc.-rdr.jpg\",\"datePublished\":\"2019-09-20T11:53:03+00:00\",\"dateModified\":\"2019-09-20T11:53:04+00:00\",\"author\":{\"@id\":\"https:\\\/\\\/favorite-news.com\\\/pl\\\/#\\\/schema\\\/person\\\/b91573b717dcfa5e4696032a9d28d3e8\"},\"breadcrumb\":{\"@id\":\"https:\\\/\\\/favorite-news.com\\\/pl\\\/gus-sprzedaz-detaliczna-w-sierpniu-wzrosla-o-44-proc-rdr-finanse-waluty-i-notowania-walut-gielda-gpw-surowce\\\/#breadcrumb\"},\"inLanguage\":\"pl-PL\",\"potentialAction\":[{\"@type\":\"ReadAction\",\"target\":[\"https:\\\/\\\/favorite-news.com\\\/pl\\\/gus-sprzedaz-detaliczna-w-sierpniu-wzrosla-o-44-proc-rdr-finanse-waluty-i-notowania-walut-gielda-gpw-surowce\\\/\"]}]},{\"@type\":\"ImageObject\",\"inLanguage\":\"pl-PL\",\"@id\":\"https:\\\/\\\/favorite-news.com\\\/pl\\\/gus-sprzedaz-detaliczna-w-sierpniu-wzrosla-o-44-proc-rdr-finanse-waluty-i-notowania-walut-gielda-gpw-surowce\\\/#primaryimage\",\"url\":\"https:\\\/\\\/favorite-news.com\\\/pl\\\/wp-content\\\/uploads\\\/sites\\\/6\\\/2019\\\/09\\\/GUS-Sprzeda\u017c-detaliczna-w-sierpniu-wzros\u0142a-o-44-proc.-rdr.jpg\",\"contentUrl\":\"https:\\\/\\\/favorite-news.com\\\/pl\\\/wp-content\\\/uploads\\\/sites\\\/6\\\/2019\\\/09\\\/GUS-Sprzeda\u017c-detaliczna-w-sierpniu-wzros\u0142a-o-44-proc.-rdr.jpg\",\"width\":657,\"height\":323,\"caption\":\"dot\"},{\"@type\":\"BreadcrumbList\",\"@id\":\"https:\\\/\\\/favorite-news.com\\\/pl\\\/gus-sprzedaz-detaliczna-w-sierpniu-wzrosla-o-44-proc-rdr-finanse-waluty-i-notowania-walut-gielda-gpw-surowce\\\/#breadcrumb\",\"itemListElement\":[{\"@type\":\"ListItem\",\"position\":1,\"name\":\"Home\",\"item\":\"https:\\\/\\\/favorite-news.com\\\/pl\\\/\"},{\"@type\":\"ListItem\",\"position\":2,\"name\":\"GUS: Sprzeda\u017c detaliczna w sierpniu wzros\u0142a o 4,4 proc. rdr &#8211; Finanse &#8211; waluty i notowania walut, gie\u0142da, GPW, surowce\"}]},{\"@type\":\"WebSite\",\"@id\":\"https:\\\/\\\/favorite-news.com\\\/pl\\\/#website\",\"url\":\"https:\\\/\\\/favorite-news.com\\\/pl\\\/\",\"name\":\"Favorite News\",\"description\":\"Favorite News Polska\",\"potentialAction\":[{\"@type\":\"SearchAction\",\"target\":{\"@type\":\"EntryPoint\",\"urlTemplate\":\"https:\\\/\\\/favorite-news.com\\\/pl\\\/?s={search_term_string}\"},\"query-input\":{\"@type\":\"PropertyValueSpecification\",\"valueRequired\":true,\"valueName\":\"search_term_string\"}}],\"inLanguage\":\"pl-PL\"},{\"@type\":\"Person\",\"@id\":\"https:\\\/\\\/favorite-news.com\\\/pl\\\/#\\\/schema\\\/person\\\/b91573b717dcfa5e4696032a9d28d3e8\",\"name\":\"favorite-news\",\"image\":{\"@type\":\"ImageObject\",\"inLanguage\":\"pl-PL\",\"@id\":\"https:\\\/\\\/secure.gravatar.com\\\/avatar\\\/6c5a5cb12b74e9d517ee91cf570335b7d16177f1977cc91db161adfa435945a7?s=96&d=mm&r=g\",\"url\":\"https:\\\/\\\/secure.gravatar.com\\\/avatar\\\/6c5a5cb12b74e9d517ee91cf570335b7d16177f1977cc91db161adfa435945a7?s=96&d=mm&r=g\",\"contentUrl\":\"https:\\\/\\\/secure.gravatar.com\\\/avatar\\\/6c5a5cb12b74e9d517ee91cf570335b7d16177f1977cc91db161adfa435945a7?s=96&d=mm&r=g\",\"caption\":\"favorite-news\"},\"url\":\"https:\\\/\\\/favorite-news.com\\\/pl\\\/author\\\/pt\\\/\"}]}<\/script>\n<!-- \/ Yoast SEO plugin. -->","yoast_head_json":{"title":"GUS: Sprzeda\u017c detaliczna w sierpniu wzros\u0142a o 4,4 proc. rdr - Finanse - waluty i notowania walut, gie\u0142da, GPW, surowce - Favorite News","robots":{"index":"index","follow":"follow","max-snippet":"max-snippet:-1","max-image-preview":"max-image-preview:large","max-video-preview":"max-video-preview:-1"},"canonical":"https:\/\/favorite-news.com\/pl\/gus-sprzedaz-detaliczna-w-sierpniu-wzrosla-o-44-proc-rdr-finanse-waluty-i-notowania-walut-gielda-gpw-surowce\/","og_locale":"pl_PL","og_type":"article","og_title":"GUS: Sprzeda\u017c detaliczna w sierpniu wzros\u0142a o 4,4 proc. rdr - Finanse - waluty i notowania walut, gie\u0142da, GPW, surowce - Favorite News","og_description":"Konsensus przygotowany przez PAP Biznes wskazywa\u0142 na wzrost sprzeda\u017cy detalicznej w cenach sta\u0142ych w sierpniu rok do roku o 5,4 proc. i wzrost miesi\u0105c do miesi\u0105ca o 0,4 proc. W cenach bie\u017c\u0105cych ekonomi\u015bci ankietowani przez PAP Biznes spodziewali si\u0119 wzrostu o 6,4 proc. rdr. &#8222;Sprzeda\u017c detaliczna w cenach sta\u0142ych w sierpniu 2019 r. by\u0142a wy\u017csza [&hellip;]","og_url":"https:\/\/favorite-news.com\/pl\/gus-sprzedaz-detaliczna-w-sierpniu-wzrosla-o-44-proc-rdr-finanse-waluty-i-notowania-walut-gielda-gpw-surowce\/","og_site_name":"Favorite News","article_published_time":"2019-09-20T11:53:03+00:00","article_modified_time":"2019-09-20T11:53:04+00:00","og_image":[{"width":657,"height":323,"url":"https:\/\/favorite-news.com\/pl\/wp-content\/uploads\/sites\/6\/2019\/09\/GUS-Sprzeda\u017c-detaliczna-w-sierpniu-wzros\u0142a-o-44-proc.-rdr.jpg","type":"image\/jpeg"}],"author":"favorite-news","twitter_card":"summary_large_image","twitter_misc":{"Napisane przez":"favorite-news","Szacowany czas czytania":"2 minuty"},"schema":{"@context":"https:\/\/schema.org","@graph":[{"@type":"Article","@id":"https:\/\/favorite-news.com\/pl\/gus-sprzedaz-detaliczna-w-sierpniu-wzrosla-o-44-proc-rdr-finanse-waluty-i-notowania-walut-gielda-gpw-surowce\/#article","isPartOf":{"@id":"https:\/\/favorite-news.com\/pl\/gus-sprzedaz-detaliczna-w-sierpniu-wzrosla-o-44-proc-rdr-finanse-waluty-i-notowania-walut-gielda-gpw-surowce\/"},"author":{"name":"favorite-news","@id":"https:\/\/favorite-news.com\/pl\/#\/schema\/person\/b91573b717dcfa5e4696032a9d28d3e8"},"headline":"GUS: Sprzeda\u017c detaliczna w sierpniu wzros\u0142a o 4,4 proc. rdr &#8211; Finanse &#8211; waluty i notowania walut, gie\u0142da, GPW, surowce","datePublished":"2019-09-20T11:53:03+00:00","dateModified":"2019-09-20T11:53:04+00:00","mainEntityOfPage":{"@id":"https:\/\/favorite-news.com\/pl\/gus-sprzedaz-detaliczna-w-sierpniu-wzrosla-o-44-proc-rdr-finanse-waluty-i-notowania-walut-gielda-gpw-surowce\/"},"wordCount":407,"commentCount":0,"image":{"@id":"https:\/\/favorite-news.com\/pl\/gus-sprzedaz-detaliczna-w-sierpniu-wzrosla-o-44-proc-rdr-finanse-waluty-i-notowania-walut-gielda-gpw-surowce\/#primaryimage"},"thumbnailUrl":"https:\/\/favorite-news.com\/pl\/wp-content\/uploads\/sites\/6\/2019\/09\/GUS-Sprzeda\u017c-detaliczna-w-sierpniu-wzros\u0142a-o-44-proc.-rdr.jpg","articleSection":["WIADOMO\u015aCI FINANSOWE"],"inLanguage":"pl-PL","potentialAction":[{"@type":"CommentAction","name":"Comment","target":["https:\/\/favorite-news.com\/pl\/gus-sprzedaz-detaliczna-w-sierpniu-wzrosla-o-44-proc-rdr-finanse-waluty-i-notowania-walut-gielda-gpw-surowce\/#respond"]}]},{"@type":"WebPage","@id":"https:\/\/favorite-news.com\/pl\/gus-sprzedaz-detaliczna-w-sierpniu-wzrosla-o-44-proc-rdr-finanse-waluty-i-notowania-walut-gielda-gpw-surowce\/","url":"https:\/\/favorite-news.com\/pl\/gus-sprzedaz-detaliczna-w-sierpniu-wzrosla-o-44-proc-rdr-finanse-waluty-i-notowania-walut-gielda-gpw-surowce\/","name":"GUS: Sprzeda\u017c detaliczna w sierpniu wzros\u0142a o 4,4 proc. rdr - Finanse - waluty i notowania walut, gie\u0142da, GPW, surowce - Favorite News","isPartOf":{"@id":"https:\/\/favorite-news.com\/pl\/#website"},"primaryImageOfPage":{"@id":"https:\/\/favorite-news.com\/pl\/gus-sprzedaz-detaliczna-w-sierpniu-wzrosla-o-44-proc-rdr-finanse-waluty-i-notowania-walut-gielda-gpw-surowce\/#primaryimage"},"image":{"@id":"https:\/\/favorite-news.com\/pl\/gus-sprzedaz-detaliczna-w-sierpniu-wzrosla-o-44-proc-rdr-finanse-waluty-i-notowania-walut-gielda-gpw-surowce\/#primaryimage"},"thumbnailUrl":"https:\/\/favorite-news.com\/pl\/wp-content\/uploads\/sites\/6\/2019\/09\/GUS-Sprzeda\u017c-detaliczna-w-sierpniu-wzros\u0142a-o-44-proc.-rdr.jpg","datePublished":"2019-09-20T11:53:03+00:00","dateModified":"2019-09-20T11:53:04+00:00","author":{"@id":"https:\/\/favorite-news.com\/pl\/#\/schema\/person\/b91573b717dcfa5e4696032a9d28d3e8"},"breadcrumb":{"@id":"https:\/\/favorite-news.com\/pl\/gus-sprzedaz-detaliczna-w-sierpniu-wzrosla-o-44-proc-rdr-finanse-waluty-i-notowania-walut-gielda-gpw-surowce\/#breadcrumb"},"inLanguage":"pl-PL","potentialAction":[{"@type":"ReadAction","target":["https:\/\/favorite-news.com\/pl\/gus-sprzedaz-detaliczna-w-sierpniu-wzrosla-o-44-proc-rdr-finanse-waluty-i-notowania-walut-gielda-gpw-surowce\/"]}]},{"@type":"ImageObject","inLanguage":"pl-PL","@id":"https:\/\/favorite-news.com\/pl\/gus-sprzedaz-detaliczna-w-sierpniu-wzrosla-o-44-proc-rdr-finanse-waluty-i-notowania-walut-gielda-gpw-surowce\/#primaryimage","url":"https:\/\/favorite-news.com\/pl\/wp-content\/uploads\/sites\/6\/2019\/09\/GUS-Sprzeda\u017c-detaliczna-w-sierpniu-wzros\u0142a-o-44-proc.-rdr.jpg","contentUrl":"https:\/\/favorite-news.com\/pl\/wp-content\/uploads\/sites\/6\/2019\/09\/GUS-Sprzeda\u017c-detaliczna-w-sierpniu-wzros\u0142a-o-44-proc.-rdr.jpg","width":657,"height":323,"caption":"dot"},{"@type":"BreadcrumbList","@id":"https:\/\/favorite-news.com\/pl\/gus-sprzedaz-detaliczna-w-sierpniu-wzrosla-o-44-proc-rdr-finanse-waluty-i-notowania-walut-gielda-gpw-surowce\/#breadcrumb","itemListElement":[{"@type":"ListItem","position":1,"name":"Home","item":"https:\/\/favorite-news.com\/pl\/"},{"@type":"ListItem","position":2,"name":"GUS: Sprzeda\u017c detaliczna w sierpniu wzros\u0142a o 4,4 proc. rdr &#8211; Finanse &#8211; waluty i notowania walut, gie\u0142da, GPW, surowce"}]},{"@type":"WebSite","@id":"https:\/\/favorite-news.com\/pl\/#website","url":"https:\/\/favorite-news.com\/pl\/","name":"Favorite News","description":"Favorite News Polska","potentialAction":[{"@type":"SearchAction","target":{"@type":"EntryPoint","urlTemplate":"https:\/\/favorite-news.com\/pl\/?s={search_term_string}"},"query-input":{"@type":"PropertyValueSpecification","valueRequired":true,"valueName":"search_term_string"}}],"inLanguage":"pl-PL"},{"@type":"Person","@id":"https:\/\/favorite-news.com\/pl\/#\/schema\/person\/b91573b717dcfa5e4696032a9d28d3e8","name":"favorite-news","image":{"@type":"ImageObject","inLanguage":"pl-PL","@id":"https:\/\/secure.gravatar.com\/avatar\/6c5a5cb12b74e9d517ee91cf570335b7d16177f1977cc91db161adfa435945a7?s=96&d=mm&r=g","url":"https:\/\/secure.gravatar.com\/avatar\/6c5a5cb12b74e9d517ee91cf570335b7d16177f1977cc91db161adfa435945a7?s=96&d=mm&r=g","contentUrl":"https:\/\/secure.gravatar.com\/avatar\/6c5a5cb12b74e9d517ee91cf570335b7d16177f1977cc91db161adfa435945a7?s=96&d=mm&r=g","caption":"favorite-news"},"url":"https:\/\/favorite-news.com\/pl\/author\/pt\/"}]}},"_links":{"self":[{"href":"https:\/\/favorite-news.com\/pl\/wp-json\/wp\/v2\/posts\/4786","targetHints":{"allow":["GET"]}}],"collection":[{"href":"https:\/\/favorite-news.com\/pl\/wp-json\/wp\/v2\/posts"}],"about":[{"href":"https:\/\/favorite-news.com\/pl\/wp-json\/wp\/v2\/types\/post"}],"author":[{"embeddable":true,"href":"https:\/\/favorite-news.com\/pl\/wp-json\/wp\/v2\/users\/2"}],"replies":[{"embeddable":true,"href":"https:\/\/favorite-news.com\/pl\/wp-json\/wp\/v2\/comments?post=4786"}],"version-history":[{"count":1,"href":"https:\/\/favorite-news.com\/pl\/wp-json\/wp\/v2\/posts\/4786\/revisions"}],"predecessor-version":[{"id":4788,"href":"https:\/\/favorite-news.com\/pl\/wp-json\/wp\/v2\/posts\/4786\/revisions\/4788"}],"wp:featuredmedia":[{"embeddable":true,"href":"https:\/\/favorite-news.com\/pl\/wp-json\/wp\/v2\/media\/4787"}],"wp:attachment":[{"href":"https:\/\/favorite-news.com\/pl\/wp-json\/wp\/v2\/media?parent=4786"}],"wp:term":[{"taxonomy":"category","embeddable":true,"href":"https:\/\/favorite-news.com\/pl\/wp-json\/wp\/v2\/categories?post=4786"},{"taxonomy":"post_tag","embeddable":true,"href":"https:\/\/favorite-news.com\/pl\/wp-json\/wp\/v2\/tags?post=4786"}],"curies":[{"name":"wp","href":"https:\/\/api.w.org\/{rel}","templated":true}]}}