{"id":4743,"date":"2019-09-19T17:56:03","date_gmt":"2019-09-19T14:56:03","guid":{"rendered":"https:\/\/favorite-news.com\/pl\/lidl-pure-home-by-w5-ekologiczna-marka\/"},"modified":"2019-09-19T17:56:04","modified_gmt":"2019-09-19T14:56:04","slug":"lidl-pure-home-by-w5-ekologiczna-marka","status":"publish","type":"post","link":"https:\/\/favorite-news.com\/pl\/lidl-pure-home-by-w5-ekologiczna-marka\/","title":{"rendered":"Lidl Pure Home by W5 ekologiczna marka"},"content":{"rendered":"<p>Nad lini\u0105 ekologicznych produkt\u00f3w Pure Home by W5 Lidl pracowa\u0142 z firm\u0105 PCC od pocz\u0105tku tego roku. W kolejnych miesi\u0105cach do sprzeda\u017cy trafi\u0105 kolejne w kategorii \u015brodk\u00f3w do czyszczenia, a by\u0107 mo\u017ce i do prania.&#13;<br \/>\n&#13;<br \/>\nLidl podaje, \u017ce produkty ekologiczne maj\u0105 obecnie jedynie 14 proc. udzia\u0142u w kategorii chemii gospodarczej i \u015brodk\u00f3w do czyszczenia domu sprzedawanych pod mark\u0105 W5\u00a0 w sklepach tej sieci.&#13;<br \/>\n&#13;<\/p>\n<p>&#13;<br \/>\n&#13;<br \/>\nProdukty linii Pure Home by W5 zosta\u0142y wyprodukowane ze sk\u0142adnik\u00f3w pochodzenia naturalnego, zawieraj\u0105 ich nawet do 98 proc. W ofercie s\u0105 p\u0142yn do mycia naczy\u0144, p\u0142yn do czyszczenia \u0142azienki, p\u0142yn do czyszczenia kuchni, p\u0142yn do mycia szyb i luster, p\u0142yn do czyszczenia pod\u0142\u00f3g i p\u0142yn do WC. Produkty te maj\u0105 zapach bazylii i mandarynki, czarnej porzeczki oraz rabarbaru.&#13;<br \/>\n&#13;<br \/>\nS\u0105 one o 2 z\u0142ote dro\u017csze w por\u00f3wnaniu ze standardow\u0105 wersj\u0105 produktu pod t\u0105 sam\u0105 mark\u0105 w sklepie Lidla.&#13;<br \/>\n&#13;<br \/>\nNowa linia Pure Home by W5 dost\u0119pna jest w opakowaniach wytworzonych w 100 proc. z surowc\u00f3w pochodz\u0105cych z recyklingu. Na zlecenie Lidla wyprodukowa\u0142a je firma PCC Consumer Products.&#13;<br \/>\n                            &#13;<br \/>\n&#13;<br \/>\n                            &#13;<br \/>\n&#13;<br \/>\n&#13;<br \/>\n&#13;<br \/>\n&#13;<br \/>\n&#13;<br \/>\n                            &#13;<br \/>\n                                                            &#13;<br \/>\n&#13;<br \/>\n                            &#13;<\/p>\n<p>\n<!--noindex--><br \/>\n<a href=\"https:\/\/www.wirtualnemedia.pl\/artykul\/lidl-pure-home-by-w5-ekologiczna-marka\" rel=\"nofollow\">Source link <\/a><br \/>\n<!--\/noindex--><\/p>\n","protected":false},"excerpt":{"rendered":"<p>Nad lini\u0105 ekologicznych produkt\u00f3w Pure Home by W5 Lidl pracowa\u0142 z firm\u0105 PCC od pocz\u0105tku tego roku. W kolejnych miesi\u0105cach do sprzeda\u017cy trafi\u0105 kolejne w kategorii \u015brodk\u00f3w do czyszczenia, a by\u0107 mo\u017ce i do prania.&#13; &#13; Lidl podaje, \u017ce produkty ekologiczne maj\u0105 obecnie jedynie 14 proc. udzia\u0142u w kategorii chemii gospodarczej i \u015brodk\u00f3w do czyszczenia [&hellip;]<\/p>\n","protected":false},"author":2,"featured_media":4744,"comment_status":"open","ping_status":"open","sticky":false,"template":"","format":"standard","meta":{"footnotes":""},"categories":[2],"tags":[],"class_list":["post-4743","post","type-post","status-publish","format-standard","has-post-thumbnail","hentry","category-wiadomosci-marketingowe-internetowe"],"yoast_head":"<!-- This site is optimized with the Yoast SEO plugin v27.4 - https:\/\/yoast.com\/product\/yoast-seo-wordpress\/ -->\n<title>Lidl Pure Home by W5 ekologiczna marka - Favorite News<\/title>\n<meta name=\"robots\" content=\"index, follow, max-snippet:-1, max-image-preview:large, max-video-preview:-1\" \/>\n<link rel=\"canonical\" href=\"https:\/\/favorite-news.com\/pl\/lidl-pure-home-by-w5-ekologiczna-marka\/\" \/>\n<meta property=\"og:locale\" content=\"pl_PL\" \/>\n<meta property=\"og:type\" content=\"article\" \/>\n<meta property=\"og:title\" content=\"Lidl Pure Home by W5 ekologiczna marka - Favorite News\" \/>\n<meta property=\"og:description\" content=\"Nad lini\u0105 ekologicznych produkt\u00f3w Pure Home by W5 Lidl pracowa\u0142 z firm\u0105 PCC od pocz\u0105tku tego roku. W kolejnych miesi\u0105cach do sprzeda\u017cy trafi\u0105 kolejne w kategorii \u015brodk\u00f3w do czyszczenia, a by\u0107 mo\u017ce i do prania.&#013; &#013; Lidl podaje, \u017ce produkty ekologiczne maj\u0105 obecnie jedynie 14 proc. udzia\u0142u w kategorii chemii gospodarczej i \u015brodk\u00f3w do czyszczenia [&hellip;]\" \/>\n<meta property=\"og:url\" content=\"https:\/\/favorite-news.com\/pl\/lidl-pure-home-by-w5-ekologiczna-marka\/\" \/>\n<meta property=\"og:site_name\" content=\"Favorite News\" \/>\n<meta property=\"article:published_time\" content=\"2019-09-19T14:56:03+00:00\" \/>\n<meta property=\"article:modified_time\" content=\"2019-09-19T14:56:04+00:00\" \/>\n<meta property=\"og:image\" content=\"https:\/\/favorite-news.com\/pl\/wp-content\/uploads\/sites\/6\/2019\/09\/Lidl-Pure-Home-by-W5-ekologiczna-marka.jpg\" \/>\n\t<meta property=\"og:image:width\" content=\"655\" \/>\n\t<meta property=\"og:image:height\" content=\"407\" \/>\n\t<meta property=\"og:image:type\" content=\"image\/jpeg\" \/>\n<meta name=\"author\" content=\"favorite-news\" \/>\n<meta name=\"twitter:card\" content=\"summary_large_image\" \/>\n<meta name=\"twitter:label1\" content=\"Napisane przez\" \/>\n\t<meta name=\"twitter:data1\" content=\"favorite-news\" \/>\n\t<meta name=\"twitter:label2\" content=\"Szacowany czas czytania\" \/>\n\t<meta name=\"twitter:data2\" content=\"1 minuta\" \/>\n<script type=\"application\/ld+json\" class=\"yoast-schema-graph\">{\"@context\":\"https:\\\/\\\/schema.org\",\"@graph\":[{\"@type\":\"Article\",\"@id\":\"https:\\\/\\\/favorite-news.com\\\/pl\\\/lidl-pure-home-by-w5-ekologiczna-marka\\\/#article\",\"isPartOf\":{\"@id\":\"https:\\\/\\\/favorite-news.com\\\/pl\\\/lidl-pure-home-by-w5-ekologiczna-marka\\\/\"},\"author\":{\"name\":\"favorite-news\",\"@id\":\"https:\\\/\\\/favorite-news.com\\\/pl\\\/#\\\/schema\\\/person\\\/b91573b717dcfa5e4696032a9d28d3e8\"},\"headline\":\"Lidl Pure Home by W5 ekologiczna marka\",\"datePublished\":\"2019-09-19T14:56:03+00:00\",\"dateModified\":\"2019-09-19T14:56:04+00:00\",\"mainEntityOfPage\":{\"@id\":\"https:\\\/\\\/favorite-news.com\\\/pl\\\/lidl-pure-home-by-w5-ekologiczna-marka\\\/\"},\"wordCount\":198,\"commentCount\":0,\"image\":{\"@id\":\"https:\\\/\\\/favorite-news.com\\\/pl\\\/lidl-pure-home-by-w5-ekologiczna-marka\\\/#primaryimage\"},\"thumbnailUrl\":\"https:\\\/\\\/favorite-news.com\\\/pl\\\/wp-content\\\/uploads\\\/sites\\\/6\\\/2019\\\/09\\\/Lidl-Pure-Home-by-W5-ekologiczna-marka.jpg\",\"articleSection\":[\"WIADOMO\u015aCI MARKETINGOWE INTERNETOWE\"],\"inLanguage\":\"pl-PL\",\"potentialAction\":[{\"@type\":\"CommentAction\",\"name\":\"Comment\",\"target\":[\"https:\\\/\\\/favorite-news.com\\\/pl\\\/lidl-pure-home-by-w5-ekologiczna-marka\\\/#respond\"]}]},{\"@type\":\"WebPage\",\"@id\":\"https:\\\/\\\/favorite-news.com\\\/pl\\\/lidl-pure-home-by-w5-ekologiczna-marka\\\/\",\"url\":\"https:\\\/\\\/favorite-news.com\\\/pl\\\/lidl-pure-home-by-w5-ekologiczna-marka\\\/\",\"name\":\"Lidl Pure Home by W5 ekologiczna marka - Favorite News\",\"isPartOf\":{\"@id\":\"https:\\\/\\\/favorite-news.com\\\/pl\\\/#website\"},\"primaryImageOfPage\":{\"@id\":\"https:\\\/\\\/favorite-news.com\\\/pl\\\/lidl-pure-home-by-w5-ekologiczna-marka\\\/#primaryimage\"},\"image\":{\"@id\":\"https:\\\/\\\/favorite-news.com\\\/pl\\\/lidl-pure-home-by-w5-ekologiczna-marka\\\/#primaryimage\"},\"thumbnailUrl\":\"https:\\\/\\\/favorite-news.com\\\/pl\\\/wp-content\\\/uploads\\\/sites\\\/6\\\/2019\\\/09\\\/Lidl-Pure-Home-by-W5-ekologiczna-marka.jpg\",\"datePublished\":\"2019-09-19T14:56:03+00:00\",\"dateModified\":\"2019-09-19T14:56:04+00:00\",\"author\":{\"@id\":\"https:\\\/\\\/favorite-news.com\\\/pl\\\/#\\\/schema\\\/person\\\/b91573b717dcfa5e4696032a9d28d3e8\"},\"breadcrumb\":{\"@id\":\"https:\\\/\\\/favorite-news.com\\\/pl\\\/lidl-pure-home-by-w5-ekologiczna-marka\\\/#breadcrumb\"},\"inLanguage\":\"pl-PL\",\"potentialAction\":[{\"@type\":\"ReadAction\",\"target\":[\"https:\\\/\\\/favorite-news.com\\\/pl\\\/lidl-pure-home-by-w5-ekologiczna-marka\\\/\"]}]},{\"@type\":\"ImageObject\",\"inLanguage\":\"pl-PL\",\"@id\":\"https:\\\/\\\/favorite-news.com\\\/pl\\\/lidl-pure-home-by-w5-ekologiczna-marka\\\/#primaryimage\",\"url\":\"https:\\\/\\\/favorite-news.com\\\/pl\\\/wp-content\\\/uploads\\\/sites\\\/6\\\/2019\\\/09\\\/Lidl-Pure-Home-by-W5-ekologiczna-marka.jpg\",\"contentUrl\":\"https:\\\/\\\/favorite-news.com\\\/pl\\\/wp-content\\\/uploads\\\/sites\\\/6\\\/2019\\\/09\\\/Lidl-Pure-Home-by-W5-ekologiczna-marka.jpg\",\"width\":655,\"height\":407,\"caption\":\"Article\"},{\"@type\":\"BreadcrumbList\",\"@id\":\"https:\\\/\\\/favorite-news.com\\\/pl\\\/lidl-pure-home-by-w5-ekologiczna-marka\\\/#breadcrumb\",\"itemListElement\":[{\"@type\":\"ListItem\",\"position\":1,\"name\":\"Home\",\"item\":\"https:\\\/\\\/favorite-news.com\\\/pl\\\/\"},{\"@type\":\"ListItem\",\"position\":2,\"name\":\"Lidl Pure Home by W5 ekologiczna marka\"}]},{\"@type\":\"WebSite\",\"@id\":\"https:\\\/\\\/favorite-news.com\\\/pl\\\/#website\",\"url\":\"https:\\\/\\\/favorite-news.com\\\/pl\\\/\",\"name\":\"Favorite News\",\"description\":\"Favorite News Polska\",\"potentialAction\":[{\"@type\":\"SearchAction\",\"target\":{\"@type\":\"EntryPoint\",\"urlTemplate\":\"https:\\\/\\\/favorite-news.com\\\/pl\\\/?s={search_term_string}\"},\"query-input\":{\"@type\":\"PropertyValueSpecification\",\"valueRequired\":true,\"valueName\":\"search_term_string\"}}],\"inLanguage\":\"pl-PL\"},{\"@type\":\"Person\",\"@id\":\"https:\\\/\\\/favorite-news.com\\\/pl\\\/#\\\/schema\\\/person\\\/b91573b717dcfa5e4696032a9d28d3e8\",\"name\":\"favorite-news\",\"image\":{\"@type\":\"ImageObject\",\"inLanguage\":\"pl-PL\",\"@id\":\"https:\\\/\\\/secure.gravatar.com\\\/avatar\\\/6c5a5cb12b74e9d517ee91cf570335b7d16177f1977cc91db161adfa435945a7?s=96&d=mm&r=g\",\"url\":\"https:\\\/\\\/secure.gravatar.com\\\/avatar\\\/6c5a5cb12b74e9d517ee91cf570335b7d16177f1977cc91db161adfa435945a7?s=96&d=mm&r=g\",\"contentUrl\":\"https:\\\/\\\/secure.gravatar.com\\\/avatar\\\/6c5a5cb12b74e9d517ee91cf570335b7d16177f1977cc91db161adfa435945a7?s=96&d=mm&r=g\",\"caption\":\"favorite-news\"},\"url\":\"https:\\\/\\\/favorite-news.com\\\/pl\\\/author\\\/pt\\\/\"}]}<\/script>\n<!-- \/ Yoast SEO plugin. -->","yoast_head_json":{"title":"Lidl Pure Home by W5 ekologiczna marka - Favorite News","robots":{"index":"index","follow":"follow","max-snippet":"max-snippet:-1","max-image-preview":"max-image-preview:large","max-video-preview":"max-video-preview:-1"},"canonical":"https:\/\/favorite-news.com\/pl\/lidl-pure-home-by-w5-ekologiczna-marka\/","og_locale":"pl_PL","og_type":"article","og_title":"Lidl Pure Home by W5 ekologiczna marka - Favorite News","og_description":"Nad lini\u0105 ekologicznych produkt\u00f3w Pure Home by W5 Lidl pracowa\u0142 z firm\u0105 PCC od pocz\u0105tku tego roku. W kolejnych miesi\u0105cach do sprzeda\u017cy trafi\u0105 kolejne w kategorii \u015brodk\u00f3w do czyszczenia, a by\u0107 mo\u017ce i do prania.&#13; &#13; Lidl podaje, \u017ce produkty ekologiczne maj\u0105 obecnie jedynie 14 proc. udzia\u0142u w kategorii chemii gospodarczej i \u015brodk\u00f3w do czyszczenia [&hellip;]","og_url":"https:\/\/favorite-news.com\/pl\/lidl-pure-home-by-w5-ekologiczna-marka\/","og_site_name":"Favorite News","article_published_time":"2019-09-19T14:56:03+00:00","article_modified_time":"2019-09-19T14:56:04+00:00","og_image":[{"width":655,"height":407,"url":"https:\/\/favorite-news.com\/pl\/wp-content\/uploads\/sites\/6\/2019\/09\/Lidl-Pure-Home-by-W5-ekologiczna-marka.jpg","type":"image\/jpeg"}],"author":"favorite-news","twitter_card":"summary_large_image","twitter_misc":{"Napisane przez":"favorite-news","Szacowany czas czytania":"1 minuta"},"schema":{"@context":"https:\/\/schema.org","@graph":[{"@type":"Article","@id":"https:\/\/favorite-news.com\/pl\/lidl-pure-home-by-w5-ekologiczna-marka\/#article","isPartOf":{"@id":"https:\/\/favorite-news.com\/pl\/lidl-pure-home-by-w5-ekologiczna-marka\/"},"author":{"name":"favorite-news","@id":"https:\/\/favorite-news.com\/pl\/#\/schema\/person\/b91573b717dcfa5e4696032a9d28d3e8"},"headline":"Lidl Pure Home by W5 ekologiczna marka","datePublished":"2019-09-19T14:56:03+00:00","dateModified":"2019-09-19T14:56:04+00:00","mainEntityOfPage":{"@id":"https:\/\/favorite-news.com\/pl\/lidl-pure-home-by-w5-ekologiczna-marka\/"},"wordCount":198,"commentCount":0,"image":{"@id":"https:\/\/favorite-news.com\/pl\/lidl-pure-home-by-w5-ekologiczna-marka\/#primaryimage"},"thumbnailUrl":"https:\/\/favorite-news.com\/pl\/wp-content\/uploads\/sites\/6\/2019\/09\/Lidl-Pure-Home-by-W5-ekologiczna-marka.jpg","articleSection":["WIADOMO\u015aCI MARKETINGOWE INTERNETOWE"],"inLanguage":"pl-PL","potentialAction":[{"@type":"CommentAction","name":"Comment","target":["https:\/\/favorite-news.com\/pl\/lidl-pure-home-by-w5-ekologiczna-marka\/#respond"]}]},{"@type":"WebPage","@id":"https:\/\/favorite-news.com\/pl\/lidl-pure-home-by-w5-ekologiczna-marka\/","url":"https:\/\/favorite-news.com\/pl\/lidl-pure-home-by-w5-ekologiczna-marka\/","name":"Lidl Pure Home by W5 ekologiczna marka - Favorite News","isPartOf":{"@id":"https:\/\/favorite-news.com\/pl\/#website"},"primaryImageOfPage":{"@id":"https:\/\/favorite-news.com\/pl\/lidl-pure-home-by-w5-ekologiczna-marka\/#primaryimage"},"image":{"@id":"https:\/\/favorite-news.com\/pl\/lidl-pure-home-by-w5-ekologiczna-marka\/#primaryimage"},"thumbnailUrl":"https:\/\/favorite-news.com\/pl\/wp-content\/uploads\/sites\/6\/2019\/09\/Lidl-Pure-Home-by-W5-ekologiczna-marka.jpg","datePublished":"2019-09-19T14:56:03+00:00","dateModified":"2019-09-19T14:56:04+00:00","author":{"@id":"https:\/\/favorite-news.com\/pl\/#\/schema\/person\/b91573b717dcfa5e4696032a9d28d3e8"},"breadcrumb":{"@id":"https:\/\/favorite-news.com\/pl\/lidl-pure-home-by-w5-ekologiczna-marka\/#breadcrumb"},"inLanguage":"pl-PL","potentialAction":[{"@type":"ReadAction","target":["https:\/\/favorite-news.com\/pl\/lidl-pure-home-by-w5-ekologiczna-marka\/"]}]},{"@type":"ImageObject","inLanguage":"pl-PL","@id":"https:\/\/favorite-news.com\/pl\/lidl-pure-home-by-w5-ekologiczna-marka\/#primaryimage","url":"https:\/\/favorite-news.com\/pl\/wp-content\/uploads\/sites\/6\/2019\/09\/Lidl-Pure-Home-by-W5-ekologiczna-marka.jpg","contentUrl":"https:\/\/favorite-news.com\/pl\/wp-content\/uploads\/sites\/6\/2019\/09\/Lidl-Pure-Home-by-W5-ekologiczna-marka.jpg","width":655,"height":407,"caption":"Article"},{"@type":"BreadcrumbList","@id":"https:\/\/favorite-news.com\/pl\/lidl-pure-home-by-w5-ekologiczna-marka\/#breadcrumb","itemListElement":[{"@type":"ListItem","position":1,"name":"Home","item":"https:\/\/favorite-news.com\/pl\/"},{"@type":"ListItem","position":2,"name":"Lidl Pure Home by W5 ekologiczna marka"}]},{"@type":"WebSite","@id":"https:\/\/favorite-news.com\/pl\/#website","url":"https:\/\/favorite-news.com\/pl\/","name":"Favorite News","description":"Favorite News Polska","potentialAction":[{"@type":"SearchAction","target":{"@type":"EntryPoint","urlTemplate":"https:\/\/favorite-news.com\/pl\/?s={search_term_string}"},"query-input":{"@type":"PropertyValueSpecification","valueRequired":true,"valueName":"search_term_string"}}],"inLanguage":"pl-PL"},{"@type":"Person","@id":"https:\/\/favorite-news.com\/pl\/#\/schema\/person\/b91573b717dcfa5e4696032a9d28d3e8","name":"favorite-news","image":{"@type":"ImageObject","inLanguage":"pl-PL","@id":"https:\/\/secure.gravatar.com\/avatar\/6c5a5cb12b74e9d517ee91cf570335b7d16177f1977cc91db161adfa435945a7?s=96&d=mm&r=g","url":"https:\/\/secure.gravatar.com\/avatar\/6c5a5cb12b74e9d517ee91cf570335b7d16177f1977cc91db161adfa435945a7?s=96&d=mm&r=g","contentUrl":"https:\/\/secure.gravatar.com\/avatar\/6c5a5cb12b74e9d517ee91cf570335b7d16177f1977cc91db161adfa435945a7?s=96&d=mm&r=g","caption":"favorite-news"},"url":"https:\/\/favorite-news.com\/pl\/author\/pt\/"}]}},"_links":{"self":[{"href":"https:\/\/favorite-news.com\/pl\/wp-json\/wp\/v2\/posts\/4743","targetHints":{"allow":["GET"]}}],"collection":[{"href":"https:\/\/favorite-news.com\/pl\/wp-json\/wp\/v2\/posts"}],"about":[{"href":"https:\/\/favorite-news.com\/pl\/wp-json\/wp\/v2\/types\/post"}],"author":[{"embeddable":true,"href":"https:\/\/favorite-news.com\/pl\/wp-json\/wp\/v2\/users\/2"}],"replies":[{"embeddable":true,"href":"https:\/\/favorite-news.com\/pl\/wp-json\/wp\/v2\/comments?post=4743"}],"version-history":[{"count":1,"href":"https:\/\/favorite-news.com\/pl\/wp-json\/wp\/v2\/posts\/4743\/revisions"}],"predecessor-version":[{"id":4745,"href":"https:\/\/favorite-news.com\/pl\/wp-json\/wp\/v2\/posts\/4743\/revisions\/4745"}],"wp:featuredmedia":[{"embeddable":true,"href":"https:\/\/favorite-news.com\/pl\/wp-json\/wp\/v2\/media\/4744"}],"wp:attachment":[{"href":"https:\/\/favorite-news.com\/pl\/wp-json\/wp\/v2\/media?parent=4743"}],"wp:term":[{"taxonomy":"category","embeddable":true,"href":"https:\/\/favorite-news.com\/pl\/wp-json\/wp\/v2\/categories?post=4743"},{"taxonomy":"post_tag","embeddable":true,"href":"https:\/\/favorite-news.com\/pl\/wp-json\/wp\/v2\/tags?post=4743"}],"curies":[{"name":"wp","href":"https:\/\/api.w.org\/{rel}","templated":true}]}}