{"id":4719,"date":"2019-09-19T08:34:04","date_gmt":"2019-09-19T05:34:04","guid":{"rendered":"https:\/\/favorite-news.com\/pl\/grazyna-torbicka-anna-markowska-i-radzka-bez-retuszu-w-reklamach-wideo\/"},"modified":"2019-09-19T08:34:05","modified_gmt":"2019-09-19T05:34:05","slug":"grazyna-torbicka-anna-markowska-i-radzka-bez-retuszu-w-reklamach-wideo","status":"publish","type":"post","link":"https:\/\/favorite-news.com\/pl\/grazyna-torbicka-anna-markowska-i-radzka-bez-retuszu-w-reklamach-wideo\/","title":{"rendered":"Gra\u017cyna Torbicka, Anna Markowska i Radzka bez retuszu w reklamach (wideo)"},"content":{"rendered":"<p>Kampania promuje podk\u0142ad L\u2019Or\u00e9al True Match. Reklamy podkre\u015blaj\u0105, \u017ce produkt zawiera 80 proc. naturalnych sk\u0142adnik\u00f3w piel\u0119gnacyjnych, jest wzbogacony o kwas hialuronowy oraz dost\u0119pny w 15 wariantach do r\u00f3\u017cnych potrzeb kobiet. Zapewniaj\u0105 te\u017c, \u017ce poprawia jako\u015b\u0107 sk\u00f3ry ju\u017c w ci\u0105gu dw\u00f3ch tygodni stosowania.&#13;<br \/>\n&#13;<br \/>\nAkcja jest realizowana m.in. w telewizji oraz internecie.&#13;<br \/>\n&#13;<br \/>\n\u00a0&#13;<br \/>\n&#13;<br \/>\nKreacj\u0105 reklam zaj\u0119\u0142a si\u0119 agencja McCann Worldgroup. Spot nakr\u0119ci\u0142a i wyre\u017cyserowa\u0142a Marta Pruska, produkcj\u0105 zaj\u0119\u0142o si\u0119 Dynamo Film, a postprodukcj\u0105 &#8211; Delapost.&#13;<br \/>\n&#13;<br \/>\nGra\u017cyna Torbicka jest ambasadork\u0105 reklamow\u0105 L\u2019Or\u00e9al od wiosny 2016 roku. W tym czasie wyst\u0105pi\u0142a w kilkunastu kampaniach kosmetyk\u00f3w do koloryzacji w\u0142os\u00f3w (Excellence) oraz piel\u0119gnacji twarzy (Ekspert Wieku).&#13;<br \/>\n&#13;<br \/>\nWiosn\u0105 ub.r. wsp\u00f3\u0142prac\u0119 z Torbick\u0105 poszerzono o now\u0105 kategori\u0119 produktow\u0105 &#8211; kolorowe kosmetyki do makija\u017cu. Dziennikarka reklamowa\u0142a m.in. tusze Volume Million Lashes.&#13;<br \/>\n                            &#13;<br \/>\n&#13;<br \/>\n                            &#13;<br \/>\n&#13;<br \/>\n&#13;<br \/>\n&#13;<br \/>\n&#13;<br \/>\n&#13;<br \/>\n                            &#13;<br \/>\n                                                            &#13;<br \/>\n&#13;<br \/>\n                            &#13;<\/p>\n<p>\n<!--noindex--><br \/>\n<a href=\"https:\/\/www.wirtualnemedia.pl\/artykul\/l-oreal-true-match-grazyna-torbicka-anna-markowska-i-radzka-bez-retuszu-w-reklamach-wideo\" rel=\"nofollow\">Source link <\/a><br \/>\n<!--\/noindex--><\/p>\n","protected":false},"excerpt":{"rendered":"<p>Kampania promuje podk\u0142ad L\u2019Or\u00e9al True Match. Reklamy podkre\u015blaj\u0105, \u017ce produkt zawiera 80 proc. naturalnych sk\u0142adnik\u00f3w piel\u0119gnacyjnych, jest wzbogacony o kwas hialuronowy oraz dost\u0119pny w 15 wariantach do r\u00f3\u017cnych potrzeb kobiet. Zapewniaj\u0105 te\u017c, \u017ce poprawia jako\u015b\u0107 sk\u00f3ry ju\u017c w ci\u0105gu dw\u00f3ch tygodni stosowania.&#13; &#13; Akcja jest realizowana m.in. w telewizji oraz internecie.&#13; &#13; \u00a0&#13; &#13; Kreacj\u0105 [&hellip;]<\/p>\n","protected":false},"author":2,"featured_media":4720,"comment_status":"open","ping_status":"open","sticky":false,"template":"","format":"standard","meta":{"footnotes":""},"categories":[2],"tags":[],"class_list":["post-4719","post","type-post","status-publish","format-standard","has-post-thumbnail","hentry","category-wiadomosci-marketingowe-internetowe"],"yoast_head":"<!-- This site is optimized with the Yoast SEO plugin v27.4 - https:\/\/yoast.com\/product\/yoast-seo-wordpress\/ -->\n<title>Gra\u017cyna Torbicka, Anna Markowska i Radzka bez retuszu w reklamach (wideo) - Favorite News<\/title>\n<meta name=\"robots\" content=\"index, follow, max-snippet:-1, max-image-preview:large, max-video-preview:-1\" \/>\n<link rel=\"canonical\" href=\"https:\/\/favorite-news.com\/pl\/grazyna-torbicka-anna-markowska-i-radzka-bez-retuszu-w-reklamach-wideo\/\" \/>\n<meta property=\"og:locale\" content=\"pl_PL\" \/>\n<meta property=\"og:type\" content=\"article\" \/>\n<meta property=\"og:title\" content=\"Gra\u017cyna Torbicka, Anna Markowska i Radzka bez retuszu w reklamach (wideo) - Favorite News\" \/>\n<meta property=\"og:description\" content=\"Kampania promuje podk\u0142ad L\u2019Or\u00e9al True Match. Reklamy podkre\u015blaj\u0105, \u017ce produkt zawiera 80 proc. naturalnych sk\u0142adnik\u00f3w piel\u0119gnacyjnych, jest wzbogacony o kwas hialuronowy oraz dost\u0119pny w 15 wariantach do r\u00f3\u017cnych potrzeb kobiet. Zapewniaj\u0105 te\u017c, \u017ce poprawia jako\u015b\u0107 sk\u00f3ry ju\u017c w ci\u0105gu dw\u00f3ch tygodni stosowania.&#013; &#013; Akcja jest realizowana m.in. w telewizji oraz internecie.&#013; &#013; \u00a0&#013; &#013; Kreacj\u0105 [&hellip;]\" \/>\n<meta property=\"og:url\" content=\"https:\/\/favorite-news.com\/pl\/grazyna-torbicka-anna-markowska-i-radzka-bez-retuszu-w-reklamach-wideo\/\" \/>\n<meta property=\"og:site_name\" content=\"Favorite News\" \/>\n<meta property=\"article:published_time\" content=\"2019-09-19T05:34:04+00:00\" \/>\n<meta property=\"article:modified_time\" content=\"2019-09-19T05:34:05+00:00\" \/>\n<meta property=\"og:image\" content=\"https:\/\/favorite-news.com\/pl\/wp-content\/uploads\/sites\/6\/2019\/09\/Gra\u017cyna-Torbicka-Anna-Markowska-i-Radzka-bez-retuszu-w-reklamach.png\" \/>\n\t<meta property=\"og:image:width\" content=\"655\" \/>\n\t<meta property=\"og:image:height\" content=\"429\" \/>\n\t<meta property=\"og:image:type\" content=\"image\/png\" \/>\n<meta name=\"author\" content=\"favorite-news\" \/>\n<meta name=\"twitter:card\" content=\"summary_large_image\" \/>\n<meta name=\"twitter:label1\" content=\"Napisane przez\" \/>\n\t<meta name=\"twitter:data1\" content=\"favorite-news\" \/>\n\t<meta name=\"twitter:label2\" content=\"Szacowany czas czytania\" \/>\n\t<meta name=\"twitter:data2\" content=\"1 minuta\" \/>\n<script type=\"application\/ld+json\" class=\"yoast-schema-graph\">{\"@context\":\"https:\\\/\\\/schema.org\",\"@graph\":[{\"@type\":\"Article\",\"@id\":\"https:\\\/\\\/favorite-news.com\\\/pl\\\/grazyna-torbicka-anna-markowska-i-radzka-bez-retuszu-w-reklamach-wideo\\\/#article\",\"isPartOf\":{\"@id\":\"https:\\\/\\\/favorite-news.com\\\/pl\\\/grazyna-torbicka-anna-markowska-i-radzka-bez-retuszu-w-reklamach-wideo\\\/\"},\"author\":{\"name\":\"favorite-news\",\"@id\":\"https:\\\/\\\/favorite-news.com\\\/pl\\\/#\\\/schema\\\/person\\\/b91573b717dcfa5e4696032a9d28d3e8\"},\"headline\":\"Gra\u017cyna Torbicka, Anna Markowska i Radzka bez retuszu w reklamach (wideo)\",\"datePublished\":\"2019-09-19T05:34:04+00:00\",\"dateModified\":\"2019-09-19T05:34:05+00:00\",\"mainEntityOfPage\":{\"@id\":\"https:\\\/\\\/favorite-news.com\\\/pl\\\/grazyna-torbicka-anna-markowska-i-radzka-bez-retuszu-w-reklamach-wideo\\\/\"},\"wordCount\":165,\"commentCount\":0,\"image\":{\"@id\":\"https:\\\/\\\/favorite-news.com\\\/pl\\\/grazyna-torbicka-anna-markowska-i-radzka-bez-retuszu-w-reklamach-wideo\\\/#primaryimage\"},\"thumbnailUrl\":\"https:\\\/\\\/favorite-news.com\\\/pl\\\/wp-content\\\/uploads\\\/sites\\\/6\\\/2019\\\/09\\\/Gra\u017cyna-Torbicka-Anna-Markowska-i-Radzka-bez-retuszu-w-reklamach.png\",\"articleSection\":[\"WIADOMO\u015aCI MARKETINGOWE INTERNETOWE\"],\"inLanguage\":\"pl-PL\",\"potentialAction\":[{\"@type\":\"CommentAction\",\"name\":\"Comment\",\"target\":[\"https:\\\/\\\/favorite-news.com\\\/pl\\\/grazyna-torbicka-anna-markowska-i-radzka-bez-retuszu-w-reklamach-wideo\\\/#respond\"]}]},{\"@type\":\"WebPage\",\"@id\":\"https:\\\/\\\/favorite-news.com\\\/pl\\\/grazyna-torbicka-anna-markowska-i-radzka-bez-retuszu-w-reklamach-wideo\\\/\",\"url\":\"https:\\\/\\\/favorite-news.com\\\/pl\\\/grazyna-torbicka-anna-markowska-i-radzka-bez-retuszu-w-reklamach-wideo\\\/\",\"name\":\"Gra\u017cyna Torbicka, Anna Markowska i Radzka bez retuszu w reklamach (wideo) - Favorite News\",\"isPartOf\":{\"@id\":\"https:\\\/\\\/favorite-news.com\\\/pl\\\/#website\"},\"primaryImageOfPage\":{\"@id\":\"https:\\\/\\\/favorite-news.com\\\/pl\\\/grazyna-torbicka-anna-markowska-i-radzka-bez-retuszu-w-reklamach-wideo\\\/#primaryimage\"},\"image\":{\"@id\":\"https:\\\/\\\/favorite-news.com\\\/pl\\\/grazyna-torbicka-anna-markowska-i-radzka-bez-retuszu-w-reklamach-wideo\\\/#primaryimage\"},\"thumbnailUrl\":\"https:\\\/\\\/favorite-news.com\\\/pl\\\/wp-content\\\/uploads\\\/sites\\\/6\\\/2019\\\/09\\\/Gra\u017cyna-Torbicka-Anna-Markowska-i-Radzka-bez-retuszu-w-reklamach.png\",\"datePublished\":\"2019-09-19T05:34:04+00:00\",\"dateModified\":\"2019-09-19T05:34:05+00:00\",\"author\":{\"@id\":\"https:\\\/\\\/favorite-news.com\\\/pl\\\/#\\\/schema\\\/person\\\/b91573b717dcfa5e4696032a9d28d3e8\"},\"breadcrumb\":{\"@id\":\"https:\\\/\\\/favorite-news.com\\\/pl\\\/grazyna-torbicka-anna-markowska-i-radzka-bez-retuszu-w-reklamach-wideo\\\/#breadcrumb\"},\"inLanguage\":\"pl-PL\",\"potentialAction\":[{\"@type\":\"ReadAction\",\"target\":[\"https:\\\/\\\/favorite-news.com\\\/pl\\\/grazyna-torbicka-anna-markowska-i-radzka-bez-retuszu-w-reklamach-wideo\\\/\"]}]},{\"@type\":\"ImageObject\",\"inLanguage\":\"pl-PL\",\"@id\":\"https:\\\/\\\/favorite-news.com\\\/pl\\\/grazyna-torbicka-anna-markowska-i-radzka-bez-retuszu-w-reklamach-wideo\\\/#primaryimage\",\"url\":\"https:\\\/\\\/favorite-news.com\\\/pl\\\/wp-content\\\/uploads\\\/sites\\\/6\\\/2019\\\/09\\\/Gra\u017cyna-Torbicka-Anna-Markowska-i-Radzka-bez-retuszu-w-reklamach.png\",\"contentUrl\":\"https:\\\/\\\/favorite-news.com\\\/pl\\\/wp-content\\\/uploads\\\/sites\\\/6\\\/2019\\\/09\\\/Gra\u017cyna-Torbicka-Anna-Markowska-i-Radzka-bez-retuszu-w-reklamach.png\",\"width\":655,\"height\":429,\"caption\":\"Article\"},{\"@type\":\"BreadcrumbList\",\"@id\":\"https:\\\/\\\/favorite-news.com\\\/pl\\\/grazyna-torbicka-anna-markowska-i-radzka-bez-retuszu-w-reklamach-wideo\\\/#breadcrumb\",\"itemListElement\":[{\"@type\":\"ListItem\",\"position\":1,\"name\":\"Home\",\"item\":\"https:\\\/\\\/favorite-news.com\\\/pl\\\/\"},{\"@type\":\"ListItem\",\"position\":2,\"name\":\"Gra\u017cyna Torbicka, Anna Markowska i Radzka bez retuszu w reklamach (wideo)\"}]},{\"@type\":\"WebSite\",\"@id\":\"https:\\\/\\\/favorite-news.com\\\/pl\\\/#website\",\"url\":\"https:\\\/\\\/favorite-news.com\\\/pl\\\/\",\"name\":\"Favorite News\",\"description\":\"Favorite News Polska\",\"potentialAction\":[{\"@type\":\"SearchAction\",\"target\":{\"@type\":\"EntryPoint\",\"urlTemplate\":\"https:\\\/\\\/favorite-news.com\\\/pl\\\/?s={search_term_string}\"},\"query-input\":{\"@type\":\"PropertyValueSpecification\",\"valueRequired\":true,\"valueName\":\"search_term_string\"}}],\"inLanguage\":\"pl-PL\"},{\"@type\":\"Person\",\"@id\":\"https:\\\/\\\/favorite-news.com\\\/pl\\\/#\\\/schema\\\/person\\\/b91573b717dcfa5e4696032a9d28d3e8\",\"name\":\"favorite-news\",\"image\":{\"@type\":\"ImageObject\",\"inLanguage\":\"pl-PL\",\"@id\":\"https:\\\/\\\/secure.gravatar.com\\\/avatar\\\/6c5a5cb12b74e9d517ee91cf570335b7d16177f1977cc91db161adfa435945a7?s=96&d=mm&r=g\",\"url\":\"https:\\\/\\\/secure.gravatar.com\\\/avatar\\\/6c5a5cb12b74e9d517ee91cf570335b7d16177f1977cc91db161adfa435945a7?s=96&d=mm&r=g\",\"contentUrl\":\"https:\\\/\\\/secure.gravatar.com\\\/avatar\\\/6c5a5cb12b74e9d517ee91cf570335b7d16177f1977cc91db161adfa435945a7?s=96&d=mm&r=g\",\"caption\":\"favorite-news\"},\"url\":\"https:\\\/\\\/favorite-news.com\\\/pl\\\/author\\\/pt\\\/\"}]}<\/script>\n<!-- \/ Yoast SEO plugin. -->","yoast_head_json":{"title":"Gra\u017cyna Torbicka, Anna Markowska i Radzka bez retuszu w reklamach (wideo) - Favorite News","robots":{"index":"index","follow":"follow","max-snippet":"max-snippet:-1","max-image-preview":"max-image-preview:large","max-video-preview":"max-video-preview:-1"},"canonical":"https:\/\/favorite-news.com\/pl\/grazyna-torbicka-anna-markowska-i-radzka-bez-retuszu-w-reklamach-wideo\/","og_locale":"pl_PL","og_type":"article","og_title":"Gra\u017cyna Torbicka, Anna Markowska i Radzka bez retuszu w reklamach (wideo) - Favorite News","og_description":"Kampania promuje podk\u0142ad L\u2019Or\u00e9al True Match. Reklamy podkre\u015blaj\u0105, \u017ce produkt zawiera 80 proc. naturalnych sk\u0142adnik\u00f3w piel\u0119gnacyjnych, jest wzbogacony o kwas hialuronowy oraz dost\u0119pny w 15 wariantach do r\u00f3\u017cnych potrzeb kobiet. Zapewniaj\u0105 te\u017c, \u017ce poprawia jako\u015b\u0107 sk\u00f3ry ju\u017c w ci\u0105gu dw\u00f3ch tygodni stosowania.&#13; &#13; Akcja jest realizowana m.in. w telewizji oraz internecie.&#13; &#13; \u00a0&#13; &#13; Kreacj\u0105 [&hellip;]","og_url":"https:\/\/favorite-news.com\/pl\/grazyna-torbicka-anna-markowska-i-radzka-bez-retuszu-w-reklamach-wideo\/","og_site_name":"Favorite News","article_published_time":"2019-09-19T05:34:04+00:00","article_modified_time":"2019-09-19T05:34:05+00:00","og_image":[{"width":655,"height":429,"url":"https:\/\/favorite-news.com\/pl\/wp-content\/uploads\/sites\/6\/2019\/09\/Gra\u017cyna-Torbicka-Anna-Markowska-i-Radzka-bez-retuszu-w-reklamach.png","type":"image\/png"}],"author":"favorite-news","twitter_card":"summary_large_image","twitter_misc":{"Napisane przez":"favorite-news","Szacowany czas czytania":"1 minuta"},"schema":{"@context":"https:\/\/schema.org","@graph":[{"@type":"Article","@id":"https:\/\/favorite-news.com\/pl\/grazyna-torbicka-anna-markowska-i-radzka-bez-retuszu-w-reklamach-wideo\/#article","isPartOf":{"@id":"https:\/\/favorite-news.com\/pl\/grazyna-torbicka-anna-markowska-i-radzka-bez-retuszu-w-reklamach-wideo\/"},"author":{"name":"favorite-news","@id":"https:\/\/favorite-news.com\/pl\/#\/schema\/person\/b91573b717dcfa5e4696032a9d28d3e8"},"headline":"Gra\u017cyna Torbicka, Anna Markowska i Radzka bez retuszu w reklamach (wideo)","datePublished":"2019-09-19T05:34:04+00:00","dateModified":"2019-09-19T05:34:05+00:00","mainEntityOfPage":{"@id":"https:\/\/favorite-news.com\/pl\/grazyna-torbicka-anna-markowska-i-radzka-bez-retuszu-w-reklamach-wideo\/"},"wordCount":165,"commentCount":0,"image":{"@id":"https:\/\/favorite-news.com\/pl\/grazyna-torbicka-anna-markowska-i-radzka-bez-retuszu-w-reklamach-wideo\/#primaryimage"},"thumbnailUrl":"https:\/\/favorite-news.com\/pl\/wp-content\/uploads\/sites\/6\/2019\/09\/Gra\u017cyna-Torbicka-Anna-Markowska-i-Radzka-bez-retuszu-w-reklamach.png","articleSection":["WIADOMO\u015aCI MARKETINGOWE INTERNETOWE"],"inLanguage":"pl-PL","potentialAction":[{"@type":"CommentAction","name":"Comment","target":["https:\/\/favorite-news.com\/pl\/grazyna-torbicka-anna-markowska-i-radzka-bez-retuszu-w-reklamach-wideo\/#respond"]}]},{"@type":"WebPage","@id":"https:\/\/favorite-news.com\/pl\/grazyna-torbicka-anna-markowska-i-radzka-bez-retuszu-w-reklamach-wideo\/","url":"https:\/\/favorite-news.com\/pl\/grazyna-torbicka-anna-markowska-i-radzka-bez-retuszu-w-reklamach-wideo\/","name":"Gra\u017cyna Torbicka, Anna Markowska i Radzka bez retuszu w reklamach (wideo) - Favorite News","isPartOf":{"@id":"https:\/\/favorite-news.com\/pl\/#website"},"primaryImageOfPage":{"@id":"https:\/\/favorite-news.com\/pl\/grazyna-torbicka-anna-markowska-i-radzka-bez-retuszu-w-reklamach-wideo\/#primaryimage"},"image":{"@id":"https:\/\/favorite-news.com\/pl\/grazyna-torbicka-anna-markowska-i-radzka-bez-retuszu-w-reklamach-wideo\/#primaryimage"},"thumbnailUrl":"https:\/\/favorite-news.com\/pl\/wp-content\/uploads\/sites\/6\/2019\/09\/Gra\u017cyna-Torbicka-Anna-Markowska-i-Radzka-bez-retuszu-w-reklamach.png","datePublished":"2019-09-19T05:34:04+00:00","dateModified":"2019-09-19T05:34:05+00:00","author":{"@id":"https:\/\/favorite-news.com\/pl\/#\/schema\/person\/b91573b717dcfa5e4696032a9d28d3e8"},"breadcrumb":{"@id":"https:\/\/favorite-news.com\/pl\/grazyna-torbicka-anna-markowska-i-radzka-bez-retuszu-w-reklamach-wideo\/#breadcrumb"},"inLanguage":"pl-PL","potentialAction":[{"@type":"ReadAction","target":["https:\/\/favorite-news.com\/pl\/grazyna-torbicka-anna-markowska-i-radzka-bez-retuszu-w-reklamach-wideo\/"]}]},{"@type":"ImageObject","inLanguage":"pl-PL","@id":"https:\/\/favorite-news.com\/pl\/grazyna-torbicka-anna-markowska-i-radzka-bez-retuszu-w-reklamach-wideo\/#primaryimage","url":"https:\/\/favorite-news.com\/pl\/wp-content\/uploads\/sites\/6\/2019\/09\/Gra\u017cyna-Torbicka-Anna-Markowska-i-Radzka-bez-retuszu-w-reklamach.png","contentUrl":"https:\/\/favorite-news.com\/pl\/wp-content\/uploads\/sites\/6\/2019\/09\/Gra\u017cyna-Torbicka-Anna-Markowska-i-Radzka-bez-retuszu-w-reklamach.png","width":655,"height":429,"caption":"Article"},{"@type":"BreadcrumbList","@id":"https:\/\/favorite-news.com\/pl\/grazyna-torbicka-anna-markowska-i-radzka-bez-retuszu-w-reklamach-wideo\/#breadcrumb","itemListElement":[{"@type":"ListItem","position":1,"name":"Home","item":"https:\/\/favorite-news.com\/pl\/"},{"@type":"ListItem","position":2,"name":"Gra\u017cyna Torbicka, Anna Markowska i Radzka bez retuszu w reklamach (wideo)"}]},{"@type":"WebSite","@id":"https:\/\/favorite-news.com\/pl\/#website","url":"https:\/\/favorite-news.com\/pl\/","name":"Favorite News","description":"Favorite News Polska","potentialAction":[{"@type":"SearchAction","target":{"@type":"EntryPoint","urlTemplate":"https:\/\/favorite-news.com\/pl\/?s={search_term_string}"},"query-input":{"@type":"PropertyValueSpecification","valueRequired":true,"valueName":"search_term_string"}}],"inLanguage":"pl-PL"},{"@type":"Person","@id":"https:\/\/favorite-news.com\/pl\/#\/schema\/person\/b91573b717dcfa5e4696032a9d28d3e8","name":"favorite-news","image":{"@type":"ImageObject","inLanguage":"pl-PL","@id":"https:\/\/secure.gravatar.com\/avatar\/6c5a5cb12b74e9d517ee91cf570335b7d16177f1977cc91db161adfa435945a7?s=96&d=mm&r=g","url":"https:\/\/secure.gravatar.com\/avatar\/6c5a5cb12b74e9d517ee91cf570335b7d16177f1977cc91db161adfa435945a7?s=96&d=mm&r=g","contentUrl":"https:\/\/secure.gravatar.com\/avatar\/6c5a5cb12b74e9d517ee91cf570335b7d16177f1977cc91db161adfa435945a7?s=96&d=mm&r=g","caption":"favorite-news"},"url":"https:\/\/favorite-news.com\/pl\/author\/pt\/"}]}},"_links":{"self":[{"href":"https:\/\/favorite-news.com\/pl\/wp-json\/wp\/v2\/posts\/4719","targetHints":{"allow":["GET"]}}],"collection":[{"href":"https:\/\/favorite-news.com\/pl\/wp-json\/wp\/v2\/posts"}],"about":[{"href":"https:\/\/favorite-news.com\/pl\/wp-json\/wp\/v2\/types\/post"}],"author":[{"embeddable":true,"href":"https:\/\/favorite-news.com\/pl\/wp-json\/wp\/v2\/users\/2"}],"replies":[{"embeddable":true,"href":"https:\/\/favorite-news.com\/pl\/wp-json\/wp\/v2\/comments?post=4719"}],"version-history":[{"count":1,"href":"https:\/\/favorite-news.com\/pl\/wp-json\/wp\/v2\/posts\/4719\/revisions"}],"predecessor-version":[{"id":4721,"href":"https:\/\/favorite-news.com\/pl\/wp-json\/wp\/v2\/posts\/4719\/revisions\/4721"}],"wp:featuredmedia":[{"embeddable":true,"href":"https:\/\/favorite-news.com\/pl\/wp-json\/wp\/v2\/media\/4720"}],"wp:attachment":[{"href":"https:\/\/favorite-news.com\/pl\/wp-json\/wp\/v2\/media?parent=4719"}],"wp:term":[{"taxonomy":"category","embeddable":true,"href":"https:\/\/favorite-news.com\/pl\/wp-json\/wp\/v2\/categories?post=4719"},{"taxonomy":"post_tag","embeddable":true,"href":"https:\/\/favorite-news.com\/pl\/wp-json\/wp\/v2\/tags?post=4719"}],"curies":[{"name":"wp","href":"https:\/\/api.w.org\/{rel}","templated":true}]}}