{"id":4713,"date":"2019-09-19T05:54:04","date_gmt":"2019-09-19T02:54:04","guid":{"rendered":"https:\/\/favorite-news.com\/pl\/biedronka-z-kolejna-edycja-kampanii-kromka-chleba-dla-sasiada\/"},"modified":"2019-09-19T05:54:05","modified_gmt":"2019-09-19T02:54:05","slug":"biedronka-z-kolejna-edycja-kampanii-kromka-chleba-dla-sasiada","status":"publish","type":"post","link":"https:\/\/favorite-news.com\/pl\/biedronka-z-kolejna-edycja-kampanii-kromka-chleba-dla-sasiada\/","title":{"rendered":"Biedronka z kolejn\u0105 edycj\u0105 kampanii \u201eKromka chleba dla s\u0105siada\u201d"},"content":{"rendered":"<p>Program \u201eKromka Chleba dla S\u0105siada\u201d ma na celu nie tylko bezpo\u015bredni\u0105 pomoc ubogim, lecz tak\u017ce uwra\u017cliwienie spo\u0142ecze\u0144stwa na los potrzebuj\u0105cych. Biedronka oraz Caritas Polska zach\u0119caj\u0105 Polak\u00f3w, by zwr\u00f3cili uwag\u0119 na osoby starsze, samotne, \u017cyj\u0105ce w najbli\u017cszym s\u0105siedztwie.&#13;<br \/>\n&#13;<br \/>\nKampania \u201eKromka chleba dla s\u0105siada\u201d polega nie tylko na symbolicznym dzieleniu si\u0119 chlebem w postaci paczek \u017cywno\u015bciowych.&#13;<br \/>\n&#13;<br \/>\nW ramach akcji do 22 wrze\u015bnia br. diecezjalne Caritas organizuj\u0105 wsp\u00f3lne wypiekanie chleba oraz dzielenie si\u0119 nim w parafiach i na rynkach miast.&#13;<br \/>\n&#13;<br \/>\nPodczas ubieg\u0142orocznej edycji akcji uda\u0142o si\u0119 zebra\u0107 \u0142\u0105cznie 591 ton \u017cywno\u015bci na rzecz potrzebuj\u0105cych.&#13;<br \/>\n&#13;<br \/>\nKulminacyjnym momentem akcji \u201eKromka chleba dla s\u0105siada\u201d b\u0119dzie zbi\u00f3rka \u017cywno\u015bci, kt\u00f3ra odb\u0119dzie si\u0119 w dniach 20-21 wrze\u015bnia br. w 728 sklepach Biedronka. Zebrana \u017cywno\u015b\u0107 i artyku\u0142y pierwszej potrzeby zostan\u0105 przekazane najbardziej potrzebuj\u0105cym osobom przez Parafialne Zespo\u0142y Caritas w ca\u0142ej Polsce. W ubieg\u0142ym roku dzi\u0119ki tej kampanii oraz regularnym zbi\u00f3rkom \u017cywno\u015bci w sklepach Biedronka pomoc uzyska\u0142o ok. 65 000 os\u00f3b.&#13;<br \/>\n&#13;<br \/>\n\u00a0&#13;<br \/>\n                            &#13;<br \/>\n&#13;<br \/>\n                            &#13;<br \/>\n&#13;<br \/>\n&#13;<br \/>\n&#13;<br \/>\n&#13;<br \/>\n&#13;<br \/>\n                            &#13;<br \/>\n                                                            &#13;<br \/>\n&#13;<br \/>\n                            &#13;<\/p>\n<p>\n<!--noindex--><br \/>\n<a href=\"https:\/\/www.wirtualnemedia.pl\/artykul\/biedronka-z-kolejna-edycja-kampanii-kromka-chleba-dla-sasiada\" rel=\"nofollow\">Source link <\/a><br \/>\n<!--\/noindex--><\/p>\n","protected":false},"excerpt":{"rendered":"<p>Program \u201eKromka Chleba dla S\u0105siada\u201d ma na celu nie tylko bezpo\u015bredni\u0105 pomoc ubogim, lecz tak\u017ce uwra\u017cliwienie spo\u0142ecze\u0144stwa na los potrzebuj\u0105cych. Biedronka oraz Caritas Polska zach\u0119caj\u0105 Polak\u00f3w, by zwr\u00f3cili uwag\u0119 na osoby starsze, samotne, \u017cyj\u0105ce w najbli\u017cszym s\u0105siedztwie.&#13; &#13; Kampania \u201eKromka chleba dla s\u0105siada\u201d polega nie tylko na symbolicznym dzieleniu si\u0119 chlebem w postaci paczek \u017cywno\u015bciowych.&#13; [&hellip;]<\/p>\n","protected":false},"author":2,"featured_media":4714,"comment_status":"open","ping_status":"open","sticky":false,"template":"","format":"standard","meta":{"footnotes":""},"categories":[2],"tags":[],"class_list":["post-4713","post","type-post","status-publish","format-standard","has-post-thumbnail","hentry","category-wiadomosci-marketingowe-internetowe"],"yoast_head":"<!-- This site is optimized with the Yoast SEO plugin v27.4 - https:\/\/yoast.com\/product\/yoast-seo-wordpress\/ -->\n<title>Biedronka z kolejn\u0105 edycj\u0105 kampanii \u201eKromka chleba dla s\u0105siada\u201d - Favorite News<\/title>\n<meta name=\"robots\" content=\"index, follow, max-snippet:-1, max-image-preview:large, max-video-preview:-1\" \/>\n<link rel=\"canonical\" href=\"https:\/\/favorite-news.com\/pl\/biedronka-z-kolejna-edycja-kampanii-kromka-chleba-dla-sasiada\/\" \/>\n<meta property=\"og:locale\" content=\"pl_PL\" \/>\n<meta property=\"og:type\" content=\"article\" \/>\n<meta property=\"og:title\" content=\"Biedronka z kolejn\u0105 edycj\u0105 kampanii \u201eKromka chleba dla s\u0105siada\u201d - Favorite News\" \/>\n<meta property=\"og:description\" content=\"Program \u201eKromka Chleba dla S\u0105siada\u201d ma na celu nie tylko bezpo\u015bredni\u0105 pomoc ubogim, lecz tak\u017ce uwra\u017cliwienie spo\u0142ecze\u0144stwa na los potrzebuj\u0105cych. Biedronka oraz Caritas Polska zach\u0119caj\u0105 Polak\u00f3w, by zwr\u00f3cili uwag\u0119 na osoby starsze, samotne, \u017cyj\u0105ce w najbli\u017cszym s\u0105siedztwie.&#013; &#013; Kampania \u201eKromka chleba dla s\u0105siada\u201d polega nie tylko na symbolicznym dzieleniu si\u0119 chlebem w postaci paczek \u017cywno\u015bciowych.&#013; [&hellip;]\" \/>\n<meta property=\"og:url\" content=\"https:\/\/favorite-news.com\/pl\/biedronka-z-kolejna-edycja-kampanii-kromka-chleba-dla-sasiada\/\" \/>\n<meta property=\"og:site_name\" content=\"Favorite News\" \/>\n<meta property=\"article:published_time\" content=\"2019-09-19T02:54:04+00:00\" \/>\n<meta property=\"article:modified_time\" content=\"2019-09-19T02:54:05+00:00\" \/>\n<meta property=\"og:image\" content=\"https:\/\/favorite-news.com\/pl\/wp-content\/uploads\/sites\/6\/2019\/09\/Biedronka-z-kolejn\u0105-edycj\u0105-kampanii-\u201eKromka-chleba-dla-s\u0105siada\u201d.jpg\" \/>\n\t<meta property=\"og:image:width\" content=\"655\" \/>\n\t<meta property=\"og:image:height\" content=\"912\" \/>\n\t<meta property=\"og:image:type\" content=\"image\/jpeg\" \/>\n<meta name=\"author\" content=\"favorite-news\" \/>\n<meta name=\"twitter:card\" content=\"summary_large_image\" \/>\n<meta name=\"twitter:label1\" content=\"Napisane przez\" \/>\n\t<meta name=\"twitter:data1\" content=\"favorite-news\" \/>\n\t<meta name=\"twitter:label2\" content=\"Szacowany czas czytania\" \/>\n\t<meta name=\"twitter:data2\" content=\"1 minuta\" \/>\n<script type=\"application\/ld+json\" class=\"yoast-schema-graph\">{\"@context\":\"https:\\\/\\\/schema.org\",\"@graph\":[{\"@type\":\"Article\",\"@id\":\"https:\\\/\\\/favorite-news.com\\\/pl\\\/biedronka-z-kolejna-edycja-kampanii-kromka-chleba-dla-sasiada\\\/#article\",\"isPartOf\":{\"@id\":\"https:\\\/\\\/favorite-news.com\\\/pl\\\/biedronka-z-kolejna-edycja-kampanii-kromka-chleba-dla-sasiada\\\/\"},\"author\":{\"name\":\"favorite-news\",\"@id\":\"https:\\\/\\\/favorite-news.com\\\/pl\\\/#\\\/schema\\\/person\\\/b91573b717dcfa5e4696032a9d28d3e8\"},\"headline\":\"Biedronka z kolejn\u0105 edycj\u0105 kampanii \u201eKromka chleba dla s\u0105siada\u201d\",\"datePublished\":\"2019-09-19T02:54:04+00:00\",\"dateModified\":\"2019-09-19T02:54:05+00:00\",\"mainEntityOfPage\":{\"@id\":\"https:\\\/\\\/favorite-news.com\\\/pl\\\/biedronka-z-kolejna-edycja-kampanii-kromka-chleba-dla-sasiada\\\/\"},\"wordCount\":195,\"commentCount\":0,\"image\":{\"@id\":\"https:\\\/\\\/favorite-news.com\\\/pl\\\/biedronka-z-kolejna-edycja-kampanii-kromka-chleba-dla-sasiada\\\/#primaryimage\"},\"thumbnailUrl\":\"https:\\\/\\\/favorite-news.com\\\/pl\\\/wp-content\\\/uploads\\\/sites\\\/6\\\/2019\\\/09\\\/Biedronka-z-kolejn\u0105-edycj\u0105-kampanii-\u201eKromka-chleba-dla-s\u0105siada\u201d.jpg\",\"articleSection\":[\"WIADOMO\u015aCI MARKETINGOWE INTERNETOWE\"],\"inLanguage\":\"pl-PL\",\"potentialAction\":[{\"@type\":\"CommentAction\",\"name\":\"Comment\",\"target\":[\"https:\\\/\\\/favorite-news.com\\\/pl\\\/biedronka-z-kolejna-edycja-kampanii-kromka-chleba-dla-sasiada\\\/#respond\"]}]},{\"@type\":\"WebPage\",\"@id\":\"https:\\\/\\\/favorite-news.com\\\/pl\\\/biedronka-z-kolejna-edycja-kampanii-kromka-chleba-dla-sasiada\\\/\",\"url\":\"https:\\\/\\\/favorite-news.com\\\/pl\\\/biedronka-z-kolejna-edycja-kampanii-kromka-chleba-dla-sasiada\\\/\",\"name\":\"Biedronka z kolejn\u0105 edycj\u0105 kampanii \u201eKromka chleba dla s\u0105siada\u201d - Favorite News\",\"isPartOf\":{\"@id\":\"https:\\\/\\\/favorite-news.com\\\/pl\\\/#website\"},\"primaryImageOfPage\":{\"@id\":\"https:\\\/\\\/favorite-news.com\\\/pl\\\/biedronka-z-kolejna-edycja-kampanii-kromka-chleba-dla-sasiada\\\/#primaryimage\"},\"image\":{\"@id\":\"https:\\\/\\\/favorite-news.com\\\/pl\\\/biedronka-z-kolejna-edycja-kampanii-kromka-chleba-dla-sasiada\\\/#primaryimage\"},\"thumbnailUrl\":\"https:\\\/\\\/favorite-news.com\\\/pl\\\/wp-content\\\/uploads\\\/sites\\\/6\\\/2019\\\/09\\\/Biedronka-z-kolejn\u0105-edycj\u0105-kampanii-\u201eKromka-chleba-dla-s\u0105siada\u201d.jpg\",\"datePublished\":\"2019-09-19T02:54:04+00:00\",\"dateModified\":\"2019-09-19T02:54:05+00:00\",\"author\":{\"@id\":\"https:\\\/\\\/favorite-news.com\\\/pl\\\/#\\\/schema\\\/person\\\/b91573b717dcfa5e4696032a9d28d3e8\"},\"breadcrumb\":{\"@id\":\"https:\\\/\\\/favorite-news.com\\\/pl\\\/biedronka-z-kolejna-edycja-kampanii-kromka-chleba-dla-sasiada\\\/#breadcrumb\"},\"inLanguage\":\"pl-PL\",\"potentialAction\":[{\"@type\":\"ReadAction\",\"target\":[\"https:\\\/\\\/favorite-news.com\\\/pl\\\/biedronka-z-kolejna-edycja-kampanii-kromka-chleba-dla-sasiada\\\/\"]}]},{\"@type\":\"ImageObject\",\"inLanguage\":\"pl-PL\",\"@id\":\"https:\\\/\\\/favorite-news.com\\\/pl\\\/biedronka-z-kolejna-edycja-kampanii-kromka-chleba-dla-sasiada\\\/#primaryimage\",\"url\":\"https:\\\/\\\/favorite-news.com\\\/pl\\\/wp-content\\\/uploads\\\/sites\\\/6\\\/2019\\\/09\\\/Biedronka-z-kolejn\u0105-edycj\u0105-kampanii-\u201eKromka-chleba-dla-s\u0105siada\u201d.jpg\",\"contentUrl\":\"https:\\\/\\\/favorite-news.com\\\/pl\\\/wp-content\\\/uploads\\\/sites\\\/6\\\/2019\\\/09\\\/Biedronka-z-kolejn\u0105-edycj\u0105-kampanii-\u201eKromka-chleba-dla-s\u0105siada\u201d.jpg\",\"width\":655,\"height\":912,\"caption\":\"Article\"},{\"@type\":\"BreadcrumbList\",\"@id\":\"https:\\\/\\\/favorite-news.com\\\/pl\\\/biedronka-z-kolejna-edycja-kampanii-kromka-chleba-dla-sasiada\\\/#breadcrumb\",\"itemListElement\":[{\"@type\":\"ListItem\",\"position\":1,\"name\":\"Home\",\"item\":\"https:\\\/\\\/favorite-news.com\\\/pl\\\/\"},{\"@type\":\"ListItem\",\"position\":2,\"name\":\"Biedronka z kolejn\u0105 edycj\u0105 kampanii \u201eKromka chleba dla s\u0105siada\u201d\"}]},{\"@type\":\"WebSite\",\"@id\":\"https:\\\/\\\/favorite-news.com\\\/pl\\\/#website\",\"url\":\"https:\\\/\\\/favorite-news.com\\\/pl\\\/\",\"name\":\"Favorite News\",\"description\":\"Favorite News Polska\",\"potentialAction\":[{\"@type\":\"SearchAction\",\"target\":{\"@type\":\"EntryPoint\",\"urlTemplate\":\"https:\\\/\\\/favorite-news.com\\\/pl\\\/?s={search_term_string}\"},\"query-input\":{\"@type\":\"PropertyValueSpecification\",\"valueRequired\":true,\"valueName\":\"search_term_string\"}}],\"inLanguage\":\"pl-PL\"},{\"@type\":\"Person\",\"@id\":\"https:\\\/\\\/favorite-news.com\\\/pl\\\/#\\\/schema\\\/person\\\/b91573b717dcfa5e4696032a9d28d3e8\",\"name\":\"favorite-news\",\"image\":{\"@type\":\"ImageObject\",\"inLanguage\":\"pl-PL\",\"@id\":\"https:\\\/\\\/secure.gravatar.com\\\/avatar\\\/6c5a5cb12b74e9d517ee91cf570335b7d16177f1977cc91db161adfa435945a7?s=96&d=mm&r=g\",\"url\":\"https:\\\/\\\/secure.gravatar.com\\\/avatar\\\/6c5a5cb12b74e9d517ee91cf570335b7d16177f1977cc91db161adfa435945a7?s=96&d=mm&r=g\",\"contentUrl\":\"https:\\\/\\\/secure.gravatar.com\\\/avatar\\\/6c5a5cb12b74e9d517ee91cf570335b7d16177f1977cc91db161adfa435945a7?s=96&d=mm&r=g\",\"caption\":\"favorite-news\"},\"url\":\"https:\\\/\\\/favorite-news.com\\\/pl\\\/author\\\/pt\\\/\"}]}<\/script>\n<!-- \/ Yoast SEO plugin. -->","yoast_head_json":{"title":"Biedronka z kolejn\u0105 edycj\u0105 kampanii \u201eKromka chleba dla s\u0105siada\u201d - Favorite News","robots":{"index":"index","follow":"follow","max-snippet":"max-snippet:-1","max-image-preview":"max-image-preview:large","max-video-preview":"max-video-preview:-1"},"canonical":"https:\/\/favorite-news.com\/pl\/biedronka-z-kolejna-edycja-kampanii-kromka-chleba-dla-sasiada\/","og_locale":"pl_PL","og_type":"article","og_title":"Biedronka z kolejn\u0105 edycj\u0105 kampanii \u201eKromka chleba dla s\u0105siada\u201d - Favorite News","og_description":"Program \u201eKromka Chleba dla S\u0105siada\u201d ma na celu nie tylko bezpo\u015bredni\u0105 pomoc ubogim, lecz tak\u017ce uwra\u017cliwienie spo\u0142ecze\u0144stwa na los potrzebuj\u0105cych. Biedronka oraz Caritas Polska zach\u0119caj\u0105 Polak\u00f3w, by zwr\u00f3cili uwag\u0119 na osoby starsze, samotne, \u017cyj\u0105ce w najbli\u017cszym s\u0105siedztwie.&#13; &#13; Kampania \u201eKromka chleba dla s\u0105siada\u201d polega nie tylko na symbolicznym dzieleniu si\u0119 chlebem w postaci paczek \u017cywno\u015bciowych.&#13; [&hellip;]","og_url":"https:\/\/favorite-news.com\/pl\/biedronka-z-kolejna-edycja-kampanii-kromka-chleba-dla-sasiada\/","og_site_name":"Favorite News","article_published_time":"2019-09-19T02:54:04+00:00","article_modified_time":"2019-09-19T02:54:05+00:00","og_image":[{"width":655,"height":912,"url":"https:\/\/favorite-news.com\/pl\/wp-content\/uploads\/sites\/6\/2019\/09\/Biedronka-z-kolejn\u0105-edycj\u0105-kampanii-\u201eKromka-chleba-dla-s\u0105siada\u201d.jpg","type":"image\/jpeg"}],"author":"favorite-news","twitter_card":"summary_large_image","twitter_misc":{"Napisane przez":"favorite-news","Szacowany czas czytania":"1 minuta"},"schema":{"@context":"https:\/\/schema.org","@graph":[{"@type":"Article","@id":"https:\/\/favorite-news.com\/pl\/biedronka-z-kolejna-edycja-kampanii-kromka-chleba-dla-sasiada\/#article","isPartOf":{"@id":"https:\/\/favorite-news.com\/pl\/biedronka-z-kolejna-edycja-kampanii-kromka-chleba-dla-sasiada\/"},"author":{"name":"favorite-news","@id":"https:\/\/favorite-news.com\/pl\/#\/schema\/person\/b91573b717dcfa5e4696032a9d28d3e8"},"headline":"Biedronka z kolejn\u0105 edycj\u0105 kampanii \u201eKromka chleba dla s\u0105siada\u201d","datePublished":"2019-09-19T02:54:04+00:00","dateModified":"2019-09-19T02:54:05+00:00","mainEntityOfPage":{"@id":"https:\/\/favorite-news.com\/pl\/biedronka-z-kolejna-edycja-kampanii-kromka-chleba-dla-sasiada\/"},"wordCount":195,"commentCount":0,"image":{"@id":"https:\/\/favorite-news.com\/pl\/biedronka-z-kolejna-edycja-kampanii-kromka-chleba-dla-sasiada\/#primaryimage"},"thumbnailUrl":"https:\/\/favorite-news.com\/pl\/wp-content\/uploads\/sites\/6\/2019\/09\/Biedronka-z-kolejn\u0105-edycj\u0105-kampanii-\u201eKromka-chleba-dla-s\u0105siada\u201d.jpg","articleSection":["WIADOMO\u015aCI MARKETINGOWE INTERNETOWE"],"inLanguage":"pl-PL","potentialAction":[{"@type":"CommentAction","name":"Comment","target":["https:\/\/favorite-news.com\/pl\/biedronka-z-kolejna-edycja-kampanii-kromka-chleba-dla-sasiada\/#respond"]}]},{"@type":"WebPage","@id":"https:\/\/favorite-news.com\/pl\/biedronka-z-kolejna-edycja-kampanii-kromka-chleba-dla-sasiada\/","url":"https:\/\/favorite-news.com\/pl\/biedronka-z-kolejna-edycja-kampanii-kromka-chleba-dla-sasiada\/","name":"Biedronka z kolejn\u0105 edycj\u0105 kampanii \u201eKromka chleba dla s\u0105siada\u201d - Favorite News","isPartOf":{"@id":"https:\/\/favorite-news.com\/pl\/#website"},"primaryImageOfPage":{"@id":"https:\/\/favorite-news.com\/pl\/biedronka-z-kolejna-edycja-kampanii-kromka-chleba-dla-sasiada\/#primaryimage"},"image":{"@id":"https:\/\/favorite-news.com\/pl\/biedronka-z-kolejna-edycja-kampanii-kromka-chleba-dla-sasiada\/#primaryimage"},"thumbnailUrl":"https:\/\/favorite-news.com\/pl\/wp-content\/uploads\/sites\/6\/2019\/09\/Biedronka-z-kolejn\u0105-edycj\u0105-kampanii-\u201eKromka-chleba-dla-s\u0105siada\u201d.jpg","datePublished":"2019-09-19T02:54:04+00:00","dateModified":"2019-09-19T02:54:05+00:00","author":{"@id":"https:\/\/favorite-news.com\/pl\/#\/schema\/person\/b91573b717dcfa5e4696032a9d28d3e8"},"breadcrumb":{"@id":"https:\/\/favorite-news.com\/pl\/biedronka-z-kolejna-edycja-kampanii-kromka-chleba-dla-sasiada\/#breadcrumb"},"inLanguage":"pl-PL","potentialAction":[{"@type":"ReadAction","target":["https:\/\/favorite-news.com\/pl\/biedronka-z-kolejna-edycja-kampanii-kromka-chleba-dla-sasiada\/"]}]},{"@type":"ImageObject","inLanguage":"pl-PL","@id":"https:\/\/favorite-news.com\/pl\/biedronka-z-kolejna-edycja-kampanii-kromka-chleba-dla-sasiada\/#primaryimage","url":"https:\/\/favorite-news.com\/pl\/wp-content\/uploads\/sites\/6\/2019\/09\/Biedronka-z-kolejn\u0105-edycj\u0105-kampanii-\u201eKromka-chleba-dla-s\u0105siada\u201d.jpg","contentUrl":"https:\/\/favorite-news.com\/pl\/wp-content\/uploads\/sites\/6\/2019\/09\/Biedronka-z-kolejn\u0105-edycj\u0105-kampanii-\u201eKromka-chleba-dla-s\u0105siada\u201d.jpg","width":655,"height":912,"caption":"Article"},{"@type":"BreadcrumbList","@id":"https:\/\/favorite-news.com\/pl\/biedronka-z-kolejna-edycja-kampanii-kromka-chleba-dla-sasiada\/#breadcrumb","itemListElement":[{"@type":"ListItem","position":1,"name":"Home","item":"https:\/\/favorite-news.com\/pl\/"},{"@type":"ListItem","position":2,"name":"Biedronka z kolejn\u0105 edycj\u0105 kampanii \u201eKromka chleba dla s\u0105siada\u201d"}]},{"@type":"WebSite","@id":"https:\/\/favorite-news.com\/pl\/#website","url":"https:\/\/favorite-news.com\/pl\/","name":"Favorite News","description":"Favorite News Polska","potentialAction":[{"@type":"SearchAction","target":{"@type":"EntryPoint","urlTemplate":"https:\/\/favorite-news.com\/pl\/?s={search_term_string}"},"query-input":{"@type":"PropertyValueSpecification","valueRequired":true,"valueName":"search_term_string"}}],"inLanguage":"pl-PL"},{"@type":"Person","@id":"https:\/\/favorite-news.com\/pl\/#\/schema\/person\/b91573b717dcfa5e4696032a9d28d3e8","name":"favorite-news","image":{"@type":"ImageObject","inLanguage":"pl-PL","@id":"https:\/\/secure.gravatar.com\/avatar\/6c5a5cb12b74e9d517ee91cf570335b7d16177f1977cc91db161adfa435945a7?s=96&d=mm&r=g","url":"https:\/\/secure.gravatar.com\/avatar\/6c5a5cb12b74e9d517ee91cf570335b7d16177f1977cc91db161adfa435945a7?s=96&d=mm&r=g","contentUrl":"https:\/\/secure.gravatar.com\/avatar\/6c5a5cb12b74e9d517ee91cf570335b7d16177f1977cc91db161adfa435945a7?s=96&d=mm&r=g","caption":"favorite-news"},"url":"https:\/\/favorite-news.com\/pl\/author\/pt\/"}]}},"_links":{"self":[{"href":"https:\/\/favorite-news.com\/pl\/wp-json\/wp\/v2\/posts\/4713","targetHints":{"allow":["GET"]}}],"collection":[{"href":"https:\/\/favorite-news.com\/pl\/wp-json\/wp\/v2\/posts"}],"about":[{"href":"https:\/\/favorite-news.com\/pl\/wp-json\/wp\/v2\/types\/post"}],"author":[{"embeddable":true,"href":"https:\/\/favorite-news.com\/pl\/wp-json\/wp\/v2\/users\/2"}],"replies":[{"embeddable":true,"href":"https:\/\/favorite-news.com\/pl\/wp-json\/wp\/v2\/comments?post=4713"}],"version-history":[{"count":1,"href":"https:\/\/favorite-news.com\/pl\/wp-json\/wp\/v2\/posts\/4713\/revisions"}],"predecessor-version":[{"id":4715,"href":"https:\/\/favorite-news.com\/pl\/wp-json\/wp\/v2\/posts\/4713\/revisions\/4715"}],"wp:featuredmedia":[{"embeddable":true,"href":"https:\/\/favorite-news.com\/pl\/wp-json\/wp\/v2\/media\/4714"}],"wp:attachment":[{"href":"https:\/\/favorite-news.com\/pl\/wp-json\/wp\/v2\/media?parent=4713"}],"wp:term":[{"taxonomy":"category","embeddable":true,"href":"https:\/\/favorite-news.com\/pl\/wp-json\/wp\/v2\/categories?post=4713"},{"taxonomy":"post_tag","embeddable":true,"href":"https:\/\/favorite-news.com\/pl\/wp-json\/wp\/v2\/tags?post=4713"}],"curies":[{"name":"wp","href":"https:\/\/api.w.org\/{rel}","templated":true}]}}