{"id":4710,"date":"2019-09-19T04:34:21","date_gmt":"2019-09-19T01:34:21","guid":{"rendered":"https:\/\/favorite-news.com\/pl\/pilot-lukasz-czepiela-w-kampanii-porsche-macan\/"},"modified":"2019-09-19T04:34:22","modified_gmt":"2019-09-19T01:34:22","slug":"pilot-lukasz-czepiela-w-kampanii-porsche-macan","status":"publish","type":"post","link":"https:\/\/favorite-news.com\/pl\/pilot-lukasz-czepiela-w-kampanii-porsche-macan\/","title":{"rendered":"Pilot \u0141ukasz Czepiela w kampanii Porsche Macan"},"content":{"rendered":"<p>Porsche w kampanii &#8222;Oderwij si\u0119&#8221; zach\u0119ca do wymykania si\u0119 rutynie dnia codziennego i szukania w swoim \u017cyciu przestrzeni na rzeczy niezwyk\u0142e i pasjonuj\u0105ce.&#13;<br \/>\n&#13;<br \/>\nWszystkie materia\u0142y powsta\u0142y podczas sesji zdj\u0119ciowej (fot. Tomasz Olszowski, Shootme Visual Artists), kt\u00f3ra odby\u0142a si\u0119 w Tatrach Wysokich. Kampania obejmuje reklamy prasowe, no\u015bniki zewn\u0119trzne, social media, display oraz projekt landing page.&#13;<br \/>\n&#13;<br \/>\nKampania zosta\u0142a przygotowana przez agencj\u0119 DDB Warszawa przy wsp\u00f3\u0142pracy z Shootme Visual Artists.&#13;<br \/>\n                            &#13;<br \/>\n&#13;<br \/>\n                            &#13;<br \/>\n&#13;<br \/>\n&#13;<br \/>\n&#13;<br \/>\n&#13;<br \/>\n&#13;<br \/>\n                            &#13;<br \/>\n                                                            &#13;<br \/>\n&#13;<br \/>\n                            &#13;<\/p>\n<p>\n<!--noindex--><br \/>\n<a href=\"https:\/\/www.wirtualnemedia.pl\/artykul\/pilot-lukasz-czepiela-w-kampanii-porsche-macan\" rel=\"nofollow\">Source link <\/a><br \/>\n<!--\/noindex--><\/p>\n","protected":false},"excerpt":{"rendered":"<p>Porsche w kampanii &#8222;Oderwij si\u0119&#8221; zach\u0119ca do wymykania si\u0119 rutynie dnia codziennego i szukania w swoim \u017cyciu przestrzeni na rzeczy niezwyk\u0142e i pasjonuj\u0105ce.&#13; &#13; Wszystkie materia\u0142y powsta\u0142y podczas sesji zdj\u0119ciowej (fot. Tomasz Olszowski, Shootme Visual Artists), kt\u00f3ra odby\u0142a si\u0119 w Tatrach Wysokich. Kampania obejmuje reklamy prasowe, no\u015bniki zewn\u0119trzne, social media, display oraz projekt landing page.&#13; [&hellip;]<\/p>\n","protected":false},"author":2,"featured_media":4711,"comment_status":"open","ping_status":"open","sticky":false,"template":"","format":"standard","meta":{"footnotes":""},"categories":[2],"tags":[],"class_list":["post-4710","post","type-post","status-publish","format-standard","has-post-thumbnail","hentry","category-wiadomosci-marketingowe-internetowe"],"yoast_head":"<!-- This site is optimized with the Yoast SEO plugin v27.4 - https:\/\/yoast.com\/product\/yoast-seo-wordpress\/ -->\n<title>Pilot \u0141ukasz Czepiela w kampanii Porsche Macan - Favorite News<\/title>\n<meta name=\"robots\" content=\"index, follow, max-snippet:-1, max-image-preview:large, max-video-preview:-1\" \/>\n<link rel=\"canonical\" href=\"https:\/\/favorite-news.com\/pl\/pilot-lukasz-czepiela-w-kampanii-porsche-macan\/\" \/>\n<meta property=\"og:locale\" content=\"pl_PL\" \/>\n<meta property=\"og:type\" content=\"article\" \/>\n<meta property=\"og:title\" content=\"Pilot \u0141ukasz Czepiela w kampanii Porsche Macan - Favorite News\" \/>\n<meta property=\"og:description\" content=\"Porsche w kampanii &#8222;Oderwij si\u0119&#8221; zach\u0119ca do wymykania si\u0119 rutynie dnia codziennego i szukania w swoim \u017cyciu przestrzeni na rzeczy niezwyk\u0142e i pasjonuj\u0105ce.&#013; &#013; Wszystkie materia\u0142y powsta\u0142y podczas sesji zdj\u0119ciowej (fot. Tomasz Olszowski, Shootme Visual Artists), kt\u00f3ra odby\u0142a si\u0119 w Tatrach Wysokich. Kampania obejmuje reklamy prasowe, no\u015bniki zewn\u0119trzne, social media, display oraz projekt landing page.&#013; [&hellip;]\" \/>\n<meta property=\"og:url\" content=\"https:\/\/favorite-news.com\/pl\/pilot-lukasz-czepiela-w-kampanii-porsche-macan\/\" \/>\n<meta property=\"og:site_name\" content=\"Favorite News\" \/>\n<meta property=\"article:published_time\" content=\"2019-09-19T01:34:21+00:00\" \/>\n<meta property=\"article:modified_time\" content=\"2019-09-19T01:34:22+00:00\" \/>\n<meta property=\"og:image\" content=\"https:\/\/favorite-news.com\/pl\/wp-content\/uploads\/sites\/6\/2019\/09\/Pilot-\u0141ukasz-Czepiela-w-kampanii-Porsche-Macan.jpg\" \/>\n\t<meta property=\"og:image:width\" content=\"655\" \/>\n\t<meta property=\"og:image:height\" content=\"368\" \/>\n\t<meta property=\"og:image:type\" content=\"image\/jpeg\" \/>\n<meta name=\"author\" content=\"favorite-news\" \/>\n<meta name=\"twitter:card\" content=\"summary_large_image\" \/>\n<meta name=\"twitter:label1\" content=\"Napisane przez\" \/>\n\t<meta name=\"twitter:data1\" content=\"favorite-news\" \/>\n<script type=\"application\/ld+json\" class=\"yoast-schema-graph\">{\"@context\":\"https:\\\/\\\/schema.org\",\"@graph\":[{\"@type\":\"Article\",\"@id\":\"https:\\\/\\\/favorite-news.com\\\/pl\\\/pilot-lukasz-czepiela-w-kampanii-porsche-macan\\\/#article\",\"isPartOf\":{\"@id\":\"https:\\\/\\\/favorite-news.com\\\/pl\\\/pilot-lukasz-czepiela-w-kampanii-porsche-macan\\\/\"},\"author\":{\"name\":\"favorite-news\",\"@id\":\"https:\\\/\\\/favorite-news.com\\\/pl\\\/#\\\/schema\\\/person\\\/b91573b717dcfa5e4696032a9d28d3e8\"},\"headline\":\"Pilot \u0141ukasz Czepiela w kampanii Porsche Macan\",\"datePublished\":\"2019-09-19T01:34:21+00:00\",\"dateModified\":\"2019-09-19T01:34:22+00:00\",\"mainEntityOfPage\":{\"@id\":\"https:\\\/\\\/favorite-news.com\\\/pl\\\/pilot-lukasz-czepiela-w-kampanii-porsche-macan\\\/\"},\"wordCount\":88,\"commentCount\":0,\"image\":{\"@id\":\"https:\\\/\\\/favorite-news.com\\\/pl\\\/pilot-lukasz-czepiela-w-kampanii-porsche-macan\\\/#primaryimage\"},\"thumbnailUrl\":\"https:\\\/\\\/favorite-news.com\\\/pl\\\/wp-content\\\/uploads\\\/sites\\\/6\\\/2019\\\/09\\\/Pilot-\u0141ukasz-Czepiela-w-kampanii-Porsche-Macan.jpg\",\"articleSection\":[\"WIADOMO\u015aCI MARKETINGOWE INTERNETOWE\"],\"inLanguage\":\"pl-PL\",\"potentialAction\":[{\"@type\":\"CommentAction\",\"name\":\"Comment\",\"target\":[\"https:\\\/\\\/favorite-news.com\\\/pl\\\/pilot-lukasz-czepiela-w-kampanii-porsche-macan\\\/#respond\"]}]},{\"@type\":\"WebPage\",\"@id\":\"https:\\\/\\\/favorite-news.com\\\/pl\\\/pilot-lukasz-czepiela-w-kampanii-porsche-macan\\\/\",\"url\":\"https:\\\/\\\/favorite-news.com\\\/pl\\\/pilot-lukasz-czepiela-w-kampanii-porsche-macan\\\/\",\"name\":\"Pilot \u0141ukasz Czepiela w kampanii Porsche Macan - Favorite News\",\"isPartOf\":{\"@id\":\"https:\\\/\\\/favorite-news.com\\\/pl\\\/#website\"},\"primaryImageOfPage\":{\"@id\":\"https:\\\/\\\/favorite-news.com\\\/pl\\\/pilot-lukasz-czepiela-w-kampanii-porsche-macan\\\/#primaryimage\"},\"image\":{\"@id\":\"https:\\\/\\\/favorite-news.com\\\/pl\\\/pilot-lukasz-czepiela-w-kampanii-porsche-macan\\\/#primaryimage\"},\"thumbnailUrl\":\"https:\\\/\\\/favorite-news.com\\\/pl\\\/wp-content\\\/uploads\\\/sites\\\/6\\\/2019\\\/09\\\/Pilot-\u0141ukasz-Czepiela-w-kampanii-Porsche-Macan.jpg\",\"datePublished\":\"2019-09-19T01:34:21+00:00\",\"dateModified\":\"2019-09-19T01:34:22+00:00\",\"author\":{\"@id\":\"https:\\\/\\\/favorite-news.com\\\/pl\\\/#\\\/schema\\\/person\\\/b91573b717dcfa5e4696032a9d28d3e8\"},\"breadcrumb\":{\"@id\":\"https:\\\/\\\/favorite-news.com\\\/pl\\\/pilot-lukasz-czepiela-w-kampanii-porsche-macan\\\/#breadcrumb\"},\"inLanguage\":\"pl-PL\",\"potentialAction\":[{\"@type\":\"ReadAction\",\"target\":[\"https:\\\/\\\/favorite-news.com\\\/pl\\\/pilot-lukasz-czepiela-w-kampanii-porsche-macan\\\/\"]}]},{\"@type\":\"ImageObject\",\"inLanguage\":\"pl-PL\",\"@id\":\"https:\\\/\\\/favorite-news.com\\\/pl\\\/pilot-lukasz-czepiela-w-kampanii-porsche-macan\\\/#primaryimage\",\"url\":\"https:\\\/\\\/favorite-news.com\\\/pl\\\/wp-content\\\/uploads\\\/sites\\\/6\\\/2019\\\/09\\\/Pilot-\u0141ukasz-Czepiela-w-kampanii-Porsche-Macan.jpg\",\"contentUrl\":\"https:\\\/\\\/favorite-news.com\\\/pl\\\/wp-content\\\/uploads\\\/sites\\\/6\\\/2019\\\/09\\\/Pilot-\u0141ukasz-Czepiela-w-kampanii-Porsche-Macan.jpg\",\"width\":655,\"height\":368,\"caption\":\"Article\"},{\"@type\":\"BreadcrumbList\",\"@id\":\"https:\\\/\\\/favorite-news.com\\\/pl\\\/pilot-lukasz-czepiela-w-kampanii-porsche-macan\\\/#breadcrumb\",\"itemListElement\":[{\"@type\":\"ListItem\",\"position\":1,\"name\":\"Home\",\"item\":\"https:\\\/\\\/favorite-news.com\\\/pl\\\/\"},{\"@type\":\"ListItem\",\"position\":2,\"name\":\"Pilot \u0141ukasz Czepiela w kampanii Porsche Macan\"}]},{\"@type\":\"WebSite\",\"@id\":\"https:\\\/\\\/favorite-news.com\\\/pl\\\/#website\",\"url\":\"https:\\\/\\\/favorite-news.com\\\/pl\\\/\",\"name\":\"Favorite News\",\"description\":\"Favorite News Polska\",\"potentialAction\":[{\"@type\":\"SearchAction\",\"target\":{\"@type\":\"EntryPoint\",\"urlTemplate\":\"https:\\\/\\\/favorite-news.com\\\/pl\\\/?s={search_term_string}\"},\"query-input\":{\"@type\":\"PropertyValueSpecification\",\"valueRequired\":true,\"valueName\":\"search_term_string\"}}],\"inLanguage\":\"pl-PL\"},{\"@type\":\"Person\",\"@id\":\"https:\\\/\\\/favorite-news.com\\\/pl\\\/#\\\/schema\\\/person\\\/b91573b717dcfa5e4696032a9d28d3e8\",\"name\":\"favorite-news\",\"image\":{\"@type\":\"ImageObject\",\"inLanguage\":\"pl-PL\",\"@id\":\"https:\\\/\\\/secure.gravatar.com\\\/avatar\\\/6c5a5cb12b74e9d517ee91cf570335b7d16177f1977cc91db161adfa435945a7?s=96&d=mm&r=g\",\"url\":\"https:\\\/\\\/secure.gravatar.com\\\/avatar\\\/6c5a5cb12b74e9d517ee91cf570335b7d16177f1977cc91db161adfa435945a7?s=96&d=mm&r=g\",\"contentUrl\":\"https:\\\/\\\/secure.gravatar.com\\\/avatar\\\/6c5a5cb12b74e9d517ee91cf570335b7d16177f1977cc91db161adfa435945a7?s=96&d=mm&r=g\",\"caption\":\"favorite-news\"},\"url\":\"https:\\\/\\\/favorite-news.com\\\/pl\\\/author\\\/pt\\\/\"}]}<\/script>\n<!-- \/ Yoast SEO plugin. -->","yoast_head_json":{"title":"Pilot \u0141ukasz Czepiela w kampanii Porsche Macan - Favorite News","robots":{"index":"index","follow":"follow","max-snippet":"max-snippet:-1","max-image-preview":"max-image-preview:large","max-video-preview":"max-video-preview:-1"},"canonical":"https:\/\/favorite-news.com\/pl\/pilot-lukasz-czepiela-w-kampanii-porsche-macan\/","og_locale":"pl_PL","og_type":"article","og_title":"Pilot \u0141ukasz Czepiela w kampanii Porsche Macan - Favorite News","og_description":"Porsche w kampanii &#8222;Oderwij si\u0119&#8221; zach\u0119ca do wymykania si\u0119 rutynie dnia codziennego i szukania w swoim \u017cyciu przestrzeni na rzeczy niezwyk\u0142e i pasjonuj\u0105ce.&#13; &#13; Wszystkie materia\u0142y powsta\u0142y podczas sesji zdj\u0119ciowej (fot. Tomasz Olszowski, Shootme Visual Artists), kt\u00f3ra odby\u0142a si\u0119 w Tatrach Wysokich. Kampania obejmuje reklamy prasowe, no\u015bniki zewn\u0119trzne, social media, display oraz projekt landing page.&#13; [&hellip;]","og_url":"https:\/\/favorite-news.com\/pl\/pilot-lukasz-czepiela-w-kampanii-porsche-macan\/","og_site_name":"Favorite News","article_published_time":"2019-09-19T01:34:21+00:00","article_modified_time":"2019-09-19T01:34:22+00:00","og_image":[{"width":655,"height":368,"url":"https:\/\/favorite-news.com\/pl\/wp-content\/uploads\/sites\/6\/2019\/09\/Pilot-\u0141ukasz-Czepiela-w-kampanii-Porsche-Macan.jpg","type":"image\/jpeg"}],"author":"favorite-news","twitter_card":"summary_large_image","twitter_misc":{"Napisane przez":"favorite-news"},"schema":{"@context":"https:\/\/schema.org","@graph":[{"@type":"Article","@id":"https:\/\/favorite-news.com\/pl\/pilot-lukasz-czepiela-w-kampanii-porsche-macan\/#article","isPartOf":{"@id":"https:\/\/favorite-news.com\/pl\/pilot-lukasz-czepiela-w-kampanii-porsche-macan\/"},"author":{"name":"favorite-news","@id":"https:\/\/favorite-news.com\/pl\/#\/schema\/person\/b91573b717dcfa5e4696032a9d28d3e8"},"headline":"Pilot \u0141ukasz Czepiela w kampanii Porsche Macan","datePublished":"2019-09-19T01:34:21+00:00","dateModified":"2019-09-19T01:34:22+00:00","mainEntityOfPage":{"@id":"https:\/\/favorite-news.com\/pl\/pilot-lukasz-czepiela-w-kampanii-porsche-macan\/"},"wordCount":88,"commentCount":0,"image":{"@id":"https:\/\/favorite-news.com\/pl\/pilot-lukasz-czepiela-w-kampanii-porsche-macan\/#primaryimage"},"thumbnailUrl":"https:\/\/favorite-news.com\/pl\/wp-content\/uploads\/sites\/6\/2019\/09\/Pilot-\u0141ukasz-Czepiela-w-kampanii-Porsche-Macan.jpg","articleSection":["WIADOMO\u015aCI MARKETINGOWE INTERNETOWE"],"inLanguage":"pl-PL","potentialAction":[{"@type":"CommentAction","name":"Comment","target":["https:\/\/favorite-news.com\/pl\/pilot-lukasz-czepiela-w-kampanii-porsche-macan\/#respond"]}]},{"@type":"WebPage","@id":"https:\/\/favorite-news.com\/pl\/pilot-lukasz-czepiela-w-kampanii-porsche-macan\/","url":"https:\/\/favorite-news.com\/pl\/pilot-lukasz-czepiela-w-kampanii-porsche-macan\/","name":"Pilot \u0141ukasz Czepiela w kampanii Porsche Macan - Favorite News","isPartOf":{"@id":"https:\/\/favorite-news.com\/pl\/#website"},"primaryImageOfPage":{"@id":"https:\/\/favorite-news.com\/pl\/pilot-lukasz-czepiela-w-kampanii-porsche-macan\/#primaryimage"},"image":{"@id":"https:\/\/favorite-news.com\/pl\/pilot-lukasz-czepiela-w-kampanii-porsche-macan\/#primaryimage"},"thumbnailUrl":"https:\/\/favorite-news.com\/pl\/wp-content\/uploads\/sites\/6\/2019\/09\/Pilot-\u0141ukasz-Czepiela-w-kampanii-Porsche-Macan.jpg","datePublished":"2019-09-19T01:34:21+00:00","dateModified":"2019-09-19T01:34:22+00:00","author":{"@id":"https:\/\/favorite-news.com\/pl\/#\/schema\/person\/b91573b717dcfa5e4696032a9d28d3e8"},"breadcrumb":{"@id":"https:\/\/favorite-news.com\/pl\/pilot-lukasz-czepiela-w-kampanii-porsche-macan\/#breadcrumb"},"inLanguage":"pl-PL","potentialAction":[{"@type":"ReadAction","target":["https:\/\/favorite-news.com\/pl\/pilot-lukasz-czepiela-w-kampanii-porsche-macan\/"]}]},{"@type":"ImageObject","inLanguage":"pl-PL","@id":"https:\/\/favorite-news.com\/pl\/pilot-lukasz-czepiela-w-kampanii-porsche-macan\/#primaryimage","url":"https:\/\/favorite-news.com\/pl\/wp-content\/uploads\/sites\/6\/2019\/09\/Pilot-\u0141ukasz-Czepiela-w-kampanii-Porsche-Macan.jpg","contentUrl":"https:\/\/favorite-news.com\/pl\/wp-content\/uploads\/sites\/6\/2019\/09\/Pilot-\u0141ukasz-Czepiela-w-kampanii-Porsche-Macan.jpg","width":655,"height":368,"caption":"Article"},{"@type":"BreadcrumbList","@id":"https:\/\/favorite-news.com\/pl\/pilot-lukasz-czepiela-w-kampanii-porsche-macan\/#breadcrumb","itemListElement":[{"@type":"ListItem","position":1,"name":"Home","item":"https:\/\/favorite-news.com\/pl\/"},{"@type":"ListItem","position":2,"name":"Pilot \u0141ukasz Czepiela w kampanii Porsche Macan"}]},{"@type":"WebSite","@id":"https:\/\/favorite-news.com\/pl\/#website","url":"https:\/\/favorite-news.com\/pl\/","name":"Favorite News","description":"Favorite News Polska","potentialAction":[{"@type":"SearchAction","target":{"@type":"EntryPoint","urlTemplate":"https:\/\/favorite-news.com\/pl\/?s={search_term_string}"},"query-input":{"@type":"PropertyValueSpecification","valueRequired":true,"valueName":"search_term_string"}}],"inLanguage":"pl-PL"},{"@type":"Person","@id":"https:\/\/favorite-news.com\/pl\/#\/schema\/person\/b91573b717dcfa5e4696032a9d28d3e8","name":"favorite-news","image":{"@type":"ImageObject","inLanguage":"pl-PL","@id":"https:\/\/secure.gravatar.com\/avatar\/6c5a5cb12b74e9d517ee91cf570335b7d16177f1977cc91db161adfa435945a7?s=96&d=mm&r=g","url":"https:\/\/secure.gravatar.com\/avatar\/6c5a5cb12b74e9d517ee91cf570335b7d16177f1977cc91db161adfa435945a7?s=96&d=mm&r=g","contentUrl":"https:\/\/secure.gravatar.com\/avatar\/6c5a5cb12b74e9d517ee91cf570335b7d16177f1977cc91db161adfa435945a7?s=96&d=mm&r=g","caption":"favorite-news"},"url":"https:\/\/favorite-news.com\/pl\/author\/pt\/"}]}},"_links":{"self":[{"href":"https:\/\/favorite-news.com\/pl\/wp-json\/wp\/v2\/posts\/4710","targetHints":{"allow":["GET"]}}],"collection":[{"href":"https:\/\/favorite-news.com\/pl\/wp-json\/wp\/v2\/posts"}],"about":[{"href":"https:\/\/favorite-news.com\/pl\/wp-json\/wp\/v2\/types\/post"}],"author":[{"embeddable":true,"href":"https:\/\/favorite-news.com\/pl\/wp-json\/wp\/v2\/users\/2"}],"replies":[{"embeddable":true,"href":"https:\/\/favorite-news.com\/pl\/wp-json\/wp\/v2\/comments?post=4710"}],"version-history":[{"count":1,"href":"https:\/\/favorite-news.com\/pl\/wp-json\/wp\/v2\/posts\/4710\/revisions"}],"predecessor-version":[{"id":4712,"href":"https:\/\/favorite-news.com\/pl\/wp-json\/wp\/v2\/posts\/4710\/revisions\/4712"}],"wp:featuredmedia":[{"embeddable":true,"href":"https:\/\/favorite-news.com\/pl\/wp-json\/wp\/v2\/media\/4711"}],"wp:attachment":[{"href":"https:\/\/favorite-news.com\/pl\/wp-json\/wp\/v2\/media?parent=4710"}],"wp:term":[{"taxonomy":"category","embeddable":true,"href":"https:\/\/favorite-news.com\/pl\/wp-json\/wp\/v2\/categories?post=4710"},{"taxonomy":"post_tag","embeddable":true,"href":"https:\/\/favorite-news.com\/pl\/wp-json\/wp\/v2\/tags?post=4710"}],"curies":[{"name":"wp","href":"https:\/\/api.w.org\/{rel}","templated":true}]}}