{"id":4707,"date":"2019-09-19T03:15:30","date_gmt":"2019-09-19T00:15:30","guid":{"rendered":"https:\/\/favorite-news.com\/pl\/radoslaw-wojcik-dyrektor-kreatywny-grupa-arskom\/"},"modified":"2019-09-19T03:15:31","modified_gmt":"2019-09-19T00:15:31","slug":"radoslaw-wojcik-dyrektor-kreatywny-grupa-arskom","status":"publish","type":"post","link":"https:\/\/favorite-news.com\/pl\/radoslaw-wojcik-dyrektor-kreatywny-grupa-arskom\/","title":{"rendered":"Rados\u0142aw W\u00f3jcik dyrektor kreatywny Grupa Arskom"},"content":{"rendered":"<p>Od wrze\u015bnia 2019 roku Grupa Arskom buduje nowe kompetencje zwi\u0105zane z kreacj\u0105 oraz produkcj\u0105 foto i wideo. To efekt po\u0142\u0105czenia ze sp\u00f3\u0142k\u0105 Creathink, kt\u00f3ra od 2012 r. \u015bwiadczy us\u0142ugi w zakresie planowania koncepcji kreatywnych. Dotychczasowy prezes firmy, Rados\u0142aw W\u00f3jcik, obj\u0105\u0142 w Grupie Arskom nowe stanowisko dyrektora kreatywnego.&#13;<br \/>\n&#13;<br \/>\n&#8211; Po do\u0142\u0105czeniu do naszej grupy Micha\u0142a Pola przyszed\u0142 czas na kolejne wzmocnienie. Wierz\u0119, \u017ce poszerzenie kompetencji Arskom o szeroko rozumian\u0105 us\u0142ug\u0119 kreacji idealnie wpisuje si\u0119 w nasz\u0105 strategi\u0119. Radek ma du\u017ce do\u015bwiadczenie w pracy z najwi\u0119kszymi brandami i ciesz\u0119 si\u0119, \u017ce zdecydowa\u0142 si\u0119 do nas do\u0142\u0105czy\u0107, wnosz\u0105c ca\u0142\u0105 sp\u00f3\u0142k\u0119 Creathink do naszej struktury &#8211; komentuje Rafa\u0142 Romaniuk, prezes Arskom.&#13;<br \/>\n&#13;<br \/>\nCreathink realizowa\u0142 projekty dla marek globalnych, takich jak: Coca-Cola Poland Services, Coca-Cola Hellenic czy Sanofi-Aventis.&#13;<br \/>\n                            &#13;<br \/>\n&#13;<br \/>\n                            &#13;<br \/>\n&#13;<br \/>\n&#13;<br \/>\n&#13;<br \/>\n&#13;<br \/>\n&#13;<br \/>\n                            &#13;<br \/>\n                                                            &#13;<br \/>\n&#13;<br \/>\n                            &#13;<\/p>\n<p>\n<!--noindex--><br \/>\n<a href=\"https:\/\/www.wirtualnemedia.pl\/artykul\/radoslaw-wojcik-dyrektor-kreatywny-grupa-arskom\" rel=\"nofollow\">Source link <\/a><br \/>\n<!--\/noindex--><\/p>\n","protected":false},"excerpt":{"rendered":"<p>Od wrze\u015bnia 2019 roku Grupa Arskom buduje nowe kompetencje zwi\u0105zane z kreacj\u0105 oraz produkcj\u0105 foto i wideo. To efekt po\u0142\u0105czenia ze sp\u00f3\u0142k\u0105 Creathink, kt\u00f3ra od 2012 r. \u015bwiadczy us\u0142ugi w zakresie planowania koncepcji kreatywnych. Dotychczasowy prezes firmy, Rados\u0142aw W\u00f3jcik, obj\u0105\u0142 w Grupie Arskom nowe stanowisko dyrektora kreatywnego.&#13; &#13; &#8211; Po do\u0142\u0105czeniu do naszej grupy Micha\u0142a [&hellip;]<\/p>\n","protected":false},"author":2,"featured_media":4708,"comment_status":"open","ping_status":"open","sticky":false,"template":"","format":"standard","meta":{"footnotes":""},"categories":[2],"tags":[],"class_list":["post-4707","post","type-post","status-publish","format-standard","has-post-thumbnail","hentry","category-wiadomosci-marketingowe-internetowe"],"yoast_head":"<!-- This site is optimized with the Yoast SEO plugin v27.4 - https:\/\/yoast.com\/product\/yoast-seo-wordpress\/ -->\n<title>Rados\u0142aw W\u00f3jcik dyrektor kreatywny Grupa Arskom - Favorite News<\/title>\n<meta name=\"robots\" content=\"index, follow, max-snippet:-1, max-image-preview:large, max-video-preview:-1\" \/>\n<link rel=\"canonical\" href=\"https:\/\/favorite-news.com\/pl\/radoslaw-wojcik-dyrektor-kreatywny-grupa-arskom\/\" \/>\n<meta property=\"og:locale\" content=\"pl_PL\" \/>\n<meta property=\"og:type\" content=\"article\" \/>\n<meta property=\"og:title\" content=\"Rados\u0142aw W\u00f3jcik dyrektor kreatywny Grupa Arskom - Favorite News\" \/>\n<meta property=\"og:description\" content=\"Od wrze\u015bnia 2019 roku Grupa Arskom buduje nowe kompetencje zwi\u0105zane z kreacj\u0105 oraz produkcj\u0105 foto i wideo. To efekt po\u0142\u0105czenia ze sp\u00f3\u0142k\u0105 Creathink, kt\u00f3ra od 2012 r. \u015bwiadczy us\u0142ugi w zakresie planowania koncepcji kreatywnych. Dotychczasowy prezes firmy, Rados\u0142aw W\u00f3jcik, obj\u0105\u0142 w Grupie Arskom nowe stanowisko dyrektora kreatywnego.&#013; &#013; &#8211; Po do\u0142\u0105czeniu do naszej grupy Micha\u0142a [&hellip;]\" \/>\n<meta property=\"og:url\" content=\"https:\/\/favorite-news.com\/pl\/radoslaw-wojcik-dyrektor-kreatywny-grupa-arskom\/\" \/>\n<meta property=\"og:site_name\" content=\"Favorite News\" \/>\n<meta property=\"article:published_time\" content=\"2019-09-19T00:15:30+00:00\" \/>\n<meta property=\"article:modified_time\" content=\"2019-09-19T00:15:31+00:00\" \/>\n<meta property=\"og:image\" content=\"https:\/\/favorite-news.com\/pl\/wp-content\/uploads\/sites\/6\/2019\/09\/Rados\u0142aw-W\u00f3jcik-dyrektor-kreatywny-Grupa-Arskom.png\" \/>\n\t<meta property=\"og:image:width\" content=\"655\" \/>\n\t<meta property=\"og:image:height\" content=\"759\" \/>\n\t<meta property=\"og:image:type\" content=\"image\/png\" \/>\n<meta name=\"author\" content=\"favorite-news\" \/>\n<meta name=\"twitter:card\" content=\"summary_large_image\" \/>\n<meta name=\"twitter:label1\" content=\"Napisane przez\" \/>\n\t<meta name=\"twitter:data1\" content=\"favorite-news\" \/>\n\t<meta name=\"twitter:label2\" content=\"Szacowany czas czytania\" \/>\n\t<meta name=\"twitter:data2\" content=\"1 minuta\" \/>\n<script type=\"application\/ld+json\" class=\"yoast-schema-graph\">{\"@context\":\"https:\\\/\\\/schema.org\",\"@graph\":[{\"@type\":\"Article\",\"@id\":\"https:\\\/\\\/favorite-news.com\\\/pl\\\/radoslaw-wojcik-dyrektor-kreatywny-grupa-arskom\\\/#article\",\"isPartOf\":{\"@id\":\"https:\\\/\\\/favorite-news.com\\\/pl\\\/radoslaw-wojcik-dyrektor-kreatywny-grupa-arskom\\\/\"},\"author\":{\"name\":\"favorite-news\",\"@id\":\"https:\\\/\\\/favorite-news.com\\\/pl\\\/#\\\/schema\\\/person\\\/b91573b717dcfa5e4696032a9d28d3e8\"},\"headline\":\"Rados\u0142aw W\u00f3jcik dyrektor kreatywny Grupa Arskom\",\"datePublished\":\"2019-09-19T00:15:30+00:00\",\"dateModified\":\"2019-09-19T00:15:31+00:00\",\"mainEntityOfPage\":{\"@id\":\"https:\\\/\\\/favorite-news.com\\\/pl\\\/radoslaw-wojcik-dyrektor-kreatywny-grupa-arskom\\\/\"},\"wordCount\":147,\"commentCount\":0,\"image\":{\"@id\":\"https:\\\/\\\/favorite-news.com\\\/pl\\\/radoslaw-wojcik-dyrektor-kreatywny-grupa-arskom\\\/#primaryimage\"},\"thumbnailUrl\":\"https:\\\/\\\/favorite-news.com\\\/pl\\\/wp-content\\\/uploads\\\/sites\\\/6\\\/2019\\\/09\\\/Rados\u0142aw-W\u00f3jcik-dyrektor-kreatywny-Grupa-Arskom.png\",\"articleSection\":[\"WIADOMO\u015aCI MARKETINGOWE INTERNETOWE\"],\"inLanguage\":\"pl-PL\",\"potentialAction\":[{\"@type\":\"CommentAction\",\"name\":\"Comment\",\"target\":[\"https:\\\/\\\/favorite-news.com\\\/pl\\\/radoslaw-wojcik-dyrektor-kreatywny-grupa-arskom\\\/#respond\"]}]},{\"@type\":\"WebPage\",\"@id\":\"https:\\\/\\\/favorite-news.com\\\/pl\\\/radoslaw-wojcik-dyrektor-kreatywny-grupa-arskom\\\/\",\"url\":\"https:\\\/\\\/favorite-news.com\\\/pl\\\/radoslaw-wojcik-dyrektor-kreatywny-grupa-arskom\\\/\",\"name\":\"Rados\u0142aw W\u00f3jcik dyrektor kreatywny Grupa Arskom - Favorite News\",\"isPartOf\":{\"@id\":\"https:\\\/\\\/favorite-news.com\\\/pl\\\/#website\"},\"primaryImageOfPage\":{\"@id\":\"https:\\\/\\\/favorite-news.com\\\/pl\\\/radoslaw-wojcik-dyrektor-kreatywny-grupa-arskom\\\/#primaryimage\"},\"image\":{\"@id\":\"https:\\\/\\\/favorite-news.com\\\/pl\\\/radoslaw-wojcik-dyrektor-kreatywny-grupa-arskom\\\/#primaryimage\"},\"thumbnailUrl\":\"https:\\\/\\\/favorite-news.com\\\/pl\\\/wp-content\\\/uploads\\\/sites\\\/6\\\/2019\\\/09\\\/Rados\u0142aw-W\u00f3jcik-dyrektor-kreatywny-Grupa-Arskom.png\",\"datePublished\":\"2019-09-19T00:15:30+00:00\",\"dateModified\":\"2019-09-19T00:15:31+00:00\",\"author\":{\"@id\":\"https:\\\/\\\/favorite-news.com\\\/pl\\\/#\\\/schema\\\/person\\\/b91573b717dcfa5e4696032a9d28d3e8\"},\"breadcrumb\":{\"@id\":\"https:\\\/\\\/favorite-news.com\\\/pl\\\/radoslaw-wojcik-dyrektor-kreatywny-grupa-arskom\\\/#breadcrumb\"},\"inLanguage\":\"pl-PL\",\"potentialAction\":[{\"@type\":\"ReadAction\",\"target\":[\"https:\\\/\\\/favorite-news.com\\\/pl\\\/radoslaw-wojcik-dyrektor-kreatywny-grupa-arskom\\\/\"]}]},{\"@type\":\"ImageObject\",\"inLanguage\":\"pl-PL\",\"@id\":\"https:\\\/\\\/favorite-news.com\\\/pl\\\/radoslaw-wojcik-dyrektor-kreatywny-grupa-arskom\\\/#primaryimage\",\"url\":\"https:\\\/\\\/favorite-news.com\\\/pl\\\/wp-content\\\/uploads\\\/sites\\\/6\\\/2019\\\/09\\\/Rados\u0142aw-W\u00f3jcik-dyrektor-kreatywny-Grupa-Arskom.png\",\"contentUrl\":\"https:\\\/\\\/favorite-news.com\\\/pl\\\/wp-content\\\/uploads\\\/sites\\\/6\\\/2019\\\/09\\\/Rados\u0142aw-W\u00f3jcik-dyrektor-kreatywny-Grupa-Arskom.png\",\"width\":655,\"height\":759,\"caption\":\"Article\"},{\"@type\":\"BreadcrumbList\",\"@id\":\"https:\\\/\\\/favorite-news.com\\\/pl\\\/radoslaw-wojcik-dyrektor-kreatywny-grupa-arskom\\\/#breadcrumb\",\"itemListElement\":[{\"@type\":\"ListItem\",\"position\":1,\"name\":\"Home\",\"item\":\"https:\\\/\\\/favorite-news.com\\\/pl\\\/\"},{\"@type\":\"ListItem\",\"position\":2,\"name\":\"Rados\u0142aw W\u00f3jcik dyrektor kreatywny Grupa Arskom\"}]},{\"@type\":\"WebSite\",\"@id\":\"https:\\\/\\\/favorite-news.com\\\/pl\\\/#website\",\"url\":\"https:\\\/\\\/favorite-news.com\\\/pl\\\/\",\"name\":\"Favorite News\",\"description\":\"Favorite News Polska\",\"potentialAction\":[{\"@type\":\"SearchAction\",\"target\":{\"@type\":\"EntryPoint\",\"urlTemplate\":\"https:\\\/\\\/favorite-news.com\\\/pl\\\/?s={search_term_string}\"},\"query-input\":{\"@type\":\"PropertyValueSpecification\",\"valueRequired\":true,\"valueName\":\"search_term_string\"}}],\"inLanguage\":\"pl-PL\"},{\"@type\":\"Person\",\"@id\":\"https:\\\/\\\/favorite-news.com\\\/pl\\\/#\\\/schema\\\/person\\\/b91573b717dcfa5e4696032a9d28d3e8\",\"name\":\"favorite-news\",\"image\":{\"@type\":\"ImageObject\",\"inLanguage\":\"pl-PL\",\"@id\":\"https:\\\/\\\/secure.gravatar.com\\\/avatar\\\/6c5a5cb12b74e9d517ee91cf570335b7d16177f1977cc91db161adfa435945a7?s=96&d=mm&r=g\",\"url\":\"https:\\\/\\\/secure.gravatar.com\\\/avatar\\\/6c5a5cb12b74e9d517ee91cf570335b7d16177f1977cc91db161adfa435945a7?s=96&d=mm&r=g\",\"contentUrl\":\"https:\\\/\\\/secure.gravatar.com\\\/avatar\\\/6c5a5cb12b74e9d517ee91cf570335b7d16177f1977cc91db161adfa435945a7?s=96&d=mm&r=g\",\"caption\":\"favorite-news\"},\"url\":\"https:\\\/\\\/favorite-news.com\\\/pl\\\/author\\\/pt\\\/\"}]}<\/script>\n<!-- \/ Yoast SEO plugin. -->","yoast_head_json":{"title":"Rados\u0142aw W\u00f3jcik dyrektor kreatywny Grupa Arskom - Favorite News","robots":{"index":"index","follow":"follow","max-snippet":"max-snippet:-1","max-image-preview":"max-image-preview:large","max-video-preview":"max-video-preview:-1"},"canonical":"https:\/\/favorite-news.com\/pl\/radoslaw-wojcik-dyrektor-kreatywny-grupa-arskom\/","og_locale":"pl_PL","og_type":"article","og_title":"Rados\u0142aw W\u00f3jcik dyrektor kreatywny Grupa Arskom - Favorite News","og_description":"Od wrze\u015bnia 2019 roku Grupa Arskom buduje nowe kompetencje zwi\u0105zane z kreacj\u0105 oraz produkcj\u0105 foto i wideo. To efekt po\u0142\u0105czenia ze sp\u00f3\u0142k\u0105 Creathink, kt\u00f3ra od 2012 r. \u015bwiadczy us\u0142ugi w zakresie planowania koncepcji kreatywnych. Dotychczasowy prezes firmy, Rados\u0142aw W\u00f3jcik, obj\u0105\u0142 w Grupie Arskom nowe stanowisko dyrektora kreatywnego.&#13; &#13; &#8211; Po do\u0142\u0105czeniu do naszej grupy Micha\u0142a [&hellip;]","og_url":"https:\/\/favorite-news.com\/pl\/radoslaw-wojcik-dyrektor-kreatywny-grupa-arskom\/","og_site_name":"Favorite News","article_published_time":"2019-09-19T00:15:30+00:00","article_modified_time":"2019-09-19T00:15:31+00:00","og_image":[{"width":655,"height":759,"url":"https:\/\/favorite-news.com\/pl\/wp-content\/uploads\/sites\/6\/2019\/09\/Rados\u0142aw-W\u00f3jcik-dyrektor-kreatywny-Grupa-Arskom.png","type":"image\/png"}],"author":"favorite-news","twitter_card":"summary_large_image","twitter_misc":{"Napisane przez":"favorite-news","Szacowany czas czytania":"1 minuta"},"schema":{"@context":"https:\/\/schema.org","@graph":[{"@type":"Article","@id":"https:\/\/favorite-news.com\/pl\/radoslaw-wojcik-dyrektor-kreatywny-grupa-arskom\/#article","isPartOf":{"@id":"https:\/\/favorite-news.com\/pl\/radoslaw-wojcik-dyrektor-kreatywny-grupa-arskom\/"},"author":{"name":"favorite-news","@id":"https:\/\/favorite-news.com\/pl\/#\/schema\/person\/b91573b717dcfa5e4696032a9d28d3e8"},"headline":"Rados\u0142aw W\u00f3jcik dyrektor kreatywny Grupa Arskom","datePublished":"2019-09-19T00:15:30+00:00","dateModified":"2019-09-19T00:15:31+00:00","mainEntityOfPage":{"@id":"https:\/\/favorite-news.com\/pl\/radoslaw-wojcik-dyrektor-kreatywny-grupa-arskom\/"},"wordCount":147,"commentCount":0,"image":{"@id":"https:\/\/favorite-news.com\/pl\/radoslaw-wojcik-dyrektor-kreatywny-grupa-arskom\/#primaryimage"},"thumbnailUrl":"https:\/\/favorite-news.com\/pl\/wp-content\/uploads\/sites\/6\/2019\/09\/Rados\u0142aw-W\u00f3jcik-dyrektor-kreatywny-Grupa-Arskom.png","articleSection":["WIADOMO\u015aCI MARKETINGOWE INTERNETOWE"],"inLanguage":"pl-PL","potentialAction":[{"@type":"CommentAction","name":"Comment","target":["https:\/\/favorite-news.com\/pl\/radoslaw-wojcik-dyrektor-kreatywny-grupa-arskom\/#respond"]}]},{"@type":"WebPage","@id":"https:\/\/favorite-news.com\/pl\/radoslaw-wojcik-dyrektor-kreatywny-grupa-arskom\/","url":"https:\/\/favorite-news.com\/pl\/radoslaw-wojcik-dyrektor-kreatywny-grupa-arskom\/","name":"Rados\u0142aw W\u00f3jcik dyrektor kreatywny Grupa Arskom - Favorite News","isPartOf":{"@id":"https:\/\/favorite-news.com\/pl\/#website"},"primaryImageOfPage":{"@id":"https:\/\/favorite-news.com\/pl\/radoslaw-wojcik-dyrektor-kreatywny-grupa-arskom\/#primaryimage"},"image":{"@id":"https:\/\/favorite-news.com\/pl\/radoslaw-wojcik-dyrektor-kreatywny-grupa-arskom\/#primaryimage"},"thumbnailUrl":"https:\/\/favorite-news.com\/pl\/wp-content\/uploads\/sites\/6\/2019\/09\/Rados\u0142aw-W\u00f3jcik-dyrektor-kreatywny-Grupa-Arskom.png","datePublished":"2019-09-19T00:15:30+00:00","dateModified":"2019-09-19T00:15:31+00:00","author":{"@id":"https:\/\/favorite-news.com\/pl\/#\/schema\/person\/b91573b717dcfa5e4696032a9d28d3e8"},"breadcrumb":{"@id":"https:\/\/favorite-news.com\/pl\/radoslaw-wojcik-dyrektor-kreatywny-grupa-arskom\/#breadcrumb"},"inLanguage":"pl-PL","potentialAction":[{"@type":"ReadAction","target":["https:\/\/favorite-news.com\/pl\/radoslaw-wojcik-dyrektor-kreatywny-grupa-arskom\/"]}]},{"@type":"ImageObject","inLanguage":"pl-PL","@id":"https:\/\/favorite-news.com\/pl\/radoslaw-wojcik-dyrektor-kreatywny-grupa-arskom\/#primaryimage","url":"https:\/\/favorite-news.com\/pl\/wp-content\/uploads\/sites\/6\/2019\/09\/Rados\u0142aw-W\u00f3jcik-dyrektor-kreatywny-Grupa-Arskom.png","contentUrl":"https:\/\/favorite-news.com\/pl\/wp-content\/uploads\/sites\/6\/2019\/09\/Rados\u0142aw-W\u00f3jcik-dyrektor-kreatywny-Grupa-Arskom.png","width":655,"height":759,"caption":"Article"},{"@type":"BreadcrumbList","@id":"https:\/\/favorite-news.com\/pl\/radoslaw-wojcik-dyrektor-kreatywny-grupa-arskom\/#breadcrumb","itemListElement":[{"@type":"ListItem","position":1,"name":"Home","item":"https:\/\/favorite-news.com\/pl\/"},{"@type":"ListItem","position":2,"name":"Rados\u0142aw W\u00f3jcik dyrektor kreatywny Grupa Arskom"}]},{"@type":"WebSite","@id":"https:\/\/favorite-news.com\/pl\/#website","url":"https:\/\/favorite-news.com\/pl\/","name":"Favorite News","description":"Favorite News Polska","potentialAction":[{"@type":"SearchAction","target":{"@type":"EntryPoint","urlTemplate":"https:\/\/favorite-news.com\/pl\/?s={search_term_string}"},"query-input":{"@type":"PropertyValueSpecification","valueRequired":true,"valueName":"search_term_string"}}],"inLanguage":"pl-PL"},{"@type":"Person","@id":"https:\/\/favorite-news.com\/pl\/#\/schema\/person\/b91573b717dcfa5e4696032a9d28d3e8","name":"favorite-news","image":{"@type":"ImageObject","inLanguage":"pl-PL","@id":"https:\/\/secure.gravatar.com\/avatar\/6c5a5cb12b74e9d517ee91cf570335b7d16177f1977cc91db161adfa435945a7?s=96&d=mm&r=g","url":"https:\/\/secure.gravatar.com\/avatar\/6c5a5cb12b74e9d517ee91cf570335b7d16177f1977cc91db161adfa435945a7?s=96&d=mm&r=g","contentUrl":"https:\/\/secure.gravatar.com\/avatar\/6c5a5cb12b74e9d517ee91cf570335b7d16177f1977cc91db161adfa435945a7?s=96&d=mm&r=g","caption":"favorite-news"},"url":"https:\/\/favorite-news.com\/pl\/author\/pt\/"}]}},"_links":{"self":[{"href":"https:\/\/favorite-news.com\/pl\/wp-json\/wp\/v2\/posts\/4707","targetHints":{"allow":["GET"]}}],"collection":[{"href":"https:\/\/favorite-news.com\/pl\/wp-json\/wp\/v2\/posts"}],"about":[{"href":"https:\/\/favorite-news.com\/pl\/wp-json\/wp\/v2\/types\/post"}],"author":[{"embeddable":true,"href":"https:\/\/favorite-news.com\/pl\/wp-json\/wp\/v2\/users\/2"}],"replies":[{"embeddable":true,"href":"https:\/\/favorite-news.com\/pl\/wp-json\/wp\/v2\/comments?post=4707"}],"version-history":[{"count":1,"href":"https:\/\/favorite-news.com\/pl\/wp-json\/wp\/v2\/posts\/4707\/revisions"}],"predecessor-version":[{"id":4709,"href":"https:\/\/favorite-news.com\/pl\/wp-json\/wp\/v2\/posts\/4707\/revisions\/4709"}],"wp:featuredmedia":[{"embeddable":true,"href":"https:\/\/favorite-news.com\/pl\/wp-json\/wp\/v2\/media\/4708"}],"wp:attachment":[{"href":"https:\/\/favorite-news.com\/pl\/wp-json\/wp\/v2\/media?parent=4707"}],"wp:term":[{"taxonomy":"category","embeddable":true,"href":"https:\/\/favorite-news.com\/pl\/wp-json\/wp\/v2\/categories?post=4707"},{"taxonomy":"post_tag","embeddable":true,"href":"https:\/\/favorite-news.com\/pl\/wp-json\/wp\/v2\/tags?post=4707"}],"curies":[{"name":"wp","href":"https:\/\/api.w.org\/{rel}","templated":true}]}}