{"id":464,"date":"2019-05-10T14:58:49","date_gmt":"2019-05-10T11:58:49","guid":{"rendered":"https:\/\/favorite-news.com\/pl\/tytus-klepacz-maciej-marasek-malgorzata-drozdowska-i-marta-fraczek-w-jury-cannes-lions-2019\/"},"modified":"2019-05-10T14:58:50","modified_gmt":"2019-05-10T11:58:50","slug":"tytus-klepacz-maciej-marasek-malgorzata-drozdowska-i-marta-fraczek-w-jury-cannes-lions-2019","status":"publish","type":"post","link":"https:\/\/favorite-news.com\/pl\/tytus-klepacz-maciej-marasek-malgorzata-drozdowska-i-marta-fraczek-w-jury-cannes-lions-2019\/","title":{"rendered":"Tytus Klepacz, Maciej Marasek, Ma\u0142gorzata Drozdowska i Marta Fr\u0105czek w jury Cannes Lions 2019"},"content":{"rendered":"<p> [ad_1]<br \/>\n<\/p>\n<div id=\"\">\n<p>Tytus Klepacz z JWT Dubai, zasi\u0105dzie w jury g\u0142\u00f3wnym i ocenia\u0142 b\u0119dzie prac\u0119 zg\u0142oszone do Social &amp; Influencer.<\/p>\n<p>&#13;<br \/>\n&#13;<\/p>\n<p>&#13;<br \/>\nZ kolei jurorami online b\u0119d\u0105: Maciej Marasek &#8211; creative director 2012 Agency w kategorii PR Lions, Ma\u0142gorzata Drozdowska &#8211;\u00a0 executive creative director z FCB Bridge2Fun w Direct Lions, Marta Fr\u0105czek &#8211; associate creative dDirector z Saatchi &amp; Saatchi IS w Brand Expercience &amp; Activation Shortlist.<\/p>\n<p>Maciej Marasek:<br \/><img decoding=\"async\" alt=\"\" src=\"https:\/\/favorite-news.com\/pl\/wp-content\/uploads\/sites\/6\/2019\/05\/Tytus-Klepacz-Maciej-Marasek-Malgorzata-Drozdowska-i-Marta-Fraczek-w.jpg\" style=\"width: 655px; height: 655px;\"\/><\/p>\n<p>&#13;<br \/>\n&#13;<\/p>\n<p>\u00a0<\/p>\n<p>&#13;<br \/>\n&#13;<\/p>\n<p>Ma\u0142gorzata Drozdowska:<\/p>\n<p>&#13;<br \/>\n&#13;<\/p>\n<p><img decoding=\"async\" alt=\"\" src=\"https:\/\/favorite-news.com\/pl\/wp-content\/uploads\/sites\/6\/2019\/05\/1557489529_257_Tytus-Klepacz-Maciej-Marasek-Malgorzata-Drozdowska-i-Marta-Fraczek-w.png\" style=\"width: 655px; height: 649px;\"\/><\/p>\n<p>&#13;<br \/>\n&#13;<\/p>\n<p>\u00a0<\/p>\n<p>&#13;<br \/>\n&#13;<\/p>\n<p>Marta Fr\u0105czek:<\/p>\n<p>&#13;<br \/>\n&#13;<\/p>\n<p><img decoding=\"async\" alt=\"\" src=\"https:\/\/favorite-news.com\/pl\/wp-content\/uploads\/sites\/6\/2019\/05\/1557489529_529_Tytus-Klepacz-Maciej-Marasek-Malgorzata-Drozdowska-i-Marta-Fraczek-w.jpg\" style=\"width: 655px; height: 819px;\"\/><\/p>\n<p>&#13;<br \/>\n&#13;<\/p>\n<p>&#13;<br \/>\n&#13;<\/p>\n<p>Ka\u017cdego roku o statuetki Lw\u00f3w na Cannes Lions Festival rywalizuje 35 500 prac z ca\u0142ego z obszaru reklamy i komunikacji. Prace oceniane s\u0105 w 17 kategoriach: Film, Print, Outdoor, Interactive, Radio, Design, Product Design, Promo &amp; Activation, Film Craft, Mobile, Branded Entertainment, Integrated Advertising, Media, Direct, PR, Titanium, Creative Effectiveness oraz Innovation Ideas.<\/p>\n<p>&#13;<br \/>\n&#13;<\/p>\n<p>&#13;<br \/>\n&#13;<\/p>\n<p>Tegoroczna edycja Mi\u0119dzynarodowego Festiwalu Kreatywno\u015bci Cannes Lions odb\u0119dzie si\u0119 17-21 czerwca 2019.<br \/>&#13;<br \/>\nOficjalnym przedstawicielem Cannes Lions w Polsce jest Stowarzyszenie Komunikacji Marketingowej SAR.<\/p>\n<p>&#13;<br \/>\n                            &#13;<br \/>\n&#13;<br \/>\n                            &#13;<br \/>\n&#13;<br \/>\n&#13;<br \/>\n&#13;<br \/>\n&#13;<br \/>\n&#13;<br \/>\n                            &#13;<br \/>\n                                                            &#13;<br \/>\n&#13;<br \/>\n                            &#13;\n                        <\/p><\/div>\n<p><script>(function (d, s, id) {\n        var js, fjs = d.getElementsByTagName(s)[0];\n        if (d.getElementById(id)) return;\n        js = d.createElement(s);\n        js.id = id;\n        js.src = \"http:\/\/connect.facebook.net\/pl_PL\/sdk.js#xfbml=1&version=v2.6&appId=297996717062470\";\n        fjs.parentNode.insertBefore(js, fjs);\n    }(document, 'script', 'facebook-jssdk'));<\/script><br \/>\n<br \/>[ad_2]<br \/>\n<br \/><a href=\"https:\/\/www.wirtualnemedia.pl\/artykul\/tytus-klepacz-maciej-marasek-malgorzata-drozdowska-i-marta-fraczek-w-jury-cannes-lions-2019\">Source link <\/a><\/p>\n","protected":false},"excerpt":{"rendered":"<p>[ad_1] Tytus Klepacz z JWT Dubai, zasi\u0105dzie w jury g\u0142\u00f3wnym i ocenia\u0142 b\u0119dzie prac\u0119 zg\u0142oszone do Social &amp; Influencer. &#13; &#13; &#13; Z kolei jurorami online b\u0119d\u0105: Maciej Marasek &#8211; creative director 2012 Agency w kategorii PR Lions, Ma\u0142gorzata Drozdowska &#8211;\u00a0 executive creative director z FCB Bridge2Fun w Direct Lions, Marta Fr\u0105czek &#8211; associate creative [&hellip;]<\/p>\n","protected":false},"author":2,"featured_media":465,"comment_status":"open","ping_status":"open","sticky":false,"template":"","format":"standard","meta":{"footnotes":""},"categories":[2],"tags":[],"class_list":["post-464","post","type-post","status-publish","format-standard","has-post-thumbnail","hentry","category-wiadomosci-marketingowe-internetowe"],"yoast_head":"<!-- This site is optimized with the Yoast SEO plugin v27.4 - https:\/\/yoast.com\/product\/yoast-seo-wordpress\/ -->\n<title>Tytus Klepacz, Maciej Marasek, Ma\u0142gorzata Drozdowska i Marta Fr\u0105czek w jury Cannes Lions 2019 - Favorite News<\/title>\n<meta name=\"robots\" content=\"index, follow, max-snippet:-1, max-image-preview:large, max-video-preview:-1\" \/>\n<link rel=\"canonical\" href=\"https:\/\/favorite-news.com\/pl\/tytus-klepacz-maciej-marasek-malgorzata-drozdowska-i-marta-fraczek-w-jury-cannes-lions-2019\/\" \/>\n<meta property=\"og:locale\" content=\"pl_PL\" \/>\n<meta property=\"og:type\" content=\"article\" \/>\n<meta property=\"og:title\" content=\"Tytus Klepacz, Maciej Marasek, Ma\u0142gorzata Drozdowska i Marta Fr\u0105czek w jury Cannes Lions 2019 - Favorite News\" \/>\n<meta property=\"og:description\" content=\"[ad_1] Tytus Klepacz z JWT Dubai, zasi\u0105dzie w jury g\u0142\u00f3wnym i ocenia\u0142 b\u0119dzie prac\u0119 zg\u0142oszone do Social &amp; Influencer. &#013; &#013; &#013; Z kolei jurorami online b\u0119d\u0105: Maciej Marasek &#8211; creative director 2012 Agency w kategorii PR Lions, Ma\u0142gorzata Drozdowska &#8211;\u00a0 executive creative director z FCB Bridge2Fun w Direct Lions, Marta Fr\u0105czek &#8211; associate creative [&hellip;]\" \/>\n<meta property=\"og:url\" content=\"https:\/\/favorite-news.com\/pl\/tytus-klepacz-maciej-marasek-malgorzata-drozdowska-i-marta-fraczek-w-jury-cannes-lions-2019\/\" \/>\n<meta property=\"og:site_name\" content=\"Favorite News\" \/>\n<meta property=\"article:published_time\" content=\"2019-05-10T11:58:49+00:00\" \/>\n<meta property=\"article:modified_time\" content=\"2019-05-10T11:58:50+00:00\" \/>\n<meta property=\"og:image\" content=\"https:\/\/favorite-news.com\/pl\/wp-content\/uploads\/sites\/6\/2019\/05\/Tytus-Klepacz-Maciej-Marasek-Ma\u0142gorzata-Drozdowska-i-Marta-Fr\u0105czek-w.png\" \/>\n\t<meta property=\"og:image:width\" content=\"655\" \/>\n\t<meta property=\"og:image:height\" content=\"656\" \/>\n\t<meta property=\"og:image:type\" content=\"image\/png\" \/>\n<meta name=\"author\" content=\"favorite-news\" \/>\n<meta name=\"twitter:card\" content=\"summary_large_image\" \/>\n<meta name=\"twitter:label1\" content=\"Napisane przez\" \/>\n\t<meta name=\"twitter:data1\" content=\"favorite-news\" \/>\n\t<meta name=\"twitter:label2\" content=\"Szacowany czas czytania\" \/>\n\t<meta name=\"twitter:data2\" content=\"1 minuta\" \/>\n<script type=\"application\/ld+json\" class=\"yoast-schema-graph\">{\"@context\":\"https:\\\/\\\/schema.org\",\"@graph\":[{\"@type\":\"Article\",\"@id\":\"https:\\\/\\\/favorite-news.com\\\/pl\\\/tytus-klepacz-maciej-marasek-malgorzata-drozdowska-i-marta-fraczek-w-jury-cannes-lions-2019\\\/#article\",\"isPartOf\":{\"@id\":\"https:\\\/\\\/favorite-news.com\\\/pl\\\/tytus-klepacz-maciej-marasek-malgorzata-drozdowska-i-marta-fraczek-w-jury-cannes-lions-2019\\\/\"},\"author\":{\"name\":\"favorite-news\",\"@id\":\"https:\\\/\\\/favorite-news.com\\\/pl\\\/#\\\/schema\\\/person\\\/b91573b717dcfa5e4696032a9d28d3e8\"},\"headline\":\"Tytus Klepacz, Maciej Marasek, Ma\u0142gorzata Drozdowska i Marta Fr\u0105czek w jury Cannes Lions 2019\",\"datePublished\":\"2019-05-10T11:58:49+00:00\",\"dateModified\":\"2019-05-10T11:58:50+00:00\",\"mainEntityOfPage\":{\"@id\":\"https:\\\/\\\/favorite-news.com\\\/pl\\\/tytus-klepacz-maciej-marasek-malgorzata-drozdowska-i-marta-fraczek-w-jury-cannes-lions-2019\\\/\"},\"wordCount\":175,\"commentCount\":0,\"image\":{\"@id\":\"https:\\\/\\\/favorite-news.com\\\/pl\\\/tytus-klepacz-maciej-marasek-malgorzata-drozdowska-i-marta-fraczek-w-jury-cannes-lions-2019\\\/#primaryimage\"},\"thumbnailUrl\":\"https:\\\/\\\/favorite-news.com\\\/pl\\\/wp-content\\\/uploads\\\/sites\\\/6\\\/2019\\\/05\\\/Tytus-Klepacz-Maciej-Marasek-Ma\u0142gorzata-Drozdowska-i-Marta-Fr\u0105czek-w.png\",\"articleSection\":[\"WIADOMO\u015aCI MARKETINGOWE INTERNETOWE\"],\"inLanguage\":\"pl-PL\",\"potentialAction\":[{\"@type\":\"CommentAction\",\"name\":\"Comment\",\"target\":[\"https:\\\/\\\/favorite-news.com\\\/pl\\\/tytus-klepacz-maciej-marasek-malgorzata-drozdowska-i-marta-fraczek-w-jury-cannes-lions-2019\\\/#respond\"]}]},{\"@type\":\"WebPage\",\"@id\":\"https:\\\/\\\/favorite-news.com\\\/pl\\\/tytus-klepacz-maciej-marasek-malgorzata-drozdowska-i-marta-fraczek-w-jury-cannes-lions-2019\\\/\",\"url\":\"https:\\\/\\\/favorite-news.com\\\/pl\\\/tytus-klepacz-maciej-marasek-malgorzata-drozdowska-i-marta-fraczek-w-jury-cannes-lions-2019\\\/\",\"name\":\"Tytus Klepacz, Maciej Marasek, Ma\u0142gorzata Drozdowska i Marta Fr\u0105czek w jury Cannes Lions 2019 - Favorite News\",\"isPartOf\":{\"@id\":\"https:\\\/\\\/favorite-news.com\\\/pl\\\/#website\"},\"primaryImageOfPage\":{\"@id\":\"https:\\\/\\\/favorite-news.com\\\/pl\\\/tytus-klepacz-maciej-marasek-malgorzata-drozdowska-i-marta-fraczek-w-jury-cannes-lions-2019\\\/#primaryimage\"},\"image\":{\"@id\":\"https:\\\/\\\/favorite-news.com\\\/pl\\\/tytus-klepacz-maciej-marasek-malgorzata-drozdowska-i-marta-fraczek-w-jury-cannes-lions-2019\\\/#primaryimage\"},\"thumbnailUrl\":\"https:\\\/\\\/favorite-news.com\\\/pl\\\/wp-content\\\/uploads\\\/sites\\\/6\\\/2019\\\/05\\\/Tytus-Klepacz-Maciej-Marasek-Ma\u0142gorzata-Drozdowska-i-Marta-Fr\u0105czek-w.png\",\"datePublished\":\"2019-05-10T11:58:49+00:00\",\"dateModified\":\"2019-05-10T11:58:50+00:00\",\"author\":{\"@id\":\"https:\\\/\\\/favorite-news.com\\\/pl\\\/#\\\/schema\\\/person\\\/b91573b717dcfa5e4696032a9d28d3e8\"},\"breadcrumb\":{\"@id\":\"https:\\\/\\\/favorite-news.com\\\/pl\\\/tytus-klepacz-maciej-marasek-malgorzata-drozdowska-i-marta-fraczek-w-jury-cannes-lions-2019\\\/#breadcrumb\"},\"inLanguage\":\"pl-PL\",\"potentialAction\":[{\"@type\":\"ReadAction\",\"target\":[\"https:\\\/\\\/favorite-news.com\\\/pl\\\/tytus-klepacz-maciej-marasek-malgorzata-drozdowska-i-marta-fraczek-w-jury-cannes-lions-2019\\\/\"]}]},{\"@type\":\"ImageObject\",\"inLanguage\":\"pl-PL\",\"@id\":\"https:\\\/\\\/favorite-news.com\\\/pl\\\/tytus-klepacz-maciej-marasek-malgorzata-drozdowska-i-marta-fraczek-w-jury-cannes-lions-2019\\\/#primaryimage\",\"url\":\"https:\\\/\\\/favorite-news.com\\\/pl\\\/wp-content\\\/uploads\\\/sites\\\/6\\\/2019\\\/05\\\/Tytus-Klepacz-Maciej-Marasek-Ma\u0142gorzata-Drozdowska-i-Marta-Fr\u0105czek-w.png\",\"contentUrl\":\"https:\\\/\\\/favorite-news.com\\\/pl\\\/wp-content\\\/uploads\\\/sites\\\/6\\\/2019\\\/05\\\/Tytus-Klepacz-Maciej-Marasek-Ma\u0142gorzata-Drozdowska-i-Marta-Fr\u0105czek-w.png\",\"width\":655,\"height\":656,\"caption\":\"Tytus Klepacz, Maciej Marasek, Ma\u0142gorzata Drozdowska i Marta Fr\u0105czek w jury Cannes Lions 2019\"},{\"@type\":\"BreadcrumbList\",\"@id\":\"https:\\\/\\\/favorite-news.com\\\/pl\\\/tytus-klepacz-maciej-marasek-malgorzata-drozdowska-i-marta-fraczek-w-jury-cannes-lions-2019\\\/#breadcrumb\",\"itemListElement\":[{\"@type\":\"ListItem\",\"position\":1,\"name\":\"Home\",\"item\":\"https:\\\/\\\/favorite-news.com\\\/pl\\\/\"},{\"@type\":\"ListItem\",\"position\":2,\"name\":\"Tytus Klepacz, Maciej Marasek, Ma\u0142gorzata Drozdowska i Marta Fr\u0105czek w jury Cannes Lions 2019\"}]},{\"@type\":\"WebSite\",\"@id\":\"https:\\\/\\\/favorite-news.com\\\/pl\\\/#website\",\"url\":\"https:\\\/\\\/favorite-news.com\\\/pl\\\/\",\"name\":\"Favorite News\",\"description\":\"Favorite News Polska\",\"potentialAction\":[{\"@type\":\"SearchAction\",\"target\":{\"@type\":\"EntryPoint\",\"urlTemplate\":\"https:\\\/\\\/favorite-news.com\\\/pl\\\/?s={search_term_string}\"},\"query-input\":{\"@type\":\"PropertyValueSpecification\",\"valueRequired\":true,\"valueName\":\"search_term_string\"}}],\"inLanguage\":\"pl-PL\"},{\"@type\":\"Person\",\"@id\":\"https:\\\/\\\/favorite-news.com\\\/pl\\\/#\\\/schema\\\/person\\\/b91573b717dcfa5e4696032a9d28d3e8\",\"name\":\"favorite-news\",\"image\":{\"@type\":\"ImageObject\",\"inLanguage\":\"pl-PL\",\"@id\":\"https:\\\/\\\/secure.gravatar.com\\\/avatar\\\/6c5a5cb12b74e9d517ee91cf570335b7d16177f1977cc91db161adfa435945a7?s=96&d=mm&r=g\",\"url\":\"https:\\\/\\\/secure.gravatar.com\\\/avatar\\\/6c5a5cb12b74e9d517ee91cf570335b7d16177f1977cc91db161adfa435945a7?s=96&d=mm&r=g\",\"contentUrl\":\"https:\\\/\\\/secure.gravatar.com\\\/avatar\\\/6c5a5cb12b74e9d517ee91cf570335b7d16177f1977cc91db161adfa435945a7?s=96&d=mm&r=g\",\"caption\":\"favorite-news\"},\"url\":\"https:\\\/\\\/favorite-news.com\\\/pl\\\/author\\\/pt\\\/\"}]}<\/script>\n<!-- \/ Yoast SEO plugin. -->","yoast_head_json":{"title":"Tytus Klepacz, Maciej Marasek, Ma\u0142gorzata Drozdowska i Marta Fr\u0105czek w jury Cannes Lions 2019 - Favorite News","robots":{"index":"index","follow":"follow","max-snippet":"max-snippet:-1","max-image-preview":"max-image-preview:large","max-video-preview":"max-video-preview:-1"},"canonical":"https:\/\/favorite-news.com\/pl\/tytus-klepacz-maciej-marasek-malgorzata-drozdowska-i-marta-fraczek-w-jury-cannes-lions-2019\/","og_locale":"pl_PL","og_type":"article","og_title":"Tytus Klepacz, Maciej Marasek, Ma\u0142gorzata Drozdowska i Marta Fr\u0105czek w jury Cannes Lions 2019 - Favorite News","og_description":"[ad_1] Tytus Klepacz z JWT Dubai, zasi\u0105dzie w jury g\u0142\u00f3wnym i ocenia\u0142 b\u0119dzie prac\u0119 zg\u0142oszone do Social &amp; Influencer. &#13; &#13; &#13; Z kolei jurorami online b\u0119d\u0105: Maciej Marasek &#8211; creative director 2012 Agency w kategorii PR Lions, Ma\u0142gorzata Drozdowska &#8211;\u00a0 executive creative director z FCB Bridge2Fun w Direct Lions, Marta Fr\u0105czek &#8211; associate creative [&hellip;]","og_url":"https:\/\/favorite-news.com\/pl\/tytus-klepacz-maciej-marasek-malgorzata-drozdowska-i-marta-fraczek-w-jury-cannes-lions-2019\/","og_site_name":"Favorite News","article_published_time":"2019-05-10T11:58:49+00:00","article_modified_time":"2019-05-10T11:58:50+00:00","og_image":[{"width":655,"height":656,"url":"https:\/\/favorite-news.com\/pl\/wp-content\/uploads\/sites\/6\/2019\/05\/Tytus-Klepacz-Maciej-Marasek-Ma\u0142gorzata-Drozdowska-i-Marta-Fr\u0105czek-w.png","type":"image\/png"}],"author":"favorite-news","twitter_card":"summary_large_image","twitter_misc":{"Napisane przez":"favorite-news","Szacowany czas czytania":"1 minuta"},"schema":{"@context":"https:\/\/schema.org","@graph":[{"@type":"Article","@id":"https:\/\/favorite-news.com\/pl\/tytus-klepacz-maciej-marasek-malgorzata-drozdowska-i-marta-fraczek-w-jury-cannes-lions-2019\/#article","isPartOf":{"@id":"https:\/\/favorite-news.com\/pl\/tytus-klepacz-maciej-marasek-malgorzata-drozdowska-i-marta-fraczek-w-jury-cannes-lions-2019\/"},"author":{"name":"favorite-news","@id":"https:\/\/favorite-news.com\/pl\/#\/schema\/person\/b91573b717dcfa5e4696032a9d28d3e8"},"headline":"Tytus Klepacz, Maciej Marasek, Ma\u0142gorzata Drozdowska i Marta Fr\u0105czek w jury Cannes Lions 2019","datePublished":"2019-05-10T11:58:49+00:00","dateModified":"2019-05-10T11:58:50+00:00","mainEntityOfPage":{"@id":"https:\/\/favorite-news.com\/pl\/tytus-klepacz-maciej-marasek-malgorzata-drozdowska-i-marta-fraczek-w-jury-cannes-lions-2019\/"},"wordCount":175,"commentCount":0,"image":{"@id":"https:\/\/favorite-news.com\/pl\/tytus-klepacz-maciej-marasek-malgorzata-drozdowska-i-marta-fraczek-w-jury-cannes-lions-2019\/#primaryimage"},"thumbnailUrl":"https:\/\/favorite-news.com\/pl\/wp-content\/uploads\/sites\/6\/2019\/05\/Tytus-Klepacz-Maciej-Marasek-Ma\u0142gorzata-Drozdowska-i-Marta-Fr\u0105czek-w.png","articleSection":["WIADOMO\u015aCI MARKETINGOWE INTERNETOWE"],"inLanguage":"pl-PL","potentialAction":[{"@type":"CommentAction","name":"Comment","target":["https:\/\/favorite-news.com\/pl\/tytus-klepacz-maciej-marasek-malgorzata-drozdowska-i-marta-fraczek-w-jury-cannes-lions-2019\/#respond"]}]},{"@type":"WebPage","@id":"https:\/\/favorite-news.com\/pl\/tytus-klepacz-maciej-marasek-malgorzata-drozdowska-i-marta-fraczek-w-jury-cannes-lions-2019\/","url":"https:\/\/favorite-news.com\/pl\/tytus-klepacz-maciej-marasek-malgorzata-drozdowska-i-marta-fraczek-w-jury-cannes-lions-2019\/","name":"Tytus Klepacz, Maciej Marasek, Ma\u0142gorzata Drozdowska i Marta Fr\u0105czek w jury Cannes Lions 2019 - Favorite News","isPartOf":{"@id":"https:\/\/favorite-news.com\/pl\/#website"},"primaryImageOfPage":{"@id":"https:\/\/favorite-news.com\/pl\/tytus-klepacz-maciej-marasek-malgorzata-drozdowska-i-marta-fraczek-w-jury-cannes-lions-2019\/#primaryimage"},"image":{"@id":"https:\/\/favorite-news.com\/pl\/tytus-klepacz-maciej-marasek-malgorzata-drozdowska-i-marta-fraczek-w-jury-cannes-lions-2019\/#primaryimage"},"thumbnailUrl":"https:\/\/favorite-news.com\/pl\/wp-content\/uploads\/sites\/6\/2019\/05\/Tytus-Klepacz-Maciej-Marasek-Ma\u0142gorzata-Drozdowska-i-Marta-Fr\u0105czek-w.png","datePublished":"2019-05-10T11:58:49+00:00","dateModified":"2019-05-10T11:58:50+00:00","author":{"@id":"https:\/\/favorite-news.com\/pl\/#\/schema\/person\/b91573b717dcfa5e4696032a9d28d3e8"},"breadcrumb":{"@id":"https:\/\/favorite-news.com\/pl\/tytus-klepacz-maciej-marasek-malgorzata-drozdowska-i-marta-fraczek-w-jury-cannes-lions-2019\/#breadcrumb"},"inLanguage":"pl-PL","potentialAction":[{"@type":"ReadAction","target":["https:\/\/favorite-news.com\/pl\/tytus-klepacz-maciej-marasek-malgorzata-drozdowska-i-marta-fraczek-w-jury-cannes-lions-2019\/"]}]},{"@type":"ImageObject","inLanguage":"pl-PL","@id":"https:\/\/favorite-news.com\/pl\/tytus-klepacz-maciej-marasek-malgorzata-drozdowska-i-marta-fraczek-w-jury-cannes-lions-2019\/#primaryimage","url":"https:\/\/favorite-news.com\/pl\/wp-content\/uploads\/sites\/6\/2019\/05\/Tytus-Klepacz-Maciej-Marasek-Ma\u0142gorzata-Drozdowska-i-Marta-Fr\u0105czek-w.png","contentUrl":"https:\/\/favorite-news.com\/pl\/wp-content\/uploads\/sites\/6\/2019\/05\/Tytus-Klepacz-Maciej-Marasek-Ma\u0142gorzata-Drozdowska-i-Marta-Fr\u0105czek-w.png","width":655,"height":656,"caption":"Tytus Klepacz, Maciej Marasek, Ma\u0142gorzata Drozdowska i Marta Fr\u0105czek w jury Cannes Lions 2019"},{"@type":"BreadcrumbList","@id":"https:\/\/favorite-news.com\/pl\/tytus-klepacz-maciej-marasek-malgorzata-drozdowska-i-marta-fraczek-w-jury-cannes-lions-2019\/#breadcrumb","itemListElement":[{"@type":"ListItem","position":1,"name":"Home","item":"https:\/\/favorite-news.com\/pl\/"},{"@type":"ListItem","position":2,"name":"Tytus Klepacz, Maciej Marasek, Ma\u0142gorzata Drozdowska i Marta Fr\u0105czek w jury Cannes Lions 2019"}]},{"@type":"WebSite","@id":"https:\/\/favorite-news.com\/pl\/#website","url":"https:\/\/favorite-news.com\/pl\/","name":"Favorite News","description":"Favorite News Polska","potentialAction":[{"@type":"SearchAction","target":{"@type":"EntryPoint","urlTemplate":"https:\/\/favorite-news.com\/pl\/?s={search_term_string}"},"query-input":{"@type":"PropertyValueSpecification","valueRequired":true,"valueName":"search_term_string"}}],"inLanguage":"pl-PL"},{"@type":"Person","@id":"https:\/\/favorite-news.com\/pl\/#\/schema\/person\/b91573b717dcfa5e4696032a9d28d3e8","name":"favorite-news","image":{"@type":"ImageObject","inLanguage":"pl-PL","@id":"https:\/\/secure.gravatar.com\/avatar\/6c5a5cb12b74e9d517ee91cf570335b7d16177f1977cc91db161adfa435945a7?s=96&d=mm&r=g","url":"https:\/\/secure.gravatar.com\/avatar\/6c5a5cb12b74e9d517ee91cf570335b7d16177f1977cc91db161adfa435945a7?s=96&d=mm&r=g","contentUrl":"https:\/\/secure.gravatar.com\/avatar\/6c5a5cb12b74e9d517ee91cf570335b7d16177f1977cc91db161adfa435945a7?s=96&d=mm&r=g","caption":"favorite-news"},"url":"https:\/\/favorite-news.com\/pl\/author\/pt\/"}]}},"_links":{"self":[{"href":"https:\/\/favorite-news.com\/pl\/wp-json\/wp\/v2\/posts\/464","targetHints":{"allow":["GET"]}}],"collection":[{"href":"https:\/\/favorite-news.com\/pl\/wp-json\/wp\/v2\/posts"}],"about":[{"href":"https:\/\/favorite-news.com\/pl\/wp-json\/wp\/v2\/types\/post"}],"author":[{"embeddable":true,"href":"https:\/\/favorite-news.com\/pl\/wp-json\/wp\/v2\/users\/2"}],"replies":[{"embeddable":true,"href":"https:\/\/favorite-news.com\/pl\/wp-json\/wp\/v2\/comments?post=464"}],"version-history":[{"count":1,"href":"https:\/\/favorite-news.com\/pl\/wp-json\/wp\/v2\/posts\/464\/revisions"}],"predecessor-version":[{"id":466,"href":"https:\/\/favorite-news.com\/pl\/wp-json\/wp\/v2\/posts\/464\/revisions\/466"}],"wp:featuredmedia":[{"embeddable":true,"href":"https:\/\/favorite-news.com\/pl\/wp-json\/wp\/v2\/media\/465"}],"wp:attachment":[{"href":"https:\/\/favorite-news.com\/pl\/wp-json\/wp\/v2\/media?parent=464"}],"wp:term":[{"taxonomy":"category","embeddable":true,"href":"https:\/\/favorite-news.com\/pl\/wp-json\/wp\/v2\/categories?post=464"},{"taxonomy":"post_tag","embeddable":true,"href":"https:\/\/favorite-news.com\/pl\/wp-json\/wp\/v2\/tags?post=464"}],"curies":[{"name":"wp","href":"https:\/\/api.w.org\/{rel}","templated":true}]}}