{"id":458,"date":"2019-05-10T13:35:57","date_gmt":"2019-05-10T10:35:57","guid":{"rendered":"https:\/\/favorite-news.com\/pl\/sieci-handlowe-zwiekszyly-wydatki-reklamowe-mimo-niedzielnego-zakazu-handlu-liderem-lidl-top5\/"},"modified":"2019-05-10T13:35:58","modified_gmt":"2019-05-10T10:35:58","slug":"sieci-handlowe-zwiekszyly-wydatki-reklamowe-mimo-niedzielnego-zakazu-handlu-liderem-lidl-top5","status":"publish","type":"post","link":"https:\/\/favorite-news.com\/pl\/sieci-handlowe-zwiekszyly-wydatki-reklamowe-mimo-niedzielnego-zakazu-handlu-liderem-lidl-top5\/","title":{"rendered":"Sieci handlowe zwi\u0119kszy\u0142y wydatki reklamowe mimo niedzielnego zakazu handlu, liderem Lidl (TOP5)"},"content":{"rendered":"<p> [ad_1]<br \/>\n<\/p>\n<div id=\"\">\n<p>Media tradycyjne (poza internetem) zarobi\u0142y na reklamach sieci handlowych w okresie stycze\u0144- marzec br. ponad <strong>1,4 mld z\u0142. By\u0142o to 9,7 proc. wi\u0119cej ni\u017c w tym samym okresie ub.r. <\/strong>&#8211; wynika z analizy Wirtualnemedia.pl (dane cennikowe netto, bez rabat\u00f3w, Kantar).<\/p>\n<p>&#13;<br \/>\n&#13;<\/p>\n<p>Blisko po\u0142owa ich wydatk\u00f3w trafi\u0142a <strong>do radia (638,4 mln z\u0142), co oznacza wzrost o 7,7 proc. <\/strong>Drugim \u2013 bior\u0105c pod uwag\u0119 poziom wydatk\u00f3w \u2013 kana\u0142em komunikacji, po kt\u00f3re si\u0119gali detali\u015bci by\u0142a <strong>telewizja (ponad jedna trzecia wszystkich bud\u017cet\u00f3w). Na reklamy na szklanym ekranie wydano 490,3 mln z\u0142, zwi\u0119kszaj\u0105c nak\u0142ady w skali roku o 15,1 proc.<\/strong><\/p>\n<p>&#13;<br \/>\n&#13;<\/p>\n<p><strong>Magazyny na reklamach sieci handlowych zarobi\u0142y w omawianym okresie 116,3 mln z\u0142<\/strong> (wzrost o 16,8 proc.),<strong> a gazety \u2013 68,7 mln z\u0142<\/strong> (wzrost rok do roku o 6 proc.)<\/p>\n<p>&#13;<br \/>\n&#13;<\/p>\n<table border=\"0\" cellspacing=\"0\" cols=\"4\" frame=\"VOID\" rules=\"NONE\">\n<colgroup>\n<col width=\"217\"\/>\n<col width=\"129\"\/>\n<col width=\"106\"\/>\n<col width=\"86\"\/><\/colgroup>\n<tbody>\n<tr>\n<td align=\"CENTER\" bgcolor=\"#C0C0C0\" colspan=\"4\" height=\"17\" style=\"border-top: 1px solid #000000; border-left: 1px solid #000000; border-right: 1px solid #000000\" width=\"538\"><b>Wydatki reklamowe sieci handlowych w poszczeg\u00f3lnych mediach<\/b><\/td>\n<p>&#13;<br \/>\n\t\t<\/tr>\n<tr>\n<td align=\"CENTER\" bgcolor=\"#C0C0C0\" colspan=\"4\" height=\"18\" style=\"border-left: 1px solid #000000; border-right: 1px solid #000000\">(bez autopromocji, dane Kantar Media)<\/td>\n<p>&#13;<br \/>\n\t\t<\/tr>\n<tr>\n<td align=\"CENTER\" bgcolor=\"#C0C0C0\" height=\"18\" style=\"border-top: 1px solid #000000; border-bottom: 1px solid #000000; border-left: 1px solid #000000; border-right: 1px solid #000000\">WIRTUALNEMEDIA.PL<\/td>\n<p>&#13;<\/p>\n<td align=\"CENTER\" bgcolor=\"#C0C0C0\" style=\"border-top: 1px solid #000000; border-bottom: 1px solid #000000; border-left: 1px solid #000000; border-right: 1px solid #000000\"><b>I-III 2018<\/b><\/td>\n<p>&#13;<\/p>\n<td align=\"CENTER\" bgcolor=\"#C0C0C0\" style=\"border-top: 1px solid #000000; border-bottom: 1px solid #000000; border-left: 1px solid #000000; border-right: 1px solid #000000\"><b>I-III 2019<\/b><\/td>\n<p>&#13;<\/p>\n<td align=\"CENTER\" bgcolor=\"#C0C0C0\" style=\"border-top: 1px solid #000000; border-bottom: 1px solid #000000; border-left: 1px solid #000000; border-right: 1px solid #000000\"><b>zmiana proc.<\/b><\/td>\n<p>&#13;<br \/>\n\t\t<\/tr>\n<tr>\n<td align=\"CENTER\" height=\"18\" style=\"border-top: 1px solid #000000; border-bottom: 1px solid #000000; border-left: 1px solid #000000; border-right: 1px solid #000000\">Telewizja<\/td>\n<p>&#13;<\/p>\n<td align=\"CENTER\" style=\"border-top: 1px solid #000000; border-bottom: 1px solid #000000; border-left: 1px solid #000000; border-right: 1px solid #000000\">425\u00a0887\u00a0885 z\u0142<\/td>\n<p>&#13;<\/p>\n<td align=\"CENTER\" style=\"border-top: 1px solid #000000; border-bottom: 1px solid #000000; border-left: 1px solid #000000; border-right: 1px solid #000000\">490\u00a0314\u00a0843 z\u0142<\/td>\n<p>&#13;<\/p>\n<td align=\"CENTER\" style=\"border-top: 1px solid #000000; border-bottom: 1px solid #000000; border-left: 1px solid #000000; border-right: 1px solid #000000\">15,1<\/td>\n<p>&#13;<br \/>\n\t\t<\/tr>\n<tr>\n<td align=\"CENTER\" height=\"18\" style=\"border-top: 1px solid #000000; border-bottom: 1px solid #000000; border-left: 1px solid #000000; border-right: 1px solid #000000\">Radio<\/td>\n<p>&#13;<\/p>\n<td align=\"CENTER\" style=\"border-top: 1px solid #000000; border-bottom: 1px solid #000000; border-left: 1px solid #000000; border-right: 1px solid #000000\">592\u00a0962\u00a0490 z\u0142<\/td>\n<p>&#13;<\/p>\n<td align=\"CENTER\" style=\"border-top: 1px solid #000000; border-bottom: 1px solid #000000; border-left: 1px solid #000000; border-right: 1px solid #000000\">638\u00a0447\u00a0495 z\u0142<\/td>\n<p>&#13;<\/p>\n<td align=\"CENTER\" style=\"border-top: 1px solid #000000; border-bottom: 1px solid #000000; border-left: 1px solid #000000; border-right: 1px solid #000000\">7,7<\/td>\n<p>&#13;<br \/>\n\t\t<\/tr>\n<tr>\n<td align=\"CENTER\" height=\"18\" style=\"border-top: 1px solid #000000; border-bottom: 1px solid #000000; border-left: 1px solid #000000; border-right: 1px solid #000000\">Gazety<\/td>\n<p>&#13;<\/p>\n<td align=\"CENTER\" style=\"border-top: 1px solid #000000; border-bottom: 1px solid #000000; border-left: 1px solid #000000; border-right: 1px solid #000000\">64\u00a0768\u00a0841 z\u0142<\/td>\n<p>&#13;<\/p>\n<td align=\"CENTER\" style=\"border-top: 1px solid #000000; border-bottom: 1px solid #000000; border-left: 1px solid #000000; border-right: 1px solid #000000\">68\u00a0660\u00a0762 z\u0142<\/td>\n<p>&#13;<\/p>\n<td align=\"CENTER\" style=\"border-top: 1px solid #000000; border-bottom: 1px solid #000000; border-left: 1px solid #000000; border-right: 1px solid #000000\">6<\/td>\n<p>&#13;<br \/>\n\t\t<\/tr>\n<tr>\n<td align=\"CENTER\" height=\"18\" style=\"border-top: 1px solid #000000; border-bottom: 1px solid #000000; border-left: 1px solid #000000; border-right: 1px solid #000000\">Magazyny<\/td>\n<p>&#13;<\/p>\n<td align=\"CENTER\" style=\"border-top: 1px solid #000000; border-bottom: 1px solid #000000; border-left: 1px solid #000000; border-right: 1px solid #000000\">99\u00a0576\u00a0586 z\u0142<\/td>\n<p>&#13;<\/p>\n<td align=\"CENTER\" style=\"border-top: 1px solid #000000; border-bottom: 1px solid #000000; border-left: 1px solid #000000; border-right: 1px solid #000000\">116\u00a0273\u00a0869 z\u0142<\/td>\n<p>&#13;<\/p>\n<td align=\"CENTER\" style=\"border-top: 1px solid #000000; border-bottom: 1px solid #000000; border-left: 1px solid #000000; border-right: 1px solid #000000\">16,8<\/td>\n<p>&#13;<br \/>\n\t\t<\/tr>\n<tr>\n<td align=\"CENTER\" height=\"18\" style=\"border-top: 1px solid #000000; border-bottom: 1px solid #000000; border-left: 1px solid #000000; border-right: 1px solid #000000\">Outdoor<\/td>\n<p>&#13;<\/p>\n<td align=\"CENTER\" style=\"border-top: 1px solid #000000; border-bottom: 1px solid #000000; border-left: 1px solid #000000; border-right: 1px solid #000000\">78\u00a0253\u00a0510 z\u0142<\/td>\n<p>&#13;<\/p>\n<td align=\"CENTER\" style=\"border-top: 1px solid #000000; border-bottom: 1px solid #000000; border-left: 1px solid #000000; border-right: 1px solid #000000\">63\u00a0825\u00a0693 z\u0142<\/td>\n<p>&#13;<\/p>\n<td align=\"CENTER\" style=\"border-top: 1px solid #000000; border-bottom: 1px solid #000000; border-left: 1px solid #000000; border-right: 1px solid #000000\">-18,4<\/td>\n<p>&#13;<br \/>\n\t\t<\/tr>\n<tr>\n<td align=\"CENTER\" height=\"18\" style=\"border-top: 1px solid #000000; border-bottom: 1px solid #000000; border-left: 1px solid #000000; border-right: 1px solid #000000\">Kina<\/td>\n<p>&#13;<\/p>\n<td align=\"CENTER\" style=\"border-top: 1px solid #000000; border-bottom: 1px solid #000000; border-left: 1px solid #000000; border-right: 1px solid #000000\">13\u00a0759\u00a0968 z\u0142<\/td>\n<p>&#13;<\/p>\n<td align=\"CENTER\" style=\"border-top: 1px solid #000000; border-bottom: 1px solid #000000; border-left: 1px solid #000000; border-right: 1px solid #000000\">22\u00a0966\u00a0086 z\u0142<\/td>\n<p>&#13;<\/p>\n<td align=\"CENTER\" style=\"border-top: 1px solid #000000; border-bottom: 1px solid #000000; border-left: 1px solid #000000; border-right: 1px solid #000000\">66,9<\/td>\n<p>&#13;<br \/>\n\t\t<\/tr>\n<tr>\n<td align=\"CENTER\" height=\"18\" style=\"border-top: 1px solid #000000; border-bottom: 1px solid #000000; border-left: 1px solid #000000; border-right: 1px solid #000000\">Indoor<\/td>\n<p>&#13;<\/p>\n<td align=\"CENTER\" style=\"border-top: 1px solid #000000; border-bottom: 1px solid #000000; border-left: 1px solid #000000; border-right: 1px solid #000000\">5\u00a0271\u00a0360 z\u0142<\/td>\n<p>&#13;<\/p>\n<td align=\"CENTER\" style=\"border-top: 1px solid #000000; border-bottom: 1px solid #000000; border-left: 1px solid #000000; border-right: 1px solid #000000\">3\u00a0970\u00a0840 z\u0142<\/td>\n<p>&#13;<\/p>\n<td align=\"CENTER\" style=\"border-top: 1px solid #000000; border-bottom: 1px solid #000000; border-left: 1px solid #000000; border-right: 1px solid #000000\">-24,7<\/td>\n<p>&#13;<br \/>\n\t\t<\/tr>\n<tr>\n<td align=\"CENTER\" bgcolor=\"#CCFFFF\" height=\"18\" style=\"border-top: 1px solid #000000; border-bottom: 1px solid #000000; border-left: 1px solid #000000; border-right: 1px solid #000000\"><b>Razem<\/b><\/td>\n<p>&#13;<\/p>\n<td align=\"CENTER\" bgcolor=\"#CCFFFF\" style=\"border-top: 1px solid #000000; border-bottom: 1px solid #000000; border-left: 1px solid #000000; border-right: 1px solid #000000\"><b>1\u00a0280\u00a0480\u00a0640 z\u0142<\/b><\/td>\n<p>&#13;<\/p>\n<td align=\"CENTER\" bgcolor=\"#CCFFFF\" style=\"border-top: 1px solid #000000; border-bottom: 1px solid #000000; border-left: 1px solid #000000; border-right: 1px solid #000000\"><b>1\u00a0404\u00a0459\u00a0588 z\u0142<\/b><\/td>\n<p>&#13;<\/p>\n<td align=\"CENTER\" style=\"border-top: 1px solid #000000; border-bottom: 1px solid #000000; border-left: 1px solid #000000; border-right: 1px solid #000000\"><b>9,7<\/b><\/td>\n<p>&#13;<br \/>\n\t\t<\/tr>\n<\/tbody>\n<\/table>\n<p>&#13;<br \/>\nW\u0142a\u015bciciele dyskont\u00f3w, market\u00f3w i hipermarket\u00f3w wydali <strong>w kinach blisko 23 mln z, czyli o 66,9 proc. wi\u0119cej <\/strong>ni\u017c rok wcze\u015bniej.<br \/><strong>Mniej na ich reklamach zarobi\u0142a bran\u017ca outdoorowa &#8211; 63,8 mln z\u0142 <\/strong>(spadek o 18,4 proc.). <strong>Na reklam\u0119 indoorow\u0105 przeznaczono 24,7 proc. mniej w skali roku &#8211; nieca\u0142e 4 mln z\u0142.<\/strong><\/p>\n<p>&#13;<br \/>\n&#13;<\/p>\n<p><span style=\"font-size:20px;\"><strong>Lidl przoduje, Biedronka z najwi\u0119kszym wzrostem<\/strong><\/span><\/p>\n<p>&#13;<br \/>\n&#13;<\/p>\n<p>Najwi\u0119kszym reklamodawc\u0105 w\u015br\u00f3d sieci handlowych pozostaje <strong>Lidl Polska z wydatkami w kwocie 185,8 mln z\u0142 <\/strong>(wzrost rok do roku o 9,2 proc.). Pozycj\u0119 wicelidera zajmuje <strong>Terg z bud\u017cetem 132,3 mln z\u0142<\/strong> (wzrost o 5,6 proc.), a trzecie miejsce na podium nale\u017cy do <strong>Metro Group, kt\u00f3ry wyda\u0142 w omawianym okresie 105 mln z\u0142<\/strong> (wzrost o 10,9 proc.).<\/p>\n<p>&#13;<br \/>\n&#13;<\/p>\n<table border=\"0\" cellspacing=\"0\" cols=\"4\" frame=\"VOID\" rules=\"NONE\">\n<colgroup>\n<col width=\"217\"\/>\n<col width=\"129\"\/>\n<col width=\"106\"\/>\n<col width=\"86\"\/><\/colgroup>\n<tbody>\n<tr>\n<td align=\"CENTER\" bgcolor=\"#C0C0C0\" colspan=\"4\" height=\"17\" style=\"border-top: 1px solid #000000; border-left: 1px solid #000000; border-right: 1px solid #000000\" width=\"538\"><b>Wydatki reklamowe sieci handlowych (TOP 5)<\/b><\/td>\n<p>&#13;<br \/>\n\t\t<\/tr>\n<tr>\n<td align=\"CENTER\" bgcolor=\"#C0C0C0\" colspan=\"4\" height=\"18\" style=\"border-left: 1px solid #000000; border-right: 1px solid #000000\">(bez autopromocji, dane Kantar Media)<\/td>\n<p>&#13;<br \/>\n\t\t<\/tr>\n<tr>\n<td align=\"CENTER\" bgcolor=\"#C0C0C0\" height=\"18\" style=\"border-top: 1px solid #000000; border-bottom: 1px solid #000000; border-left: 1px solid #000000; border-right: 1px solid #000000\">WIRTUALNEMEDIA.PL<\/td>\n<p>&#13;<\/p>\n<td align=\"CENTER\" bgcolor=\"#C0C0C0\" style=\"border-top: 1px solid #000000; border-bottom: 1px solid #000000; border-left: 1px solid #000000; border-right: 1px solid #000000\"><b>I-III 2018<\/b><\/td>\n<p>&#13;<\/p>\n<td align=\"CENTER\" bgcolor=\"#C0C0C0\" style=\"border-top: 1px solid #000000; border-bottom: 1px solid #000000; border-left: 1px solid #000000; border-right: 1px solid #000000\"><b>I-III 2019<\/b><\/td>\n<p>&#13;<\/p>\n<td align=\"CENTER\" bgcolor=\"#C0C0C0\" style=\"border-top: 1px solid #000000; border-bottom: 1px solid #000000; border-left: 1px solid #000000; border-right: 1px solid #000000\"><b>zmiana proc.<\/b><\/td>\n<p>&#13;<br \/>\n\t\t<\/tr>\n<tr>\n<td align=\"CENTER\" height=\"18\" style=\"border-top: 1px solid #000000; border-bottom: 1px solid #000000; border-left: 1px solid #000000; border-right: 1px solid #000000\">LIDL<\/td>\n<p>&#13;<\/p>\n<td align=\"CENTER\" style=\"border-top: 1px solid #000000; border-bottom: 1px solid #000000; border-left: 1px solid #000000; border-right: 1px solid #000000\">170\u00a0118\u00a0147 z\u0142<\/td>\n<p>&#13;<\/p>\n<td align=\"CENTER\" style=\"border-top: 1px solid #000000; border-bottom: 1px solid #000000; border-left: 1px solid #000000; border-right: 1px solid #000000\">185\u00a0829\u00a0093 z\u0142<\/td>\n<p>&#13;<\/p>\n<td align=\"CENTER\" style=\"border-top: 1px solid #000000; border-bottom: 1px solid #000000; border-left: 1px solid #000000; border-right: 1px solid #000000\">9,2<\/td>\n<p>&#13;<br \/>\n\t\t<\/tr>\n<tr>\n<td align=\"CENTER\" height=\"18\" style=\"border-top: 1px solid #000000; border-bottom: 1px solid #000000; border-left: 1px solid #000000; border-right: 1px solid #000000\">TERG<\/td>\n<p>&#13;<\/p>\n<td align=\"CENTER\" style=\"border-top: 1px solid #000000; border-bottom: 1px solid #000000; border-left: 1px solid #000000; border-right: 1px solid #000000\">125\u00a0261\u00a0469 z\u0142<\/td>\n<p>&#13;<\/p>\n<td align=\"CENTER\" style=\"border-top: 1px solid #000000; border-bottom: 1px solid #000000; border-left: 1px solid #000000; border-right: 1px solid #000000\">132\u00a0294\u00a0455 z\u0142<\/td>\n<p>&#13;<\/p>\n<td align=\"CENTER\" style=\"border-top: 1px solid #000000; border-bottom: 1px solid #000000; border-left: 1px solid #000000; border-right: 1px solid #000000\">5,6<\/td>\n<p>&#13;<br \/>\n\t\t<\/tr>\n<tr>\n<td align=\"CENTER\" height=\"18\" style=\"border-top: 1px solid #000000; border-bottom: 1px solid #000000; border-left: 1px solid #000000; border-right: 1px solid #000000\">METRO GROUP<\/td>\n<p>&#13;<\/p>\n<td align=\"CENTER\" style=\"border-top: 1px solid #000000; border-bottom: 1px solid #000000; border-left: 1px solid #000000; border-right: 1px solid #000000\">94\u00a0750\u00a0882 z\u0142<\/td>\n<p>&#13;<\/p>\n<td align=\"CENTER\" style=\"border-top: 1px solid #000000; border-bottom: 1px solid #000000; border-left: 1px solid #000000; border-right: 1px solid #000000\">105\u00a0048\u00a0668 z\u0142<\/td>\n<p>&#13;<\/p>\n<td align=\"CENTER\" style=\"border-top: 1px solid #000000; border-bottom: 1px solid #000000; border-left: 1px solid #000000; border-right: 1px solid #000000\">10,9<\/td>\n<p>&#13;<br \/>\n\t\t<\/tr>\n<tr>\n<td align=\"CENTER\" height=\"18\" style=\"border-top: 1px solid #000000; border-bottom: 1px solid #000000; border-left: 1px solid #000000; border-right: 1px solid #000000\">EURO-NET WARSZAWA<\/td>\n<p>&#13;<\/p>\n<td align=\"CENTER\" style=\"border-top: 1px solid #000000; border-bottom: 1px solid #000000; border-left: 1px solid #000000; border-right: 1px solid #000000\">98\u00a0656\u00a0435 z\u0142<\/td>\n<p>&#13;<\/p>\n<td align=\"CENTER\" style=\"border-top: 1px solid #000000; border-bottom: 1px solid #000000; border-left: 1px solid #000000; border-right: 1px solid #000000\">102\u00a0184\u00a0160 z\u0142<\/td>\n<p>&#13;<\/p>\n<td align=\"CENTER\" style=\"border-top: 1px solid #000000; border-bottom: 1px solid #000000; border-left: 1px solid #000000; border-right: 1px solid #000000\">3,6<\/td>\n<p>&#13;<br \/>\n\t\t<\/tr>\n<tr>\n<td align=\"CENTER\" height=\"18\" style=\"border-top: 1px solid #000000; border-bottom: 1px solid #000000; border-left: 1px solid #000000; border-right: 1px solid #000000\">JERONIMO MARTINS POLSKA<\/td>\n<p>&#13;<\/p>\n<td align=\"CENTER\" style=\"border-top: 1px solid #000000; border-bottom: 1px solid #000000; border-left: 1px solid #000000; border-right: 1px solid #000000\">79\u00a0792\u00a0647 z\u0142<\/td>\n<p>&#13;<\/p>\n<td align=\"CENTER\" style=\"border-top: 1px solid #000000; border-bottom: 1px solid #000000; border-left: 1px solid #000000; border-right: 1px solid #000000\">96\u00a0885\u00a0533 z\u0142<\/td>\n<p>&#13;<\/p>\n<td align=\"CENTER\" style=\"border-top: 1px solid #000000; border-bottom: 1px solid #000000; border-left: 1px solid #000000; border-right: 1px solid #000000\">21,4<\/td>\n<p>&#13;<br \/>\n\t\t<\/tr>\n<tr>\n<td align=\"CENTER\" height=\"18\" style=\"border-top: 1px solid #000000; border-bottom: 1px solid #000000; border-left: 1px solid #000000; border-right: 1px solid #000000\"><b>razem<\/b><\/td>\n<p>&#13;<\/p>\n<td align=\"CENTER\" bgcolor=\"#CCFFFF\" style=\"border-top: 1px solid #000000; border-bottom: 1px solid #000000; border-left: 1px solid #000000; border-right: 1px solid #000000\"><b>1\u00a0280\u00a0480\u00a0640 z\u0142<\/b><\/td>\n<p>&#13;<\/p>\n<td align=\"CENTER\" bgcolor=\"#CCFFFF\" style=\"border-top: 1px solid #000000; border-bottom: 1px solid #000000; border-left: 1px solid #000000; border-right: 1px solid #000000\"><b>1\u00a0404\u00a0459\u00a0588 z\u0142<\/b><\/td>\n<p>&#13;<\/p>\n<td align=\"CENTER\" style=\"border-top: 1px solid #000000; border-bottom: 1px solid #000000; border-left: 1px solid #000000; border-right: 1px solid #000000\"><b>9,7<\/b><\/td>\n<p>&#13;<br \/>\n\t\t<\/tr>\n<\/tbody>\n<\/table>\n<p>Kolejne miejsca w \u015bcis\u0142ej czo\u0142\u00f3wce reklamowego rankingu zajmuj\u0105 <strong>Euro-Net Warszawa z wydatkami w kwocie 102,2 mln z\u0142 <\/strong>(wzrost o 3,6 proc.) i Jeronimo Martins Polska, <strong>w\u0142a\u015bciciel sieci Biedronka z bud\u017cetem 96,9 mln z\u0142 <\/strong>(wzrost o 21,4 proc.).<\/p>\n<p>&#13;<br \/>\n&#13;<\/p>\n<p>&#13;<br \/>\n&#13;<\/p>\n<p><span style=\"font-size:20px;\"><strong>Niedzielny zakaz handlu daje si\u0119 we znaki<\/strong><\/span><\/p>\n<p>&#13;<br \/>\n&#13;<\/p>\n<p>Warto przypomnie\u0107, \u017ce od wiosny ub.r. obowi\u0105zuje zakaz handlu w niedziele. Do ko\u0144ca 2018 roku sieci handlowe mog\u0142y by\u0107 czynne dwie niedziele w miesi\u0105cu. Od pocz\u0105tku tego roku ju\u017c trzy niedziele s\u0105 wolne od handlu.<\/p>\n<p>&#13;<br \/>\n&#13;<\/p>\n<p>Zakaz handlu zacz\u0105\u0142 obowi\u0105zywa\u0107 od marca ub.r. Nowe przepisy nie pozosta\u0142y bez wp\u0142ywu na kondycj\u0119 bran\u017cy handlowej. Z danych Retail Institute wynika, \u017ce w zwi\u0105zku z ograniczeniem handlu <strong>centra handlowe straci\u0142y w 2018 roku prawie 18 mln klient\u00f3w<\/strong> .<\/p>\n<p>&#13;<br \/>\n&#13;<\/p>\n<p>&#13;<br \/>\n&#13;<\/p>\n<p>Obowi\u0105zuj\u0105ce ograniczenia mia\u0142y te\u017c wp\u0142yw na strategie marketingowe sieci handlowych. Zw\u0142aszcza w przypadku dyskont\u00f3w wymusi\u0142y zmian\u0119 komunikacji i spos\u00f3b lokowania bud\u017cet\u00f3w w mediach.<\/p>\n<p>&#13;<br \/>\n&#13;<\/p>\n<p>Pocz\u0105tkowo Lidl czy Biedronka w swoich reklamach informowa\u0142y, \u017ce w dan\u0105 niedziel\u0119 sklepy nie b\u0119d\u0105 czynne i zach\u0119ca\u0142y klient\u00f3w do robienia zakup\u00f3w w pi\u0105tek i sobot\u0119. Biedronka poprzez wyd\u0142u\u017cenie czasu pracy sklep\u00f3w w pi\u0105tki i soboty poprzedzaj\u0105ce niehandlowe niedziele oraz specjalne promocje cenowe, a Lidl \u2013 has\u0142em \u201ekup wi\u0119cej\u201d zach\u0119ca\u0142 do robienie w soboty wi\u0119kszych ni\u017c zazwyczaj zakup\u00f3w.<\/p>\n<p>&#13;<br \/>\n&#13;<\/p>\n<p><span style=\"font-size:20px;\"><strong>Zdro\u017ca\u0142y reklamy w mediach<\/strong><\/span><\/p>\n<p>&#13;<br \/>\n&#13;<\/p>\n<p>Trudno jednoznacznie stwierdzi\u0107, czy widoczny w danych cennikowych wzrost wydatk\u00f3w na reklam\u0119 w I kwartale br. w por\u00f3wnaniu do tego samego okresu roku ub. mia\u0142 faktycznie miejsce. Ich marketingowcy nie ujawniaj\u0105 informacji na temat strategii lokowania bud\u017cet\u00f3w mediowych.<\/p>\n<p>&#13;<br \/>\n&#13;<\/p>\n<p>Warto te\u017c zwr\u00f3ci\u0107 uwag\u0119, \u017ce widoczne wi\u0119ksze nak\u0142ady na reklam\u0119 mog\u0105 by\u0107 skutkiem wzrostu cen reklam m.in. w telewizjach i radiu.<\/p>\n<p>&#13;<br \/>\n&#13;<\/p>\n<p>Stacje z Grupy RMF podnios\u0142y z pocz\u0105tkiem marca br. ceny reklam \u015brednio o 5 proc. W Telewizji Polskiej podwy\u017cka na ten rok wynosi od 6 do 16 proc.\u00a0 W Radiu Zet reklamy zdro\u017ca\u0142y od lutego \u2013 \u015brednio o 8,6 proc.<\/p>\n<p>&#13;<br \/>\n                            &#13;<br \/>\n&#13;<br \/>\n                            &#13;<br \/>\n&#13;<br \/>\n&#13;<br \/>\n&#13;<br \/>\n&#13;<br \/>\n&#13;<br \/>\n                            &#13;<br \/>\n                                                            &#13;<br \/>\n&#13;<br \/>\n                            &#13;\n                        <\/p><\/div>\n<p><script>(function (d, s, id) {\n        var js, fjs = d.getElementsByTagName(s)[0];\n        if (d.getElementById(id)) return;\n        js = d.createElement(s);\n        js.id = id;\n        js.src = \"http:\/\/connect.facebook.net\/pl_PL\/sdk.js#xfbml=1&version=v2.6&appId=297996717062470\";\n        fjs.parentNode.insertBefore(js, fjs);\n    }(document, 'script', 'facebook-jssdk'));<\/script><br \/>\n<br \/>[ad_2]<br \/>\n<br \/><a href=\"https:\/\/www.wirtualnemedia.pl\/artykul\/sieci-handlowe-zwiekszyly-wydatki-reklamowe-mimo-niedzielnego-zakazu-handlu-liderem-lidl-top5\">Source link <\/a><\/p>\n","protected":false},"excerpt":{"rendered":"<p>[ad_1] Media tradycyjne (poza internetem) zarobi\u0142y na reklamach sieci handlowych w okresie stycze\u0144- marzec br. ponad 1,4 mld z\u0142. By\u0142o to 9,7 proc. wi\u0119cej ni\u017c w tym samym okresie ub.r. &#8211; wynika z analizy Wirtualnemedia.pl (dane cennikowe netto, bez rabat\u00f3w, Kantar). &#13; &#13; Blisko po\u0142owa ich wydatk\u00f3w trafi\u0142a do radia (638,4 mln z\u0142), co oznacza [&hellip;]<\/p>\n","protected":false},"author":2,"featured_media":459,"comment_status":"open","ping_status":"open","sticky":false,"template":"","format":"standard","meta":{"footnotes":""},"categories":[2],"tags":[],"class_list":["post-458","post","type-post","status-publish","format-standard","has-post-thumbnail","hentry","category-wiadomosci-marketingowe-internetowe"],"yoast_head":"<!-- This site is optimized with the Yoast SEO plugin v27.4 - https:\/\/yoast.com\/product\/yoast-seo-wordpress\/ -->\n<title>Sieci handlowe zwi\u0119kszy\u0142y wydatki reklamowe mimo niedzielnego zakazu handlu, liderem Lidl (TOP5) - Favorite News<\/title>\n<meta name=\"robots\" content=\"index, follow, max-snippet:-1, max-image-preview:large, max-video-preview:-1\" \/>\n<link rel=\"canonical\" href=\"https:\/\/favorite-news.com\/pl\/sieci-handlowe-zwiekszyly-wydatki-reklamowe-mimo-niedzielnego-zakazu-handlu-liderem-lidl-top5\/\" \/>\n<meta property=\"og:locale\" content=\"pl_PL\" \/>\n<meta property=\"og:type\" content=\"article\" \/>\n<meta property=\"og:title\" content=\"Sieci handlowe zwi\u0119kszy\u0142y wydatki reklamowe mimo niedzielnego zakazu handlu, liderem Lidl (TOP5) - Favorite News\" \/>\n<meta property=\"og:description\" content=\"[ad_1] Media tradycyjne (poza internetem) zarobi\u0142y na reklamach sieci handlowych w okresie stycze\u0144- marzec br. ponad 1,4 mld z\u0142. By\u0142o to 9,7 proc. wi\u0119cej ni\u017c w tym samym okresie ub.r. &#8211; wynika z analizy Wirtualnemedia.pl (dane cennikowe netto, bez rabat\u00f3w, Kantar). &#013; &#013; Blisko po\u0142owa ich wydatk\u00f3w trafi\u0142a do radia (638,4 mln z\u0142), co oznacza [&hellip;]\" \/>\n<meta property=\"og:url\" content=\"https:\/\/favorite-news.com\/pl\/sieci-handlowe-zwiekszyly-wydatki-reklamowe-mimo-niedzielnego-zakazu-handlu-liderem-lidl-top5\/\" \/>\n<meta property=\"og:site_name\" content=\"Favorite News\" \/>\n<meta property=\"article:published_time\" content=\"2019-05-10T10:35:57+00:00\" \/>\n<meta property=\"article:modified_time\" content=\"2019-05-10T10:35:58+00:00\" \/>\n<meta property=\"og:image\" content=\"https:\/\/favorite-news.com\/pl\/wp-content\/uploads\/sites\/6\/2019\/05\/Sieci-handlowe-zwi\u0119kszy\u0142y-wydatki-reklamowe-mimo-niedzielnego-zakazu-handlu-liderem.jpg\" \/>\n\t<meta property=\"og:image:width\" content=\"655\" \/>\n\t<meta property=\"og:image:height\" content=\"437\" \/>\n\t<meta property=\"og:image:type\" content=\"image\/jpeg\" \/>\n<meta name=\"author\" content=\"favorite-news\" \/>\n<meta name=\"twitter:card\" content=\"summary_large_image\" \/>\n<meta name=\"twitter:label1\" content=\"Napisane przez\" \/>\n\t<meta name=\"twitter:data1\" content=\"favorite-news\" \/>\n\t<meta name=\"twitter:label2\" content=\"Szacowany czas czytania\" \/>\n\t<meta name=\"twitter:data2\" content=\"3 minuty\" \/>\n<script type=\"application\/ld+json\" class=\"yoast-schema-graph\">{\"@context\":\"https:\\\/\\\/schema.org\",\"@graph\":[{\"@type\":\"Article\",\"@id\":\"https:\\\/\\\/favorite-news.com\\\/pl\\\/sieci-handlowe-zwiekszyly-wydatki-reklamowe-mimo-niedzielnego-zakazu-handlu-liderem-lidl-top5\\\/#article\",\"isPartOf\":{\"@id\":\"https:\\\/\\\/favorite-news.com\\\/pl\\\/sieci-handlowe-zwiekszyly-wydatki-reklamowe-mimo-niedzielnego-zakazu-handlu-liderem-lidl-top5\\\/\"},\"author\":{\"name\":\"favorite-news\",\"@id\":\"https:\\\/\\\/favorite-news.com\\\/pl\\\/#\\\/schema\\\/person\\\/b91573b717dcfa5e4696032a9d28d3e8\"},\"headline\":\"Sieci handlowe zwi\u0119kszy\u0142y wydatki reklamowe mimo niedzielnego zakazu handlu, liderem Lidl (TOP5)\",\"datePublished\":\"2019-05-10T10:35:57+00:00\",\"dateModified\":\"2019-05-10T10:35:58+00:00\",\"mainEntityOfPage\":{\"@id\":\"https:\\\/\\\/favorite-news.com\\\/pl\\\/sieci-handlowe-zwiekszyly-wydatki-reklamowe-mimo-niedzielnego-zakazu-handlu-liderem-lidl-top5\\\/\"},\"wordCount\":701,\"commentCount\":0,\"image\":{\"@id\":\"https:\\\/\\\/favorite-news.com\\\/pl\\\/sieci-handlowe-zwiekszyly-wydatki-reklamowe-mimo-niedzielnego-zakazu-handlu-liderem-lidl-top5\\\/#primaryimage\"},\"thumbnailUrl\":\"https:\\\/\\\/favorite-news.com\\\/pl\\\/wp-content\\\/uploads\\\/sites\\\/6\\\/2019\\\/05\\\/Sieci-handlowe-zwi\u0119kszy\u0142y-wydatki-reklamowe-mimo-niedzielnego-zakazu-handlu-liderem.jpg\",\"articleSection\":[\"WIADOMO\u015aCI MARKETINGOWE INTERNETOWE\"],\"inLanguage\":\"pl-PL\",\"potentialAction\":[{\"@type\":\"CommentAction\",\"name\":\"Comment\",\"target\":[\"https:\\\/\\\/favorite-news.com\\\/pl\\\/sieci-handlowe-zwiekszyly-wydatki-reklamowe-mimo-niedzielnego-zakazu-handlu-liderem-lidl-top5\\\/#respond\"]}]},{\"@type\":\"WebPage\",\"@id\":\"https:\\\/\\\/favorite-news.com\\\/pl\\\/sieci-handlowe-zwiekszyly-wydatki-reklamowe-mimo-niedzielnego-zakazu-handlu-liderem-lidl-top5\\\/\",\"url\":\"https:\\\/\\\/favorite-news.com\\\/pl\\\/sieci-handlowe-zwiekszyly-wydatki-reklamowe-mimo-niedzielnego-zakazu-handlu-liderem-lidl-top5\\\/\",\"name\":\"Sieci handlowe zwi\u0119kszy\u0142y wydatki reklamowe mimo niedzielnego zakazu handlu, liderem Lidl (TOP5) - Favorite News\",\"isPartOf\":{\"@id\":\"https:\\\/\\\/favorite-news.com\\\/pl\\\/#website\"},\"primaryImageOfPage\":{\"@id\":\"https:\\\/\\\/favorite-news.com\\\/pl\\\/sieci-handlowe-zwiekszyly-wydatki-reklamowe-mimo-niedzielnego-zakazu-handlu-liderem-lidl-top5\\\/#primaryimage\"},\"image\":{\"@id\":\"https:\\\/\\\/favorite-news.com\\\/pl\\\/sieci-handlowe-zwiekszyly-wydatki-reklamowe-mimo-niedzielnego-zakazu-handlu-liderem-lidl-top5\\\/#primaryimage\"},\"thumbnailUrl\":\"https:\\\/\\\/favorite-news.com\\\/pl\\\/wp-content\\\/uploads\\\/sites\\\/6\\\/2019\\\/05\\\/Sieci-handlowe-zwi\u0119kszy\u0142y-wydatki-reklamowe-mimo-niedzielnego-zakazu-handlu-liderem.jpg\",\"datePublished\":\"2019-05-10T10:35:57+00:00\",\"dateModified\":\"2019-05-10T10:35:58+00:00\",\"author\":{\"@id\":\"https:\\\/\\\/favorite-news.com\\\/pl\\\/#\\\/schema\\\/person\\\/b91573b717dcfa5e4696032a9d28d3e8\"},\"breadcrumb\":{\"@id\":\"https:\\\/\\\/favorite-news.com\\\/pl\\\/sieci-handlowe-zwiekszyly-wydatki-reklamowe-mimo-niedzielnego-zakazu-handlu-liderem-lidl-top5\\\/#breadcrumb\"},\"inLanguage\":\"pl-PL\",\"potentialAction\":[{\"@type\":\"ReadAction\",\"target\":[\"https:\\\/\\\/favorite-news.com\\\/pl\\\/sieci-handlowe-zwiekszyly-wydatki-reklamowe-mimo-niedzielnego-zakazu-handlu-liderem-lidl-top5\\\/\"]}]},{\"@type\":\"ImageObject\",\"inLanguage\":\"pl-PL\",\"@id\":\"https:\\\/\\\/favorite-news.com\\\/pl\\\/sieci-handlowe-zwiekszyly-wydatki-reklamowe-mimo-niedzielnego-zakazu-handlu-liderem-lidl-top5\\\/#primaryimage\",\"url\":\"https:\\\/\\\/favorite-news.com\\\/pl\\\/wp-content\\\/uploads\\\/sites\\\/6\\\/2019\\\/05\\\/Sieci-handlowe-zwi\u0119kszy\u0142y-wydatki-reklamowe-mimo-niedzielnego-zakazu-handlu-liderem.jpg\",\"contentUrl\":\"https:\\\/\\\/favorite-news.com\\\/pl\\\/wp-content\\\/uploads\\\/sites\\\/6\\\/2019\\\/05\\\/Sieci-handlowe-zwi\u0119kszy\u0142y-wydatki-reklamowe-mimo-niedzielnego-zakazu-handlu-liderem.jpg\",\"width\":655,\"height\":437,\"caption\":\"Article\"},{\"@type\":\"BreadcrumbList\",\"@id\":\"https:\\\/\\\/favorite-news.com\\\/pl\\\/sieci-handlowe-zwiekszyly-wydatki-reklamowe-mimo-niedzielnego-zakazu-handlu-liderem-lidl-top5\\\/#breadcrumb\",\"itemListElement\":[{\"@type\":\"ListItem\",\"position\":1,\"name\":\"Home\",\"item\":\"https:\\\/\\\/favorite-news.com\\\/pl\\\/\"},{\"@type\":\"ListItem\",\"position\":2,\"name\":\"Sieci handlowe zwi\u0119kszy\u0142y wydatki reklamowe mimo niedzielnego zakazu handlu, liderem Lidl (TOP5)\"}]},{\"@type\":\"WebSite\",\"@id\":\"https:\\\/\\\/favorite-news.com\\\/pl\\\/#website\",\"url\":\"https:\\\/\\\/favorite-news.com\\\/pl\\\/\",\"name\":\"Favorite News\",\"description\":\"Favorite News Polska\",\"potentialAction\":[{\"@type\":\"SearchAction\",\"target\":{\"@type\":\"EntryPoint\",\"urlTemplate\":\"https:\\\/\\\/favorite-news.com\\\/pl\\\/?s={search_term_string}\"},\"query-input\":{\"@type\":\"PropertyValueSpecification\",\"valueRequired\":true,\"valueName\":\"search_term_string\"}}],\"inLanguage\":\"pl-PL\"},{\"@type\":\"Person\",\"@id\":\"https:\\\/\\\/favorite-news.com\\\/pl\\\/#\\\/schema\\\/person\\\/b91573b717dcfa5e4696032a9d28d3e8\",\"name\":\"favorite-news\",\"image\":{\"@type\":\"ImageObject\",\"inLanguage\":\"pl-PL\",\"@id\":\"https:\\\/\\\/secure.gravatar.com\\\/avatar\\\/6c5a5cb12b74e9d517ee91cf570335b7d16177f1977cc91db161adfa435945a7?s=96&d=mm&r=g\",\"url\":\"https:\\\/\\\/secure.gravatar.com\\\/avatar\\\/6c5a5cb12b74e9d517ee91cf570335b7d16177f1977cc91db161adfa435945a7?s=96&d=mm&r=g\",\"contentUrl\":\"https:\\\/\\\/secure.gravatar.com\\\/avatar\\\/6c5a5cb12b74e9d517ee91cf570335b7d16177f1977cc91db161adfa435945a7?s=96&d=mm&r=g\",\"caption\":\"favorite-news\"},\"url\":\"https:\\\/\\\/favorite-news.com\\\/pl\\\/author\\\/pt\\\/\"}]}<\/script>\n<!-- \/ Yoast SEO plugin. -->","yoast_head_json":{"title":"Sieci handlowe zwi\u0119kszy\u0142y wydatki reklamowe mimo niedzielnego zakazu handlu, liderem Lidl (TOP5) - Favorite News","robots":{"index":"index","follow":"follow","max-snippet":"max-snippet:-1","max-image-preview":"max-image-preview:large","max-video-preview":"max-video-preview:-1"},"canonical":"https:\/\/favorite-news.com\/pl\/sieci-handlowe-zwiekszyly-wydatki-reklamowe-mimo-niedzielnego-zakazu-handlu-liderem-lidl-top5\/","og_locale":"pl_PL","og_type":"article","og_title":"Sieci handlowe zwi\u0119kszy\u0142y wydatki reklamowe mimo niedzielnego zakazu handlu, liderem Lidl (TOP5) - Favorite News","og_description":"[ad_1] Media tradycyjne (poza internetem) zarobi\u0142y na reklamach sieci handlowych w okresie stycze\u0144- marzec br. ponad 1,4 mld z\u0142. By\u0142o to 9,7 proc. wi\u0119cej ni\u017c w tym samym okresie ub.r. &#8211; wynika z analizy Wirtualnemedia.pl (dane cennikowe netto, bez rabat\u00f3w, Kantar). &#13; &#13; Blisko po\u0142owa ich wydatk\u00f3w trafi\u0142a do radia (638,4 mln z\u0142), co oznacza [&hellip;]","og_url":"https:\/\/favorite-news.com\/pl\/sieci-handlowe-zwiekszyly-wydatki-reklamowe-mimo-niedzielnego-zakazu-handlu-liderem-lidl-top5\/","og_site_name":"Favorite News","article_published_time":"2019-05-10T10:35:57+00:00","article_modified_time":"2019-05-10T10:35:58+00:00","og_image":[{"width":655,"height":437,"url":"https:\/\/favorite-news.com\/pl\/wp-content\/uploads\/sites\/6\/2019\/05\/Sieci-handlowe-zwi\u0119kszy\u0142y-wydatki-reklamowe-mimo-niedzielnego-zakazu-handlu-liderem.jpg","type":"image\/jpeg"}],"author":"favorite-news","twitter_card":"summary_large_image","twitter_misc":{"Napisane przez":"favorite-news","Szacowany czas czytania":"3 minuty"},"schema":{"@context":"https:\/\/schema.org","@graph":[{"@type":"Article","@id":"https:\/\/favorite-news.com\/pl\/sieci-handlowe-zwiekszyly-wydatki-reklamowe-mimo-niedzielnego-zakazu-handlu-liderem-lidl-top5\/#article","isPartOf":{"@id":"https:\/\/favorite-news.com\/pl\/sieci-handlowe-zwiekszyly-wydatki-reklamowe-mimo-niedzielnego-zakazu-handlu-liderem-lidl-top5\/"},"author":{"name":"favorite-news","@id":"https:\/\/favorite-news.com\/pl\/#\/schema\/person\/b91573b717dcfa5e4696032a9d28d3e8"},"headline":"Sieci handlowe zwi\u0119kszy\u0142y wydatki reklamowe mimo niedzielnego zakazu handlu, liderem Lidl (TOP5)","datePublished":"2019-05-10T10:35:57+00:00","dateModified":"2019-05-10T10:35:58+00:00","mainEntityOfPage":{"@id":"https:\/\/favorite-news.com\/pl\/sieci-handlowe-zwiekszyly-wydatki-reklamowe-mimo-niedzielnego-zakazu-handlu-liderem-lidl-top5\/"},"wordCount":701,"commentCount":0,"image":{"@id":"https:\/\/favorite-news.com\/pl\/sieci-handlowe-zwiekszyly-wydatki-reklamowe-mimo-niedzielnego-zakazu-handlu-liderem-lidl-top5\/#primaryimage"},"thumbnailUrl":"https:\/\/favorite-news.com\/pl\/wp-content\/uploads\/sites\/6\/2019\/05\/Sieci-handlowe-zwi\u0119kszy\u0142y-wydatki-reklamowe-mimo-niedzielnego-zakazu-handlu-liderem.jpg","articleSection":["WIADOMO\u015aCI MARKETINGOWE INTERNETOWE"],"inLanguage":"pl-PL","potentialAction":[{"@type":"CommentAction","name":"Comment","target":["https:\/\/favorite-news.com\/pl\/sieci-handlowe-zwiekszyly-wydatki-reklamowe-mimo-niedzielnego-zakazu-handlu-liderem-lidl-top5\/#respond"]}]},{"@type":"WebPage","@id":"https:\/\/favorite-news.com\/pl\/sieci-handlowe-zwiekszyly-wydatki-reklamowe-mimo-niedzielnego-zakazu-handlu-liderem-lidl-top5\/","url":"https:\/\/favorite-news.com\/pl\/sieci-handlowe-zwiekszyly-wydatki-reklamowe-mimo-niedzielnego-zakazu-handlu-liderem-lidl-top5\/","name":"Sieci handlowe zwi\u0119kszy\u0142y wydatki reklamowe mimo niedzielnego zakazu handlu, liderem Lidl (TOP5) - Favorite News","isPartOf":{"@id":"https:\/\/favorite-news.com\/pl\/#website"},"primaryImageOfPage":{"@id":"https:\/\/favorite-news.com\/pl\/sieci-handlowe-zwiekszyly-wydatki-reklamowe-mimo-niedzielnego-zakazu-handlu-liderem-lidl-top5\/#primaryimage"},"image":{"@id":"https:\/\/favorite-news.com\/pl\/sieci-handlowe-zwiekszyly-wydatki-reklamowe-mimo-niedzielnego-zakazu-handlu-liderem-lidl-top5\/#primaryimage"},"thumbnailUrl":"https:\/\/favorite-news.com\/pl\/wp-content\/uploads\/sites\/6\/2019\/05\/Sieci-handlowe-zwi\u0119kszy\u0142y-wydatki-reklamowe-mimo-niedzielnego-zakazu-handlu-liderem.jpg","datePublished":"2019-05-10T10:35:57+00:00","dateModified":"2019-05-10T10:35:58+00:00","author":{"@id":"https:\/\/favorite-news.com\/pl\/#\/schema\/person\/b91573b717dcfa5e4696032a9d28d3e8"},"breadcrumb":{"@id":"https:\/\/favorite-news.com\/pl\/sieci-handlowe-zwiekszyly-wydatki-reklamowe-mimo-niedzielnego-zakazu-handlu-liderem-lidl-top5\/#breadcrumb"},"inLanguage":"pl-PL","potentialAction":[{"@type":"ReadAction","target":["https:\/\/favorite-news.com\/pl\/sieci-handlowe-zwiekszyly-wydatki-reklamowe-mimo-niedzielnego-zakazu-handlu-liderem-lidl-top5\/"]}]},{"@type":"ImageObject","inLanguage":"pl-PL","@id":"https:\/\/favorite-news.com\/pl\/sieci-handlowe-zwiekszyly-wydatki-reklamowe-mimo-niedzielnego-zakazu-handlu-liderem-lidl-top5\/#primaryimage","url":"https:\/\/favorite-news.com\/pl\/wp-content\/uploads\/sites\/6\/2019\/05\/Sieci-handlowe-zwi\u0119kszy\u0142y-wydatki-reklamowe-mimo-niedzielnego-zakazu-handlu-liderem.jpg","contentUrl":"https:\/\/favorite-news.com\/pl\/wp-content\/uploads\/sites\/6\/2019\/05\/Sieci-handlowe-zwi\u0119kszy\u0142y-wydatki-reklamowe-mimo-niedzielnego-zakazu-handlu-liderem.jpg","width":655,"height":437,"caption":"Article"},{"@type":"BreadcrumbList","@id":"https:\/\/favorite-news.com\/pl\/sieci-handlowe-zwiekszyly-wydatki-reklamowe-mimo-niedzielnego-zakazu-handlu-liderem-lidl-top5\/#breadcrumb","itemListElement":[{"@type":"ListItem","position":1,"name":"Home","item":"https:\/\/favorite-news.com\/pl\/"},{"@type":"ListItem","position":2,"name":"Sieci handlowe zwi\u0119kszy\u0142y wydatki reklamowe mimo niedzielnego zakazu handlu, liderem Lidl (TOP5)"}]},{"@type":"WebSite","@id":"https:\/\/favorite-news.com\/pl\/#website","url":"https:\/\/favorite-news.com\/pl\/","name":"Favorite News","description":"Favorite News Polska","potentialAction":[{"@type":"SearchAction","target":{"@type":"EntryPoint","urlTemplate":"https:\/\/favorite-news.com\/pl\/?s={search_term_string}"},"query-input":{"@type":"PropertyValueSpecification","valueRequired":true,"valueName":"search_term_string"}}],"inLanguage":"pl-PL"},{"@type":"Person","@id":"https:\/\/favorite-news.com\/pl\/#\/schema\/person\/b91573b717dcfa5e4696032a9d28d3e8","name":"favorite-news","image":{"@type":"ImageObject","inLanguage":"pl-PL","@id":"https:\/\/secure.gravatar.com\/avatar\/6c5a5cb12b74e9d517ee91cf570335b7d16177f1977cc91db161adfa435945a7?s=96&d=mm&r=g","url":"https:\/\/secure.gravatar.com\/avatar\/6c5a5cb12b74e9d517ee91cf570335b7d16177f1977cc91db161adfa435945a7?s=96&d=mm&r=g","contentUrl":"https:\/\/secure.gravatar.com\/avatar\/6c5a5cb12b74e9d517ee91cf570335b7d16177f1977cc91db161adfa435945a7?s=96&d=mm&r=g","caption":"favorite-news"},"url":"https:\/\/favorite-news.com\/pl\/author\/pt\/"}]}},"_links":{"self":[{"href":"https:\/\/favorite-news.com\/pl\/wp-json\/wp\/v2\/posts\/458","targetHints":{"allow":["GET"]}}],"collection":[{"href":"https:\/\/favorite-news.com\/pl\/wp-json\/wp\/v2\/posts"}],"about":[{"href":"https:\/\/favorite-news.com\/pl\/wp-json\/wp\/v2\/types\/post"}],"author":[{"embeddable":true,"href":"https:\/\/favorite-news.com\/pl\/wp-json\/wp\/v2\/users\/2"}],"replies":[{"embeddable":true,"href":"https:\/\/favorite-news.com\/pl\/wp-json\/wp\/v2\/comments?post=458"}],"version-history":[{"count":1,"href":"https:\/\/favorite-news.com\/pl\/wp-json\/wp\/v2\/posts\/458\/revisions"}],"predecessor-version":[{"id":460,"href":"https:\/\/favorite-news.com\/pl\/wp-json\/wp\/v2\/posts\/458\/revisions\/460"}],"wp:featuredmedia":[{"embeddable":true,"href":"https:\/\/favorite-news.com\/pl\/wp-json\/wp\/v2\/media\/459"}],"wp:attachment":[{"href":"https:\/\/favorite-news.com\/pl\/wp-json\/wp\/v2\/media?parent=458"}],"wp:term":[{"taxonomy":"category","embeddable":true,"href":"https:\/\/favorite-news.com\/pl\/wp-json\/wp\/v2\/categories?post=458"},{"taxonomy":"post_tag","embeddable":true,"href":"https:\/\/favorite-news.com\/pl\/wp-json\/wp\/v2\/tags?post=458"}],"curies":[{"name":"wp","href":"https:\/\/api.w.org\/{rel}","templated":true}]}}