{"id":4559,"date":"2019-09-16T11:11:17","date_gmt":"2019-09-16T08:11:17","guid":{"rendered":"https:\/\/favorite-news.com\/pl\/rtv-euro-agd-stawia-na-duza-dynamike-akcji-promocyjnych\/"},"modified":"2019-09-16T11:11:18","modified_gmt":"2019-09-16T08:11:18","slug":"rtv-euro-agd-stawia-na-duza-dynamike-akcji-promocyjnych","status":"publish","type":"post","link":"https:\/\/favorite-news.com\/pl\/rtv-euro-agd-stawia-na-duza-dynamike-akcji-promocyjnych\/","title":{"rendered":"RTV Euro AGD stawia na du\u017c\u0105 dynamik\u0119 akcji promocyjnych"},"content":{"rendered":"<p>Po tym, jak z ko\u0144cem sierpnia br. z firmy odszed\u0142 po 4 latach pracy jej dotychczasowy rzecznik prasowy i dyrektor marketingu, Tomasz Siedlecki, nie mianowano jego nast\u0119pcy.&#13;<br \/>\n&#13;<br \/>\nObowi\u0105zki w zakresie marketingu przej\u0105\u0142 Grzegorz Wachowicz, dyrektor pionu handlu i marketingu w RTV Euro AGD.&#13;<br \/>\n&#13;<br \/>\n&#8211; Dynamiczna rzeczywisto\u015b\u0107 rynkowa wymaga du\u017cej szybko\u015bci i efektywno\u015bci operacyjnej, a przede wszystkim innowacyjnego podej\u015bcia do komunikacji z\u00a0konsumentami. Klient w ostatnim czasie bardzo si\u0119 zmieni\u0142: jest \u015bwiadomy, wyedukowany, korzysta z informacji, analiz produktowych i rekomendacji, dzi\u0119ki internetowi ma dost\u0119p do bardzo szerokiej wiedzy. \u017beby dociera\u0107 do takich klient\u00f3w musimy tworzy\u0107 konsekwentny przekaz, kt\u00f3ry wyr\u00f3\u017cni si\u0119 na rynku i\u00a0poka\u017ce nasze technologiczne atuty &#8211; m\u00f3wi\u00a0 Wachowicz.&#13;<br \/>\n&#13;<br \/>\nZmiany w podej\u015bciu do komunikacji marketingowej s\u0105 widoczne ju\u017c od pewnego czasu. RTV Euro AGD wprowadzi\u0142o du\u017c\u0105 dynamik\u0119 akcji promocyjnych, zar\u00f3wno w\u00a0sklepach stacjonarnych, jak i online, prowadz\u0105c intensywn\u0105 komunikacj\u0119 za po\u015brednictwem r\u00f3\u017cnych narz\u0119dzi i kana\u0142\u00f3w.&#13;<br \/>\n&#13;<br \/>\n&#8211; Konsumenci korzystaj\u0105 obecnie z medi\u00f3w spo\u0142eczno\u015bciowych, szukaj\u0105 informacji w\u00a0internecie, ogl\u0105daj\u0105 TV, s\u0142uchaj\u0105 radia, ogl\u0105daj\u0105 billboardy, zmieni\u0142 si\u0119 spos\u00f3b absorbcji reklamy. Sami wybieraj\u0105 no\u015bniki, przez kt\u00f3re docieraj\u0105 do nich informacje marketingowe. Maj\u0105c t\u0119 \u015bwiadomo\u015b\u0107, konsekwentnie wprowadzamy strategi\u0119 marketingu 360 stopni i budowali\u015bmy w firmie struktur\u0119, kt\u00f3ra zapewni skuteczn\u0105 realizacj\u0119 tej strategii &#8211; dodaje Grzegorz Wachowicz. \u2013 A to oznacza\u0142o nieuchronne zmiany, tak\u017ce personalne. Ciesz\u0119 si\u0119, \u017ce obecnie mamy zesp\u00f3\u0142, kt\u00f3ry doskonale rozumie nowy kierunek i jest w stanie z zaanga\u017cowaniem go realizowa\u0107. Zale\u017ca\u0142o mi, \u017ceby w\u00a0marketingu pracowali ludzie z pasj\u0105 i entuzjazmem, bo tylko dzi\u0119ki temu mog\u0105 powsta\u0107 unikalne, nowatorskie pomys\u0142y.&#13;<br \/>\n&#13;<br \/>\nEfekty nowego podej\u015bcia do komunikacji i do obs\u0142ugi klienta mo\u017cna ju\u017c obserwowa\u0107 w\u00a0sklepie Euro w warszawskiej Galerii M\u0142ociny. Zgodnie z najnowszymi trendami nie ma ju\u017c wyra\u017anego podzia\u0142u na online i offline, technologie i rozwi\u0105zania z obu kana\u0142\u00f3w przenikaj\u0105 si\u0119, \u017ceby stworzy\u0107 przestrze\u0144 maksymalnie przyjazn\u0105 dla klienta. Z tego wzgl\u0119du doradcy w sklepie Euro w Galerii M\u0142ociny s\u0105 wyposa\u017ceni w\u00a0tablety i \u0142\u0105czno\u015b\u0107 bezprzewodow\u0105, co pozwala jeszcze szybciej i sprawniej reagowa\u0107 na zapytania i\u00a0potrzeby kupuj\u0105cych.&#13;<br \/>\n&#13;<br \/>\nDodatkowo w salonie na M\u0142ocinach wprowadzono ekrany digital signage, na kt\u00f3rych emitowane s\u0105 dynamiczne materia\u0142y marketingowe, prezentuj\u0105ce ofert\u0119 produktow\u0105 w lekkim, nowoczesnym uj\u0119ciu, aby klienci w sklepie mogli zapozna\u0107 si\u0119 z nowo\u015bciami produktowymi i zainspirowa\u0107 rozwi\u0105zaniami technologicznymi.&#13;<br \/>\n&#13;<br \/>\nGruntownie zmieniono te\u017c stylistyk\u0119 katalog\u00f3w dost\u0119pnych w sklepach, a\u00a0materia\u0142y na stronie www s\u0105 systematycznie unowocze\u015bniane.&#13;<br \/>\n                            &#13;<br \/>\n&#13;<br \/>\n                            &#13;<br \/>\n&#13;<br \/>\n&#13;<br \/>\n&#13;<br \/>\n&#13;<br \/>\n&#13;<br \/>\n                            &#13;<br \/>\n                                                            &#13;<br \/>\n&#13;<br \/>\n                            &#13;<\/p>\n<p>\n<!--noindex--><br \/>\n<a href=\"https:\/\/www.wirtualnemedia.pl\/artykul\/rtv-euro-agd-stawia-na-duza-dynamike-akcji-promocyjnych\" rel=\"nofollow\">Source link <\/a><br \/>\n<!--\/noindex--><\/p>\n","protected":false},"excerpt":{"rendered":"<p>Po tym, jak z ko\u0144cem sierpnia br. z firmy odszed\u0142 po 4 latach pracy jej dotychczasowy rzecznik prasowy i dyrektor marketingu, Tomasz Siedlecki, nie mianowano jego nast\u0119pcy.&#13; &#13; Obowi\u0105zki w zakresie marketingu przej\u0105\u0142 Grzegorz Wachowicz, dyrektor pionu handlu i marketingu w RTV Euro AGD.&#13; &#13; &#8211; Dynamiczna rzeczywisto\u015b\u0107 rynkowa wymaga du\u017cej szybko\u015bci i efektywno\u015bci operacyjnej, [&hellip;]<\/p>\n","protected":false},"author":2,"featured_media":970,"comment_status":"open","ping_status":"open","sticky":false,"template":"","format":"standard","meta":{"footnotes":""},"categories":[2],"tags":[],"class_list":["post-4559","post","type-post","status-publish","format-standard","has-post-thumbnail","hentry","category-wiadomosci-marketingowe-internetowe"],"yoast_head":"<!-- This site is optimized with the Yoast SEO plugin v27.4 - https:\/\/yoast.com\/product\/yoast-seo-wordpress\/ -->\n<title>RTV Euro AGD stawia na du\u017c\u0105 dynamik\u0119 akcji promocyjnych - Favorite News<\/title>\n<meta name=\"robots\" content=\"index, follow, max-snippet:-1, max-image-preview:large, max-video-preview:-1\" \/>\n<link rel=\"canonical\" href=\"https:\/\/favorite-news.com\/pl\/rtv-euro-agd-stawia-na-duza-dynamike-akcji-promocyjnych\/\" \/>\n<meta property=\"og:locale\" content=\"pl_PL\" \/>\n<meta property=\"og:type\" content=\"article\" \/>\n<meta property=\"og:title\" content=\"RTV Euro AGD stawia na du\u017c\u0105 dynamik\u0119 akcji promocyjnych - Favorite News\" \/>\n<meta property=\"og:description\" content=\"Po tym, jak z ko\u0144cem sierpnia br. z firmy odszed\u0142 po 4 latach pracy jej dotychczasowy rzecznik prasowy i dyrektor marketingu, Tomasz Siedlecki, nie mianowano jego nast\u0119pcy.&#013; &#013; Obowi\u0105zki w zakresie marketingu przej\u0105\u0142 Grzegorz Wachowicz, dyrektor pionu handlu i marketingu w RTV Euro AGD.&#013; &#013; &#8211; Dynamiczna rzeczywisto\u015b\u0107 rynkowa wymaga du\u017cej szybko\u015bci i efektywno\u015bci operacyjnej, [&hellip;]\" \/>\n<meta property=\"og:url\" content=\"https:\/\/favorite-news.com\/pl\/rtv-euro-agd-stawia-na-duza-dynamike-akcji-promocyjnych\/\" \/>\n<meta property=\"og:site_name\" content=\"Favorite News\" \/>\n<meta property=\"article:published_time\" content=\"2019-09-16T08:11:17+00:00\" \/>\n<meta property=\"article:modified_time\" content=\"2019-09-16T08:11:18+00:00\" \/>\n<meta property=\"og:image\" content=\"https:\/\/favorite-news.com\/pl\/wp-content\/uploads\/sites\/6\/2019\/05\/W-Galerii-M\u0142ociny-otwarto-nowy-koncept-sklepu-RTV-Euro-AGD.jpg\" \/>\n\t<meta property=\"og:image:width\" content=\"655\" \/>\n\t<meta property=\"og:image:height\" content=\"378\" \/>\n\t<meta property=\"og:image:type\" content=\"image\/jpeg\" \/>\n<meta name=\"author\" content=\"favorite-news\" \/>\n<meta name=\"twitter:card\" content=\"summary_large_image\" \/>\n<meta name=\"twitter:label1\" content=\"Napisane przez\" \/>\n\t<meta name=\"twitter:data1\" content=\"favorite-news\" \/>\n\t<meta name=\"twitter:label2\" content=\"Szacowany czas czytania\" \/>\n\t<meta name=\"twitter:data2\" content=\"2 minuty\" \/>\n<script type=\"application\/ld+json\" class=\"yoast-schema-graph\">{\"@context\":\"https:\\\/\\\/schema.org\",\"@graph\":[{\"@type\":\"Article\",\"@id\":\"https:\\\/\\\/favorite-news.com\\\/pl\\\/rtv-euro-agd-stawia-na-duza-dynamike-akcji-promocyjnych\\\/#article\",\"isPartOf\":{\"@id\":\"https:\\\/\\\/favorite-news.com\\\/pl\\\/rtv-euro-agd-stawia-na-duza-dynamike-akcji-promocyjnych\\\/\"},\"author\":{\"name\":\"favorite-news\",\"@id\":\"https:\\\/\\\/favorite-news.com\\\/pl\\\/#\\\/schema\\\/person\\\/b91573b717dcfa5e4696032a9d28d3e8\"},\"headline\":\"RTV Euro AGD stawia na du\u017c\u0105 dynamik\u0119 akcji promocyjnych\",\"datePublished\":\"2019-09-16T08:11:17+00:00\",\"dateModified\":\"2019-09-16T08:11:18+00:00\",\"mainEntityOfPage\":{\"@id\":\"https:\\\/\\\/favorite-news.com\\\/pl\\\/rtv-euro-agd-stawia-na-duza-dynamike-akcji-promocyjnych\\\/\"},\"wordCount\":450,\"commentCount\":0,\"image\":{\"@id\":\"https:\\\/\\\/favorite-news.com\\\/pl\\\/rtv-euro-agd-stawia-na-duza-dynamike-akcji-promocyjnych\\\/#primaryimage\"},\"thumbnailUrl\":\"https:\\\/\\\/favorite-news.com\\\/pl\\\/wp-content\\\/uploads\\\/sites\\\/6\\\/2019\\\/05\\\/W-Galerii-M\u0142ociny-otwarto-nowy-koncept-sklepu-RTV-Euro-AGD.jpg\",\"articleSection\":[\"WIADOMO\u015aCI MARKETINGOWE INTERNETOWE\"],\"inLanguage\":\"pl-PL\",\"potentialAction\":[{\"@type\":\"CommentAction\",\"name\":\"Comment\",\"target\":[\"https:\\\/\\\/favorite-news.com\\\/pl\\\/rtv-euro-agd-stawia-na-duza-dynamike-akcji-promocyjnych\\\/#respond\"]}]},{\"@type\":\"WebPage\",\"@id\":\"https:\\\/\\\/favorite-news.com\\\/pl\\\/rtv-euro-agd-stawia-na-duza-dynamike-akcji-promocyjnych\\\/\",\"url\":\"https:\\\/\\\/favorite-news.com\\\/pl\\\/rtv-euro-agd-stawia-na-duza-dynamike-akcji-promocyjnych\\\/\",\"name\":\"RTV Euro AGD stawia na du\u017c\u0105 dynamik\u0119 akcji promocyjnych - Favorite News\",\"isPartOf\":{\"@id\":\"https:\\\/\\\/favorite-news.com\\\/pl\\\/#website\"},\"primaryImageOfPage\":{\"@id\":\"https:\\\/\\\/favorite-news.com\\\/pl\\\/rtv-euro-agd-stawia-na-duza-dynamike-akcji-promocyjnych\\\/#primaryimage\"},\"image\":{\"@id\":\"https:\\\/\\\/favorite-news.com\\\/pl\\\/rtv-euro-agd-stawia-na-duza-dynamike-akcji-promocyjnych\\\/#primaryimage\"},\"thumbnailUrl\":\"https:\\\/\\\/favorite-news.com\\\/pl\\\/wp-content\\\/uploads\\\/sites\\\/6\\\/2019\\\/05\\\/W-Galerii-M\u0142ociny-otwarto-nowy-koncept-sklepu-RTV-Euro-AGD.jpg\",\"datePublished\":\"2019-09-16T08:11:17+00:00\",\"dateModified\":\"2019-09-16T08:11:18+00:00\",\"author\":{\"@id\":\"https:\\\/\\\/favorite-news.com\\\/pl\\\/#\\\/schema\\\/person\\\/b91573b717dcfa5e4696032a9d28d3e8\"},\"breadcrumb\":{\"@id\":\"https:\\\/\\\/favorite-news.com\\\/pl\\\/rtv-euro-agd-stawia-na-duza-dynamike-akcji-promocyjnych\\\/#breadcrumb\"},\"inLanguage\":\"pl-PL\",\"potentialAction\":[{\"@type\":\"ReadAction\",\"target\":[\"https:\\\/\\\/favorite-news.com\\\/pl\\\/rtv-euro-agd-stawia-na-duza-dynamike-akcji-promocyjnych\\\/\"]}]},{\"@type\":\"ImageObject\",\"inLanguage\":\"pl-PL\",\"@id\":\"https:\\\/\\\/favorite-news.com\\\/pl\\\/rtv-euro-agd-stawia-na-duza-dynamike-akcji-promocyjnych\\\/#primaryimage\",\"url\":\"https:\\\/\\\/favorite-news.com\\\/pl\\\/wp-content\\\/uploads\\\/sites\\\/6\\\/2019\\\/05\\\/W-Galerii-M\u0142ociny-otwarto-nowy-koncept-sklepu-RTV-Euro-AGD.jpg\",\"contentUrl\":\"https:\\\/\\\/favorite-news.com\\\/pl\\\/wp-content\\\/uploads\\\/sites\\\/6\\\/2019\\\/05\\\/W-Galerii-M\u0142ociny-otwarto-nowy-koncept-sklepu-RTV-Euro-AGD.jpg\",\"width\":655,\"height\":378,\"caption\":\"Article\"},{\"@type\":\"BreadcrumbList\",\"@id\":\"https:\\\/\\\/favorite-news.com\\\/pl\\\/rtv-euro-agd-stawia-na-duza-dynamike-akcji-promocyjnych\\\/#breadcrumb\",\"itemListElement\":[{\"@type\":\"ListItem\",\"position\":1,\"name\":\"Home\",\"item\":\"https:\\\/\\\/favorite-news.com\\\/pl\\\/\"},{\"@type\":\"ListItem\",\"position\":2,\"name\":\"RTV Euro AGD stawia na du\u017c\u0105 dynamik\u0119 akcji promocyjnych\"}]},{\"@type\":\"WebSite\",\"@id\":\"https:\\\/\\\/favorite-news.com\\\/pl\\\/#website\",\"url\":\"https:\\\/\\\/favorite-news.com\\\/pl\\\/\",\"name\":\"Favorite News\",\"description\":\"Favorite News Polska\",\"potentialAction\":[{\"@type\":\"SearchAction\",\"target\":{\"@type\":\"EntryPoint\",\"urlTemplate\":\"https:\\\/\\\/favorite-news.com\\\/pl\\\/?s={search_term_string}\"},\"query-input\":{\"@type\":\"PropertyValueSpecification\",\"valueRequired\":true,\"valueName\":\"search_term_string\"}}],\"inLanguage\":\"pl-PL\"},{\"@type\":\"Person\",\"@id\":\"https:\\\/\\\/favorite-news.com\\\/pl\\\/#\\\/schema\\\/person\\\/b91573b717dcfa5e4696032a9d28d3e8\",\"name\":\"favorite-news\",\"image\":{\"@type\":\"ImageObject\",\"inLanguage\":\"pl-PL\",\"@id\":\"https:\\\/\\\/secure.gravatar.com\\\/avatar\\\/6c5a5cb12b74e9d517ee91cf570335b7d16177f1977cc91db161adfa435945a7?s=96&d=mm&r=g\",\"url\":\"https:\\\/\\\/secure.gravatar.com\\\/avatar\\\/6c5a5cb12b74e9d517ee91cf570335b7d16177f1977cc91db161adfa435945a7?s=96&d=mm&r=g\",\"contentUrl\":\"https:\\\/\\\/secure.gravatar.com\\\/avatar\\\/6c5a5cb12b74e9d517ee91cf570335b7d16177f1977cc91db161adfa435945a7?s=96&d=mm&r=g\",\"caption\":\"favorite-news\"},\"url\":\"https:\\\/\\\/favorite-news.com\\\/pl\\\/author\\\/pt\\\/\"}]}<\/script>\n<!-- \/ Yoast SEO plugin. -->","yoast_head_json":{"title":"RTV Euro AGD stawia na du\u017c\u0105 dynamik\u0119 akcji promocyjnych - Favorite News","robots":{"index":"index","follow":"follow","max-snippet":"max-snippet:-1","max-image-preview":"max-image-preview:large","max-video-preview":"max-video-preview:-1"},"canonical":"https:\/\/favorite-news.com\/pl\/rtv-euro-agd-stawia-na-duza-dynamike-akcji-promocyjnych\/","og_locale":"pl_PL","og_type":"article","og_title":"RTV Euro AGD stawia na du\u017c\u0105 dynamik\u0119 akcji promocyjnych - Favorite News","og_description":"Po tym, jak z ko\u0144cem sierpnia br. z firmy odszed\u0142 po 4 latach pracy jej dotychczasowy rzecznik prasowy i dyrektor marketingu, Tomasz Siedlecki, nie mianowano jego nast\u0119pcy.&#13; &#13; Obowi\u0105zki w zakresie marketingu przej\u0105\u0142 Grzegorz Wachowicz, dyrektor pionu handlu i marketingu w RTV Euro AGD.&#13; &#13; &#8211; Dynamiczna rzeczywisto\u015b\u0107 rynkowa wymaga du\u017cej szybko\u015bci i efektywno\u015bci operacyjnej, [&hellip;]","og_url":"https:\/\/favorite-news.com\/pl\/rtv-euro-agd-stawia-na-duza-dynamike-akcji-promocyjnych\/","og_site_name":"Favorite News","article_published_time":"2019-09-16T08:11:17+00:00","article_modified_time":"2019-09-16T08:11:18+00:00","og_image":[{"width":655,"height":378,"url":"https:\/\/favorite-news.com\/pl\/wp-content\/uploads\/sites\/6\/2019\/05\/W-Galerii-M\u0142ociny-otwarto-nowy-koncept-sklepu-RTV-Euro-AGD.jpg","type":"image\/jpeg"}],"author":"favorite-news","twitter_card":"summary_large_image","twitter_misc":{"Napisane przez":"favorite-news","Szacowany czas czytania":"2 minuty"},"schema":{"@context":"https:\/\/schema.org","@graph":[{"@type":"Article","@id":"https:\/\/favorite-news.com\/pl\/rtv-euro-agd-stawia-na-duza-dynamike-akcji-promocyjnych\/#article","isPartOf":{"@id":"https:\/\/favorite-news.com\/pl\/rtv-euro-agd-stawia-na-duza-dynamike-akcji-promocyjnych\/"},"author":{"name":"favorite-news","@id":"https:\/\/favorite-news.com\/pl\/#\/schema\/person\/b91573b717dcfa5e4696032a9d28d3e8"},"headline":"RTV Euro AGD stawia na du\u017c\u0105 dynamik\u0119 akcji promocyjnych","datePublished":"2019-09-16T08:11:17+00:00","dateModified":"2019-09-16T08:11:18+00:00","mainEntityOfPage":{"@id":"https:\/\/favorite-news.com\/pl\/rtv-euro-agd-stawia-na-duza-dynamike-akcji-promocyjnych\/"},"wordCount":450,"commentCount":0,"image":{"@id":"https:\/\/favorite-news.com\/pl\/rtv-euro-agd-stawia-na-duza-dynamike-akcji-promocyjnych\/#primaryimage"},"thumbnailUrl":"https:\/\/favorite-news.com\/pl\/wp-content\/uploads\/sites\/6\/2019\/05\/W-Galerii-M\u0142ociny-otwarto-nowy-koncept-sklepu-RTV-Euro-AGD.jpg","articleSection":["WIADOMO\u015aCI MARKETINGOWE INTERNETOWE"],"inLanguage":"pl-PL","potentialAction":[{"@type":"CommentAction","name":"Comment","target":["https:\/\/favorite-news.com\/pl\/rtv-euro-agd-stawia-na-duza-dynamike-akcji-promocyjnych\/#respond"]}]},{"@type":"WebPage","@id":"https:\/\/favorite-news.com\/pl\/rtv-euro-agd-stawia-na-duza-dynamike-akcji-promocyjnych\/","url":"https:\/\/favorite-news.com\/pl\/rtv-euro-agd-stawia-na-duza-dynamike-akcji-promocyjnych\/","name":"RTV Euro AGD stawia na du\u017c\u0105 dynamik\u0119 akcji promocyjnych - Favorite News","isPartOf":{"@id":"https:\/\/favorite-news.com\/pl\/#website"},"primaryImageOfPage":{"@id":"https:\/\/favorite-news.com\/pl\/rtv-euro-agd-stawia-na-duza-dynamike-akcji-promocyjnych\/#primaryimage"},"image":{"@id":"https:\/\/favorite-news.com\/pl\/rtv-euro-agd-stawia-na-duza-dynamike-akcji-promocyjnych\/#primaryimage"},"thumbnailUrl":"https:\/\/favorite-news.com\/pl\/wp-content\/uploads\/sites\/6\/2019\/05\/W-Galerii-M\u0142ociny-otwarto-nowy-koncept-sklepu-RTV-Euro-AGD.jpg","datePublished":"2019-09-16T08:11:17+00:00","dateModified":"2019-09-16T08:11:18+00:00","author":{"@id":"https:\/\/favorite-news.com\/pl\/#\/schema\/person\/b91573b717dcfa5e4696032a9d28d3e8"},"breadcrumb":{"@id":"https:\/\/favorite-news.com\/pl\/rtv-euro-agd-stawia-na-duza-dynamike-akcji-promocyjnych\/#breadcrumb"},"inLanguage":"pl-PL","potentialAction":[{"@type":"ReadAction","target":["https:\/\/favorite-news.com\/pl\/rtv-euro-agd-stawia-na-duza-dynamike-akcji-promocyjnych\/"]}]},{"@type":"ImageObject","inLanguage":"pl-PL","@id":"https:\/\/favorite-news.com\/pl\/rtv-euro-agd-stawia-na-duza-dynamike-akcji-promocyjnych\/#primaryimage","url":"https:\/\/favorite-news.com\/pl\/wp-content\/uploads\/sites\/6\/2019\/05\/W-Galerii-M\u0142ociny-otwarto-nowy-koncept-sklepu-RTV-Euro-AGD.jpg","contentUrl":"https:\/\/favorite-news.com\/pl\/wp-content\/uploads\/sites\/6\/2019\/05\/W-Galerii-M\u0142ociny-otwarto-nowy-koncept-sklepu-RTV-Euro-AGD.jpg","width":655,"height":378,"caption":"Article"},{"@type":"BreadcrumbList","@id":"https:\/\/favorite-news.com\/pl\/rtv-euro-agd-stawia-na-duza-dynamike-akcji-promocyjnych\/#breadcrumb","itemListElement":[{"@type":"ListItem","position":1,"name":"Home","item":"https:\/\/favorite-news.com\/pl\/"},{"@type":"ListItem","position":2,"name":"RTV Euro AGD stawia na du\u017c\u0105 dynamik\u0119 akcji promocyjnych"}]},{"@type":"WebSite","@id":"https:\/\/favorite-news.com\/pl\/#website","url":"https:\/\/favorite-news.com\/pl\/","name":"Favorite News","description":"Favorite News Polska","potentialAction":[{"@type":"SearchAction","target":{"@type":"EntryPoint","urlTemplate":"https:\/\/favorite-news.com\/pl\/?s={search_term_string}"},"query-input":{"@type":"PropertyValueSpecification","valueRequired":true,"valueName":"search_term_string"}}],"inLanguage":"pl-PL"},{"@type":"Person","@id":"https:\/\/favorite-news.com\/pl\/#\/schema\/person\/b91573b717dcfa5e4696032a9d28d3e8","name":"favorite-news","image":{"@type":"ImageObject","inLanguage":"pl-PL","@id":"https:\/\/secure.gravatar.com\/avatar\/6c5a5cb12b74e9d517ee91cf570335b7d16177f1977cc91db161adfa435945a7?s=96&d=mm&r=g","url":"https:\/\/secure.gravatar.com\/avatar\/6c5a5cb12b74e9d517ee91cf570335b7d16177f1977cc91db161adfa435945a7?s=96&d=mm&r=g","contentUrl":"https:\/\/secure.gravatar.com\/avatar\/6c5a5cb12b74e9d517ee91cf570335b7d16177f1977cc91db161adfa435945a7?s=96&d=mm&r=g","caption":"favorite-news"},"url":"https:\/\/favorite-news.com\/pl\/author\/pt\/"}]}},"_links":{"self":[{"href":"https:\/\/favorite-news.com\/pl\/wp-json\/wp\/v2\/posts\/4559","targetHints":{"allow":["GET"]}}],"collection":[{"href":"https:\/\/favorite-news.com\/pl\/wp-json\/wp\/v2\/posts"}],"about":[{"href":"https:\/\/favorite-news.com\/pl\/wp-json\/wp\/v2\/types\/post"}],"author":[{"embeddable":true,"href":"https:\/\/favorite-news.com\/pl\/wp-json\/wp\/v2\/users\/2"}],"replies":[{"embeddable":true,"href":"https:\/\/favorite-news.com\/pl\/wp-json\/wp\/v2\/comments?post=4559"}],"version-history":[{"count":1,"href":"https:\/\/favorite-news.com\/pl\/wp-json\/wp\/v2\/posts\/4559\/revisions"}],"predecessor-version":[{"id":4560,"href":"https:\/\/favorite-news.com\/pl\/wp-json\/wp\/v2\/posts\/4559\/revisions\/4560"}],"wp:featuredmedia":[{"embeddable":true,"href":"https:\/\/favorite-news.com\/pl\/wp-json\/wp\/v2\/media\/970"}],"wp:attachment":[{"href":"https:\/\/favorite-news.com\/pl\/wp-json\/wp\/v2\/media?parent=4559"}],"wp:term":[{"taxonomy":"category","embeddable":true,"href":"https:\/\/favorite-news.com\/pl\/wp-json\/wp\/v2\/categories?post=4559"},{"taxonomy":"post_tag","embeddable":true,"href":"https:\/\/favorite-news.com\/pl\/wp-json\/wp\/v2\/tags?post=4559"}],"curies":[{"name":"wp","href":"https:\/\/api.w.org\/{rel}","templated":true}]}}