{"id":4507,"date":"2019-09-13T10:53:55","date_gmt":"2019-09-13T07:53:55","guid":{"rendered":"https:\/\/favorite-news.com\/pl\/komitet-ochrony-praw-dziecka-i-mazowieckie-centrum-polityki-spolecznej-z-kampania-spoleczna-na-temat-przemocy-domowej-wobec-dzieci\/"},"modified":"2019-09-13T10:53:56","modified_gmt":"2019-09-13T07:53:56","slug":"komitet-ochrony-praw-dziecka-i-mazowieckie-centrum-polityki-spolecznej-z-kampania-spoleczna-na-temat-przemocy-domowej-wobec-dzieci","status":"publish","type":"post","link":"https:\/\/favorite-news.com\/pl\/komitet-ochrony-praw-dziecka-i-mazowieckie-centrum-polityki-spolecznej-z-kampania-spoleczna-na-temat-przemocy-domowej-wobec-dzieci\/","title":{"rendered":"Komitet Ochrony Praw Dziecka i Mazowieckie Centrum Polityki Spo\u0142ecznej z kampani\u0105 spo\u0142eczn\u0105 na temat przemocy domowej wobec dzieci"},"content":{"rendered":"<p>Policyjne statystyki informuj\u0105, \u017ce w 2018 r. blisko 250 tys. os\u00f3b w Polsce by\u0142o dotkni\u0119tych lub zagro\u017conych przemoc\u0105 domow\u0105.&#13;<br \/>\n&#13;<br \/>\n\u2013 Z naszych do\u015bwiadcze\u0144 wynika, \u017ce w wielu rodzinach, w kt\u00f3rych doro\u015bli skupieni s\u0105 na konflikcie i nie potrafi\u0105 poradzi\u0107 sobie ze stresem, ofiar\u0105 staje si\u0119 dziecko. Dziecko, kt\u00f3re w tej sytuacji samo potrzebuje szczeg\u00f3lnego wsparcia, mo\u017ce sta\u0107 si\u0119 ofiar\u0105 przemocy psychicznej: przedmiotem gry, manipulacji, nadu\u017cy\u0107 i zaniedba\u0144 ze strony rodzic\u00f3w. Czasem drobne nieporozumienia, codzienne sprzeczki w tzw. \u201edobrych domach\u201d, urastaj\u0105 do rangi powa\u017cnych problem\u00f3w, kt\u00f3rych nierozwi\u0105zywanie mo\u017ce sta\u0107 si\u0119 \u017ar\u00f3d\u0142em przemocy \u2013 m\u00f3wi Miros\u0142awa K\u0105tna, przewodnicz\u0105ca zarz\u0105du Krajowego Komitetu Ochrony Praw Dziecka.&#13;<br \/>\n&#13;<br \/>\nW zainicjowanej w\u0142a\u015bnie kampanii \u201eNie pozw\u00f3l, aby narodzi\u0142y si\u0119 w nim demony&#8221; Komitet Ochrony Praw Dziecka i Mazowieckie Centrum Polityki Spo\u0142ecznej skupiaj\u0105 si\u0119 na problemie przemocy wobec dzieci i jej tragicznych skutkach. Nale\u017c\u0105 do nich zaburzenia osobowo\u015bci, trudno\u015bci w budowaniu relacji z lud\u017ami, powielanie z\u0142ych schemat\u00f3w w doros\u0142ym \u017cyciu.&#13;<br \/>\n&#13;<br \/>\nW przygotowanym na potrzeby akcji spocie reklamowym widzimy dziecko, na kt\u00f3rego plecach wy\u0142ania si\u0119 tatua\u017c &#8211; symbol do\u015bwiadczanej przemocy.&#13;<br \/>\n&#13;<br \/>\n&#13;<br \/>\n&#13;<br \/>\nOpr\u00f3cz wideo, na potrzeby kampanii przygotowano materia\u0142y edukacyjne, (ulotki, broszury, plakaty), webinaria dla specjalist\u00f3w pracuj\u0105cych z rodzin\u0105, rodzic\u00f3w, nauczycieli, kurator\u00f3w, policji oraz konspekty dla ekspert\u00f3w pracuj\u0105cych z rodzinami (scenariusze zaj\u0119\u0107 i warsztat\u00f3w).&#13;<br \/>\n&#13;<br \/>\nZa koncepcj\u0119 kreatywn\u0105 kampanii odpowiada Agencja Reklamowa Radna.&#13;<br \/>\n                            &#13;<br \/>\n&#13;<br \/>\n                            &#13;<br \/>\n&#13;<br \/>\n&#13;<br \/>\n&#13;<br \/>\n&#13;<br \/>\n&#13;<br \/>\n                            &#13;<br \/>\n                                                            &#13;<br \/>\n&#13;<br \/>\n                            &#13;<\/p>\n<p>\n<!--noindex--><br \/>\n<a href=\"https:\/\/www.wirtualnemedia.pl\/artykul\/komitet-ochrony-praw-dziecka-i-mazowieckie-centrum-polityki-spolecznej-z-kampania-spoleczna-na-temat-przemocy-domowej-wobec-dzieci\" rel=\"nofollow\">Source link <\/a><br \/>\n<!--\/noindex--><\/p>\n","protected":false},"excerpt":{"rendered":"<p>Policyjne statystyki informuj\u0105, \u017ce w 2018 r. blisko 250 tys. os\u00f3b w Polsce by\u0142o dotkni\u0119tych lub zagro\u017conych przemoc\u0105 domow\u0105.&#13; &#13; \u2013 Z naszych do\u015bwiadcze\u0144 wynika, \u017ce w wielu rodzinach, w kt\u00f3rych doro\u015bli skupieni s\u0105 na konflikcie i nie potrafi\u0105 poradzi\u0107 sobie ze stresem, ofiar\u0105 staje si\u0119 dziecko. Dziecko, kt\u00f3re w tej sytuacji samo potrzebuje szczeg\u00f3lnego [&hellip;]<\/p>\n","protected":false},"author":2,"featured_media":4508,"comment_status":"open","ping_status":"open","sticky":false,"template":"","format":"standard","meta":{"footnotes":""},"categories":[2],"tags":[],"class_list":["post-4507","post","type-post","status-publish","format-standard","has-post-thumbnail","hentry","category-wiadomosci-marketingowe-internetowe"],"yoast_head":"<!-- This site is optimized with the Yoast SEO plugin v27.4 - https:\/\/yoast.com\/product\/yoast-seo-wordpress\/ -->\n<title>Komitet Ochrony Praw Dziecka i Mazowieckie Centrum Polityki Spo\u0142ecznej z kampani\u0105 spo\u0142eczn\u0105 na temat przemocy domowej wobec dzieci - Favorite News<\/title>\n<meta name=\"robots\" content=\"index, follow, max-snippet:-1, max-image-preview:large, max-video-preview:-1\" \/>\n<link rel=\"canonical\" href=\"https:\/\/favorite-news.com\/pl\/komitet-ochrony-praw-dziecka-i-mazowieckie-centrum-polityki-spolecznej-z-kampania-spoleczna-na-temat-przemocy-domowej-wobec-dzieci\/\" \/>\n<meta property=\"og:locale\" content=\"pl_PL\" \/>\n<meta property=\"og:type\" content=\"article\" \/>\n<meta property=\"og:title\" content=\"Komitet Ochrony Praw Dziecka i Mazowieckie Centrum Polityki Spo\u0142ecznej z kampani\u0105 spo\u0142eczn\u0105 na temat przemocy domowej wobec dzieci - Favorite News\" \/>\n<meta property=\"og:description\" content=\"Policyjne statystyki informuj\u0105, \u017ce w 2018 r. blisko 250 tys. os\u00f3b w Polsce by\u0142o dotkni\u0119tych lub zagro\u017conych przemoc\u0105 domow\u0105.&#013; &#013; \u2013 Z naszych do\u015bwiadcze\u0144 wynika, \u017ce w wielu rodzinach, w kt\u00f3rych doro\u015bli skupieni s\u0105 na konflikcie i nie potrafi\u0105 poradzi\u0107 sobie ze stresem, ofiar\u0105 staje si\u0119 dziecko. Dziecko, kt\u00f3re w tej sytuacji samo potrzebuje szczeg\u00f3lnego [&hellip;]\" \/>\n<meta property=\"og:url\" content=\"https:\/\/favorite-news.com\/pl\/komitet-ochrony-praw-dziecka-i-mazowieckie-centrum-polityki-spolecznej-z-kampania-spoleczna-na-temat-przemocy-domowej-wobec-dzieci\/\" \/>\n<meta property=\"og:site_name\" content=\"Favorite News\" \/>\n<meta property=\"article:published_time\" content=\"2019-09-13T07:53:55+00:00\" \/>\n<meta property=\"article:modified_time\" content=\"2019-09-13T07:53:56+00:00\" \/>\n<meta property=\"og:image\" content=\"https:\/\/favorite-news.com\/pl\/wp-content\/uploads\/sites\/6\/2019\/09\/Komitet-Ochrony-Praw-Dziecka-i-Mazowieckie-Centrum-Polityki-Spo\u0142ecznej-z.png\" \/>\n\t<meta property=\"og:image:width\" content=\"655\" \/>\n\t<meta property=\"og:image:height\" content=\"344\" \/>\n\t<meta property=\"og:image:type\" content=\"image\/png\" \/>\n<meta name=\"author\" content=\"favorite-news\" \/>\n<meta name=\"twitter:card\" content=\"summary_large_image\" \/>\n<meta name=\"twitter:label1\" content=\"Napisane przez\" \/>\n\t<meta name=\"twitter:data1\" content=\"favorite-news\" \/>\n\t<meta name=\"twitter:label2\" content=\"Szacowany czas czytania\" \/>\n\t<meta name=\"twitter:data2\" content=\"1 minuta\" \/>\n<script type=\"application\/ld+json\" class=\"yoast-schema-graph\">{\"@context\":\"https:\\\/\\\/schema.org\",\"@graph\":[{\"@type\":\"Article\",\"@id\":\"https:\\\/\\\/favorite-news.com\\\/pl\\\/komitet-ochrony-praw-dziecka-i-mazowieckie-centrum-polityki-spolecznej-z-kampania-spoleczna-na-temat-przemocy-domowej-wobec-dzieci\\\/#article\",\"isPartOf\":{\"@id\":\"https:\\\/\\\/favorite-news.com\\\/pl\\\/komitet-ochrony-praw-dziecka-i-mazowieckie-centrum-polityki-spolecznej-z-kampania-spoleczna-na-temat-przemocy-domowej-wobec-dzieci\\\/\"},\"author\":{\"name\":\"favorite-news\",\"@id\":\"https:\\\/\\\/favorite-news.com\\\/pl\\\/#\\\/schema\\\/person\\\/b91573b717dcfa5e4696032a9d28d3e8\"},\"headline\":\"Komitet Ochrony Praw Dziecka i Mazowieckie Centrum Polityki Spo\u0142ecznej z kampani\u0105 spo\u0142eczn\u0105 na temat przemocy domowej wobec dzieci\",\"datePublished\":\"2019-09-13T07:53:55+00:00\",\"dateModified\":\"2019-09-13T07:53:56+00:00\",\"mainEntityOfPage\":{\"@id\":\"https:\\\/\\\/favorite-news.com\\\/pl\\\/komitet-ochrony-praw-dziecka-i-mazowieckie-centrum-polityki-spolecznej-z-kampania-spoleczna-na-temat-przemocy-domowej-wobec-dzieci\\\/\"},\"wordCount\":275,\"commentCount\":0,\"image\":{\"@id\":\"https:\\\/\\\/favorite-news.com\\\/pl\\\/komitet-ochrony-praw-dziecka-i-mazowieckie-centrum-polityki-spolecznej-z-kampania-spoleczna-na-temat-przemocy-domowej-wobec-dzieci\\\/#primaryimage\"},\"thumbnailUrl\":\"https:\\\/\\\/favorite-news.com\\\/pl\\\/wp-content\\\/uploads\\\/sites\\\/6\\\/2019\\\/09\\\/Komitet-Ochrony-Praw-Dziecka-i-Mazowieckie-Centrum-Polityki-Spo\u0142ecznej-z.png\",\"articleSection\":[\"WIADOMO\u015aCI MARKETINGOWE INTERNETOWE\"],\"inLanguage\":\"pl-PL\",\"potentialAction\":[{\"@type\":\"CommentAction\",\"name\":\"Comment\",\"target\":[\"https:\\\/\\\/favorite-news.com\\\/pl\\\/komitet-ochrony-praw-dziecka-i-mazowieckie-centrum-polityki-spolecznej-z-kampania-spoleczna-na-temat-przemocy-domowej-wobec-dzieci\\\/#respond\"]}]},{\"@type\":\"WebPage\",\"@id\":\"https:\\\/\\\/favorite-news.com\\\/pl\\\/komitet-ochrony-praw-dziecka-i-mazowieckie-centrum-polityki-spolecznej-z-kampania-spoleczna-na-temat-przemocy-domowej-wobec-dzieci\\\/\",\"url\":\"https:\\\/\\\/favorite-news.com\\\/pl\\\/komitet-ochrony-praw-dziecka-i-mazowieckie-centrum-polityki-spolecznej-z-kampania-spoleczna-na-temat-przemocy-domowej-wobec-dzieci\\\/\",\"name\":\"Komitet Ochrony Praw Dziecka i Mazowieckie Centrum Polityki Spo\u0142ecznej z kampani\u0105 spo\u0142eczn\u0105 na temat przemocy domowej wobec dzieci - Favorite News\",\"isPartOf\":{\"@id\":\"https:\\\/\\\/favorite-news.com\\\/pl\\\/#website\"},\"primaryImageOfPage\":{\"@id\":\"https:\\\/\\\/favorite-news.com\\\/pl\\\/komitet-ochrony-praw-dziecka-i-mazowieckie-centrum-polityki-spolecznej-z-kampania-spoleczna-na-temat-przemocy-domowej-wobec-dzieci\\\/#primaryimage\"},\"image\":{\"@id\":\"https:\\\/\\\/favorite-news.com\\\/pl\\\/komitet-ochrony-praw-dziecka-i-mazowieckie-centrum-polityki-spolecznej-z-kampania-spoleczna-na-temat-przemocy-domowej-wobec-dzieci\\\/#primaryimage\"},\"thumbnailUrl\":\"https:\\\/\\\/favorite-news.com\\\/pl\\\/wp-content\\\/uploads\\\/sites\\\/6\\\/2019\\\/09\\\/Komitet-Ochrony-Praw-Dziecka-i-Mazowieckie-Centrum-Polityki-Spo\u0142ecznej-z.png\",\"datePublished\":\"2019-09-13T07:53:55+00:00\",\"dateModified\":\"2019-09-13T07:53:56+00:00\",\"author\":{\"@id\":\"https:\\\/\\\/favorite-news.com\\\/pl\\\/#\\\/schema\\\/person\\\/b91573b717dcfa5e4696032a9d28d3e8\"},\"breadcrumb\":{\"@id\":\"https:\\\/\\\/favorite-news.com\\\/pl\\\/komitet-ochrony-praw-dziecka-i-mazowieckie-centrum-polityki-spolecznej-z-kampania-spoleczna-na-temat-przemocy-domowej-wobec-dzieci\\\/#breadcrumb\"},\"inLanguage\":\"pl-PL\",\"potentialAction\":[{\"@type\":\"ReadAction\",\"target\":[\"https:\\\/\\\/favorite-news.com\\\/pl\\\/komitet-ochrony-praw-dziecka-i-mazowieckie-centrum-polityki-spolecznej-z-kampania-spoleczna-na-temat-przemocy-domowej-wobec-dzieci\\\/\"]}]},{\"@type\":\"ImageObject\",\"inLanguage\":\"pl-PL\",\"@id\":\"https:\\\/\\\/favorite-news.com\\\/pl\\\/komitet-ochrony-praw-dziecka-i-mazowieckie-centrum-polityki-spolecznej-z-kampania-spoleczna-na-temat-przemocy-domowej-wobec-dzieci\\\/#primaryimage\",\"url\":\"https:\\\/\\\/favorite-news.com\\\/pl\\\/wp-content\\\/uploads\\\/sites\\\/6\\\/2019\\\/09\\\/Komitet-Ochrony-Praw-Dziecka-i-Mazowieckie-Centrum-Polityki-Spo\u0142ecznej-z.png\",\"contentUrl\":\"https:\\\/\\\/favorite-news.com\\\/pl\\\/wp-content\\\/uploads\\\/sites\\\/6\\\/2019\\\/09\\\/Komitet-Ochrony-Praw-Dziecka-i-Mazowieckie-Centrum-Polityki-Spo\u0142ecznej-z.png\",\"width\":655,\"height\":344,\"caption\":\"Article\"},{\"@type\":\"BreadcrumbList\",\"@id\":\"https:\\\/\\\/favorite-news.com\\\/pl\\\/komitet-ochrony-praw-dziecka-i-mazowieckie-centrum-polityki-spolecznej-z-kampania-spoleczna-na-temat-przemocy-domowej-wobec-dzieci\\\/#breadcrumb\",\"itemListElement\":[{\"@type\":\"ListItem\",\"position\":1,\"name\":\"Home\",\"item\":\"https:\\\/\\\/favorite-news.com\\\/pl\\\/\"},{\"@type\":\"ListItem\",\"position\":2,\"name\":\"Komitet Ochrony Praw Dziecka i Mazowieckie Centrum Polityki Spo\u0142ecznej z kampani\u0105 spo\u0142eczn\u0105 na temat przemocy domowej wobec dzieci\"}]},{\"@type\":\"WebSite\",\"@id\":\"https:\\\/\\\/favorite-news.com\\\/pl\\\/#website\",\"url\":\"https:\\\/\\\/favorite-news.com\\\/pl\\\/\",\"name\":\"Favorite News\",\"description\":\"Favorite News Polska\",\"potentialAction\":[{\"@type\":\"SearchAction\",\"target\":{\"@type\":\"EntryPoint\",\"urlTemplate\":\"https:\\\/\\\/favorite-news.com\\\/pl\\\/?s={search_term_string}\"},\"query-input\":{\"@type\":\"PropertyValueSpecification\",\"valueRequired\":true,\"valueName\":\"search_term_string\"}}],\"inLanguage\":\"pl-PL\"},{\"@type\":\"Person\",\"@id\":\"https:\\\/\\\/favorite-news.com\\\/pl\\\/#\\\/schema\\\/person\\\/b91573b717dcfa5e4696032a9d28d3e8\",\"name\":\"favorite-news\",\"image\":{\"@type\":\"ImageObject\",\"inLanguage\":\"pl-PL\",\"@id\":\"https:\\\/\\\/secure.gravatar.com\\\/avatar\\\/6c5a5cb12b74e9d517ee91cf570335b7d16177f1977cc91db161adfa435945a7?s=96&d=mm&r=g\",\"url\":\"https:\\\/\\\/secure.gravatar.com\\\/avatar\\\/6c5a5cb12b74e9d517ee91cf570335b7d16177f1977cc91db161adfa435945a7?s=96&d=mm&r=g\",\"contentUrl\":\"https:\\\/\\\/secure.gravatar.com\\\/avatar\\\/6c5a5cb12b74e9d517ee91cf570335b7d16177f1977cc91db161adfa435945a7?s=96&d=mm&r=g\",\"caption\":\"favorite-news\"},\"url\":\"https:\\\/\\\/favorite-news.com\\\/pl\\\/author\\\/pt\\\/\"}]}<\/script>\n<!-- \/ Yoast SEO plugin. -->","yoast_head_json":{"title":"Komitet Ochrony Praw Dziecka i Mazowieckie Centrum Polityki Spo\u0142ecznej z kampani\u0105 spo\u0142eczn\u0105 na temat przemocy domowej wobec dzieci - Favorite News","robots":{"index":"index","follow":"follow","max-snippet":"max-snippet:-1","max-image-preview":"max-image-preview:large","max-video-preview":"max-video-preview:-1"},"canonical":"https:\/\/favorite-news.com\/pl\/komitet-ochrony-praw-dziecka-i-mazowieckie-centrum-polityki-spolecznej-z-kampania-spoleczna-na-temat-przemocy-domowej-wobec-dzieci\/","og_locale":"pl_PL","og_type":"article","og_title":"Komitet Ochrony Praw Dziecka i Mazowieckie Centrum Polityki Spo\u0142ecznej z kampani\u0105 spo\u0142eczn\u0105 na temat przemocy domowej wobec dzieci - Favorite News","og_description":"Policyjne statystyki informuj\u0105, \u017ce w 2018 r. blisko 250 tys. os\u00f3b w Polsce by\u0142o dotkni\u0119tych lub zagro\u017conych przemoc\u0105 domow\u0105.&#13; &#13; \u2013 Z naszych do\u015bwiadcze\u0144 wynika, \u017ce w wielu rodzinach, w kt\u00f3rych doro\u015bli skupieni s\u0105 na konflikcie i nie potrafi\u0105 poradzi\u0107 sobie ze stresem, ofiar\u0105 staje si\u0119 dziecko. Dziecko, kt\u00f3re w tej sytuacji samo potrzebuje szczeg\u00f3lnego [&hellip;]","og_url":"https:\/\/favorite-news.com\/pl\/komitet-ochrony-praw-dziecka-i-mazowieckie-centrum-polityki-spolecznej-z-kampania-spoleczna-na-temat-przemocy-domowej-wobec-dzieci\/","og_site_name":"Favorite News","article_published_time":"2019-09-13T07:53:55+00:00","article_modified_time":"2019-09-13T07:53:56+00:00","og_image":[{"width":655,"height":344,"url":"https:\/\/favorite-news.com\/pl\/wp-content\/uploads\/sites\/6\/2019\/09\/Komitet-Ochrony-Praw-Dziecka-i-Mazowieckie-Centrum-Polityki-Spo\u0142ecznej-z.png","type":"image\/png"}],"author":"favorite-news","twitter_card":"summary_large_image","twitter_misc":{"Napisane przez":"favorite-news","Szacowany czas czytania":"1 minuta"},"schema":{"@context":"https:\/\/schema.org","@graph":[{"@type":"Article","@id":"https:\/\/favorite-news.com\/pl\/komitet-ochrony-praw-dziecka-i-mazowieckie-centrum-polityki-spolecznej-z-kampania-spoleczna-na-temat-przemocy-domowej-wobec-dzieci\/#article","isPartOf":{"@id":"https:\/\/favorite-news.com\/pl\/komitet-ochrony-praw-dziecka-i-mazowieckie-centrum-polityki-spolecznej-z-kampania-spoleczna-na-temat-przemocy-domowej-wobec-dzieci\/"},"author":{"name":"favorite-news","@id":"https:\/\/favorite-news.com\/pl\/#\/schema\/person\/b91573b717dcfa5e4696032a9d28d3e8"},"headline":"Komitet Ochrony Praw Dziecka i Mazowieckie Centrum Polityki Spo\u0142ecznej z kampani\u0105 spo\u0142eczn\u0105 na temat przemocy domowej wobec dzieci","datePublished":"2019-09-13T07:53:55+00:00","dateModified":"2019-09-13T07:53:56+00:00","mainEntityOfPage":{"@id":"https:\/\/favorite-news.com\/pl\/komitet-ochrony-praw-dziecka-i-mazowieckie-centrum-polityki-spolecznej-z-kampania-spoleczna-na-temat-przemocy-domowej-wobec-dzieci\/"},"wordCount":275,"commentCount":0,"image":{"@id":"https:\/\/favorite-news.com\/pl\/komitet-ochrony-praw-dziecka-i-mazowieckie-centrum-polityki-spolecznej-z-kampania-spoleczna-na-temat-przemocy-domowej-wobec-dzieci\/#primaryimage"},"thumbnailUrl":"https:\/\/favorite-news.com\/pl\/wp-content\/uploads\/sites\/6\/2019\/09\/Komitet-Ochrony-Praw-Dziecka-i-Mazowieckie-Centrum-Polityki-Spo\u0142ecznej-z.png","articleSection":["WIADOMO\u015aCI MARKETINGOWE INTERNETOWE"],"inLanguage":"pl-PL","potentialAction":[{"@type":"CommentAction","name":"Comment","target":["https:\/\/favorite-news.com\/pl\/komitet-ochrony-praw-dziecka-i-mazowieckie-centrum-polityki-spolecznej-z-kampania-spoleczna-na-temat-przemocy-domowej-wobec-dzieci\/#respond"]}]},{"@type":"WebPage","@id":"https:\/\/favorite-news.com\/pl\/komitet-ochrony-praw-dziecka-i-mazowieckie-centrum-polityki-spolecznej-z-kampania-spoleczna-na-temat-przemocy-domowej-wobec-dzieci\/","url":"https:\/\/favorite-news.com\/pl\/komitet-ochrony-praw-dziecka-i-mazowieckie-centrum-polityki-spolecznej-z-kampania-spoleczna-na-temat-przemocy-domowej-wobec-dzieci\/","name":"Komitet Ochrony Praw Dziecka i Mazowieckie Centrum Polityki Spo\u0142ecznej z kampani\u0105 spo\u0142eczn\u0105 na temat przemocy domowej wobec dzieci - Favorite News","isPartOf":{"@id":"https:\/\/favorite-news.com\/pl\/#website"},"primaryImageOfPage":{"@id":"https:\/\/favorite-news.com\/pl\/komitet-ochrony-praw-dziecka-i-mazowieckie-centrum-polityki-spolecznej-z-kampania-spoleczna-na-temat-przemocy-domowej-wobec-dzieci\/#primaryimage"},"image":{"@id":"https:\/\/favorite-news.com\/pl\/komitet-ochrony-praw-dziecka-i-mazowieckie-centrum-polityki-spolecznej-z-kampania-spoleczna-na-temat-przemocy-domowej-wobec-dzieci\/#primaryimage"},"thumbnailUrl":"https:\/\/favorite-news.com\/pl\/wp-content\/uploads\/sites\/6\/2019\/09\/Komitet-Ochrony-Praw-Dziecka-i-Mazowieckie-Centrum-Polityki-Spo\u0142ecznej-z.png","datePublished":"2019-09-13T07:53:55+00:00","dateModified":"2019-09-13T07:53:56+00:00","author":{"@id":"https:\/\/favorite-news.com\/pl\/#\/schema\/person\/b91573b717dcfa5e4696032a9d28d3e8"},"breadcrumb":{"@id":"https:\/\/favorite-news.com\/pl\/komitet-ochrony-praw-dziecka-i-mazowieckie-centrum-polityki-spolecznej-z-kampania-spoleczna-na-temat-przemocy-domowej-wobec-dzieci\/#breadcrumb"},"inLanguage":"pl-PL","potentialAction":[{"@type":"ReadAction","target":["https:\/\/favorite-news.com\/pl\/komitet-ochrony-praw-dziecka-i-mazowieckie-centrum-polityki-spolecznej-z-kampania-spoleczna-na-temat-przemocy-domowej-wobec-dzieci\/"]}]},{"@type":"ImageObject","inLanguage":"pl-PL","@id":"https:\/\/favorite-news.com\/pl\/komitet-ochrony-praw-dziecka-i-mazowieckie-centrum-polityki-spolecznej-z-kampania-spoleczna-na-temat-przemocy-domowej-wobec-dzieci\/#primaryimage","url":"https:\/\/favorite-news.com\/pl\/wp-content\/uploads\/sites\/6\/2019\/09\/Komitet-Ochrony-Praw-Dziecka-i-Mazowieckie-Centrum-Polityki-Spo\u0142ecznej-z.png","contentUrl":"https:\/\/favorite-news.com\/pl\/wp-content\/uploads\/sites\/6\/2019\/09\/Komitet-Ochrony-Praw-Dziecka-i-Mazowieckie-Centrum-Polityki-Spo\u0142ecznej-z.png","width":655,"height":344,"caption":"Article"},{"@type":"BreadcrumbList","@id":"https:\/\/favorite-news.com\/pl\/komitet-ochrony-praw-dziecka-i-mazowieckie-centrum-polityki-spolecznej-z-kampania-spoleczna-na-temat-przemocy-domowej-wobec-dzieci\/#breadcrumb","itemListElement":[{"@type":"ListItem","position":1,"name":"Home","item":"https:\/\/favorite-news.com\/pl\/"},{"@type":"ListItem","position":2,"name":"Komitet Ochrony Praw Dziecka i Mazowieckie Centrum Polityki Spo\u0142ecznej z kampani\u0105 spo\u0142eczn\u0105 na temat przemocy domowej wobec dzieci"}]},{"@type":"WebSite","@id":"https:\/\/favorite-news.com\/pl\/#website","url":"https:\/\/favorite-news.com\/pl\/","name":"Favorite News","description":"Favorite News Polska","potentialAction":[{"@type":"SearchAction","target":{"@type":"EntryPoint","urlTemplate":"https:\/\/favorite-news.com\/pl\/?s={search_term_string}"},"query-input":{"@type":"PropertyValueSpecification","valueRequired":true,"valueName":"search_term_string"}}],"inLanguage":"pl-PL"},{"@type":"Person","@id":"https:\/\/favorite-news.com\/pl\/#\/schema\/person\/b91573b717dcfa5e4696032a9d28d3e8","name":"favorite-news","image":{"@type":"ImageObject","inLanguage":"pl-PL","@id":"https:\/\/secure.gravatar.com\/avatar\/6c5a5cb12b74e9d517ee91cf570335b7d16177f1977cc91db161adfa435945a7?s=96&d=mm&r=g","url":"https:\/\/secure.gravatar.com\/avatar\/6c5a5cb12b74e9d517ee91cf570335b7d16177f1977cc91db161adfa435945a7?s=96&d=mm&r=g","contentUrl":"https:\/\/secure.gravatar.com\/avatar\/6c5a5cb12b74e9d517ee91cf570335b7d16177f1977cc91db161adfa435945a7?s=96&d=mm&r=g","caption":"favorite-news"},"url":"https:\/\/favorite-news.com\/pl\/author\/pt\/"}]}},"_links":{"self":[{"href":"https:\/\/favorite-news.com\/pl\/wp-json\/wp\/v2\/posts\/4507","targetHints":{"allow":["GET"]}}],"collection":[{"href":"https:\/\/favorite-news.com\/pl\/wp-json\/wp\/v2\/posts"}],"about":[{"href":"https:\/\/favorite-news.com\/pl\/wp-json\/wp\/v2\/types\/post"}],"author":[{"embeddable":true,"href":"https:\/\/favorite-news.com\/pl\/wp-json\/wp\/v2\/users\/2"}],"replies":[{"embeddable":true,"href":"https:\/\/favorite-news.com\/pl\/wp-json\/wp\/v2\/comments?post=4507"}],"version-history":[{"count":1,"href":"https:\/\/favorite-news.com\/pl\/wp-json\/wp\/v2\/posts\/4507\/revisions"}],"predecessor-version":[{"id":4509,"href":"https:\/\/favorite-news.com\/pl\/wp-json\/wp\/v2\/posts\/4507\/revisions\/4509"}],"wp:featuredmedia":[{"embeddable":true,"href":"https:\/\/favorite-news.com\/pl\/wp-json\/wp\/v2\/media\/4508"}],"wp:attachment":[{"href":"https:\/\/favorite-news.com\/pl\/wp-json\/wp\/v2\/media?parent=4507"}],"wp:term":[{"taxonomy":"category","embeddable":true,"href":"https:\/\/favorite-news.com\/pl\/wp-json\/wp\/v2\/categories?post=4507"},{"taxonomy":"post_tag","embeddable":true,"href":"https:\/\/favorite-news.com\/pl\/wp-json\/wp\/v2\/tags?post=4507"}],"curies":[{"name":"wp","href":"https:\/\/api.w.org\/{rel}","templated":true}]}}