{"id":4501,"date":"2019-09-13T07:57:47","date_gmt":"2019-09-13T04:57:47","guid":{"rendered":"https:\/\/favorite-news.com\/pl\/centralny-port-komunikacyjny-jak-ma-wygladac-budowa\/"},"modified":"2019-09-13T07:57:49","modified_gmt":"2019-09-13T04:57:49","slug":"centralny-port-komunikacyjny-jak-ma-wygladac-budowa","status":"publish","type":"post","link":"https:\/\/favorite-news.com\/pl\/centralny-port-komunikacyjny-jak-ma-wygladac-budowa\/","title":{"rendered":"Centralny Port Komunikacyjny jak ma wygl\u0105da\u0107 budowa"},"content":{"rendered":"<p>Zaprezentowane plany pos\u0142u\u017c\u0105 jako inspiracja podczas przygotowywania master planu lotniska, kt\u00f3ry ma by\u0107 zlecony na pocz\u0105tku przysz\u0142ego roku.&#13;<br \/>\n&#13;<br \/>\n-\u2013 Ju\u017c po raz drugi zaprosili\u015bmy do wsp\u00f3\u0142pracy architekt\u00f3w z bogatym portfolio zaprojektowanych i zrealizowanych inwestycji, \u017ceby zapyta\u0107 ich o to, jak Port Lotniczy Solidarno\u015b\u0107 mo\u017ce wygl\u0105da\u0107. Moment nie jest przypadkowy. Do ko\u0144ca pa\u017adziernika konsultujemy z partnerami bran\u017cowymi wymagania techniczne i operacyjne nowego lotniska. Naszym celem jest uzgodnienie za\u0142o\u017ce\u0144 koncepcyjnych CPK z potrzebami przysz\u0142ych u\u017cytkownik\u00f3w &#8211; m\u00f3wi Miko\u0142aj Wild, pe\u0142nomocnik rz\u0105du ds. budowy CPK.&#13;<br \/>\n&#13;<br \/>\nOto opis ka\u017cdej z nowych koncepcji architektonicznych.&#13;<br \/>\n&#13;<br \/>\n&#8222;Lotnisko-tr\u00f3jk\u0105t&#8221;&#13;<br \/>\n&#13;<br \/>\nProjektanci z pracowni KPF wyszli z za\u0142o\u017cenia, \u017ce &#8211; z uwagi na wygod\u0119 pasa\u017cer\u00f3w CPK &#8211; odleg\u0142o\u015b\u0107 mi\u0119dzy centraln\u0105 cz\u0119\u015bci\u0105 lotniska &#8211; a najbardziej oddalonymi bramkami lotniskowymi nie mo\u017ce by\u0107 zbyt du\u017ca. Ich celem by\u0142o skr\u00f3cenie czasu odpraw i u\u0142atwienie przesiadek. W efekcie zaproponowali terminale w kszta\u0142cie tr\u00f3jk\u0105ta: wi\u0119kszy w ramach pierwszego etapu budowy CPK, a drugi, mniejszy w ramach ewentualnej rozbudowy portu (je\u015bli b\u0119dzie takie zapotrzebowanie).&#13;<br \/>\n&#13;<br \/>\nPoprzez sw\u00f3j kr\u00f3tszy bok tr\u00f3jk\u0105tny terminal by\u0142by po\u0142\u0105czony z planowan\u0105 stacj\u0105 kolejow\u0105 linii du\u017cych pr\u0119dko\u015bci \u0142\u0105cz\u0105cej Warszaw\u0119, CPK i \u0141\u00f3d\u017a (docelowo tak\u017ce Pozna\u0144 i Wroc\u0142aw). Zdaniem KPF, czas dojazdu i p\u0142ynno\u015b\u0107 przesiadek z poci\u0105gu do samolotu i odwrotnie mo\u017ce zadecydowa\u0107 o sukcesie nowego lotniska.&#13;<br \/>\n&#13;<br \/>\nProjektanci zaprojektowali wn\u0119trze terminalu CPK jako przestronn\u0105 i pe\u0142n\u0105 \u015bwiat\u0142a hal\u0119 z przezroczystym dachem. Na jego szczycie umie\u015bcili pomara\u0144czowe \u015bwietliki o nieregularnym kszta\u0142cie, przywo\u0142uj\u0105ce na my\u015bl tradycyjny polski bursztyn.&#13;<br \/>\n&#13;<br \/>\n&#13;<br \/>\n&#13;<br \/>\n&#8222;Lotnisko-miasto&#8221;&#13;<br \/>\n&#13;<br \/>\nWed\u0142ug projektant\u00f3w z biura Populous w Londynie, CPK ma by\u0107 \u201elotniskiem-miastem\u201d, co stanowi bezpo\u015brednie nawi\u0105zanie do koncepcji Airport City. Pracownia powo\u0142uje si\u0119 na swoje do\u015bwiadczenia z projektowania element\u00f3w lotnisk Changi\u00a0 w Singapurze i De Gaulle\u2019a w Pary\u017cu, ale tak\u017ce na projekty stadionowe, np. obiekty sportowe na Olimpiad\u0119 w Londynie w 2012 r.&#13;<br \/>\n&#13;<br \/>\nW koncepcji Populousa podr\u00f3\u017c przez lotnisko rozpoczyna si\u0119 w momencie, gdy podr\u00f3\u017cni wysiadaj\u0105 z poci\u0105gu na zintegrowanej stacji kolejowej, ulokowanej na ni\u017cszych pi\u0119trach portu. Obiekty lotniskowe znajduj\u0105 si\u0119 najwy\u017cej, podczas gdy \u015brodkowe pi\u0119tra maj\u0105 by\u0107 otwarte na zewn\u0105trz.&#13;<br \/>\n&#13;<br \/>\nPodr\u00f3\u017cnym oferowane b\u0119d\u0105 miejsca relaksu (SPA, masa\u017ce), sportu (si\u0142ownia i basen), ale te\u017c przestrze\u0144 do pracy i spotka\u0144 biznesowych. W strefie rozrywki lotniska dost\u0119pne b\u0119d\u0105 rozwi\u0105zania cyfrowe, interaktywne i VR (w ramach rzeczywisto\u015bci wirtualnej), np. platformy do gier e-sportowych.&#13;<br \/>\n&#13;<br \/>\n&#13;<br \/>\n&#13;<br \/>\n&#8222;Lotnisko przysz\u0142o\u015bci&#8221;&#13;<br \/>\n&#13;<br \/>\nArchitekci Woods Bagot wyszli z za\u0142o\u017cenia: lotnisko przysz\u0142o\u015bci nie zosta\u0142o jeszcze zaprojektowane. Przewiduj\u0105 jednak, \u017ce w przysz\u0142o\u015bci kontrola bezpiecze\u0144stwa mo\u017ce przebiega\u0107 zupe\u0142nie inaczej ni\u017c dzisiaj (np. odbywa\u0107 bez potrzeby zatrzymywania si\u0119 przy bramkach &#8211; za po\u015brednictwem specjalnych skaner\u00f3w przy wej\u015bciu na lotnisko).&#13;<br \/>\n&#13;<br \/>\nOznacza to, \u017ce koncepcja portu lotniczego powinna by\u0107 elastyczna, modu\u0142owa i umo\u017cliwia\u0107 adaptacj\u0119 projektu przysz\u0142ego lotniska np. pod k\u0105tem nowych technologii.&#13;<br \/>\n&#13;<br \/>\nW ich koncepcji w terminalu pojawi\u0142y si\u0119 charakterystyczne sufity nawi\u0105zuj\u0105ce do wygl\u0105du pni drzew. Wok\u00f3\u0142 portu rozci\u0105ga\u0107 si\u0119 b\u0119dzie park ze \u015bcie\u017ckami do spacer\u00f3w, do jazdy na rowerze lub rolkach, a tak\u017ce wygodne \u0142aweczki. \u015aciany terminala wykonano ze szk\u0142a.&#13;<br \/>\n&#13;<br \/>\nWoods Bagot na razie nie proponuje rozwi\u0105za\u0144 z zakresu logistyki na terminalu. Biuro zaproponuje dok\u0142adne rozwi\u0105zania po przeanalizowaniu \u015bcie\u017cek, kt\u00f3rymi przechodz\u0105 poszczeg\u00f3lne grupy pasa\u017cer\u00f3w.&#13;<br \/>\n&#13;<br \/>\n&#13;<br \/>\n&#13;<br \/>\nProgram CPK&#13;<br \/>\n&#13;<br \/>\nW ramach planowania lotniska sp\u00f3\u0142ka CPK zako\u0144czy\u0142a I etap konsultacji strategicznych, czyli uzgodnie\u0144 definicji portu lotniczego w ramach Programu CPK z partnerami bran\u017cowymi inwestycji (przewo\u017anikami, zarz\u0105dcami infrastruktury, firmami handlingowymi, operatorami cargo, firmami spedycyjnymi, dostawcami paliw itd.).&#13;<br \/>\n&#13;<br \/>\nWp\u0142yn\u0119\u0142o ponad tysi\u0105c uwag i propozycji dotycz\u0105cych\u00a0 infrastruktury planowanego lotniska, m.in. obs\u0142ugi samolot\u00f3w, pasa\u017cerskiej, baga\u017cowej, cargo, zaplecza technicznego itd.&#13;<br \/>\n&#13;<br \/>\nW efekcie powsta\u0142 350-stronicowy brief stategiczny, kt\u00f3ry obecnie \u2013 do ko\u0144ca pa\u017adziernika \u2013 jest konsultowany w ramach bardziej szczeg\u00f3\u0142owych uzgodnie\u0144.&#13;<br \/>\n                            &#13;<br \/>\n&#13;<br \/>\n                            &#13;<br \/>\n&#13;<br \/>\n&#13;<br \/>\n&#13;<br \/>\n&#13;<br \/>\n&#13;<br \/>\n                            &#13;<br \/>\n                                                            &#13;<br \/>\n&#13;<br \/>\n                            &#13;<\/p>\n<p>\n<!--noindex--><br \/>\n<a href=\"https:\/\/www.wirtualnemedia.pl\/artykul\/centralny-port-komunikacyjny-jak-ma-wygladac-budowa\" rel=\"nofollow\">Source link <\/a><br \/>\n<!--\/noindex--><\/p>\n","protected":false},"excerpt":{"rendered":"<p>Zaprezentowane plany pos\u0142u\u017c\u0105 jako inspiracja podczas przygotowywania master planu lotniska, kt\u00f3ry ma by\u0107 zlecony na pocz\u0105tku przysz\u0142ego roku.&#13; &#13; -\u2013 Ju\u017c po raz drugi zaprosili\u015bmy do wsp\u00f3\u0142pracy architekt\u00f3w z bogatym portfolio zaprojektowanych i zrealizowanych inwestycji, \u017ceby zapyta\u0107 ich o to, jak Port Lotniczy Solidarno\u015b\u0107 mo\u017ce wygl\u0105da\u0107. Moment nie jest przypadkowy. Do ko\u0144ca pa\u017adziernika konsultujemy z [&hellip;]<\/p>\n","protected":false},"author":2,"featured_media":4502,"comment_status":"open","ping_status":"open","sticky":false,"template":"","format":"standard","meta":{"footnotes":""},"categories":[2],"tags":[],"class_list":["post-4501","post","type-post","status-publish","format-standard","has-post-thumbnail","hentry","category-wiadomosci-marketingowe-internetowe"],"yoast_head":"<!-- This site is optimized with the Yoast SEO plugin v27.4 - https:\/\/yoast.com\/product\/yoast-seo-wordpress\/ -->\n<title>Centralny Port Komunikacyjny jak ma wygl\u0105da\u0107 budowa - Favorite News<\/title>\n<meta name=\"robots\" content=\"index, follow, max-snippet:-1, max-image-preview:large, max-video-preview:-1\" \/>\n<link rel=\"canonical\" href=\"https:\/\/favorite-news.com\/pl\/centralny-port-komunikacyjny-jak-ma-wygladac-budowa\/\" \/>\n<meta property=\"og:locale\" content=\"pl_PL\" \/>\n<meta property=\"og:type\" content=\"article\" \/>\n<meta property=\"og:title\" content=\"Centralny Port Komunikacyjny jak ma wygl\u0105da\u0107 budowa - Favorite News\" \/>\n<meta property=\"og:description\" content=\"Zaprezentowane plany pos\u0142u\u017c\u0105 jako inspiracja podczas przygotowywania master planu lotniska, kt\u00f3ry ma by\u0107 zlecony na pocz\u0105tku przysz\u0142ego roku.&#013; &#013; -\u2013 Ju\u017c po raz drugi zaprosili\u015bmy do wsp\u00f3\u0142pracy architekt\u00f3w z bogatym portfolio zaprojektowanych i zrealizowanych inwestycji, \u017ceby zapyta\u0107 ich o to, jak Port Lotniczy Solidarno\u015b\u0107 mo\u017ce wygl\u0105da\u0107. Moment nie jest przypadkowy. Do ko\u0144ca pa\u017adziernika konsultujemy z [&hellip;]\" \/>\n<meta property=\"og:url\" content=\"https:\/\/favorite-news.com\/pl\/centralny-port-komunikacyjny-jak-ma-wygladac-budowa\/\" \/>\n<meta property=\"og:site_name\" content=\"Favorite News\" \/>\n<meta property=\"article:published_time\" content=\"2019-09-13T04:57:47+00:00\" \/>\n<meta property=\"article:modified_time\" content=\"2019-09-13T04:57:49+00:00\" \/>\n<meta property=\"og:image\" content=\"https:\/\/favorite-news.com\/pl\/wp-content\/uploads\/sites\/6\/2019\/09\/Centralny-Port-Komunikacyjny-jak-ma-wygl\u0105da\u0107-budowa.jpg\" \/>\n\t<meta property=\"og:image:width\" content=\"655\" \/>\n\t<meta property=\"og:image:height\" content=\"368\" \/>\n\t<meta property=\"og:image:type\" content=\"image\/jpeg\" \/>\n<meta name=\"author\" content=\"favorite-news\" \/>\n<meta name=\"twitter:card\" content=\"summary_large_image\" \/>\n<meta name=\"twitter:label1\" content=\"Napisane przez\" \/>\n\t<meta name=\"twitter:data1\" content=\"favorite-news\" \/>\n\t<meta name=\"twitter:label2\" content=\"Szacowany czas czytania\" \/>\n\t<meta name=\"twitter:data2\" content=\"4 minuty\" \/>\n<script type=\"application\/ld+json\" class=\"yoast-schema-graph\">{\"@context\":\"https:\\\/\\\/schema.org\",\"@graph\":[{\"@type\":\"Article\",\"@id\":\"https:\\\/\\\/favorite-news.com\\\/pl\\\/centralny-port-komunikacyjny-jak-ma-wygladac-budowa\\\/#article\",\"isPartOf\":{\"@id\":\"https:\\\/\\\/favorite-news.com\\\/pl\\\/centralny-port-komunikacyjny-jak-ma-wygladac-budowa\\\/\"},\"author\":{\"name\":\"favorite-news\",\"@id\":\"https:\\\/\\\/favorite-news.com\\\/pl\\\/#\\\/schema\\\/person\\\/b91573b717dcfa5e4696032a9d28d3e8\"},\"headline\":\"Centralny Port Komunikacyjny jak ma wygl\u0105da\u0107 budowa\",\"datePublished\":\"2019-09-13T04:57:47+00:00\",\"dateModified\":\"2019-09-13T04:57:49+00:00\",\"mainEntityOfPage\":{\"@id\":\"https:\\\/\\\/favorite-news.com\\\/pl\\\/centralny-port-komunikacyjny-jak-ma-wygladac-budowa\\\/\"},\"wordCount\":719,\"commentCount\":0,\"image\":{\"@id\":\"https:\\\/\\\/favorite-news.com\\\/pl\\\/centralny-port-komunikacyjny-jak-ma-wygladac-budowa\\\/#primaryimage\"},\"thumbnailUrl\":\"https:\\\/\\\/favorite-news.com\\\/pl\\\/wp-content\\\/uploads\\\/sites\\\/6\\\/2019\\\/09\\\/Centralny-Port-Komunikacyjny-jak-ma-wygl\u0105da\u0107-budowa.jpg\",\"articleSection\":[\"WIADOMO\u015aCI MARKETINGOWE INTERNETOWE\"],\"inLanguage\":\"pl-PL\",\"potentialAction\":[{\"@type\":\"CommentAction\",\"name\":\"Comment\",\"target\":[\"https:\\\/\\\/favorite-news.com\\\/pl\\\/centralny-port-komunikacyjny-jak-ma-wygladac-budowa\\\/#respond\"]}]},{\"@type\":\"WebPage\",\"@id\":\"https:\\\/\\\/favorite-news.com\\\/pl\\\/centralny-port-komunikacyjny-jak-ma-wygladac-budowa\\\/\",\"url\":\"https:\\\/\\\/favorite-news.com\\\/pl\\\/centralny-port-komunikacyjny-jak-ma-wygladac-budowa\\\/\",\"name\":\"Centralny Port Komunikacyjny jak ma wygl\u0105da\u0107 budowa - Favorite News\",\"isPartOf\":{\"@id\":\"https:\\\/\\\/favorite-news.com\\\/pl\\\/#website\"},\"primaryImageOfPage\":{\"@id\":\"https:\\\/\\\/favorite-news.com\\\/pl\\\/centralny-port-komunikacyjny-jak-ma-wygladac-budowa\\\/#primaryimage\"},\"image\":{\"@id\":\"https:\\\/\\\/favorite-news.com\\\/pl\\\/centralny-port-komunikacyjny-jak-ma-wygladac-budowa\\\/#primaryimage\"},\"thumbnailUrl\":\"https:\\\/\\\/favorite-news.com\\\/pl\\\/wp-content\\\/uploads\\\/sites\\\/6\\\/2019\\\/09\\\/Centralny-Port-Komunikacyjny-jak-ma-wygl\u0105da\u0107-budowa.jpg\",\"datePublished\":\"2019-09-13T04:57:47+00:00\",\"dateModified\":\"2019-09-13T04:57:49+00:00\",\"author\":{\"@id\":\"https:\\\/\\\/favorite-news.com\\\/pl\\\/#\\\/schema\\\/person\\\/b91573b717dcfa5e4696032a9d28d3e8\"},\"breadcrumb\":{\"@id\":\"https:\\\/\\\/favorite-news.com\\\/pl\\\/centralny-port-komunikacyjny-jak-ma-wygladac-budowa\\\/#breadcrumb\"},\"inLanguage\":\"pl-PL\",\"potentialAction\":[{\"@type\":\"ReadAction\",\"target\":[\"https:\\\/\\\/favorite-news.com\\\/pl\\\/centralny-port-komunikacyjny-jak-ma-wygladac-budowa\\\/\"]}]},{\"@type\":\"ImageObject\",\"inLanguage\":\"pl-PL\",\"@id\":\"https:\\\/\\\/favorite-news.com\\\/pl\\\/centralny-port-komunikacyjny-jak-ma-wygladac-budowa\\\/#primaryimage\",\"url\":\"https:\\\/\\\/favorite-news.com\\\/pl\\\/wp-content\\\/uploads\\\/sites\\\/6\\\/2019\\\/09\\\/Centralny-Port-Komunikacyjny-jak-ma-wygl\u0105da\u0107-budowa.jpg\",\"contentUrl\":\"https:\\\/\\\/favorite-news.com\\\/pl\\\/wp-content\\\/uploads\\\/sites\\\/6\\\/2019\\\/09\\\/Centralny-Port-Komunikacyjny-jak-ma-wygl\u0105da\u0107-budowa.jpg\",\"width\":655,\"height\":368,\"caption\":\"Article\"},{\"@type\":\"BreadcrumbList\",\"@id\":\"https:\\\/\\\/favorite-news.com\\\/pl\\\/centralny-port-komunikacyjny-jak-ma-wygladac-budowa\\\/#breadcrumb\",\"itemListElement\":[{\"@type\":\"ListItem\",\"position\":1,\"name\":\"Home\",\"item\":\"https:\\\/\\\/favorite-news.com\\\/pl\\\/\"},{\"@type\":\"ListItem\",\"position\":2,\"name\":\"Centralny Port Komunikacyjny jak ma wygl\u0105da\u0107 budowa\"}]},{\"@type\":\"WebSite\",\"@id\":\"https:\\\/\\\/favorite-news.com\\\/pl\\\/#website\",\"url\":\"https:\\\/\\\/favorite-news.com\\\/pl\\\/\",\"name\":\"Favorite News\",\"description\":\"Favorite News Polska\",\"potentialAction\":[{\"@type\":\"SearchAction\",\"target\":{\"@type\":\"EntryPoint\",\"urlTemplate\":\"https:\\\/\\\/favorite-news.com\\\/pl\\\/?s={search_term_string}\"},\"query-input\":{\"@type\":\"PropertyValueSpecification\",\"valueRequired\":true,\"valueName\":\"search_term_string\"}}],\"inLanguage\":\"pl-PL\"},{\"@type\":\"Person\",\"@id\":\"https:\\\/\\\/favorite-news.com\\\/pl\\\/#\\\/schema\\\/person\\\/b91573b717dcfa5e4696032a9d28d3e8\",\"name\":\"favorite-news\",\"image\":{\"@type\":\"ImageObject\",\"inLanguage\":\"pl-PL\",\"@id\":\"https:\\\/\\\/secure.gravatar.com\\\/avatar\\\/6c5a5cb12b74e9d517ee91cf570335b7d16177f1977cc91db161adfa435945a7?s=96&d=mm&r=g\",\"url\":\"https:\\\/\\\/secure.gravatar.com\\\/avatar\\\/6c5a5cb12b74e9d517ee91cf570335b7d16177f1977cc91db161adfa435945a7?s=96&d=mm&r=g\",\"contentUrl\":\"https:\\\/\\\/secure.gravatar.com\\\/avatar\\\/6c5a5cb12b74e9d517ee91cf570335b7d16177f1977cc91db161adfa435945a7?s=96&d=mm&r=g\",\"caption\":\"favorite-news\"},\"url\":\"https:\\\/\\\/favorite-news.com\\\/pl\\\/author\\\/pt\\\/\"}]}<\/script>\n<!-- \/ Yoast SEO plugin. -->","yoast_head_json":{"title":"Centralny Port Komunikacyjny jak ma wygl\u0105da\u0107 budowa - Favorite News","robots":{"index":"index","follow":"follow","max-snippet":"max-snippet:-1","max-image-preview":"max-image-preview:large","max-video-preview":"max-video-preview:-1"},"canonical":"https:\/\/favorite-news.com\/pl\/centralny-port-komunikacyjny-jak-ma-wygladac-budowa\/","og_locale":"pl_PL","og_type":"article","og_title":"Centralny Port Komunikacyjny jak ma wygl\u0105da\u0107 budowa - Favorite News","og_description":"Zaprezentowane plany pos\u0142u\u017c\u0105 jako inspiracja podczas przygotowywania master planu lotniska, kt\u00f3ry ma by\u0107 zlecony na pocz\u0105tku przysz\u0142ego roku.&#13; &#13; -\u2013 Ju\u017c po raz drugi zaprosili\u015bmy do wsp\u00f3\u0142pracy architekt\u00f3w z bogatym portfolio zaprojektowanych i zrealizowanych inwestycji, \u017ceby zapyta\u0107 ich o to, jak Port Lotniczy Solidarno\u015b\u0107 mo\u017ce wygl\u0105da\u0107. Moment nie jest przypadkowy. Do ko\u0144ca pa\u017adziernika konsultujemy z [&hellip;]","og_url":"https:\/\/favorite-news.com\/pl\/centralny-port-komunikacyjny-jak-ma-wygladac-budowa\/","og_site_name":"Favorite News","article_published_time":"2019-09-13T04:57:47+00:00","article_modified_time":"2019-09-13T04:57:49+00:00","og_image":[{"width":655,"height":368,"url":"https:\/\/favorite-news.com\/pl\/wp-content\/uploads\/sites\/6\/2019\/09\/Centralny-Port-Komunikacyjny-jak-ma-wygl\u0105da\u0107-budowa.jpg","type":"image\/jpeg"}],"author":"favorite-news","twitter_card":"summary_large_image","twitter_misc":{"Napisane przez":"favorite-news","Szacowany czas czytania":"4 minuty"},"schema":{"@context":"https:\/\/schema.org","@graph":[{"@type":"Article","@id":"https:\/\/favorite-news.com\/pl\/centralny-port-komunikacyjny-jak-ma-wygladac-budowa\/#article","isPartOf":{"@id":"https:\/\/favorite-news.com\/pl\/centralny-port-komunikacyjny-jak-ma-wygladac-budowa\/"},"author":{"name":"favorite-news","@id":"https:\/\/favorite-news.com\/pl\/#\/schema\/person\/b91573b717dcfa5e4696032a9d28d3e8"},"headline":"Centralny Port Komunikacyjny jak ma wygl\u0105da\u0107 budowa","datePublished":"2019-09-13T04:57:47+00:00","dateModified":"2019-09-13T04:57:49+00:00","mainEntityOfPage":{"@id":"https:\/\/favorite-news.com\/pl\/centralny-port-komunikacyjny-jak-ma-wygladac-budowa\/"},"wordCount":719,"commentCount":0,"image":{"@id":"https:\/\/favorite-news.com\/pl\/centralny-port-komunikacyjny-jak-ma-wygladac-budowa\/#primaryimage"},"thumbnailUrl":"https:\/\/favorite-news.com\/pl\/wp-content\/uploads\/sites\/6\/2019\/09\/Centralny-Port-Komunikacyjny-jak-ma-wygl\u0105da\u0107-budowa.jpg","articleSection":["WIADOMO\u015aCI MARKETINGOWE INTERNETOWE"],"inLanguage":"pl-PL","potentialAction":[{"@type":"CommentAction","name":"Comment","target":["https:\/\/favorite-news.com\/pl\/centralny-port-komunikacyjny-jak-ma-wygladac-budowa\/#respond"]}]},{"@type":"WebPage","@id":"https:\/\/favorite-news.com\/pl\/centralny-port-komunikacyjny-jak-ma-wygladac-budowa\/","url":"https:\/\/favorite-news.com\/pl\/centralny-port-komunikacyjny-jak-ma-wygladac-budowa\/","name":"Centralny Port Komunikacyjny jak ma wygl\u0105da\u0107 budowa - Favorite News","isPartOf":{"@id":"https:\/\/favorite-news.com\/pl\/#website"},"primaryImageOfPage":{"@id":"https:\/\/favorite-news.com\/pl\/centralny-port-komunikacyjny-jak-ma-wygladac-budowa\/#primaryimage"},"image":{"@id":"https:\/\/favorite-news.com\/pl\/centralny-port-komunikacyjny-jak-ma-wygladac-budowa\/#primaryimage"},"thumbnailUrl":"https:\/\/favorite-news.com\/pl\/wp-content\/uploads\/sites\/6\/2019\/09\/Centralny-Port-Komunikacyjny-jak-ma-wygl\u0105da\u0107-budowa.jpg","datePublished":"2019-09-13T04:57:47+00:00","dateModified":"2019-09-13T04:57:49+00:00","author":{"@id":"https:\/\/favorite-news.com\/pl\/#\/schema\/person\/b91573b717dcfa5e4696032a9d28d3e8"},"breadcrumb":{"@id":"https:\/\/favorite-news.com\/pl\/centralny-port-komunikacyjny-jak-ma-wygladac-budowa\/#breadcrumb"},"inLanguage":"pl-PL","potentialAction":[{"@type":"ReadAction","target":["https:\/\/favorite-news.com\/pl\/centralny-port-komunikacyjny-jak-ma-wygladac-budowa\/"]}]},{"@type":"ImageObject","inLanguage":"pl-PL","@id":"https:\/\/favorite-news.com\/pl\/centralny-port-komunikacyjny-jak-ma-wygladac-budowa\/#primaryimage","url":"https:\/\/favorite-news.com\/pl\/wp-content\/uploads\/sites\/6\/2019\/09\/Centralny-Port-Komunikacyjny-jak-ma-wygl\u0105da\u0107-budowa.jpg","contentUrl":"https:\/\/favorite-news.com\/pl\/wp-content\/uploads\/sites\/6\/2019\/09\/Centralny-Port-Komunikacyjny-jak-ma-wygl\u0105da\u0107-budowa.jpg","width":655,"height":368,"caption":"Article"},{"@type":"BreadcrumbList","@id":"https:\/\/favorite-news.com\/pl\/centralny-port-komunikacyjny-jak-ma-wygladac-budowa\/#breadcrumb","itemListElement":[{"@type":"ListItem","position":1,"name":"Home","item":"https:\/\/favorite-news.com\/pl\/"},{"@type":"ListItem","position":2,"name":"Centralny Port Komunikacyjny jak ma wygl\u0105da\u0107 budowa"}]},{"@type":"WebSite","@id":"https:\/\/favorite-news.com\/pl\/#website","url":"https:\/\/favorite-news.com\/pl\/","name":"Favorite News","description":"Favorite News Polska","potentialAction":[{"@type":"SearchAction","target":{"@type":"EntryPoint","urlTemplate":"https:\/\/favorite-news.com\/pl\/?s={search_term_string}"},"query-input":{"@type":"PropertyValueSpecification","valueRequired":true,"valueName":"search_term_string"}}],"inLanguage":"pl-PL"},{"@type":"Person","@id":"https:\/\/favorite-news.com\/pl\/#\/schema\/person\/b91573b717dcfa5e4696032a9d28d3e8","name":"favorite-news","image":{"@type":"ImageObject","inLanguage":"pl-PL","@id":"https:\/\/secure.gravatar.com\/avatar\/6c5a5cb12b74e9d517ee91cf570335b7d16177f1977cc91db161adfa435945a7?s=96&d=mm&r=g","url":"https:\/\/secure.gravatar.com\/avatar\/6c5a5cb12b74e9d517ee91cf570335b7d16177f1977cc91db161adfa435945a7?s=96&d=mm&r=g","contentUrl":"https:\/\/secure.gravatar.com\/avatar\/6c5a5cb12b74e9d517ee91cf570335b7d16177f1977cc91db161adfa435945a7?s=96&d=mm&r=g","caption":"favorite-news"},"url":"https:\/\/favorite-news.com\/pl\/author\/pt\/"}]}},"_links":{"self":[{"href":"https:\/\/favorite-news.com\/pl\/wp-json\/wp\/v2\/posts\/4501","targetHints":{"allow":["GET"]}}],"collection":[{"href":"https:\/\/favorite-news.com\/pl\/wp-json\/wp\/v2\/posts"}],"about":[{"href":"https:\/\/favorite-news.com\/pl\/wp-json\/wp\/v2\/types\/post"}],"author":[{"embeddable":true,"href":"https:\/\/favorite-news.com\/pl\/wp-json\/wp\/v2\/users\/2"}],"replies":[{"embeddable":true,"href":"https:\/\/favorite-news.com\/pl\/wp-json\/wp\/v2\/comments?post=4501"}],"version-history":[{"count":1,"href":"https:\/\/favorite-news.com\/pl\/wp-json\/wp\/v2\/posts\/4501\/revisions"}],"predecessor-version":[{"id":4503,"href":"https:\/\/favorite-news.com\/pl\/wp-json\/wp\/v2\/posts\/4501\/revisions\/4503"}],"wp:featuredmedia":[{"embeddable":true,"href":"https:\/\/favorite-news.com\/pl\/wp-json\/wp\/v2\/media\/4502"}],"wp:attachment":[{"href":"https:\/\/favorite-news.com\/pl\/wp-json\/wp\/v2\/media?parent=4501"}],"wp:term":[{"taxonomy":"category","embeddable":true,"href":"https:\/\/favorite-news.com\/pl\/wp-json\/wp\/v2\/categories?post=4501"},{"taxonomy":"post_tag","embeddable":true,"href":"https:\/\/favorite-news.com\/pl\/wp-json\/wp\/v2\/tags?post=4501"}],"curies":[{"name":"wp","href":"https:\/\/api.w.org\/{rel}","templated":true}]}}