{"id":449,"date":"2019-05-10T05:13:25","date_gmt":"2019-05-10T02:13:25","guid":{"rendered":"https:\/\/favorite-news.com\/pl\/tomasz-pyzalka-specjalista-ds-komunikacji-skoda-polska\/"},"modified":"2019-05-10T05:13:25","modified_gmt":"2019-05-10T02:13:25","slug":"tomasz-pyzalka-specjalista-ds-komunikacji-skoda-polska","status":"publish","type":"post","link":"https:\/\/favorite-news.com\/pl\/tomasz-pyzalka-specjalista-ds-komunikacji-skoda-polska\/","title":{"rendered":"Tomasz Pyza\u0142ka specjalista ds. komunikacji \u0160koda Polska"},"content":{"rendered":"<p> [ad_1]<br \/>\n<\/p>\n<div id=\"\">\n<p>Pyza\u0142ka b\u0119dzie odpowiedzialny m.in. za bie\u017c\u0105c\u0105 wsp\u00f3\u0142prac\u0119 z mediami w zakresie obs\u0142ugi parku prasowego oraz realizacj\u0119 strategii PR marki\u00a0 w obszarze polityki informacyjnej.<\/p>\n<p>&#13;<br \/>\n&#13;<\/p>\n<p>Jednym z g\u0142\u00f3wnych wyzwa\u0144 zawodowych w 2019 roku b\u0119dzie komunikacja PR dw\u00f3ch kluczowych premier dla \u0160kody: modeli Scala\u00a0oraz Kamiq. Oferta marki zostanie poszerzona o dwa zeletryfikowane modele: w pe\u0142ni elektryczn\u0105 \u0160kod\u0119 Citigo oraz \u0160kod\u0119 SuperB z nap\u0119dem hybrydowym typu plug-in.<\/p>\n<p>&#13;<br \/>\n&#13;<\/p>\n<p>Tomasz Pyza\u0142ka wcze\u015bniej pracowa\u0142 w firmie Solaris Bus &amp; Coach, gdzie pe\u0142ni\u0142 funkcj\u0119 specjalisty ds. komunikacji wewn\u0119trznej i PR, a nast\u0119pnie starszego specjalisty\u00a0ds. analiz rynku.<\/p>\n<p>&#13;<br \/>\n&#13;<\/p>\n<p>Odpowiada\u0142 on m.in. za tworzenie regularnej analizy bran\u017cy automotive, koncentruj\u0105c si\u0119 na rozwoju nap\u0119d\u00f3w nisko- i bezemisyjnych oraz za koordynacj\u0119 i reprezentowanie firmy w ramach europejskich projekt\u00f3w z zakresu elektromobilno\u015bci.<\/p>\n<p>&#13;<br \/>\n&#13;<\/p>\n<p>Z firm\u0105 t\u0105 zwi\u0105zany by\u0142 ponad sze\u015b\u0107 lat.<\/p>\n<p>&#13;<br \/>\n&#13;<\/p>\n<p>Jest absolwentem Uniwersytetu we Wroc\u0142awiu oraz Uniwersytetu Jagiello\u0144skiego.<\/p>\n<p>&#13;<br \/>\n&#13;<\/p>\n<p>Tomasz Pyza\u0142ka przej\u0105\u0142 obowi\u0105zki Huberta Niedzielskiego, kt\u00f3ry w kwietniu zast\u0105pi\u0142 Tomasza Tondera na stanowisku kierownika ds. PR marki Volkswagen.<\/p>\n<p>&#13;<br \/>\n                            &#13;<br \/>\n&#13;<br \/>\n                            &#13;<br \/>\n&#13;<br \/>\n&#13;<br \/>\n&#13;<br \/>\n&#13;<br \/>\n&#13;<br \/>\n                            &#13;<br \/>\n                                                            &#13;<br \/>\n&#13;<br \/>\n                            &#13;\n                        <\/p><\/div>\n<p><script>(function (d, s, id) {\n        var js, fjs = d.getElementsByTagName(s)[0];\n        if (d.getElementById(id)) return;\n        js = d.createElement(s);\n        js.id = id;\n        js.src = \"http:\/\/connect.facebook.net\/pl_PL\/sdk.js#xfbml=1&version=v2.6&appId=297996717062470\";\n        fjs.parentNode.insertBefore(js, fjs);\n    }(document, 'script', 'facebook-jssdk'));<\/script><br \/>\n<br \/>[ad_2]<br \/>\n<br \/><a href=\"https:\/\/www.wirtualnemedia.pl\/artykul\/tomasz-pyzalka-specjalista-ds-komunikacji-koda-polska\">Source link <\/a><\/p>\n","protected":false},"excerpt":{"rendered":"<p>[ad_1] Pyza\u0142ka b\u0119dzie odpowiedzialny m.in. za bie\u017c\u0105c\u0105 wsp\u00f3\u0142prac\u0119 z mediami w zakresie obs\u0142ugi parku prasowego oraz realizacj\u0119 strategii PR marki\u00a0 w obszarze polityki informacyjnej. &#13; &#13; Jednym z g\u0142\u00f3wnych wyzwa\u0144 zawodowych w 2019 roku b\u0119dzie komunikacja PR dw\u00f3ch kluczowych premier dla \u0160kody: modeli Scala\u00a0oraz Kamiq. Oferta marki zostanie poszerzona o dwa zeletryfikowane modele: w pe\u0142ni [&hellip;]<\/p>\n","protected":false},"author":2,"featured_media":450,"comment_status":"open","ping_status":"open","sticky":false,"template":"","format":"standard","meta":{"footnotes":""},"categories":[2],"tags":[],"class_list":["post-449","post","type-post","status-publish","format-standard","has-post-thumbnail","hentry","category-wiadomosci-marketingowe-internetowe"],"yoast_head":"<!-- This site is optimized with the Yoast SEO plugin v27.4 - https:\/\/yoast.com\/product\/yoast-seo-wordpress\/ -->\n<title>Tomasz Pyza\u0142ka specjalista ds. komunikacji \u0160koda Polska - Favorite News<\/title>\n<meta name=\"robots\" content=\"index, follow, max-snippet:-1, max-image-preview:large, max-video-preview:-1\" \/>\n<link rel=\"canonical\" href=\"https:\/\/favorite-news.com\/pl\/tomasz-pyzalka-specjalista-ds-komunikacji-skoda-polska\/\" \/>\n<meta property=\"og:locale\" content=\"pl_PL\" \/>\n<meta property=\"og:type\" content=\"article\" \/>\n<meta property=\"og:title\" content=\"Tomasz Pyza\u0142ka specjalista ds. komunikacji \u0160koda Polska - Favorite News\" \/>\n<meta property=\"og:description\" content=\"[ad_1] Pyza\u0142ka b\u0119dzie odpowiedzialny m.in. za bie\u017c\u0105c\u0105 wsp\u00f3\u0142prac\u0119 z mediami w zakresie obs\u0142ugi parku prasowego oraz realizacj\u0119 strategii PR marki\u00a0 w obszarze polityki informacyjnej. &#013; &#013; Jednym z g\u0142\u00f3wnych wyzwa\u0144 zawodowych w 2019 roku b\u0119dzie komunikacja PR dw\u00f3ch kluczowych premier dla \u0160kody: modeli Scala\u00a0oraz Kamiq. Oferta marki zostanie poszerzona o dwa zeletryfikowane modele: w pe\u0142ni [&hellip;]\" \/>\n<meta property=\"og:url\" content=\"https:\/\/favorite-news.com\/pl\/tomasz-pyzalka-specjalista-ds-komunikacji-skoda-polska\/\" \/>\n<meta property=\"og:site_name\" content=\"Favorite News\" \/>\n<meta property=\"article:published_time\" content=\"2019-05-10T02:13:25+00:00\" \/>\n<meta property=\"og:image\" content=\"https:\/\/favorite-news.com\/pl\/wp-content\/uploads\/sites\/6\/2019\/05\/Tomasz-Pyza\u0142ka-specjalista-ds.-komunikacji-\u0160koda-Polska.jpg\" \/>\n\t<meta property=\"og:image:width\" content=\"655\" \/>\n\t<meta property=\"og:image:height\" content=\"655\" \/>\n\t<meta property=\"og:image:type\" content=\"image\/jpeg\" \/>\n<meta name=\"author\" content=\"favorite-news\" \/>\n<meta name=\"twitter:card\" content=\"summary_large_image\" \/>\n<meta name=\"twitter:label1\" content=\"Napisane przez\" \/>\n\t<meta name=\"twitter:data1\" content=\"favorite-news\" \/>\n\t<meta name=\"twitter:label2\" content=\"Szacowany czas czytania\" \/>\n\t<meta name=\"twitter:data2\" content=\"1 minuta\" \/>\n<script type=\"application\/ld+json\" class=\"yoast-schema-graph\">{\"@context\":\"https:\\\/\\\/schema.org\",\"@graph\":[{\"@type\":\"Article\",\"@id\":\"https:\\\/\\\/favorite-news.com\\\/pl\\\/tomasz-pyzalka-specjalista-ds-komunikacji-skoda-polska\\\/#article\",\"isPartOf\":{\"@id\":\"https:\\\/\\\/favorite-news.com\\\/pl\\\/tomasz-pyzalka-specjalista-ds-komunikacji-skoda-polska\\\/\"},\"author\":{\"name\":\"favorite-news\",\"@id\":\"https:\\\/\\\/favorite-news.com\\\/pl\\\/#\\\/schema\\\/person\\\/b91573b717dcfa5e4696032a9d28d3e8\"},\"headline\":\"Tomasz Pyza\u0142ka specjalista ds. komunikacji \u0160koda Polska\",\"datePublished\":\"2019-05-10T02:13:25+00:00\",\"mainEntityOfPage\":{\"@id\":\"https:\\\/\\\/favorite-news.com\\\/pl\\\/tomasz-pyzalka-specjalista-ds-komunikacji-skoda-polska\\\/\"},\"wordCount\":196,\"commentCount\":0,\"image\":{\"@id\":\"https:\\\/\\\/favorite-news.com\\\/pl\\\/tomasz-pyzalka-specjalista-ds-komunikacji-skoda-polska\\\/#primaryimage\"},\"thumbnailUrl\":\"https:\\\/\\\/favorite-news.com\\\/pl\\\/wp-content\\\/uploads\\\/sites\\\/6\\\/2019\\\/05\\\/Tomasz-Pyza\u0142ka-specjalista-ds.-komunikacji-\u0160koda-Polska.jpg\",\"articleSection\":[\"WIADOMO\u015aCI MARKETINGOWE INTERNETOWE\"],\"inLanguage\":\"pl-PL\",\"potentialAction\":[{\"@type\":\"CommentAction\",\"name\":\"Comment\",\"target\":[\"https:\\\/\\\/favorite-news.com\\\/pl\\\/tomasz-pyzalka-specjalista-ds-komunikacji-skoda-polska\\\/#respond\"]}]},{\"@type\":\"WebPage\",\"@id\":\"https:\\\/\\\/favorite-news.com\\\/pl\\\/tomasz-pyzalka-specjalista-ds-komunikacji-skoda-polska\\\/\",\"url\":\"https:\\\/\\\/favorite-news.com\\\/pl\\\/tomasz-pyzalka-specjalista-ds-komunikacji-skoda-polska\\\/\",\"name\":\"Tomasz Pyza\u0142ka specjalista ds. komunikacji \u0160koda Polska - Favorite News\",\"isPartOf\":{\"@id\":\"https:\\\/\\\/favorite-news.com\\\/pl\\\/#website\"},\"primaryImageOfPage\":{\"@id\":\"https:\\\/\\\/favorite-news.com\\\/pl\\\/tomasz-pyzalka-specjalista-ds-komunikacji-skoda-polska\\\/#primaryimage\"},\"image\":{\"@id\":\"https:\\\/\\\/favorite-news.com\\\/pl\\\/tomasz-pyzalka-specjalista-ds-komunikacji-skoda-polska\\\/#primaryimage\"},\"thumbnailUrl\":\"https:\\\/\\\/favorite-news.com\\\/pl\\\/wp-content\\\/uploads\\\/sites\\\/6\\\/2019\\\/05\\\/Tomasz-Pyza\u0142ka-specjalista-ds.-komunikacji-\u0160koda-Polska.jpg\",\"datePublished\":\"2019-05-10T02:13:25+00:00\",\"author\":{\"@id\":\"https:\\\/\\\/favorite-news.com\\\/pl\\\/#\\\/schema\\\/person\\\/b91573b717dcfa5e4696032a9d28d3e8\"},\"breadcrumb\":{\"@id\":\"https:\\\/\\\/favorite-news.com\\\/pl\\\/tomasz-pyzalka-specjalista-ds-komunikacji-skoda-polska\\\/#breadcrumb\"},\"inLanguage\":\"pl-PL\",\"potentialAction\":[{\"@type\":\"ReadAction\",\"target\":[\"https:\\\/\\\/favorite-news.com\\\/pl\\\/tomasz-pyzalka-specjalista-ds-komunikacji-skoda-polska\\\/\"]}]},{\"@type\":\"ImageObject\",\"inLanguage\":\"pl-PL\",\"@id\":\"https:\\\/\\\/favorite-news.com\\\/pl\\\/tomasz-pyzalka-specjalista-ds-komunikacji-skoda-polska\\\/#primaryimage\",\"url\":\"https:\\\/\\\/favorite-news.com\\\/pl\\\/wp-content\\\/uploads\\\/sites\\\/6\\\/2019\\\/05\\\/Tomasz-Pyza\u0142ka-specjalista-ds.-komunikacji-\u0160koda-Polska.jpg\",\"contentUrl\":\"https:\\\/\\\/favorite-news.com\\\/pl\\\/wp-content\\\/uploads\\\/sites\\\/6\\\/2019\\\/05\\\/Tomasz-Pyza\u0142ka-specjalista-ds.-komunikacji-\u0160koda-Polska.jpg\",\"width\":655,\"height\":655,\"caption\":\"Article\"},{\"@type\":\"BreadcrumbList\",\"@id\":\"https:\\\/\\\/favorite-news.com\\\/pl\\\/tomasz-pyzalka-specjalista-ds-komunikacji-skoda-polska\\\/#breadcrumb\",\"itemListElement\":[{\"@type\":\"ListItem\",\"position\":1,\"name\":\"Home\",\"item\":\"https:\\\/\\\/favorite-news.com\\\/pl\\\/\"},{\"@type\":\"ListItem\",\"position\":2,\"name\":\"Tomasz Pyza\u0142ka specjalista ds. komunikacji \u0160koda Polska\"}]},{\"@type\":\"WebSite\",\"@id\":\"https:\\\/\\\/favorite-news.com\\\/pl\\\/#website\",\"url\":\"https:\\\/\\\/favorite-news.com\\\/pl\\\/\",\"name\":\"Favorite News\",\"description\":\"Favorite News Polska\",\"potentialAction\":[{\"@type\":\"SearchAction\",\"target\":{\"@type\":\"EntryPoint\",\"urlTemplate\":\"https:\\\/\\\/favorite-news.com\\\/pl\\\/?s={search_term_string}\"},\"query-input\":{\"@type\":\"PropertyValueSpecification\",\"valueRequired\":true,\"valueName\":\"search_term_string\"}}],\"inLanguage\":\"pl-PL\"},{\"@type\":\"Person\",\"@id\":\"https:\\\/\\\/favorite-news.com\\\/pl\\\/#\\\/schema\\\/person\\\/b91573b717dcfa5e4696032a9d28d3e8\",\"name\":\"favorite-news\",\"image\":{\"@type\":\"ImageObject\",\"inLanguage\":\"pl-PL\",\"@id\":\"https:\\\/\\\/secure.gravatar.com\\\/avatar\\\/6c5a5cb12b74e9d517ee91cf570335b7d16177f1977cc91db161adfa435945a7?s=96&d=mm&r=g\",\"url\":\"https:\\\/\\\/secure.gravatar.com\\\/avatar\\\/6c5a5cb12b74e9d517ee91cf570335b7d16177f1977cc91db161adfa435945a7?s=96&d=mm&r=g\",\"contentUrl\":\"https:\\\/\\\/secure.gravatar.com\\\/avatar\\\/6c5a5cb12b74e9d517ee91cf570335b7d16177f1977cc91db161adfa435945a7?s=96&d=mm&r=g\",\"caption\":\"favorite-news\"},\"url\":\"https:\\\/\\\/favorite-news.com\\\/pl\\\/author\\\/pt\\\/\"}]}<\/script>\n<!-- \/ Yoast SEO plugin. -->","yoast_head_json":{"title":"Tomasz Pyza\u0142ka specjalista ds. komunikacji \u0160koda Polska - Favorite News","robots":{"index":"index","follow":"follow","max-snippet":"max-snippet:-1","max-image-preview":"max-image-preview:large","max-video-preview":"max-video-preview:-1"},"canonical":"https:\/\/favorite-news.com\/pl\/tomasz-pyzalka-specjalista-ds-komunikacji-skoda-polska\/","og_locale":"pl_PL","og_type":"article","og_title":"Tomasz Pyza\u0142ka specjalista ds. komunikacji \u0160koda Polska - Favorite News","og_description":"[ad_1] Pyza\u0142ka b\u0119dzie odpowiedzialny m.in. za bie\u017c\u0105c\u0105 wsp\u00f3\u0142prac\u0119 z mediami w zakresie obs\u0142ugi parku prasowego oraz realizacj\u0119 strategii PR marki\u00a0 w obszarze polityki informacyjnej. &#13; &#13; Jednym z g\u0142\u00f3wnych wyzwa\u0144 zawodowych w 2019 roku b\u0119dzie komunikacja PR dw\u00f3ch kluczowych premier dla \u0160kody: modeli Scala\u00a0oraz Kamiq. Oferta marki zostanie poszerzona o dwa zeletryfikowane modele: w pe\u0142ni [&hellip;]","og_url":"https:\/\/favorite-news.com\/pl\/tomasz-pyzalka-specjalista-ds-komunikacji-skoda-polska\/","og_site_name":"Favorite News","article_published_time":"2019-05-10T02:13:25+00:00","og_image":[{"width":655,"height":655,"url":"https:\/\/favorite-news.com\/pl\/wp-content\/uploads\/sites\/6\/2019\/05\/Tomasz-Pyza\u0142ka-specjalista-ds.-komunikacji-\u0160koda-Polska.jpg","type":"image\/jpeg"}],"author":"favorite-news","twitter_card":"summary_large_image","twitter_misc":{"Napisane przez":"favorite-news","Szacowany czas czytania":"1 minuta"},"schema":{"@context":"https:\/\/schema.org","@graph":[{"@type":"Article","@id":"https:\/\/favorite-news.com\/pl\/tomasz-pyzalka-specjalista-ds-komunikacji-skoda-polska\/#article","isPartOf":{"@id":"https:\/\/favorite-news.com\/pl\/tomasz-pyzalka-specjalista-ds-komunikacji-skoda-polska\/"},"author":{"name":"favorite-news","@id":"https:\/\/favorite-news.com\/pl\/#\/schema\/person\/b91573b717dcfa5e4696032a9d28d3e8"},"headline":"Tomasz Pyza\u0142ka specjalista ds. komunikacji \u0160koda Polska","datePublished":"2019-05-10T02:13:25+00:00","mainEntityOfPage":{"@id":"https:\/\/favorite-news.com\/pl\/tomasz-pyzalka-specjalista-ds-komunikacji-skoda-polska\/"},"wordCount":196,"commentCount":0,"image":{"@id":"https:\/\/favorite-news.com\/pl\/tomasz-pyzalka-specjalista-ds-komunikacji-skoda-polska\/#primaryimage"},"thumbnailUrl":"https:\/\/favorite-news.com\/pl\/wp-content\/uploads\/sites\/6\/2019\/05\/Tomasz-Pyza\u0142ka-specjalista-ds.-komunikacji-\u0160koda-Polska.jpg","articleSection":["WIADOMO\u015aCI MARKETINGOWE INTERNETOWE"],"inLanguage":"pl-PL","potentialAction":[{"@type":"CommentAction","name":"Comment","target":["https:\/\/favorite-news.com\/pl\/tomasz-pyzalka-specjalista-ds-komunikacji-skoda-polska\/#respond"]}]},{"@type":"WebPage","@id":"https:\/\/favorite-news.com\/pl\/tomasz-pyzalka-specjalista-ds-komunikacji-skoda-polska\/","url":"https:\/\/favorite-news.com\/pl\/tomasz-pyzalka-specjalista-ds-komunikacji-skoda-polska\/","name":"Tomasz Pyza\u0142ka specjalista ds. komunikacji \u0160koda Polska - Favorite News","isPartOf":{"@id":"https:\/\/favorite-news.com\/pl\/#website"},"primaryImageOfPage":{"@id":"https:\/\/favorite-news.com\/pl\/tomasz-pyzalka-specjalista-ds-komunikacji-skoda-polska\/#primaryimage"},"image":{"@id":"https:\/\/favorite-news.com\/pl\/tomasz-pyzalka-specjalista-ds-komunikacji-skoda-polska\/#primaryimage"},"thumbnailUrl":"https:\/\/favorite-news.com\/pl\/wp-content\/uploads\/sites\/6\/2019\/05\/Tomasz-Pyza\u0142ka-specjalista-ds.-komunikacji-\u0160koda-Polska.jpg","datePublished":"2019-05-10T02:13:25+00:00","author":{"@id":"https:\/\/favorite-news.com\/pl\/#\/schema\/person\/b91573b717dcfa5e4696032a9d28d3e8"},"breadcrumb":{"@id":"https:\/\/favorite-news.com\/pl\/tomasz-pyzalka-specjalista-ds-komunikacji-skoda-polska\/#breadcrumb"},"inLanguage":"pl-PL","potentialAction":[{"@type":"ReadAction","target":["https:\/\/favorite-news.com\/pl\/tomasz-pyzalka-specjalista-ds-komunikacji-skoda-polska\/"]}]},{"@type":"ImageObject","inLanguage":"pl-PL","@id":"https:\/\/favorite-news.com\/pl\/tomasz-pyzalka-specjalista-ds-komunikacji-skoda-polska\/#primaryimage","url":"https:\/\/favorite-news.com\/pl\/wp-content\/uploads\/sites\/6\/2019\/05\/Tomasz-Pyza\u0142ka-specjalista-ds.-komunikacji-\u0160koda-Polska.jpg","contentUrl":"https:\/\/favorite-news.com\/pl\/wp-content\/uploads\/sites\/6\/2019\/05\/Tomasz-Pyza\u0142ka-specjalista-ds.-komunikacji-\u0160koda-Polska.jpg","width":655,"height":655,"caption":"Article"},{"@type":"BreadcrumbList","@id":"https:\/\/favorite-news.com\/pl\/tomasz-pyzalka-specjalista-ds-komunikacji-skoda-polska\/#breadcrumb","itemListElement":[{"@type":"ListItem","position":1,"name":"Home","item":"https:\/\/favorite-news.com\/pl\/"},{"@type":"ListItem","position":2,"name":"Tomasz Pyza\u0142ka specjalista ds. komunikacji \u0160koda Polska"}]},{"@type":"WebSite","@id":"https:\/\/favorite-news.com\/pl\/#website","url":"https:\/\/favorite-news.com\/pl\/","name":"Favorite News","description":"Favorite News Polska","potentialAction":[{"@type":"SearchAction","target":{"@type":"EntryPoint","urlTemplate":"https:\/\/favorite-news.com\/pl\/?s={search_term_string}"},"query-input":{"@type":"PropertyValueSpecification","valueRequired":true,"valueName":"search_term_string"}}],"inLanguage":"pl-PL"},{"@type":"Person","@id":"https:\/\/favorite-news.com\/pl\/#\/schema\/person\/b91573b717dcfa5e4696032a9d28d3e8","name":"favorite-news","image":{"@type":"ImageObject","inLanguage":"pl-PL","@id":"https:\/\/secure.gravatar.com\/avatar\/6c5a5cb12b74e9d517ee91cf570335b7d16177f1977cc91db161adfa435945a7?s=96&d=mm&r=g","url":"https:\/\/secure.gravatar.com\/avatar\/6c5a5cb12b74e9d517ee91cf570335b7d16177f1977cc91db161adfa435945a7?s=96&d=mm&r=g","contentUrl":"https:\/\/secure.gravatar.com\/avatar\/6c5a5cb12b74e9d517ee91cf570335b7d16177f1977cc91db161adfa435945a7?s=96&d=mm&r=g","caption":"favorite-news"},"url":"https:\/\/favorite-news.com\/pl\/author\/pt\/"}]}},"_links":{"self":[{"href":"https:\/\/favorite-news.com\/pl\/wp-json\/wp\/v2\/posts\/449","targetHints":{"allow":["GET"]}}],"collection":[{"href":"https:\/\/favorite-news.com\/pl\/wp-json\/wp\/v2\/posts"}],"about":[{"href":"https:\/\/favorite-news.com\/pl\/wp-json\/wp\/v2\/types\/post"}],"author":[{"embeddable":true,"href":"https:\/\/favorite-news.com\/pl\/wp-json\/wp\/v2\/users\/2"}],"replies":[{"embeddable":true,"href":"https:\/\/favorite-news.com\/pl\/wp-json\/wp\/v2\/comments?post=449"}],"version-history":[{"count":1,"href":"https:\/\/favorite-news.com\/pl\/wp-json\/wp\/v2\/posts\/449\/revisions"}],"predecessor-version":[{"id":451,"href":"https:\/\/favorite-news.com\/pl\/wp-json\/wp\/v2\/posts\/449\/revisions\/451"}],"wp:featuredmedia":[{"embeddable":true,"href":"https:\/\/favorite-news.com\/pl\/wp-json\/wp\/v2\/media\/450"}],"wp:attachment":[{"href":"https:\/\/favorite-news.com\/pl\/wp-json\/wp\/v2\/media?parent=449"}],"wp:term":[{"taxonomy":"category","embeddable":true,"href":"https:\/\/favorite-news.com\/pl\/wp-json\/wp\/v2\/categories?post=449"},{"taxonomy":"post_tag","embeddable":true,"href":"https:\/\/favorite-news.com\/pl\/wp-json\/wp\/v2\/tags?post=449"}],"curies":[{"name":"wp","href":"https:\/\/api.w.org\/{rel}","templated":true}]}}