{"id":4489,"date":"2019-09-13T02:20:57","date_gmt":"2019-09-12T23:20:57","guid":{"rendered":"https:\/\/favorite-news.com\/pl\/wojciech-szymczyk-group-lead-of-digital-product-vue-international-odpowiada-za-rozwiazania-internetowe\/"},"modified":"2019-09-13T02:20:59","modified_gmt":"2019-09-12T23:20:59","slug":"wojciech-szymczyk-group-lead-of-digital-product-vue-international-odpowiada-za-rozwiazania-internetowe","status":"publish","type":"post","link":"https:\/\/favorite-news.com\/pl\/wojciech-szymczyk-group-lead-of-digital-product-vue-international-odpowiada-za-rozwiazania-internetowe\/","title":{"rendered":"Wojciech Szymczyk group lead of digital product VUE International odpowiada za rozwi\u0105zania internetowe"},"content":{"rendered":"<p>Szymczyk b\u0119dzie odpowiada\u0142 za realizacj\u0119 strategii digitalowej we wszystkich kinach grupy VUE International. Do jego najwa\u017cniejszych zada\u0144 nale\u017c\u0105 wypracowanie i wdro\u017cenie jednej, sp\u00f3jnej aplikacji mobilnej oraz rozwi\u0105za\u0144 p\u0142atniczych pozwalaj\u0105cych wykorzysta\u0107 efekt synergii ca\u0142ej grupy. \u00a0&#13;<br \/>\n&#13;<br \/>\nZ Multikinem Szymczyk zwi\u0105zany jest od 2012 roku, gdzie odpowiada\u0142 za sprzeda\u017c kana\u0142ami online (strona i aplikacja). Po przej\u0119ciu sieci kinowej przez VUE International zajmowa\u0142 si\u0119 wdro\u017ceniem i zlokalizowaniem nowego serwisu internetowego, kt\u00f3ry ruszy\u0142 w marcu 2017 roku.&#13;<br \/>\n&#13;<br \/>\nW ci\u0105gu ostatnich 2 lat Wojciech Szymczyk uruchomi\u0142 m.in. CRM, dwie karty lojalno\u015bciowe wsp\u00f3\u0142pracuj\u0105c z BLIKiem i GPayem, utworzy\u0142 nowe kompetencje performance\u2019owe i kontentowe oraz wdro\u017cy\u0142 kompleksowe badania satysfakcji klient\u00f3w (NPS).&#13;<br \/>\n&#13;<br \/>\nPrzed do\u0142\u0105czeniem do zespo\u0142u Multikina Wojciech Szymczyk by\u0142 kierownikiem e-commerce w Netii. Przez 5 lat odpowiada\u0142 r\u00f3wnie\u017c za wszystkie dzia\u0142ania digitalowe marki Heyah od czasu jej startu w 2005 roku. Ma 15-letnie do\u015bwiadczenie w obszarze digitalu.&#13;<br \/>\n                            &#13;<br \/>\n&#13;<br \/>\n                            &#13;<br \/>\n&#13;<br \/>\n&#13;<br \/>\n&#13;<br \/>\n&#13;<br \/>\n&#13;<br \/>\n                            &#13;<br \/>\n                                                            &#13;<br \/>\n&#13;<br \/>\n                            &#13;<\/p>\n<p>\n<!--noindex--><br \/>\n<a href=\"https:\/\/www.wirtualnemedia.pl\/artykul\/wojciech-szymczyk-group-lead-of-digital-product-vue-international-odpowiada-za-rozwiazania-internetowe\" rel=\"nofollow\">Source link <\/a><br \/>\n<!--\/noindex--><\/p>\n","protected":false},"excerpt":{"rendered":"<p>Szymczyk b\u0119dzie odpowiada\u0142 za realizacj\u0119 strategii digitalowej we wszystkich kinach grupy VUE International. Do jego najwa\u017cniejszych zada\u0144 nale\u017c\u0105 wypracowanie i wdro\u017cenie jednej, sp\u00f3jnej aplikacji mobilnej oraz rozwi\u0105za\u0144 p\u0142atniczych pozwalaj\u0105cych wykorzysta\u0107 efekt synergii ca\u0142ej grupy. \u00a0&#13; &#13; Z Multikinem Szymczyk zwi\u0105zany jest od 2012 roku, gdzie odpowiada\u0142 za sprzeda\u017c kana\u0142ami online (strona i aplikacja). Po przej\u0119ciu [&hellip;]<\/p>\n","protected":false},"author":2,"featured_media":4490,"comment_status":"open","ping_status":"open","sticky":false,"template":"","format":"standard","meta":{"footnotes":""},"categories":[2],"tags":[],"class_list":["post-4489","post","type-post","status-publish","format-standard","has-post-thumbnail","hentry","category-wiadomosci-marketingowe-internetowe"],"yoast_head":"<!-- This site is optimized with the Yoast SEO plugin v27.4 - https:\/\/yoast.com\/product\/yoast-seo-wordpress\/ -->\n<title>Wojciech Szymczyk group lead of digital product VUE International odpowiada za rozwi\u0105zania internetowe - Favorite News<\/title>\n<meta name=\"robots\" content=\"index, follow, max-snippet:-1, max-image-preview:large, max-video-preview:-1\" \/>\n<link rel=\"canonical\" href=\"https:\/\/favorite-news.com\/pl\/wojciech-szymczyk-group-lead-of-digital-product-vue-international-odpowiada-za-rozwiazania-internetowe\/\" \/>\n<meta property=\"og:locale\" content=\"pl_PL\" \/>\n<meta property=\"og:type\" content=\"article\" \/>\n<meta property=\"og:title\" content=\"Wojciech Szymczyk group lead of digital product VUE International odpowiada za rozwi\u0105zania internetowe - Favorite News\" \/>\n<meta property=\"og:description\" content=\"Szymczyk b\u0119dzie odpowiada\u0142 za realizacj\u0119 strategii digitalowej we wszystkich kinach grupy VUE International. Do jego najwa\u017cniejszych zada\u0144 nale\u017c\u0105 wypracowanie i wdro\u017cenie jednej, sp\u00f3jnej aplikacji mobilnej oraz rozwi\u0105za\u0144 p\u0142atniczych pozwalaj\u0105cych wykorzysta\u0107 efekt synergii ca\u0142ej grupy. \u00a0&#013; &#013; Z Multikinem Szymczyk zwi\u0105zany jest od 2012 roku, gdzie odpowiada\u0142 za sprzeda\u017c kana\u0142ami online (strona i aplikacja). Po przej\u0119ciu [&hellip;]\" \/>\n<meta property=\"og:url\" content=\"https:\/\/favorite-news.com\/pl\/wojciech-szymczyk-group-lead-of-digital-product-vue-international-odpowiada-za-rozwiazania-internetowe\/\" \/>\n<meta property=\"og:site_name\" content=\"Favorite News\" \/>\n<meta property=\"article:published_time\" content=\"2019-09-12T23:20:57+00:00\" \/>\n<meta property=\"article:modified_time\" content=\"2019-09-12T23:20:59+00:00\" \/>\n<meta property=\"og:image\" content=\"https:\/\/favorite-news.com\/pl\/wp-content\/uploads\/sites\/6\/2019\/09\/Wojciech-Szymczyk-group-lead-of-digital-product-VUE-International-odpowiada.jpg\" \/>\n\t<meta property=\"og:image:width\" content=\"655\" \/>\n\t<meta property=\"og:image:height\" content=\"368\" \/>\n\t<meta property=\"og:image:type\" content=\"image\/jpeg\" \/>\n<meta name=\"author\" content=\"favorite-news\" \/>\n<meta name=\"twitter:card\" content=\"summary_large_image\" \/>\n<meta name=\"twitter:label1\" content=\"Napisane przez\" \/>\n\t<meta name=\"twitter:data1\" content=\"favorite-news\" \/>\n\t<meta name=\"twitter:label2\" content=\"Szacowany czas czytania\" \/>\n\t<meta name=\"twitter:data2\" content=\"1 minuta\" \/>\n<script type=\"application\/ld+json\" class=\"yoast-schema-graph\">{\"@context\":\"https:\\\/\\\/schema.org\",\"@graph\":[{\"@type\":\"Article\",\"@id\":\"https:\\\/\\\/favorite-news.com\\\/pl\\\/wojciech-szymczyk-group-lead-of-digital-product-vue-international-odpowiada-za-rozwiazania-internetowe\\\/#article\",\"isPartOf\":{\"@id\":\"https:\\\/\\\/favorite-news.com\\\/pl\\\/wojciech-szymczyk-group-lead-of-digital-product-vue-international-odpowiada-za-rozwiazania-internetowe\\\/\"},\"author\":{\"name\":\"favorite-news\",\"@id\":\"https:\\\/\\\/favorite-news.com\\\/pl\\\/#\\\/schema\\\/person\\\/b91573b717dcfa5e4696032a9d28d3e8\"},\"headline\":\"Wojciech Szymczyk group lead of digital product VUE International odpowiada za rozwi\u0105zania internetowe\",\"datePublished\":\"2019-09-12T23:20:57+00:00\",\"dateModified\":\"2019-09-12T23:20:59+00:00\",\"mainEntityOfPage\":{\"@id\":\"https:\\\/\\\/favorite-news.com\\\/pl\\\/wojciech-szymczyk-group-lead-of-digital-product-vue-international-odpowiada-za-rozwiazania-internetowe\\\/\"},\"wordCount\":176,\"commentCount\":0,\"image\":{\"@id\":\"https:\\\/\\\/favorite-news.com\\\/pl\\\/wojciech-szymczyk-group-lead-of-digital-product-vue-international-odpowiada-za-rozwiazania-internetowe\\\/#primaryimage\"},\"thumbnailUrl\":\"https:\\\/\\\/favorite-news.com\\\/pl\\\/wp-content\\\/uploads\\\/sites\\\/6\\\/2019\\\/09\\\/Wojciech-Szymczyk-group-lead-of-digital-product-VUE-International-odpowiada.jpg\",\"articleSection\":[\"WIADOMO\u015aCI MARKETINGOWE INTERNETOWE\"],\"inLanguage\":\"pl-PL\",\"potentialAction\":[{\"@type\":\"CommentAction\",\"name\":\"Comment\",\"target\":[\"https:\\\/\\\/favorite-news.com\\\/pl\\\/wojciech-szymczyk-group-lead-of-digital-product-vue-international-odpowiada-za-rozwiazania-internetowe\\\/#respond\"]}]},{\"@type\":\"WebPage\",\"@id\":\"https:\\\/\\\/favorite-news.com\\\/pl\\\/wojciech-szymczyk-group-lead-of-digital-product-vue-international-odpowiada-za-rozwiazania-internetowe\\\/\",\"url\":\"https:\\\/\\\/favorite-news.com\\\/pl\\\/wojciech-szymczyk-group-lead-of-digital-product-vue-international-odpowiada-za-rozwiazania-internetowe\\\/\",\"name\":\"Wojciech Szymczyk group lead of digital product VUE International odpowiada za rozwi\u0105zania internetowe - Favorite News\",\"isPartOf\":{\"@id\":\"https:\\\/\\\/favorite-news.com\\\/pl\\\/#website\"},\"primaryImageOfPage\":{\"@id\":\"https:\\\/\\\/favorite-news.com\\\/pl\\\/wojciech-szymczyk-group-lead-of-digital-product-vue-international-odpowiada-za-rozwiazania-internetowe\\\/#primaryimage\"},\"image\":{\"@id\":\"https:\\\/\\\/favorite-news.com\\\/pl\\\/wojciech-szymczyk-group-lead-of-digital-product-vue-international-odpowiada-za-rozwiazania-internetowe\\\/#primaryimage\"},\"thumbnailUrl\":\"https:\\\/\\\/favorite-news.com\\\/pl\\\/wp-content\\\/uploads\\\/sites\\\/6\\\/2019\\\/09\\\/Wojciech-Szymczyk-group-lead-of-digital-product-VUE-International-odpowiada.jpg\",\"datePublished\":\"2019-09-12T23:20:57+00:00\",\"dateModified\":\"2019-09-12T23:20:59+00:00\",\"author\":{\"@id\":\"https:\\\/\\\/favorite-news.com\\\/pl\\\/#\\\/schema\\\/person\\\/b91573b717dcfa5e4696032a9d28d3e8\"},\"breadcrumb\":{\"@id\":\"https:\\\/\\\/favorite-news.com\\\/pl\\\/wojciech-szymczyk-group-lead-of-digital-product-vue-international-odpowiada-za-rozwiazania-internetowe\\\/#breadcrumb\"},\"inLanguage\":\"pl-PL\",\"potentialAction\":[{\"@type\":\"ReadAction\",\"target\":[\"https:\\\/\\\/favorite-news.com\\\/pl\\\/wojciech-szymczyk-group-lead-of-digital-product-vue-international-odpowiada-za-rozwiazania-internetowe\\\/\"]}]},{\"@type\":\"ImageObject\",\"inLanguage\":\"pl-PL\",\"@id\":\"https:\\\/\\\/favorite-news.com\\\/pl\\\/wojciech-szymczyk-group-lead-of-digital-product-vue-international-odpowiada-za-rozwiazania-internetowe\\\/#primaryimage\",\"url\":\"https:\\\/\\\/favorite-news.com\\\/pl\\\/wp-content\\\/uploads\\\/sites\\\/6\\\/2019\\\/09\\\/Wojciech-Szymczyk-group-lead-of-digital-product-VUE-International-odpowiada.jpg\",\"contentUrl\":\"https:\\\/\\\/favorite-news.com\\\/pl\\\/wp-content\\\/uploads\\\/sites\\\/6\\\/2019\\\/09\\\/Wojciech-Szymczyk-group-lead-of-digital-product-VUE-International-odpowiada.jpg\",\"width\":655,\"height\":368,\"caption\":\"Article\"},{\"@type\":\"BreadcrumbList\",\"@id\":\"https:\\\/\\\/favorite-news.com\\\/pl\\\/wojciech-szymczyk-group-lead-of-digital-product-vue-international-odpowiada-za-rozwiazania-internetowe\\\/#breadcrumb\",\"itemListElement\":[{\"@type\":\"ListItem\",\"position\":1,\"name\":\"Home\",\"item\":\"https:\\\/\\\/favorite-news.com\\\/pl\\\/\"},{\"@type\":\"ListItem\",\"position\":2,\"name\":\"Wojciech Szymczyk group lead of digital product VUE International odpowiada za rozwi\u0105zania internetowe\"}]},{\"@type\":\"WebSite\",\"@id\":\"https:\\\/\\\/favorite-news.com\\\/pl\\\/#website\",\"url\":\"https:\\\/\\\/favorite-news.com\\\/pl\\\/\",\"name\":\"Favorite News\",\"description\":\"Favorite News Polska\",\"potentialAction\":[{\"@type\":\"SearchAction\",\"target\":{\"@type\":\"EntryPoint\",\"urlTemplate\":\"https:\\\/\\\/favorite-news.com\\\/pl\\\/?s={search_term_string}\"},\"query-input\":{\"@type\":\"PropertyValueSpecification\",\"valueRequired\":true,\"valueName\":\"search_term_string\"}}],\"inLanguage\":\"pl-PL\"},{\"@type\":\"Person\",\"@id\":\"https:\\\/\\\/favorite-news.com\\\/pl\\\/#\\\/schema\\\/person\\\/b91573b717dcfa5e4696032a9d28d3e8\",\"name\":\"favorite-news\",\"image\":{\"@type\":\"ImageObject\",\"inLanguage\":\"pl-PL\",\"@id\":\"https:\\\/\\\/secure.gravatar.com\\\/avatar\\\/6c5a5cb12b74e9d517ee91cf570335b7d16177f1977cc91db161adfa435945a7?s=96&d=mm&r=g\",\"url\":\"https:\\\/\\\/secure.gravatar.com\\\/avatar\\\/6c5a5cb12b74e9d517ee91cf570335b7d16177f1977cc91db161adfa435945a7?s=96&d=mm&r=g\",\"contentUrl\":\"https:\\\/\\\/secure.gravatar.com\\\/avatar\\\/6c5a5cb12b74e9d517ee91cf570335b7d16177f1977cc91db161adfa435945a7?s=96&d=mm&r=g\",\"caption\":\"favorite-news\"},\"url\":\"https:\\\/\\\/favorite-news.com\\\/pl\\\/author\\\/pt\\\/\"}]}<\/script>\n<!-- \/ Yoast SEO plugin. -->","yoast_head_json":{"title":"Wojciech Szymczyk group lead of digital product VUE International odpowiada za rozwi\u0105zania internetowe - Favorite News","robots":{"index":"index","follow":"follow","max-snippet":"max-snippet:-1","max-image-preview":"max-image-preview:large","max-video-preview":"max-video-preview:-1"},"canonical":"https:\/\/favorite-news.com\/pl\/wojciech-szymczyk-group-lead-of-digital-product-vue-international-odpowiada-za-rozwiazania-internetowe\/","og_locale":"pl_PL","og_type":"article","og_title":"Wojciech Szymczyk group lead of digital product VUE International odpowiada za rozwi\u0105zania internetowe - Favorite News","og_description":"Szymczyk b\u0119dzie odpowiada\u0142 za realizacj\u0119 strategii digitalowej we wszystkich kinach grupy VUE International. Do jego najwa\u017cniejszych zada\u0144 nale\u017c\u0105 wypracowanie i wdro\u017cenie jednej, sp\u00f3jnej aplikacji mobilnej oraz rozwi\u0105za\u0144 p\u0142atniczych pozwalaj\u0105cych wykorzysta\u0107 efekt synergii ca\u0142ej grupy. \u00a0&#13; &#13; Z Multikinem Szymczyk zwi\u0105zany jest od 2012 roku, gdzie odpowiada\u0142 za sprzeda\u017c kana\u0142ami online (strona i aplikacja). Po przej\u0119ciu [&hellip;]","og_url":"https:\/\/favorite-news.com\/pl\/wojciech-szymczyk-group-lead-of-digital-product-vue-international-odpowiada-za-rozwiazania-internetowe\/","og_site_name":"Favorite News","article_published_time":"2019-09-12T23:20:57+00:00","article_modified_time":"2019-09-12T23:20:59+00:00","og_image":[{"width":655,"height":368,"url":"https:\/\/favorite-news.com\/pl\/wp-content\/uploads\/sites\/6\/2019\/09\/Wojciech-Szymczyk-group-lead-of-digital-product-VUE-International-odpowiada.jpg","type":"image\/jpeg"}],"author":"favorite-news","twitter_card":"summary_large_image","twitter_misc":{"Napisane przez":"favorite-news","Szacowany czas czytania":"1 minuta"},"schema":{"@context":"https:\/\/schema.org","@graph":[{"@type":"Article","@id":"https:\/\/favorite-news.com\/pl\/wojciech-szymczyk-group-lead-of-digital-product-vue-international-odpowiada-za-rozwiazania-internetowe\/#article","isPartOf":{"@id":"https:\/\/favorite-news.com\/pl\/wojciech-szymczyk-group-lead-of-digital-product-vue-international-odpowiada-za-rozwiazania-internetowe\/"},"author":{"name":"favorite-news","@id":"https:\/\/favorite-news.com\/pl\/#\/schema\/person\/b91573b717dcfa5e4696032a9d28d3e8"},"headline":"Wojciech Szymczyk group lead of digital product VUE International odpowiada za rozwi\u0105zania internetowe","datePublished":"2019-09-12T23:20:57+00:00","dateModified":"2019-09-12T23:20:59+00:00","mainEntityOfPage":{"@id":"https:\/\/favorite-news.com\/pl\/wojciech-szymczyk-group-lead-of-digital-product-vue-international-odpowiada-za-rozwiazania-internetowe\/"},"wordCount":176,"commentCount":0,"image":{"@id":"https:\/\/favorite-news.com\/pl\/wojciech-szymczyk-group-lead-of-digital-product-vue-international-odpowiada-za-rozwiazania-internetowe\/#primaryimage"},"thumbnailUrl":"https:\/\/favorite-news.com\/pl\/wp-content\/uploads\/sites\/6\/2019\/09\/Wojciech-Szymczyk-group-lead-of-digital-product-VUE-International-odpowiada.jpg","articleSection":["WIADOMO\u015aCI MARKETINGOWE INTERNETOWE"],"inLanguage":"pl-PL","potentialAction":[{"@type":"CommentAction","name":"Comment","target":["https:\/\/favorite-news.com\/pl\/wojciech-szymczyk-group-lead-of-digital-product-vue-international-odpowiada-za-rozwiazania-internetowe\/#respond"]}]},{"@type":"WebPage","@id":"https:\/\/favorite-news.com\/pl\/wojciech-szymczyk-group-lead-of-digital-product-vue-international-odpowiada-za-rozwiazania-internetowe\/","url":"https:\/\/favorite-news.com\/pl\/wojciech-szymczyk-group-lead-of-digital-product-vue-international-odpowiada-za-rozwiazania-internetowe\/","name":"Wojciech Szymczyk group lead of digital product VUE International odpowiada za rozwi\u0105zania internetowe - Favorite News","isPartOf":{"@id":"https:\/\/favorite-news.com\/pl\/#website"},"primaryImageOfPage":{"@id":"https:\/\/favorite-news.com\/pl\/wojciech-szymczyk-group-lead-of-digital-product-vue-international-odpowiada-za-rozwiazania-internetowe\/#primaryimage"},"image":{"@id":"https:\/\/favorite-news.com\/pl\/wojciech-szymczyk-group-lead-of-digital-product-vue-international-odpowiada-za-rozwiazania-internetowe\/#primaryimage"},"thumbnailUrl":"https:\/\/favorite-news.com\/pl\/wp-content\/uploads\/sites\/6\/2019\/09\/Wojciech-Szymczyk-group-lead-of-digital-product-VUE-International-odpowiada.jpg","datePublished":"2019-09-12T23:20:57+00:00","dateModified":"2019-09-12T23:20:59+00:00","author":{"@id":"https:\/\/favorite-news.com\/pl\/#\/schema\/person\/b91573b717dcfa5e4696032a9d28d3e8"},"breadcrumb":{"@id":"https:\/\/favorite-news.com\/pl\/wojciech-szymczyk-group-lead-of-digital-product-vue-international-odpowiada-za-rozwiazania-internetowe\/#breadcrumb"},"inLanguage":"pl-PL","potentialAction":[{"@type":"ReadAction","target":["https:\/\/favorite-news.com\/pl\/wojciech-szymczyk-group-lead-of-digital-product-vue-international-odpowiada-za-rozwiazania-internetowe\/"]}]},{"@type":"ImageObject","inLanguage":"pl-PL","@id":"https:\/\/favorite-news.com\/pl\/wojciech-szymczyk-group-lead-of-digital-product-vue-international-odpowiada-za-rozwiazania-internetowe\/#primaryimage","url":"https:\/\/favorite-news.com\/pl\/wp-content\/uploads\/sites\/6\/2019\/09\/Wojciech-Szymczyk-group-lead-of-digital-product-VUE-International-odpowiada.jpg","contentUrl":"https:\/\/favorite-news.com\/pl\/wp-content\/uploads\/sites\/6\/2019\/09\/Wojciech-Szymczyk-group-lead-of-digital-product-VUE-International-odpowiada.jpg","width":655,"height":368,"caption":"Article"},{"@type":"BreadcrumbList","@id":"https:\/\/favorite-news.com\/pl\/wojciech-szymczyk-group-lead-of-digital-product-vue-international-odpowiada-za-rozwiazania-internetowe\/#breadcrumb","itemListElement":[{"@type":"ListItem","position":1,"name":"Home","item":"https:\/\/favorite-news.com\/pl\/"},{"@type":"ListItem","position":2,"name":"Wojciech Szymczyk group lead of digital product VUE International odpowiada za rozwi\u0105zania internetowe"}]},{"@type":"WebSite","@id":"https:\/\/favorite-news.com\/pl\/#website","url":"https:\/\/favorite-news.com\/pl\/","name":"Favorite News","description":"Favorite News Polska","potentialAction":[{"@type":"SearchAction","target":{"@type":"EntryPoint","urlTemplate":"https:\/\/favorite-news.com\/pl\/?s={search_term_string}"},"query-input":{"@type":"PropertyValueSpecification","valueRequired":true,"valueName":"search_term_string"}}],"inLanguage":"pl-PL"},{"@type":"Person","@id":"https:\/\/favorite-news.com\/pl\/#\/schema\/person\/b91573b717dcfa5e4696032a9d28d3e8","name":"favorite-news","image":{"@type":"ImageObject","inLanguage":"pl-PL","@id":"https:\/\/secure.gravatar.com\/avatar\/6c5a5cb12b74e9d517ee91cf570335b7d16177f1977cc91db161adfa435945a7?s=96&d=mm&r=g","url":"https:\/\/secure.gravatar.com\/avatar\/6c5a5cb12b74e9d517ee91cf570335b7d16177f1977cc91db161adfa435945a7?s=96&d=mm&r=g","contentUrl":"https:\/\/secure.gravatar.com\/avatar\/6c5a5cb12b74e9d517ee91cf570335b7d16177f1977cc91db161adfa435945a7?s=96&d=mm&r=g","caption":"favorite-news"},"url":"https:\/\/favorite-news.com\/pl\/author\/pt\/"}]}},"_links":{"self":[{"href":"https:\/\/favorite-news.com\/pl\/wp-json\/wp\/v2\/posts\/4489","targetHints":{"allow":["GET"]}}],"collection":[{"href":"https:\/\/favorite-news.com\/pl\/wp-json\/wp\/v2\/posts"}],"about":[{"href":"https:\/\/favorite-news.com\/pl\/wp-json\/wp\/v2\/types\/post"}],"author":[{"embeddable":true,"href":"https:\/\/favorite-news.com\/pl\/wp-json\/wp\/v2\/users\/2"}],"replies":[{"embeddable":true,"href":"https:\/\/favorite-news.com\/pl\/wp-json\/wp\/v2\/comments?post=4489"}],"version-history":[{"count":1,"href":"https:\/\/favorite-news.com\/pl\/wp-json\/wp\/v2\/posts\/4489\/revisions"}],"predecessor-version":[{"id":4491,"href":"https:\/\/favorite-news.com\/pl\/wp-json\/wp\/v2\/posts\/4489\/revisions\/4491"}],"wp:featuredmedia":[{"embeddable":true,"href":"https:\/\/favorite-news.com\/pl\/wp-json\/wp\/v2\/media\/4490"}],"wp:attachment":[{"href":"https:\/\/favorite-news.com\/pl\/wp-json\/wp\/v2\/media?parent=4489"}],"wp:term":[{"taxonomy":"category","embeddable":true,"href":"https:\/\/favorite-news.com\/pl\/wp-json\/wp\/v2\/categories?post=4489"},{"taxonomy":"post_tag","embeddable":true,"href":"https:\/\/favorite-news.com\/pl\/wp-json\/wp\/v2\/tags?post=4489"}],"curies":[{"name":"wp","href":"https:\/\/api.w.org\/{rel}","templated":true}]}}