{"id":4468,"date":"2019-09-12T14:07:06","date_gmt":"2019-09-12T11:07:06","guid":{"rendered":"https:\/\/favorite-news.com\/pl\/historia-slynnego-mowcy-motywacyjnego-w-kampanii-kfc\/"},"modified":"2019-09-12T14:07:07","modified_gmt":"2019-09-12T11:07:07","slug":"historia-slynnego-mowcy-motywacyjnego-w-kampanii-kfc","status":"publish","type":"post","link":"https:\/\/favorite-news.com\/pl\/historia-slynnego-mowcy-motywacyjnego-w-kampanii-kfc\/","title":{"rendered":"Historia s\u0142ynnego m\u00f3wcy motywacyjnego w kampanii KFC"},"content":{"rendered":"<p>Daniel &#8222;Rudy&#8221; Ruettiger to s\u0142awny w USA m\u00f3wca motywacyjny ze sportow\u0105 przesz\u0142o\u015bci\u0105. Podczas studi\u00f3w na University of Notre Dame gra\u0142 w akademickiej dru\u017cynie futbolowej. W tamtym zas\u0142yn\u0105\u0142 ze swoich motywacyjnych przem\u00f3wie\u0144, kierowanych do koleg\u00f3w z dru\u017cyny.&#13;<br \/>\n&#13;<br \/>\nSportowa historia Ruettigera sta\u0142a si\u0119\u00a0 inspiracj\u0105 do nakr\u0119cenia filmu &#8222;Rudy&#8221; w 1993 roku. W tym roku marka KFC postanowi\u0142a przygotowa\u0107 reklamow\u0105 kontynuacj\u0119 tej produkcji, &#8222;Rudy II&#8221;.&#13;<br \/>\n&#13;<br \/>\nW rol\u0119 &#8222;Rudego&#8221; wcieli\u0142 si\u0119 Sean Astin (&#8222;Stranger Things&#8221;, &#8222;W\u0142adca Pier\u015bcieni&#8221;, &#8222;50 pierwszych randek&#8221;). Film zaczyna si\u0119 cytatem &#8222;Czasami zwyci\u0119zca to marzyciel, kt\u00f3ry po prostu si\u0119 nie poddaje&#8221;.&#13;<br \/>\n&#13;<br \/>\n&#8222;Rudy&#8221; powraca na futbolow\u0105 muraw\u0119, lecz teraz jego najwi\u0119kszym wyzwaniem jest zosta\u0107 s\u0142ynnym Pu\u0142kownikiem Sandersem , kt\u00f3rego wizerunek rozs\u0142awia mark\u0119 KFC. Dlatego &#8222;Rudy&#8221; zak\u0142ada charakterystyczne w\u0105sy i peruk\u0119, po czym prowadzi swoj\u0105 dru\u017cyn\u0119 do zwyci\u0119stwa.&#13;<br \/>\n&#13;<br \/>\n&#13;<br \/>\n&#13;<br \/>\nW tej ods\u0142onie kampanii przygotowano tak\u017ce kr\u00f3tsz\u0105, 15-sekundow\u0105 wersj\u0119 reklamy pod tytu\u0142em\u00a0 &#8222;Rudy II | Free Cake&#8221;.&#13;<br \/>\n&#13;<br \/>\n&#13;<br \/>\n&#13;<br \/>\nW ramach kampanii &#8222;Rudy II&#8221; powstan\u0105 \u0142\u0105cznie cztery filmy reklamowe, kt\u00f3rego b\u0119d\u0105 emitowane od wrze\u015bnia a\u017c do listopada. Kreacj\u0119 przygotowa\u0142a agencja Wieden + Kennedy Portland.&#13;<br \/>\n                            &#13;<br \/>\n&#13;<br \/>\n                            &#13;<br \/>\n&#13;<br \/>\n&#13;<br \/>\n&#13;<br \/>\n&#13;<br \/>\n&#13;<br \/>\n                            &#13;<br \/>\n                                                            &#13;<br \/>\n&#13;<br \/>\n                            &#13;<\/p>\n<p>\n<!--noindex--><br \/>\n<a href=\"https:\/\/www.wirtualnemedia.pl\/artykul\/historia-slynnego-mowcy-motywacyjnego-w-kampanii-kfc\" rel=\"nofollow\">Source link <\/a><br \/>\n<!--\/noindex--><\/p>\n","protected":false},"excerpt":{"rendered":"<p>Daniel &#8222;Rudy&#8221; Ruettiger to s\u0142awny w USA m\u00f3wca motywacyjny ze sportow\u0105 przesz\u0142o\u015bci\u0105. Podczas studi\u00f3w na University of Notre Dame gra\u0142 w akademickiej dru\u017cynie futbolowej. W tamtym zas\u0142yn\u0105\u0142 ze swoich motywacyjnych przem\u00f3wie\u0144, kierowanych do koleg\u00f3w z dru\u017cyny.&#13; &#13; Sportowa historia Ruettigera sta\u0142a si\u0119\u00a0 inspiracj\u0105 do nakr\u0119cenia filmu &#8222;Rudy&#8221; w 1993 roku. W tym roku marka KFC [&hellip;]<\/p>\n","protected":false},"author":2,"featured_media":4469,"comment_status":"open","ping_status":"open","sticky":false,"template":"","format":"standard","meta":{"footnotes":""},"categories":[2],"tags":[],"class_list":["post-4468","post","type-post","status-publish","format-standard","has-post-thumbnail","hentry","category-wiadomosci-marketingowe-internetowe"],"yoast_head":"<!-- This site is optimized with the Yoast SEO plugin v27.4 - https:\/\/yoast.com\/product\/yoast-seo-wordpress\/ -->\n<title>Historia s\u0142ynnego m\u00f3wcy motywacyjnego w kampanii KFC - Favorite News<\/title>\n<meta name=\"robots\" content=\"index, follow, max-snippet:-1, max-image-preview:large, max-video-preview:-1\" \/>\n<link rel=\"canonical\" href=\"https:\/\/favorite-news.com\/pl\/historia-slynnego-mowcy-motywacyjnego-w-kampanii-kfc\/\" \/>\n<meta property=\"og:locale\" content=\"pl_PL\" \/>\n<meta property=\"og:type\" content=\"article\" \/>\n<meta property=\"og:title\" content=\"Historia s\u0142ynnego m\u00f3wcy motywacyjnego w kampanii KFC - Favorite News\" \/>\n<meta property=\"og:description\" content=\"Daniel &#8222;Rudy&#8221; Ruettiger to s\u0142awny w USA m\u00f3wca motywacyjny ze sportow\u0105 przesz\u0142o\u015bci\u0105. Podczas studi\u00f3w na University of Notre Dame gra\u0142 w akademickiej dru\u017cynie futbolowej. W tamtym zas\u0142yn\u0105\u0142 ze swoich motywacyjnych przem\u00f3wie\u0144, kierowanych do koleg\u00f3w z dru\u017cyny.&#013; &#013; Sportowa historia Ruettigera sta\u0142a si\u0119\u00a0 inspiracj\u0105 do nakr\u0119cenia filmu &#8222;Rudy&#8221; w 1993 roku. W tym roku marka KFC [&hellip;]\" \/>\n<meta property=\"og:url\" content=\"https:\/\/favorite-news.com\/pl\/historia-slynnego-mowcy-motywacyjnego-w-kampanii-kfc\/\" \/>\n<meta property=\"og:site_name\" content=\"Favorite News\" \/>\n<meta property=\"article:published_time\" content=\"2019-09-12T11:07:06+00:00\" \/>\n<meta property=\"article:modified_time\" content=\"2019-09-12T11:07:07+00:00\" \/>\n<meta property=\"og:image\" content=\"https:\/\/favorite-news.com\/pl\/wp-content\/uploads\/sites\/6\/2019\/09\/Historia-s\u0142ynnego-m\u00f3wcy-motywacyjnego-w-kampanii-KFC.png\" \/>\n\t<meta property=\"og:image:width\" content=\"655\" \/>\n\t<meta property=\"og:image:height\" content=\"313\" \/>\n\t<meta property=\"og:image:type\" content=\"image\/png\" \/>\n<meta name=\"author\" content=\"favorite-news\" \/>\n<meta name=\"twitter:card\" content=\"summary_large_image\" \/>\n<meta name=\"twitter:label1\" content=\"Napisane przez\" \/>\n\t<meta name=\"twitter:data1\" content=\"favorite-news\" \/>\n\t<meta name=\"twitter:label2\" content=\"Szacowany czas czytania\" \/>\n\t<meta name=\"twitter:data2\" content=\"1 minuta\" \/>\n<script type=\"application\/ld+json\" class=\"yoast-schema-graph\">{\"@context\":\"https:\\\/\\\/schema.org\",\"@graph\":[{\"@type\":\"Article\",\"@id\":\"https:\\\/\\\/favorite-news.com\\\/pl\\\/historia-slynnego-mowcy-motywacyjnego-w-kampanii-kfc\\\/#article\",\"isPartOf\":{\"@id\":\"https:\\\/\\\/favorite-news.com\\\/pl\\\/historia-slynnego-mowcy-motywacyjnego-w-kampanii-kfc\\\/\"},\"author\":{\"name\":\"favorite-news\",\"@id\":\"https:\\\/\\\/favorite-news.com\\\/pl\\\/#\\\/schema\\\/person\\\/b91573b717dcfa5e4696032a9d28d3e8\"},\"headline\":\"Historia s\u0142ynnego m\u00f3wcy motywacyjnego w kampanii KFC\",\"datePublished\":\"2019-09-12T11:07:06+00:00\",\"dateModified\":\"2019-09-12T11:07:07+00:00\",\"mainEntityOfPage\":{\"@id\":\"https:\\\/\\\/favorite-news.com\\\/pl\\\/historia-slynnego-mowcy-motywacyjnego-w-kampanii-kfc\\\/\"},\"wordCount\":207,\"commentCount\":0,\"image\":{\"@id\":\"https:\\\/\\\/favorite-news.com\\\/pl\\\/historia-slynnego-mowcy-motywacyjnego-w-kampanii-kfc\\\/#primaryimage\"},\"thumbnailUrl\":\"https:\\\/\\\/favorite-news.com\\\/pl\\\/wp-content\\\/uploads\\\/sites\\\/6\\\/2019\\\/09\\\/Historia-s\u0142ynnego-m\u00f3wcy-motywacyjnego-w-kampanii-KFC.png\",\"articleSection\":[\"WIADOMO\u015aCI MARKETINGOWE INTERNETOWE\"],\"inLanguage\":\"pl-PL\",\"potentialAction\":[{\"@type\":\"CommentAction\",\"name\":\"Comment\",\"target\":[\"https:\\\/\\\/favorite-news.com\\\/pl\\\/historia-slynnego-mowcy-motywacyjnego-w-kampanii-kfc\\\/#respond\"]}]},{\"@type\":\"WebPage\",\"@id\":\"https:\\\/\\\/favorite-news.com\\\/pl\\\/historia-slynnego-mowcy-motywacyjnego-w-kampanii-kfc\\\/\",\"url\":\"https:\\\/\\\/favorite-news.com\\\/pl\\\/historia-slynnego-mowcy-motywacyjnego-w-kampanii-kfc\\\/\",\"name\":\"Historia s\u0142ynnego m\u00f3wcy motywacyjnego w kampanii KFC - Favorite News\",\"isPartOf\":{\"@id\":\"https:\\\/\\\/favorite-news.com\\\/pl\\\/#website\"},\"primaryImageOfPage\":{\"@id\":\"https:\\\/\\\/favorite-news.com\\\/pl\\\/historia-slynnego-mowcy-motywacyjnego-w-kampanii-kfc\\\/#primaryimage\"},\"image\":{\"@id\":\"https:\\\/\\\/favorite-news.com\\\/pl\\\/historia-slynnego-mowcy-motywacyjnego-w-kampanii-kfc\\\/#primaryimage\"},\"thumbnailUrl\":\"https:\\\/\\\/favorite-news.com\\\/pl\\\/wp-content\\\/uploads\\\/sites\\\/6\\\/2019\\\/09\\\/Historia-s\u0142ynnego-m\u00f3wcy-motywacyjnego-w-kampanii-KFC.png\",\"datePublished\":\"2019-09-12T11:07:06+00:00\",\"dateModified\":\"2019-09-12T11:07:07+00:00\",\"author\":{\"@id\":\"https:\\\/\\\/favorite-news.com\\\/pl\\\/#\\\/schema\\\/person\\\/b91573b717dcfa5e4696032a9d28d3e8\"},\"breadcrumb\":{\"@id\":\"https:\\\/\\\/favorite-news.com\\\/pl\\\/historia-slynnego-mowcy-motywacyjnego-w-kampanii-kfc\\\/#breadcrumb\"},\"inLanguage\":\"pl-PL\",\"potentialAction\":[{\"@type\":\"ReadAction\",\"target\":[\"https:\\\/\\\/favorite-news.com\\\/pl\\\/historia-slynnego-mowcy-motywacyjnego-w-kampanii-kfc\\\/\"]}]},{\"@type\":\"ImageObject\",\"inLanguage\":\"pl-PL\",\"@id\":\"https:\\\/\\\/favorite-news.com\\\/pl\\\/historia-slynnego-mowcy-motywacyjnego-w-kampanii-kfc\\\/#primaryimage\",\"url\":\"https:\\\/\\\/favorite-news.com\\\/pl\\\/wp-content\\\/uploads\\\/sites\\\/6\\\/2019\\\/09\\\/Historia-s\u0142ynnego-m\u00f3wcy-motywacyjnego-w-kampanii-KFC.png\",\"contentUrl\":\"https:\\\/\\\/favorite-news.com\\\/pl\\\/wp-content\\\/uploads\\\/sites\\\/6\\\/2019\\\/09\\\/Historia-s\u0142ynnego-m\u00f3wcy-motywacyjnego-w-kampanii-KFC.png\",\"width\":655,\"height\":313,\"caption\":\"Article\"},{\"@type\":\"BreadcrumbList\",\"@id\":\"https:\\\/\\\/favorite-news.com\\\/pl\\\/historia-slynnego-mowcy-motywacyjnego-w-kampanii-kfc\\\/#breadcrumb\",\"itemListElement\":[{\"@type\":\"ListItem\",\"position\":1,\"name\":\"Home\",\"item\":\"https:\\\/\\\/favorite-news.com\\\/pl\\\/\"},{\"@type\":\"ListItem\",\"position\":2,\"name\":\"Historia s\u0142ynnego m\u00f3wcy motywacyjnego w kampanii KFC\"}]},{\"@type\":\"WebSite\",\"@id\":\"https:\\\/\\\/favorite-news.com\\\/pl\\\/#website\",\"url\":\"https:\\\/\\\/favorite-news.com\\\/pl\\\/\",\"name\":\"Favorite News\",\"description\":\"Favorite News Polska\",\"potentialAction\":[{\"@type\":\"SearchAction\",\"target\":{\"@type\":\"EntryPoint\",\"urlTemplate\":\"https:\\\/\\\/favorite-news.com\\\/pl\\\/?s={search_term_string}\"},\"query-input\":{\"@type\":\"PropertyValueSpecification\",\"valueRequired\":true,\"valueName\":\"search_term_string\"}}],\"inLanguage\":\"pl-PL\"},{\"@type\":\"Person\",\"@id\":\"https:\\\/\\\/favorite-news.com\\\/pl\\\/#\\\/schema\\\/person\\\/b91573b717dcfa5e4696032a9d28d3e8\",\"name\":\"favorite-news\",\"image\":{\"@type\":\"ImageObject\",\"inLanguage\":\"pl-PL\",\"@id\":\"https:\\\/\\\/secure.gravatar.com\\\/avatar\\\/6c5a5cb12b74e9d517ee91cf570335b7d16177f1977cc91db161adfa435945a7?s=96&d=mm&r=g\",\"url\":\"https:\\\/\\\/secure.gravatar.com\\\/avatar\\\/6c5a5cb12b74e9d517ee91cf570335b7d16177f1977cc91db161adfa435945a7?s=96&d=mm&r=g\",\"contentUrl\":\"https:\\\/\\\/secure.gravatar.com\\\/avatar\\\/6c5a5cb12b74e9d517ee91cf570335b7d16177f1977cc91db161adfa435945a7?s=96&d=mm&r=g\",\"caption\":\"favorite-news\"},\"url\":\"https:\\\/\\\/favorite-news.com\\\/pl\\\/author\\\/pt\\\/\"}]}<\/script>\n<!-- \/ Yoast SEO plugin. -->","yoast_head_json":{"title":"Historia s\u0142ynnego m\u00f3wcy motywacyjnego w kampanii KFC - Favorite News","robots":{"index":"index","follow":"follow","max-snippet":"max-snippet:-1","max-image-preview":"max-image-preview:large","max-video-preview":"max-video-preview:-1"},"canonical":"https:\/\/favorite-news.com\/pl\/historia-slynnego-mowcy-motywacyjnego-w-kampanii-kfc\/","og_locale":"pl_PL","og_type":"article","og_title":"Historia s\u0142ynnego m\u00f3wcy motywacyjnego w kampanii KFC - Favorite News","og_description":"Daniel &#8222;Rudy&#8221; Ruettiger to s\u0142awny w USA m\u00f3wca motywacyjny ze sportow\u0105 przesz\u0142o\u015bci\u0105. Podczas studi\u00f3w na University of Notre Dame gra\u0142 w akademickiej dru\u017cynie futbolowej. W tamtym zas\u0142yn\u0105\u0142 ze swoich motywacyjnych przem\u00f3wie\u0144, kierowanych do koleg\u00f3w z dru\u017cyny.&#13; &#13; Sportowa historia Ruettigera sta\u0142a si\u0119\u00a0 inspiracj\u0105 do nakr\u0119cenia filmu &#8222;Rudy&#8221; w 1993 roku. W tym roku marka KFC [&hellip;]","og_url":"https:\/\/favorite-news.com\/pl\/historia-slynnego-mowcy-motywacyjnego-w-kampanii-kfc\/","og_site_name":"Favorite News","article_published_time":"2019-09-12T11:07:06+00:00","article_modified_time":"2019-09-12T11:07:07+00:00","og_image":[{"width":655,"height":313,"url":"https:\/\/favorite-news.com\/pl\/wp-content\/uploads\/sites\/6\/2019\/09\/Historia-s\u0142ynnego-m\u00f3wcy-motywacyjnego-w-kampanii-KFC.png","type":"image\/png"}],"author":"favorite-news","twitter_card":"summary_large_image","twitter_misc":{"Napisane przez":"favorite-news","Szacowany czas czytania":"1 minuta"},"schema":{"@context":"https:\/\/schema.org","@graph":[{"@type":"Article","@id":"https:\/\/favorite-news.com\/pl\/historia-slynnego-mowcy-motywacyjnego-w-kampanii-kfc\/#article","isPartOf":{"@id":"https:\/\/favorite-news.com\/pl\/historia-slynnego-mowcy-motywacyjnego-w-kampanii-kfc\/"},"author":{"name":"favorite-news","@id":"https:\/\/favorite-news.com\/pl\/#\/schema\/person\/b91573b717dcfa5e4696032a9d28d3e8"},"headline":"Historia s\u0142ynnego m\u00f3wcy motywacyjnego w kampanii KFC","datePublished":"2019-09-12T11:07:06+00:00","dateModified":"2019-09-12T11:07:07+00:00","mainEntityOfPage":{"@id":"https:\/\/favorite-news.com\/pl\/historia-slynnego-mowcy-motywacyjnego-w-kampanii-kfc\/"},"wordCount":207,"commentCount":0,"image":{"@id":"https:\/\/favorite-news.com\/pl\/historia-slynnego-mowcy-motywacyjnego-w-kampanii-kfc\/#primaryimage"},"thumbnailUrl":"https:\/\/favorite-news.com\/pl\/wp-content\/uploads\/sites\/6\/2019\/09\/Historia-s\u0142ynnego-m\u00f3wcy-motywacyjnego-w-kampanii-KFC.png","articleSection":["WIADOMO\u015aCI MARKETINGOWE INTERNETOWE"],"inLanguage":"pl-PL","potentialAction":[{"@type":"CommentAction","name":"Comment","target":["https:\/\/favorite-news.com\/pl\/historia-slynnego-mowcy-motywacyjnego-w-kampanii-kfc\/#respond"]}]},{"@type":"WebPage","@id":"https:\/\/favorite-news.com\/pl\/historia-slynnego-mowcy-motywacyjnego-w-kampanii-kfc\/","url":"https:\/\/favorite-news.com\/pl\/historia-slynnego-mowcy-motywacyjnego-w-kampanii-kfc\/","name":"Historia s\u0142ynnego m\u00f3wcy motywacyjnego w kampanii KFC - Favorite News","isPartOf":{"@id":"https:\/\/favorite-news.com\/pl\/#website"},"primaryImageOfPage":{"@id":"https:\/\/favorite-news.com\/pl\/historia-slynnego-mowcy-motywacyjnego-w-kampanii-kfc\/#primaryimage"},"image":{"@id":"https:\/\/favorite-news.com\/pl\/historia-slynnego-mowcy-motywacyjnego-w-kampanii-kfc\/#primaryimage"},"thumbnailUrl":"https:\/\/favorite-news.com\/pl\/wp-content\/uploads\/sites\/6\/2019\/09\/Historia-s\u0142ynnego-m\u00f3wcy-motywacyjnego-w-kampanii-KFC.png","datePublished":"2019-09-12T11:07:06+00:00","dateModified":"2019-09-12T11:07:07+00:00","author":{"@id":"https:\/\/favorite-news.com\/pl\/#\/schema\/person\/b91573b717dcfa5e4696032a9d28d3e8"},"breadcrumb":{"@id":"https:\/\/favorite-news.com\/pl\/historia-slynnego-mowcy-motywacyjnego-w-kampanii-kfc\/#breadcrumb"},"inLanguage":"pl-PL","potentialAction":[{"@type":"ReadAction","target":["https:\/\/favorite-news.com\/pl\/historia-slynnego-mowcy-motywacyjnego-w-kampanii-kfc\/"]}]},{"@type":"ImageObject","inLanguage":"pl-PL","@id":"https:\/\/favorite-news.com\/pl\/historia-slynnego-mowcy-motywacyjnego-w-kampanii-kfc\/#primaryimage","url":"https:\/\/favorite-news.com\/pl\/wp-content\/uploads\/sites\/6\/2019\/09\/Historia-s\u0142ynnego-m\u00f3wcy-motywacyjnego-w-kampanii-KFC.png","contentUrl":"https:\/\/favorite-news.com\/pl\/wp-content\/uploads\/sites\/6\/2019\/09\/Historia-s\u0142ynnego-m\u00f3wcy-motywacyjnego-w-kampanii-KFC.png","width":655,"height":313,"caption":"Article"},{"@type":"BreadcrumbList","@id":"https:\/\/favorite-news.com\/pl\/historia-slynnego-mowcy-motywacyjnego-w-kampanii-kfc\/#breadcrumb","itemListElement":[{"@type":"ListItem","position":1,"name":"Home","item":"https:\/\/favorite-news.com\/pl\/"},{"@type":"ListItem","position":2,"name":"Historia s\u0142ynnego m\u00f3wcy motywacyjnego w kampanii KFC"}]},{"@type":"WebSite","@id":"https:\/\/favorite-news.com\/pl\/#website","url":"https:\/\/favorite-news.com\/pl\/","name":"Favorite News","description":"Favorite News Polska","potentialAction":[{"@type":"SearchAction","target":{"@type":"EntryPoint","urlTemplate":"https:\/\/favorite-news.com\/pl\/?s={search_term_string}"},"query-input":{"@type":"PropertyValueSpecification","valueRequired":true,"valueName":"search_term_string"}}],"inLanguage":"pl-PL"},{"@type":"Person","@id":"https:\/\/favorite-news.com\/pl\/#\/schema\/person\/b91573b717dcfa5e4696032a9d28d3e8","name":"favorite-news","image":{"@type":"ImageObject","inLanguage":"pl-PL","@id":"https:\/\/secure.gravatar.com\/avatar\/6c5a5cb12b74e9d517ee91cf570335b7d16177f1977cc91db161adfa435945a7?s=96&d=mm&r=g","url":"https:\/\/secure.gravatar.com\/avatar\/6c5a5cb12b74e9d517ee91cf570335b7d16177f1977cc91db161adfa435945a7?s=96&d=mm&r=g","contentUrl":"https:\/\/secure.gravatar.com\/avatar\/6c5a5cb12b74e9d517ee91cf570335b7d16177f1977cc91db161adfa435945a7?s=96&d=mm&r=g","caption":"favorite-news"},"url":"https:\/\/favorite-news.com\/pl\/author\/pt\/"}]}},"_links":{"self":[{"href":"https:\/\/favorite-news.com\/pl\/wp-json\/wp\/v2\/posts\/4468","targetHints":{"allow":["GET"]}}],"collection":[{"href":"https:\/\/favorite-news.com\/pl\/wp-json\/wp\/v2\/posts"}],"about":[{"href":"https:\/\/favorite-news.com\/pl\/wp-json\/wp\/v2\/types\/post"}],"author":[{"embeddable":true,"href":"https:\/\/favorite-news.com\/pl\/wp-json\/wp\/v2\/users\/2"}],"replies":[{"embeddable":true,"href":"https:\/\/favorite-news.com\/pl\/wp-json\/wp\/v2\/comments?post=4468"}],"version-history":[{"count":1,"href":"https:\/\/favorite-news.com\/pl\/wp-json\/wp\/v2\/posts\/4468\/revisions"}],"predecessor-version":[{"id":4470,"href":"https:\/\/favorite-news.com\/pl\/wp-json\/wp\/v2\/posts\/4468\/revisions\/4470"}],"wp:featuredmedia":[{"embeddable":true,"href":"https:\/\/favorite-news.com\/pl\/wp-json\/wp\/v2\/media\/4469"}],"wp:attachment":[{"href":"https:\/\/favorite-news.com\/pl\/wp-json\/wp\/v2\/media?parent=4468"}],"wp:term":[{"taxonomy":"category","embeddable":true,"href":"https:\/\/favorite-news.com\/pl\/wp-json\/wp\/v2\/categories?post=4468"},{"taxonomy":"post_tag","embeddable":true,"href":"https:\/\/favorite-news.com\/pl\/wp-json\/wp\/v2\/tags?post=4468"}],"curies":[{"name":"wp","href":"https:\/\/api.w.org\/{rel}","templated":true}]}}