{"id":4413,"date":"2019-09-11T16:44:01","date_gmt":"2019-09-11T13:44:01","guid":{"rendered":"https:\/\/favorite-news.com\/pl\/fabryka-cukierkow-pszczolka-wybiera-agencje-do-rocznej-wspolpracy\/"},"modified":"2019-09-11T16:44:02","modified_gmt":"2019-09-11T13:44:02","slug":"fabryka-cukierkow-pszczolka-wybiera-agencje-do-rocznej-wspolpracy","status":"publish","type":"post","link":"https:\/\/favorite-news.com\/pl\/fabryka-cukierkow-pszczolka-wybiera-agencje-do-rocznej-wspolpracy\/","title":{"rendered":"Fabryka Cukierk\u00f3w Pszcz\u00f3\u0142ka wybiera agencj\u0119 do rocznej wsp\u00f3\u0142pracy"},"content":{"rendered":"<p>Kampani\u0119 zaplanowano od pa\u017adziernika br. do wrze\u015bnia 2020 roku. Ma obejmowa\u0107 pras\u0119 kobiec\u0105, bran\u017cow\u0105, biznesow\u0105 oraz radio. W jej ramach b\u0119d\u0105 promowane wszystkie produkty firmy, ale nacisk ma zosta\u0107 po\u0142o\u017cony na wprowadzane nowo\u015bci. Dodatkowo w okresie od marca do sierpnia 2020 roku ma zosta\u0107 zrealizowana wizerunkowa kampania \u201eBee smart \u2013 ratujmy pszczo\u0142y\u201d.&#13;<br \/>\nPoprzez zaplanowane dzia\u0142ania firma chce wzmocni\u0107 pozycj\u0119 jako producent wyrob\u00f3w czekoladowych i galaretek,&#13;<br \/>\n&#13;<br \/>\nWybrana agencja b\u0119dzie odpowiada\u0107 za wprowadzenie platformy komunikacji dla marki Pszcz\u00f3\u0142ka,\u00a0 za przygotowanie pomys\u0142\u00f3w kreatywnych i planu komunikacji 360 stopni, opracowanie media planu itp.&#13;<br \/>\n&#13;<br \/>\nZ wybran\u0105 agencj\u0105 firma b\u0119dzie pracowa\u0107 rok.&#13;<br \/>\n                            &#13;<br \/>\n&#13;<br \/>\n                            &#13;<br \/>\n&#13;<br \/>\n&#13;<br \/>\n&#13;<br \/>\n&#13;<br \/>\n&#13;<br \/>\n                            &#13;<br \/>\n                                                            &#13;<br \/>\n&#13;<br \/>\n                            &#13;<\/p>\n<p>\n<!--noindex--><br \/>\n<a href=\"https:\/\/www.wirtualnemedia.pl\/artykul\/fabryka-cukierkow-pszczolka-wybiera-agencje-do-rocznej-wspolpracy\" rel=\"nofollow\">Source link <\/a><br \/>\n<!--\/noindex--><\/p>\n","protected":false},"excerpt":{"rendered":"<p>Kampani\u0119 zaplanowano od pa\u017adziernika br. do wrze\u015bnia 2020 roku. Ma obejmowa\u0107 pras\u0119 kobiec\u0105, bran\u017cow\u0105, biznesow\u0105 oraz radio. W jej ramach b\u0119d\u0105 promowane wszystkie produkty firmy, ale nacisk ma zosta\u0107 po\u0142o\u017cony na wprowadzane nowo\u015bci. Dodatkowo w okresie od marca do sierpnia 2020 roku ma zosta\u0107 zrealizowana wizerunkowa kampania \u201eBee smart \u2013 ratujmy pszczo\u0142y\u201d.&#13; Poprzez zaplanowane dzia\u0142ania [&hellip;]<\/p>\n","protected":false},"author":2,"featured_media":4414,"comment_status":"open","ping_status":"open","sticky":false,"template":"","format":"standard","meta":{"footnotes":""},"categories":[2],"tags":[],"class_list":["post-4413","post","type-post","status-publish","format-standard","has-post-thumbnail","hentry","category-wiadomosci-marketingowe-internetowe"],"yoast_head":"<!-- This site is optimized with the Yoast SEO plugin v27.4 - https:\/\/yoast.com\/product\/yoast-seo-wordpress\/ -->\n<title>Fabryka Cukierk\u00f3w Pszcz\u00f3\u0142ka wybiera agencj\u0119 do rocznej wsp\u00f3\u0142pracy - Favorite News<\/title>\n<meta name=\"robots\" content=\"index, follow, max-snippet:-1, max-image-preview:large, max-video-preview:-1\" \/>\n<link rel=\"canonical\" href=\"https:\/\/favorite-news.com\/pl\/fabryka-cukierkow-pszczolka-wybiera-agencje-do-rocznej-wspolpracy\/\" \/>\n<meta property=\"og:locale\" content=\"pl_PL\" \/>\n<meta property=\"og:type\" content=\"article\" \/>\n<meta property=\"og:title\" content=\"Fabryka Cukierk\u00f3w Pszcz\u00f3\u0142ka wybiera agencj\u0119 do rocznej wsp\u00f3\u0142pracy - Favorite News\" \/>\n<meta property=\"og:description\" content=\"Kampani\u0119 zaplanowano od pa\u017adziernika br. do wrze\u015bnia 2020 roku. Ma obejmowa\u0107 pras\u0119 kobiec\u0105, bran\u017cow\u0105, biznesow\u0105 oraz radio. W jej ramach b\u0119d\u0105 promowane wszystkie produkty firmy, ale nacisk ma zosta\u0107 po\u0142o\u017cony na wprowadzane nowo\u015bci. Dodatkowo w okresie od marca do sierpnia 2020 roku ma zosta\u0107 zrealizowana wizerunkowa kampania \u201eBee smart \u2013 ratujmy pszczo\u0142y\u201d.&#013; Poprzez zaplanowane dzia\u0142ania [&hellip;]\" \/>\n<meta property=\"og:url\" content=\"https:\/\/favorite-news.com\/pl\/fabryka-cukierkow-pszczolka-wybiera-agencje-do-rocznej-wspolpracy\/\" \/>\n<meta property=\"og:site_name\" content=\"Favorite News\" \/>\n<meta property=\"article:published_time\" content=\"2019-09-11T13:44:01+00:00\" \/>\n<meta property=\"article:modified_time\" content=\"2019-09-11T13:44:02+00:00\" \/>\n<meta property=\"og:image\" content=\"https:\/\/favorite-news.com\/pl\/wp-content\/uploads\/sites\/6\/2019\/09\/Fabryka-Cukierk\u00f3w-Pszcz\u00f3\u0142ka-wybiera-agencj\u0119-do-rocznej-wsp\u00f3\u0142pracy.jpg\" \/>\n\t<meta property=\"og:image:width\" content=\"655\" \/>\n\t<meta property=\"og:image:height\" content=\"484\" \/>\n\t<meta property=\"og:image:type\" content=\"image\/jpeg\" \/>\n<meta name=\"author\" content=\"favorite-news\" \/>\n<meta name=\"twitter:card\" content=\"summary_large_image\" \/>\n<meta name=\"twitter:label1\" content=\"Napisane przez\" \/>\n\t<meta name=\"twitter:data1\" content=\"favorite-news\" \/>\n\t<meta name=\"twitter:label2\" content=\"Szacowany czas czytania\" \/>\n\t<meta name=\"twitter:data2\" content=\"1 minuta\" \/>\n<script type=\"application\/ld+json\" class=\"yoast-schema-graph\">{\"@context\":\"https:\\\/\\\/schema.org\",\"@graph\":[{\"@type\":\"Article\",\"@id\":\"https:\\\/\\\/favorite-news.com\\\/pl\\\/fabryka-cukierkow-pszczolka-wybiera-agencje-do-rocznej-wspolpracy\\\/#article\",\"isPartOf\":{\"@id\":\"https:\\\/\\\/favorite-news.com\\\/pl\\\/fabryka-cukierkow-pszczolka-wybiera-agencje-do-rocznej-wspolpracy\\\/\"},\"author\":{\"name\":\"favorite-news\",\"@id\":\"https:\\\/\\\/favorite-news.com\\\/pl\\\/#\\\/schema\\\/person\\\/b91573b717dcfa5e4696032a9d28d3e8\"},\"headline\":\"Fabryka Cukierk\u00f3w Pszcz\u00f3\u0142ka wybiera agencj\u0119 do rocznej wsp\u00f3\u0142pracy\",\"datePublished\":\"2019-09-11T13:44:01+00:00\",\"dateModified\":\"2019-09-11T13:44:02+00:00\",\"mainEntityOfPage\":{\"@id\":\"https:\\\/\\\/favorite-news.com\\\/pl\\\/fabryka-cukierkow-pszczolka-wybiera-agencje-do-rocznej-wspolpracy\\\/\"},\"wordCount\":119,\"commentCount\":0,\"image\":{\"@id\":\"https:\\\/\\\/favorite-news.com\\\/pl\\\/fabryka-cukierkow-pszczolka-wybiera-agencje-do-rocznej-wspolpracy\\\/#primaryimage\"},\"thumbnailUrl\":\"https:\\\/\\\/favorite-news.com\\\/pl\\\/wp-content\\\/uploads\\\/sites\\\/6\\\/2019\\\/09\\\/Fabryka-Cukierk\u00f3w-Pszcz\u00f3\u0142ka-wybiera-agencj\u0119-do-rocznej-wsp\u00f3\u0142pracy.jpg\",\"articleSection\":[\"WIADOMO\u015aCI MARKETINGOWE INTERNETOWE\"],\"inLanguage\":\"pl-PL\",\"potentialAction\":[{\"@type\":\"CommentAction\",\"name\":\"Comment\",\"target\":[\"https:\\\/\\\/favorite-news.com\\\/pl\\\/fabryka-cukierkow-pszczolka-wybiera-agencje-do-rocznej-wspolpracy\\\/#respond\"]}]},{\"@type\":\"WebPage\",\"@id\":\"https:\\\/\\\/favorite-news.com\\\/pl\\\/fabryka-cukierkow-pszczolka-wybiera-agencje-do-rocznej-wspolpracy\\\/\",\"url\":\"https:\\\/\\\/favorite-news.com\\\/pl\\\/fabryka-cukierkow-pszczolka-wybiera-agencje-do-rocznej-wspolpracy\\\/\",\"name\":\"Fabryka Cukierk\u00f3w Pszcz\u00f3\u0142ka wybiera agencj\u0119 do rocznej wsp\u00f3\u0142pracy - Favorite News\",\"isPartOf\":{\"@id\":\"https:\\\/\\\/favorite-news.com\\\/pl\\\/#website\"},\"primaryImageOfPage\":{\"@id\":\"https:\\\/\\\/favorite-news.com\\\/pl\\\/fabryka-cukierkow-pszczolka-wybiera-agencje-do-rocznej-wspolpracy\\\/#primaryimage\"},\"image\":{\"@id\":\"https:\\\/\\\/favorite-news.com\\\/pl\\\/fabryka-cukierkow-pszczolka-wybiera-agencje-do-rocznej-wspolpracy\\\/#primaryimage\"},\"thumbnailUrl\":\"https:\\\/\\\/favorite-news.com\\\/pl\\\/wp-content\\\/uploads\\\/sites\\\/6\\\/2019\\\/09\\\/Fabryka-Cukierk\u00f3w-Pszcz\u00f3\u0142ka-wybiera-agencj\u0119-do-rocznej-wsp\u00f3\u0142pracy.jpg\",\"datePublished\":\"2019-09-11T13:44:01+00:00\",\"dateModified\":\"2019-09-11T13:44:02+00:00\",\"author\":{\"@id\":\"https:\\\/\\\/favorite-news.com\\\/pl\\\/#\\\/schema\\\/person\\\/b91573b717dcfa5e4696032a9d28d3e8\"},\"breadcrumb\":{\"@id\":\"https:\\\/\\\/favorite-news.com\\\/pl\\\/fabryka-cukierkow-pszczolka-wybiera-agencje-do-rocznej-wspolpracy\\\/#breadcrumb\"},\"inLanguage\":\"pl-PL\",\"potentialAction\":[{\"@type\":\"ReadAction\",\"target\":[\"https:\\\/\\\/favorite-news.com\\\/pl\\\/fabryka-cukierkow-pszczolka-wybiera-agencje-do-rocznej-wspolpracy\\\/\"]}]},{\"@type\":\"ImageObject\",\"inLanguage\":\"pl-PL\",\"@id\":\"https:\\\/\\\/favorite-news.com\\\/pl\\\/fabryka-cukierkow-pszczolka-wybiera-agencje-do-rocznej-wspolpracy\\\/#primaryimage\",\"url\":\"https:\\\/\\\/favorite-news.com\\\/pl\\\/wp-content\\\/uploads\\\/sites\\\/6\\\/2019\\\/09\\\/Fabryka-Cukierk\u00f3w-Pszcz\u00f3\u0142ka-wybiera-agencj\u0119-do-rocznej-wsp\u00f3\u0142pracy.jpg\",\"contentUrl\":\"https:\\\/\\\/favorite-news.com\\\/pl\\\/wp-content\\\/uploads\\\/sites\\\/6\\\/2019\\\/09\\\/Fabryka-Cukierk\u00f3w-Pszcz\u00f3\u0142ka-wybiera-agencj\u0119-do-rocznej-wsp\u00f3\u0142pracy.jpg\",\"width\":655,\"height\":484,\"caption\":\"Article\"},{\"@type\":\"BreadcrumbList\",\"@id\":\"https:\\\/\\\/favorite-news.com\\\/pl\\\/fabryka-cukierkow-pszczolka-wybiera-agencje-do-rocznej-wspolpracy\\\/#breadcrumb\",\"itemListElement\":[{\"@type\":\"ListItem\",\"position\":1,\"name\":\"Home\",\"item\":\"https:\\\/\\\/favorite-news.com\\\/pl\\\/\"},{\"@type\":\"ListItem\",\"position\":2,\"name\":\"Fabryka Cukierk\u00f3w Pszcz\u00f3\u0142ka wybiera agencj\u0119 do rocznej wsp\u00f3\u0142pracy\"}]},{\"@type\":\"WebSite\",\"@id\":\"https:\\\/\\\/favorite-news.com\\\/pl\\\/#website\",\"url\":\"https:\\\/\\\/favorite-news.com\\\/pl\\\/\",\"name\":\"Favorite News\",\"description\":\"Favorite News Polska\",\"potentialAction\":[{\"@type\":\"SearchAction\",\"target\":{\"@type\":\"EntryPoint\",\"urlTemplate\":\"https:\\\/\\\/favorite-news.com\\\/pl\\\/?s={search_term_string}\"},\"query-input\":{\"@type\":\"PropertyValueSpecification\",\"valueRequired\":true,\"valueName\":\"search_term_string\"}}],\"inLanguage\":\"pl-PL\"},{\"@type\":\"Person\",\"@id\":\"https:\\\/\\\/favorite-news.com\\\/pl\\\/#\\\/schema\\\/person\\\/b91573b717dcfa5e4696032a9d28d3e8\",\"name\":\"favorite-news\",\"image\":{\"@type\":\"ImageObject\",\"inLanguage\":\"pl-PL\",\"@id\":\"https:\\\/\\\/secure.gravatar.com\\\/avatar\\\/6c5a5cb12b74e9d517ee91cf570335b7d16177f1977cc91db161adfa435945a7?s=96&d=mm&r=g\",\"url\":\"https:\\\/\\\/secure.gravatar.com\\\/avatar\\\/6c5a5cb12b74e9d517ee91cf570335b7d16177f1977cc91db161adfa435945a7?s=96&d=mm&r=g\",\"contentUrl\":\"https:\\\/\\\/secure.gravatar.com\\\/avatar\\\/6c5a5cb12b74e9d517ee91cf570335b7d16177f1977cc91db161adfa435945a7?s=96&d=mm&r=g\",\"caption\":\"favorite-news\"},\"url\":\"https:\\\/\\\/favorite-news.com\\\/pl\\\/author\\\/pt\\\/\"}]}<\/script>\n<!-- \/ Yoast SEO plugin. -->","yoast_head_json":{"title":"Fabryka Cukierk\u00f3w Pszcz\u00f3\u0142ka wybiera agencj\u0119 do rocznej wsp\u00f3\u0142pracy - Favorite News","robots":{"index":"index","follow":"follow","max-snippet":"max-snippet:-1","max-image-preview":"max-image-preview:large","max-video-preview":"max-video-preview:-1"},"canonical":"https:\/\/favorite-news.com\/pl\/fabryka-cukierkow-pszczolka-wybiera-agencje-do-rocznej-wspolpracy\/","og_locale":"pl_PL","og_type":"article","og_title":"Fabryka Cukierk\u00f3w Pszcz\u00f3\u0142ka wybiera agencj\u0119 do rocznej wsp\u00f3\u0142pracy - Favorite News","og_description":"Kampani\u0119 zaplanowano od pa\u017adziernika br. do wrze\u015bnia 2020 roku. Ma obejmowa\u0107 pras\u0119 kobiec\u0105, bran\u017cow\u0105, biznesow\u0105 oraz radio. W jej ramach b\u0119d\u0105 promowane wszystkie produkty firmy, ale nacisk ma zosta\u0107 po\u0142o\u017cony na wprowadzane nowo\u015bci. Dodatkowo w okresie od marca do sierpnia 2020 roku ma zosta\u0107 zrealizowana wizerunkowa kampania \u201eBee smart \u2013 ratujmy pszczo\u0142y\u201d.&#13; Poprzez zaplanowane dzia\u0142ania [&hellip;]","og_url":"https:\/\/favorite-news.com\/pl\/fabryka-cukierkow-pszczolka-wybiera-agencje-do-rocznej-wspolpracy\/","og_site_name":"Favorite News","article_published_time":"2019-09-11T13:44:01+00:00","article_modified_time":"2019-09-11T13:44:02+00:00","og_image":[{"width":655,"height":484,"url":"https:\/\/favorite-news.com\/pl\/wp-content\/uploads\/sites\/6\/2019\/09\/Fabryka-Cukierk\u00f3w-Pszcz\u00f3\u0142ka-wybiera-agencj\u0119-do-rocznej-wsp\u00f3\u0142pracy.jpg","type":"image\/jpeg"}],"author":"favorite-news","twitter_card":"summary_large_image","twitter_misc":{"Napisane przez":"favorite-news","Szacowany czas czytania":"1 minuta"},"schema":{"@context":"https:\/\/schema.org","@graph":[{"@type":"Article","@id":"https:\/\/favorite-news.com\/pl\/fabryka-cukierkow-pszczolka-wybiera-agencje-do-rocznej-wspolpracy\/#article","isPartOf":{"@id":"https:\/\/favorite-news.com\/pl\/fabryka-cukierkow-pszczolka-wybiera-agencje-do-rocznej-wspolpracy\/"},"author":{"name":"favorite-news","@id":"https:\/\/favorite-news.com\/pl\/#\/schema\/person\/b91573b717dcfa5e4696032a9d28d3e8"},"headline":"Fabryka Cukierk\u00f3w Pszcz\u00f3\u0142ka wybiera agencj\u0119 do rocznej wsp\u00f3\u0142pracy","datePublished":"2019-09-11T13:44:01+00:00","dateModified":"2019-09-11T13:44:02+00:00","mainEntityOfPage":{"@id":"https:\/\/favorite-news.com\/pl\/fabryka-cukierkow-pszczolka-wybiera-agencje-do-rocznej-wspolpracy\/"},"wordCount":119,"commentCount":0,"image":{"@id":"https:\/\/favorite-news.com\/pl\/fabryka-cukierkow-pszczolka-wybiera-agencje-do-rocznej-wspolpracy\/#primaryimage"},"thumbnailUrl":"https:\/\/favorite-news.com\/pl\/wp-content\/uploads\/sites\/6\/2019\/09\/Fabryka-Cukierk\u00f3w-Pszcz\u00f3\u0142ka-wybiera-agencj\u0119-do-rocznej-wsp\u00f3\u0142pracy.jpg","articleSection":["WIADOMO\u015aCI MARKETINGOWE INTERNETOWE"],"inLanguage":"pl-PL","potentialAction":[{"@type":"CommentAction","name":"Comment","target":["https:\/\/favorite-news.com\/pl\/fabryka-cukierkow-pszczolka-wybiera-agencje-do-rocznej-wspolpracy\/#respond"]}]},{"@type":"WebPage","@id":"https:\/\/favorite-news.com\/pl\/fabryka-cukierkow-pszczolka-wybiera-agencje-do-rocznej-wspolpracy\/","url":"https:\/\/favorite-news.com\/pl\/fabryka-cukierkow-pszczolka-wybiera-agencje-do-rocznej-wspolpracy\/","name":"Fabryka Cukierk\u00f3w Pszcz\u00f3\u0142ka wybiera agencj\u0119 do rocznej wsp\u00f3\u0142pracy - Favorite News","isPartOf":{"@id":"https:\/\/favorite-news.com\/pl\/#website"},"primaryImageOfPage":{"@id":"https:\/\/favorite-news.com\/pl\/fabryka-cukierkow-pszczolka-wybiera-agencje-do-rocznej-wspolpracy\/#primaryimage"},"image":{"@id":"https:\/\/favorite-news.com\/pl\/fabryka-cukierkow-pszczolka-wybiera-agencje-do-rocznej-wspolpracy\/#primaryimage"},"thumbnailUrl":"https:\/\/favorite-news.com\/pl\/wp-content\/uploads\/sites\/6\/2019\/09\/Fabryka-Cukierk\u00f3w-Pszcz\u00f3\u0142ka-wybiera-agencj\u0119-do-rocznej-wsp\u00f3\u0142pracy.jpg","datePublished":"2019-09-11T13:44:01+00:00","dateModified":"2019-09-11T13:44:02+00:00","author":{"@id":"https:\/\/favorite-news.com\/pl\/#\/schema\/person\/b91573b717dcfa5e4696032a9d28d3e8"},"breadcrumb":{"@id":"https:\/\/favorite-news.com\/pl\/fabryka-cukierkow-pszczolka-wybiera-agencje-do-rocznej-wspolpracy\/#breadcrumb"},"inLanguage":"pl-PL","potentialAction":[{"@type":"ReadAction","target":["https:\/\/favorite-news.com\/pl\/fabryka-cukierkow-pszczolka-wybiera-agencje-do-rocznej-wspolpracy\/"]}]},{"@type":"ImageObject","inLanguage":"pl-PL","@id":"https:\/\/favorite-news.com\/pl\/fabryka-cukierkow-pszczolka-wybiera-agencje-do-rocznej-wspolpracy\/#primaryimage","url":"https:\/\/favorite-news.com\/pl\/wp-content\/uploads\/sites\/6\/2019\/09\/Fabryka-Cukierk\u00f3w-Pszcz\u00f3\u0142ka-wybiera-agencj\u0119-do-rocznej-wsp\u00f3\u0142pracy.jpg","contentUrl":"https:\/\/favorite-news.com\/pl\/wp-content\/uploads\/sites\/6\/2019\/09\/Fabryka-Cukierk\u00f3w-Pszcz\u00f3\u0142ka-wybiera-agencj\u0119-do-rocznej-wsp\u00f3\u0142pracy.jpg","width":655,"height":484,"caption":"Article"},{"@type":"BreadcrumbList","@id":"https:\/\/favorite-news.com\/pl\/fabryka-cukierkow-pszczolka-wybiera-agencje-do-rocznej-wspolpracy\/#breadcrumb","itemListElement":[{"@type":"ListItem","position":1,"name":"Home","item":"https:\/\/favorite-news.com\/pl\/"},{"@type":"ListItem","position":2,"name":"Fabryka Cukierk\u00f3w Pszcz\u00f3\u0142ka wybiera agencj\u0119 do rocznej wsp\u00f3\u0142pracy"}]},{"@type":"WebSite","@id":"https:\/\/favorite-news.com\/pl\/#website","url":"https:\/\/favorite-news.com\/pl\/","name":"Favorite News","description":"Favorite News Polska","potentialAction":[{"@type":"SearchAction","target":{"@type":"EntryPoint","urlTemplate":"https:\/\/favorite-news.com\/pl\/?s={search_term_string}"},"query-input":{"@type":"PropertyValueSpecification","valueRequired":true,"valueName":"search_term_string"}}],"inLanguage":"pl-PL"},{"@type":"Person","@id":"https:\/\/favorite-news.com\/pl\/#\/schema\/person\/b91573b717dcfa5e4696032a9d28d3e8","name":"favorite-news","image":{"@type":"ImageObject","inLanguage":"pl-PL","@id":"https:\/\/secure.gravatar.com\/avatar\/6c5a5cb12b74e9d517ee91cf570335b7d16177f1977cc91db161adfa435945a7?s=96&d=mm&r=g","url":"https:\/\/secure.gravatar.com\/avatar\/6c5a5cb12b74e9d517ee91cf570335b7d16177f1977cc91db161adfa435945a7?s=96&d=mm&r=g","contentUrl":"https:\/\/secure.gravatar.com\/avatar\/6c5a5cb12b74e9d517ee91cf570335b7d16177f1977cc91db161adfa435945a7?s=96&d=mm&r=g","caption":"favorite-news"},"url":"https:\/\/favorite-news.com\/pl\/author\/pt\/"}]}},"_links":{"self":[{"href":"https:\/\/favorite-news.com\/pl\/wp-json\/wp\/v2\/posts\/4413","targetHints":{"allow":["GET"]}}],"collection":[{"href":"https:\/\/favorite-news.com\/pl\/wp-json\/wp\/v2\/posts"}],"about":[{"href":"https:\/\/favorite-news.com\/pl\/wp-json\/wp\/v2\/types\/post"}],"author":[{"embeddable":true,"href":"https:\/\/favorite-news.com\/pl\/wp-json\/wp\/v2\/users\/2"}],"replies":[{"embeddable":true,"href":"https:\/\/favorite-news.com\/pl\/wp-json\/wp\/v2\/comments?post=4413"}],"version-history":[{"count":1,"href":"https:\/\/favorite-news.com\/pl\/wp-json\/wp\/v2\/posts\/4413\/revisions"}],"predecessor-version":[{"id":4415,"href":"https:\/\/favorite-news.com\/pl\/wp-json\/wp\/v2\/posts\/4413\/revisions\/4415"}],"wp:featuredmedia":[{"embeddable":true,"href":"https:\/\/favorite-news.com\/pl\/wp-json\/wp\/v2\/media\/4414"}],"wp:attachment":[{"href":"https:\/\/favorite-news.com\/pl\/wp-json\/wp\/v2\/media?parent=4413"}],"wp:term":[{"taxonomy":"category","embeddable":true,"href":"https:\/\/favorite-news.com\/pl\/wp-json\/wp\/v2\/categories?post=4413"},{"taxonomy":"post_tag","embeddable":true,"href":"https:\/\/favorite-news.com\/pl\/wp-json\/wp\/v2\/tags?post=4413"}],"curies":[{"name":"wp","href":"https:\/\/api.w.org\/{rel}","templated":true}]}}