{"id":4404,"date":"2019-09-11T14:04:13","date_gmt":"2019-09-11T11:04:13","guid":{"rendered":"https:\/\/favorite-news.com\/pl\/volkswagen-samochody-uzytkowe-zmienia-nazwe-na-volkswagen-samochody-dostawcze\/"},"modified":"2019-09-11T14:04:14","modified_gmt":"2019-09-11T11:04:14","slug":"volkswagen-samochody-uzytkowe-zmienia-nazwe-na-volkswagen-samochody-dostawcze","status":"publish","type":"post","link":"https:\/\/favorite-news.com\/pl\/volkswagen-samochody-uzytkowe-zmienia-nazwe-na-volkswagen-samochody-dostawcze\/","title":{"rendered":"Volkswagen Samochody U\u017cytkowe zmienia nazw\u0119 na Volkswagen Samochody Dostawcze"},"content":{"rendered":"<p>Wraz z wprowadzeniem nowej identyfikacji wizualnej ca\u0142ego koncernu Volkswagena, kt\u00f3r\u0105 zaprezentowano we wtorek nazwa marki Volkswagen Samochody U\u017cytkowe na rynku polskim zmieniona zosta\u0142a na Volkswagen Samochody Dostawcze.- Wierzymy, \u017ce nowa nazwa marki b\u0119dzie bli\u017csza temu jak o furgonach, busach czy vanach m\u00f3wi\u0105 nasi klienci. Jeste\u015bmy przekonani, \u017ce nazwa Volkswagen Samochody Dostawcze precyzyjniej odzwierciedla wysok\u0105 specjalizacj\u0119 naszych samochod\u00f3w. Nowe logo i nowa nazwa marki to nasze nowe kreatywne podej\u015bcie do budowania wizerunku samochod\u00f3w dostawczych Volkswagen w Polsce. Samochod\u00f3w, kt\u00f3re maj\u0105 budzi\u0107 emocje, by\u0107 autentyczne, wszechstronne, a tym samym wyznacza\u0107 kierunek rozwoju motoryzacji i nowoczesnej mobilno\u015bci &#8211; podkre\u015bla Patryk Grzeczka, dyrektor marketingu marki Volkswagen Samochody Dostawcze.&#13;<br \/>\n&#13;<br \/>\n&#13;<br \/>\n&#13;<br \/>\nZaprezentowane zmiany identyfikacji wizualnej maj\u0105 od\u015bwie\u017cy\u0107 wizerunek marki,by by\u0142a gotowa na wyzwania nowej mobilno\u015bci. Zdefiniowana zosta\u0142a od nowa jej osobowo\u015b\u0107, od\u015bwie\u017cone zosta\u0142y podstawowe warto\u015bci, kt\u00f3re ukszta\u0142towa\u0142y DNA marki oraz dodana zosta\u0142a nowa, bardzo wa\u017cna dla marki warto\u015b\u0107 \u2013 inspiruj\u0105ca. To warto\u015b\u0107, kt\u00f3ra okre\u015bla ci\u0105g\u0142y rozw\u00f3j marki i ch\u0119\u0107 inspirowania i wyzwalania emocji w klientach.&#13;<br \/>\n&#13;<br \/>\n&#8211; Prezentujemy w\u0142a\u015bnie now\u0105, od\u015bwie\u017con\u0105 wersj\u0119 modelu T6. Bardziej cyfrow\u0105, bardziej po\u0142\u0105czon\u0105 z sieci\u0105 oraz otoczeniem i bardziej wsp\u00f3\u0142czesn\u0105 &#8211; m\u00f3wi Heinz-J\u00fcrgen L\u00f6w, cz\u0142onek zarz\u0105du odpowiedzialny za sprzeda\u017c i marketing. \u201eOd pocz\u0105tku tego roku, jako marka Volkswagen Samochody Dostawcze, jeste\u015bmy odpowiedzialni za model ID. BUZZ, kt\u00f3ry moim zdaniem jest najbardziej budz\u0105cym emocje pojazdem rodziny ID. Nie ma wi\u0119c lepszego momentu ni\u017c teraz, na og\u0142oszenie i pokazanie rebrandingu marki Volkswagen Samochody Dostawcze.&#13;<br \/>\n&#13;<br \/>\nWszystko jest stopniowo dostosowywane do nowego kierunku \u2013 od j\u0119zyka wizualnego, przez ca\u0142\u0105 identyfikacj\u0119 korporacyjn\u0105 wszystkie materia\u0142y drukowane, obecno\u015b\u0107 w internecie, branding partner\u00f3w sprzeda\u017cy detalicznej, a\u017c po aktualne logo. Podkre\u015bla ono przej\u015bcie marki z klasycznego producenta lekkich samochod\u00f3w dostawczych, do wsp\u00f3\u0142czesnego dostawcy przysz\u0142o\u015bciowych rozwi\u0105za\u0144 w zakresie mobilno\u015bci.&#13;<br \/>\n                            &#13;<br \/>\n&#13;<br \/>\n                            &#13;<br \/>\n&#13;<br \/>\n&#13;<br \/>\n&#13;<br \/>\n&#13;<br \/>\n&#13;<br \/>\n                            &#13;<br \/>\n                                                            &#13;<br \/>\n&#13;<br \/>\n                            &#13;<\/p>\n<p>\n<!--noindex--><br \/>\n<a href=\"https:\/\/www.wirtualnemedia.pl\/artykul\/volkswagen-samochody-uzytkowe-zmienia-nazwe-na-volkswagen-samochody-dostawcze\" rel=\"nofollow\">Source link <\/a><br \/>\n<!--\/noindex--><\/p>\n","protected":false},"excerpt":{"rendered":"<p>Wraz z wprowadzeniem nowej identyfikacji wizualnej ca\u0142ego koncernu Volkswagena, kt\u00f3r\u0105 zaprezentowano we wtorek nazwa marki Volkswagen Samochody U\u017cytkowe na rynku polskim zmieniona zosta\u0142a na Volkswagen Samochody Dostawcze.- Wierzymy, \u017ce nowa nazwa marki b\u0119dzie bli\u017csza temu jak o furgonach, busach czy vanach m\u00f3wi\u0105 nasi klienci. Jeste\u015bmy przekonani, \u017ce nazwa Volkswagen Samochody Dostawcze precyzyjniej odzwierciedla wysok\u0105 specjalizacj\u0119 [&hellip;]<\/p>\n","protected":false},"author":2,"featured_media":4405,"comment_status":"open","ping_status":"open","sticky":false,"template":"","format":"standard","meta":{"footnotes":""},"categories":[2],"tags":[],"class_list":["post-4404","post","type-post","status-publish","format-standard","has-post-thumbnail","hentry","category-wiadomosci-marketingowe-internetowe"],"yoast_head":"<!-- This site is optimized with the Yoast SEO plugin v27.4 - https:\/\/yoast.com\/product\/yoast-seo-wordpress\/ -->\n<title>Volkswagen Samochody U\u017cytkowe zmienia nazw\u0119 na Volkswagen Samochody Dostawcze - Favorite News<\/title>\n<meta name=\"robots\" content=\"index, follow, max-snippet:-1, max-image-preview:large, max-video-preview:-1\" \/>\n<link rel=\"canonical\" href=\"https:\/\/favorite-news.com\/pl\/volkswagen-samochody-uzytkowe-zmienia-nazwe-na-volkswagen-samochody-dostawcze\/\" \/>\n<meta property=\"og:locale\" content=\"pl_PL\" \/>\n<meta property=\"og:type\" content=\"article\" \/>\n<meta property=\"og:title\" content=\"Volkswagen Samochody U\u017cytkowe zmienia nazw\u0119 na Volkswagen Samochody Dostawcze - Favorite News\" \/>\n<meta property=\"og:description\" content=\"Wraz z wprowadzeniem nowej identyfikacji wizualnej ca\u0142ego koncernu Volkswagena, kt\u00f3r\u0105 zaprezentowano we wtorek nazwa marki Volkswagen Samochody U\u017cytkowe na rynku polskim zmieniona zosta\u0142a na Volkswagen Samochody Dostawcze.- Wierzymy, \u017ce nowa nazwa marki b\u0119dzie bli\u017csza temu jak o furgonach, busach czy vanach m\u00f3wi\u0105 nasi klienci. Jeste\u015bmy przekonani, \u017ce nazwa Volkswagen Samochody Dostawcze precyzyjniej odzwierciedla wysok\u0105 specjalizacj\u0119 [&hellip;]\" \/>\n<meta property=\"og:url\" content=\"https:\/\/favorite-news.com\/pl\/volkswagen-samochody-uzytkowe-zmienia-nazwe-na-volkswagen-samochody-dostawcze\/\" \/>\n<meta property=\"og:site_name\" content=\"Favorite News\" \/>\n<meta property=\"article:published_time\" content=\"2019-09-11T11:04:13+00:00\" \/>\n<meta property=\"article:modified_time\" content=\"2019-09-11T11:04:14+00:00\" \/>\n<meta property=\"og:image\" content=\"https:\/\/favorite-news.com\/pl\/wp-content\/uploads\/sites\/6\/2019\/09\/Volkswagen-Samochody-U\u017cytkowe-zmienia-nazw\u0119-na-Volkswagen-Samochody-Dostawcze.jpg\" \/>\n\t<meta property=\"og:image:width\" content=\"655\" \/>\n\t<meta property=\"og:image:height\" content=\"491\" \/>\n\t<meta property=\"og:image:type\" content=\"image\/jpeg\" \/>\n<meta name=\"author\" content=\"favorite-news\" \/>\n<meta name=\"twitter:card\" content=\"summary_large_image\" \/>\n<meta name=\"twitter:label1\" content=\"Napisane przez\" \/>\n\t<meta name=\"twitter:data1\" content=\"favorite-news\" \/>\n\t<meta name=\"twitter:label2\" content=\"Szacowany czas czytania\" \/>\n\t<meta name=\"twitter:data2\" content=\"2 minuty\" \/>\n<script type=\"application\/ld+json\" class=\"yoast-schema-graph\">{\"@context\":\"https:\\\/\\\/schema.org\",\"@graph\":[{\"@type\":\"Article\",\"@id\":\"https:\\\/\\\/favorite-news.com\\\/pl\\\/volkswagen-samochody-uzytkowe-zmienia-nazwe-na-volkswagen-samochody-dostawcze\\\/#article\",\"isPartOf\":{\"@id\":\"https:\\\/\\\/favorite-news.com\\\/pl\\\/volkswagen-samochody-uzytkowe-zmienia-nazwe-na-volkswagen-samochody-dostawcze\\\/\"},\"author\":{\"name\":\"favorite-news\",\"@id\":\"https:\\\/\\\/favorite-news.com\\\/pl\\\/#\\\/schema\\\/person\\\/b91573b717dcfa5e4696032a9d28d3e8\"},\"headline\":\"Volkswagen Samochody U\u017cytkowe zmienia nazw\u0119 na Volkswagen Samochody Dostawcze\",\"datePublished\":\"2019-09-11T11:04:13+00:00\",\"dateModified\":\"2019-09-11T11:04:14+00:00\",\"mainEntityOfPage\":{\"@id\":\"https:\\\/\\\/favorite-news.com\\\/pl\\\/volkswagen-samochody-uzytkowe-zmienia-nazwe-na-volkswagen-samochody-dostawcze\\\/\"},\"wordCount\":352,\"commentCount\":0,\"image\":{\"@id\":\"https:\\\/\\\/favorite-news.com\\\/pl\\\/volkswagen-samochody-uzytkowe-zmienia-nazwe-na-volkswagen-samochody-dostawcze\\\/#primaryimage\"},\"thumbnailUrl\":\"https:\\\/\\\/favorite-news.com\\\/pl\\\/wp-content\\\/uploads\\\/sites\\\/6\\\/2019\\\/09\\\/Volkswagen-Samochody-U\u017cytkowe-zmienia-nazw\u0119-na-Volkswagen-Samochody-Dostawcze.jpg\",\"articleSection\":[\"WIADOMO\u015aCI MARKETINGOWE INTERNETOWE\"],\"inLanguage\":\"pl-PL\",\"potentialAction\":[{\"@type\":\"CommentAction\",\"name\":\"Comment\",\"target\":[\"https:\\\/\\\/favorite-news.com\\\/pl\\\/volkswagen-samochody-uzytkowe-zmienia-nazwe-na-volkswagen-samochody-dostawcze\\\/#respond\"]}]},{\"@type\":\"WebPage\",\"@id\":\"https:\\\/\\\/favorite-news.com\\\/pl\\\/volkswagen-samochody-uzytkowe-zmienia-nazwe-na-volkswagen-samochody-dostawcze\\\/\",\"url\":\"https:\\\/\\\/favorite-news.com\\\/pl\\\/volkswagen-samochody-uzytkowe-zmienia-nazwe-na-volkswagen-samochody-dostawcze\\\/\",\"name\":\"Volkswagen Samochody U\u017cytkowe zmienia nazw\u0119 na Volkswagen Samochody Dostawcze - Favorite News\",\"isPartOf\":{\"@id\":\"https:\\\/\\\/favorite-news.com\\\/pl\\\/#website\"},\"primaryImageOfPage\":{\"@id\":\"https:\\\/\\\/favorite-news.com\\\/pl\\\/volkswagen-samochody-uzytkowe-zmienia-nazwe-na-volkswagen-samochody-dostawcze\\\/#primaryimage\"},\"image\":{\"@id\":\"https:\\\/\\\/favorite-news.com\\\/pl\\\/volkswagen-samochody-uzytkowe-zmienia-nazwe-na-volkswagen-samochody-dostawcze\\\/#primaryimage\"},\"thumbnailUrl\":\"https:\\\/\\\/favorite-news.com\\\/pl\\\/wp-content\\\/uploads\\\/sites\\\/6\\\/2019\\\/09\\\/Volkswagen-Samochody-U\u017cytkowe-zmienia-nazw\u0119-na-Volkswagen-Samochody-Dostawcze.jpg\",\"datePublished\":\"2019-09-11T11:04:13+00:00\",\"dateModified\":\"2019-09-11T11:04:14+00:00\",\"author\":{\"@id\":\"https:\\\/\\\/favorite-news.com\\\/pl\\\/#\\\/schema\\\/person\\\/b91573b717dcfa5e4696032a9d28d3e8\"},\"breadcrumb\":{\"@id\":\"https:\\\/\\\/favorite-news.com\\\/pl\\\/volkswagen-samochody-uzytkowe-zmienia-nazwe-na-volkswagen-samochody-dostawcze\\\/#breadcrumb\"},\"inLanguage\":\"pl-PL\",\"potentialAction\":[{\"@type\":\"ReadAction\",\"target\":[\"https:\\\/\\\/favorite-news.com\\\/pl\\\/volkswagen-samochody-uzytkowe-zmienia-nazwe-na-volkswagen-samochody-dostawcze\\\/\"]}]},{\"@type\":\"ImageObject\",\"inLanguage\":\"pl-PL\",\"@id\":\"https:\\\/\\\/favorite-news.com\\\/pl\\\/volkswagen-samochody-uzytkowe-zmienia-nazwe-na-volkswagen-samochody-dostawcze\\\/#primaryimage\",\"url\":\"https:\\\/\\\/favorite-news.com\\\/pl\\\/wp-content\\\/uploads\\\/sites\\\/6\\\/2019\\\/09\\\/Volkswagen-Samochody-U\u017cytkowe-zmienia-nazw\u0119-na-Volkswagen-Samochody-Dostawcze.jpg\",\"contentUrl\":\"https:\\\/\\\/favorite-news.com\\\/pl\\\/wp-content\\\/uploads\\\/sites\\\/6\\\/2019\\\/09\\\/Volkswagen-Samochody-U\u017cytkowe-zmienia-nazw\u0119-na-Volkswagen-Samochody-Dostawcze.jpg\",\"width\":655,\"height\":491,\"caption\":\"Article\"},{\"@type\":\"BreadcrumbList\",\"@id\":\"https:\\\/\\\/favorite-news.com\\\/pl\\\/volkswagen-samochody-uzytkowe-zmienia-nazwe-na-volkswagen-samochody-dostawcze\\\/#breadcrumb\",\"itemListElement\":[{\"@type\":\"ListItem\",\"position\":1,\"name\":\"Home\",\"item\":\"https:\\\/\\\/favorite-news.com\\\/pl\\\/\"},{\"@type\":\"ListItem\",\"position\":2,\"name\":\"Volkswagen Samochody U\u017cytkowe zmienia nazw\u0119 na Volkswagen Samochody Dostawcze\"}]},{\"@type\":\"WebSite\",\"@id\":\"https:\\\/\\\/favorite-news.com\\\/pl\\\/#website\",\"url\":\"https:\\\/\\\/favorite-news.com\\\/pl\\\/\",\"name\":\"Favorite News\",\"description\":\"Favorite News Polska\",\"potentialAction\":[{\"@type\":\"SearchAction\",\"target\":{\"@type\":\"EntryPoint\",\"urlTemplate\":\"https:\\\/\\\/favorite-news.com\\\/pl\\\/?s={search_term_string}\"},\"query-input\":{\"@type\":\"PropertyValueSpecification\",\"valueRequired\":true,\"valueName\":\"search_term_string\"}}],\"inLanguage\":\"pl-PL\"},{\"@type\":\"Person\",\"@id\":\"https:\\\/\\\/favorite-news.com\\\/pl\\\/#\\\/schema\\\/person\\\/b91573b717dcfa5e4696032a9d28d3e8\",\"name\":\"favorite-news\",\"image\":{\"@type\":\"ImageObject\",\"inLanguage\":\"pl-PL\",\"@id\":\"https:\\\/\\\/secure.gravatar.com\\\/avatar\\\/6c5a5cb12b74e9d517ee91cf570335b7d16177f1977cc91db161adfa435945a7?s=96&d=mm&r=g\",\"url\":\"https:\\\/\\\/secure.gravatar.com\\\/avatar\\\/6c5a5cb12b74e9d517ee91cf570335b7d16177f1977cc91db161adfa435945a7?s=96&d=mm&r=g\",\"contentUrl\":\"https:\\\/\\\/secure.gravatar.com\\\/avatar\\\/6c5a5cb12b74e9d517ee91cf570335b7d16177f1977cc91db161adfa435945a7?s=96&d=mm&r=g\",\"caption\":\"favorite-news\"},\"url\":\"https:\\\/\\\/favorite-news.com\\\/pl\\\/author\\\/pt\\\/\"}]}<\/script>\n<!-- \/ Yoast SEO plugin. -->","yoast_head_json":{"title":"Volkswagen Samochody U\u017cytkowe zmienia nazw\u0119 na Volkswagen Samochody Dostawcze - Favorite News","robots":{"index":"index","follow":"follow","max-snippet":"max-snippet:-1","max-image-preview":"max-image-preview:large","max-video-preview":"max-video-preview:-1"},"canonical":"https:\/\/favorite-news.com\/pl\/volkswagen-samochody-uzytkowe-zmienia-nazwe-na-volkswagen-samochody-dostawcze\/","og_locale":"pl_PL","og_type":"article","og_title":"Volkswagen Samochody U\u017cytkowe zmienia nazw\u0119 na Volkswagen Samochody Dostawcze - Favorite News","og_description":"Wraz z wprowadzeniem nowej identyfikacji wizualnej ca\u0142ego koncernu Volkswagena, kt\u00f3r\u0105 zaprezentowano we wtorek nazwa marki Volkswagen Samochody U\u017cytkowe na rynku polskim zmieniona zosta\u0142a na Volkswagen Samochody Dostawcze.- Wierzymy, \u017ce nowa nazwa marki b\u0119dzie bli\u017csza temu jak o furgonach, busach czy vanach m\u00f3wi\u0105 nasi klienci. Jeste\u015bmy przekonani, \u017ce nazwa Volkswagen Samochody Dostawcze precyzyjniej odzwierciedla wysok\u0105 specjalizacj\u0119 [&hellip;]","og_url":"https:\/\/favorite-news.com\/pl\/volkswagen-samochody-uzytkowe-zmienia-nazwe-na-volkswagen-samochody-dostawcze\/","og_site_name":"Favorite News","article_published_time":"2019-09-11T11:04:13+00:00","article_modified_time":"2019-09-11T11:04:14+00:00","og_image":[{"width":655,"height":491,"url":"https:\/\/favorite-news.com\/pl\/wp-content\/uploads\/sites\/6\/2019\/09\/Volkswagen-Samochody-U\u017cytkowe-zmienia-nazw\u0119-na-Volkswagen-Samochody-Dostawcze.jpg","type":"image\/jpeg"}],"author":"favorite-news","twitter_card":"summary_large_image","twitter_misc":{"Napisane przez":"favorite-news","Szacowany czas czytania":"2 minuty"},"schema":{"@context":"https:\/\/schema.org","@graph":[{"@type":"Article","@id":"https:\/\/favorite-news.com\/pl\/volkswagen-samochody-uzytkowe-zmienia-nazwe-na-volkswagen-samochody-dostawcze\/#article","isPartOf":{"@id":"https:\/\/favorite-news.com\/pl\/volkswagen-samochody-uzytkowe-zmienia-nazwe-na-volkswagen-samochody-dostawcze\/"},"author":{"name":"favorite-news","@id":"https:\/\/favorite-news.com\/pl\/#\/schema\/person\/b91573b717dcfa5e4696032a9d28d3e8"},"headline":"Volkswagen Samochody U\u017cytkowe zmienia nazw\u0119 na Volkswagen Samochody Dostawcze","datePublished":"2019-09-11T11:04:13+00:00","dateModified":"2019-09-11T11:04:14+00:00","mainEntityOfPage":{"@id":"https:\/\/favorite-news.com\/pl\/volkswagen-samochody-uzytkowe-zmienia-nazwe-na-volkswagen-samochody-dostawcze\/"},"wordCount":352,"commentCount":0,"image":{"@id":"https:\/\/favorite-news.com\/pl\/volkswagen-samochody-uzytkowe-zmienia-nazwe-na-volkswagen-samochody-dostawcze\/#primaryimage"},"thumbnailUrl":"https:\/\/favorite-news.com\/pl\/wp-content\/uploads\/sites\/6\/2019\/09\/Volkswagen-Samochody-U\u017cytkowe-zmienia-nazw\u0119-na-Volkswagen-Samochody-Dostawcze.jpg","articleSection":["WIADOMO\u015aCI MARKETINGOWE INTERNETOWE"],"inLanguage":"pl-PL","potentialAction":[{"@type":"CommentAction","name":"Comment","target":["https:\/\/favorite-news.com\/pl\/volkswagen-samochody-uzytkowe-zmienia-nazwe-na-volkswagen-samochody-dostawcze\/#respond"]}]},{"@type":"WebPage","@id":"https:\/\/favorite-news.com\/pl\/volkswagen-samochody-uzytkowe-zmienia-nazwe-na-volkswagen-samochody-dostawcze\/","url":"https:\/\/favorite-news.com\/pl\/volkswagen-samochody-uzytkowe-zmienia-nazwe-na-volkswagen-samochody-dostawcze\/","name":"Volkswagen Samochody U\u017cytkowe zmienia nazw\u0119 na Volkswagen Samochody Dostawcze - Favorite News","isPartOf":{"@id":"https:\/\/favorite-news.com\/pl\/#website"},"primaryImageOfPage":{"@id":"https:\/\/favorite-news.com\/pl\/volkswagen-samochody-uzytkowe-zmienia-nazwe-na-volkswagen-samochody-dostawcze\/#primaryimage"},"image":{"@id":"https:\/\/favorite-news.com\/pl\/volkswagen-samochody-uzytkowe-zmienia-nazwe-na-volkswagen-samochody-dostawcze\/#primaryimage"},"thumbnailUrl":"https:\/\/favorite-news.com\/pl\/wp-content\/uploads\/sites\/6\/2019\/09\/Volkswagen-Samochody-U\u017cytkowe-zmienia-nazw\u0119-na-Volkswagen-Samochody-Dostawcze.jpg","datePublished":"2019-09-11T11:04:13+00:00","dateModified":"2019-09-11T11:04:14+00:00","author":{"@id":"https:\/\/favorite-news.com\/pl\/#\/schema\/person\/b91573b717dcfa5e4696032a9d28d3e8"},"breadcrumb":{"@id":"https:\/\/favorite-news.com\/pl\/volkswagen-samochody-uzytkowe-zmienia-nazwe-na-volkswagen-samochody-dostawcze\/#breadcrumb"},"inLanguage":"pl-PL","potentialAction":[{"@type":"ReadAction","target":["https:\/\/favorite-news.com\/pl\/volkswagen-samochody-uzytkowe-zmienia-nazwe-na-volkswagen-samochody-dostawcze\/"]}]},{"@type":"ImageObject","inLanguage":"pl-PL","@id":"https:\/\/favorite-news.com\/pl\/volkswagen-samochody-uzytkowe-zmienia-nazwe-na-volkswagen-samochody-dostawcze\/#primaryimage","url":"https:\/\/favorite-news.com\/pl\/wp-content\/uploads\/sites\/6\/2019\/09\/Volkswagen-Samochody-U\u017cytkowe-zmienia-nazw\u0119-na-Volkswagen-Samochody-Dostawcze.jpg","contentUrl":"https:\/\/favorite-news.com\/pl\/wp-content\/uploads\/sites\/6\/2019\/09\/Volkswagen-Samochody-U\u017cytkowe-zmienia-nazw\u0119-na-Volkswagen-Samochody-Dostawcze.jpg","width":655,"height":491,"caption":"Article"},{"@type":"BreadcrumbList","@id":"https:\/\/favorite-news.com\/pl\/volkswagen-samochody-uzytkowe-zmienia-nazwe-na-volkswagen-samochody-dostawcze\/#breadcrumb","itemListElement":[{"@type":"ListItem","position":1,"name":"Home","item":"https:\/\/favorite-news.com\/pl\/"},{"@type":"ListItem","position":2,"name":"Volkswagen Samochody U\u017cytkowe zmienia nazw\u0119 na Volkswagen Samochody Dostawcze"}]},{"@type":"WebSite","@id":"https:\/\/favorite-news.com\/pl\/#website","url":"https:\/\/favorite-news.com\/pl\/","name":"Favorite News","description":"Favorite News Polska","potentialAction":[{"@type":"SearchAction","target":{"@type":"EntryPoint","urlTemplate":"https:\/\/favorite-news.com\/pl\/?s={search_term_string}"},"query-input":{"@type":"PropertyValueSpecification","valueRequired":true,"valueName":"search_term_string"}}],"inLanguage":"pl-PL"},{"@type":"Person","@id":"https:\/\/favorite-news.com\/pl\/#\/schema\/person\/b91573b717dcfa5e4696032a9d28d3e8","name":"favorite-news","image":{"@type":"ImageObject","inLanguage":"pl-PL","@id":"https:\/\/secure.gravatar.com\/avatar\/6c5a5cb12b74e9d517ee91cf570335b7d16177f1977cc91db161adfa435945a7?s=96&d=mm&r=g","url":"https:\/\/secure.gravatar.com\/avatar\/6c5a5cb12b74e9d517ee91cf570335b7d16177f1977cc91db161adfa435945a7?s=96&d=mm&r=g","contentUrl":"https:\/\/secure.gravatar.com\/avatar\/6c5a5cb12b74e9d517ee91cf570335b7d16177f1977cc91db161adfa435945a7?s=96&d=mm&r=g","caption":"favorite-news"},"url":"https:\/\/favorite-news.com\/pl\/author\/pt\/"}]}},"_links":{"self":[{"href":"https:\/\/favorite-news.com\/pl\/wp-json\/wp\/v2\/posts\/4404","targetHints":{"allow":["GET"]}}],"collection":[{"href":"https:\/\/favorite-news.com\/pl\/wp-json\/wp\/v2\/posts"}],"about":[{"href":"https:\/\/favorite-news.com\/pl\/wp-json\/wp\/v2\/types\/post"}],"author":[{"embeddable":true,"href":"https:\/\/favorite-news.com\/pl\/wp-json\/wp\/v2\/users\/2"}],"replies":[{"embeddable":true,"href":"https:\/\/favorite-news.com\/pl\/wp-json\/wp\/v2\/comments?post=4404"}],"version-history":[{"count":1,"href":"https:\/\/favorite-news.com\/pl\/wp-json\/wp\/v2\/posts\/4404\/revisions"}],"predecessor-version":[{"id":4406,"href":"https:\/\/favorite-news.com\/pl\/wp-json\/wp\/v2\/posts\/4404\/revisions\/4406"}],"wp:featuredmedia":[{"embeddable":true,"href":"https:\/\/favorite-news.com\/pl\/wp-json\/wp\/v2\/media\/4405"}],"wp:attachment":[{"href":"https:\/\/favorite-news.com\/pl\/wp-json\/wp\/v2\/media?parent=4404"}],"wp:term":[{"taxonomy":"category","embeddable":true,"href":"https:\/\/favorite-news.com\/pl\/wp-json\/wp\/v2\/categories?post=4404"},{"taxonomy":"post_tag","embeddable":true,"href":"https:\/\/favorite-news.com\/pl\/wp-json\/wp\/v2\/tags?post=4404"}],"curies":[{"name":"wp","href":"https:\/\/api.w.org\/{rel}","templated":true}]}}