{"id":4392,"date":"2019-09-11T08:40:34","date_gmt":"2019-09-11T05:40:34","guid":{"rendered":"https:\/\/favorite-news.com\/pl\/jest-proste-skuteczne-i-praktyczne-jak-ta-marka-samochodow-opinie\/"},"modified":"2019-09-11T08:40:36","modified_gmt":"2019-09-11T05:40:36","slug":"jest-proste-skuteczne-i-praktyczne-jak-ta-marka-samochodow-opinie","status":"publish","type":"post","link":"https:\/\/favorite-news.com\/pl\/jest-proste-skuteczne-i-praktyczne-jak-ta-marka-samochodow-opinie\/","title":{"rendered":"jest proste, skuteczne i praktyczne jak ta marka samochod\u00f3w (opinie)"},"content":{"rendered":"<p>We wtorek koncern motoryzacyjny Volkswagen zaprezentowa\u0142 sw\u00f3j nowy logotyp i identyfikacj\u0119 wizualn\u0105 marki. S\u0105 one zwi\u0105zane ze strategi\u0105 firmy zak\u0142adaj\u0105c\u0105 rozw\u00f3j w zakresie elektromobilno\u015bci i cyfryzacji. Slogan marki to teraz \u201eNowy Volkswagen\u201d.&#13;<br \/>\n&#13;<br \/>\nNowe logo Volkswagena tak samo jak poprzednie sk\u0142ada si\u0119 z liter V i W w charakterystycznym uk\u0142adzie wpisanych w okr\u0105g. W nowym znaku litery i ork\u0105g s\u0105 znacznie cie\u0144sze. W podstawowych wariantach kolorystycznych elementy s\u0105 bia\u0142e na niebieskim lub ciemnym tle. &#8211; Znale\u017ali\u015bmy m.in. spos\u00f3b na mocne, nowatorskie i pozytywne pokazanie marki w nowej identyfikacji wizualnej. Volkswagen to teraz \u201eNowy Volkswagen\u201d &#8211; pod wzgl\u0119dem technologii, produkt\u00f3w i sposobu w jaki sami siebie przedstawiamy &#8211; podkre\u015bla J\u00fcrgen Stackmann, cz\u0142onek zarz\u0105du marki Volkswagen Samochody Osobowe ds. sprzeda\u017cy i marketingu.&#13;<br \/>\n&#13;<br \/>\n&#13;<br \/>\n&#13;<br \/>\nFirma podkre\u015bla, \u017ce nowy znak jest prostszy i bardziej przejrzysty od poprzedniej, m.in. dlatego \u017ce nie zawiera ju\u017c element\u00f3w tr\u00f3jwymiarowych. Dzi\u0119ki temu jest te\u017c bardziej elastyczny, \u0142atwiejszy do zastosowania w r\u00f3\u017cnych miejscach i kontekstach.&#13;<br \/>\n&#13;<br \/>\nMa\u0142o ekscytuj\u0105ca wizualna zmiana&#13;<br \/>\n&#13;<br \/>\nWed\u0142ug Arkadiusza \u0141osia, brand consulting&amp;CI directora w agencji Dragon Rouge nowe logo Volkswagena\u00a0zwraca uwag\u0119, bo nale\u017cy do znanej marki, kt\u00f3ra dokonuje transformacji wizerunkowej od &#8222;desielgate&#8221; do elektromobilno\u015bci.&#13;<br \/>\n&#13;<br \/>\n&#8211; Rebranding w takim kontek\u015bcie to zdecydowanie bardzo dobry ruch. Sama zmiana wizualna nie jest ju\u017c jednak tak ekscytuj\u0105ca, bo wizualnie marka pod\u0105\u017ca za trendem &#8222;less is\u00a0more&#8221; widocznym, szczeg\u00f3lnie w bran\u017cy technologicznej. Zgodnie z tym trendem logo staje si\u0119 p\u0142askie, cz\u0119sto monochromatyczne. Nie tak dawno podobny ruch wykona\u0142o\u00a0 Audi, nale\u017c\u0105ce zreszt\u0105 do tego samego koncernu \u2013 komentuje \u0141o\u015b.&#13;<br \/>\n&#13;<br \/>\nZwraca w rozmowie z Wirtualnemedia.pl uwag\u0119, \u017ce upraszczanie\u00a0to z jednej strony wym\u00f3g wsp\u00f3\u0142czesnych interfejs\u00f3w\u00a0i komunikacji omnichannelowej, a z drugiej faktu, \u017ce wsp\u00f3\u0142cze\u015bnie bohaterem staje si\u0119 &#8222;content&#8221; nie za\u015b logo. &#8211; We\u017amy energetyczn\u0105 komunikacj\u0119 elektrycznych modeli ID &#8211; przy bogactwie wizualnym, kt\u00f3re oferuje ich komunikacja nowe logo to mocny kontrapunkt. Monochromatyczne logo mo\u017ce\u00a0 dzia\u0142a\u0107 w dowolnym kolorze i na dowolnym tle. Tak\u017ce wype\u0142nione \u015bwiat\u0142em diod ledowych na masce nowych modeli koncepcyjnych. Nowe logo jest proste, skuteczne i praktyczne, jak marka Volkswagen &#8211; dodaje ekspert Dragon Rouge.&#13;<br \/>\n&#13;<br \/>\nLogo symbolem nowego kierunku rozwoju&#13;<br \/>\n&#13;<br \/>\nJacek Kotarbi\u0144ski, ekonomista i ekspert ds. marketingu zaznacza, \u017ce zmiana logotypu Volkswagena ma zasygnalizowa\u0107 nowy kierunek rozwoju strategicznego koncernu czyli przyjaznej technologii dost\u0119pnej dla wszystkich, szczeg\u00f3lnie w kontek\u015bcie elektromobilno\u015bci.&#13;<br \/>\n&#13;<br \/>\n&#8211; Rebranding w sytuacjach zmian strategicznych i rozwoju organizacji nie jest niczym zaskakuj\u0105cym,\u00a0 podobny proces obserwowali\u015bmy w Polsce w 2012 roku w przypadku PZU. Ten element komunikacji jest te\u017c cz\u0119sto stosowany przy zmianach modelu biznesowego, ostatnio najcz\u0119\u015bciej gdy firma chce po\u0142o\u017cy\u0107 istotne akcenty na dzia\u0142ania online. Volkswagen wpisuje si\u0119 w \u015bwiatowy trend koncern\u00f3w samochodowych d\u0105\u017c\u0105cych do rozwoju biznesu aut elektrycznych, co chce podkre\u015bli\u0107 modyfikacj\u0105 swojej identyfikacji wizualnej. Znak graficzny ulega uproszczeniu, wyeliminowaniu podcieni i utrzymuje jednolito\u015b\u0107 kolorystyczn\u0105, ale jego podstawowa forma nie ulega zmianie &#8211; ocenia nasz rozm\u00f3wca.\u00a0&#13;<br \/>\n&#13;<br \/>\n&#13;<br \/>\n&#13;<br \/>\nW jego ocenie has\u0142o \u201eNowy Volkswagen\u201d podkre\u015bla raczej nowe otwarcie, ale nie jest szczeg\u00f3lnie oryginalne. &#8211; Trendy identyfikacji wizualnej d\u0105\u017c\u0105 zasadniczo do uproszcze\u0144 i stosunkowo jednolitych form. Mo\u017cna te\u017c dyskutowa\u0107, na ile coraz cz\u0119\u015bciej poszukuje si\u0119 identyfikacji opartej o sam logotyp (graficzne wyra\u017cenie nazwy), ograniczaj\u0105c znaczenie sygnetu czyli elementu graficznego. Tutaj wiele zale\u017cy pd bran\u017cy i charakteru samego produktu czy us\u0142ugi -podsumowuje Jacek Kotarbi\u0144ski.&#13;<br \/>\n&#13;<br \/>\nTylko sztuka dla sztuki?&#13;<br \/>\n&#13;<br \/>\nZ kolei Tomasz Hilt, w\u0142a\u015bciciel agencji Hilt&amp;Co. uwa\u017ca, \u017ce samochody elektryczne to nie koncepcja z cyklu \u201eprzedszkole, w przysz\u0142o\u015bci&#8221; ale raczej wizja motoryzacji za tzw. ma\u0142\u0105 chwilk\u0119.&#13;<br \/>\n&#13;<br \/>\nPrzyznaje, \u017ce ma w\u0105tpliwo\u015bci co do nowego logo Volkswagena. &#8211; Rozumiem, ze nie rewolucja a ewolucja, \u017ce ma si\u0119 wpisywa\u0107, transferowa\u0107, obrabia\u0107, produkowa\u0107, etc. &#8211; ale nie mog\u0119 oprze\u0107 si\u0119 wra\u017ceniu \u017ce taki \u201ere-vamp&#8221; to sztuka dla sztuki. By\u0142o jak jest, nie wspominaj\u0105c o fakcie, i\u017c to nowe jako \u017cywo przypomina mi to znane z lat 1939-45. Jak wiadomo zaprojektowane w 1937 pierwsze logo VW przetrwa\u0142o tylko dwa lata ust\u0119puj\u0105c miejsca nowemu, kt\u00f3re mia\u0142o nawi\u0105zywa\u0107 do innego rodzaju mobilno\u015bci\u2026 &#8211; analizuje nasz rozm\u00f3wca.&#13;<br \/>\n&#13;<br \/>\n&#8211; \u201eWkraczamy w er\u0119 elektromobilno\u015bci&#8221;. Rozumiem. Proste i na temat ale &#8211; czemu tak ma\u0142o kreatywnie?\u00a0 Przypomina mi inne claimy o charakterze informacyjnym, np.: \u201ePostanowienia XX Zjazdu wprowadzamy w \u017cycie&#8221;, czy jako\u015b tak. Elektromobilno\u015b\u0107 to nowa era, nowa technologia, nowy spos\u00f3b u\u017cytkowania produktu, bez kt\u00f3rego w XXI wieku nie istnieje cywilizacja. A\u017c prosi si\u0119 o co\u015b bardziej wyrafinowanego jak np. Tesli \u201eFeel it, believe it&#8221;. My\u015bl\u0119, \u017ce jak Volkswagen przekona nas ju\u017c, \u017ce wkroczy\u0142 &#8211; przyjdzie kolej i na kreatywno\u015b\u0107 &#8211; przypuszcza w\u0142a\u015bciciel Hilt&amp;Co.&#13;<br \/>\n&#13;<br \/>\nNowe logo na 171 rynkach, tak\u017ce w samochodach dostawczych&#13;<br \/>\n&#13;<br \/>\nNowa identyfikacja wizualna Volkswagena zosta\u0142a we w\u0142asnym zakresie przygotowany przez firm\u0105. B\u0119dzie dotyczy\u0107 wszystkich modeli aut firmy, tak\u017ce dostawczych.&#13;<br \/>\n&#13;<br \/>\nZapowiadaj\u0105c j\u0105 pod koniec sierpnia, koncern zaznaczy\u0142, \u017ce w pierwszym etapie nowa identyfikacja zostanie wprowadzona u dealer\u00f3w w Europie, a w pa\u017adzierniku w Chinach. Od pocz\u0105tku 2020 roku pojawi si\u0119 w Ameryce P\u00f3\u0142nocnej i Po\u0142udniowej, a tak\u017ce w pozosta\u0142ych regionach \u015bwiata.&#13;<br \/>\n&#13;<br \/>\n\u0141\u0105cznie zmiany zostan\u0105 wdro\u017cone na 171 rynkach, b\u0119d\u0105 dotyczy\u0107 ponad 10 tys. plac\u00f3wek dealer\u00f3w i partner\u00f3w serwisowych, gdzie wymienionych zostanie ok. 70 tys. no\u015bnik\u00f3w z logo.&#13;<br \/>\n&#13;<br \/>\nPoprzednie logo Volkswagena obowi\u0105zywa\u0142o od 2002 roku.&#13;<br \/>\n&#13;<br \/>\n&#13;<br \/>\n&#13;<br \/>\nW Polsce rebranding potrwa rok, samochody dostawcze zamiast u\u017cytkowych&#13;<br \/>\n&#13;<br \/>\nW Polsce nowa identyfikacja wizualna Volkswagena zostanie wprowadzona 20 wrze\u015bnia br. Magda Piekarczyk, kierownik komunikacji marketingowej i PR w Volkswagen Group Polska. przekaza\u0142a w rozmowie z Wirtualnemedia.pl, \u017ce wtedy planowany jest start nowej strony internetowej firmy.&#13;<br \/>\n&#13;<br \/>\n&#8211; Po tym dniu ca\u0142a nowa komunikacja marki b\u0119dzie zgodna z nowymi wytycznymi i b\u0119dzie opatrzona nowym logo. Wszystkie salony b\u0119d\u0105 sukcesywnie przechodzi\u0107 zmian\u0119 identyfikacji wizualnej. Ca\u0142y proces zaplanowany zosta\u0142 na najbli\u017cszy rok. W przypadku marki Volkswagen Samochody U\u017cytkowe zmiany na rynku polskim s\u0105 jeszcze wi\u0119ksze. Od wprowadzenia logo i nowej identyfikacji wizualnej marka zmienia nazw\u0119 na Volkswagen Samochody Dostawcze. Nowa nazwa obowi\u0105zywa\u0107 b\u0119dzie w ca\u0142ej komunikacji &#8211; zapowiada Magda Piekarczyk.&#13;<br \/>\n                            &#13;<br \/>\n&#13;<br \/>\n                            &#13;<br \/>\n&#13;<br \/>\n&#13;<br \/>\n&#13;<br \/>\n&#13;<br \/>\n&#13;<br \/>\n                            &#13;<br \/>\n                                                            &#13;<br \/>\n&#13;<br \/>\n                            &#13;<\/p>\n<p>\n<!--noindex--><br \/>\n<a href=\"https:\/\/www.wirtualnemedia.pl\/artykul\/volkswagen-nowe-logo-i-haslo-jest-proste-skuteczne-i-praktyczne-jak-ta-marka-samochodow-opinie\" rel=\"nofollow\">Source link <\/a><br \/>\n<!--\/noindex--><\/p>\n","protected":false},"excerpt":{"rendered":"<p>We wtorek koncern motoryzacyjny Volkswagen zaprezentowa\u0142 sw\u00f3j nowy logotyp i identyfikacj\u0119 wizualn\u0105 marki. S\u0105 one zwi\u0105zane ze strategi\u0105 firmy zak\u0142adaj\u0105c\u0105 rozw\u00f3j w zakresie elektromobilno\u015bci i cyfryzacji. Slogan marki to teraz \u201eNowy Volkswagen\u201d.&#13; &#13; Nowe logo Volkswagena tak samo jak poprzednie sk\u0142ada si\u0119 z liter V i W w charakterystycznym uk\u0142adzie wpisanych w okr\u0105g. W nowym [&hellip;]<\/p>\n","protected":false},"author":2,"featured_media":4393,"comment_status":"open","ping_status":"open","sticky":false,"template":"","format":"standard","meta":{"footnotes":""},"categories":[2],"tags":[],"class_list":["post-4392","post","type-post","status-publish","format-standard","has-post-thumbnail","hentry","category-wiadomosci-marketingowe-internetowe"],"yoast_head":"<!-- This site is optimized with the Yoast SEO plugin v27.4 - https:\/\/yoast.com\/product\/yoast-seo-wordpress\/ -->\n<title>jest proste, skuteczne i praktyczne jak ta marka samochod\u00f3w (opinie) - Favorite News<\/title>\n<meta name=\"robots\" content=\"index, follow, max-snippet:-1, max-image-preview:large, max-video-preview:-1\" \/>\n<link rel=\"canonical\" href=\"https:\/\/favorite-news.com\/pl\/jest-proste-skuteczne-i-praktyczne-jak-ta-marka-samochodow-opinie\/\" \/>\n<meta property=\"og:locale\" content=\"pl_PL\" \/>\n<meta property=\"og:type\" content=\"article\" \/>\n<meta property=\"og:title\" content=\"jest proste, skuteczne i praktyczne jak ta marka samochod\u00f3w (opinie) - Favorite News\" \/>\n<meta property=\"og:description\" content=\"We wtorek koncern motoryzacyjny Volkswagen zaprezentowa\u0142 sw\u00f3j nowy logotyp i identyfikacj\u0119 wizualn\u0105 marki. S\u0105 one zwi\u0105zane ze strategi\u0105 firmy zak\u0142adaj\u0105c\u0105 rozw\u00f3j w zakresie elektromobilno\u015bci i cyfryzacji. Slogan marki to teraz \u201eNowy Volkswagen\u201d.&#013; &#013; Nowe logo Volkswagena tak samo jak poprzednie sk\u0142ada si\u0119 z liter V i W w charakterystycznym uk\u0142adzie wpisanych w okr\u0105g. W nowym [&hellip;]\" \/>\n<meta property=\"og:url\" content=\"https:\/\/favorite-news.com\/pl\/jest-proste-skuteczne-i-praktyczne-jak-ta-marka-samochodow-opinie\/\" \/>\n<meta property=\"og:site_name\" content=\"Favorite News\" \/>\n<meta property=\"article:published_time\" content=\"2019-09-11T05:40:34+00:00\" \/>\n<meta property=\"article:modified_time\" content=\"2019-09-11T05:40:36+00:00\" \/>\n<meta property=\"og:image\" content=\"https:\/\/favorite-news.com\/pl\/wp-content\/uploads\/sites\/6\/2019\/09\/jest-proste-skuteczne-i-praktyczne-jak-ta-marka-samochod\u00f3w-opinie.png\" \/>\n\t<meta property=\"og:image:width\" content=\"655\" \/>\n\t<meta property=\"og:image:height\" content=\"478\" \/>\n\t<meta property=\"og:image:type\" content=\"image\/png\" \/>\n<meta name=\"author\" content=\"favorite-news\" \/>\n<meta name=\"twitter:card\" content=\"summary_large_image\" \/>\n<meta name=\"twitter:label1\" content=\"Napisane przez\" \/>\n\t<meta name=\"twitter:data1\" content=\"favorite-news\" \/>\n\t<meta name=\"twitter:label2\" content=\"Szacowany czas czytania\" \/>\n\t<meta name=\"twitter:data2\" content=\"5 minut\" \/>\n<script type=\"application\/ld+json\" class=\"yoast-schema-graph\">{\"@context\":\"https:\\\/\\\/schema.org\",\"@graph\":[{\"@type\":\"Article\",\"@id\":\"https:\\\/\\\/favorite-news.com\\\/pl\\\/jest-proste-skuteczne-i-praktyczne-jak-ta-marka-samochodow-opinie\\\/#article\",\"isPartOf\":{\"@id\":\"https:\\\/\\\/favorite-news.com\\\/pl\\\/jest-proste-skuteczne-i-praktyczne-jak-ta-marka-samochodow-opinie\\\/\"},\"author\":{\"name\":\"favorite-news\",\"@id\":\"https:\\\/\\\/favorite-news.com\\\/pl\\\/#\\\/schema\\\/person\\\/b91573b717dcfa5e4696032a9d28d3e8\"},\"headline\":\"jest proste, skuteczne i praktyczne jak ta marka samochod\u00f3w (opinie)\",\"datePublished\":\"2019-09-11T05:40:34+00:00\",\"dateModified\":\"2019-09-11T05:40:36+00:00\",\"mainEntityOfPage\":{\"@id\":\"https:\\\/\\\/favorite-news.com\\\/pl\\\/jest-proste-skuteczne-i-praktyczne-jak-ta-marka-samochodow-opinie\\\/\"},\"wordCount\":1089,\"commentCount\":0,\"image\":{\"@id\":\"https:\\\/\\\/favorite-news.com\\\/pl\\\/jest-proste-skuteczne-i-praktyczne-jak-ta-marka-samochodow-opinie\\\/#primaryimage\"},\"thumbnailUrl\":\"https:\\\/\\\/favorite-news.com\\\/pl\\\/wp-content\\\/uploads\\\/sites\\\/6\\\/2019\\\/09\\\/jest-proste-skuteczne-i-praktyczne-jak-ta-marka-samochod\u00f3w-opinie.png\",\"articleSection\":[\"WIADOMO\u015aCI MARKETINGOWE INTERNETOWE\"],\"inLanguage\":\"pl-PL\",\"potentialAction\":[{\"@type\":\"CommentAction\",\"name\":\"Comment\",\"target\":[\"https:\\\/\\\/favorite-news.com\\\/pl\\\/jest-proste-skuteczne-i-praktyczne-jak-ta-marka-samochodow-opinie\\\/#respond\"]}]},{\"@type\":\"WebPage\",\"@id\":\"https:\\\/\\\/favorite-news.com\\\/pl\\\/jest-proste-skuteczne-i-praktyczne-jak-ta-marka-samochodow-opinie\\\/\",\"url\":\"https:\\\/\\\/favorite-news.com\\\/pl\\\/jest-proste-skuteczne-i-praktyczne-jak-ta-marka-samochodow-opinie\\\/\",\"name\":\"jest proste, skuteczne i praktyczne jak ta marka samochod\u00f3w (opinie) - Favorite News\",\"isPartOf\":{\"@id\":\"https:\\\/\\\/favorite-news.com\\\/pl\\\/#website\"},\"primaryImageOfPage\":{\"@id\":\"https:\\\/\\\/favorite-news.com\\\/pl\\\/jest-proste-skuteczne-i-praktyczne-jak-ta-marka-samochodow-opinie\\\/#primaryimage\"},\"image\":{\"@id\":\"https:\\\/\\\/favorite-news.com\\\/pl\\\/jest-proste-skuteczne-i-praktyczne-jak-ta-marka-samochodow-opinie\\\/#primaryimage\"},\"thumbnailUrl\":\"https:\\\/\\\/favorite-news.com\\\/pl\\\/wp-content\\\/uploads\\\/sites\\\/6\\\/2019\\\/09\\\/jest-proste-skuteczne-i-praktyczne-jak-ta-marka-samochod\u00f3w-opinie.png\",\"datePublished\":\"2019-09-11T05:40:34+00:00\",\"dateModified\":\"2019-09-11T05:40:36+00:00\",\"author\":{\"@id\":\"https:\\\/\\\/favorite-news.com\\\/pl\\\/#\\\/schema\\\/person\\\/b91573b717dcfa5e4696032a9d28d3e8\"},\"breadcrumb\":{\"@id\":\"https:\\\/\\\/favorite-news.com\\\/pl\\\/jest-proste-skuteczne-i-praktyczne-jak-ta-marka-samochodow-opinie\\\/#breadcrumb\"},\"inLanguage\":\"pl-PL\",\"potentialAction\":[{\"@type\":\"ReadAction\",\"target\":[\"https:\\\/\\\/favorite-news.com\\\/pl\\\/jest-proste-skuteczne-i-praktyczne-jak-ta-marka-samochodow-opinie\\\/\"]}]},{\"@type\":\"ImageObject\",\"inLanguage\":\"pl-PL\",\"@id\":\"https:\\\/\\\/favorite-news.com\\\/pl\\\/jest-proste-skuteczne-i-praktyczne-jak-ta-marka-samochodow-opinie\\\/#primaryimage\",\"url\":\"https:\\\/\\\/favorite-news.com\\\/pl\\\/wp-content\\\/uploads\\\/sites\\\/6\\\/2019\\\/09\\\/jest-proste-skuteczne-i-praktyczne-jak-ta-marka-samochod\u00f3w-opinie.png\",\"contentUrl\":\"https:\\\/\\\/favorite-news.com\\\/pl\\\/wp-content\\\/uploads\\\/sites\\\/6\\\/2019\\\/09\\\/jest-proste-skuteczne-i-praktyczne-jak-ta-marka-samochod\u00f3w-opinie.png\",\"width\":655,\"height\":478,\"caption\":\"Article\"},{\"@type\":\"BreadcrumbList\",\"@id\":\"https:\\\/\\\/favorite-news.com\\\/pl\\\/jest-proste-skuteczne-i-praktyczne-jak-ta-marka-samochodow-opinie\\\/#breadcrumb\",\"itemListElement\":[{\"@type\":\"ListItem\",\"position\":1,\"name\":\"Home\",\"item\":\"https:\\\/\\\/favorite-news.com\\\/pl\\\/\"},{\"@type\":\"ListItem\",\"position\":2,\"name\":\"jest proste, skuteczne i praktyczne jak ta marka samochod\u00f3w (opinie)\"}]},{\"@type\":\"WebSite\",\"@id\":\"https:\\\/\\\/favorite-news.com\\\/pl\\\/#website\",\"url\":\"https:\\\/\\\/favorite-news.com\\\/pl\\\/\",\"name\":\"Favorite News\",\"description\":\"Favorite News Polska\",\"potentialAction\":[{\"@type\":\"SearchAction\",\"target\":{\"@type\":\"EntryPoint\",\"urlTemplate\":\"https:\\\/\\\/favorite-news.com\\\/pl\\\/?s={search_term_string}\"},\"query-input\":{\"@type\":\"PropertyValueSpecification\",\"valueRequired\":true,\"valueName\":\"search_term_string\"}}],\"inLanguage\":\"pl-PL\"},{\"@type\":\"Person\",\"@id\":\"https:\\\/\\\/favorite-news.com\\\/pl\\\/#\\\/schema\\\/person\\\/b91573b717dcfa5e4696032a9d28d3e8\",\"name\":\"favorite-news\",\"image\":{\"@type\":\"ImageObject\",\"inLanguage\":\"pl-PL\",\"@id\":\"https:\\\/\\\/secure.gravatar.com\\\/avatar\\\/6c5a5cb12b74e9d517ee91cf570335b7d16177f1977cc91db161adfa435945a7?s=96&d=mm&r=g\",\"url\":\"https:\\\/\\\/secure.gravatar.com\\\/avatar\\\/6c5a5cb12b74e9d517ee91cf570335b7d16177f1977cc91db161adfa435945a7?s=96&d=mm&r=g\",\"contentUrl\":\"https:\\\/\\\/secure.gravatar.com\\\/avatar\\\/6c5a5cb12b74e9d517ee91cf570335b7d16177f1977cc91db161adfa435945a7?s=96&d=mm&r=g\",\"caption\":\"favorite-news\"},\"url\":\"https:\\\/\\\/favorite-news.com\\\/pl\\\/author\\\/pt\\\/\"}]}<\/script>\n<!-- \/ Yoast SEO plugin. -->","yoast_head_json":{"title":"jest proste, skuteczne i praktyczne jak ta marka samochod\u00f3w (opinie) - Favorite News","robots":{"index":"index","follow":"follow","max-snippet":"max-snippet:-1","max-image-preview":"max-image-preview:large","max-video-preview":"max-video-preview:-1"},"canonical":"https:\/\/favorite-news.com\/pl\/jest-proste-skuteczne-i-praktyczne-jak-ta-marka-samochodow-opinie\/","og_locale":"pl_PL","og_type":"article","og_title":"jest proste, skuteczne i praktyczne jak ta marka samochod\u00f3w (opinie) - Favorite News","og_description":"We wtorek koncern motoryzacyjny Volkswagen zaprezentowa\u0142 sw\u00f3j nowy logotyp i identyfikacj\u0119 wizualn\u0105 marki. S\u0105 one zwi\u0105zane ze strategi\u0105 firmy zak\u0142adaj\u0105c\u0105 rozw\u00f3j w zakresie elektromobilno\u015bci i cyfryzacji. Slogan marki to teraz \u201eNowy Volkswagen\u201d.&#13; &#13; Nowe logo Volkswagena tak samo jak poprzednie sk\u0142ada si\u0119 z liter V i W w charakterystycznym uk\u0142adzie wpisanych w okr\u0105g. W nowym [&hellip;]","og_url":"https:\/\/favorite-news.com\/pl\/jest-proste-skuteczne-i-praktyczne-jak-ta-marka-samochodow-opinie\/","og_site_name":"Favorite News","article_published_time":"2019-09-11T05:40:34+00:00","article_modified_time":"2019-09-11T05:40:36+00:00","og_image":[{"width":655,"height":478,"url":"https:\/\/favorite-news.com\/pl\/wp-content\/uploads\/sites\/6\/2019\/09\/jest-proste-skuteczne-i-praktyczne-jak-ta-marka-samochod\u00f3w-opinie.png","type":"image\/png"}],"author":"favorite-news","twitter_card":"summary_large_image","twitter_misc":{"Napisane przez":"favorite-news","Szacowany czas czytania":"5 minut"},"schema":{"@context":"https:\/\/schema.org","@graph":[{"@type":"Article","@id":"https:\/\/favorite-news.com\/pl\/jest-proste-skuteczne-i-praktyczne-jak-ta-marka-samochodow-opinie\/#article","isPartOf":{"@id":"https:\/\/favorite-news.com\/pl\/jest-proste-skuteczne-i-praktyczne-jak-ta-marka-samochodow-opinie\/"},"author":{"name":"favorite-news","@id":"https:\/\/favorite-news.com\/pl\/#\/schema\/person\/b91573b717dcfa5e4696032a9d28d3e8"},"headline":"jest proste, skuteczne i praktyczne jak ta marka samochod\u00f3w (opinie)","datePublished":"2019-09-11T05:40:34+00:00","dateModified":"2019-09-11T05:40:36+00:00","mainEntityOfPage":{"@id":"https:\/\/favorite-news.com\/pl\/jest-proste-skuteczne-i-praktyczne-jak-ta-marka-samochodow-opinie\/"},"wordCount":1089,"commentCount":0,"image":{"@id":"https:\/\/favorite-news.com\/pl\/jest-proste-skuteczne-i-praktyczne-jak-ta-marka-samochodow-opinie\/#primaryimage"},"thumbnailUrl":"https:\/\/favorite-news.com\/pl\/wp-content\/uploads\/sites\/6\/2019\/09\/jest-proste-skuteczne-i-praktyczne-jak-ta-marka-samochod\u00f3w-opinie.png","articleSection":["WIADOMO\u015aCI MARKETINGOWE INTERNETOWE"],"inLanguage":"pl-PL","potentialAction":[{"@type":"CommentAction","name":"Comment","target":["https:\/\/favorite-news.com\/pl\/jest-proste-skuteczne-i-praktyczne-jak-ta-marka-samochodow-opinie\/#respond"]}]},{"@type":"WebPage","@id":"https:\/\/favorite-news.com\/pl\/jest-proste-skuteczne-i-praktyczne-jak-ta-marka-samochodow-opinie\/","url":"https:\/\/favorite-news.com\/pl\/jest-proste-skuteczne-i-praktyczne-jak-ta-marka-samochodow-opinie\/","name":"jest proste, skuteczne i praktyczne jak ta marka samochod\u00f3w (opinie) - Favorite News","isPartOf":{"@id":"https:\/\/favorite-news.com\/pl\/#website"},"primaryImageOfPage":{"@id":"https:\/\/favorite-news.com\/pl\/jest-proste-skuteczne-i-praktyczne-jak-ta-marka-samochodow-opinie\/#primaryimage"},"image":{"@id":"https:\/\/favorite-news.com\/pl\/jest-proste-skuteczne-i-praktyczne-jak-ta-marka-samochodow-opinie\/#primaryimage"},"thumbnailUrl":"https:\/\/favorite-news.com\/pl\/wp-content\/uploads\/sites\/6\/2019\/09\/jest-proste-skuteczne-i-praktyczne-jak-ta-marka-samochod\u00f3w-opinie.png","datePublished":"2019-09-11T05:40:34+00:00","dateModified":"2019-09-11T05:40:36+00:00","author":{"@id":"https:\/\/favorite-news.com\/pl\/#\/schema\/person\/b91573b717dcfa5e4696032a9d28d3e8"},"breadcrumb":{"@id":"https:\/\/favorite-news.com\/pl\/jest-proste-skuteczne-i-praktyczne-jak-ta-marka-samochodow-opinie\/#breadcrumb"},"inLanguage":"pl-PL","potentialAction":[{"@type":"ReadAction","target":["https:\/\/favorite-news.com\/pl\/jest-proste-skuteczne-i-praktyczne-jak-ta-marka-samochodow-opinie\/"]}]},{"@type":"ImageObject","inLanguage":"pl-PL","@id":"https:\/\/favorite-news.com\/pl\/jest-proste-skuteczne-i-praktyczne-jak-ta-marka-samochodow-opinie\/#primaryimage","url":"https:\/\/favorite-news.com\/pl\/wp-content\/uploads\/sites\/6\/2019\/09\/jest-proste-skuteczne-i-praktyczne-jak-ta-marka-samochod\u00f3w-opinie.png","contentUrl":"https:\/\/favorite-news.com\/pl\/wp-content\/uploads\/sites\/6\/2019\/09\/jest-proste-skuteczne-i-praktyczne-jak-ta-marka-samochod\u00f3w-opinie.png","width":655,"height":478,"caption":"Article"},{"@type":"BreadcrumbList","@id":"https:\/\/favorite-news.com\/pl\/jest-proste-skuteczne-i-praktyczne-jak-ta-marka-samochodow-opinie\/#breadcrumb","itemListElement":[{"@type":"ListItem","position":1,"name":"Home","item":"https:\/\/favorite-news.com\/pl\/"},{"@type":"ListItem","position":2,"name":"jest proste, skuteczne i praktyczne jak ta marka samochod\u00f3w (opinie)"}]},{"@type":"WebSite","@id":"https:\/\/favorite-news.com\/pl\/#website","url":"https:\/\/favorite-news.com\/pl\/","name":"Favorite News","description":"Favorite News Polska","potentialAction":[{"@type":"SearchAction","target":{"@type":"EntryPoint","urlTemplate":"https:\/\/favorite-news.com\/pl\/?s={search_term_string}"},"query-input":{"@type":"PropertyValueSpecification","valueRequired":true,"valueName":"search_term_string"}}],"inLanguage":"pl-PL"},{"@type":"Person","@id":"https:\/\/favorite-news.com\/pl\/#\/schema\/person\/b91573b717dcfa5e4696032a9d28d3e8","name":"favorite-news","image":{"@type":"ImageObject","inLanguage":"pl-PL","@id":"https:\/\/secure.gravatar.com\/avatar\/6c5a5cb12b74e9d517ee91cf570335b7d16177f1977cc91db161adfa435945a7?s=96&d=mm&r=g","url":"https:\/\/secure.gravatar.com\/avatar\/6c5a5cb12b74e9d517ee91cf570335b7d16177f1977cc91db161adfa435945a7?s=96&d=mm&r=g","contentUrl":"https:\/\/secure.gravatar.com\/avatar\/6c5a5cb12b74e9d517ee91cf570335b7d16177f1977cc91db161adfa435945a7?s=96&d=mm&r=g","caption":"favorite-news"},"url":"https:\/\/favorite-news.com\/pl\/author\/pt\/"}]}},"_links":{"self":[{"href":"https:\/\/favorite-news.com\/pl\/wp-json\/wp\/v2\/posts\/4392","targetHints":{"allow":["GET"]}}],"collection":[{"href":"https:\/\/favorite-news.com\/pl\/wp-json\/wp\/v2\/posts"}],"about":[{"href":"https:\/\/favorite-news.com\/pl\/wp-json\/wp\/v2\/types\/post"}],"author":[{"embeddable":true,"href":"https:\/\/favorite-news.com\/pl\/wp-json\/wp\/v2\/users\/2"}],"replies":[{"embeddable":true,"href":"https:\/\/favorite-news.com\/pl\/wp-json\/wp\/v2\/comments?post=4392"}],"version-history":[{"count":1,"href":"https:\/\/favorite-news.com\/pl\/wp-json\/wp\/v2\/posts\/4392\/revisions"}],"predecessor-version":[{"id":4394,"href":"https:\/\/favorite-news.com\/pl\/wp-json\/wp\/v2\/posts\/4392\/revisions\/4394"}],"wp:featuredmedia":[{"embeddable":true,"href":"https:\/\/favorite-news.com\/pl\/wp-json\/wp\/v2\/media\/4393"}],"wp:attachment":[{"href":"https:\/\/favorite-news.com\/pl\/wp-json\/wp\/v2\/media?parent=4392"}],"wp:term":[{"taxonomy":"category","embeddable":true,"href":"https:\/\/favorite-news.com\/pl\/wp-json\/wp\/v2\/categories?post=4392"},{"taxonomy":"post_tag","embeddable":true,"href":"https:\/\/favorite-news.com\/pl\/wp-json\/wp\/v2\/tags?post=4392"}],"curies":[{"name":"wp","href":"https:\/\/api.w.org\/{rel}","templated":true}]}}