{"id":4356,"date":"2019-09-10T16:31:30","date_gmt":"2019-09-10T13:31:30","guid":{"rendered":"https:\/\/favorite-news.com\/pl\/jury-effie-europe-2019-mirella-panek-owsianska-urszula-uchanska-szymon-gutkowski-jaroslaw-ziebinski\/"},"modified":"2019-09-10T16:31:31","modified_gmt":"2019-09-10T13:31:31","slug":"jury-effie-europe-2019-mirella-panek-owsianska-urszula-uchanska-szymon-gutkowski-jaroslaw-ziebinski","status":"publish","type":"post","link":"https:\/\/favorite-news.com\/pl\/jury-effie-europe-2019-mirella-panek-owsianska-urszula-uchanska-szymon-gutkowski-jaroslaw-ziebinski\/","title":{"rendered":"Jury Effie Europe 2019 Mirella Panek-Owsia\u0144ska Urszula Ucha\u0144ska Szymon Gutkowski Jaros\u0142aw Zi\u0119bi\u0144ski"},"content":{"rendered":"<p>Europejskie Stowarzyszenie Agencji Komunikacji (EACA) og\u0142osi\u0142o sk\u0142ad jury Effie Europe 2019, kategorii specjalnych &#8211; Marketing &amp; Business Solutions, Best of the Best, Positive Change, a tak\u017ce Grand Jury. Na listach znalaz\u0142o si\u0119 czterech przedstawicieli z Polski.&#13;<br \/>\n&#13;<br \/>\nW jury kategorii Marketing &amp; Business Solutions zasi\u0105dzie Szymon Gutkowski, managing director w agencji DDB Warszawa. Urszula Ucha\u0144ska, head of marketing &amp; marketing leader PH Philips CEE, ocenia\u0107 b\u0119dzie zg\u0142oszenia w Best of the Best Europe, z kolei Mirella Panek-Owsia\u0144ska wsp\u00f3\u0142za\u0142o\u017cycielka \u201eKosmosu dla dziewczynek\u201d w kategorii Positive Change.&#13;<br \/>\n&#13;<br \/>\nW Grand Jury Effie Europe 2019 znalaz\u0142 si\u0119 Jaros\u0142aw Zi\u0119bi\u0144ski, CEO Northern &amp; Central Europe, Publicis Groupe.&#13;<br \/>\n&#13;<br \/>\nNowe kategorie Effie Awards Europe&#13;<br \/>\n&#13;<br \/>\nMarketing &amp; Business Solutions to nowa kategoria w europejskiej edycji Effie (pierwotnie wprowadzona w Polsce), w kt\u00f3rej nagradzane s\u0105 pojedyncze dzia\u0142ania marketingowe lub ca\u0142e programy. Do kategorii kwalifikuj\u0105 si\u0119 wszelkie dzia\u0142ania i pomys\u0142y biznesowe, kt\u00f3re mia\u0142y wyj\u0105tkowo pozytywny wp\u0142yw na pozycj\u0119 rynkow\u0105 marki, lub na jej produkty i us\u0142ugi.&#13;<br \/>\n&#13;<br \/>\nKolejna nowo\u015b\u0107 to kategoria Best of the Best Europe, nagradzaj\u0105ca najbardziej skuteczne dzia\u0142ania marketingowe w regionie, mo\u017cna do niej zg\u0142asza\u0107 kampanie, kt\u00f3re wygra\u0142y Z\u0142ote Effie w krajowych edycjach konkursu w Europie w 2018 roku.&#13;<br \/>\n&#13;<br \/>\nPositive Change dzia\u0142a we wsp\u00f3\u0142pracy ze \u015awiatowym Forum Ekonomicznym i docenia dzia\u0142ania spo\u0142ecznie odpowiedzialne i promuj\u0105ce ochron\u0119 \u015brodowiska. Mog\u0105 do niej si\u0119 zg\u0142asza\u0107 marki i organizacje non-profit.&#13;<br \/>\n&#13;<br \/>\nEffie Awards Europe by\u0142 pierwszym og\u00f3lnoeuropejskimi konkursem w dziedzinie komunikacji marketingowej, oceniaj\u0105cym skuteczno\u015bci komunikacji. Nagrody s\u0105 otwarte dla wszystkich agencji i marek, kt\u00f3re prowadz\u0105 kampanie mi\u0119dzynarodowe (co najmniej w 2 krajach Europy). Europejska edycja Effie prowadzona jest od 1996 roku.&#13;<br \/>\n                            &#13;<br \/>\n&#13;<br \/>\n                            &#13;<br \/>\n&#13;<br \/>\n&#13;<br \/>\n&#13;<br \/>\n&#13;<br \/>\n&#13;<br \/>\n                            &#13;<br \/>\n                                                            &#13;<br \/>\n&#13;<br \/>\n                            &#13;<\/p>\n<p>\n<!--noindex--><br \/>\n<a href=\"https:\/\/www.wirtualnemedia.pl\/artykul\/jury-effie-europe-2019-mirella-panek-owsianska-urszula-uchanska-szymon-gutkowski-jaroslaw-ziebinski\" rel=\"nofollow\">Source link <\/a><br \/>\n<!--\/noindex--><\/p>\n","protected":false},"excerpt":{"rendered":"<p>Europejskie Stowarzyszenie Agencji Komunikacji (EACA) og\u0142osi\u0142o sk\u0142ad jury Effie Europe 2019, kategorii specjalnych &#8211; Marketing &amp; Business Solutions, Best of the Best, Positive Change, a tak\u017ce Grand Jury. Na listach znalaz\u0142o si\u0119 czterech przedstawicieli z Polski.&#13; &#13; W jury kategorii Marketing &amp; Business Solutions zasi\u0105dzie Szymon Gutkowski, managing director w agencji DDB Warszawa. Urszula Ucha\u0144ska, [&hellip;]<\/p>\n","protected":false},"author":2,"featured_media":1615,"comment_status":"open","ping_status":"open","sticky":false,"template":"","format":"standard","meta":{"footnotes":""},"categories":[2],"tags":[],"class_list":["post-4356","post","type-post","status-publish","format-standard","has-post-thumbnail","hentry","category-wiadomosci-marketingowe-internetowe"],"yoast_head":"<!-- This site is optimized with the Yoast SEO plugin v27.4 - https:\/\/yoast.com\/product\/yoast-seo-wordpress\/ -->\n<title>Jury Effie Europe 2019 Mirella Panek-Owsia\u0144ska Urszula Ucha\u0144ska Szymon Gutkowski Jaros\u0142aw Zi\u0119bi\u0144ski - Favorite News<\/title>\n<meta name=\"robots\" content=\"index, follow, max-snippet:-1, max-image-preview:large, max-video-preview:-1\" \/>\n<link rel=\"canonical\" href=\"https:\/\/favorite-news.com\/pl\/jury-effie-europe-2019-mirella-panek-owsianska-urszula-uchanska-szymon-gutkowski-jaroslaw-ziebinski\/\" \/>\n<meta property=\"og:locale\" content=\"pl_PL\" \/>\n<meta property=\"og:type\" content=\"article\" \/>\n<meta property=\"og:title\" content=\"Jury Effie Europe 2019 Mirella Panek-Owsia\u0144ska Urszula Ucha\u0144ska Szymon Gutkowski Jaros\u0142aw Zi\u0119bi\u0144ski - Favorite News\" \/>\n<meta property=\"og:description\" content=\"Europejskie Stowarzyszenie Agencji Komunikacji (EACA) og\u0142osi\u0142o sk\u0142ad jury Effie Europe 2019, kategorii specjalnych &#8211; Marketing &amp; Business Solutions, Best of the Best, Positive Change, a tak\u017ce Grand Jury. Na listach znalaz\u0142o si\u0119 czterech przedstawicieli z Polski.&#013; &#013; W jury kategorii Marketing &amp; Business Solutions zasi\u0105dzie Szymon Gutkowski, managing director w agencji DDB Warszawa. Urszula Ucha\u0144ska, [&hellip;]\" \/>\n<meta property=\"og:url\" content=\"https:\/\/favorite-news.com\/pl\/jury-effie-europe-2019-mirella-panek-owsianska-urszula-uchanska-szymon-gutkowski-jaroslaw-ziebinski\/\" \/>\n<meta property=\"og:site_name\" content=\"Favorite News\" \/>\n<meta property=\"article:published_time\" content=\"2019-09-10T13:31:30+00:00\" \/>\n<meta property=\"article:modified_time\" content=\"2019-09-10T13:31:31+00:00\" \/>\n<meta property=\"og:image\" content=\"https:\/\/favorite-news.com\/pl\/wp-content\/uploads\/sites\/6\/2019\/06\/Effie-Awards-to-konkurs-rozwi\u0105za\u0144-kt\u00f3re-buduj\u0105-biznes.jpg\" \/>\n\t<meta property=\"og:image:width\" content=\"655\" \/>\n\t<meta property=\"og:image:height\" content=\"257\" \/>\n\t<meta property=\"og:image:type\" content=\"image\/jpeg\" \/>\n<meta name=\"author\" content=\"favorite-news\" \/>\n<meta name=\"twitter:card\" content=\"summary_large_image\" \/>\n<meta name=\"twitter:label1\" content=\"Napisane przez\" \/>\n\t<meta name=\"twitter:data1\" content=\"favorite-news\" \/>\n\t<meta name=\"twitter:label2\" content=\"Szacowany czas czytania\" \/>\n\t<meta name=\"twitter:data2\" content=\"1 minuta\" \/>\n<script type=\"application\/ld+json\" class=\"yoast-schema-graph\">{\"@context\":\"https:\\\/\\\/schema.org\",\"@graph\":[{\"@type\":\"Article\",\"@id\":\"https:\\\/\\\/favorite-news.com\\\/pl\\\/jury-effie-europe-2019-mirella-panek-owsianska-urszula-uchanska-szymon-gutkowski-jaroslaw-ziebinski\\\/#article\",\"isPartOf\":{\"@id\":\"https:\\\/\\\/favorite-news.com\\\/pl\\\/jury-effie-europe-2019-mirella-panek-owsianska-urszula-uchanska-szymon-gutkowski-jaroslaw-ziebinski\\\/\"},\"author\":{\"name\":\"favorite-news\",\"@id\":\"https:\\\/\\\/favorite-news.com\\\/pl\\\/#\\\/schema\\\/person\\\/b91573b717dcfa5e4696032a9d28d3e8\"},\"headline\":\"Jury Effie Europe 2019 Mirella Panek-Owsia\u0144ska Urszula Ucha\u0144ska Szymon Gutkowski Jaros\u0142aw Zi\u0119bi\u0144ski\",\"datePublished\":\"2019-09-10T13:31:30+00:00\",\"dateModified\":\"2019-09-10T13:31:31+00:00\",\"mainEntityOfPage\":{\"@id\":\"https:\\\/\\\/favorite-news.com\\\/pl\\\/jury-effie-europe-2019-mirella-panek-owsianska-urszula-uchanska-szymon-gutkowski-jaroslaw-ziebinski\\\/\"},\"wordCount\":313,\"commentCount\":0,\"image\":{\"@id\":\"https:\\\/\\\/favorite-news.com\\\/pl\\\/jury-effie-europe-2019-mirella-panek-owsianska-urszula-uchanska-szymon-gutkowski-jaroslaw-ziebinski\\\/#primaryimage\"},\"thumbnailUrl\":\"https:\\\/\\\/favorite-news.com\\\/pl\\\/wp-content\\\/uploads\\\/sites\\\/6\\\/2019\\\/06\\\/Effie-Awards-to-konkurs-rozwi\u0105za\u0144-kt\u00f3re-buduj\u0105-biznes.jpg\",\"articleSection\":[\"WIADOMO\u015aCI MARKETINGOWE INTERNETOWE\"],\"inLanguage\":\"pl-PL\",\"potentialAction\":[{\"@type\":\"CommentAction\",\"name\":\"Comment\",\"target\":[\"https:\\\/\\\/favorite-news.com\\\/pl\\\/jury-effie-europe-2019-mirella-panek-owsianska-urszula-uchanska-szymon-gutkowski-jaroslaw-ziebinski\\\/#respond\"]}]},{\"@type\":\"WebPage\",\"@id\":\"https:\\\/\\\/favorite-news.com\\\/pl\\\/jury-effie-europe-2019-mirella-panek-owsianska-urszula-uchanska-szymon-gutkowski-jaroslaw-ziebinski\\\/\",\"url\":\"https:\\\/\\\/favorite-news.com\\\/pl\\\/jury-effie-europe-2019-mirella-panek-owsianska-urszula-uchanska-szymon-gutkowski-jaroslaw-ziebinski\\\/\",\"name\":\"Jury Effie Europe 2019 Mirella Panek-Owsia\u0144ska Urszula Ucha\u0144ska Szymon Gutkowski Jaros\u0142aw Zi\u0119bi\u0144ski - Favorite News\",\"isPartOf\":{\"@id\":\"https:\\\/\\\/favorite-news.com\\\/pl\\\/#website\"},\"primaryImageOfPage\":{\"@id\":\"https:\\\/\\\/favorite-news.com\\\/pl\\\/jury-effie-europe-2019-mirella-panek-owsianska-urszula-uchanska-szymon-gutkowski-jaroslaw-ziebinski\\\/#primaryimage\"},\"image\":{\"@id\":\"https:\\\/\\\/favorite-news.com\\\/pl\\\/jury-effie-europe-2019-mirella-panek-owsianska-urszula-uchanska-szymon-gutkowski-jaroslaw-ziebinski\\\/#primaryimage\"},\"thumbnailUrl\":\"https:\\\/\\\/favorite-news.com\\\/pl\\\/wp-content\\\/uploads\\\/sites\\\/6\\\/2019\\\/06\\\/Effie-Awards-to-konkurs-rozwi\u0105za\u0144-kt\u00f3re-buduj\u0105-biznes.jpg\",\"datePublished\":\"2019-09-10T13:31:30+00:00\",\"dateModified\":\"2019-09-10T13:31:31+00:00\",\"author\":{\"@id\":\"https:\\\/\\\/favorite-news.com\\\/pl\\\/#\\\/schema\\\/person\\\/b91573b717dcfa5e4696032a9d28d3e8\"},\"breadcrumb\":{\"@id\":\"https:\\\/\\\/favorite-news.com\\\/pl\\\/jury-effie-europe-2019-mirella-panek-owsianska-urszula-uchanska-szymon-gutkowski-jaroslaw-ziebinski\\\/#breadcrumb\"},\"inLanguage\":\"pl-PL\",\"potentialAction\":[{\"@type\":\"ReadAction\",\"target\":[\"https:\\\/\\\/favorite-news.com\\\/pl\\\/jury-effie-europe-2019-mirella-panek-owsianska-urszula-uchanska-szymon-gutkowski-jaroslaw-ziebinski\\\/\"]}]},{\"@type\":\"ImageObject\",\"inLanguage\":\"pl-PL\",\"@id\":\"https:\\\/\\\/favorite-news.com\\\/pl\\\/jury-effie-europe-2019-mirella-panek-owsianska-urszula-uchanska-szymon-gutkowski-jaroslaw-ziebinski\\\/#primaryimage\",\"url\":\"https:\\\/\\\/favorite-news.com\\\/pl\\\/wp-content\\\/uploads\\\/sites\\\/6\\\/2019\\\/06\\\/Effie-Awards-to-konkurs-rozwi\u0105za\u0144-kt\u00f3re-buduj\u0105-biznes.jpg\",\"contentUrl\":\"https:\\\/\\\/favorite-news.com\\\/pl\\\/wp-content\\\/uploads\\\/sites\\\/6\\\/2019\\\/06\\\/Effie-Awards-to-konkurs-rozwi\u0105za\u0144-kt\u00f3re-buduj\u0105-biznes.jpg\",\"width\":655,\"height\":257,\"caption\":\"Article\"},{\"@type\":\"BreadcrumbList\",\"@id\":\"https:\\\/\\\/favorite-news.com\\\/pl\\\/jury-effie-europe-2019-mirella-panek-owsianska-urszula-uchanska-szymon-gutkowski-jaroslaw-ziebinski\\\/#breadcrumb\",\"itemListElement\":[{\"@type\":\"ListItem\",\"position\":1,\"name\":\"Home\",\"item\":\"https:\\\/\\\/favorite-news.com\\\/pl\\\/\"},{\"@type\":\"ListItem\",\"position\":2,\"name\":\"Jury Effie Europe 2019 Mirella Panek-Owsia\u0144ska Urszula Ucha\u0144ska Szymon Gutkowski Jaros\u0142aw Zi\u0119bi\u0144ski\"}]},{\"@type\":\"WebSite\",\"@id\":\"https:\\\/\\\/favorite-news.com\\\/pl\\\/#website\",\"url\":\"https:\\\/\\\/favorite-news.com\\\/pl\\\/\",\"name\":\"Favorite News\",\"description\":\"Favorite News Polska\",\"potentialAction\":[{\"@type\":\"SearchAction\",\"target\":{\"@type\":\"EntryPoint\",\"urlTemplate\":\"https:\\\/\\\/favorite-news.com\\\/pl\\\/?s={search_term_string}\"},\"query-input\":{\"@type\":\"PropertyValueSpecification\",\"valueRequired\":true,\"valueName\":\"search_term_string\"}}],\"inLanguage\":\"pl-PL\"},{\"@type\":\"Person\",\"@id\":\"https:\\\/\\\/favorite-news.com\\\/pl\\\/#\\\/schema\\\/person\\\/b91573b717dcfa5e4696032a9d28d3e8\",\"name\":\"favorite-news\",\"image\":{\"@type\":\"ImageObject\",\"inLanguage\":\"pl-PL\",\"@id\":\"https:\\\/\\\/secure.gravatar.com\\\/avatar\\\/6c5a5cb12b74e9d517ee91cf570335b7d16177f1977cc91db161adfa435945a7?s=96&d=mm&r=g\",\"url\":\"https:\\\/\\\/secure.gravatar.com\\\/avatar\\\/6c5a5cb12b74e9d517ee91cf570335b7d16177f1977cc91db161adfa435945a7?s=96&d=mm&r=g\",\"contentUrl\":\"https:\\\/\\\/secure.gravatar.com\\\/avatar\\\/6c5a5cb12b74e9d517ee91cf570335b7d16177f1977cc91db161adfa435945a7?s=96&d=mm&r=g\",\"caption\":\"favorite-news\"},\"url\":\"https:\\\/\\\/favorite-news.com\\\/pl\\\/author\\\/pt\\\/\"}]}<\/script>\n<!-- \/ Yoast SEO plugin. -->","yoast_head_json":{"title":"Jury Effie Europe 2019 Mirella Panek-Owsia\u0144ska Urszula Ucha\u0144ska Szymon Gutkowski Jaros\u0142aw Zi\u0119bi\u0144ski - Favorite News","robots":{"index":"index","follow":"follow","max-snippet":"max-snippet:-1","max-image-preview":"max-image-preview:large","max-video-preview":"max-video-preview:-1"},"canonical":"https:\/\/favorite-news.com\/pl\/jury-effie-europe-2019-mirella-panek-owsianska-urszula-uchanska-szymon-gutkowski-jaroslaw-ziebinski\/","og_locale":"pl_PL","og_type":"article","og_title":"Jury Effie Europe 2019 Mirella Panek-Owsia\u0144ska Urszula Ucha\u0144ska Szymon Gutkowski Jaros\u0142aw Zi\u0119bi\u0144ski - Favorite News","og_description":"Europejskie Stowarzyszenie Agencji Komunikacji (EACA) og\u0142osi\u0142o sk\u0142ad jury Effie Europe 2019, kategorii specjalnych &#8211; Marketing &amp; Business Solutions, Best of the Best, Positive Change, a tak\u017ce Grand Jury. Na listach znalaz\u0142o si\u0119 czterech przedstawicieli z Polski.&#13; &#13; W jury kategorii Marketing &amp; Business Solutions zasi\u0105dzie Szymon Gutkowski, managing director w agencji DDB Warszawa. Urszula Ucha\u0144ska, [&hellip;]","og_url":"https:\/\/favorite-news.com\/pl\/jury-effie-europe-2019-mirella-panek-owsianska-urszula-uchanska-szymon-gutkowski-jaroslaw-ziebinski\/","og_site_name":"Favorite News","article_published_time":"2019-09-10T13:31:30+00:00","article_modified_time":"2019-09-10T13:31:31+00:00","og_image":[{"width":655,"height":257,"url":"https:\/\/favorite-news.com\/pl\/wp-content\/uploads\/sites\/6\/2019\/06\/Effie-Awards-to-konkurs-rozwi\u0105za\u0144-kt\u00f3re-buduj\u0105-biznes.jpg","type":"image\/jpeg"}],"author":"favorite-news","twitter_card":"summary_large_image","twitter_misc":{"Napisane przez":"favorite-news","Szacowany czas czytania":"1 minuta"},"schema":{"@context":"https:\/\/schema.org","@graph":[{"@type":"Article","@id":"https:\/\/favorite-news.com\/pl\/jury-effie-europe-2019-mirella-panek-owsianska-urszula-uchanska-szymon-gutkowski-jaroslaw-ziebinski\/#article","isPartOf":{"@id":"https:\/\/favorite-news.com\/pl\/jury-effie-europe-2019-mirella-panek-owsianska-urszula-uchanska-szymon-gutkowski-jaroslaw-ziebinski\/"},"author":{"name":"favorite-news","@id":"https:\/\/favorite-news.com\/pl\/#\/schema\/person\/b91573b717dcfa5e4696032a9d28d3e8"},"headline":"Jury Effie Europe 2019 Mirella Panek-Owsia\u0144ska Urszula Ucha\u0144ska Szymon Gutkowski Jaros\u0142aw Zi\u0119bi\u0144ski","datePublished":"2019-09-10T13:31:30+00:00","dateModified":"2019-09-10T13:31:31+00:00","mainEntityOfPage":{"@id":"https:\/\/favorite-news.com\/pl\/jury-effie-europe-2019-mirella-panek-owsianska-urszula-uchanska-szymon-gutkowski-jaroslaw-ziebinski\/"},"wordCount":313,"commentCount":0,"image":{"@id":"https:\/\/favorite-news.com\/pl\/jury-effie-europe-2019-mirella-panek-owsianska-urszula-uchanska-szymon-gutkowski-jaroslaw-ziebinski\/#primaryimage"},"thumbnailUrl":"https:\/\/favorite-news.com\/pl\/wp-content\/uploads\/sites\/6\/2019\/06\/Effie-Awards-to-konkurs-rozwi\u0105za\u0144-kt\u00f3re-buduj\u0105-biznes.jpg","articleSection":["WIADOMO\u015aCI MARKETINGOWE INTERNETOWE"],"inLanguage":"pl-PL","potentialAction":[{"@type":"CommentAction","name":"Comment","target":["https:\/\/favorite-news.com\/pl\/jury-effie-europe-2019-mirella-panek-owsianska-urszula-uchanska-szymon-gutkowski-jaroslaw-ziebinski\/#respond"]}]},{"@type":"WebPage","@id":"https:\/\/favorite-news.com\/pl\/jury-effie-europe-2019-mirella-panek-owsianska-urszula-uchanska-szymon-gutkowski-jaroslaw-ziebinski\/","url":"https:\/\/favorite-news.com\/pl\/jury-effie-europe-2019-mirella-panek-owsianska-urszula-uchanska-szymon-gutkowski-jaroslaw-ziebinski\/","name":"Jury Effie Europe 2019 Mirella Panek-Owsia\u0144ska Urszula Ucha\u0144ska Szymon Gutkowski Jaros\u0142aw Zi\u0119bi\u0144ski - Favorite News","isPartOf":{"@id":"https:\/\/favorite-news.com\/pl\/#website"},"primaryImageOfPage":{"@id":"https:\/\/favorite-news.com\/pl\/jury-effie-europe-2019-mirella-panek-owsianska-urszula-uchanska-szymon-gutkowski-jaroslaw-ziebinski\/#primaryimage"},"image":{"@id":"https:\/\/favorite-news.com\/pl\/jury-effie-europe-2019-mirella-panek-owsianska-urszula-uchanska-szymon-gutkowski-jaroslaw-ziebinski\/#primaryimage"},"thumbnailUrl":"https:\/\/favorite-news.com\/pl\/wp-content\/uploads\/sites\/6\/2019\/06\/Effie-Awards-to-konkurs-rozwi\u0105za\u0144-kt\u00f3re-buduj\u0105-biznes.jpg","datePublished":"2019-09-10T13:31:30+00:00","dateModified":"2019-09-10T13:31:31+00:00","author":{"@id":"https:\/\/favorite-news.com\/pl\/#\/schema\/person\/b91573b717dcfa5e4696032a9d28d3e8"},"breadcrumb":{"@id":"https:\/\/favorite-news.com\/pl\/jury-effie-europe-2019-mirella-panek-owsianska-urszula-uchanska-szymon-gutkowski-jaroslaw-ziebinski\/#breadcrumb"},"inLanguage":"pl-PL","potentialAction":[{"@type":"ReadAction","target":["https:\/\/favorite-news.com\/pl\/jury-effie-europe-2019-mirella-panek-owsianska-urszula-uchanska-szymon-gutkowski-jaroslaw-ziebinski\/"]}]},{"@type":"ImageObject","inLanguage":"pl-PL","@id":"https:\/\/favorite-news.com\/pl\/jury-effie-europe-2019-mirella-panek-owsianska-urszula-uchanska-szymon-gutkowski-jaroslaw-ziebinski\/#primaryimage","url":"https:\/\/favorite-news.com\/pl\/wp-content\/uploads\/sites\/6\/2019\/06\/Effie-Awards-to-konkurs-rozwi\u0105za\u0144-kt\u00f3re-buduj\u0105-biznes.jpg","contentUrl":"https:\/\/favorite-news.com\/pl\/wp-content\/uploads\/sites\/6\/2019\/06\/Effie-Awards-to-konkurs-rozwi\u0105za\u0144-kt\u00f3re-buduj\u0105-biznes.jpg","width":655,"height":257,"caption":"Article"},{"@type":"BreadcrumbList","@id":"https:\/\/favorite-news.com\/pl\/jury-effie-europe-2019-mirella-panek-owsianska-urszula-uchanska-szymon-gutkowski-jaroslaw-ziebinski\/#breadcrumb","itemListElement":[{"@type":"ListItem","position":1,"name":"Home","item":"https:\/\/favorite-news.com\/pl\/"},{"@type":"ListItem","position":2,"name":"Jury Effie Europe 2019 Mirella Panek-Owsia\u0144ska Urszula Ucha\u0144ska Szymon Gutkowski Jaros\u0142aw Zi\u0119bi\u0144ski"}]},{"@type":"WebSite","@id":"https:\/\/favorite-news.com\/pl\/#website","url":"https:\/\/favorite-news.com\/pl\/","name":"Favorite News","description":"Favorite News Polska","potentialAction":[{"@type":"SearchAction","target":{"@type":"EntryPoint","urlTemplate":"https:\/\/favorite-news.com\/pl\/?s={search_term_string}"},"query-input":{"@type":"PropertyValueSpecification","valueRequired":true,"valueName":"search_term_string"}}],"inLanguage":"pl-PL"},{"@type":"Person","@id":"https:\/\/favorite-news.com\/pl\/#\/schema\/person\/b91573b717dcfa5e4696032a9d28d3e8","name":"favorite-news","image":{"@type":"ImageObject","inLanguage":"pl-PL","@id":"https:\/\/secure.gravatar.com\/avatar\/6c5a5cb12b74e9d517ee91cf570335b7d16177f1977cc91db161adfa435945a7?s=96&d=mm&r=g","url":"https:\/\/secure.gravatar.com\/avatar\/6c5a5cb12b74e9d517ee91cf570335b7d16177f1977cc91db161adfa435945a7?s=96&d=mm&r=g","contentUrl":"https:\/\/secure.gravatar.com\/avatar\/6c5a5cb12b74e9d517ee91cf570335b7d16177f1977cc91db161adfa435945a7?s=96&d=mm&r=g","caption":"favorite-news"},"url":"https:\/\/favorite-news.com\/pl\/author\/pt\/"}]}},"_links":{"self":[{"href":"https:\/\/favorite-news.com\/pl\/wp-json\/wp\/v2\/posts\/4356","targetHints":{"allow":["GET"]}}],"collection":[{"href":"https:\/\/favorite-news.com\/pl\/wp-json\/wp\/v2\/posts"}],"about":[{"href":"https:\/\/favorite-news.com\/pl\/wp-json\/wp\/v2\/types\/post"}],"author":[{"embeddable":true,"href":"https:\/\/favorite-news.com\/pl\/wp-json\/wp\/v2\/users\/2"}],"replies":[{"embeddable":true,"href":"https:\/\/favorite-news.com\/pl\/wp-json\/wp\/v2\/comments?post=4356"}],"version-history":[{"count":1,"href":"https:\/\/favorite-news.com\/pl\/wp-json\/wp\/v2\/posts\/4356\/revisions"}],"predecessor-version":[{"id":4357,"href":"https:\/\/favorite-news.com\/pl\/wp-json\/wp\/v2\/posts\/4356\/revisions\/4357"}],"wp:featuredmedia":[{"embeddable":true,"href":"https:\/\/favorite-news.com\/pl\/wp-json\/wp\/v2\/media\/1615"}],"wp:attachment":[{"href":"https:\/\/favorite-news.com\/pl\/wp-json\/wp\/v2\/media?parent=4356"}],"wp:term":[{"taxonomy":"category","embeddable":true,"href":"https:\/\/favorite-news.com\/pl\/wp-json\/wp\/v2\/categories?post=4356"},{"taxonomy":"post_tag","embeddable":true,"href":"https:\/\/favorite-news.com\/pl\/wp-json\/wp\/v2\/tags?post=4356"}],"curies":[{"name":"wp","href":"https:\/\/api.w.org\/{rel}","templated":true}]}}