{"id":4353,"date":"2019-09-10T15:10:27","date_gmt":"2019-09-10T12:10:27","guid":{"rendered":"https:\/\/favorite-news.com\/pl\/icp-group-upadlosc-ogloszona-przez-sad-wierzyciele-maja-miesiac-na-zgloszenie-roszczen\/"},"modified":"2019-09-10T15:10:28","modified_gmt":"2019-09-10T12:10:28","slug":"icp-group-upadlosc-ogloszona-przez-sad-wierzyciele-maja-miesiac-na-zgloszenie-roszczen","status":"publish","type":"post","link":"https:\/\/favorite-news.com\/pl\/icp-group-upadlosc-ogloszona-przez-sad-wierzyciele-maja-miesiac-na-zgloszenie-roszczen\/","title":{"rendered":"ICP Group upad\u0142o\u015b\u0107 og\u0142oszona przez s\u0105d, wierzyciele maj\u0105 miesi\u0105c na zg\u0142oszenie roszcze\u0144"},"content":{"rendered":"<p>W komunikacie gie\u0142dowym ICP Group podano, \u017ce decyzja o upad\u0142o\u015bci sp\u00f3\u0142ki zosta\u0142a podj\u0119ta w miniony wtorek przez XIX wydzia\u0142 gospodarczy ds. spraw upad\u0142o\u015bciowych i restrukturyzacyjnych S\u0105du Rejonowego dla m.st. Warszawy.&#13;<br \/>\n&#13;<br \/>\nJednocze\u015bnie s\u0105d wezwa\u0142, \u017ceby w ci\u0105gu 30 dni od publikacji tego postanowienia Monitorze S\u0105dowym i Gospodarczym wierzyciele sp\u00f3\u0142ki zg\u0142osili swoje wierzytelno\u015bci, a osoby, kt\u00f3rym przys\u0142uguj\u0105 prawa oraz prawa i roszczenia osobiste ci\u0105\u017c\u0105ce na nieruchomo\u015bciach nale\u017c\u0105cych do d\u0142u\u017cnika, nieujawnione wpis w ksi\u0119dze wieczystej &#8211; zg\u0142osili te prawa.&#13;<br \/>\n&#13;<br \/>\nNa syndyka masy upad\u0142o\u015bciowej sp\u00f3\u0142ki zosta\u0142 wyznaczony Marcin Piech, na s\u0119dziego komisarza &#8211; Piotr K\u0119dzierski, a na jego zast\u0119pc\u0119 &#8211; Kamila Wasilewska (oboje pracuj\u0105 w S\u0105dzie Rejonowym dla m. st. Warszawy). Post\u0119powanie upad\u0142o\u015bciowe jest prowadzone pod sygnatur\u0105 akt XIX GUp 1193\/19.&#13;<br \/>\n&#13;<br \/>\nICP Group od dw\u00f3ch lat z du\u017cym spadkiem wp\u0142yw\u00f3w i stratami&#13;<br \/>\n&#13;<br \/>\nWnioski o upad\u0142o\u015b\u0107 ICP Group i jej sp\u00f3\u0142ka zale\u017cna Concept Publishing Polska z\u0142o\u017cy\u0142y pod koniec maja, nie uzasadnia\u0142y wtedy tej decyzji. Pierwsza firma zajmowa\u0142a si\u0119 us\u0142ugami z zakresu MICE, takimi jak wyjazdy i imprezy motywacyjne, konferencje i wystawy, a druga &#8211; dzia\u0142aniami content marketingowymi.&#13;<br \/>\n&#13;<br \/>\nICP Group jesieni\u0105 2012 roku pojawi\u0142a si\u0119 na NewConnect &#8211; bocznym rynku warszawskiej gie\u0142dy. Do 2017 roku jej przychody wyra\u017anie ros\u0142y: z 11,1 mln z\u0142 w 2009 roku, 21,4 mln z\u0142 w 2012 roku, a\u017c do 39,1 mln z\u0142 w 2016 roku. Firma osi\u0105ga\u0142a wtedy po kilkaset tys. z\u0142 zysku rocznie, najwi\u0119cej &#8211; 734 tys. z\u0142 &#8211; w 2011 roku (wszystkie dane s\u0105 w uj\u0119ciu skonsolidowanym, czyli uwzgl\u0119dniaj\u0105 te\u017c Concept Publishing Polska).&#13;<br \/>\n&#13;<br \/>\nRentowno\u015b\u0107 za\u0142ama\u0142a si\u0119 w po\u0142owie 2017 roku &#8211; w trzecim kwartale sp\u00f3\u0142ka mia\u0142a 440 tys. z\u0142 straty netto, a w czwartym kwartale 707 tys. z\u0142. W ub.r. mocno zmala\u0142y te\u017c przychody (z 38,5 do 26 mln z\u0142), a strata netto wynios\u0142a 2,51 mln z\u0142.&#13;<br \/>\n&#13;<br \/>\nWyniki jeszcze bardziej pogorszy\u0142y si\u0119 w br. W pierwszym kwartale wp\u0142ywy zmniejszy\u0142y si\u0119 w skali roku z 9,79 do 2 mln z\u0142, a wynik netto &#8211; ze 107,9 tys. z\u0142 zysku do 1,24 mln z\u0142 straty. W po\u0142owie maja w sprawozdaniu kwartalnym firma stwierdzi\u0142a, \u017ce \u201ekoncentrowa\u0142a si\u0119 przede wszystkim na restrukturyzacji sp\u00f3\u0142ek, ograniczeniu koszt\u00f3w dzia\u0142alno\u015bci w zwi\u0105zku ze znacznym spadkiem przychod\u00f3w oraz ograniczeniu dzia\u0142alno\u015bci operacyjnej\u201d.&#13;<br \/>\n&#13;<br \/>\nW drugim kwartale br. sp\u00f3\u0142ka zanotowa\u0142a 1,34 mln z\u0142 wp\u0142yw\u00f3w ze sprzeda\u017cy i 626 tys. z\u0142 straty netto. Zwolni\u0142a prawie wszystkich pracownik\u00f3w.&#13;<br \/>\n&#13;<br \/>\nWskutek tych strat i wi\u0119kszego zad\u0142u\u017cenia w minionym roku kapita\u0142 w\u0142asny firmy spad\u0142 z 1,65 mln w po\u0142owie ub.r. do -2,14 mln z\u0142 na koniec czerwca br. Podskoczy\u0142y natomiast jej zobowi\u0105zania kr\u00f3tkoterminowe &#8211; z 3,75 do 4,71 mln z\u0142. Ich zdecydowan\u0105 wi\u0119kszo\u015b\u0107 stanowi\u0105 kredyty i po\u017cyczki, kt\u00f3rych warto\u015b\u0107 wzros\u0142a z 2,39 do 4,1 mln z\u0142.&#13;<br \/>\n&#13;<br \/>\nPrezes wini by\u0142ych pracownik\u00f3w&#13;<br \/>\n&#13;<br \/>\nW drugiej po\u0142owie lipca Krzysztof Michniewicz, prezes i wi\u0119kszo\u015bciowy akcjonariusz ICP Group, w li\u015bcie do inwestor\u00f3w wyja\u015bnia\u0142, z czego wed\u0142ug niego wynika upad\u0142o\u015b\u0107 firmy. &#8211; G\u0142\u00f3wnym \u017ar\u00f3d\u0142em problem\u00f3w, kt\u00f3re doprowadzi\u0142y do wyst\u0105pienia sytuacji finansowej, w kt\u00f3rej zarz\u0105d by\u0142 zmuszony do podj\u0119cia takiej decyzji, by\u0142 odp\u0142yw pracownik\u00f3w wraz z klientami. Z obserwacji rynku wynika, \u017ce na tej bazie byli pracownicy i wsp\u00f3\u0142pracownicy ICP Group utworzyli kilka firm &#8211; napisa\u0142 Michniewicz. Zaznaczy\u0142, \u017ce nast\u0105pi\u0142o to w okresie, kiedy jego firma realizowa\u0142a spore inwestycje, m.in. zatrudni\u0142a mened\u017cer\u00f3w z do\u015bwiadczeniem korporacyjnym i przenios\u0142a si\u0119 do nowego, wi\u0119kszego biura.&#13;<br \/>\n&#13;<br \/>\n&#8211; Badaj\u0105c przyczyny gwa\u0142townego odp\u0142ywu klient\u00f3w, sp\u00f3\u0142ka nabra\u0142a uzasadnionych podejrze\u0144 co do przest\u0119pczego charakteru dzia\u0142a\u0144 niekt\u00f3rych os\u00f3b, polegaj\u0105cego na kradzie\u017cy ze sp\u00f3\u0142ki danych o klientach i przetargach, w zwi\u0105zku z czym z\u0142o\u017cy\u0142a w tej sprawie doniesienie do prokuratury oraz Generalnego Inspektora Ochrony Danych Osobowych, sprawa jest w trakcie procesowania &#8211; poinformowa\u0142 Michniewicz.&#13;<br \/>\n&#13;<br \/>\n&#8211; Niestety spadek przychod\u00f3w by\u0142 zbyt szybki i nie uda\u0142o si\u0119 na tyle ograniczy\u0107 koszt\u00f3w, by utrzyma\u0107 wyp\u0142acalno\u015b\u0107 przy tak du\u017cych zasobach oraz obszarze zaanga\u017cowania sp\u00f3\u0142ki. Dzia\u0142alno\u015b\u0107 sp\u00f3\u0142ki jest kontynuowana w niewielkim zakresie &#8211; przyzna\u0142 prezes ICP Group.&#13;<br \/>\n&#13;<br \/>\nZ tak\u0105 interpretacj\u0105 nie zgodzi\u0142 si\u0119 Tomasz Hilt, mened\u017cer od wielu lat pracuj\u0105cy w bran\u017cy reklamowej, kt\u00f3ry w 2017 roku na kr\u00f3tko by\u0142 dyrektorem zarz\u0105dzaj\u0105cym ICP Group. &#8211; Na miejscu zarz\u0105du zachowa\u0142bym umiar w ocenach przyczyn, z co najmniej dw\u00f3ch powod\u00f3w. Po pierwsze: zwyci\u0119stwa konsumuje si\u0119 solidarnie. Kl\u0119ska obci\u0105\u017ca zarz\u0105dzaj\u0105cych. Po drugie: po\u0142owa wielkich brand\u00f3w agencyjnych, dzi\u015b znanych w skali globalnej, wzi\u0119\u0142a sw\u00f3j pocz\u0105tek z tego, \u017ce klient, delikatnie rzecz ujmuj\u0105c, przenosi\u0142 swoje zaufanie do nowej firmy wraz z przenosz\u0105cym si\u0119 do niej obs\u0142uguj\u0105cym go zespo\u0142em. To norma &#8211; oceni\u0142 Hilt w komentarzu dla Wirtualnemedia.pl.&#13;<br \/>\n&#13;<br \/>\nGroszowa wycena ICP Group&#13;<br \/>\n&#13;<br \/>\nOd wiosny 2013 do pocz\u0105tku 2015 roku kurs gie\u0142dowy ICP Group utrzymywa\u0142 si\u0119 w okolicach 4,5 z\u0142, potem zmala\u0142 do ok. 3,4 z\u0142. Natomiast po\u0142owie ub.r. polecia\u0142 w d\u00f3\u0142 na poziom 20-30 groszy.&#13;<br \/>\n&#13;<br \/>\nKolejne spadki nast\u0105pi\u0142y po z\u0142o\u017ceniu wniosk\u00f3w o upad\u0142o\u015b\u0107, od ko\u0144c\u00f3wki lipca za akcj\u0119 sp\u00f3\u0142ki p\u0142acono 8-9 groszy. Obroty na jej walorach by\u0142y znikome, ostatnie jak na razie transakcje przeprowadzono w poniedzia\u0142ek w zesz\u0142ym tygodniu.&#13;<br \/>\n&#13;<br \/>\nWe wtorek po og\u0142oszeniu decyzji s\u0105du w sprawie upad\u0142o\u015bci teoretyczny kurs otwarcia sp\u00f3\u0142ki to zaledwie 2 grosze. Przy kursie wynosz\u0105cym 8 groszy jej kapitalizacja wynosi 427 tys. z\u0142.&#13;<br \/>\n&#13;<br \/>\nDo Krzysztofa Michniewicza nale\u017c\u0105 akcje stanowi\u0105ce 74,94 proc. kapita\u0142u ICP Group. Natomiast sp\u00f3\u0142ka Ranaz Investments Limited jest w\u0142a\u015bcicielem 20,97 proc.&#13;<br \/>\n&#13;<br \/>\n&#13;<br \/>\n                            &#13;<br \/>\n&#13;<br \/>\n                            &#13;<br \/>\n&#13;<br \/>\n&#13;<br \/>\n&#13;<br \/>\n&#13;<br \/>\n&#13;<br \/>\n                            &#13;<br \/>\n                                                            &#13;<br \/>\n&#13;<br \/>\n                            &#13;<\/p>\n<p>\n<!--noindex--><br \/>\n<a href=\"https:\/\/www.wirtualnemedia.pl\/artykul\/icp-group-upadlosc-ogloszona-przez-sad-wierzyciele-maja-miesiac-na-zgloszenie-roszczen\" rel=\"nofollow\">Source link <\/a><br \/>\n<!--\/noindex--><\/p>\n","protected":false},"excerpt":{"rendered":"<p>W komunikacie gie\u0142dowym ICP Group podano, \u017ce decyzja o upad\u0142o\u015bci sp\u00f3\u0142ki zosta\u0142a podj\u0119ta w miniony wtorek przez XIX wydzia\u0142 gospodarczy ds. spraw upad\u0142o\u015bciowych i restrukturyzacyjnych S\u0105du Rejonowego dla m.st. Warszawy.&#13; &#13; Jednocze\u015bnie s\u0105d wezwa\u0142, \u017ceby w ci\u0105gu 30 dni od publikacji tego postanowienia Monitorze S\u0105dowym i Gospodarczym wierzyciele sp\u00f3\u0142ki zg\u0142osili swoje wierzytelno\u015bci, a osoby, kt\u00f3rym [&hellip;]<\/p>\n","protected":false},"author":2,"featured_media":4354,"comment_status":"open","ping_status":"open","sticky":false,"template":"","format":"standard","meta":{"footnotes":""},"categories":[2],"tags":[],"class_list":["post-4353","post","type-post","status-publish","format-standard","has-post-thumbnail","hentry","category-wiadomosci-marketingowe-internetowe"],"yoast_head":"<!-- This site is optimized with the Yoast SEO plugin v27.4 - https:\/\/yoast.com\/product\/yoast-seo-wordpress\/ -->\n<title>ICP Group upad\u0142o\u015b\u0107 og\u0142oszona przez s\u0105d, wierzyciele maj\u0105 miesi\u0105c na zg\u0142oszenie roszcze\u0144 - Favorite News<\/title>\n<meta name=\"robots\" content=\"index, follow, max-snippet:-1, max-image-preview:large, max-video-preview:-1\" \/>\n<link rel=\"canonical\" href=\"https:\/\/favorite-news.com\/pl\/icp-group-upadlosc-ogloszona-przez-sad-wierzyciele-maja-miesiac-na-zgloszenie-roszczen\/\" \/>\n<meta property=\"og:locale\" content=\"pl_PL\" \/>\n<meta property=\"og:type\" content=\"article\" \/>\n<meta property=\"og:title\" content=\"ICP Group upad\u0142o\u015b\u0107 og\u0142oszona przez s\u0105d, wierzyciele maj\u0105 miesi\u0105c na zg\u0142oszenie roszcze\u0144 - Favorite News\" \/>\n<meta property=\"og:description\" content=\"W komunikacie gie\u0142dowym ICP Group podano, \u017ce decyzja o upad\u0142o\u015bci sp\u00f3\u0142ki zosta\u0142a podj\u0119ta w miniony wtorek przez XIX wydzia\u0142 gospodarczy ds. spraw upad\u0142o\u015bciowych i restrukturyzacyjnych S\u0105du Rejonowego dla m.st. Warszawy.&#013; &#013; Jednocze\u015bnie s\u0105d wezwa\u0142, \u017ceby w ci\u0105gu 30 dni od publikacji tego postanowienia Monitorze S\u0105dowym i Gospodarczym wierzyciele sp\u00f3\u0142ki zg\u0142osili swoje wierzytelno\u015bci, a osoby, kt\u00f3rym [&hellip;]\" \/>\n<meta property=\"og:url\" content=\"https:\/\/favorite-news.com\/pl\/icp-group-upadlosc-ogloszona-przez-sad-wierzyciele-maja-miesiac-na-zgloszenie-roszczen\/\" \/>\n<meta property=\"og:site_name\" content=\"Favorite News\" \/>\n<meta property=\"article:published_time\" content=\"2019-09-10T12:10:27+00:00\" \/>\n<meta property=\"article:modified_time\" content=\"2019-09-10T12:10:28+00:00\" \/>\n<meta property=\"og:image\" content=\"https:\/\/favorite-news.com\/pl\/wp-content\/uploads\/sites\/6\/2019\/09\/ICP-Group-upad\u0142o\u015b\u0107-og\u0142oszona-przez-s\u0105d-wierzyciele-maj\u0105-miesi\u0105c-na.png\" \/>\n\t<meta property=\"og:image:width\" content=\"655\" \/>\n\t<meta property=\"og:image:height\" content=\"526\" \/>\n\t<meta property=\"og:image:type\" content=\"image\/png\" \/>\n<meta name=\"author\" content=\"favorite-news\" \/>\n<meta name=\"twitter:card\" content=\"summary_large_image\" \/>\n<meta name=\"twitter:label1\" content=\"Napisane przez\" \/>\n\t<meta name=\"twitter:data1\" content=\"favorite-news\" \/>\n\t<meta name=\"twitter:label2\" content=\"Szacowany czas czytania\" \/>\n\t<meta name=\"twitter:data2\" content=\"5 minut\" \/>\n<script type=\"application\/ld+json\" class=\"yoast-schema-graph\">{\"@context\":\"https:\\\/\\\/schema.org\",\"@graph\":[{\"@type\":\"Article\",\"@id\":\"https:\\\/\\\/favorite-news.com\\\/pl\\\/icp-group-upadlosc-ogloszona-przez-sad-wierzyciele-maja-miesiac-na-zgloszenie-roszczen\\\/#article\",\"isPartOf\":{\"@id\":\"https:\\\/\\\/favorite-news.com\\\/pl\\\/icp-group-upadlosc-ogloszona-przez-sad-wierzyciele-maja-miesiac-na-zgloszenie-roszczen\\\/\"},\"author\":{\"name\":\"favorite-news\",\"@id\":\"https:\\\/\\\/favorite-news.com\\\/pl\\\/#\\\/schema\\\/person\\\/b91573b717dcfa5e4696032a9d28d3e8\"},\"headline\":\"ICP Group upad\u0142o\u015b\u0107 og\u0142oszona przez s\u0105d, wierzyciele maj\u0105 miesi\u0105c na zg\u0142oszenie roszcze\u0144\",\"datePublished\":\"2019-09-10T12:10:27+00:00\",\"dateModified\":\"2019-09-10T12:10:28+00:00\",\"mainEntityOfPage\":{\"@id\":\"https:\\\/\\\/favorite-news.com\\\/pl\\\/icp-group-upadlosc-ogloszona-przez-sad-wierzyciele-maja-miesiac-na-zgloszenie-roszczen\\\/\"},\"wordCount\":1027,\"commentCount\":0,\"image\":{\"@id\":\"https:\\\/\\\/favorite-news.com\\\/pl\\\/icp-group-upadlosc-ogloszona-przez-sad-wierzyciele-maja-miesiac-na-zgloszenie-roszczen\\\/#primaryimage\"},\"thumbnailUrl\":\"https:\\\/\\\/favorite-news.com\\\/pl\\\/wp-content\\\/uploads\\\/sites\\\/6\\\/2019\\\/09\\\/ICP-Group-upad\u0142o\u015b\u0107-og\u0142oszona-przez-s\u0105d-wierzyciele-maj\u0105-miesi\u0105c-na.png\",\"articleSection\":[\"WIADOMO\u015aCI MARKETINGOWE INTERNETOWE\"],\"inLanguage\":\"pl-PL\",\"potentialAction\":[{\"@type\":\"CommentAction\",\"name\":\"Comment\",\"target\":[\"https:\\\/\\\/favorite-news.com\\\/pl\\\/icp-group-upadlosc-ogloszona-przez-sad-wierzyciele-maja-miesiac-na-zgloszenie-roszczen\\\/#respond\"]}]},{\"@type\":\"WebPage\",\"@id\":\"https:\\\/\\\/favorite-news.com\\\/pl\\\/icp-group-upadlosc-ogloszona-przez-sad-wierzyciele-maja-miesiac-na-zgloszenie-roszczen\\\/\",\"url\":\"https:\\\/\\\/favorite-news.com\\\/pl\\\/icp-group-upadlosc-ogloszona-przez-sad-wierzyciele-maja-miesiac-na-zgloszenie-roszczen\\\/\",\"name\":\"ICP Group upad\u0142o\u015b\u0107 og\u0142oszona przez s\u0105d, wierzyciele maj\u0105 miesi\u0105c na zg\u0142oszenie roszcze\u0144 - Favorite News\",\"isPartOf\":{\"@id\":\"https:\\\/\\\/favorite-news.com\\\/pl\\\/#website\"},\"primaryImageOfPage\":{\"@id\":\"https:\\\/\\\/favorite-news.com\\\/pl\\\/icp-group-upadlosc-ogloszona-przez-sad-wierzyciele-maja-miesiac-na-zgloszenie-roszczen\\\/#primaryimage\"},\"image\":{\"@id\":\"https:\\\/\\\/favorite-news.com\\\/pl\\\/icp-group-upadlosc-ogloszona-przez-sad-wierzyciele-maja-miesiac-na-zgloszenie-roszczen\\\/#primaryimage\"},\"thumbnailUrl\":\"https:\\\/\\\/favorite-news.com\\\/pl\\\/wp-content\\\/uploads\\\/sites\\\/6\\\/2019\\\/09\\\/ICP-Group-upad\u0142o\u015b\u0107-og\u0142oszona-przez-s\u0105d-wierzyciele-maj\u0105-miesi\u0105c-na.png\",\"datePublished\":\"2019-09-10T12:10:27+00:00\",\"dateModified\":\"2019-09-10T12:10:28+00:00\",\"author\":{\"@id\":\"https:\\\/\\\/favorite-news.com\\\/pl\\\/#\\\/schema\\\/person\\\/b91573b717dcfa5e4696032a9d28d3e8\"},\"breadcrumb\":{\"@id\":\"https:\\\/\\\/favorite-news.com\\\/pl\\\/icp-group-upadlosc-ogloszona-przez-sad-wierzyciele-maja-miesiac-na-zgloszenie-roszczen\\\/#breadcrumb\"},\"inLanguage\":\"pl-PL\",\"potentialAction\":[{\"@type\":\"ReadAction\",\"target\":[\"https:\\\/\\\/favorite-news.com\\\/pl\\\/icp-group-upadlosc-ogloszona-przez-sad-wierzyciele-maja-miesiac-na-zgloszenie-roszczen\\\/\"]}]},{\"@type\":\"ImageObject\",\"inLanguage\":\"pl-PL\",\"@id\":\"https:\\\/\\\/favorite-news.com\\\/pl\\\/icp-group-upadlosc-ogloszona-przez-sad-wierzyciele-maja-miesiac-na-zgloszenie-roszczen\\\/#primaryimage\",\"url\":\"https:\\\/\\\/favorite-news.com\\\/pl\\\/wp-content\\\/uploads\\\/sites\\\/6\\\/2019\\\/09\\\/ICP-Group-upad\u0142o\u015b\u0107-og\u0142oszona-przez-s\u0105d-wierzyciele-maj\u0105-miesi\u0105c-na.png\",\"contentUrl\":\"https:\\\/\\\/favorite-news.com\\\/pl\\\/wp-content\\\/uploads\\\/sites\\\/6\\\/2019\\\/09\\\/ICP-Group-upad\u0142o\u015b\u0107-og\u0142oszona-przez-s\u0105d-wierzyciele-maj\u0105-miesi\u0105c-na.png\",\"width\":655,\"height\":526,\"caption\":\"Article\"},{\"@type\":\"BreadcrumbList\",\"@id\":\"https:\\\/\\\/favorite-news.com\\\/pl\\\/icp-group-upadlosc-ogloszona-przez-sad-wierzyciele-maja-miesiac-na-zgloszenie-roszczen\\\/#breadcrumb\",\"itemListElement\":[{\"@type\":\"ListItem\",\"position\":1,\"name\":\"Home\",\"item\":\"https:\\\/\\\/favorite-news.com\\\/pl\\\/\"},{\"@type\":\"ListItem\",\"position\":2,\"name\":\"ICP Group upad\u0142o\u015b\u0107 og\u0142oszona przez s\u0105d, wierzyciele maj\u0105 miesi\u0105c na zg\u0142oszenie roszcze\u0144\"}]},{\"@type\":\"WebSite\",\"@id\":\"https:\\\/\\\/favorite-news.com\\\/pl\\\/#website\",\"url\":\"https:\\\/\\\/favorite-news.com\\\/pl\\\/\",\"name\":\"Favorite News\",\"description\":\"Favorite News Polska\",\"potentialAction\":[{\"@type\":\"SearchAction\",\"target\":{\"@type\":\"EntryPoint\",\"urlTemplate\":\"https:\\\/\\\/favorite-news.com\\\/pl\\\/?s={search_term_string}\"},\"query-input\":{\"@type\":\"PropertyValueSpecification\",\"valueRequired\":true,\"valueName\":\"search_term_string\"}}],\"inLanguage\":\"pl-PL\"},{\"@type\":\"Person\",\"@id\":\"https:\\\/\\\/favorite-news.com\\\/pl\\\/#\\\/schema\\\/person\\\/b91573b717dcfa5e4696032a9d28d3e8\",\"name\":\"favorite-news\",\"image\":{\"@type\":\"ImageObject\",\"inLanguage\":\"pl-PL\",\"@id\":\"https:\\\/\\\/secure.gravatar.com\\\/avatar\\\/6c5a5cb12b74e9d517ee91cf570335b7d16177f1977cc91db161adfa435945a7?s=96&d=mm&r=g\",\"url\":\"https:\\\/\\\/secure.gravatar.com\\\/avatar\\\/6c5a5cb12b74e9d517ee91cf570335b7d16177f1977cc91db161adfa435945a7?s=96&d=mm&r=g\",\"contentUrl\":\"https:\\\/\\\/secure.gravatar.com\\\/avatar\\\/6c5a5cb12b74e9d517ee91cf570335b7d16177f1977cc91db161adfa435945a7?s=96&d=mm&r=g\",\"caption\":\"favorite-news\"},\"url\":\"https:\\\/\\\/favorite-news.com\\\/pl\\\/author\\\/pt\\\/\"}]}<\/script>\n<!-- \/ Yoast SEO plugin. -->","yoast_head_json":{"title":"ICP Group upad\u0142o\u015b\u0107 og\u0142oszona przez s\u0105d, wierzyciele maj\u0105 miesi\u0105c na zg\u0142oszenie roszcze\u0144 - Favorite News","robots":{"index":"index","follow":"follow","max-snippet":"max-snippet:-1","max-image-preview":"max-image-preview:large","max-video-preview":"max-video-preview:-1"},"canonical":"https:\/\/favorite-news.com\/pl\/icp-group-upadlosc-ogloszona-przez-sad-wierzyciele-maja-miesiac-na-zgloszenie-roszczen\/","og_locale":"pl_PL","og_type":"article","og_title":"ICP Group upad\u0142o\u015b\u0107 og\u0142oszona przez s\u0105d, wierzyciele maj\u0105 miesi\u0105c na zg\u0142oszenie roszcze\u0144 - Favorite News","og_description":"W komunikacie gie\u0142dowym ICP Group podano, \u017ce decyzja o upad\u0142o\u015bci sp\u00f3\u0142ki zosta\u0142a podj\u0119ta w miniony wtorek przez XIX wydzia\u0142 gospodarczy ds. spraw upad\u0142o\u015bciowych i restrukturyzacyjnych S\u0105du Rejonowego dla m.st. Warszawy.&#13; &#13; Jednocze\u015bnie s\u0105d wezwa\u0142, \u017ceby w ci\u0105gu 30 dni od publikacji tego postanowienia Monitorze S\u0105dowym i Gospodarczym wierzyciele sp\u00f3\u0142ki zg\u0142osili swoje wierzytelno\u015bci, a osoby, kt\u00f3rym [&hellip;]","og_url":"https:\/\/favorite-news.com\/pl\/icp-group-upadlosc-ogloszona-przez-sad-wierzyciele-maja-miesiac-na-zgloszenie-roszczen\/","og_site_name":"Favorite News","article_published_time":"2019-09-10T12:10:27+00:00","article_modified_time":"2019-09-10T12:10:28+00:00","og_image":[{"width":655,"height":526,"url":"https:\/\/favorite-news.com\/pl\/wp-content\/uploads\/sites\/6\/2019\/09\/ICP-Group-upad\u0142o\u015b\u0107-og\u0142oszona-przez-s\u0105d-wierzyciele-maj\u0105-miesi\u0105c-na.png","type":"image\/png"}],"author":"favorite-news","twitter_card":"summary_large_image","twitter_misc":{"Napisane przez":"favorite-news","Szacowany czas czytania":"5 minut"},"schema":{"@context":"https:\/\/schema.org","@graph":[{"@type":"Article","@id":"https:\/\/favorite-news.com\/pl\/icp-group-upadlosc-ogloszona-przez-sad-wierzyciele-maja-miesiac-na-zgloszenie-roszczen\/#article","isPartOf":{"@id":"https:\/\/favorite-news.com\/pl\/icp-group-upadlosc-ogloszona-przez-sad-wierzyciele-maja-miesiac-na-zgloszenie-roszczen\/"},"author":{"name":"favorite-news","@id":"https:\/\/favorite-news.com\/pl\/#\/schema\/person\/b91573b717dcfa5e4696032a9d28d3e8"},"headline":"ICP Group upad\u0142o\u015b\u0107 og\u0142oszona przez s\u0105d, wierzyciele maj\u0105 miesi\u0105c na zg\u0142oszenie roszcze\u0144","datePublished":"2019-09-10T12:10:27+00:00","dateModified":"2019-09-10T12:10:28+00:00","mainEntityOfPage":{"@id":"https:\/\/favorite-news.com\/pl\/icp-group-upadlosc-ogloszona-przez-sad-wierzyciele-maja-miesiac-na-zgloszenie-roszczen\/"},"wordCount":1027,"commentCount":0,"image":{"@id":"https:\/\/favorite-news.com\/pl\/icp-group-upadlosc-ogloszona-przez-sad-wierzyciele-maja-miesiac-na-zgloszenie-roszczen\/#primaryimage"},"thumbnailUrl":"https:\/\/favorite-news.com\/pl\/wp-content\/uploads\/sites\/6\/2019\/09\/ICP-Group-upad\u0142o\u015b\u0107-og\u0142oszona-przez-s\u0105d-wierzyciele-maj\u0105-miesi\u0105c-na.png","articleSection":["WIADOMO\u015aCI MARKETINGOWE INTERNETOWE"],"inLanguage":"pl-PL","potentialAction":[{"@type":"CommentAction","name":"Comment","target":["https:\/\/favorite-news.com\/pl\/icp-group-upadlosc-ogloszona-przez-sad-wierzyciele-maja-miesiac-na-zgloszenie-roszczen\/#respond"]}]},{"@type":"WebPage","@id":"https:\/\/favorite-news.com\/pl\/icp-group-upadlosc-ogloszona-przez-sad-wierzyciele-maja-miesiac-na-zgloszenie-roszczen\/","url":"https:\/\/favorite-news.com\/pl\/icp-group-upadlosc-ogloszona-przez-sad-wierzyciele-maja-miesiac-na-zgloszenie-roszczen\/","name":"ICP Group upad\u0142o\u015b\u0107 og\u0142oszona przez s\u0105d, wierzyciele maj\u0105 miesi\u0105c na zg\u0142oszenie roszcze\u0144 - Favorite News","isPartOf":{"@id":"https:\/\/favorite-news.com\/pl\/#website"},"primaryImageOfPage":{"@id":"https:\/\/favorite-news.com\/pl\/icp-group-upadlosc-ogloszona-przez-sad-wierzyciele-maja-miesiac-na-zgloszenie-roszczen\/#primaryimage"},"image":{"@id":"https:\/\/favorite-news.com\/pl\/icp-group-upadlosc-ogloszona-przez-sad-wierzyciele-maja-miesiac-na-zgloszenie-roszczen\/#primaryimage"},"thumbnailUrl":"https:\/\/favorite-news.com\/pl\/wp-content\/uploads\/sites\/6\/2019\/09\/ICP-Group-upad\u0142o\u015b\u0107-og\u0142oszona-przez-s\u0105d-wierzyciele-maj\u0105-miesi\u0105c-na.png","datePublished":"2019-09-10T12:10:27+00:00","dateModified":"2019-09-10T12:10:28+00:00","author":{"@id":"https:\/\/favorite-news.com\/pl\/#\/schema\/person\/b91573b717dcfa5e4696032a9d28d3e8"},"breadcrumb":{"@id":"https:\/\/favorite-news.com\/pl\/icp-group-upadlosc-ogloszona-przez-sad-wierzyciele-maja-miesiac-na-zgloszenie-roszczen\/#breadcrumb"},"inLanguage":"pl-PL","potentialAction":[{"@type":"ReadAction","target":["https:\/\/favorite-news.com\/pl\/icp-group-upadlosc-ogloszona-przez-sad-wierzyciele-maja-miesiac-na-zgloszenie-roszczen\/"]}]},{"@type":"ImageObject","inLanguage":"pl-PL","@id":"https:\/\/favorite-news.com\/pl\/icp-group-upadlosc-ogloszona-przez-sad-wierzyciele-maja-miesiac-na-zgloszenie-roszczen\/#primaryimage","url":"https:\/\/favorite-news.com\/pl\/wp-content\/uploads\/sites\/6\/2019\/09\/ICP-Group-upad\u0142o\u015b\u0107-og\u0142oszona-przez-s\u0105d-wierzyciele-maj\u0105-miesi\u0105c-na.png","contentUrl":"https:\/\/favorite-news.com\/pl\/wp-content\/uploads\/sites\/6\/2019\/09\/ICP-Group-upad\u0142o\u015b\u0107-og\u0142oszona-przez-s\u0105d-wierzyciele-maj\u0105-miesi\u0105c-na.png","width":655,"height":526,"caption":"Article"},{"@type":"BreadcrumbList","@id":"https:\/\/favorite-news.com\/pl\/icp-group-upadlosc-ogloszona-przez-sad-wierzyciele-maja-miesiac-na-zgloszenie-roszczen\/#breadcrumb","itemListElement":[{"@type":"ListItem","position":1,"name":"Home","item":"https:\/\/favorite-news.com\/pl\/"},{"@type":"ListItem","position":2,"name":"ICP Group upad\u0142o\u015b\u0107 og\u0142oszona przez s\u0105d, wierzyciele maj\u0105 miesi\u0105c na zg\u0142oszenie roszcze\u0144"}]},{"@type":"WebSite","@id":"https:\/\/favorite-news.com\/pl\/#website","url":"https:\/\/favorite-news.com\/pl\/","name":"Favorite News","description":"Favorite News Polska","potentialAction":[{"@type":"SearchAction","target":{"@type":"EntryPoint","urlTemplate":"https:\/\/favorite-news.com\/pl\/?s={search_term_string}"},"query-input":{"@type":"PropertyValueSpecification","valueRequired":true,"valueName":"search_term_string"}}],"inLanguage":"pl-PL"},{"@type":"Person","@id":"https:\/\/favorite-news.com\/pl\/#\/schema\/person\/b91573b717dcfa5e4696032a9d28d3e8","name":"favorite-news","image":{"@type":"ImageObject","inLanguage":"pl-PL","@id":"https:\/\/secure.gravatar.com\/avatar\/6c5a5cb12b74e9d517ee91cf570335b7d16177f1977cc91db161adfa435945a7?s=96&d=mm&r=g","url":"https:\/\/secure.gravatar.com\/avatar\/6c5a5cb12b74e9d517ee91cf570335b7d16177f1977cc91db161adfa435945a7?s=96&d=mm&r=g","contentUrl":"https:\/\/secure.gravatar.com\/avatar\/6c5a5cb12b74e9d517ee91cf570335b7d16177f1977cc91db161adfa435945a7?s=96&d=mm&r=g","caption":"favorite-news"},"url":"https:\/\/favorite-news.com\/pl\/author\/pt\/"}]}},"_links":{"self":[{"href":"https:\/\/favorite-news.com\/pl\/wp-json\/wp\/v2\/posts\/4353","targetHints":{"allow":["GET"]}}],"collection":[{"href":"https:\/\/favorite-news.com\/pl\/wp-json\/wp\/v2\/posts"}],"about":[{"href":"https:\/\/favorite-news.com\/pl\/wp-json\/wp\/v2\/types\/post"}],"author":[{"embeddable":true,"href":"https:\/\/favorite-news.com\/pl\/wp-json\/wp\/v2\/users\/2"}],"replies":[{"embeddable":true,"href":"https:\/\/favorite-news.com\/pl\/wp-json\/wp\/v2\/comments?post=4353"}],"version-history":[{"count":1,"href":"https:\/\/favorite-news.com\/pl\/wp-json\/wp\/v2\/posts\/4353\/revisions"}],"predecessor-version":[{"id":4355,"href":"https:\/\/favorite-news.com\/pl\/wp-json\/wp\/v2\/posts\/4353\/revisions\/4355"}],"wp:featuredmedia":[{"embeddable":true,"href":"https:\/\/favorite-news.com\/pl\/wp-json\/wp\/v2\/media\/4354"}],"wp:attachment":[{"href":"https:\/\/favorite-news.com\/pl\/wp-json\/wp\/v2\/media?parent=4353"}],"wp:term":[{"taxonomy":"category","embeddable":true,"href":"https:\/\/favorite-news.com\/pl\/wp-json\/wp\/v2\/categories?post=4353"},{"taxonomy":"post_tag","embeddable":true,"href":"https:\/\/favorite-news.com\/pl\/wp-json\/wp\/v2\/tags?post=4353"}],"curies":[{"name":"wp","href":"https:\/\/api.w.org\/{rel}","templated":true}]}}