{"id":4340,"date":"2019-09-06T15:33:00","date_gmt":"2019-09-06T12:33:00","guid":{"rendered":"https:\/\/favorite-news.com\/pl\/karolina-markiewicz-kuskowska-awansowala-w-miedzynarodowych-strukturach-henkla\/"},"modified":"2019-09-06T15:33:01","modified_gmt":"2019-09-06T12:33:01","slug":"karolina-markiewicz-kuskowska-awansowala-w-miedzynarodowych-strukturach-henkla","status":"publish","type":"post","link":"https:\/\/favorite-news.com\/pl\/karolina-markiewicz-kuskowska-awansowala-w-miedzynarodowych-strukturach-henkla\/","title":{"rendered":"Karolina Markiewicz-Kuskowska awansowa\u0142a w mi\u0119dzynarodowych strukturach Henkla"},"content":{"rendered":"<div id=\"\">\n<p>Markiewicz-Kuskowska odpowiada\u0107 b\u0119dzie za tworzenie i realizacj\u0119 strategii marketingowych i sprzeda\u017cowych marek kosmetycznych z portfolio firmy Henkel w Czechach i na S\u0142owacji. Do jej obowi\u0105zk\u00f3w nale\u017ce\u0107 b\u0119dzie r\u00f3wnie\u017c rozwijanie wsp\u00f3\u0142pracy z obecnymi i przysz\u0142ymi partnerami handlowymi.<\/p>\n<p>&#13;<br \/>\n&#13;<\/p>\n<p>Managerka w Henkel Polska pracuje od 2013 roku. Najpierw jako senior brand manager odpowiada\u0142a za kategori\u0119 produkt\u00f3w do koloryzacji w\u0142os\u00f3w. Potem na jako senior key account manager w dziale sprzeda\u017cy kosmetyk\u00f3w odpowiada\u0142a za wybranych klient\u00f3w mi\u0119dzynarodowych. Cztery lata temu awansowa\u0142a na dyrektora marketingu i trade marketingu.<\/p>\n<p>Od tego czasu opracowywa\u0142a i wdra\u017ca\u0142a strategie marketingowe dla takich marek jak Palette, Taft, Syoss, Schauma, Gliss Kur i Fa.<br \/>&#13;<br \/>\nPrzed do\u0142\u0105czeniem do Henkel Polska przez 12 lat pracowa\u0142a w Colgate-Palmolive, m.in. jako group product manager na region CE.<\/p>\n<p>&#13;<br \/>\n&#13;<\/p>\n<p>Karolina Markiewicz-Kuskowska uko\u0144czy\u0142a marketing i zarz\u0105dzanie na Uniwersytecie Miko\u0142aja Kopernika w Toruniu.<\/p>\n<p>&#13;<br \/>\n&#13;<\/p>\n<p>\u00a0<\/p>\n<p>&#13;<br \/>\n                            &#13;<br \/>\n&#13;<br \/>\n                            &#13;<br \/>\n&#13;<br \/>\n&#13;<br \/>\n&#13;<br \/>\n&#13;<br \/>\n&#13;<br \/>\n                            &#13;<br \/>\n                                                            &#13;<br \/>\n&#13;<br \/>\n                            &#13;\n                        <\/p><\/div>\n<p><script>(function (d, s, id) {\n        var js, fjs = d.getElementsByTagName(s)[0];\n        if (d.getElementById(id)) return;\n        js = d.createElement(s);\n        js.id = id;\n        js.src = \"http:\/\/connect.facebook.net\/pl_PL\/sdk.js#xfbml=1&version=v2.6&appId=297996717062470\";\n        fjs.parentNode.insertBefore(js, fjs);\n    }(document, 'script', 'facebook-jssdk'));<\/script><br \/>\n<br \/>\n<!--noindex--><br \/>\n<a href=\"https:\/\/www.wirtualnemedia.pl\/artykul\/karolina-markiewicz-kuskowska-awansowala-w-miedzynarodowych-strukturach-henkla\" rel=\"nofollow\">Source link <\/a><br \/>\n<!--\/noindex--><\/p>\n","protected":false},"excerpt":{"rendered":"<p>Markiewicz-Kuskowska odpowiada\u0107 b\u0119dzie za tworzenie i realizacj\u0119 strategii marketingowych i sprzeda\u017cowych marek kosmetycznych z portfolio firmy Henkel w Czechach i na S\u0142owacji. Do jej obowi\u0105zk\u00f3w nale\u017ce\u0107 b\u0119dzie r\u00f3wnie\u017c rozwijanie wsp\u00f3\u0142pracy z obecnymi i przysz\u0142ymi partnerami handlowymi. &#13; &#13; Managerka w Henkel Polska pracuje od 2013 roku. Najpierw jako senior brand manager odpowiada\u0142a za kategori\u0119 produkt\u00f3w [&hellip;]<\/p>\n","protected":false},"author":2,"featured_media":4341,"comment_status":"open","ping_status":"open","sticky":false,"template":"","format":"standard","meta":{"footnotes":""},"categories":[2],"tags":[],"class_list":["post-4340","post","type-post","status-publish","format-standard","has-post-thumbnail","hentry","category-wiadomosci-marketingowe-internetowe"],"yoast_head":"<!-- This site is optimized with the Yoast SEO plugin v27.4 - https:\/\/yoast.com\/product\/yoast-seo-wordpress\/ -->\n<title>Karolina Markiewicz-Kuskowska awansowa\u0142a w mi\u0119dzynarodowych strukturach Henkla - Favorite News<\/title>\n<meta name=\"robots\" content=\"index, follow, max-snippet:-1, max-image-preview:large, max-video-preview:-1\" \/>\n<link rel=\"canonical\" href=\"https:\/\/favorite-news.com\/pl\/karolina-markiewicz-kuskowska-awansowala-w-miedzynarodowych-strukturach-henkla\/\" \/>\n<meta property=\"og:locale\" content=\"pl_PL\" \/>\n<meta property=\"og:type\" content=\"article\" \/>\n<meta property=\"og:title\" content=\"Karolina Markiewicz-Kuskowska awansowa\u0142a w mi\u0119dzynarodowych strukturach Henkla - Favorite News\" \/>\n<meta property=\"og:description\" content=\"Markiewicz-Kuskowska odpowiada\u0107 b\u0119dzie za tworzenie i realizacj\u0119 strategii marketingowych i sprzeda\u017cowych marek kosmetycznych z portfolio firmy Henkel w Czechach i na S\u0142owacji. Do jej obowi\u0105zk\u00f3w nale\u017ce\u0107 b\u0119dzie r\u00f3wnie\u017c rozwijanie wsp\u00f3\u0142pracy z obecnymi i przysz\u0142ymi partnerami handlowymi. &#013; &#013; Managerka w Henkel Polska pracuje od 2013 roku. Najpierw jako senior brand manager odpowiada\u0142a za kategori\u0119 produkt\u00f3w [&hellip;]\" \/>\n<meta property=\"og:url\" content=\"https:\/\/favorite-news.com\/pl\/karolina-markiewicz-kuskowska-awansowala-w-miedzynarodowych-strukturach-henkla\/\" \/>\n<meta property=\"og:site_name\" content=\"Favorite News\" \/>\n<meta property=\"article:published_time\" content=\"2019-09-06T12:33:00+00:00\" \/>\n<meta property=\"article:modified_time\" content=\"2019-09-06T12:33:01+00:00\" \/>\n<meta property=\"og:image\" content=\"https:\/\/favorite-news.com\/pl\/wp-content\/uploads\/sites\/6\/2019\/09\/Karolina-Markiewicz-Kuskowska-awansowa\u0142a-w-mi\u0119dzynarodowych-strukturach-Henkla.jpg\" \/>\n\t<meta property=\"og:image:width\" content=\"655\" \/>\n\t<meta property=\"og:image:height\" content=\"359\" \/>\n\t<meta property=\"og:image:type\" content=\"image\/jpeg\" \/>\n<meta name=\"author\" content=\"favorite-news\" \/>\n<meta name=\"twitter:card\" content=\"summary_large_image\" \/>\n<meta name=\"twitter:label1\" content=\"Napisane przez\" \/>\n\t<meta name=\"twitter:data1\" content=\"favorite-news\" \/>\n\t<meta name=\"twitter:label2\" content=\"Szacowany czas czytania\" \/>\n\t<meta name=\"twitter:data2\" content=\"1 minuta\" \/>\n<script type=\"application\/ld+json\" class=\"yoast-schema-graph\">{\"@context\":\"https:\\\/\\\/schema.org\",\"@graph\":[{\"@type\":\"Article\",\"@id\":\"https:\\\/\\\/favorite-news.com\\\/pl\\\/karolina-markiewicz-kuskowska-awansowala-w-miedzynarodowych-strukturach-henkla\\\/#article\",\"isPartOf\":{\"@id\":\"https:\\\/\\\/favorite-news.com\\\/pl\\\/karolina-markiewicz-kuskowska-awansowala-w-miedzynarodowych-strukturach-henkla\\\/\"},\"author\":{\"name\":\"favorite-news\",\"@id\":\"https:\\\/\\\/favorite-news.com\\\/pl\\\/#\\\/schema\\\/person\\\/b91573b717dcfa5e4696032a9d28d3e8\"},\"headline\":\"Karolina Markiewicz-Kuskowska awansowa\u0142a w mi\u0119dzynarodowych strukturach Henkla\",\"datePublished\":\"2019-09-06T12:33:00+00:00\",\"dateModified\":\"2019-09-06T12:33:01+00:00\",\"mainEntityOfPage\":{\"@id\":\"https:\\\/\\\/favorite-news.com\\\/pl\\\/karolina-markiewicz-kuskowska-awansowala-w-miedzynarodowych-strukturach-henkla\\\/\"},\"wordCount\":172,\"commentCount\":0,\"image\":{\"@id\":\"https:\\\/\\\/favorite-news.com\\\/pl\\\/karolina-markiewicz-kuskowska-awansowala-w-miedzynarodowych-strukturach-henkla\\\/#primaryimage\"},\"thumbnailUrl\":\"https:\\\/\\\/favorite-news.com\\\/pl\\\/wp-content\\\/uploads\\\/sites\\\/6\\\/2019\\\/09\\\/Karolina-Markiewicz-Kuskowska-awansowa\u0142a-w-mi\u0119dzynarodowych-strukturach-Henkla.jpg\",\"articleSection\":[\"WIADOMO\u015aCI MARKETINGOWE INTERNETOWE\"],\"inLanguage\":\"pl-PL\",\"potentialAction\":[{\"@type\":\"CommentAction\",\"name\":\"Comment\",\"target\":[\"https:\\\/\\\/favorite-news.com\\\/pl\\\/karolina-markiewicz-kuskowska-awansowala-w-miedzynarodowych-strukturach-henkla\\\/#respond\"]}]},{\"@type\":\"WebPage\",\"@id\":\"https:\\\/\\\/favorite-news.com\\\/pl\\\/karolina-markiewicz-kuskowska-awansowala-w-miedzynarodowych-strukturach-henkla\\\/\",\"url\":\"https:\\\/\\\/favorite-news.com\\\/pl\\\/karolina-markiewicz-kuskowska-awansowala-w-miedzynarodowych-strukturach-henkla\\\/\",\"name\":\"Karolina Markiewicz-Kuskowska awansowa\u0142a w mi\u0119dzynarodowych strukturach Henkla - Favorite News\",\"isPartOf\":{\"@id\":\"https:\\\/\\\/favorite-news.com\\\/pl\\\/#website\"},\"primaryImageOfPage\":{\"@id\":\"https:\\\/\\\/favorite-news.com\\\/pl\\\/karolina-markiewicz-kuskowska-awansowala-w-miedzynarodowych-strukturach-henkla\\\/#primaryimage\"},\"image\":{\"@id\":\"https:\\\/\\\/favorite-news.com\\\/pl\\\/karolina-markiewicz-kuskowska-awansowala-w-miedzynarodowych-strukturach-henkla\\\/#primaryimage\"},\"thumbnailUrl\":\"https:\\\/\\\/favorite-news.com\\\/pl\\\/wp-content\\\/uploads\\\/sites\\\/6\\\/2019\\\/09\\\/Karolina-Markiewicz-Kuskowska-awansowa\u0142a-w-mi\u0119dzynarodowych-strukturach-Henkla.jpg\",\"datePublished\":\"2019-09-06T12:33:00+00:00\",\"dateModified\":\"2019-09-06T12:33:01+00:00\",\"author\":{\"@id\":\"https:\\\/\\\/favorite-news.com\\\/pl\\\/#\\\/schema\\\/person\\\/b91573b717dcfa5e4696032a9d28d3e8\"},\"breadcrumb\":{\"@id\":\"https:\\\/\\\/favorite-news.com\\\/pl\\\/karolina-markiewicz-kuskowska-awansowala-w-miedzynarodowych-strukturach-henkla\\\/#breadcrumb\"},\"inLanguage\":\"pl-PL\",\"potentialAction\":[{\"@type\":\"ReadAction\",\"target\":[\"https:\\\/\\\/favorite-news.com\\\/pl\\\/karolina-markiewicz-kuskowska-awansowala-w-miedzynarodowych-strukturach-henkla\\\/\"]}]},{\"@type\":\"ImageObject\",\"inLanguage\":\"pl-PL\",\"@id\":\"https:\\\/\\\/favorite-news.com\\\/pl\\\/karolina-markiewicz-kuskowska-awansowala-w-miedzynarodowych-strukturach-henkla\\\/#primaryimage\",\"url\":\"https:\\\/\\\/favorite-news.com\\\/pl\\\/wp-content\\\/uploads\\\/sites\\\/6\\\/2019\\\/09\\\/Karolina-Markiewicz-Kuskowska-awansowa\u0142a-w-mi\u0119dzynarodowych-strukturach-Henkla.jpg\",\"contentUrl\":\"https:\\\/\\\/favorite-news.com\\\/pl\\\/wp-content\\\/uploads\\\/sites\\\/6\\\/2019\\\/09\\\/Karolina-Markiewicz-Kuskowska-awansowa\u0142a-w-mi\u0119dzynarodowych-strukturach-Henkla.jpg\",\"width\":655,\"height\":359,\"caption\":\"Article\"},{\"@type\":\"BreadcrumbList\",\"@id\":\"https:\\\/\\\/favorite-news.com\\\/pl\\\/karolina-markiewicz-kuskowska-awansowala-w-miedzynarodowych-strukturach-henkla\\\/#breadcrumb\",\"itemListElement\":[{\"@type\":\"ListItem\",\"position\":1,\"name\":\"Home\",\"item\":\"https:\\\/\\\/favorite-news.com\\\/pl\\\/\"},{\"@type\":\"ListItem\",\"position\":2,\"name\":\"Karolina Markiewicz-Kuskowska awansowa\u0142a w mi\u0119dzynarodowych strukturach Henkla\"}]},{\"@type\":\"WebSite\",\"@id\":\"https:\\\/\\\/favorite-news.com\\\/pl\\\/#website\",\"url\":\"https:\\\/\\\/favorite-news.com\\\/pl\\\/\",\"name\":\"Favorite News\",\"description\":\"Favorite News Polska\",\"potentialAction\":[{\"@type\":\"SearchAction\",\"target\":{\"@type\":\"EntryPoint\",\"urlTemplate\":\"https:\\\/\\\/favorite-news.com\\\/pl\\\/?s={search_term_string}\"},\"query-input\":{\"@type\":\"PropertyValueSpecification\",\"valueRequired\":true,\"valueName\":\"search_term_string\"}}],\"inLanguage\":\"pl-PL\"},{\"@type\":\"Person\",\"@id\":\"https:\\\/\\\/favorite-news.com\\\/pl\\\/#\\\/schema\\\/person\\\/b91573b717dcfa5e4696032a9d28d3e8\",\"name\":\"favorite-news\",\"image\":{\"@type\":\"ImageObject\",\"inLanguage\":\"pl-PL\",\"@id\":\"https:\\\/\\\/secure.gravatar.com\\\/avatar\\\/6c5a5cb12b74e9d517ee91cf570335b7d16177f1977cc91db161adfa435945a7?s=96&d=mm&r=g\",\"url\":\"https:\\\/\\\/secure.gravatar.com\\\/avatar\\\/6c5a5cb12b74e9d517ee91cf570335b7d16177f1977cc91db161adfa435945a7?s=96&d=mm&r=g\",\"contentUrl\":\"https:\\\/\\\/secure.gravatar.com\\\/avatar\\\/6c5a5cb12b74e9d517ee91cf570335b7d16177f1977cc91db161adfa435945a7?s=96&d=mm&r=g\",\"caption\":\"favorite-news\"},\"url\":\"https:\\\/\\\/favorite-news.com\\\/pl\\\/author\\\/pt\\\/\"}]}<\/script>\n<!-- \/ Yoast SEO plugin. -->","yoast_head_json":{"title":"Karolina Markiewicz-Kuskowska awansowa\u0142a w mi\u0119dzynarodowych strukturach Henkla - Favorite News","robots":{"index":"index","follow":"follow","max-snippet":"max-snippet:-1","max-image-preview":"max-image-preview:large","max-video-preview":"max-video-preview:-1"},"canonical":"https:\/\/favorite-news.com\/pl\/karolina-markiewicz-kuskowska-awansowala-w-miedzynarodowych-strukturach-henkla\/","og_locale":"pl_PL","og_type":"article","og_title":"Karolina Markiewicz-Kuskowska awansowa\u0142a w mi\u0119dzynarodowych strukturach Henkla - Favorite News","og_description":"Markiewicz-Kuskowska odpowiada\u0107 b\u0119dzie za tworzenie i realizacj\u0119 strategii marketingowych i sprzeda\u017cowych marek kosmetycznych z portfolio firmy Henkel w Czechach i na S\u0142owacji. Do jej obowi\u0105zk\u00f3w nale\u017ce\u0107 b\u0119dzie r\u00f3wnie\u017c rozwijanie wsp\u00f3\u0142pracy z obecnymi i przysz\u0142ymi partnerami handlowymi. &#13; &#13; Managerka w Henkel Polska pracuje od 2013 roku. Najpierw jako senior brand manager odpowiada\u0142a za kategori\u0119 produkt\u00f3w [&hellip;]","og_url":"https:\/\/favorite-news.com\/pl\/karolina-markiewicz-kuskowska-awansowala-w-miedzynarodowych-strukturach-henkla\/","og_site_name":"Favorite News","article_published_time":"2019-09-06T12:33:00+00:00","article_modified_time":"2019-09-06T12:33:01+00:00","og_image":[{"width":655,"height":359,"url":"https:\/\/favorite-news.com\/pl\/wp-content\/uploads\/sites\/6\/2019\/09\/Karolina-Markiewicz-Kuskowska-awansowa\u0142a-w-mi\u0119dzynarodowych-strukturach-Henkla.jpg","type":"image\/jpeg"}],"author":"favorite-news","twitter_card":"summary_large_image","twitter_misc":{"Napisane przez":"favorite-news","Szacowany czas czytania":"1 minuta"},"schema":{"@context":"https:\/\/schema.org","@graph":[{"@type":"Article","@id":"https:\/\/favorite-news.com\/pl\/karolina-markiewicz-kuskowska-awansowala-w-miedzynarodowych-strukturach-henkla\/#article","isPartOf":{"@id":"https:\/\/favorite-news.com\/pl\/karolina-markiewicz-kuskowska-awansowala-w-miedzynarodowych-strukturach-henkla\/"},"author":{"name":"favorite-news","@id":"https:\/\/favorite-news.com\/pl\/#\/schema\/person\/b91573b717dcfa5e4696032a9d28d3e8"},"headline":"Karolina Markiewicz-Kuskowska awansowa\u0142a w mi\u0119dzynarodowych strukturach Henkla","datePublished":"2019-09-06T12:33:00+00:00","dateModified":"2019-09-06T12:33:01+00:00","mainEntityOfPage":{"@id":"https:\/\/favorite-news.com\/pl\/karolina-markiewicz-kuskowska-awansowala-w-miedzynarodowych-strukturach-henkla\/"},"wordCount":172,"commentCount":0,"image":{"@id":"https:\/\/favorite-news.com\/pl\/karolina-markiewicz-kuskowska-awansowala-w-miedzynarodowych-strukturach-henkla\/#primaryimage"},"thumbnailUrl":"https:\/\/favorite-news.com\/pl\/wp-content\/uploads\/sites\/6\/2019\/09\/Karolina-Markiewicz-Kuskowska-awansowa\u0142a-w-mi\u0119dzynarodowych-strukturach-Henkla.jpg","articleSection":["WIADOMO\u015aCI MARKETINGOWE INTERNETOWE"],"inLanguage":"pl-PL","potentialAction":[{"@type":"CommentAction","name":"Comment","target":["https:\/\/favorite-news.com\/pl\/karolina-markiewicz-kuskowska-awansowala-w-miedzynarodowych-strukturach-henkla\/#respond"]}]},{"@type":"WebPage","@id":"https:\/\/favorite-news.com\/pl\/karolina-markiewicz-kuskowska-awansowala-w-miedzynarodowych-strukturach-henkla\/","url":"https:\/\/favorite-news.com\/pl\/karolina-markiewicz-kuskowska-awansowala-w-miedzynarodowych-strukturach-henkla\/","name":"Karolina Markiewicz-Kuskowska awansowa\u0142a w mi\u0119dzynarodowych strukturach Henkla - Favorite News","isPartOf":{"@id":"https:\/\/favorite-news.com\/pl\/#website"},"primaryImageOfPage":{"@id":"https:\/\/favorite-news.com\/pl\/karolina-markiewicz-kuskowska-awansowala-w-miedzynarodowych-strukturach-henkla\/#primaryimage"},"image":{"@id":"https:\/\/favorite-news.com\/pl\/karolina-markiewicz-kuskowska-awansowala-w-miedzynarodowych-strukturach-henkla\/#primaryimage"},"thumbnailUrl":"https:\/\/favorite-news.com\/pl\/wp-content\/uploads\/sites\/6\/2019\/09\/Karolina-Markiewicz-Kuskowska-awansowa\u0142a-w-mi\u0119dzynarodowych-strukturach-Henkla.jpg","datePublished":"2019-09-06T12:33:00+00:00","dateModified":"2019-09-06T12:33:01+00:00","author":{"@id":"https:\/\/favorite-news.com\/pl\/#\/schema\/person\/b91573b717dcfa5e4696032a9d28d3e8"},"breadcrumb":{"@id":"https:\/\/favorite-news.com\/pl\/karolina-markiewicz-kuskowska-awansowala-w-miedzynarodowych-strukturach-henkla\/#breadcrumb"},"inLanguage":"pl-PL","potentialAction":[{"@type":"ReadAction","target":["https:\/\/favorite-news.com\/pl\/karolina-markiewicz-kuskowska-awansowala-w-miedzynarodowych-strukturach-henkla\/"]}]},{"@type":"ImageObject","inLanguage":"pl-PL","@id":"https:\/\/favorite-news.com\/pl\/karolina-markiewicz-kuskowska-awansowala-w-miedzynarodowych-strukturach-henkla\/#primaryimage","url":"https:\/\/favorite-news.com\/pl\/wp-content\/uploads\/sites\/6\/2019\/09\/Karolina-Markiewicz-Kuskowska-awansowa\u0142a-w-mi\u0119dzynarodowych-strukturach-Henkla.jpg","contentUrl":"https:\/\/favorite-news.com\/pl\/wp-content\/uploads\/sites\/6\/2019\/09\/Karolina-Markiewicz-Kuskowska-awansowa\u0142a-w-mi\u0119dzynarodowych-strukturach-Henkla.jpg","width":655,"height":359,"caption":"Article"},{"@type":"BreadcrumbList","@id":"https:\/\/favorite-news.com\/pl\/karolina-markiewicz-kuskowska-awansowala-w-miedzynarodowych-strukturach-henkla\/#breadcrumb","itemListElement":[{"@type":"ListItem","position":1,"name":"Home","item":"https:\/\/favorite-news.com\/pl\/"},{"@type":"ListItem","position":2,"name":"Karolina Markiewicz-Kuskowska awansowa\u0142a w mi\u0119dzynarodowych strukturach Henkla"}]},{"@type":"WebSite","@id":"https:\/\/favorite-news.com\/pl\/#website","url":"https:\/\/favorite-news.com\/pl\/","name":"Favorite News","description":"Favorite News Polska","potentialAction":[{"@type":"SearchAction","target":{"@type":"EntryPoint","urlTemplate":"https:\/\/favorite-news.com\/pl\/?s={search_term_string}"},"query-input":{"@type":"PropertyValueSpecification","valueRequired":true,"valueName":"search_term_string"}}],"inLanguage":"pl-PL"},{"@type":"Person","@id":"https:\/\/favorite-news.com\/pl\/#\/schema\/person\/b91573b717dcfa5e4696032a9d28d3e8","name":"favorite-news","image":{"@type":"ImageObject","inLanguage":"pl-PL","@id":"https:\/\/secure.gravatar.com\/avatar\/6c5a5cb12b74e9d517ee91cf570335b7d16177f1977cc91db161adfa435945a7?s=96&d=mm&r=g","url":"https:\/\/secure.gravatar.com\/avatar\/6c5a5cb12b74e9d517ee91cf570335b7d16177f1977cc91db161adfa435945a7?s=96&d=mm&r=g","contentUrl":"https:\/\/secure.gravatar.com\/avatar\/6c5a5cb12b74e9d517ee91cf570335b7d16177f1977cc91db161adfa435945a7?s=96&d=mm&r=g","caption":"favorite-news"},"url":"https:\/\/favorite-news.com\/pl\/author\/pt\/"}]}},"_links":{"self":[{"href":"https:\/\/favorite-news.com\/pl\/wp-json\/wp\/v2\/posts\/4340","targetHints":{"allow":["GET"]}}],"collection":[{"href":"https:\/\/favorite-news.com\/pl\/wp-json\/wp\/v2\/posts"}],"about":[{"href":"https:\/\/favorite-news.com\/pl\/wp-json\/wp\/v2\/types\/post"}],"author":[{"embeddable":true,"href":"https:\/\/favorite-news.com\/pl\/wp-json\/wp\/v2\/users\/2"}],"replies":[{"embeddable":true,"href":"https:\/\/favorite-news.com\/pl\/wp-json\/wp\/v2\/comments?post=4340"}],"version-history":[{"count":1,"href":"https:\/\/favorite-news.com\/pl\/wp-json\/wp\/v2\/posts\/4340\/revisions"}],"predecessor-version":[{"id":4342,"href":"https:\/\/favorite-news.com\/pl\/wp-json\/wp\/v2\/posts\/4340\/revisions\/4342"}],"wp:featuredmedia":[{"embeddable":true,"href":"https:\/\/favorite-news.com\/pl\/wp-json\/wp\/v2\/media\/4341"}],"wp:attachment":[{"href":"https:\/\/favorite-news.com\/pl\/wp-json\/wp\/v2\/media?parent=4340"}],"wp:term":[{"taxonomy":"category","embeddable":true,"href":"https:\/\/favorite-news.com\/pl\/wp-json\/wp\/v2\/categories?post=4340"},{"taxonomy":"post_tag","embeddable":true,"href":"https:\/\/favorite-news.com\/pl\/wp-json\/wp\/v2\/tags?post=4340"}],"curies":[{"name":"wp","href":"https:\/\/api.w.org\/{rel}","templated":true}]}}