{"id":4301,"date":"2019-09-05T23:20:25","date_gmt":"2019-09-05T20:20:25","guid":{"rendered":"https:\/\/favorite-news.com\/pl\/wilk-rys-i-soweczka-kampania-piwo-zubr-reklama-opinie-wideo\/"},"modified":"2019-09-05T23:20:26","modified_gmt":"2019-09-05T20:20:26","slug":"wilk-rys-i-soweczka-kampania-piwo-zubr-reklama-opinie-wideo","status":"publish","type":"post","link":"https:\/\/favorite-news.com\/pl\/wilk-rys-i-soweczka-kampania-piwo-zubr-reklama-opinie-wideo\/","title":{"rendered":"Wilk, ry\u015b i s\u00f3weczka kampania piwo \u017bubr reklama opinie wideo"},"content":{"rendered":"<div id=\"\">\n<p>Akcja \u201e\u017bubr ratuje \u017cycie\u2026 zagro\u017conych gatunk\u00f3w\u201d koncentruje si\u0119 na wsparciu wybranych gatunk\u00f3w zwierz\u0105t zamieszkuj\u0105cych ojczyzn\u0119 \u017bubra (ikon\u0119 piwnej marki) &#8211; Puszcz\u0119 Bia\u0142owiesk\u0105.<\/p>\n<p>&#13;<br \/>\n&#13;<\/p>\n<p>W przygotowanym na potrzeby akcji spocie pojawiaj\u0105 si\u0119 wilk, ry\u015b i s\u00f3weczka. Ich spokojny \u017cywot w puszczy przerywaj\u0105 g\u0142o\u015bne, szczekaj\u0105ce psy. Zaczyna si\u0119 dziki po\u015bcig.<\/p>\n<p>&#13;<br \/>\n&#13;<\/p>\n<p><iframe loading=\"lazy\" allow=\"accelerometer; autoplay; encrypted-media; gyroscope; picture-in-picture\" allowfullscreen=\"\" frameborder=\"0\" height=\"315\" src=\"https:\/\/www.youtube.com\/embed\/cge362WzAcU\" width=\"560\"><\/iframe><\/p>\n<p>&#13;<br \/>\n&#13;<\/p>\n<p>Spot najpierw b\u0119dzie mo\u017cna zobaczy\u0107 na kana\u0142ach marki na Facebooku, YouTube i stronie internetowej \u017bubra. Telewizyjna premiera odb\u0119dzie si\u0119 9 wrze\u015bnia. Kampania trwa do ko\u0144ca listopada.<\/p>\n<p>&#13;<br \/>\n&#13;<\/p>\n<p>Re\u017cyserem reklamy jest Iwo Zaniewski, kreacj\u0105 zaj\u0119\u0142a si\u0119 agencja PZL, produkcj\u0105 OTO Film, a postprodukcj\u0105 \u2013 studio Platige Image. Za dzia\u0142ania w internecie, PR oraz wsp\u00f3\u0142prac\u0119 z influencerami odpowiedzialna jest Huta 19 im. Joachima Fersengelda. Nowe opakowania z wilkiem, rysiem i s\u00f3weczk\u0105 przygotowa\u0142o studio BNA, a za produkcj\u0119 puszek odpowiada Canpack. Za planowanie i zakup medi\u00f3w odpowiedzialny jest dom mediowy Zenith.<\/p>\n<p>&#13;<br \/>\n&#13;<\/p>\n<p><span style=\"font-size:20px;\"><strong>\u017bubr na ratunek rzadkim gatunkom<\/strong><\/span><\/p>\n<p>&#13;<br \/>\n&#13;<\/p>\n<p>W ramach CSR-owej ods\u0142ony projektu, Kompania Piwowarska podj\u0119\u0142a wsp\u00f3\u0142prac\u0119 z WWF. W\u0142a\u015bciciel marki \u017bubr zobowi\u0105za\u0142 si\u0119 przekaza\u0107 fundacji milion z\u0142otych na wsparcie program\u00f3w ochronnych i siedlisk wilka, rysia i s\u00f3weczki. Wszystkie te prawnie chronione gatunki zamieszkuj\u0105 Puszcz\u0119 Bia\u0142owiesk\u0105.<\/p>\n<p>&#13;<br \/>\n&#13;<\/p>\n<p>W po\u0142owie sierpnia w ramach akcji \u201e\u017bubr ratuje \u017cycie\u2026 zagro\u017conych gatunk\u00f3w&#8221; \u017cubr znikn\u0105\u0142 z etykiet piwa, ust\u0119puj\u0105c miejsca wizerunkom wilka, rysia i s\u00f3weczki.<\/p>\n<p>&#13;<br \/>\n&#13;<\/p>\n<p>&#8211; \u017bubr wierzy w spo\u0142eczn\u0105 odpowiedzialno\u015b\u0107 biznesu. Marka chce wykorzysta\u0107 zasoby i kana\u0142y komunikacji by wspom\u00f3c zagro\u017cone gatunki zwierz\u0105t. Ponadto, \u017bubr jako Kr\u00f3l Puszczy, ma misj\u0119 ochrony jej mieszka\u0144c\u00f3w. Taka rola \u017bubra znana do tej pory z film\u00f3w reklamowych marki, wraz z akcj\u0105 \u201e\u017bubr ratuje \u017cycie zagro\u017conych gatunk\u00f3w&#8221; nabra\u0142a rzeczywistego znaczenia. \u017bubr wierzy tak\u017ce, \u017ce ochrona przyrody i r\u00f3wnowagi ekosystemu jest obowi\u0105zkiem ka\u017cdego mieszka\u0144ca naszej planety. Kampania ma dla marki wielkie znaczenie, dlatego priorytetem by\u0142a wsp\u00f3\u0142praca z wiarygodnym, do\u015bwiadczonym partnerem. Dotychczasowe dokonania na polu walki o ochron\u0119 przyrody Fundacji WWF oraz wsp\u00f3lna wizja co do strategii takich dzia\u0142a\u0144 s\u0105 najlepszym uzasadnieniem tego wyboru &#8211; komentuje dla portalu Wirtualnemedia.pl Marta Andreasik z Kompanii Piwowarskiej.<\/p>\n<p>&#13;<br \/>\n                            &#13;<br \/>\n&#13;<br \/>\n                            &#13;<br \/>\n&#13;<br \/>\n&#13;<br \/>\n&#13;<br \/>\n&#13;<br \/>\n&#13;<br \/>\n                            &#13;<br \/>\n                                                            &#13;<br \/>\n&#13;<br \/>\n                            &#13;\n                        <\/p><\/div>\n<p><script>(function (d, s, id) {\n        var js, fjs = d.getElementsByTagName(s)[0];\n        if (d.getElementById(id)) return;\n        js = d.createElement(s);\n        js.id = id;\n        js.src = \"http:\/\/connect.facebook.net\/pl_PL\/sdk.js#xfbml=1&version=v2.6&appId=297996717062470\";\n        fjs.parentNode.insertBefore(js, fjs);\n    }(document, 'script', 'facebook-jssdk'));<\/script><br \/>\n<br \/><a href=\"https:\/\/www.wirtualnemedia.pl\/artykul\/wilk-rys-i-soweczka-kampania-piwo-zubr-reklama-opinie-wideo\" rel=\"nofollow\">Source link <\/a><\/p>\n","protected":false},"excerpt":{"rendered":"<p>Akcja \u201e\u017bubr ratuje \u017cycie\u2026 zagro\u017conych gatunk\u00f3w\u201d koncentruje si\u0119 na wsparciu wybranych gatunk\u00f3w zwierz\u0105t zamieszkuj\u0105cych ojczyzn\u0119 \u017bubra (ikon\u0119 piwnej marki) &#8211; Puszcz\u0119 Bia\u0142owiesk\u0105. &#13; &#13; W przygotowanym na potrzeby akcji spocie pojawiaj\u0105 si\u0119 wilk, ry\u015b i s\u00f3weczka. Ich spokojny \u017cywot w puszczy przerywaj\u0105 g\u0142o\u015bne, szczekaj\u0105ce psy. Zaczyna si\u0119 dziki po\u015bcig. &#13; &#13; &#13; &#13; Spot najpierw [&hellip;]<\/p>\n","protected":false},"author":2,"featured_media":4302,"comment_status":"open","ping_status":"open","sticky":false,"template":"","format":"standard","meta":{"footnotes":""},"categories":[2],"tags":[],"class_list":["post-4301","post","type-post","status-publish","format-standard","has-post-thumbnail","hentry","category-wiadomosci-marketingowe-internetowe"],"yoast_head":"<!-- This site is optimized with the Yoast SEO plugin v27.4 - https:\/\/yoast.com\/product\/yoast-seo-wordpress\/ -->\n<title>Wilk, ry\u015b i s\u00f3weczka kampania piwo \u017bubr reklama opinie wideo - Favorite News<\/title>\n<meta name=\"robots\" content=\"index, follow, max-snippet:-1, max-image-preview:large, max-video-preview:-1\" \/>\n<link rel=\"canonical\" href=\"https:\/\/favorite-news.com\/pl\/wilk-rys-i-soweczka-kampania-piwo-zubr-reklama-opinie-wideo\/\" \/>\n<meta property=\"og:locale\" content=\"pl_PL\" \/>\n<meta property=\"og:type\" content=\"article\" \/>\n<meta property=\"og:title\" content=\"Wilk, ry\u015b i s\u00f3weczka kampania piwo \u017bubr reklama opinie wideo - Favorite News\" \/>\n<meta property=\"og:description\" content=\"Akcja \u201e\u017bubr ratuje \u017cycie\u2026 zagro\u017conych gatunk\u00f3w\u201d koncentruje si\u0119 na wsparciu wybranych gatunk\u00f3w zwierz\u0105t zamieszkuj\u0105cych ojczyzn\u0119 \u017bubra (ikon\u0119 piwnej marki) &#8211; Puszcz\u0119 Bia\u0142owiesk\u0105. &#013; &#013; W przygotowanym na potrzeby akcji spocie pojawiaj\u0105 si\u0119 wilk, ry\u015b i s\u00f3weczka. Ich spokojny \u017cywot w puszczy przerywaj\u0105 g\u0142o\u015bne, szczekaj\u0105ce psy. Zaczyna si\u0119 dziki po\u015bcig. &#013; &#013; &#013; &#013; Spot najpierw [&hellip;]\" \/>\n<meta property=\"og:url\" content=\"https:\/\/favorite-news.com\/pl\/wilk-rys-i-soweczka-kampania-piwo-zubr-reklama-opinie-wideo\/\" \/>\n<meta property=\"og:site_name\" content=\"Favorite News\" \/>\n<meta property=\"article:published_time\" content=\"2019-09-05T20:20:25+00:00\" \/>\n<meta property=\"article:modified_time\" content=\"2019-09-05T20:20:26+00:00\" \/>\n<meta property=\"og:image\" content=\"https:\/\/favorite-news.com\/pl\/wp-content\/uploads\/sites\/6\/2019\/09\/Wilk-ry\u015b-i-s\u00f3weczka-kampania-piwo-\u017bubr-reklama-opinie-wideo.png\" \/>\n\t<meta property=\"og:image:width\" content=\"655\" \/>\n\t<meta property=\"og:image:height\" content=\"370\" \/>\n\t<meta property=\"og:image:type\" content=\"image\/png\" \/>\n<meta name=\"author\" content=\"favorite-news\" \/>\n<meta name=\"twitter:card\" content=\"summary_large_image\" \/>\n<meta name=\"twitter:label1\" content=\"Napisane przez\" \/>\n\t<meta name=\"twitter:data1\" content=\"favorite-news\" \/>\n\t<meta name=\"twitter:label2\" content=\"Szacowany czas czytania\" \/>\n\t<meta name=\"twitter:data2\" content=\"2 minuty\" \/>\n<script type=\"application\/ld+json\" class=\"yoast-schema-graph\">{\"@context\":\"https:\\\/\\\/schema.org\",\"@graph\":[{\"@type\":\"Article\",\"@id\":\"https:\\\/\\\/favorite-news.com\\\/pl\\\/wilk-rys-i-soweczka-kampania-piwo-zubr-reklama-opinie-wideo\\\/#article\",\"isPartOf\":{\"@id\":\"https:\\\/\\\/favorite-news.com\\\/pl\\\/wilk-rys-i-soweczka-kampania-piwo-zubr-reklama-opinie-wideo\\\/\"},\"author\":{\"name\":\"favorite-news\",\"@id\":\"https:\\\/\\\/favorite-news.com\\\/pl\\\/#\\\/schema\\\/person\\\/b91573b717dcfa5e4696032a9d28d3e8\"},\"headline\":\"Wilk, ry\u015b i s\u00f3weczka kampania piwo \u017bubr reklama opinie wideo\",\"datePublished\":\"2019-09-05T20:20:25+00:00\",\"dateModified\":\"2019-09-05T20:20:26+00:00\",\"mainEntityOfPage\":{\"@id\":\"https:\\\/\\\/favorite-news.com\\\/pl\\\/wilk-rys-i-soweczka-kampania-piwo-zubr-reklama-opinie-wideo\\\/\"},\"wordCount\":386,\"commentCount\":0,\"image\":{\"@id\":\"https:\\\/\\\/favorite-news.com\\\/pl\\\/wilk-rys-i-soweczka-kampania-piwo-zubr-reklama-opinie-wideo\\\/#primaryimage\"},\"thumbnailUrl\":\"https:\\\/\\\/favorite-news.com\\\/pl\\\/wp-content\\\/uploads\\\/sites\\\/6\\\/2019\\\/09\\\/Wilk-ry\u015b-i-s\u00f3weczka-kampania-piwo-\u017bubr-reklama-opinie-wideo.png\",\"articleSection\":[\"WIADOMO\u015aCI MARKETINGOWE INTERNETOWE\"],\"inLanguage\":\"pl-PL\",\"potentialAction\":[{\"@type\":\"CommentAction\",\"name\":\"Comment\",\"target\":[\"https:\\\/\\\/favorite-news.com\\\/pl\\\/wilk-rys-i-soweczka-kampania-piwo-zubr-reklama-opinie-wideo\\\/#respond\"]}]},{\"@type\":\"WebPage\",\"@id\":\"https:\\\/\\\/favorite-news.com\\\/pl\\\/wilk-rys-i-soweczka-kampania-piwo-zubr-reklama-opinie-wideo\\\/\",\"url\":\"https:\\\/\\\/favorite-news.com\\\/pl\\\/wilk-rys-i-soweczka-kampania-piwo-zubr-reklama-opinie-wideo\\\/\",\"name\":\"Wilk, ry\u015b i s\u00f3weczka kampania piwo \u017bubr reklama opinie wideo - Favorite News\",\"isPartOf\":{\"@id\":\"https:\\\/\\\/favorite-news.com\\\/pl\\\/#website\"},\"primaryImageOfPage\":{\"@id\":\"https:\\\/\\\/favorite-news.com\\\/pl\\\/wilk-rys-i-soweczka-kampania-piwo-zubr-reklama-opinie-wideo\\\/#primaryimage\"},\"image\":{\"@id\":\"https:\\\/\\\/favorite-news.com\\\/pl\\\/wilk-rys-i-soweczka-kampania-piwo-zubr-reklama-opinie-wideo\\\/#primaryimage\"},\"thumbnailUrl\":\"https:\\\/\\\/favorite-news.com\\\/pl\\\/wp-content\\\/uploads\\\/sites\\\/6\\\/2019\\\/09\\\/Wilk-ry\u015b-i-s\u00f3weczka-kampania-piwo-\u017bubr-reklama-opinie-wideo.png\",\"datePublished\":\"2019-09-05T20:20:25+00:00\",\"dateModified\":\"2019-09-05T20:20:26+00:00\",\"author\":{\"@id\":\"https:\\\/\\\/favorite-news.com\\\/pl\\\/#\\\/schema\\\/person\\\/b91573b717dcfa5e4696032a9d28d3e8\"},\"breadcrumb\":{\"@id\":\"https:\\\/\\\/favorite-news.com\\\/pl\\\/wilk-rys-i-soweczka-kampania-piwo-zubr-reklama-opinie-wideo\\\/#breadcrumb\"},\"inLanguage\":\"pl-PL\",\"potentialAction\":[{\"@type\":\"ReadAction\",\"target\":[\"https:\\\/\\\/favorite-news.com\\\/pl\\\/wilk-rys-i-soweczka-kampania-piwo-zubr-reklama-opinie-wideo\\\/\"]}]},{\"@type\":\"ImageObject\",\"inLanguage\":\"pl-PL\",\"@id\":\"https:\\\/\\\/favorite-news.com\\\/pl\\\/wilk-rys-i-soweczka-kampania-piwo-zubr-reklama-opinie-wideo\\\/#primaryimage\",\"url\":\"https:\\\/\\\/favorite-news.com\\\/pl\\\/wp-content\\\/uploads\\\/sites\\\/6\\\/2019\\\/09\\\/Wilk-ry\u015b-i-s\u00f3weczka-kampania-piwo-\u017bubr-reklama-opinie-wideo.png\",\"contentUrl\":\"https:\\\/\\\/favorite-news.com\\\/pl\\\/wp-content\\\/uploads\\\/sites\\\/6\\\/2019\\\/09\\\/Wilk-ry\u015b-i-s\u00f3weczka-kampania-piwo-\u017bubr-reklama-opinie-wideo.png\",\"width\":655,\"height\":370,\"caption\":\"Article\"},{\"@type\":\"BreadcrumbList\",\"@id\":\"https:\\\/\\\/favorite-news.com\\\/pl\\\/wilk-rys-i-soweczka-kampania-piwo-zubr-reklama-opinie-wideo\\\/#breadcrumb\",\"itemListElement\":[{\"@type\":\"ListItem\",\"position\":1,\"name\":\"Home\",\"item\":\"https:\\\/\\\/favorite-news.com\\\/pl\\\/\"},{\"@type\":\"ListItem\",\"position\":2,\"name\":\"Wilk, ry\u015b i s\u00f3weczka kampania piwo \u017bubr reklama opinie wideo\"}]},{\"@type\":\"WebSite\",\"@id\":\"https:\\\/\\\/favorite-news.com\\\/pl\\\/#website\",\"url\":\"https:\\\/\\\/favorite-news.com\\\/pl\\\/\",\"name\":\"Favorite News\",\"description\":\"Favorite News Polska\",\"potentialAction\":[{\"@type\":\"SearchAction\",\"target\":{\"@type\":\"EntryPoint\",\"urlTemplate\":\"https:\\\/\\\/favorite-news.com\\\/pl\\\/?s={search_term_string}\"},\"query-input\":{\"@type\":\"PropertyValueSpecification\",\"valueRequired\":true,\"valueName\":\"search_term_string\"}}],\"inLanguage\":\"pl-PL\"},{\"@type\":\"Person\",\"@id\":\"https:\\\/\\\/favorite-news.com\\\/pl\\\/#\\\/schema\\\/person\\\/b91573b717dcfa5e4696032a9d28d3e8\",\"name\":\"favorite-news\",\"image\":{\"@type\":\"ImageObject\",\"inLanguage\":\"pl-PL\",\"@id\":\"https:\\\/\\\/secure.gravatar.com\\\/avatar\\\/6c5a5cb12b74e9d517ee91cf570335b7d16177f1977cc91db161adfa435945a7?s=96&d=mm&r=g\",\"url\":\"https:\\\/\\\/secure.gravatar.com\\\/avatar\\\/6c5a5cb12b74e9d517ee91cf570335b7d16177f1977cc91db161adfa435945a7?s=96&d=mm&r=g\",\"contentUrl\":\"https:\\\/\\\/secure.gravatar.com\\\/avatar\\\/6c5a5cb12b74e9d517ee91cf570335b7d16177f1977cc91db161adfa435945a7?s=96&d=mm&r=g\",\"caption\":\"favorite-news\"},\"url\":\"https:\\\/\\\/favorite-news.com\\\/pl\\\/author\\\/pt\\\/\"}]}<\/script>\n<!-- \/ Yoast SEO plugin. -->","yoast_head_json":{"title":"Wilk, ry\u015b i s\u00f3weczka kampania piwo \u017bubr reklama opinie wideo - Favorite News","robots":{"index":"index","follow":"follow","max-snippet":"max-snippet:-1","max-image-preview":"max-image-preview:large","max-video-preview":"max-video-preview:-1"},"canonical":"https:\/\/favorite-news.com\/pl\/wilk-rys-i-soweczka-kampania-piwo-zubr-reklama-opinie-wideo\/","og_locale":"pl_PL","og_type":"article","og_title":"Wilk, ry\u015b i s\u00f3weczka kampania piwo \u017bubr reklama opinie wideo - Favorite News","og_description":"Akcja \u201e\u017bubr ratuje \u017cycie\u2026 zagro\u017conych gatunk\u00f3w\u201d koncentruje si\u0119 na wsparciu wybranych gatunk\u00f3w zwierz\u0105t zamieszkuj\u0105cych ojczyzn\u0119 \u017bubra (ikon\u0119 piwnej marki) &#8211; Puszcz\u0119 Bia\u0142owiesk\u0105. &#13; &#13; W przygotowanym na potrzeby akcji spocie pojawiaj\u0105 si\u0119 wilk, ry\u015b i s\u00f3weczka. Ich spokojny \u017cywot w puszczy przerywaj\u0105 g\u0142o\u015bne, szczekaj\u0105ce psy. Zaczyna si\u0119 dziki po\u015bcig. &#13; &#13; &#13; &#13; Spot najpierw [&hellip;]","og_url":"https:\/\/favorite-news.com\/pl\/wilk-rys-i-soweczka-kampania-piwo-zubr-reklama-opinie-wideo\/","og_site_name":"Favorite News","article_published_time":"2019-09-05T20:20:25+00:00","article_modified_time":"2019-09-05T20:20:26+00:00","og_image":[{"width":655,"height":370,"url":"https:\/\/favorite-news.com\/pl\/wp-content\/uploads\/sites\/6\/2019\/09\/Wilk-ry\u015b-i-s\u00f3weczka-kampania-piwo-\u017bubr-reklama-opinie-wideo.png","type":"image\/png"}],"author":"favorite-news","twitter_card":"summary_large_image","twitter_misc":{"Napisane przez":"favorite-news","Szacowany czas czytania":"2 minuty"},"schema":{"@context":"https:\/\/schema.org","@graph":[{"@type":"Article","@id":"https:\/\/favorite-news.com\/pl\/wilk-rys-i-soweczka-kampania-piwo-zubr-reklama-opinie-wideo\/#article","isPartOf":{"@id":"https:\/\/favorite-news.com\/pl\/wilk-rys-i-soweczka-kampania-piwo-zubr-reklama-opinie-wideo\/"},"author":{"name":"favorite-news","@id":"https:\/\/favorite-news.com\/pl\/#\/schema\/person\/b91573b717dcfa5e4696032a9d28d3e8"},"headline":"Wilk, ry\u015b i s\u00f3weczka kampania piwo \u017bubr reklama opinie wideo","datePublished":"2019-09-05T20:20:25+00:00","dateModified":"2019-09-05T20:20:26+00:00","mainEntityOfPage":{"@id":"https:\/\/favorite-news.com\/pl\/wilk-rys-i-soweczka-kampania-piwo-zubr-reklama-opinie-wideo\/"},"wordCount":386,"commentCount":0,"image":{"@id":"https:\/\/favorite-news.com\/pl\/wilk-rys-i-soweczka-kampania-piwo-zubr-reklama-opinie-wideo\/#primaryimage"},"thumbnailUrl":"https:\/\/favorite-news.com\/pl\/wp-content\/uploads\/sites\/6\/2019\/09\/Wilk-ry\u015b-i-s\u00f3weczka-kampania-piwo-\u017bubr-reklama-opinie-wideo.png","articleSection":["WIADOMO\u015aCI MARKETINGOWE INTERNETOWE"],"inLanguage":"pl-PL","potentialAction":[{"@type":"CommentAction","name":"Comment","target":["https:\/\/favorite-news.com\/pl\/wilk-rys-i-soweczka-kampania-piwo-zubr-reklama-opinie-wideo\/#respond"]}]},{"@type":"WebPage","@id":"https:\/\/favorite-news.com\/pl\/wilk-rys-i-soweczka-kampania-piwo-zubr-reklama-opinie-wideo\/","url":"https:\/\/favorite-news.com\/pl\/wilk-rys-i-soweczka-kampania-piwo-zubr-reklama-opinie-wideo\/","name":"Wilk, ry\u015b i s\u00f3weczka kampania piwo \u017bubr reklama opinie wideo - Favorite News","isPartOf":{"@id":"https:\/\/favorite-news.com\/pl\/#website"},"primaryImageOfPage":{"@id":"https:\/\/favorite-news.com\/pl\/wilk-rys-i-soweczka-kampania-piwo-zubr-reklama-opinie-wideo\/#primaryimage"},"image":{"@id":"https:\/\/favorite-news.com\/pl\/wilk-rys-i-soweczka-kampania-piwo-zubr-reklama-opinie-wideo\/#primaryimage"},"thumbnailUrl":"https:\/\/favorite-news.com\/pl\/wp-content\/uploads\/sites\/6\/2019\/09\/Wilk-ry\u015b-i-s\u00f3weczka-kampania-piwo-\u017bubr-reklama-opinie-wideo.png","datePublished":"2019-09-05T20:20:25+00:00","dateModified":"2019-09-05T20:20:26+00:00","author":{"@id":"https:\/\/favorite-news.com\/pl\/#\/schema\/person\/b91573b717dcfa5e4696032a9d28d3e8"},"breadcrumb":{"@id":"https:\/\/favorite-news.com\/pl\/wilk-rys-i-soweczka-kampania-piwo-zubr-reklama-opinie-wideo\/#breadcrumb"},"inLanguage":"pl-PL","potentialAction":[{"@type":"ReadAction","target":["https:\/\/favorite-news.com\/pl\/wilk-rys-i-soweczka-kampania-piwo-zubr-reklama-opinie-wideo\/"]}]},{"@type":"ImageObject","inLanguage":"pl-PL","@id":"https:\/\/favorite-news.com\/pl\/wilk-rys-i-soweczka-kampania-piwo-zubr-reklama-opinie-wideo\/#primaryimage","url":"https:\/\/favorite-news.com\/pl\/wp-content\/uploads\/sites\/6\/2019\/09\/Wilk-ry\u015b-i-s\u00f3weczka-kampania-piwo-\u017bubr-reklama-opinie-wideo.png","contentUrl":"https:\/\/favorite-news.com\/pl\/wp-content\/uploads\/sites\/6\/2019\/09\/Wilk-ry\u015b-i-s\u00f3weczka-kampania-piwo-\u017bubr-reklama-opinie-wideo.png","width":655,"height":370,"caption":"Article"},{"@type":"BreadcrumbList","@id":"https:\/\/favorite-news.com\/pl\/wilk-rys-i-soweczka-kampania-piwo-zubr-reklama-opinie-wideo\/#breadcrumb","itemListElement":[{"@type":"ListItem","position":1,"name":"Home","item":"https:\/\/favorite-news.com\/pl\/"},{"@type":"ListItem","position":2,"name":"Wilk, ry\u015b i s\u00f3weczka kampania piwo \u017bubr reklama opinie wideo"}]},{"@type":"WebSite","@id":"https:\/\/favorite-news.com\/pl\/#website","url":"https:\/\/favorite-news.com\/pl\/","name":"Favorite News","description":"Favorite News Polska","potentialAction":[{"@type":"SearchAction","target":{"@type":"EntryPoint","urlTemplate":"https:\/\/favorite-news.com\/pl\/?s={search_term_string}"},"query-input":{"@type":"PropertyValueSpecification","valueRequired":true,"valueName":"search_term_string"}}],"inLanguage":"pl-PL"},{"@type":"Person","@id":"https:\/\/favorite-news.com\/pl\/#\/schema\/person\/b91573b717dcfa5e4696032a9d28d3e8","name":"favorite-news","image":{"@type":"ImageObject","inLanguage":"pl-PL","@id":"https:\/\/secure.gravatar.com\/avatar\/6c5a5cb12b74e9d517ee91cf570335b7d16177f1977cc91db161adfa435945a7?s=96&d=mm&r=g","url":"https:\/\/secure.gravatar.com\/avatar\/6c5a5cb12b74e9d517ee91cf570335b7d16177f1977cc91db161adfa435945a7?s=96&d=mm&r=g","contentUrl":"https:\/\/secure.gravatar.com\/avatar\/6c5a5cb12b74e9d517ee91cf570335b7d16177f1977cc91db161adfa435945a7?s=96&d=mm&r=g","caption":"favorite-news"},"url":"https:\/\/favorite-news.com\/pl\/author\/pt\/"}]}},"_links":{"self":[{"href":"https:\/\/favorite-news.com\/pl\/wp-json\/wp\/v2\/posts\/4301","targetHints":{"allow":["GET"]}}],"collection":[{"href":"https:\/\/favorite-news.com\/pl\/wp-json\/wp\/v2\/posts"}],"about":[{"href":"https:\/\/favorite-news.com\/pl\/wp-json\/wp\/v2\/types\/post"}],"author":[{"embeddable":true,"href":"https:\/\/favorite-news.com\/pl\/wp-json\/wp\/v2\/users\/2"}],"replies":[{"embeddable":true,"href":"https:\/\/favorite-news.com\/pl\/wp-json\/wp\/v2\/comments?post=4301"}],"version-history":[{"count":1,"href":"https:\/\/favorite-news.com\/pl\/wp-json\/wp\/v2\/posts\/4301\/revisions"}],"predecessor-version":[{"id":4303,"href":"https:\/\/favorite-news.com\/pl\/wp-json\/wp\/v2\/posts\/4301\/revisions\/4303"}],"wp:featuredmedia":[{"embeddable":true,"href":"https:\/\/favorite-news.com\/pl\/wp-json\/wp\/v2\/media\/4302"}],"wp:attachment":[{"href":"https:\/\/favorite-news.com\/pl\/wp-json\/wp\/v2\/media?parent=4301"}],"wp:term":[{"taxonomy":"category","embeddable":true,"href":"https:\/\/favorite-news.com\/pl\/wp-json\/wp\/v2\/categories?post=4301"},{"taxonomy":"post_tag","embeddable":true,"href":"https:\/\/favorite-news.com\/pl\/wp-json\/wp\/v2\/tags?post=4301"}],"curies":[{"name":"wp","href":"https:\/\/api.w.org\/{rel}","templated":true}]}}