{"id":4298,"date":"2019-09-05T21:56:55","date_gmt":"2019-09-05T18:56:55","guid":{"rendered":"https:\/\/favorite-news.com\/pl\/wirtualna-polska-akcja-stopmowienienawisci-i-szykuje-nowy-system-moderacji-komentarzy-wideo\/"},"modified":"2020-12-15T18:02:08","modified_gmt":"2020-12-15T15:02:08","slug":"wirtualna-polska-akcja-stopmowienienawisci-i-szykuje-nowy-system-moderacji-komentarzy-wideo","status":"publish","type":"post","link":"https:\/\/favorite-news.com\/pl\/wirtualna-polska-akcja-stopmowienienawisci-i-szykuje-nowy-system-moderacji-komentarzy-wideo\/","title":{"rendered":"Wirtualna Polska akcja \u201e#StopMowieNienawi\u015bci\u201d i szykuje nowy system moderacji komentarzy (wideo)"},"content":{"rendered":"<p>W spocie dzieci odczytuj\u0105 szeroko komentowane wypowiedzi polityk\u00f3w i innych znanych os\u00f3b z ostatnich lat, kt\u00f3re krytykowano za szerzenie nienawi\u015bci. Wirtualna Polska zaznacza, \u017ce podczas nagrywania materia\u0142u wszystkie dzieci by\u0142y pod opiek\u0105 psychologa.<\/p>\n<p>&#8211; W czasie narastaj\u0105cego sporu politycznego przed wyborami parlamentarnymi chcemy zwr\u00f3ci\u0107 uwag\u0119, jak wa\u017cny jest dob\u00f3r s\u0142\u00f3w w dyskursie publicznym. Z hejtem mierzymy si\u0119 na co dzie\u0144, a dzieci s\u0105 na niego najbardziej nara\u017cone. To najlepszy czas na refleksj\u0119 i podj\u0119cie dzia\u0142a\u0144 &#8211; komentuje Tomasz Macha\u0142a, wiceprezes WP Media ds. produktu wydawniczego.<\/p>\n<p><iframe loading=\"lazy\" src=\"https:\/\/tv.wirtualnemedia.pl\/embed\/stopmowienienawisci-kampania-wirtualnej-polski?width=640&amp;height=360\" width=\"640\" height=\"360\" frameborder=\"0\" allowfullscreen=\"allowfullscreen\"><\/iframe><\/p>\n<p>Akcja rusza 6 wrze\u015bnia i potrwa kilka tygodni. Spot b\u0119dzie emitowany w kinach Helios, Multikino i Cinema City oraz internecie. Natomiast w serwisach Wirtualnej Polski b\u0119dzie pojawia\u0142 si\u0119 przy ka\u017cdej informacji dotycz\u0105cej polityki i mowy nienawi\u015bci. Ponadto has\u0142o \u201e#StopMowieNienawi\u015bci\u201d b\u0119dzie automatycznie wpisane w pole komentarzy oraz opublikowany zostanie cykl artyku\u0142\u00f3w na temat mowy nienawi\u015bci.<\/p>\n<p>Kampani\u0119 we w\u0142asnym zakresie przygotowa\u0142 zesp\u00f3\u0142 Wirtualnej Polski.<\/p>\n<p><span style=\"font-size: 20px;\"><strong>WP szykuje nowy system moderacji wpis\u00f3w<\/strong><\/span><\/p>\n<p>Jednocze\u015bnie Wirtualna Polska zacz\u0119\u0142a prace nad w\u0142asnym systemem moderacji wpis\u00f3w opartym na sztucznej inteligencji. Jego wdro\u017cenie planowane jest na 2020 rok.<\/p>\n<p>&#8211; WP to przestrze\u0144 do swobodnej wypowiedzi dla ka\u017cdego. Nie chcemy po prostu wy\u0142\u0105cza\u0107 mo\u017cliwo\u015bci komentowania, co czasami ma miejsce przy najtragiczniejszych informacjach np. o \u015bmierci &#8211; zaznacza Tomasz Macha\u0142a. &#8211; W sierpniu nasi moderatorzy usun\u0119li 40 proc. zamieszczonych komentarzy, to te, kt\u00f3re nawo\u0142ywa\u0142y do nienawi\u015bci, szkalowa\u0142y inne osoby lub narusza\u0142y prawo. Kampania to r\u00f3wnie\u017c zapowied\u017a naszych w\u0142asnych dzia\u0142a\u0144 w tym zakresie &#8211; dodaje.<\/p>\n<p>Wed\u0142ug badania Gemius\/PBI w lipcu br. strony i aplikacje internetowe Grupy Wirtualna Polska zanotowa\u0142y 20,86 mln realnych u\u017cytkownik\u00f3w, a sam portal WP.pl mia\u0142 15,98 mln u\u017cytkownik\u00f3w i 1,87 mld ods\u0142on.<\/p>\n<p>W minionym p\u00f3\u0142roczu Wirtualna Polska Holding osi\u0105gn\u0119\u0142a wzrost wp\u0142yw\u00f3w sprzeda\u017cowych o 34,2 proc. do 335,51 mln z\u0142 i zysku EBITDA o 22,6 proc. do 89,59 mln z\u0142 oraz spadek zysku netto z 27,73 do 22,84 mln z\u0142. Firma zdecydowan\u0105 wi\u0119kszo\u015b\u0107 dzia\u0142alno\u015bci prowadzi w internecie &#8211; zanotowa\u0142a tam 325,88 mln z\u0142 przychod\u00f3w (po wzro\u015bcie o 34 proc. w skali roku) i 92,67 mln z\u0142 zysku EBITDA. Natomiast Telewizja WP mia\u0142a 9,63 mln z\u0142 przychod\u00f3w sprzeda\u017cowych i 3,08 mln z\u0142 straty EBITDA, wobec 6,92 mln z\u0142 wp\u0142yw\u00f3w i 4,46 mln z\u0142 straty rok wcze\u015bniej.<\/p>\n<p><a href=\"https:\/\/www.wirtualnemedia.pl\/artykul\/wirtualna-polska-akcja-stopmowienienawisci-i-szykuje-nowy-system-moderacji-komentarzy-wideo\" rel=\"nofollow\">Source link <\/a><\/p>\n","protected":false},"excerpt":{"rendered":"<p>W spocie dzieci odczytuj\u0105 szeroko komentowane wypowiedzi polityk\u00f3w i innych znanych os\u00f3b z ostatnich lat, kt\u00f3re krytykowano za szerzenie nienawi\u015bci. Wirtualna Polska zaznacza, \u017ce podczas nagrywania materia\u0142u wszystkie dzieci by\u0142y pod opiek\u0105 psychologa. &#8211; W czasie narastaj\u0105cego sporu politycznego przed wyborami parlamentarnymi chcemy zwr\u00f3ci\u0107 uwag\u0119, jak wa\u017cny jest dob\u00f3r s\u0142\u00f3w w dyskursie publicznym. Z hejtem [&hellip;]<\/p>\n","protected":false},"author":2,"featured_media":4299,"comment_status":"open","ping_status":"open","sticky":false,"template":"","format":"standard","meta":{"footnotes":""},"categories":[2],"tags":[],"class_list":["post-4298","post","type-post","status-publish","format-standard","has-post-thumbnail","hentry","category-wiadomosci-marketingowe-internetowe"],"yoast_head":"<!-- This site is optimized with the Yoast SEO plugin v27.4 - https:\/\/yoast.com\/product\/yoast-seo-wordpress\/ -->\n<title>Wirtualna Polska akcja \u201e#StopMowieNienawi\u015bci\u201d i szykuje nowy system moderacji komentarzy (wideo) - Favorite News<\/title>\n<meta name=\"robots\" content=\"index, follow, max-snippet:-1, max-image-preview:large, max-video-preview:-1\" \/>\n<link rel=\"canonical\" href=\"https:\/\/favorite-news.com\/pl\/wirtualna-polska-akcja-stopmowienienawisci-i-szykuje-nowy-system-moderacji-komentarzy-wideo\/\" \/>\n<meta property=\"og:locale\" content=\"pl_PL\" \/>\n<meta property=\"og:type\" content=\"article\" \/>\n<meta property=\"og:title\" content=\"Wirtualna Polska akcja \u201e#StopMowieNienawi\u015bci\u201d i szykuje nowy system moderacji komentarzy (wideo) - Favorite News\" \/>\n<meta property=\"og:description\" content=\"W spocie dzieci odczytuj\u0105 szeroko komentowane wypowiedzi polityk\u00f3w i innych znanych os\u00f3b z ostatnich lat, kt\u00f3re krytykowano za szerzenie nienawi\u015bci. Wirtualna Polska zaznacza, \u017ce podczas nagrywania materia\u0142u wszystkie dzieci by\u0142y pod opiek\u0105 psychologa. &#8211; W czasie narastaj\u0105cego sporu politycznego przed wyborami parlamentarnymi chcemy zwr\u00f3ci\u0107 uwag\u0119, jak wa\u017cny jest dob\u00f3r s\u0142\u00f3w w dyskursie publicznym. Z hejtem [&hellip;]\" \/>\n<meta property=\"og:url\" content=\"https:\/\/favorite-news.com\/pl\/wirtualna-polska-akcja-stopmowienienawisci-i-szykuje-nowy-system-moderacji-komentarzy-wideo\/\" \/>\n<meta property=\"og:site_name\" content=\"Favorite News\" \/>\n<meta property=\"article:published_time\" content=\"2019-09-05T18:56:55+00:00\" \/>\n<meta property=\"article:modified_time\" content=\"2020-12-15T15:02:08+00:00\" \/>\n<meta property=\"og:image\" content=\"https:\/\/favorite-news.com\/pl\/wp-content\/uploads\/sites\/6\/2019\/09\/Wirtualna-Polska-akcja-\u201eStopMowieNienawi\u015bci\u201d-i-szykuje-nowy-system-moderacji-komentarzy.png\" \/>\n\t<meta property=\"og:image:width\" content=\"655\" \/>\n\t<meta property=\"og:image:height\" content=\"466\" \/>\n\t<meta property=\"og:image:type\" content=\"image\/png\" \/>\n<meta name=\"author\" content=\"favorite-news\" \/>\n<meta name=\"twitter:card\" content=\"summary_large_image\" \/>\n<meta name=\"twitter:label1\" content=\"Napisane przez\" \/>\n\t<meta name=\"twitter:data1\" content=\"favorite-news\" \/>\n\t<meta name=\"twitter:label2\" content=\"Szacowany czas czytania\" \/>\n\t<meta name=\"twitter:data2\" content=\"2 minuty\" \/>\n<script type=\"application\/ld+json\" class=\"yoast-schema-graph\">{\"@context\":\"https:\\\/\\\/schema.org\",\"@graph\":[{\"@type\":\"Article\",\"@id\":\"https:\\\/\\\/favorite-news.com\\\/pl\\\/wirtualna-polska-akcja-stopmowienienawisci-i-szykuje-nowy-system-moderacji-komentarzy-wideo\\\/#article\",\"isPartOf\":{\"@id\":\"https:\\\/\\\/favorite-news.com\\\/pl\\\/wirtualna-polska-akcja-stopmowienienawisci-i-szykuje-nowy-system-moderacji-komentarzy-wideo\\\/\"},\"author\":{\"name\":\"favorite-news\",\"@id\":\"https:\\\/\\\/favorite-news.com\\\/pl\\\/#\\\/schema\\\/person\\\/b91573b717dcfa5e4696032a9d28d3e8\"},\"headline\":\"Wirtualna Polska akcja \u201e#StopMowieNienawi\u015bci\u201d i szykuje nowy system moderacji komentarzy (wideo)\",\"datePublished\":\"2019-09-05T18:56:55+00:00\",\"dateModified\":\"2020-12-15T15:02:08+00:00\",\"mainEntityOfPage\":{\"@id\":\"https:\\\/\\\/favorite-news.com\\\/pl\\\/wirtualna-polska-akcja-stopmowienienawisci-i-szykuje-nowy-system-moderacji-komentarzy-wideo\\\/\"},\"wordCount\":430,\"commentCount\":0,\"image\":{\"@id\":\"https:\\\/\\\/favorite-news.com\\\/pl\\\/wirtualna-polska-akcja-stopmowienienawisci-i-szykuje-nowy-system-moderacji-komentarzy-wideo\\\/#primaryimage\"},\"thumbnailUrl\":\"https:\\\/\\\/favorite-news.com\\\/pl\\\/wp-content\\\/uploads\\\/sites\\\/6\\\/2019\\\/09\\\/Wirtualna-Polska-akcja-\u201eStopMowieNienawi\u015bci\u201d-i-szykuje-nowy-system-moderacji-komentarzy.png\",\"articleSection\":[\"WIADOMO\u015aCI MARKETINGOWE INTERNETOWE\"],\"inLanguage\":\"pl-PL\",\"potentialAction\":[{\"@type\":\"CommentAction\",\"name\":\"Comment\",\"target\":[\"https:\\\/\\\/favorite-news.com\\\/pl\\\/wirtualna-polska-akcja-stopmowienienawisci-i-szykuje-nowy-system-moderacji-komentarzy-wideo\\\/#respond\"]}]},{\"@type\":\"WebPage\",\"@id\":\"https:\\\/\\\/favorite-news.com\\\/pl\\\/wirtualna-polska-akcja-stopmowienienawisci-i-szykuje-nowy-system-moderacji-komentarzy-wideo\\\/\",\"url\":\"https:\\\/\\\/favorite-news.com\\\/pl\\\/wirtualna-polska-akcja-stopmowienienawisci-i-szykuje-nowy-system-moderacji-komentarzy-wideo\\\/\",\"name\":\"Wirtualna Polska akcja \u201e#StopMowieNienawi\u015bci\u201d i szykuje nowy system moderacji komentarzy (wideo) - Favorite News\",\"isPartOf\":{\"@id\":\"https:\\\/\\\/favorite-news.com\\\/pl\\\/#website\"},\"primaryImageOfPage\":{\"@id\":\"https:\\\/\\\/favorite-news.com\\\/pl\\\/wirtualna-polska-akcja-stopmowienienawisci-i-szykuje-nowy-system-moderacji-komentarzy-wideo\\\/#primaryimage\"},\"image\":{\"@id\":\"https:\\\/\\\/favorite-news.com\\\/pl\\\/wirtualna-polska-akcja-stopmowienienawisci-i-szykuje-nowy-system-moderacji-komentarzy-wideo\\\/#primaryimage\"},\"thumbnailUrl\":\"https:\\\/\\\/favorite-news.com\\\/pl\\\/wp-content\\\/uploads\\\/sites\\\/6\\\/2019\\\/09\\\/Wirtualna-Polska-akcja-\u201eStopMowieNienawi\u015bci\u201d-i-szykuje-nowy-system-moderacji-komentarzy.png\",\"datePublished\":\"2019-09-05T18:56:55+00:00\",\"dateModified\":\"2020-12-15T15:02:08+00:00\",\"author\":{\"@id\":\"https:\\\/\\\/favorite-news.com\\\/pl\\\/#\\\/schema\\\/person\\\/b91573b717dcfa5e4696032a9d28d3e8\"},\"breadcrumb\":{\"@id\":\"https:\\\/\\\/favorite-news.com\\\/pl\\\/wirtualna-polska-akcja-stopmowienienawisci-i-szykuje-nowy-system-moderacji-komentarzy-wideo\\\/#breadcrumb\"},\"inLanguage\":\"pl-PL\",\"potentialAction\":[{\"@type\":\"ReadAction\",\"target\":[\"https:\\\/\\\/favorite-news.com\\\/pl\\\/wirtualna-polska-akcja-stopmowienienawisci-i-szykuje-nowy-system-moderacji-komentarzy-wideo\\\/\"]}]},{\"@type\":\"ImageObject\",\"inLanguage\":\"pl-PL\",\"@id\":\"https:\\\/\\\/favorite-news.com\\\/pl\\\/wirtualna-polska-akcja-stopmowienienawisci-i-szykuje-nowy-system-moderacji-komentarzy-wideo\\\/#primaryimage\",\"url\":\"https:\\\/\\\/favorite-news.com\\\/pl\\\/wp-content\\\/uploads\\\/sites\\\/6\\\/2019\\\/09\\\/Wirtualna-Polska-akcja-\u201eStopMowieNienawi\u015bci\u201d-i-szykuje-nowy-system-moderacji-komentarzy.png\",\"contentUrl\":\"https:\\\/\\\/favorite-news.com\\\/pl\\\/wp-content\\\/uploads\\\/sites\\\/6\\\/2019\\\/09\\\/Wirtualna-Polska-akcja-\u201eStopMowieNienawi\u015bci\u201d-i-szykuje-nowy-system-moderacji-komentarzy.png\",\"width\":655,\"height\":466,\"caption\":\"Article\"},{\"@type\":\"BreadcrumbList\",\"@id\":\"https:\\\/\\\/favorite-news.com\\\/pl\\\/wirtualna-polska-akcja-stopmowienienawisci-i-szykuje-nowy-system-moderacji-komentarzy-wideo\\\/#breadcrumb\",\"itemListElement\":[{\"@type\":\"ListItem\",\"position\":1,\"name\":\"Home\",\"item\":\"https:\\\/\\\/favorite-news.com\\\/pl\\\/\"},{\"@type\":\"ListItem\",\"position\":2,\"name\":\"Wirtualna Polska akcja \u201e#StopMowieNienawi\u015bci\u201d i szykuje nowy system moderacji komentarzy (wideo)\"}]},{\"@type\":\"WebSite\",\"@id\":\"https:\\\/\\\/favorite-news.com\\\/pl\\\/#website\",\"url\":\"https:\\\/\\\/favorite-news.com\\\/pl\\\/\",\"name\":\"Favorite News\",\"description\":\"Favorite News Polska\",\"potentialAction\":[{\"@type\":\"SearchAction\",\"target\":{\"@type\":\"EntryPoint\",\"urlTemplate\":\"https:\\\/\\\/favorite-news.com\\\/pl\\\/?s={search_term_string}\"},\"query-input\":{\"@type\":\"PropertyValueSpecification\",\"valueRequired\":true,\"valueName\":\"search_term_string\"}}],\"inLanguage\":\"pl-PL\"},{\"@type\":\"Person\",\"@id\":\"https:\\\/\\\/favorite-news.com\\\/pl\\\/#\\\/schema\\\/person\\\/b91573b717dcfa5e4696032a9d28d3e8\",\"name\":\"favorite-news\",\"image\":{\"@type\":\"ImageObject\",\"inLanguage\":\"pl-PL\",\"@id\":\"https:\\\/\\\/secure.gravatar.com\\\/avatar\\\/6c5a5cb12b74e9d517ee91cf570335b7d16177f1977cc91db161adfa435945a7?s=96&d=mm&r=g\",\"url\":\"https:\\\/\\\/secure.gravatar.com\\\/avatar\\\/6c5a5cb12b74e9d517ee91cf570335b7d16177f1977cc91db161adfa435945a7?s=96&d=mm&r=g\",\"contentUrl\":\"https:\\\/\\\/secure.gravatar.com\\\/avatar\\\/6c5a5cb12b74e9d517ee91cf570335b7d16177f1977cc91db161adfa435945a7?s=96&d=mm&r=g\",\"caption\":\"favorite-news\"},\"url\":\"https:\\\/\\\/favorite-news.com\\\/pl\\\/author\\\/pt\\\/\"}]}<\/script>\n<!-- \/ Yoast SEO plugin. -->","yoast_head_json":{"title":"Wirtualna Polska akcja \u201e#StopMowieNienawi\u015bci\u201d i szykuje nowy system moderacji komentarzy (wideo) - Favorite News","robots":{"index":"index","follow":"follow","max-snippet":"max-snippet:-1","max-image-preview":"max-image-preview:large","max-video-preview":"max-video-preview:-1"},"canonical":"https:\/\/favorite-news.com\/pl\/wirtualna-polska-akcja-stopmowienienawisci-i-szykuje-nowy-system-moderacji-komentarzy-wideo\/","og_locale":"pl_PL","og_type":"article","og_title":"Wirtualna Polska akcja \u201e#StopMowieNienawi\u015bci\u201d i szykuje nowy system moderacji komentarzy (wideo) - Favorite News","og_description":"W spocie dzieci odczytuj\u0105 szeroko komentowane wypowiedzi polityk\u00f3w i innych znanych os\u00f3b z ostatnich lat, kt\u00f3re krytykowano za szerzenie nienawi\u015bci. Wirtualna Polska zaznacza, \u017ce podczas nagrywania materia\u0142u wszystkie dzieci by\u0142y pod opiek\u0105 psychologa. &#8211; W czasie narastaj\u0105cego sporu politycznego przed wyborami parlamentarnymi chcemy zwr\u00f3ci\u0107 uwag\u0119, jak wa\u017cny jest dob\u00f3r s\u0142\u00f3w w dyskursie publicznym. Z hejtem [&hellip;]","og_url":"https:\/\/favorite-news.com\/pl\/wirtualna-polska-akcja-stopmowienienawisci-i-szykuje-nowy-system-moderacji-komentarzy-wideo\/","og_site_name":"Favorite News","article_published_time":"2019-09-05T18:56:55+00:00","article_modified_time":"2020-12-15T15:02:08+00:00","og_image":[{"width":655,"height":466,"url":"https:\/\/favorite-news.com\/pl\/wp-content\/uploads\/sites\/6\/2019\/09\/Wirtualna-Polska-akcja-\u201eStopMowieNienawi\u015bci\u201d-i-szykuje-nowy-system-moderacji-komentarzy.png","type":"image\/png"}],"author":"favorite-news","twitter_card":"summary_large_image","twitter_misc":{"Napisane przez":"favorite-news","Szacowany czas czytania":"2 minuty"},"schema":{"@context":"https:\/\/schema.org","@graph":[{"@type":"Article","@id":"https:\/\/favorite-news.com\/pl\/wirtualna-polska-akcja-stopmowienienawisci-i-szykuje-nowy-system-moderacji-komentarzy-wideo\/#article","isPartOf":{"@id":"https:\/\/favorite-news.com\/pl\/wirtualna-polska-akcja-stopmowienienawisci-i-szykuje-nowy-system-moderacji-komentarzy-wideo\/"},"author":{"name":"favorite-news","@id":"https:\/\/favorite-news.com\/pl\/#\/schema\/person\/b91573b717dcfa5e4696032a9d28d3e8"},"headline":"Wirtualna Polska akcja \u201e#StopMowieNienawi\u015bci\u201d i szykuje nowy system moderacji komentarzy (wideo)","datePublished":"2019-09-05T18:56:55+00:00","dateModified":"2020-12-15T15:02:08+00:00","mainEntityOfPage":{"@id":"https:\/\/favorite-news.com\/pl\/wirtualna-polska-akcja-stopmowienienawisci-i-szykuje-nowy-system-moderacji-komentarzy-wideo\/"},"wordCount":430,"commentCount":0,"image":{"@id":"https:\/\/favorite-news.com\/pl\/wirtualna-polska-akcja-stopmowienienawisci-i-szykuje-nowy-system-moderacji-komentarzy-wideo\/#primaryimage"},"thumbnailUrl":"https:\/\/favorite-news.com\/pl\/wp-content\/uploads\/sites\/6\/2019\/09\/Wirtualna-Polska-akcja-\u201eStopMowieNienawi\u015bci\u201d-i-szykuje-nowy-system-moderacji-komentarzy.png","articleSection":["WIADOMO\u015aCI MARKETINGOWE INTERNETOWE"],"inLanguage":"pl-PL","potentialAction":[{"@type":"CommentAction","name":"Comment","target":["https:\/\/favorite-news.com\/pl\/wirtualna-polska-akcja-stopmowienienawisci-i-szykuje-nowy-system-moderacji-komentarzy-wideo\/#respond"]}]},{"@type":"WebPage","@id":"https:\/\/favorite-news.com\/pl\/wirtualna-polska-akcja-stopmowienienawisci-i-szykuje-nowy-system-moderacji-komentarzy-wideo\/","url":"https:\/\/favorite-news.com\/pl\/wirtualna-polska-akcja-stopmowienienawisci-i-szykuje-nowy-system-moderacji-komentarzy-wideo\/","name":"Wirtualna Polska akcja \u201e#StopMowieNienawi\u015bci\u201d i szykuje nowy system moderacji komentarzy (wideo) - Favorite News","isPartOf":{"@id":"https:\/\/favorite-news.com\/pl\/#website"},"primaryImageOfPage":{"@id":"https:\/\/favorite-news.com\/pl\/wirtualna-polska-akcja-stopmowienienawisci-i-szykuje-nowy-system-moderacji-komentarzy-wideo\/#primaryimage"},"image":{"@id":"https:\/\/favorite-news.com\/pl\/wirtualna-polska-akcja-stopmowienienawisci-i-szykuje-nowy-system-moderacji-komentarzy-wideo\/#primaryimage"},"thumbnailUrl":"https:\/\/favorite-news.com\/pl\/wp-content\/uploads\/sites\/6\/2019\/09\/Wirtualna-Polska-akcja-\u201eStopMowieNienawi\u015bci\u201d-i-szykuje-nowy-system-moderacji-komentarzy.png","datePublished":"2019-09-05T18:56:55+00:00","dateModified":"2020-12-15T15:02:08+00:00","author":{"@id":"https:\/\/favorite-news.com\/pl\/#\/schema\/person\/b91573b717dcfa5e4696032a9d28d3e8"},"breadcrumb":{"@id":"https:\/\/favorite-news.com\/pl\/wirtualna-polska-akcja-stopmowienienawisci-i-szykuje-nowy-system-moderacji-komentarzy-wideo\/#breadcrumb"},"inLanguage":"pl-PL","potentialAction":[{"@type":"ReadAction","target":["https:\/\/favorite-news.com\/pl\/wirtualna-polska-akcja-stopmowienienawisci-i-szykuje-nowy-system-moderacji-komentarzy-wideo\/"]}]},{"@type":"ImageObject","inLanguage":"pl-PL","@id":"https:\/\/favorite-news.com\/pl\/wirtualna-polska-akcja-stopmowienienawisci-i-szykuje-nowy-system-moderacji-komentarzy-wideo\/#primaryimage","url":"https:\/\/favorite-news.com\/pl\/wp-content\/uploads\/sites\/6\/2019\/09\/Wirtualna-Polska-akcja-\u201eStopMowieNienawi\u015bci\u201d-i-szykuje-nowy-system-moderacji-komentarzy.png","contentUrl":"https:\/\/favorite-news.com\/pl\/wp-content\/uploads\/sites\/6\/2019\/09\/Wirtualna-Polska-akcja-\u201eStopMowieNienawi\u015bci\u201d-i-szykuje-nowy-system-moderacji-komentarzy.png","width":655,"height":466,"caption":"Article"},{"@type":"BreadcrumbList","@id":"https:\/\/favorite-news.com\/pl\/wirtualna-polska-akcja-stopmowienienawisci-i-szykuje-nowy-system-moderacji-komentarzy-wideo\/#breadcrumb","itemListElement":[{"@type":"ListItem","position":1,"name":"Home","item":"https:\/\/favorite-news.com\/pl\/"},{"@type":"ListItem","position":2,"name":"Wirtualna Polska akcja \u201e#StopMowieNienawi\u015bci\u201d i szykuje nowy system moderacji komentarzy (wideo)"}]},{"@type":"WebSite","@id":"https:\/\/favorite-news.com\/pl\/#website","url":"https:\/\/favorite-news.com\/pl\/","name":"Favorite News","description":"Favorite News Polska","potentialAction":[{"@type":"SearchAction","target":{"@type":"EntryPoint","urlTemplate":"https:\/\/favorite-news.com\/pl\/?s={search_term_string}"},"query-input":{"@type":"PropertyValueSpecification","valueRequired":true,"valueName":"search_term_string"}}],"inLanguage":"pl-PL"},{"@type":"Person","@id":"https:\/\/favorite-news.com\/pl\/#\/schema\/person\/b91573b717dcfa5e4696032a9d28d3e8","name":"favorite-news","image":{"@type":"ImageObject","inLanguage":"pl-PL","@id":"https:\/\/secure.gravatar.com\/avatar\/6c5a5cb12b74e9d517ee91cf570335b7d16177f1977cc91db161adfa435945a7?s=96&d=mm&r=g","url":"https:\/\/secure.gravatar.com\/avatar\/6c5a5cb12b74e9d517ee91cf570335b7d16177f1977cc91db161adfa435945a7?s=96&d=mm&r=g","contentUrl":"https:\/\/secure.gravatar.com\/avatar\/6c5a5cb12b74e9d517ee91cf570335b7d16177f1977cc91db161adfa435945a7?s=96&d=mm&r=g","caption":"favorite-news"},"url":"https:\/\/favorite-news.com\/pl\/author\/pt\/"}]}},"_links":{"self":[{"href":"https:\/\/favorite-news.com\/pl\/wp-json\/wp\/v2\/posts\/4298","targetHints":{"allow":["GET"]}}],"collection":[{"href":"https:\/\/favorite-news.com\/pl\/wp-json\/wp\/v2\/posts"}],"about":[{"href":"https:\/\/favorite-news.com\/pl\/wp-json\/wp\/v2\/types\/post"}],"author":[{"embeddable":true,"href":"https:\/\/favorite-news.com\/pl\/wp-json\/wp\/v2\/users\/2"}],"replies":[{"embeddable":true,"href":"https:\/\/favorite-news.com\/pl\/wp-json\/wp\/v2\/comments?post=4298"}],"version-history":[{"count":2,"href":"https:\/\/favorite-news.com\/pl\/wp-json\/wp\/v2\/posts\/4298\/revisions"}],"predecessor-version":[{"id":5559,"href":"https:\/\/favorite-news.com\/pl\/wp-json\/wp\/v2\/posts\/4298\/revisions\/5559"}],"wp:featuredmedia":[{"embeddable":true,"href":"https:\/\/favorite-news.com\/pl\/wp-json\/wp\/v2\/media\/4299"}],"wp:attachment":[{"href":"https:\/\/favorite-news.com\/pl\/wp-json\/wp\/v2\/media?parent=4298"}],"wp:term":[{"taxonomy":"category","embeddable":true,"href":"https:\/\/favorite-news.com\/pl\/wp-json\/wp\/v2\/categories?post=4298"},{"taxonomy":"post_tag","embeddable":true,"href":"https:\/\/favorite-news.com\/pl\/wp-json\/wp\/v2\/tags?post=4298"}],"curies":[{"name":"wp","href":"https:\/\/api.w.org\/{rel}","templated":true}]}}