{"id":428,"date":"2019-05-09T14:11:15","date_gmt":"2019-05-09T11:11:15","guid":{"rendered":"https:\/\/favorite-news.com\/pl\/austriacki-t-mobile-i-upc-austria-pod-wspolna-marka-magenta-telekom-dlaczego\/"},"modified":"2019-05-09T14:11:16","modified_gmt":"2019-05-09T11:11:16","slug":"austriacki-t-mobile-i-upc-austria-pod-wspolna-marka-magenta-telekom-dlaczego","status":"publish","type":"post","link":"https:\/\/favorite-news.com\/pl\/austriacki-t-mobile-i-upc-austria-pod-wspolna-marka-magenta-telekom-dlaczego\/","title":{"rendered":"Austriacki T-Mobile i UPC Austria pod wsp\u00f3ln\u0105 mark\u0105 Magenta Telekom dlaczego"},"content":{"rendered":"<p> [ad_1]<br \/>\n<\/p>\n<div id=\"\">\n<p>W grudniu 2017 r. T-Mobile Austria za kwot\u0119 1,9 mld euro przej\u0105\u0142 UPC Austria. W lipcu ub.r. transakcja po uzyskaniu zg\u00f3d regulatora <strong>zosta\u0142a zamkni\u0119ta<\/strong>, a w sierpniu zapowiedziano \u017ce obie sp\u00f3\u0142ki <strong>b\u0119d\u0105 wyst\u0119powa\u0107 pod now\u0105 wsp\u00f3ln\u0105 nazw\u0105<\/strong>.<\/p>\n<p>&#13;<br \/>\n&#13;<\/p>\n<p>Teraz okaza\u0142o si\u0119, \u017ce <strong>nowa marka to Magenta Telekom<\/strong>, pod kt\u00f3r\u0105 b\u0119d\u0105 dost\u0119pne zar\u00f3wno us\u0142ugi telekomunikacyjne oferowane w Austrii w T-Mobile, jak oferta kablowa firmowana dot\u0105d przez UPC Austria.<\/p>\n<p>&#13;<br \/>\n&#13;<\/p>\n<p>W zwi\u0105zku z rebrandingiem <strong>pojawi\u0142a si\u0119 identyfikacja wizualna nowej firmy<\/strong>, w kt\u00f3rej logo jest zdominowane przez barw\u0119 zwan\u0105 \u201emagenta\u201d z bia\u0142ym liternictwem i jedynie dyskretnie obecnym znakiem firmowym T-Mobile.<\/p>\n<p>&#13;<br \/>\n&#13;<\/p>\n<p>Marka Magenta nie jest nowo\u015bci\u0105 w ekosystemie T-Mobile. Na polskim rynku od kwietnia ub.r. funkcjonuje oferta Magenta Biznes kierowana przez T-Mobile Polska do klient\u00f3w korporacyjnych. Jednak, jak ustali\u0142y nieoficjalnie Wirtualnemedia.pl <strong>na razie nie wiadomo nic o tym, by rebranding czeka\u0142 sp\u00f3\u0142ki T-Mobile tak\u017ce na innych rynkach, na kt\u00f3rych obecny jest operator, w tym tak\u017ce w Polsce<\/strong>.<\/p>\n<p>&#13;<br \/>\n&#13;<\/p>\n<p>W ub.r. T-Mobile Polska zanotowa\u0142 wzrost przychod\u00f3w o 1,2 proc. do 6,5 mld z\u0142 oraz spadek skorygowanego zysku EBITDA o 6,7 proc. do 1,66 mld z\u0142. Na koniec roku firma mia\u0142a 10,79 mln klient\u00f3w, o 333 tys. wi\u0119cej ni\u017c rok wcze\u015bniej.<\/p>\n<p>&#13;<br \/>\n                            &#13;<br \/>\n&#13;<br \/>\n                            &#13;<br \/>\n&#13;<br \/>\n&#13;<br \/>\n&#13;<br \/>\n&#13;<br \/>\n&#13;<br \/>\n                            &#13;<br \/>\n                                                            &#13;<br \/>\n&#13;<br \/>\n                            &#13;\n                        <\/p><\/div>\n<p><script>(function (d, s, id) {\n        var js, fjs = d.getElementsByTagName(s)[0];\n        if (d.getElementById(id)) return;\n        js = d.createElement(s);\n        js.id = id;\n        js.src = \"http:\/\/connect.facebook.net\/pl_PL\/sdk.js#xfbml=1&version=v2.6&appId=297996717062470\";\n        fjs.parentNode.insertBefore(js, fjs);\n    }(document, 'script', 'facebook-jssdk'));<\/script><br \/>\n<br \/>[ad_2]<br \/>\n<br \/><a href=\"https:\/\/www.wirtualnemedia.pl\/artykul\/austriacki-t-mobile-i-upc-austria-pod-wspolna-marka-magenta-telekom-dlaczego\">Source link <\/a><\/p>\n","protected":false},"excerpt":{"rendered":"<p>[ad_1] W grudniu 2017 r. T-Mobile Austria za kwot\u0119 1,9 mld euro przej\u0105\u0142 UPC Austria. W lipcu ub.r. transakcja po uzyskaniu zg\u00f3d regulatora zosta\u0142a zamkni\u0119ta, a w sierpniu zapowiedziano \u017ce obie sp\u00f3\u0142ki b\u0119d\u0105 wyst\u0119powa\u0107 pod now\u0105 wsp\u00f3ln\u0105 nazw\u0105. &#13; &#13; Teraz okaza\u0142o si\u0119, \u017ce nowa marka to Magenta Telekom, pod kt\u00f3r\u0105 b\u0119d\u0105 dost\u0119pne zar\u00f3wno us\u0142ugi [&hellip;]<\/p>\n","protected":false},"author":2,"featured_media":429,"comment_status":"open","ping_status":"open","sticky":false,"template":"","format":"standard","meta":{"footnotes":""},"categories":[2],"tags":[],"class_list":["post-428","post","type-post","status-publish","format-standard","has-post-thumbnail","hentry","category-wiadomosci-marketingowe-internetowe"],"yoast_head":"<!-- This site is optimized with the Yoast SEO plugin v27.4 - https:\/\/yoast.com\/product\/yoast-seo-wordpress\/ -->\n<title>Austriacki T-Mobile i UPC Austria pod wsp\u00f3ln\u0105 mark\u0105 Magenta Telekom dlaczego - Favorite News<\/title>\n<meta name=\"robots\" content=\"index, follow, max-snippet:-1, max-image-preview:large, max-video-preview:-1\" \/>\n<link rel=\"canonical\" href=\"https:\/\/favorite-news.com\/pl\/austriacki-t-mobile-i-upc-austria-pod-wspolna-marka-magenta-telekom-dlaczego\/\" \/>\n<meta property=\"og:locale\" content=\"pl_PL\" \/>\n<meta property=\"og:type\" content=\"article\" \/>\n<meta property=\"og:title\" content=\"Austriacki T-Mobile i UPC Austria pod wsp\u00f3ln\u0105 mark\u0105 Magenta Telekom dlaczego - Favorite News\" \/>\n<meta property=\"og:description\" content=\"[ad_1] W grudniu 2017 r. T-Mobile Austria za kwot\u0119 1,9 mld euro przej\u0105\u0142 UPC Austria. W lipcu ub.r. transakcja po uzyskaniu zg\u00f3d regulatora zosta\u0142a zamkni\u0119ta, a w sierpniu zapowiedziano \u017ce obie sp\u00f3\u0142ki b\u0119d\u0105 wyst\u0119powa\u0107 pod now\u0105 wsp\u00f3ln\u0105 nazw\u0105. &#013; &#013; Teraz okaza\u0142o si\u0119, \u017ce nowa marka to Magenta Telekom, pod kt\u00f3r\u0105 b\u0119d\u0105 dost\u0119pne zar\u00f3wno us\u0142ugi [&hellip;]\" \/>\n<meta property=\"og:url\" content=\"https:\/\/favorite-news.com\/pl\/austriacki-t-mobile-i-upc-austria-pod-wspolna-marka-magenta-telekom-dlaczego\/\" \/>\n<meta property=\"og:site_name\" content=\"Favorite News\" \/>\n<meta property=\"article:published_time\" content=\"2019-05-09T11:11:15+00:00\" \/>\n<meta property=\"article:modified_time\" content=\"2019-05-09T11:11:16+00:00\" \/>\n<meta property=\"og:image\" content=\"https:\/\/favorite-news.com\/pl\/wp-content\/uploads\/sites\/6\/2019\/05\/Austriacki-T-Mobile-i-UPC-Austria-pod-wsp\u00f3ln\u0105-mark\u0105-Magenta-Telekom.jpg\" \/>\n\t<meta property=\"og:image:width\" content=\"655\" \/>\n\t<meta property=\"og:image:height\" content=\"376\" \/>\n\t<meta property=\"og:image:type\" content=\"image\/jpeg\" \/>\n<meta name=\"author\" content=\"favorite-news\" \/>\n<meta name=\"twitter:card\" content=\"summary_large_image\" \/>\n<meta name=\"twitter:label1\" content=\"Napisane przez\" \/>\n\t<meta name=\"twitter:data1\" content=\"favorite-news\" \/>\n\t<meta name=\"twitter:label2\" content=\"Szacowany czas czytania\" \/>\n\t<meta name=\"twitter:data2\" content=\"1 minuta\" \/>\n<script type=\"application\/ld+json\" class=\"yoast-schema-graph\">{\"@context\":\"https:\\\/\\\/schema.org\",\"@graph\":[{\"@type\":\"Article\",\"@id\":\"https:\\\/\\\/favorite-news.com\\\/pl\\\/austriacki-t-mobile-i-upc-austria-pod-wspolna-marka-magenta-telekom-dlaczego\\\/#article\",\"isPartOf\":{\"@id\":\"https:\\\/\\\/favorite-news.com\\\/pl\\\/austriacki-t-mobile-i-upc-austria-pod-wspolna-marka-magenta-telekom-dlaczego\\\/\"},\"author\":{\"name\":\"favorite-news\",\"@id\":\"https:\\\/\\\/favorite-news.com\\\/pl\\\/#\\\/schema\\\/person\\\/b91573b717dcfa5e4696032a9d28d3e8\"},\"headline\":\"Austriacki T-Mobile i UPC Austria pod wsp\u00f3ln\u0105 mark\u0105 Magenta Telekom dlaczego\",\"datePublished\":\"2019-05-09T11:11:15+00:00\",\"dateModified\":\"2019-05-09T11:11:16+00:00\",\"mainEntityOfPage\":{\"@id\":\"https:\\\/\\\/favorite-news.com\\\/pl\\\/austriacki-t-mobile-i-upc-austria-pod-wspolna-marka-magenta-telekom-dlaczego\\\/\"},\"wordCount\":234,\"commentCount\":0,\"image\":{\"@id\":\"https:\\\/\\\/favorite-news.com\\\/pl\\\/austriacki-t-mobile-i-upc-austria-pod-wspolna-marka-magenta-telekom-dlaczego\\\/#primaryimage\"},\"thumbnailUrl\":\"https:\\\/\\\/favorite-news.com\\\/pl\\\/wp-content\\\/uploads\\\/sites\\\/6\\\/2019\\\/05\\\/Austriacki-T-Mobile-i-UPC-Austria-pod-wsp\u00f3ln\u0105-mark\u0105-Magenta-Telekom.jpg\",\"articleSection\":[\"WIADOMO\u015aCI MARKETINGOWE INTERNETOWE\"],\"inLanguage\":\"pl-PL\",\"potentialAction\":[{\"@type\":\"CommentAction\",\"name\":\"Comment\",\"target\":[\"https:\\\/\\\/favorite-news.com\\\/pl\\\/austriacki-t-mobile-i-upc-austria-pod-wspolna-marka-magenta-telekom-dlaczego\\\/#respond\"]}]},{\"@type\":\"WebPage\",\"@id\":\"https:\\\/\\\/favorite-news.com\\\/pl\\\/austriacki-t-mobile-i-upc-austria-pod-wspolna-marka-magenta-telekom-dlaczego\\\/\",\"url\":\"https:\\\/\\\/favorite-news.com\\\/pl\\\/austriacki-t-mobile-i-upc-austria-pod-wspolna-marka-magenta-telekom-dlaczego\\\/\",\"name\":\"Austriacki T-Mobile i UPC Austria pod wsp\u00f3ln\u0105 mark\u0105 Magenta Telekom dlaczego - Favorite News\",\"isPartOf\":{\"@id\":\"https:\\\/\\\/favorite-news.com\\\/pl\\\/#website\"},\"primaryImageOfPage\":{\"@id\":\"https:\\\/\\\/favorite-news.com\\\/pl\\\/austriacki-t-mobile-i-upc-austria-pod-wspolna-marka-magenta-telekom-dlaczego\\\/#primaryimage\"},\"image\":{\"@id\":\"https:\\\/\\\/favorite-news.com\\\/pl\\\/austriacki-t-mobile-i-upc-austria-pod-wspolna-marka-magenta-telekom-dlaczego\\\/#primaryimage\"},\"thumbnailUrl\":\"https:\\\/\\\/favorite-news.com\\\/pl\\\/wp-content\\\/uploads\\\/sites\\\/6\\\/2019\\\/05\\\/Austriacki-T-Mobile-i-UPC-Austria-pod-wsp\u00f3ln\u0105-mark\u0105-Magenta-Telekom.jpg\",\"datePublished\":\"2019-05-09T11:11:15+00:00\",\"dateModified\":\"2019-05-09T11:11:16+00:00\",\"author\":{\"@id\":\"https:\\\/\\\/favorite-news.com\\\/pl\\\/#\\\/schema\\\/person\\\/b91573b717dcfa5e4696032a9d28d3e8\"},\"breadcrumb\":{\"@id\":\"https:\\\/\\\/favorite-news.com\\\/pl\\\/austriacki-t-mobile-i-upc-austria-pod-wspolna-marka-magenta-telekom-dlaczego\\\/#breadcrumb\"},\"inLanguage\":\"pl-PL\",\"potentialAction\":[{\"@type\":\"ReadAction\",\"target\":[\"https:\\\/\\\/favorite-news.com\\\/pl\\\/austriacki-t-mobile-i-upc-austria-pod-wspolna-marka-magenta-telekom-dlaczego\\\/\"]}]},{\"@type\":\"ImageObject\",\"inLanguage\":\"pl-PL\",\"@id\":\"https:\\\/\\\/favorite-news.com\\\/pl\\\/austriacki-t-mobile-i-upc-austria-pod-wspolna-marka-magenta-telekom-dlaczego\\\/#primaryimage\",\"url\":\"https:\\\/\\\/favorite-news.com\\\/pl\\\/wp-content\\\/uploads\\\/sites\\\/6\\\/2019\\\/05\\\/Austriacki-T-Mobile-i-UPC-Austria-pod-wsp\u00f3ln\u0105-mark\u0105-Magenta-Telekom.jpg\",\"contentUrl\":\"https:\\\/\\\/favorite-news.com\\\/pl\\\/wp-content\\\/uploads\\\/sites\\\/6\\\/2019\\\/05\\\/Austriacki-T-Mobile-i-UPC-Austria-pod-wsp\u00f3ln\u0105-mark\u0105-Magenta-Telekom.jpg\",\"width\":655,\"height\":376,\"caption\":\"Article\"},{\"@type\":\"BreadcrumbList\",\"@id\":\"https:\\\/\\\/favorite-news.com\\\/pl\\\/austriacki-t-mobile-i-upc-austria-pod-wspolna-marka-magenta-telekom-dlaczego\\\/#breadcrumb\",\"itemListElement\":[{\"@type\":\"ListItem\",\"position\":1,\"name\":\"Home\",\"item\":\"https:\\\/\\\/favorite-news.com\\\/pl\\\/\"},{\"@type\":\"ListItem\",\"position\":2,\"name\":\"Austriacki T-Mobile i UPC Austria pod wsp\u00f3ln\u0105 mark\u0105 Magenta Telekom dlaczego\"}]},{\"@type\":\"WebSite\",\"@id\":\"https:\\\/\\\/favorite-news.com\\\/pl\\\/#website\",\"url\":\"https:\\\/\\\/favorite-news.com\\\/pl\\\/\",\"name\":\"Favorite News\",\"description\":\"Favorite News Polska\",\"potentialAction\":[{\"@type\":\"SearchAction\",\"target\":{\"@type\":\"EntryPoint\",\"urlTemplate\":\"https:\\\/\\\/favorite-news.com\\\/pl\\\/?s={search_term_string}\"},\"query-input\":{\"@type\":\"PropertyValueSpecification\",\"valueRequired\":true,\"valueName\":\"search_term_string\"}}],\"inLanguage\":\"pl-PL\"},{\"@type\":\"Person\",\"@id\":\"https:\\\/\\\/favorite-news.com\\\/pl\\\/#\\\/schema\\\/person\\\/b91573b717dcfa5e4696032a9d28d3e8\",\"name\":\"favorite-news\",\"image\":{\"@type\":\"ImageObject\",\"inLanguage\":\"pl-PL\",\"@id\":\"https:\\\/\\\/secure.gravatar.com\\\/avatar\\\/6c5a5cb12b74e9d517ee91cf570335b7d16177f1977cc91db161adfa435945a7?s=96&d=mm&r=g\",\"url\":\"https:\\\/\\\/secure.gravatar.com\\\/avatar\\\/6c5a5cb12b74e9d517ee91cf570335b7d16177f1977cc91db161adfa435945a7?s=96&d=mm&r=g\",\"contentUrl\":\"https:\\\/\\\/secure.gravatar.com\\\/avatar\\\/6c5a5cb12b74e9d517ee91cf570335b7d16177f1977cc91db161adfa435945a7?s=96&d=mm&r=g\",\"caption\":\"favorite-news\"},\"url\":\"https:\\\/\\\/favorite-news.com\\\/pl\\\/author\\\/pt\\\/\"}]}<\/script>\n<!-- \/ Yoast SEO plugin. -->","yoast_head_json":{"title":"Austriacki T-Mobile i UPC Austria pod wsp\u00f3ln\u0105 mark\u0105 Magenta Telekom dlaczego - Favorite News","robots":{"index":"index","follow":"follow","max-snippet":"max-snippet:-1","max-image-preview":"max-image-preview:large","max-video-preview":"max-video-preview:-1"},"canonical":"https:\/\/favorite-news.com\/pl\/austriacki-t-mobile-i-upc-austria-pod-wspolna-marka-magenta-telekom-dlaczego\/","og_locale":"pl_PL","og_type":"article","og_title":"Austriacki T-Mobile i UPC Austria pod wsp\u00f3ln\u0105 mark\u0105 Magenta Telekom dlaczego - Favorite News","og_description":"[ad_1] W grudniu 2017 r. T-Mobile Austria za kwot\u0119 1,9 mld euro przej\u0105\u0142 UPC Austria. W lipcu ub.r. transakcja po uzyskaniu zg\u00f3d regulatora zosta\u0142a zamkni\u0119ta, a w sierpniu zapowiedziano \u017ce obie sp\u00f3\u0142ki b\u0119d\u0105 wyst\u0119powa\u0107 pod now\u0105 wsp\u00f3ln\u0105 nazw\u0105. &#13; &#13; Teraz okaza\u0142o si\u0119, \u017ce nowa marka to Magenta Telekom, pod kt\u00f3r\u0105 b\u0119d\u0105 dost\u0119pne zar\u00f3wno us\u0142ugi [&hellip;]","og_url":"https:\/\/favorite-news.com\/pl\/austriacki-t-mobile-i-upc-austria-pod-wspolna-marka-magenta-telekom-dlaczego\/","og_site_name":"Favorite News","article_published_time":"2019-05-09T11:11:15+00:00","article_modified_time":"2019-05-09T11:11:16+00:00","og_image":[{"width":655,"height":376,"url":"https:\/\/favorite-news.com\/pl\/wp-content\/uploads\/sites\/6\/2019\/05\/Austriacki-T-Mobile-i-UPC-Austria-pod-wsp\u00f3ln\u0105-mark\u0105-Magenta-Telekom.jpg","type":"image\/jpeg"}],"author":"favorite-news","twitter_card":"summary_large_image","twitter_misc":{"Napisane przez":"favorite-news","Szacowany czas czytania":"1 minuta"},"schema":{"@context":"https:\/\/schema.org","@graph":[{"@type":"Article","@id":"https:\/\/favorite-news.com\/pl\/austriacki-t-mobile-i-upc-austria-pod-wspolna-marka-magenta-telekom-dlaczego\/#article","isPartOf":{"@id":"https:\/\/favorite-news.com\/pl\/austriacki-t-mobile-i-upc-austria-pod-wspolna-marka-magenta-telekom-dlaczego\/"},"author":{"name":"favorite-news","@id":"https:\/\/favorite-news.com\/pl\/#\/schema\/person\/b91573b717dcfa5e4696032a9d28d3e8"},"headline":"Austriacki T-Mobile i UPC Austria pod wsp\u00f3ln\u0105 mark\u0105 Magenta Telekom dlaczego","datePublished":"2019-05-09T11:11:15+00:00","dateModified":"2019-05-09T11:11:16+00:00","mainEntityOfPage":{"@id":"https:\/\/favorite-news.com\/pl\/austriacki-t-mobile-i-upc-austria-pod-wspolna-marka-magenta-telekom-dlaczego\/"},"wordCount":234,"commentCount":0,"image":{"@id":"https:\/\/favorite-news.com\/pl\/austriacki-t-mobile-i-upc-austria-pod-wspolna-marka-magenta-telekom-dlaczego\/#primaryimage"},"thumbnailUrl":"https:\/\/favorite-news.com\/pl\/wp-content\/uploads\/sites\/6\/2019\/05\/Austriacki-T-Mobile-i-UPC-Austria-pod-wsp\u00f3ln\u0105-mark\u0105-Magenta-Telekom.jpg","articleSection":["WIADOMO\u015aCI MARKETINGOWE INTERNETOWE"],"inLanguage":"pl-PL","potentialAction":[{"@type":"CommentAction","name":"Comment","target":["https:\/\/favorite-news.com\/pl\/austriacki-t-mobile-i-upc-austria-pod-wspolna-marka-magenta-telekom-dlaczego\/#respond"]}]},{"@type":"WebPage","@id":"https:\/\/favorite-news.com\/pl\/austriacki-t-mobile-i-upc-austria-pod-wspolna-marka-magenta-telekom-dlaczego\/","url":"https:\/\/favorite-news.com\/pl\/austriacki-t-mobile-i-upc-austria-pod-wspolna-marka-magenta-telekom-dlaczego\/","name":"Austriacki T-Mobile i UPC Austria pod wsp\u00f3ln\u0105 mark\u0105 Magenta Telekom dlaczego - Favorite News","isPartOf":{"@id":"https:\/\/favorite-news.com\/pl\/#website"},"primaryImageOfPage":{"@id":"https:\/\/favorite-news.com\/pl\/austriacki-t-mobile-i-upc-austria-pod-wspolna-marka-magenta-telekom-dlaczego\/#primaryimage"},"image":{"@id":"https:\/\/favorite-news.com\/pl\/austriacki-t-mobile-i-upc-austria-pod-wspolna-marka-magenta-telekom-dlaczego\/#primaryimage"},"thumbnailUrl":"https:\/\/favorite-news.com\/pl\/wp-content\/uploads\/sites\/6\/2019\/05\/Austriacki-T-Mobile-i-UPC-Austria-pod-wsp\u00f3ln\u0105-mark\u0105-Magenta-Telekom.jpg","datePublished":"2019-05-09T11:11:15+00:00","dateModified":"2019-05-09T11:11:16+00:00","author":{"@id":"https:\/\/favorite-news.com\/pl\/#\/schema\/person\/b91573b717dcfa5e4696032a9d28d3e8"},"breadcrumb":{"@id":"https:\/\/favorite-news.com\/pl\/austriacki-t-mobile-i-upc-austria-pod-wspolna-marka-magenta-telekom-dlaczego\/#breadcrumb"},"inLanguage":"pl-PL","potentialAction":[{"@type":"ReadAction","target":["https:\/\/favorite-news.com\/pl\/austriacki-t-mobile-i-upc-austria-pod-wspolna-marka-magenta-telekom-dlaczego\/"]}]},{"@type":"ImageObject","inLanguage":"pl-PL","@id":"https:\/\/favorite-news.com\/pl\/austriacki-t-mobile-i-upc-austria-pod-wspolna-marka-magenta-telekom-dlaczego\/#primaryimage","url":"https:\/\/favorite-news.com\/pl\/wp-content\/uploads\/sites\/6\/2019\/05\/Austriacki-T-Mobile-i-UPC-Austria-pod-wsp\u00f3ln\u0105-mark\u0105-Magenta-Telekom.jpg","contentUrl":"https:\/\/favorite-news.com\/pl\/wp-content\/uploads\/sites\/6\/2019\/05\/Austriacki-T-Mobile-i-UPC-Austria-pod-wsp\u00f3ln\u0105-mark\u0105-Magenta-Telekom.jpg","width":655,"height":376,"caption":"Article"},{"@type":"BreadcrumbList","@id":"https:\/\/favorite-news.com\/pl\/austriacki-t-mobile-i-upc-austria-pod-wspolna-marka-magenta-telekom-dlaczego\/#breadcrumb","itemListElement":[{"@type":"ListItem","position":1,"name":"Home","item":"https:\/\/favorite-news.com\/pl\/"},{"@type":"ListItem","position":2,"name":"Austriacki T-Mobile i UPC Austria pod wsp\u00f3ln\u0105 mark\u0105 Magenta Telekom dlaczego"}]},{"@type":"WebSite","@id":"https:\/\/favorite-news.com\/pl\/#website","url":"https:\/\/favorite-news.com\/pl\/","name":"Favorite News","description":"Favorite News Polska","potentialAction":[{"@type":"SearchAction","target":{"@type":"EntryPoint","urlTemplate":"https:\/\/favorite-news.com\/pl\/?s={search_term_string}"},"query-input":{"@type":"PropertyValueSpecification","valueRequired":true,"valueName":"search_term_string"}}],"inLanguage":"pl-PL"},{"@type":"Person","@id":"https:\/\/favorite-news.com\/pl\/#\/schema\/person\/b91573b717dcfa5e4696032a9d28d3e8","name":"favorite-news","image":{"@type":"ImageObject","inLanguage":"pl-PL","@id":"https:\/\/secure.gravatar.com\/avatar\/6c5a5cb12b74e9d517ee91cf570335b7d16177f1977cc91db161adfa435945a7?s=96&d=mm&r=g","url":"https:\/\/secure.gravatar.com\/avatar\/6c5a5cb12b74e9d517ee91cf570335b7d16177f1977cc91db161adfa435945a7?s=96&d=mm&r=g","contentUrl":"https:\/\/secure.gravatar.com\/avatar\/6c5a5cb12b74e9d517ee91cf570335b7d16177f1977cc91db161adfa435945a7?s=96&d=mm&r=g","caption":"favorite-news"},"url":"https:\/\/favorite-news.com\/pl\/author\/pt\/"}]}},"_links":{"self":[{"href":"https:\/\/favorite-news.com\/pl\/wp-json\/wp\/v2\/posts\/428","targetHints":{"allow":["GET"]}}],"collection":[{"href":"https:\/\/favorite-news.com\/pl\/wp-json\/wp\/v2\/posts"}],"about":[{"href":"https:\/\/favorite-news.com\/pl\/wp-json\/wp\/v2\/types\/post"}],"author":[{"embeddable":true,"href":"https:\/\/favorite-news.com\/pl\/wp-json\/wp\/v2\/users\/2"}],"replies":[{"embeddable":true,"href":"https:\/\/favorite-news.com\/pl\/wp-json\/wp\/v2\/comments?post=428"}],"version-history":[{"count":1,"href":"https:\/\/favorite-news.com\/pl\/wp-json\/wp\/v2\/posts\/428\/revisions"}],"predecessor-version":[{"id":430,"href":"https:\/\/favorite-news.com\/pl\/wp-json\/wp\/v2\/posts\/428\/revisions\/430"}],"wp:featuredmedia":[{"embeddable":true,"href":"https:\/\/favorite-news.com\/pl\/wp-json\/wp\/v2\/media\/429"}],"wp:attachment":[{"href":"https:\/\/favorite-news.com\/pl\/wp-json\/wp\/v2\/media?parent=428"}],"wp:term":[{"taxonomy":"category","embeddable":true,"href":"https:\/\/favorite-news.com\/pl\/wp-json\/wp\/v2\/categories?post=428"},{"taxonomy":"post_tag","embeddable":true,"href":"https:\/\/favorite-news.com\/pl\/wp-json\/wp\/v2\/tags?post=428"}],"curies":[{"name":"wp","href":"https:\/\/api.w.org\/{rel}","templated":true}]}}