{"id":4272,"date":"2019-09-05T08:30:00","date_gmt":"2019-09-05T05:30:00","guid":{"rendered":"https:\/\/favorite-news.com\/pl\/zywiec-zdroj-akcja-dozoltegokosza-jak-segregowac-plastik-wideo\/"},"modified":"2019-09-05T08:30:01","modified_gmt":"2019-09-05T05:30:01","slug":"zywiec-zdroj-akcja-dozoltegokosza-jak-segregowac-plastik-wideo","status":"publish","type":"post","link":"https:\/\/favorite-news.com\/pl\/zywiec-zdroj-akcja-dozoltegokosza-jak-segregowac-plastik-wideo\/","title":{"rendered":"\u017bywiec Zdr\u00f3j akcja #Do\u017b\u00f3\u0142tegoKosza jak segregowa\u0107 plastik (wideo)"},"content":{"rendered":"<p> [ad_1]<br \/>\n<\/p>\n<div id=\"\">\n<p>W ramach kampanii edukacyjnej, kt\u00f3rej towarzyszy hasztag #Do\u017b\u00f3\u0142tegoKosza, marka chce zainspirowa\u0107 do modyfikacji codziennych nawyk\u00f3w i wyt\u0142umaczy\u0107, jak w prosty spos\u00f3b przyczyni\u0107 si\u0119 do zmniejszenia ilo\u015bci plastiku w otoczeniu.<\/p>\n<p>&#13;<br \/>\n&#13;<\/p>\n<p>Kampania \u017bywiec Zdr\u00f3j prowadzona jest m.in. na ulicach Warszawy. S\u0142upy reklamowe zlokalizowane przy ul. Miodowej na skrzy\u017cowaniu z placem Krasi\u0144skich, na rogu ulic Marsza\u0142kowskiej i Wsp\u00f3lnej orazna Placu Trzech Krzy\u017cy zamieni\u0142y si\u0119 w \u017c\u00f3\u0142te kosze do segregacji.<\/p>\n<p>&#13;<br \/>\n&#13;<\/p>\n<p>Tym dzia\u0142aniem marka zwraca uwag\u0119, jak proste i jednocze\u015bnie wa\u017cne jest segregowanie odpad\u00f3w &#8211; ka\u017cd\u0105 butelk\u0119 PET mo\u017cna wielokrotnie przetworzy\u0107 pod warunkiem, \u017ce po zu\u017cyciu jej zawarto\u015bci umieszczona zostanie w \u017c\u00f3\u0142tym koszu lub innym pojemniku oznaczonym \u201etworzywa sztuczne\u201d. Dlatego zgodnie z has\u0142em kampanii \u201eWyrzucaj, jak chcesz, ale zawsze #Do\u017b\u00f3\u0142tegoKosza\u201d do 15 wrze\u015bnia ka\u017cdy mo\u017ce wrzuci\u0107 do jednego z koszy plastikowe butelki. <strong>Po zako\u0144czeniu projektu zostan\u0105 one poddane recyklingowi i b\u0119d\u0105 mog\u0142y by\u0107 wykorzystane do produkcji zabawek, mebli, a tak\u017ce kolejnych butelek.<\/strong> Wszystkie butelki \u017bywiec Zdr\u00f3j w 100 proc. nadaj\u0105 si\u0119 do recyklingu, a od marca br. w sklepach dost\u0119pna jest pierwsza 5-litrowa butelka w ofercie \u017bywiec Zdr\u00f3j, pochodz\u0105ca w 100 proc. z plastiku z recyklingu i jednocze\u015bnie nadaj\u0105ca si\u0119 do ponownego przetwarzania.<\/p>\n<p>&#13;<br \/>\n&#13;<\/p>\n<p>W akcj\u0119 zaanga\u017cowa\u0142 si\u0119 vloger Krzysztof Gonciarz &#8211; 16 wrze\u015bnia firma wyemituje film, w kt\u00f3rym sprawdza on, czy faktycznie butelka wrzucona do \u017c\u00f3\u0142tego kosza trafi do recyklingu.\u00a0<\/p>\n<p>&#13;<br \/>\n&#13;<\/p>\n<p>&#13;<br \/>\n&#13;<\/p>\n<p><span style=\"font-size:20px;\"><strong>\u017bywiec Zdr\u00f3j \u2013 w kierunku obiegu zamkni\u0119tego<\/strong><\/span><\/p>\n<p>&#13;<br \/>\n&#13;<\/p>\n<p>\u017bywiec Zdr\u00f3j wspiera dzia\u0142ania maj\u0105ce na celu zamkni\u0119cie obiegu plastiku \u2013 przetwarzania i ponownego wykorzystania plastikowych butelek, kt\u00f3re staj\u0105c si\u0119 surowcem wt\u00f3rnym nie trafiaj\u0105 jako odpad do \u015brodowiska. Podczas Szczytu Klimatycznego ONZ w Katowicach firma podj\u0119\u0142a zobowi\u0105zanie \u2013 w 2020 roku taka sama ilo\u015b\u0107 plastiku jak\u0105 wprowadzi na rynek, zostanie zebrana i poddana recyklingowi.<\/p>\n<p>&#13;<br \/>\n&#13;<\/p>\n<p>\u017bywiec Zdr\u00f3j zobowi\u0105za\u0142 si\u0119 do dzia\u0142ania na rzecz bardziej efektywnego systemu zbiorki butelek PET i ich recyklingu w Polsce. Teraz w ramach kampanii promowanej hasztagiem #Do\u017b\u00f3\u0142tegoKosza chce zaanga\u017cowa\u0107 w ten proces tak\u017ce spo\u0142ecze\u0144stwo, pokazuj\u0105c, \u017ce recykling ma sw\u00f3j pocz\u0105tek w naszych domach, a segregacja jest jednym z jego najwa\u017cniejszych etap\u00f3w.<\/p>\n<p>&#13;<br \/>\n&#13;<\/p>\n<p>Kampania marki \u017bywiec Zdr\u00f3j #Do\u017b\u00f3\u0142tegoKosza zosta\u0142a przygotowana przez agencje Cut the Mustard i Tailor Made PR. Spot wyre\u017cyserowa\u0142 Piotr Matejkowski, za planowanie i zakup medi\u00f3w odpowiedzialna jest agencja marketingu precyzyjnego K2 Precise.<\/p>\n<p>&#13;<br \/>\n&#13;<\/p>\n<p><iframe loading=\"lazy\" allow=\"accelerometer; autoplay; encrypted-media; gyroscope; picture-in-picture\" allowfullscreen=\"\" frameborder=\"0\" height=\"480\" src=\"https:\/\/www.youtube.com\/embed\/Eck8NDEbJOM\" width=\"640\"><\/iframe><\/p>\n<p>&#13;<br \/>\n                            &#13;<br \/>\n&#13;<br \/>\n                            &#13;<br \/>\n&#13;<br \/>\n&#13;<br \/>\n&#13;<br \/>\n&#13;<br \/>\n&#13;<br \/>\n                            &#13;<br \/>\n                                                            &#13;<br \/>\n&#13;<br \/>\n                            &#13;\n                        <\/p><\/div>\n<p><script>(function (d, s, id) {\n        var js, fjs = d.getElementsByTagName(s)[0];\n        if (d.getElementById(id)) return;\n        js = d.createElement(s);\n        js.id = id;\n        js.src = \"http:\/\/connect.facebook.net\/pl_PL\/sdk.js#xfbml=1&version=v2.6&appId=297996717062470\";\n        fjs.parentNode.insertBefore(js, fjs);\n    }(document, 'script', 'facebook-jssdk'));<\/script><br \/>\n<br \/>[ad_2]<br \/>\n<br \/><a href=\"https:\/\/www.wirtualnemedia.pl\/artykul\/zywiec-zdroj-akcja-dozoltegokosza-jak-segregowac-plastik-wideo\">Source link <\/a><\/p>\n","protected":false},"excerpt":{"rendered":"<p>[ad_1] W ramach kampanii edukacyjnej, kt\u00f3rej towarzyszy hasztag #Do\u017b\u00f3\u0142tegoKosza, marka chce zainspirowa\u0107 do modyfikacji codziennych nawyk\u00f3w i wyt\u0142umaczy\u0107, jak w prosty spos\u00f3b przyczyni\u0107 si\u0119 do zmniejszenia ilo\u015bci plastiku w otoczeniu. &#13; &#13; Kampania \u017bywiec Zdr\u00f3j prowadzona jest m.in. na ulicach Warszawy. S\u0142upy reklamowe zlokalizowane przy ul. Miodowej na skrzy\u017cowaniu z placem Krasi\u0144skich, na rogu ulic [&hellip;]<\/p>\n","protected":false},"author":2,"featured_media":4273,"comment_status":"open","ping_status":"open","sticky":false,"template":"","format":"standard","meta":{"footnotes":""},"categories":[2],"tags":[],"class_list":["post-4272","post","type-post","status-publish","format-standard","has-post-thumbnail","hentry","category-wiadomosci-marketingowe-internetowe"],"yoast_head":"<!-- This site is optimized with the Yoast SEO plugin v27.4 - https:\/\/yoast.com\/product\/yoast-seo-wordpress\/ -->\n<title>\u017bywiec Zdr\u00f3j akcja #Do\u017b\u00f3\u0142tegoKosza jak segregowa\u0107 plastik (wideo) - Favorite News<\/title>\n<meta name=\"robots\" content=\"index, follow, max-snippet:-1, max-image-preview:large, max-video-preview:-1\" \/>\n<link rel=\"canonical\" href=\"https:\/\/favorite-news.com\/pl\/zywiec-zdroj-akcja-dozoltegokosza-jak-segregowac-plastik-wideo\/\" \/>\n<meta property=\"og:locale\" content=\"pl_PL\" \/>\n<meta property=\"og:type\" content=\"article\" \/>\n<meta property=\"og:title\" content=\"\u017bywiec Zdr\u00f3j akcja #Do\u017b\u00f3\u0142tegoKosza jak segregowa\u0107 plastik (wideo) - Favorite News\" \/>\n<meta property=\"og:description\" content=\"[ad_1] W ramach kampanii edukacyjnej, kt\u00f3rej towarzyszy hasztag #Do\u017b\u00f3\u0142tegoKosza, marka chce zainspirowa\u0107 do modyfikacji codziennych nawyk\u00f3w i wyt\u0142umaczy\u0107, jak w prosty spos\u00f3b przyczyni\u0107 si\u0119 do zmniejszenia ilo\u015bci plastiku w otoczeniu. &#013; &#013; Kampania \u017bywiec Zdr\u00f3j prowadzona jest m.in. na ulicach Warszawy. S\u0142upy reklamowe zlokalizowane przy ul. Miodowej na skrzy\u017cowaniu z placem Krasi\u0144skich, na rogu ulic [&hellip;]\" \/>\n<meta property=\"og:url\" content=\"https:\/\/favorite-news.com\/pl\/zywiec-zdroj-akcja-dozoltegokosza-jak-segregowac-plastik-wideo\/\" \/>\n<meta property=\"og:site_name\" content=\"Favorite News\" \/>\n<meta property=\"article:published_time\" content=\"2019-09-05T05:30:00+00:00\" \/>\n<meta property=\"article:modified_time\" content=\"2019-09-05T05:30:01+00:00\" \/>\n<meta property=\"og:image\" content=\"https:\/\/favorite-news.com\/pl\/wp-content\/uploads\/sites\/6\/2019\/09\/\u017bywiec-Zdr\u00f3j-akcja-Do\u017b\u00f3\u0142tegoKosza-jak-segregowa\u0107-plastik-wideo.jpg\" \/>\n\t<meta property=\"og:image:width\" content=\"655\" \/>\n\t<meta property=\"og:image:height\" content=\"402\" \/>\n\t<meta property=\"og:image:type\" content=\"image\/jpeg\" \/>\n<meta name=\"author\" content=\"favorite-news\" \/>\n<meta name=\"twitter:card\" content=\"summary_large_image\" \/>\n<meta name=\"twitter:label1\" content=\"Napisane przez\" \/>\n\t<meta name=\"twitter:data1\" content=\"favorite-news\" \/>\n\t<meta name=\"twitter:label2\" content=\"Szacowany czas czytania\" \/>\n\t<meta name=\"twitter:data2\" content=\"2 minuty\" \/>\n<script type=\"application\/ld+json\" class=\"yoast-schema-graph\">{\"@context\":\"https:\\\/\\\/schema.org\",\"@graph\":[{\"@type\":\"Article\",\"@id\":\"https:\\\/\\\/favorite-news.com\\\/pl\\\/zywiec-zdroj-akcja-dozoltegokosza-jak-segregowac-plastik-wideo\\\/#article\",\"isPartOf\":{\"@id\":\"https:\\\/\\\/favorite-news.com\\\/pl\\\/zywiec-zdroj-akcja-dozoltegokosza-jak-segregowac-plastik-wideo\\\/\"},\"author\":{\"name\":\"favorite-news\",\"@id\":\"https:\\\/\\\/favorite-news.com\\\/pl\\\/#\\\/schema\\\/person\\\/b91573b717dcfa5e4696032a9d28d3e8\"},\"headline\":\"\u017bywiec Zdr\u00f3j akcja #Do\u017b\u00f3\u0142tegoKosza jak segregowa\u0107 plastik (wideo)\",\"datePublished\":\"2019-09-05T05:30:00+00:00\",\"dateModified\":\"2019-09-05T05:30:01+00:00\",\"mainEntityOfPage\":{\"@id\":\"https:\\\/\\\/favorite-news.com\\\/pl\\\/zywiec-zdroj-akcja-dozoltegokosza-jak-segregowac-plastik-wideo\\\/\"},\"wordCount\":434,\"commentCount\":0,\"image\":{\"@id\":\"https:\\\/\\\/favorite-news.com\\\/pl\\\/zywiec-zdroj-akcja-dozoltegokosza-jak-segregowac-plastik-wideo\\\/#primaryimage\"},\"thumbnailUrl\":\"https:\\\/\\\/favorite-news.com\\\/pl\\\/wp-content\\\/uploads\\\/sites\\\/6\\\/2019\\\/09\\\/\u017bywiec-Zdr\u00f3j-akcja-Do\u017b\u00f3\u0142tegoKosza-jak-segregowa\u0107-plastik-wideo.jpg\",\"articleSection\":[\"WIADOMO\u015aCI MARKETINGOWE INTERNETOWE\"],\"inLanguage\":\"pl-PL\",\"potentialAction\":[{\"@type\":\"CommentAction\",\"name\":\"Comment\",\"target\":[\"https:\\\/\\\/favorite-news.com\\\/pl\\\/zywiec-zdroj-akcja-dozoltegokosza-jak-segregowac-plastik-wideo\\\/#respond\"]}]},{\"@type\":\"WebPage\",\"@id\":\"https:\\\/\\\/favorite-news.com\\\/pl\\\/zywiec-zdroj-akcja-dozoltegokosza-jak-segregowac-plastik-wideo\\\/\",\"url\":\"https:\\\/\\\/favorite-news.com\\\/pl\\\/zywiec-zdroj-akcja-dozoltegokosza-jak-segregowac-plastik-wideo\\\/\",\"name\":\"\u017bywiec Zdr\u00f3j akcja #Do\u017b\u00f3\u0142tegoKosza jak segregowa\u0107 plastik (wideo) - Favorite News\",\"isPartOf\":{\"@id\":\"https:\\\/\\\/favorite-news.com\\\/pl\\\/#website\"},\"primaryImageOfPage\":{\"@id\":\"https:\\\/\\\/favorite-news.com\\\/pl\\\/zywiec-zdroj-akcja-dozoltegokosza-jak-segregowac-plastik-wideo\\\/#primaryimage\"},\"image\":{\"@id\":\"https:\\\/\\\/favorite-news.com\\\/pl\\\/zywiec-zdroj-akcja-dozoltegokosza-jak-segregowac-plastik-wideo\\\/#primaryimage\"},\"thumbnailUrl\":\"https:\\\/\\\/favorite-news.com\\\/pl\\\/wp-content\\\/uploads\\\/sites\\\/6\\\/2019\\\/09\\\/\u017bywiec-Zdr\u00f3j-akcja-Do\u017b\u00f3\u0142tegoKosza-jak-segregowa\u0107-plastik-wideo.jpg\",\"datePublished\":\"2019-09-05T05:30:00+00:00\",\"dateModified\":\"2019-09-05T05:30:01+00:00\",\"author\":{\"@id\":\"https:\\\/\\\/favorite-news.com\\\/pl\\\/#\\\/schema\\\/person\\\/b91573b717dcfa5e4696032a9d28d3e8\"},\"breadcrumb\":{\"@id\":\"https:\\\/\\\/favorite-news.com\\\/pl\\\/zywiec-zdroj-akcja-dozoltegokosza-jak-segregowac-plastik-wideo\\\/#breadcrumb\"},\"inLanguage\":\"pl-PL\",\"potentialAction\":[{\"@type\":\"ReadAction\",\"target\":[\"https:\\\/\\\/favorite-news.com\\\/pl\\\/zywiec-zdroj-akcja-dozoltegokosza-jak-segregowac-plastik-wideo\\\/\"]}]},{\"@type\":\"ImageObject\",\"inLanguage\":\"pl-PL\",\"@id\":\"https:\\\/\\\/favorite-news.com\\\/pl\\\/zywiec-zdroj-akcja-dozoltegokosza-jak-segregowac-plastik-wideo\\\/#primaryimage\",\"url\":\"https:\\\/\\\/favorite-news.com\\\/pl\\\/wp-content\\\/uploads\\\/sites\\\/6\\\/2019\\\/09\\\/\u017bywiec-Zdr\u00f3j-akcja-Do\u017b\u00f3\u0142tegoKosza-jak-segregowa\u0107-plastik-wideo.jpg\",\"contentUrl\":\"https:\\\/\\\/favorite-news.com\\\/pl\\\/wp-content\\\/uploads\\\/sites\\\/6\\\/2019\\\/09\\\/\u017bywiec-Zdr\u00f3j-akcja-Do\u017b\u00f3\u0142tegoKosza-jak-segregowa\u0107-plastik-wideo.jpg\",\"width\":655,\"height\":402,\"caption\":\"\u017bywiec Zdr\u00f3j akcja #Do\u017b\u00f3\u0142tegoKosza jak segregowa\u0107 plastik (wideo)\"},{\"@type\":\"BreadcrumbList\",\"@id\":\"https:\\\/\\\/favorite-news.com\\\/pl\\\/zywiec-zdroj-akcja-dozoltegokosza-jak-segregowac-plastik-wideo\\\/#breadcrumb\",\"itemListElement\":[{\"@type\":\"ListItem\",\"position\":1,\"name\":\"Home\",\"item\":\"https:\\\/\\\/favorite-news.com\\\/pl\\\/\"},{\"@type\":\"ListItem\",\"position\":2,\"name\":\"\u017bywiec Zdr\u00f3j akcja #Do\u017b\u00f3\u0142tegoKosza jak segregowa\u0107 plastik (wideo)\"}]},{\"@type\":\"WebSite\",\"@id\":\"https:\\\/\\\/favorite-news.com\\\/pl\\\/#website\",\"url\":\"https:\\\/\\\/favorite-news.com\\\/pl\\\/\",\"name\":\"Favorite News\",\"description\":\"Favorite News Polska\",\"potentialAction\":[{\"@type\":\"SearchAction\",\"target\":{\"@type\":\"EntryPoint\",\"urlTemplate\":\"https:\\\/\\\/favorite-news.com\\\/pl\\\/?s={search_term_string}\"},\"query-input\":{\"@type\":\"PropertyValueSpecification\",\"valueRequired\":true,\"valueName\":\"search_term_string\"}}],\"inLanguage\":\"pl-PL\"},{\"@type\":\"Person\",\"@id\":\"https:\\\/\\\/favorite-news.com\\\/pl\\\/#\\\/schema\\\/person\\\/b91573b717dcfa5e4696032a9d28d3e8\",\"name\":\"favorite-news\",\"image\":{\"@type\":\"ImageObject\",\"inLanguage\":\"pl-PL\",\"@id\":\"https:\\\/\\\/secure.gravatar.com\\\/avatar\\\/6c5a5cb12b74e9d517ee91cf570335b7d16177f1977cc91db161adfa435945a7?s=96&d=mm&r=g\",\"url\":\"https:\\\/\\\/secure.gravatar.com\\\/avatar\\\/6c5a5cb12b74e9d517ee91cf570335b7d16177f1977cc91db161adfa435945a7?s=96&d=mm&r=g\",\"contentUrl\":\"https:\\\/\\\/secure.gravatar.com\\\/avatar\\\/6c5a5cb12b74e9d517ee91cf570335b7d16177f1977cc91db161adfa435945a7?s=96&d=mm&r=g\",\"caption\":\"favorite-news\"},\"url\":\"https:\\\/\\\/favorite-news.com\\\/pl\\\/author\\\/pt\\\/\"}]}<\/script>\n<!-- \/ Yoast SEO plugin. -->","yoast_head_json":{"title":"\u017bywiec Zdr\u00f3j akcja #Do\u017b\u00f3\u0142tegoKosza jak segregowa\u0107 plastik (wideo) - Favorite News","robots":{"index":"index","follow":"follow","max-snippet":"max-snippet:-1","max-image-preview":"max-image-preview:large","max-video-preview":"max-video-preview:-1"},"canonical":"https:\/\/favorite-news.com\/pl\/zywiec-zdroj-akcja-dozoltegokosza-jak-segregowac-plastik-wideo\/","og_locale":"pl_PL","og_type":"article","og_title":"\u017bywiec Zdr\u00f3j akcja #Do\u017b\u00f3\u0142tegoKosza jak segregowa\u0107 plastik (wideo) - Favorite News","og_description":"[ad_1] W ramach kampanii edukacyjnej, kt\u00f3rej towarzyszy hasztag #Do\u017b\u00f3\u0142tegoKosza, marka chce zainspirowa\u0107 do modyfikacji codziennych nawyk\u00f3w i wyt\u0142umaczy\u0107, jak w prosty spos\u00f3b przyczyni\u0107 si\u0119 do zmniejszenia ilo\u015bci plastiku w otoczeniu. &#13; &#13; Kampania \u017bywiec Zdr\u00f3j prowadzona jest m.in. na ulicach Warszawy. S\u0142upy reklamowe zlokalizowane przy ul. Miodowej na skrzy\u017cowaniu z placem Krasi\u0144skich, na rogu ulic [&hellip;]","og_url":"https:\/\/favorite-news.com\/pl\/zywiec-zdroj-akcja-dozoltegokosza-jak-segregowac-plastik-wideo\/","og_site_name":"Favorite News","article_published_time":"2019-09-05T05:30:00+00:00","article_modified_time":"2019-09-05T05:30:01+00:00","og_image":[{"width":655,"height":402,"url":"https:\/\/favorite-news.com\/pl\/wp-content\/uploads\/sites\/6\/2019\/09\/\u017bywiec-Zdr\u00f3j-akcja-Do\u017b\u00f3\u0142tegoKosza-jak-segregowa\u0107-plastik-wideo.jpg","type":"image\/jpeg"}],"author":"favorite-news","twitter_card":"summary_large_image","twitter_misc":{"Napisane przez":"favorite-news","Szacowany czas czytania":"2 minuty"},"schema":{"@context":"https:\/\/schema.org","@graph":[{"@type":"Article","@id":"https:\/\/favorite-news.com\/pl\/zywiec-zdroj-akcja-dozoltegokosza-jak-segregowac-plastik-wideo\/#article","isPartOf":{"@id":"https:\/\/favorite-news.com\/pl\/zywiec-zdroj-akcja-dozoltegokosza-jak-segregowac-plastik-wideo\/"},"author":{"name":"favorite-news","@id":"https:\/\/favorite-news.com\/pl\/#\/schema\/person\/b91573b717dcfa5e4696032a9d28d3e8"},"headline":"\u017bywiec Zdr\u00f3j akcja #Do\u017b\u00f3\u0142tegoKosza jak segregowa\u0107 plastik (wideo)","datePublished":"2019-09-05T05:30:00+00:00","dateModified":"2019-09-05T05:30:01+00:00","mainEntityOfPage":{"@id":"https:\/\/favorite-news.com\/pl\/zywiec-zdroj-akcja-dozoltegokosza-jak-segregowac-plastik-wideo\/"},"wordCount":434,"commentCount":0,"image":{"@id":"https:\/\/favorite-news.com\/pl\/zywiec-zdroj-akcja-dozoltegokosza-jak-segregowac-plastik-wideo\/#primaryimage"},"thumbnailUrl":"https:\/\/favorite-news.com\/pl\/wp-content\/uploads\/sites\/6\/2019\/09\/\u017bywiec-Zdr\u00f3j-akcja-Do\u017b\u00f3\u0142tegoKosza-jak-segregowa\u0107-plastik-wideo.jpg","articleSection":["WIADOMO\u015aCI MARKETINGOWE INTERNETOWE"],"inLanguage":"pl-PL","potentialAction":[{"@type":"CommentAction","name":"Comment","target":["https:\/\/favorite-news.com\/pl\/zywiec-zdroj-akcja-dozoltegokosza-jak-segregowac-plastik-wideo\/#respond"]}]},{"@type":"WebPage","@id":"https:\/\/favorite-news.com\/pl\/zywiec-zdroj-akcja-dozoltegokosza-jak-segregowac-plastik-wideo\/","url":"https:\/\/favorite-news.com\/pl\/zywiec-zdroj-akcja-dozoltegokosza-jak-segregowac-plastik-wideo\/","name":"\u017bywiec Zdr\u00f3j akcja #Do\u017b\u00f3\u0142tegoKosza jak segregowa\u0107 plastik (wideo) - Favorite News","isPartOf":{"@id":"https:\/\/favorite-news.com\/pl\/#website"},"primaryImageOfPage":{"@id":"https:\/\/favorite-news.com\/pl\/zywiec-zdroj-akcja-dozoltegokosza-jak-segregowac-plastik-wideo\/#primaryimage"},"image":{"@id":"https:\/\/favorite-news.com\/pl\/zywiec-zdroj-akcja-dozoltegokosza-jak-segregowac-plastik-wideo\/#primaryimage"},"thumbnailUrl":"https:\/\/favorite-news.com\/pl\/wp-content\/uploads\/sites\/6\/2019\/09\/\u017bywiec-Zdr\u00f3j-akcja-Do\u017b\u00f3\u0142tegoKosza-jak-segregowa\u0107-plastik-wideo.jpg","datePublished":"2019-09-05T05:30:00+00:00","dateModified":"2019-09-05T05:30:01+00:00","author":{"@id":"https:\/\/favorite-news.com\/pl\/#\/schema\/person\/b91573b717dcfa5e4696032a9d28d3e8"},"breadcrumb":{"@id":"https:\/\/favorite-news.com\/pl\/zywiec-zdroj-akcja-dozoltegokosza-jak-segregowac-plastik-wideo\/#breadcrumb"},"inLanguage":"pl-PL","potentialAction":[{"@type":"ReadAction","target":["https:\/\/favorite-news.com\/pl\/zywiec-zdroj-akcja-dozoltegokosza-jak-segregowac-plastik-wideo\/"]}]},{"@type":"ImageObject","inLanguage":"pl-PL","@id":"https:\/\/favorite-news.com\/pl\/zywiec-zdroj-akcja-dozoltegokosza-jak-segregowac-plastik-wideo\/#primaryimage","url":"https:\/\/favorite-news.com\/pl\/wp-content\/uploads\/sites\/6\/2019\/09\/\u017bywiec-Zdr\u00f3j-akcja-Do\u017b\u00f3\u0142tegoKosza-jak-segregowa\u0107-plastik-wideo.jpg","contentUrl":"https:\/\/favorite-news.com\/pl\/wp-content\/uploads\/sites\/6\/2019\/09\/\u017bywiec-Zdr\u00f3j-akcja-Do\u017b\u00f3\u0142tegoKosza-jak-segregowa\u0107-plastik-wideo.jpg","width":655,"height":402,"caption":"\u017bywiec Zdr\u00f3j akcja #Do\u017b\u00f3\u0142tegoKosza jak segregowa\u0107 plastik (wideo)"},{"@type":"BreadcrumbList","@id":"https:\/\/favorite-news.com\/pl\/zywiec-zdroj-akcja-dozoltegokosza-jak-segregowac-plastik-wideo\/#breadcrumb","itemListElement":[{"@type":"ListItem","position":1,"name":"Home","item":"https:\/\/favorite-news.com\/pl\/"},{"@type":"ListItem","position":2,"name":"\u017bywiec Zdr\u00f3j akcja #Do\u017b\u00f3\u0142tegoKosza jak segregowa\u0107 plastik (wideo)"}]},{"@type":"WebSite","@id":"https:\/\/favorite-news.com\/pl\/#website","url":"https:\/\/favorite-news.com\/pl\/","name":"Favorite News","description":"Favorite News Polska","potentialAction":[{"@type":"SearchAction","target":{"@type":"EntryPoint","urlTemplate":"https:\/\/favorite-news.com\/pl\/?s={search_term_string}"},"query-input":{"@type":"PropertyValueSpecification","valueRequired":true,"valueName":"search_term_string"}}],"inLanguage":"pl-PL"},{"@type":"Person","@id":"https:\/\/favorite-news.com\/pl\/#\/schema\/person\/b91573b717dcfa5e4696032a9d28d3e8","name":"favorite-news","image":{"@type":"ImageObject","inLanguage":"pl-PL","@id":"https:\/\/secure.gravatar.com\/avatar\/6c5a5cb12b74e9d517ee91cf570335b7d16177f1977cc91db161adfa435945a7?s=96&d=mm&r=g","url":"https:\/\/secure.gravatar.com\/avatar\/6c5a5cb12b74e9d517ee91cf570335b7d16177f1977cc91db161adfa435945a7?s=96&d=mm&r=g","contentUrl":"https:\/\/secure.gravatar.com\/avatar\/6c5a5cb12b74e9d517ee91cf570335b7d16177f1977cc91db161adfa435945a7?s=96&d=mm&r=g","caption":"favorite-news"},"url":"https:\/\/favorite-news.com\/pl\/author\/pt\/"}]}},"_links":{"self":[{"href":"https:\/\/favorite-news.com\/pl\/wp-json\/wp\/v2\/posts\/4272","targetHints":{"allow":["GET"]}}],"collection":[{"href":"https:\/\/favorite-news.com\/pl\/wp-json\/wp\/v2\/posts"}],"about":[{"href":"https:\/\/favorite-news.com\/pl\/wp-json\/wp\/v2\/types\/post"}],"author":[{"embeddable":true,"href":"https:\/\/favorite-news.com\/pl\/wp-json\/wp\/v2\/users\/2"}],"replies":[{"embeddable":true,"href":"https:\/\/favorite-news.com\/pl\/wp-json\/wp\/v2\/comments?post=4272"}],"version-history":[{"count":1,"href":"https:\/\/favorite-news.com\/pl\/wp-json\/wp\/v2\/posts\/4272\/revisions"}],"predecessor-version":[{"id":4274,"href":"https:\/\/favorite-news.com\/pl\/wp-json\/wp\/v2\/posts\/4272\/revisions\/4274"}],"wp:featuredmedia":[{"embeddable":true,"href":"https:\/\/favorite-news.com\/pl\/wp-json\/wp\/v2\/media\/4273"}],"wp:attachment":[{"href":"https:\/\/favorite-news.com\/pl\/wp-json\/wp\/v2\/media?parent=4272"}],"wp:term":[{"taxonomy":"category","embeddable":true,"href":"https:\/\/favorite-news.com\/pl\/wp-json\/wp\/v2\/categories?post=4272"},{"taxonomy":"post_tag","embeddable":true,"href":"https:\/\/favorite-news.com\/pl\/wp-json\/wp\/v2\/tags?post=4272"}],"curies":[{"name":"wp","href":"https:\/\/api.w.org\/{rel}","templated":true}]}}